{"id":1035744,"date":"2025-11-22T21:35:17","date_gmt":"2025-11-22T18:35:17","guid":{"rendered":"https:\/\/darkamazi.site\/?p=1035744"},"modified":"2025-11-22T21:36:34","modified_gmt":"2025-11-22T18:36:34","slug":"feyli-kurtler-bir-basin-aciklamasi-bundan-sonra-haklarimizin-elimizden-alinmasini-kabul-etmeyecegiz","status":"publish","type":"post","link":"https:\/\/darkamazi.site\/archives\/1035744","title":{"rendered":"Feyli K\u00fcrtler bas\u0131na\u00e7\u0131klamas\u0131 yapt\u0131: \u201cBundan sonra haklar\u0131m\u0131z\u0131n elimizden al\u0131nmas\u0131n\u0131 kabul etmeyece\u011fiz\u201d"},"content":{"rendered":"<p style=\"text-align: justify\">Feyli K\u00fcrtleri, eski Vasit Valisi&#8217;ne yan\u0131t vererek, &#8220;Muhammed Cemil Meyahi&#8217;nin Irak parlamento se\u00e7imlerinde Feyli K\u00fcrtlerinin ba\u015far\u0131l\u0131 aday\u0131 Haydar Ebu Tara hakk\u0131ndaki a\u00e7\u0131klamalar\u0131n\u0131 k\u0131n\u0131yoruz&#8221; dedi.<\/p>\n<p style=\"text-align: justify\">11 Kas\u0131m se\u00e7imlerinde Feyli K\u00fcrtlerin Vas\u0131t eyaletinde Feyli Kotas\u0131n\u0131 kazanmas\u0131n\u0131n ard\u0131ndan Vas\u0131t eski Valisi Muhammed Vemil Meyahi bir a\u00e7\u0131klama yaparak Feyli\u2019lerin kotay\u0131 hak etmedi\u011fi ve t\u00fcm Irak\u2019tan Feyli adaya oy verilmesinin do\u011fru olmad\u0131\u011f\u0131n\u0131 s\u00f6ylemi\u015fti. Vali Meyahi\u2019nin a\u00e7\u0131klmas\u0131na Feyli K\u00fcrtlerden tepki geldi.<\/p>\n<p style=\"text-align: justify\">Feyli K\u00fcrtlerinin a\u015firet liderleri ve \u00f6nde gelen isimleri, 21 Kas\u0131m&#8217;da d\u00fczenledikleri bas\u0131n toplant\u0131s\u0131nda Vasit Valisi Muhammed Cemil Meyahi&#8217;ye yan\u0131t verdi.<\/p>\n<p style=\"text-align: justify\">A\u00e7\u0131klamada adaylar\u0131n\u0131n zaferinin Feyli K\u00fcrtlerinin hakk\u0131 ve yetkisi oldu\u011funu vurgulayarak, kamuoyunun \u00e7arp\u0131t\u0131lmas\u0131na ve haklar\u0131n\u0131n tekrar ihlal edilmesine izin vermeyeceklerini belirttiler.<\/p>\n<p style=\"text-align: justify\">Feyli K\u00fcrtlerin a\u00e7\u0131klas\u0131nda \u201cFeyli K\u00fcrtlerinin haklar\u0131 olan Vasit Vali Yard\u0131mc\u0131l\u0131\u011f\u0131 gibi bir\u00e7ok makam\u0131 bizden alan Muhammed Cemil Meyahi\u2019dir.\u201d denilerek Vali\u2019nin kendi \u00e7ok makam\u0131 \u015foven politikalar ele\u015ftirildi.<\/p>\n<p style=\"text-align: justify\">A\u00e7\u0131klaman\u0131n devam\u0131nda Feyli K\u00fcrtleri i\u00e7in ayr\u0131lan kontenjan sandalyesinin kuzeyden g\u00fcneye t\u00fcm Irak&#8217;\u0131 kapsad\u0131\u011f\u0131, dolay\u0131s\u0131yla yaln\u0131zca bir ilde kontenjan aday\u0131na oy verilmesinin kabul edilemez oldu\u011fu, t\u00fcm Irak&#8217;\u0131n kontenjan sandalyeleri i\u00e7in oylama yap\u0131lan tek bir platform haline geldi\u011fi vurguland\u0131.<\/p>\n<p style=\"text-align: justify\">Son olarak da a\u00e7\u0131klamada \u201cSon sekiz y\u0131lda Vasit ilindeki kontenjan sandalyesi Feyli\u2019lerden al\u0131nm\u0131\u015f ve hakk\u0131m\u0131zdan mahrum kalm\u0131\u015ft\u0131r. Vasit ilindeki kontenjan sandalyesi meselesi baz\u0131 partileri rahats\u0131z etmi\u015f gibi g\u00f6r\u00fcn\u00fcyor, bu y\u00fczden \u00a0Feyli\u2019lere kar\u015f\u0131 propaganda yap\u0131yorlar ve ve kamuoyunu yanl\u0131\u015f bilgilerle \u00e7arp\u0131t\u0131yorlar\u201d dendi.<\/p>\n","protected":false},"excerpt":{"rendered":"<p>Feyli K\u00fcrtleri, eski Vasit Valisi&#8217;ne yan\u0131t vererek, &#8220;Muhammed Cemil Meyahi&#8217;nin Irak parlamento se\u00e7imlerinde Feyli K\u00fcrtlerinin ba\u015far\u0131l\u0131 aday\u0131 Haydar Ebu Tara hakk\u0131ndaki a\u00e7\u0131klamalar\u0131n\u0131 k\u0131n\u0131yoruz&#8221; dedi. 11 Kas\u0131m se\u00e7imlerinde Feyli K\u00fcrtlerin Vas\u0131t eyaletinde Feyli Kotas\u0131n\u0131 kazanmas\u0131n\u0131n ard\u0131ndan Vas\u0131t eski Valisi Muhammed Vemil Meyahi bir a\u00e7\u0131klama yaparak Feyli\u2019lerin kotay\u0131 hak etmedi\u011fi ve t\u00fcm Irak\u2019tan Feyli adaya oy verilmesinin [&hellip;]<\/p>\n","protected":false},"author":2,"featured_media":1035745,"comment_status":"closed","ping_status":"closed","sticky":false,"template":"","format":"standard","meta":{"footnotes":""},"categories":[3],"tags":[],"class_list":["post-1035744","post","type-post","status-publish","format-standard","has-post-thumbnail","hentry","category-kurdistan"],"blocksy_meta":[],"seo_head":"<!-- This site is optimized with the Yoast SEO plugin v27.5 - https:\/\/yoast.com\/product\/yoast-seo-wordpress\/ -->\n<title>Feyli K\u00fcrtler bas\u0131na\u00e7\u0131klamas\u0131 yapt\u0131: \u201cBundan sonra haklar\u0131m\u0131z\u0131n elimizden al\u0131nmas\u0131n\u0131 kabul etmeyece\u011fiz\u201d - Darka Mazi<\/title>\n<meta name=\"robots\" content=\"index, follow, max-snippet:-1, max-image-preview:large, max-video-preview:-1\" \/>\n<link rel=\"canonical\" href=\"https:\/\/darkamazi.site\/archives\/1035744\" \/>\n<meta property=\"og:locale\" content=\"en_US\" \/>\n<meta property=\"og:type\" content=\"article\" \/>\n<meta property=\"og:title\" content=\"Feyli K\u00fcrtler bas\u0131na\u00e7\u0131klamas\u0131 yapt\u0131: \u201cBundan sonra haklar\u0131m\u0131z\u0131n elimizden al\u0131nmas\u0131n\u0131 kabul etmeyece\u011fiz\u201d - Darka Mazi\" \/>\n<meta property=\"og:description\" content=\"Feyli K\u00fcrtleri, eski Vasit Valisi&#8217;ne yan\u0131t vererek, &#8220;Muhammed Cemil Meyahi&#8217;nin Irak parlamento se\u00e7imlerinde Feyli K\u00fcrtlerinin ba\u015far\u0131l\u0131 aday\u0131 Haydar Ebu Tara hakk\u0131ndaki a\u00e7\u0131klamalar\u0131n\u0131 k\u0131n\u0131yoruz&#8221; dedi. 11 Kas\u0131m se\u00e7imlerinde Feyli K\u00fcrtlerin Vas\u0131t eyaletinde Feyli Kotas\u0131n\u0131 kazanmas\u0131n\u0131n ard\u0131ndan Vas\u0131t eski Valisi Muhammed Vemil Meyahi bir a\u00e7\u0131klama yaparak Feyli\u2019lerin kotay\u0131 hak etmedi\u011fi ve t\u00fcm Irak\u2019tan Feyli adaya oy verilmesinin [&hellip;]\" \/>\n<meta property=\"og:url\" content=\"https:\/\/darkamazi.site\/archives\/1035744\" \/>\n<meta property=\"og:site_name\" content=\"Darka Mazi\" \/>\n<meta property=\"article:publisher\" content=\"https:\/\/www.facebook.com\/DarkaMaziturkce\" \/>\n<meta property=\"article:published_time\" content=\"2025-11-22T18:35:17+00:00\" \/>\n<meta property=\"article:modified_time\" content=\"2025-11-22T18:36:34+00:00\" \/>\n<meta property=\"og:image\" content=\"https:\/\/darkamazi.site\/file\/2025\/11\/aciklama.jpg\" \/>\n\t<meta property=\"og:image:width\" content=\"710\" \/>\n\t<meta property=\"og:image:height\" content=\"399\" \/>\n\t<meta property=\"og:image:type\" content=\"image\/jpeg\" \/>\n<meta name=\"author\" content=\"darka mazi\" \/>\n<meta name=\"twitter:card\" content=\"summary_large_image\" \/>\n<meta name=\"twitter:creator\" content=\"@DarkaMaziTurkce\" \/>\n<meta name=\"twitter:site\" content=\"@DarkaMaziTurkce\" \/>\n<meta name=\"twitter:label1\" content=\"Written by\" \/>\n\t<meta name=\"twitter:data1\" content=\"darka mazi\" \/>\n\t<meta name=\"twitter:label2\" content=\"Est. reading time\" \/>\n\t<meta name=\"twitter:data2\" content=\"2 minutes\" \/>\n<script type=\"application\/ld+json\" class=\"seo-schema-graph\">{\"@context\":\"https:\\\/\\\/schema.org\",\"@graph\":[{\"@type\":\"NewsArticle\",\"@id\":\"https:\\\/\\\/darkamazi.site\\\/archives\\\/1035744#article\",\"isPartOf\":{\"@id\":\"https:\\\/\\\/darkamazi.site\\\/archives\\\/1035744\"},\"author\":{\"name\":\"darka mazi\",\"@id\":\"https:\\\/\\\/darkamazi.site\\\/#\\\/schema\\\/person\\\/67986a95ac546c16760365877ef4a9d3\"},\"headline\":\"Feyli K\u00fcrtler bas\u0131na\u00e7\u0131klamas\u0131 yapt\u0131: \u201cBundan sonra haklar\u0131m\u0131z\u0131n elimizden al\u0131nmas\u0131n\u0131 kabul etmeyece\u011fiz\u201d\",\"datePublished\":\"2025-11-22T18:35:17+00:00\",\"dateModified\":\"2025-11-22T18:36:34+00:00\",\"mainEntityOfPage\":{\"@id\":\"https:\\\/\\\/darkamazi.site\\\/archives\\\/1035744\"},\"wordCount\":327,\"publisher\":{\"@id\":\"https:\\\/\\\/darkamazi.site\\\/#organization\"},\"image\":{\"@id\":\"https:\\\/\\\/darkamazi.site\\\/archives\\\/1035744#primaryimage\"},\"thumbnailUrl\":\"https:\\\/\\\/darkamazi.site\\\/darka-content\\\/uploads\\\/2025\\\/11\\\/aciklama.jpg\",\"articleSection\":[\"Kurdistan\"],\"inLanguage\":\"en-US\"},{\"@type\":\"WebPage\",\"@id\":\"https:\\\/\\\/darkamazi.site\\\/archives\\\/1035744\",\"url\":\"https:\\\/\\\/darkamazi.site\\\/archives\\\/1035744\",\"name\":\"Feyli K\u00fcrtler bas\u0131na\u00e7\u0131klamas\u0131 yapt\u0131: \u201cBundan sonra haklar\u0131m\u0131z\u0131n elimizden al\u0131nmas\u0131n\u0131 kabul etmeyece\u011fiz\u201d - Darka Mazi\",\"isPartOf\":{\"@id\":\"https:\\\/\\\/darkamazi.site\\\/#website\"},\"primaryImageOfPage\":{\"@id\":\"https:\\\/\\\/darkamazi.site\\\/archives\\\/1035744#primaryimage\"},\"image\":{\"@id\":\"https:\\\/\\\/darkamazi.site\\\/archives\\\/1035744#primaryimage\"},\"thumbnailUrl\":\"https:\\\/\\\/darkamazi.site\\\/darka-content\\\/uploads\\\/2025\\\/11\\\/aciklama.jpg\",\"datePublished\":\"2025-11-22T18:35:17+00:00\",\"dateModified\":\"2025-11-22T18:36:34+00:00\",\"breadcrumb\":{\"@id\":\"https:\\\/\\\/darkamazi.site\\\/archives\\\/1035744#breadcrumb\"},\"inLanguage\":\"en-US\",\"potentialAction\":[{\"@type\":\"ReadAction\",\"target\":[\"https:\\\/\\\/darkamazi.site\\\/archives\\\/1035744\"]}]},{\"@type\":\"ImageObject\",\"inLanguage\":\"en-US\",\"@id\":\"https:\\\/\\\/darkamazi.site\\\/archives\\\/1035744#primaryimage\",\"url\":\"https:\\\/\\\/darkamazi.site\\\/darka-content\\\/uploads\\\/2025\\\/11\\\/aciklama.jpg\",\"contentUrl\":\"https:\\\/\\\/darkamazi.site\\\/darka-content\\\/uploads\\\/2025\\\/11\\\/aciklama.jpg\",\"width\":710,\"height\":399,\"caption\":\"Feyli K\u00fcrtler bir bas\u0131n a\u00e7\u0131klamas\u0131: \u201cBundan sonra haklar\u0131m\u0131z\u0131n elimizden al\u0131nmas\u0131n\u0131 kabul etmeyece\u011fiz\u201d\"},{\"@type\":\"BreadcrumbList\",\"@id\":\"https:\\\/\\\/darkamazi.site\\\/archives\\\/1035744#breadcrumb\",\"itemListElement\":[{\"@type\":\"ListItem\",\"position\":1,\"name\":\"Home\",\"item\":\"https:\\\/\\\/darkamazi.site\\\/\"},{\"@type\":\"ListItem\",\"position\":2,\"name\":\"Feyli K\u00fcrtler bas\u0131na\u00e7\u0131klamas\u0131 yapt\u0131: \u201cBundan sonra haklar\u0131m\u0131z\u0131n elimizden al\u0131nmas\u0131n\u0131 kabul etmeyece\u011fiz\u201d\"}]},{\"@type\":\"WebSite\",\"@id\":\"https:\\\/\\\/darkamazi.site\\\/#website\",\"url\":\"https:\\\/\\\/darkamazi.site\\\/\",\"name\":\"Darka Mazi\",\"description\":\"Ana Sayfa\",\"publisher\":{\"@id\":\"https:\\\/\\\/darkamazi.site\\\/#organization\"},\"potentialAction\":[{\"@type\":\"SearchAction\",\"target\":{\"@type\":\"EntryPoint\",\"urlTemplate\":\"https:\\\/\\\/darkamazi.site\\\/?s={search_term_string}\"},\"query-input\":{\"@type\":\"PropertyValueSpecification\",\"valueRequired\":true,\"valueName\":\"search_term_string\"}}],\"inLanguage\":\"en-US\"},{\"@type\":\"Organization\",\"@id\":\"https:\\\/\\\/darkamazi.site\\\/#organization\",\"name\":\"Darka Mazi T\u00fcrk\u00e7e\",\"alternateName\":\"Darka Mazi\",\"url\":\"https:\\\/\\\/darkamazi.site\\\/\",\"logo\":{\"@type\":\"ImageObject\",\"inLanguage\":\"en-US\",\"@id\":\"https:\\\/\\\/darkamazi.site\\\/#\\\/schema\\\/logo\\\/image\\\/\",\"url\":\"https:\\\/\\\/darkamazi.site\\\/darka-content\\\/uploads\\\/2017\\\/12\\\/darka-mazi-logo.png\",\"contentUrl\":\"https:\\\/\\\/darkamazi.site\\\/darka-content\\\/uploads\\\/2017\\\/12\\\/darka-mazi-logo.png\",\"width\":151,\"height\":75,\"caption\":\"Darka Mazi T\u00fcrk\u00e7e\"},\"image\":{\"@id\":\"https:\\\/\\\/darkamazi.site\\\/#\\\/schema\\\/logo\\\/image\\\/\"},\"sameAs\":[\"https:\\\/\\\/www.facebook.com\\\/DarkaMaziturkce\",\"https:\\\/\\\/x.com\\\/DarkaMaziTurkce\"]},{\"@type\":\"Person\",\"@id\":\"https:\\\/\\\/darkamazi.site\\\/#\\\/schema\\\/person\\\/67986a95ac546c16760365877ef4a9d3\",\"name\":\"darka mazi\",\"sameAs\":[\"https:\\\/\\\/darkamazi.site\"],\"url\":\"https:\\\/\\\/darkamazi.site\\\/archives\\\/author\\\/turkish\"}]}<\/script>\n<!-- \/ Yoast SEO plugin. -->","seo_head_json":{"title":"Feyli K\u00fcrtler bas\u0131na\u00e7\u0131klamas\u0131 yapt\u0131: \u201cBundan sonra haklar\u0131m\u0131z\u0131n elimizden al\u0131nmas\u0131n\u0131 kabul etmeyece\u011fiz\u201d - Darka Mazi","robots":{"index":"index","follow":"follow","max-snippet":"max-snippet:-1","max-image-preview":"max-image-preview:large","max-video-preview":"max-video-preview:-1"},"canonical":"https:\/\/darkamazi.site\/archives\/1035744","og_locale":"en_US","og_type":"article","og_title":"Feyli K\u00fcrtler bas\u0131na\u00e7\u0131klamas\u0131 yapt\u0131: \u201cBundan sonra haklar\u0131m\u0131z\u0131n elimizden al\u0131nmas\u0131n\u0131 kabul etmeyece\u011fiz\u201d - Darka Mazi","og_description":"Feyli K\u00fcrtleri, eski Vasit Valisi&#8217;ne yan\u0131t vererek, &#8220;Muhammed Cemil Meyahi&#8217;nin Irak parlamento se\u00e7imlerinde Feyli K\u00fcrtlerinin ba\u015far\u0131l\u0131 aday\u0131 Haydar Ebu Tara hakk\u0131ndaki a\u00e7\u0131klamalar\u0131n\u0131 k\u0131n\u0131yoruz&#8221; dedi. 11 Kas\u0131m se\u00e7imlerinde Feyli K\u00fcrtlerin Vas\u0131t eyaletinde Feyli Kotas\u0131n\u0131 kazanmas\u0131n\u0131n ard\u0131ndan Vas\u0131t eski Valisi Muhammed Vemil Meyahi bir a\u00e7\u0131klama yaparak Feyli\u2019lerin kotay\u0131 hak etmedi\u011fi ve t\u00fcm Irak\u2019tan Feyli adaya oy verilmesinin [&hellip;]","og_url":"https:\/\/darkamazi.site\/archives\/1035744","og_site_name":"Darka Mazi","article_publisher":"https:\/\/www.facebook.com\/DarkaMaziturkce","article_published_time":"2025-11-22T18:35:17+00:00","article_modified_time":"2025-11-22T18:36:34+00:00","og_image":[{"width":710,"height":399,"url":"https:\/\/darkamazi.site\/file\/2025\/11\/aciklama.jpg","type":"image\/jpeg"}],"author":"darka mazi","twitter_card":"summary_large_image","twitter_creator":"@DarkaMaziTurkce","twitter_site":"@DarkaMaziTurkce","twitter_misc":{"Written by":"darka mazi","Est. reading time":"2 minutes"},"schema":{"@context":"https:\/\/schema.org","@graph":[{"@type":"NewsArticle","@id":"https:\/\/darkamazi.site\/archives\/1035744#article","isPartOf":{"@id":"https:\/\/darkamazi.site\/archives\/1035744"},"author":{"name":"darka mazi","@id":"https:\/\/darkamazi.site\/#\/schema\/person\/67986a95ac546c16760365877ef4a9d3"},"headline":"Feyli K\u00fcrtler bas\u0131na\u00e7\u0131klamas\u0131 yapt\u0131: \u201cBundan sonra haklar\u0131m\u0131z\u0131n elimizden al\u0131nmas\u0131n\u0131 kabul etmeyece\u011fiz\u201d","datePublished":"2025-11-22T18:35:17+00:00","dateModified":"2025-11-22T18:36:34+00:00","mainEntityOfPage":{"@id":"https:\/\/darkamazi.site\/archives\/1035744"},"wordCount":327,"publisher":{"@id":"https:\/\/darkamazi.site\/#organization"},"image":{"@id":"https:\/\/darkamazi.site\/archives\/1035744#primaryimage"},"thumbnailUrl":"https:\/\/darkamazi.site\/file\/2025\/11\/aciklama.jpg","articleSection":["Kurdistan"],"inLanguage":"en-US"},{"@type":"WebPage","@id":"https:\/\/darkamazi.site\/archives\/1035744","url":"https:\/\/darkamazi.site\/archives\/1035744","name":"Feyli K\u00fcrtler bas\u0131na\u00e7\u0131klamas\u0131 yapt\u0131: \u201cBundan sonra haklar\u0131m\u0131z\u0131n elimizden al\u0131nmas\u0131n\u0131 kabul etmeyece\u011fiz\u201d - Darka Mazi","isPartOf":{"@id":"https:\/\/darkamazi.site\/#website"},"primaryImageOfPage":{"@id":"https:\/\/darkamazi.site\/archives\/1035744#primaryimage"},"image":{"@id":"https:\/\/darkamazi.site\/archives\/1035744#primaryimage"},"thumbnailUrl":"https:\/\/darkamazi.site\/file\/2025\/11\/aciklama.jpg","datePublished":"2025-11-22T18:35:17+00:00","dateModified":"2025-11-22T18:36:34+00:00","breadcrumb":{"@id":"https:\/\/darkamazi.site\/archives\/1035744#breadcrumb"},"inLanguage":"en-US","potentialAction":[{"@type":"ReadAction","target":["https:\/\/darkamazi.site\/archives\/1035744"]}]},{"@type":"ImageObject","inLanguage":"en-US","@id":"https:\/\/darkamazi.site\/archives\/1035744#primaryimage","url":"https:\/\/darkamazi.site\/file\/2025\/11\/aciklama.jpg","contentUrl":"https:\/\/darkamazi.site\/file\/2025\/11\/aciklama.jpg","width":710,"height":399,"caption":"Feyli K\u00fcrtler bir bas\u0131n a\u00e7\u0131klamas\u0131: \u201cBundan sonra haklar\u0131m\u0131z\u0131n elimizden al\u0131nmas\u0131n\u0131 kabul etmeyece\u011fiz\u201d"},{"@type":"BreadcrumbList","@id":"https:\/\/darkamazi.site\/archives\/1035744#breadcrumb","itemListElement":[{"@type":"ListItem","position":1,"name":"Home","item":"https:\/\/darkamazi.site\/"},{"@type":"ListItem","position":2,"name":"Feyli K\u00fcrtler bas\u0131na\u00e7\u0131klamas\u0131 yapt\u0131: \u201cBundan sonra haklar\u0131m\u0131z\u0131n elimizden al\u0131nmas\u0131n\u0131 kabul etmeyece\u011fiz\u201d"}]},{"@type":"WebSite","@id":"https:\/\/darkamazi.site\/#website","url":"https:\/\/darkamazi.site\/","name":"Darka Mazi","description":"Ana Sayfa","publisher":{"@id":"https:\/\/darkamazi.site\/#organization"},"potentialAction":[{"@type":"SearchAction","target":{"@type":"EntryPoint","urlTemplate":"https:\/\/darkamazi.site\/?s={search_term_string}"},"query-input":{"@type":"PropertyValueSpecification","valueRequired":true,"valueName":"search_term_string"}}],"inLanguage":"en-US"},{"@type":"Organization","@id":"https:\/\/darkamazi.site\/#organization","name":"Darka Mazi T\u00fcrk\u00e7e","alternateName":"Darka Mazi","url":"https:\/\/darkamazi.site\/","logo":{"@type":"ImageObject","inLanguage":"en-US","@id":"https:\/\/darkamazi.site\/#\/schema\/logo\/image\/","url":"https:\/\/darkamazi.site\/file\/2017\/12\/darka-mazi-logo.png","contentUrl":"https:\/\/darkamazi.site\/file\/2017\/12\/darka-mazi-logo.png","width":151,"height":75,"caption":"Darka Mazi T\u00fcrk\u00e7e"},"image":{"@id":"https:\/\/darkamazi.site\/#\/schema\/logo\/image\/"},"sameAs":["https:\/\/www.facebook.com\/DarkaMaziturkce","https:\/\/x.com\/DarkaMaziTurkce"]},{"@type":"Person","@id":"https:\/\/darkamazi.site\/#\/schema\/person\/67986a95ac546c16760365877ef4a9d3","name":"darka mazi","sameAs":["https:\/\/darkamazi.site"],"url":"https:\/\/darkamazi.site\/archives\/author\/turkish"}]}},"_links":{"self":[{"href":"https:\/\/darkamazi.site\/funavuv\/wp\/v2\/posts\/1035744","targetHints":{"allow":["GET"]}}],"collection":[{"href":"https:\/\/darkamazi.site\/funavuv\/wp\/v2\/posts"}],"about":[{"href":"https:\/\/darkamazi.site\/funavuv\/wp\/v2\/types\/post"}],"author":[{"embeddable":true,"href":"https:\/\/darkamazi.site\/funavuv\/wp\/v2\/users\/2"}],"replies":[{"embeddable":true,"href":"https:\/\/darkamazi.site\/funavuv\/wp\/v2\/comments?post=1035744"}],"version-history":[{"count":0,"href":"https:\/\/darkamazi.site\/funavuv\/wp\/v2\/posts\/1035744\/revisions"}],"wp:featuredmedia":[{"embeddable":true,"href":"https:\/\/darkamazi.site\/funavuv\/wp\/v2\/media\/1035745"}],"wp:attachment":[{"href":"https:\/\/darkamazi.site\/funavuv\/wp\/v2\/media?parent=1035744"}],"wp:term":[{"taxonomy":"category","embeddable":true,"href":"https:\/\/darkamazi.site\/funavuv\/wp\/v2\/categories?post=1035744"},{"taxonomy":"post_tag","embeddable":true,"href":"https:\/\/darkamazi.site\/funavuv\/wp\/v2\/tags?post=1035744"}],"curies":[{"name":"wp","href":"https:\/\/api.w.org\/{rel}","templated":true}]}}