{"id":1035750,"date":"2025-11-23T12:34:02","date_gmt":"2025-11-23T09:34:02","guid":{"rendered":"https:\/\/darkamazi.site\/?p=1035750"},"modified":"2025-11-23T12:34:55","modified_gmt":"2025-11-23T09:34:55","slug":"ynk-medyasindan-mazlum-abdi-icin-sert-sozler-eski-devrimci-yeni-tuccar","status":"publish","type":"post","link":"https:\/\/darkamazi.site\/archives\/1035750","title":{"rendered":"YNK medyas\u0131ndan \u00a0Mazlum Abdi i\u00e7in sert s\u00f6zler: Eski devrimci, yeni t\u00fcccar"},"content":{"rendered":"<p style=\"text-align: justify\">YNK medyas\u0131, Ortado\u011fu Bar\u0131\u015f ve G\u00fcvenlik Forumu (MEPS2025) kapsam\u0131nda Duhok\u2019a gelerek bir konu\u015fma yapan DSG Genel Komutan\u0131 Mazlum Abdi\u2019yi hedefledi. Yay\u0131nlad\u0131klar\u0131 resimlerde \u201ceski devrimci yeni t\u00fcccar\u201d ibaresini kulland\u0131lar.<\/p>\n<p style=\"text-align: justify\">19 Kas\u0131m g\u00fcn\u00fc Duhok\u2019ta yap\u0131lan MEPS2025 uluslararas\u0131 alanda \u00f6nemli misafirler a\u011f\u0131rlad\u0131. Fakat konferans\u0131n en \u00f6nemli b\u00f6l\u00fcm\u00fc ise K\u00fcrtlerin birlik i\u00e7inde bir arada mesaj vermesi oldu. D\u00f6rt par\u00e7a K\u00fcrdistan ve d\u00fcnyada K\u00fcrtler Mesrur Barzani ve Mazlum Abdi\u2019nin bir arada birlik mesaj\u0131 vermesine b\u00fcy\u00fck bir \u00e7o\u015fku ile kar\u015f\u0131lad\u0131.<\/p>\n<p style=\"text-align: justify\">K\u00fcrtlerin birlik i\u00e7inde hareketine tepki duyan \u00e7evrelerde oldu. T\u00fcrkiye siyasilerinden gelen tepkiler d\u0131\u015f\u0131nda K\u00fcrtler i\u00e7inde de rahats\u0131z olan \u00e7evreler oldu. Bunlardan biri de YNK medyas\u0131 oldu.<\/p>\n<p style=\"text-align: justify\">YNK uzun bir zamand\u0131r \u00f6nemli bir propaganda arac\u0131 olarak kullan\u0131yor ve \u00f6zellikle Kerk\u00fck\u2019te Ha\u015fdi \u015eabi ile anla\u015fmalar\u0131n\u0131n halk \u00fczerindeki olumsuz etkisini bu propaganda ile d\u00fczeltmeye \u00e7al\u0131\u015f\u0131yorlard\u0131. \u00d6yle ki son yap\u0131lan Irak se\u00e7imlerinde Mazlum Abdi ile Bafel Talabani\u2019nin resimlerini bir \u00e7ok yere asm\u0131\u015flard\u0131. PKK\u2019de YNK\u2019nin bu siyaseti ile paralel bir siyaset izliyor ve KDP\u2019yi \u201cRojava d\u00fc\u015fman\u0131\u201d g\u00f6stermek i\u00e7in \u00e7abal\u0131yordu.<\/p>\n<p style=\"text-align: justify\">\u00a0Mazlum Abdi\u2019nin konferansta G\u00fcney\u2019den ald\u0131klar\u0131 yard\u0131mlar\u0131 dile getirmesi ve \u00f6zellikle de Ba\u015fkan Barzani\u2019ye te\u015fekk\u00fcr etmesi \u00a0PKK ve YNK\u2019nin bu propagandas\u0131n\u0131 bo\u015fa \u00e7\u0131kard\u0131. YNK\u2019nin resmi medyas\u0131 Mazlum Abdi\u2019nin Duhok ziyaretini s\u0131radan bir olay olarak verirken YNK\u2019nin gayri resmi medyas\u0131 ise direk Mazlum Abdi\u2019yi hedefledi. Bunun ba\u015f\u0131n\u0131 ise Millet Medya \u00e7ekti. Millet sosyal medya platformunda yapt\u0131\u011f\u0131 resimler ile Mazlum Abdi\u2019nin askeri k\u0131yafetli resimlerinin \u00fcst\u00fcne \u201cdevrimci\u201d, MEPS\u2019te giydi\u011fi tak\u0131m elbiseli resminin \u00fcst\u00fcne ise \u201ct\u00fcccar\u201d yazarak payla\u015ft\u0131.\u00a0 YNK\u2019ye yak\u0131n baz\u0131 di\u011fer sosyal medya hesaplar\u0131 da benzer haberler yapt\u0131. Daha sonra gelen tepkiler \u00fczerine baz\u0131 hesaplar resimleri sildi.<\/p>\n<p style=\"text-align: justify\">Benzer bi\u00e7imde Bafel Talabani\u2019nin dan\u0131\u015fman\u0131 olan Bestun Fayiq\u2019te bir a\u00e7\u0131klama yaparak \u201c Bu bulu\u015fma anlams\u0131zd\u0131 ve K\u00fcrtler i\u00e7in bir faydas\u0131 yoktu\u201d diyerek Mazlum Abdi\u2019nin Duhok\u2019a geli\u015fini anlams\u0131z buldu\u011funu s\u00f6yledi.<\/p>\n<p style=\"text-align: justify\">Ayr\u0131ca Mazlum Abdi\u2019nin Duhok\u2019ta oldu\u011fu g\u00fcn YNK medyas\u0131 \u201cKDP\u2019nin Rojava\u2019ya yakla\u015f\u0131m\u0131 do\u011fru de\u011fil, s\u0131n\u0131rlar\u0131 kapatt\u0131, as\u0131l Rojava\u2019ya biz yard\u0131m ettik\u201d bi\u00e7imde yorumlar yapan insanlar\u0131 ekrana \u00e7\u0131kararak Mazlum Abdi\u2019ye ele\u015ftirdi.<\/p>\n<p style=\"text-align: justify\"><strong>YNK neden MEPS2025\u2019e kat\u0131lmad\u0131<\/strong><\/p>\n<p style=\"text-align: justify\">Medyada tart\u0131\u015fan konulardan biri de YNK\u2019nin neden foruma kat\u0131lmad\u0131\u011f\u0131 y\u00f6n\u00fcnde oldu. Bir\u00e7ok \u00e7evre YNK\u2019nin davet edilmedi\u011fini belirtti. Fakat Forum haz\u0131rl\u0131k komitesi AVA medyaya resmi bir a\u00e7\u0131klama g\u00f6ndererek Kubat Talabani\u2019nin resmi olarak foruma davet edildi\u011fini fakat kendisinin \u201ci\u015fleri nedeni ile gelemeyece\u011fini\u201d belirtti\u011fini a\u00e7\u0131klad\u0131.<\/p>\n<p>Yerel kaynaklar MEPS2025&#8217;in yap\u0131ld\u0131\u011f\u0131 g\u00fcnlerde Bafel Talabani&#8217;nin Irak&#8217;ta baz\u0131 \u015eii \u00e7evreler ile g\u00f6r\u00fc\u015ferek kendi Cumhurba\u015fkanl\u0131\u011f\u0131 i\u00e7in destek arad\u0131\u011f\u0131n\u0131 belirttiler.<\/p>\n<p>Millet Medyada yay\u0131nlanan photonun orjinali<\/p>\n<p><img loading=\"lazy\" decoding=\"async\" width=\"225\" height=\"225\" class=\"alignnone size-full darka-image-1035752\" src=\"https:\/\/darkamazi.site\/file\/2025\/11\/586222780_1292798622884723_1609466294926246841_n.jpg\" alt=\"YNK medyas\u0131ndan \u00a0Mazlum Abdi i\u00e7in sert s\u00f6zler: Eski devrimci, yeni t\u00fcccar\" srcset=\"https:\/\/darkamazi.site\/file\/2025\/11\/586222780_1292798622884723_1609466294926246841_n.jpg 225w, https:\/\/darkamazi.site\/file\/2025\/11\/586222780_1292798622884723_1609466294926246841_n-150x150.jpg 150w, https:\/\/darkamazi.site\/file\/2025\/11\/586222780_1292798622884723_1609466294926246841_n-75x75.jpg 75w\" sizes=\"auto, (max-width: 225px) 100vw, 225px\" \/><\/p>\n","protected":false},"excerpt":{"rendered":"<p>YNK medyas\u0131, Ortado\u011fu Bar\u0131\u015f ve G\u00fcvenlik Forumu (MEPS2025) kapsam\u0131nda Duhok\u2019a gelerek bir konu\u015fma yapan DSG Genel Komutan\u0131 Mazlum Abdi\u2019yi hedefledi. Yay\u0131nlad\u0131klar\u0131 resimlerde \u201ceski devrimci yeni t\u00fcccar\u201d ibaresini kulland\u0131lar. 19 Kas\u0131m g\u00fcn\u00fc Duhok\u2019ta yap\u0131lan MEPS2025 uluslararas\u0131 alanda \u00f6nemli misafirler a\u011f\u0131rlad\u0131. Fakat konferans\u0131n en \u00f6nemli b\u00f6l\u00fcm\u00fc ise K\u00fcrtlerin birlik i\u00e7inde bir arada mesaj vermesi oldu. D\u00f6rt par\u00e7a [&hellip;]<\/p>\n","protected":false},"author":2,"featured_media":1035751,"comment_status":"closed","ping_status":"closed","sticky":false,"template":"","format":"standard","meta":{"footnotes":""},"categories":[3],"tags":[31],"class_list":["post-1035750","post","type-post","status-publish","format-standard","has-post-thumbnail","hentry","category-kurdistan","tag-onemli"],"blocksy_meta":[],"seo_head":"<!-- This site is optimized with the Yoast SEO plugin v27.5 - https:\/\/yoast.com\/product\/yoast-seo-wordpress\/ -->\n<title>YNK medyas\u0131ndan \u00a0Mazlum Abdi i\u00e7in sert s\u00f6zler: Eski devrimci, yeni t\u00fcccar - Darka Mazi<\/title>\n<meta name=\"robots\" content=\"index, follow, max-snippet:-1, max-image-preview:large, max-video-preview:-1\" \/>\n<link rel=\"canonical\" href=\"https:\/\/darkamazi.site\/archives\/1035750\" \/>\n<meta property=\"og:locale\" content=\"en_US\" \/>\n<meta property=\"og:type\" content=\"article\" \/>\n<meta property=\"og:title\" content=\"YNK medyas\u0131ndan \u00a0Mazlum Abdi i\u00e7in sert s\u00f6zler: Eski devrimci, yeni t\u00fcccar - Darka Mazi\" \/>\n<meta property=\"og:description\" content=\"YNK medyas\u0131, Ortado\u011fu Bar\u0131\u015f ve G\u00fcvenlik Forumu (MEPS2025) kapsam\u0131nda Duhok\u2019a gelerek bir konu\u015fma yapan DSG Genel Komutan\u0131 Mazlum Abdi\u2019yi hedefledi. Yay\u0131nlad\u0131klar\u0131 resimlerde \u201ceski devrimci yeni t\u00fcccar\u201d ibaresini kulland\u0131lar. 19 Kas\u0131m g\u00fcn\u00fc Duhok\u2019ta yap\u0131lan MEPS2025 uluslararas\u0131 alanda \u00f6nemli misafirler a\u011f\u0131rlad\u0131. Fakat konferans\u0131n en \u00f6nemli b\u00f6l\u00fcm\u00fc ise K\u00fcrtlerin birlik i\u00e7inde bir arada mesaj vermesi oldu. D\u00f6rt par\u00e7a [&hellip;]\" \/>\n<meta property=\"og:url\" content=\"https:\/\/darkamazi.site\/archives\/1035750\" \/>\n<meta property=\"og:site_name\" content=\"Darka Mazi\" \/>\n<meta property=\"article:publisher\" content=\"https:\/\/www.facebook.com\/DarkaMaziturkce\" \/>\n<meta property=\"article:published_time\" content=\"2025-11-23T09:34:02+00:00\" \/>\n<meta property=\"article:modified_time\" content=\"2025-11-23T09:34:55+00:00\" \/>\n<meta property=\"og:image\" content=\"https:\/\/darkamazi.site\/file\/2025\/11\/bafil.jpg\" \/>\n\t<meta property=\"og:image:width\" content=\"900\" \/>\n\t<meta property=\"og:image:height\" content=\"497\" \/>\n\t<meta property=\"og:image:type\" content=\"image\/jpeg\" \/>\n<meta name=\"author\" content=\"darka mazi\" \/>\n<meta name=\"twitter:card\" content=\"summary_large_image\" \/>\n<meta name=\"twitter:creator\" content=\"@DarkaMaziTurkce\" \/>\n<meta name=\"twitter:site\" content=\"@DarkaMaziTurkce\" \/>\n<meta name=\"twitter:label1\" content=\"Written by\" \/>\n\t<meta name=\"twitter:data1\" content=\"darka mazi\" \/>\n\t<meta name=\"twitter:label2\" content=\"Est. reading time\" \/>\n\t<meta name=\"twitter:data2\" content=\"3 minutes\" \/>\n<script type=\"application\/ld+json\" class=\"seo-schema-graph\">{\"@context\":\"https:\\\/\\\/schema.org\",\"@graph\":[{\"@type\":\"NewsArticle\",\"@id\":\"https:\\\/\\\/darkamazi.site\\\/archives\\\/1035750#article\",\"isPartOf\":{\"@id\":\"https:\\\/\\\/darkamazi.site\\\/archives\\\/1035750\"},\"author\":{\"name\":\"darka mazi\",\"@id\":\"https:\\\/\\\/darkamazi.site\\\/#\\\/schema\\\/person\\\/67986a95ac546c16760365877ef4a9d3\"},\"headline\":\"YNK medyas\u0131ndan \u00a0Mazlum Abdi i\u00e7in sert s\u00f6zler: Eski devrimci, yeni t\u00fcccar\",\"datePublished\":\"2025-11-23T09:34:02+00:00\",\"dateModified\":\"2025-11-23T09:34:55+00:00\",\"mainEntityOfPage\":{\"@id\":\"https:\\\/\\\/darkamazi.site\\\/archives\\\/1035750\"},\"wordCount\":544,\"publisher\":{\"@id\":\"https:\\\/\\\/darkamazi.site\\\/#organization\"},\"image\":{\"@id\":\"https:\\\/\\\/darkamazi.site\\\/archives\\\/1035750#primaryimage\"},\"thumbnailUrl\":\"https:\\\/\\\/darkamazi.site\\\/darka-content\\\/uploads\\\/2025\\\/11\\\/bafil.jpg\",\"keywords\":[\"\u00f6nemli\"],\"articleSection\":[\"Kurdistan\"],\"inLanguage\":\"en-US\"},{\"@type\":\"WebPage\",\"@id\":\"https:\\\/\\\/darkamazi.site\\\/archives\\\/1035750\",\"url\":\"https:\\\/\\\/darkamazi.site\\\/archives\\\/1035750\",\"name\":\"YNK medyas\u0131ndan \u00a0Mazlum Abdi i\u00e7in sert s\u00f6zler: Eski devrimci, yeni t\u00fcccar - Darka Mazi\",\"isPartOf\":{\"@id\":\"https:\\\/\\\/darkamazi.site\\\/#website\"},\"primaryImageOfPage\":{\"@id\":\"https:\\\/\\\/darkamazi.site\\\/archives\\\/1035750#primaryimage\"},\"image\":{\"@id\":\"https:\\\/\\\/darkamazi.site\\\/archives\\\/1035750#primaryimage\"},\"thumbnailUrl\":\"https:\\\/\\\/darkamazi.site\\\/darka-content\\\/uploads\\\/2025\\\/11\\\/bafil.jpg\",\"datePublished\":\"2025-11-23T09:34:02+00:00\",\"dateModified\":\"2025-11-23T09:34:55+00:00\",\"breadcrumb\":{\"@id\":\"https:\\\/\\\/darkamazi.site\\\/archives\\\/1035750#breadcrumb\"},\"inLanguage\":\"en-US\",\"potentialAction\":[{\"@type\":\"ReadAction\",\"target\":[\"https:\\\/\\\/darkamazi.site\\\/archives\\\/1035750\"]}]},{\"@type\":\"ImageObject\",\"inLanguage\":\"en-US\",\"@id\":\"https:\\\/\\\/darkamazi.site\\\/archives\\\/1035750#primaryimage\",\"url\":\"https:\\\/\\\/darkamazi.site\\\/darka-content\\\/uploads\\\/2025\\\/11\\\/bafil.jpg\",\"contentUrl\":\"https:\\\/\\\/darkamazi.site\\\/darka-content\\\/uploads\\\/2025\\\/11\\\/bafil.jpg\",\"width\":900,\"height\":497,\"caption\":\"YNK medyas\u0131ndan \u00a0Mazlum Abdi i\u00e7in sert s\u00f6zler: Eski devrimci, yeni t\u00fcccar\"},{\"@type\":\"BreadcrumbList\",\"@id\":\"https:\\\/\\\/darkamazi.site\\\/archives\\\/1035750#breadcrumb\",\"itemListElement\":[{\"@type\":\"ListItem\",\"position\":1,\"name\":\"Home\",\"item\":\"https:\\\/\\\/darkamazi.site\\\/\"},{\"@type\":\"ListItem\",\"position\":2,\"name\":\"YNK medyas\u0131ndan \u00a0Mazlum Abdi i\u00e7in sert s\u00f6zler: Eski devrimci, yeni t\u00fcccar\"}]},{\"@type\":\"WebSite\",\"@id\":\"https:\\\/\\\/darkamazi.site\\\/#website\",\"url\":\"https:\\\/\\\/darkamazi.site\\\/\",\"name\":\"Darka Mazi\",\"description\":\"Ana Sayfa\",\"publisher\":{\"@id\":\"https:\\\/\\\/darkamazi.site\\\/#organization\"},\"potentialAction\":[{\"@type\":\"SearchAction\",\"target\":{\"@type\":\"EntryPoint\",\"urlTemplate\":\"https:\\\/\\\/darkamazi.site\\\/?s={search_term_string}\"},\"query-input\":{\"@type\":\"PropertyValueSpecification\",\"valueRequired\":true,\"valueName\":\"search_term_string\"}}],\"inLanguage\":\"en-US\"},{\"@type\":\"Organization\",\"@id\":\"https:\\\/\\\/darkamazi.site\\\/#organization\",\"name\":\"Darka Mazi T\u00fcrk\u00e7e\",\"alternateName\":\"Darka Mazi\",\"url\":\"https:\\\/\\\/darkamazi.site\\\/\",\"logo\":{\"@type\":\"ImageObject\",\"inLanguage\":\"en-US\",\"@id\":\"https:\\\/\\\/darkamazi.site\\\/#\\\/schema\\\/logo\\\/image\\\/\",\"url\":\"https:\\\/\\\/darkamazi.site\\\/darka-content\\\/uploads\\\/2017\\\/12\\\/darka-mazi-logo.png\",\"contentUrl\":\"https:\\\/\\\/darkamazi.site\\\/darka-content\\\/uploads\\\/2017\\\/12\\\/darka-mazi-logo.png\",\"width\":151,\"height\":75,\"caption\":\"Darka Mazi T\u00fcrk\u00e7e\"},\"image\":{\"@id\":\"https:\\\/\\\/darkamazi.site\\\/#\\\/schema\\\/logo\\\/image\\\/\"},\"sameAs\":[\"https:\\\/\\\/www.facebook.com\\\/DarkaMaziturkce\",\"https:\\\/\\\/x.com\\\/DarkaMaziTurkce\"]},{\"@type\":\"Person\",\"@id\":\"https:\\\/\\\/darkamazi.site\\\/#\\\/schema\\\/person\\\/67986a95ac546c16760365877ef4a9d3\",\"name\":\"darka mazi\",\"sameAs\":[\"https:\\\/\\\/darkamazi.site\"],\"url\":\"https:\\\/\\\/darkamazi.site\\\/archives\\\/author\\\/turkish\"}]}<\/script>\n<!-- \/ Yoast SEO plugin. -->","seo_head_json":{"title":"YNK medyas\u0131ndan \u00a0Mazlum Abdi i\u00e7in sert s\u00f6zler: Eski devrimci, yeni t\u00fcccar - Darka Mazi","robots":{"index":"index","follow":"follow","max-snippet":"max-snippet:-1","max-image-preview":"max-image-preview:large","max-video-preview":"max-video-preview:-1"},"canonical":"https:\/\/darkamazi.site\/archives\/1035750","og_locale":"en_US","og_type":"article","og_title":"YNK medyas\u0131ndan \u00a0Mazlum Abdi i\u00e7in sert s\u00f6zler: Eski devrimci, yeni t\u00fcccar - Darka Mazi","og_description":"YNK medyas\u0131, Ortado\u011fu Bar\u0131\u015f ve G\u00fcvenlik Forumu (MEPS2025) kapsam\u0131nda Duhok\u2019a gelerek bir konu\u015fma yapan DSG Genel Komutan\u0131 Mazlum Abdi\u2019yi hedefledi. Yay\u0131nlad\u0131klar\u0131 resimlerde \u201ceski devrimci yeni t\u00fcccar\u201d ibaresini kulland\u0131lar. 19 Kas\u0131m g\u00fcn\u00fc Duhok\u2019ta yap\u0131lan MEPS2025 uluslararas\u0131 alanda \u00f6nemli misafirler a\u011f\u0131rlad\u0131. Fakat konferans\u0131n en \u00f6nemli b\u00f6l\u00fcm\u00fc ise K\u00fcrtlerin birlik i\u00e7inde bir arada mesaj vermesi oldu. D\u00f6rt par\u00e7a [&hellip;]","og_url":"https:\/\/darkamazi.site\/archives\/1035750","og_site_name":"Darka Mazi","article_publisher":"https:\/\/www.facebook.com\/DarkaMaziturkce","article_published_time":"2025-11-23T09:34:02+00:00","article_modified_time":"2025-11-23T09:34:55+00:00","og_image":[{"width":900,"height":497,"url":"https:\/\/darkamazi.site\/file\/2025\/11\/bafil.jpg","type":"image\/jpeg"}],"author":"darka mazi","twitter_card":"summary_large_image","twitter_creator":"@DarkaMaziTurkce","twitter_site":"@DarkaMaziTurkce","twitter_misc":{"Written by":"darka mazi","Est. reading time":"3 minutes"},"schema":{"@context":"https:\/\/schema.org","@graph":[{"@type":"NewsArticle","@id":"https:\/\/darkamazi.site\/archives\/1035750#article","isPartOf":{"@id":"https:\/\/darkamazi.site\/archives\/1035750"},"author":{"name":"darka mazi","@id":"https:\/\/darkamazi.site\/#\/schema\/person\/67986a95ac546c16760365877ef4a9d3"},"headline":"YNK medyas\u0131ndan \u00a0Mazlum Abdi i\u00e7in sert s\u00f6zler: Eski devrimci, yeni t\u00fcccar","datePublished":"2025-11-23T09:34:02+00:00","dateModified":"2025-11-23T09:34:55+00:00","mainEntityOfPage":{"@id":"https:\/\/darkamazi.site\/archives\/1035750"},"wordCount":544,"publisher":{"@id":"https:\/\/darkamazi.site\/#organization"},"image":{"@id":"https:\/\/darkamazi.site\/archives\/1035750#primaryimage"},"thumbnailUrl":"https:\/\/darkamazi.site\/file\/2025\/11\/bafil.jpg","keywords":["\u00f6nemli"],"articleSection":["Kurdistan"],"inLanguage":"en-US"},{"@type":"WebPage","@id":"https:\/\/darkamazi.site\/archives\/1035750","url":"https:\/\/darkamazi.site\/archives\/1035750","name":"YNK medyas\u0131ndan \u00a0Mazlum Abdi i\u00e7in sert s\u00f6zler: Eski devrimci, yeni t\u00fcccar - Darka Mazi","isPartOf":{"@id":"https:\/\/darkamazi.site\/#website"},"primaryImageOfPage":{"@id":"https:\/\/darkamazi.site\/archives\/1035750#primaryimage"},"image":{"@id":"https:\/\/darkamazi.site\/archives\/1035750#primaryimage"},"thumbnailUrl":"https:\/\/darkamazi.site\/file\/2025\/11\/bafil.jpg","datePublished":"2025-11-23T09:34:02+00:00","dateModified":"2025-11-23T09:34:55+00:00","breadcrumb":{"@id":"https:\/\/darkamazi.site\/archives\/1035750#breadcrumb"},"inLanguage":"en-US","potentialAction":[{"@type":"ReadAction","target":["https:\/\/darkamazi.site\/archives\/1035750"]}]},{"@type":"ImageObject","inLanguage":"en-US","@id":"https:\/\/darkamazi.site\/archives\/1035750#primaryimage","url":"https:\/\/darkamazi.site\/file\/2025\/11\/bafil.jpg","contentUrl":"https:\/\/darkamazi.site\/file\/2025\/11\/bafil.jpg","width":900,"height":497,"caption":"YNK medyas\u0131ndan \u00a0Mazlum Abdi i\u00e7in sert s\u00f6zler: Eski devrimci, yeni t\u00fcccar"},{"@type":"BreadcrumbList","@id":"https:\/\/darkamazi.site\/archives\/1035750#breadcrumb","itemListElement":[{"@type":"ListItem","position":1,"name":"Home","item":"https:\/\/darkamazi.site\/"},{"@type":"ListItem","position":2,"name":"YNK medyas\u0131ndan \u00a0Mazlum Abdi i\u00e7in sert s\u00f6zler: Eski devrimci, yeni t\u00fcccar"}]},{"@type":"WebSite","@id":"https:\/\/darkamazi.site\/#website","url":"https:\/\/darkamazi.site\/","name":"Darka Mazi","description":"Ana Sayfa","publisher":{"@id":"https:\/\/darkamazi.site\/#organization"},"potentialAction":[{"@type":"SearchAction","target":{"@type":"EntryPoint","urlTemplate":"https:\/\/darkamazi.site\/?s={search_term_string}"},"query-input":{"@type":"PropertyValueSpecification","valueRequired":true,"valueName":"search_term_string"}}],"inLanguage":"en-US"},{"@type":"Organization","@id":"https:\/\/darkamazi.site\/#organization","name":"Darka Mazi T\u00fcrk\u00e7e","alternateName":"Darka Mazi","url":"https:\/\/darkamazi.site\/","logo":{"@type":"ImageObject","inLanguage":"en-US","@id":"https:\/\/darkamazi.site\/#\/schema\/logo\/image\/","url":"https:\/\/darkamazi.site\/file\/2017\/12\/darka-mazi-logo.png","contentUrl":"https:\/\/darkamazi.site\/file\/2017\/12\/darka-mazi-logo.png","width":151,"height":75,"caption":"Darka Mazi T\u00fcrk\u00e7e"},"image":{"@id":"https:\/\/darkamazi.site\/#\/schema\/logo\/image\/"},"sameAs":["https:\/\/www.facebook.com\/DarkaMaziturkce","https:\/\/x.com\/DarkaMaziTurkce"]},{"@type":"Person","@id":"https:\/\/darkamazi.site\/#\/schema\/person\/67986a95ac546c16760365877ef4a9d3","name":"darka mazi","sameAs":["https:\/\/darkamazi.site"],"url":"https:\/\/darkamazi.site\/archives\/author\/turkish"}]}},"_links":{"self":[{"href":"https:\/\/darkamazi.site\/funavuv\/wp\/v2\/posts\/1035750","targetHints":{"allow":["GET"]}}],"collection":[{"href":"https:\/\/darkamazi.site\/funavuv\/wp\/v2\/posts"}],"about":[{"href":"https:\/\/darkamazi.site\/funavuv\/wp\/v2\/types\/post"}],"author":[{"embeddable":true,"href":"https:\/\/darkamazi.site\/funavuv\/wp\/v2\/users\/2"}],"replies":[{"embeddable":true,"href":"https:\/\/darkamazi.site\/funavuv\/wp\/v2\/comments?post=1035750"}],"version-history":[{"count":0,"href":"https:\/\/darkamazi.site\/funavuv\/wp\/v2\/posts\/1035750\/revisions"}],"wp:featuredmedia":[{"embeddable":true,"href":"https:\/\/darkamazi.site\/funavuv\/wp\/v2\/media\/1035751"}],"wp:attachment":[{"href":"https:\/\/darkamazi.site\/funavuv\/wp\/v2\/media?parent=1035750"}],"wp:term":[{"taxonomy":"category","embeddable":true,"href":"https:\/\/darkamazi.site\/funavuv\/wp\/v2\/categories?post=1035750"},{"taxonomy":"post_tag","embeddable":true,"href":"https:\/\/darkamazi.site\/funavuv\/wp\/v2\/tags?post=1035750"}],"curies":[{"name":"wp","href":"https:\/\/api.w.org\/{rel}","templated":true}]}}