{"id":1035755,"date":"2025-11-23T16:29:04","date_gmt":"2025-11-23T13:29:04","guid":{"rendered":"https:\/\/darkamazi.site\/?p=1035755"},"modified":"2025-11-23T16:29:04","modified_gmt":"2025-11-23T13:29:04","slug":"mazlum-abdi-kurdistan-bolgesi-ile-iliskilerimizde-yeni-bir-baslangic-olacak","status":"publish","type":"post","link":"https:\/\/darkamazi.site\/archives\/1035755","title":{"rendered":"Mazlum Abdi: K\u00fcrdistan B\u00f6lgesi ile ili\u015fkilerimizde yeni bir ba\u015flang\u0131\u00e7 olacak"},"content":{"rendered":"<p style=\"text-align: justify\">DSG Genel Komutan\u0131 Mazlum Abdi, K\u00fcrdistan B\u00f6lgesi ziyaretinin \u00f6nemli oldu\u011funu belirterek \u00a0\u201cK\u00fcrdistan B\u00f6lgesi ile olan ili\u015fkilerimizde yeni bir ba\u015flang\u0131\u00e7 olacak. Yeni ili\u015fkiler geli\u015fecek. S\u0131cak bir \u015fekilde kar\u015f\u0131land\u0131k\u201d ifadelerini kulland\u0131.<\/p>\n<p style=\"text-align: justify\">Demokratik Suriye G\u00fc\u00e7leri (DSG) Genel Komutan\u0131 Mazlum Abdi, Rojava \u00d6zerk Y\u00f6netimi\u2019nin (Kuzey ve Do\u011fu Suriye) \u015eam ile ili\u015fkilerine, K\u00fcrtler aras\u0131 birlik \u00e7al\u0131\u015fmalar\u0131, K\u00fcrdistan B\u00f6lgesi\u2019nde d\u00fczenlenen Duhok\u2019taki konferans, K\u00fcrdistan B\u00f6lgesi-Rojava ili\u015fkilerine, Suriye ordusuna entegrasyon \u00e7abalar\u0131na ve \u015eam\u2019la var\u0131lan 10 Mart Anla\u015fmas\u0131\u2019na dair de\u011ferlendirmelerde bulundu.<\/p>\n<p style=\"text-align: justify\">MA\u2019ya K\u00fcrt\u00e7e r\u00f6portaj veren Abdi, Duhok\u2019ta d\u00fczenlenen Ortado\u011fu Bar\u0131\u015f ve G\u00fcvenlik Forumu&#8217;na kat\u0131lmas\u0131na ili\u015fkin soruyu yan\u0131tlarken \u201cK\u00fcrdistan B\u00f6lgesi ile olan ili\u015fkilerinde yeni bir ba\u015flang\u0131\u00e7 olaca\u011f\u0131n\u0131\u201d\u00a0<a href=\"https:\/\/www.youtube.com\/watch?v=fUZrnd07-kM&amp;t=209s\" target=\"_blank\">kaydetti.<\/a><\/p>\n<p style=\"text-align: justify\">S\u0131cak bir \u015fekilde kar\u015f\u0131land\u0131\u011f\u0131n\u0131 vurgulayan Abdi, \u201cBir s\u00fcre \u00f6nce bu foruma kat\u0131lmam\u0131z istenmi\u015fti. Bu ziyareti \u00f6nemli g\u00f6r\u00fcyoruz. Yeni bir s\u00fcrecin ba\u015flang\u0131c\u0131 olarak g\u00f6r\u00fcyoruz. Bu d\u00f6nemde Duhok\u2019ta b\u00f6ylesi bir foruma kat\u0131lmak Kuzey ve Do\u011fu Suriye a\u00e7\u0131s\u0131ndan olduk\u00e7a \u00f6nemli. Bundan sonra da G\u00fcney (K\u00fcrdistan B\u00f6lgesi) ile olan ili\u015fkilerimizde yeni bir ba\u015flang\u0131\u00e7 olacak. Yeni ili\u015fkiler de geli\u015fecek. S\u0131cak bir \u015fekilde kar\u015f\u0131land\u0131k. G\u00fcney\u2019deki karde\u015flerimizle olan ili\u015fkilerimiz gayet do\u011fal\u201d ifadelerini kulland\u0131.<\/p>\n<p style=\"text-align: justify\"><strong>\u201cUlusal birlik \u00fczerine isti\u015farelerimiz oldu\u201d<\/strong><\/p>\n<p style=\"text-align: justify\">Ba\u015fkan Mesud Barzani ve K\u00fcrdistan B\u00f6lgesi Ba\u015fkan\u0131 Ne\u00e7irvan Barzani ile g\u00f6r\u00fc\u015fmesinin i\u00e7eri\u011fine dair konu\u015fan Abdi, \u015fu ifadeleri kulland\u0131:<\/p>\n<p style=\"text-align: justify\">\u201cK\u00fcrdistan B\u00f6lgesi H\u00fck\u00fcmeti ile ilk kez bir araya gelmiyoruz. Ge\u00e7mi\u015fteki ziyaretlerin devam\u0131yd\u0131. Bir\u00e7ok akt\u00fcel geli\u015fmeyi tart\u0131\u015ft\u0131k. Her iki taraf\u0131 ilgilendiren ortak konular vard\u0131.<\/p>\n<p style=\"text-align: justify\">Ulusal birlik g\u00fcndemimizde, bunun \u00fczerinden isti\u015farelerimiz oldu. \u015eam h\u00fck\u00fcmeti ile olan diyalo\u011fumuz \u00fczerinde de durduk. G\u00f6r\u00fc\u015flerimizi payla\u015ft\u0131k. K\u00fcrdistan B\u00f6lgesi\u2019nin Kuzey ve Do\u011fu Suriye\u2019ye deste\u011fi \u00f6nemli bir konu, bunun \u00fczerinde konu\u015ftuk.<\/p>\n<p style=\"text-align: justify\">Genel olarak Ortado\u011fu\u2019daki bar\u0131\u015f ve diyalog konular\u0131, Kuzey ve Do\u011fu Suriye\u2019yi ilgilendiren, K\u00fcrtlerin t\u00fcm\u00fcn\u00fc ilgilendiren konular \u00fczerinde durduk. Sonu\u00e7 olarak olumluydu.\u201d<\/p>\n<p style=\"text-align: justify\"><strong>\u201cT\u00fcrkiye keskin de\u011filmi\u015f, tehdit ve keskin dil kullanmam\u0131\u015flar\u201d<\/strong><\/p>\n<p style=\"text-align: justify\">ABD Ba\u015fkan\u0131 Donald Trump ile Suriye Cumhurba\u015fkan\u0131 Ahmed \u015eara\u2019n\u0131n ger\u00e7ekle\u015ftirdi\u011fi g\u00f6r\u00fc\u015fmeye dair konu\u015fan Abdi, \u015fu ifadeleri kulland\u0131:<\/p>\n<p style=\"text-align: justify\">\u201cSuriye Cumhurba\u015fkan\u0131 Ahmet \u015eara\u2019n\u0131n Beyaz Saray\u2019da yapt\u0131\u011f\u0131 g\u00f6r\u00fc\u015fmenin detaylar\u0131 Say\u0131n Tom Barack taraf\u0131ndan bize aktar\u0131ld\u0131. Bize iletildi\u011fi kadar\u0131yla olumlu ge\u00e7mi\u015f. Kuzey ve Do\u011fu Suriye konusu, DSG konusu Trump ile konu\u015fulmu\u015f. Daha do\u011frusu Trump sormu\u015f ve yan\u0131t alm\u0131\u015f. Olumlu ge\u00e7mi\u015f. Ba\u015fkan Trump\u2019a \u00e7\u00f6z\u00fcm iradelerinin oldu\u011funu s\u00f6ylemi\u015fler. DSG ile ili\u015fkilerinin iyi oldu\u011funu ve meseleyi \u00e7\u00f6zmek istediklerini iletmi\u015fler. Genel olarak iyi bir yakla\u015f\u0131m ortaya \u00e7\u0131km\u0131\u015f.<\/p>\n<p style=\"text-align: justify\">T\u00fcrkiye D\u0131\u015fili\u015fkiler Bakan\u0131 Say\u0131n Hakan Fidan da orada haz\u0131rm\u0131\u015f. Onunla da tart\u0131\u015f\u0131lm\u0131\u015f. \u00d6\u011frendi\u011fimiz kadar\u0131yla; Ba\u015fkan Trump, sava\u015fs\u0131z ve diyalogla meselelerin \u00e7\u00f6z\u00fclmesini istemi\u015f. Onlar da kabul etmi\u015fler. Yine DSG\u2019nin yapt\u0131\u011f\u0131 fedakarl\u0131klar, DSG\u2019nin bug\u00fcne kadar DA\u0130\u015e\u2019e kar\u015f\u0131 verdi\u011fi m\u00fccadele de dile getirilmi\u015f.<\/p>\n<p style=\"text-align: justify\">Hem Beyaz Saray\u2019da Ba\u015fkan Trump ile yap\u0131lan toplant\u0131, hem toplant\u0131 sonras\u0131 Say\u0131n Fidan\u2019\u0131n kat\u0131ld\u0131\u011f\u0131 toplant\u0131 hem de 3 d\u0131\u015fili\u015fkiler bakan\u0131n\u0131n kat\u0131l\u0131m\u0131yla yap\u0131lan toplant\u0131lara dair bize aktar\u0131lan; T\u00fcrkiye taraf\u0131 baz\u0131 \u015fikayetlerini dile getirmi\u015f. Zaten her zaman dile getiriyor. DSG\u2019nin a\u011f\u0131r hareket etti\u011fini s\u00f6yl\u00fcyorlar. Yine baz\u0131 konulara d\u00f6n\u00fck tepkilerini dile getirmi\u015fler. Ancak anlad\u0131\u011f\u0131m\u0131z kadar\u0131yla bu kez fazla keskin de\u011fillermi\u015f. Tehdit ve keskin dil kullanmam\u0131\u015flar. Daha \u00e7ok \u00e7\u00f6z\u00fcme dair taleplerini dile getirmi\u015fler.\u201d<\/p>\n<p style=\"text-align: justify\"><strong>\u201cK\u00fcrtlerin haklar\u0131 anayasada yer almadan genel bir anla\u015fma olmaz\u201d<\/strong><\/p>\n<p style=\"text-align: justify\">\u015eam ile hangi maddeler \u00fczerinde anla\u015ft\u0131klar\u0131 sorusunu yan\u0131tlayan Abdi, \u201cK\u00fcrtlerin haklar\u0131 ve di\u011fer bile\u015fenlerin anayasada nas\u0131l yer alaca\u011f\u0131 olmadan genel bir anla\u015fman\u0131n olmayaca\u011f\u0131n\u0131\u201d belirtti.<\/p>\n<p style=\"text-align: justify\">Abdi \u015funlar\u0131 s\u00f6yledi:<\/p>\n<p style=\"text-align: justify\">\u201cEsas anla\u015ft\u0131\u011f\u0131m\u0131z nokta ate\u015fkes anla\u015fmas\u0131d\u0131r. Bu 10 Mart Anla\u015fmas\u0131\u2019n\u0131n en \u00f6nemli maddelerinden birisi. \u0130ttifaktan bu yana ate\u015fkes y\u00fcr\u00fcrl\u00fckte. Bazen k\u00fc\u00e7\u00fck sorunlar \u00e7\u0131ksa da her iki tarafta da \u00e7at\u0131\u015fma \u00e7\u0131kmamas\u0131 y\u00f6n\u00fcnde bir irade var. Konular\u0131n diyalogla \u00e7\u00f6z\u00fclmesi y\u00f6n\u00fcnde irade var. \u015eimdiye kadar y\u00fcr\u00fcd\u00fc. 10 Mart \u0130ttifak\u2019\u0131n\u0131n en b\u00fcy\u00fck sonu\u00e7lar\u0131ndan birisi buydu.<\/p>\n<p style=\"text-align: justify\">Hitaplarda kimi sorunlar olsa da resmi a\u00e7\u0131klamalarda uygun bir dil kullan\u0131lmas\u0131na dikkat ediliyor. Kar\u015f\u0131t bir dil yerine sorunlar\u0131n diyalogla \u00e7\u00f6z\u00fclmesine dair dikkatli bir dil kullan\u0131l\u0131yor. B\u00f6ylesi olumlu konular var.<\/p>\n<p style=\"text-align: justify\">Her ne kadar imza at\u0131lmam\u0131\u015f olsa da ve resmi olmasa da, \u015eam\u2019da yap\u0131lan ve Amerikal\u0131 yetkililerin de kat\u0131ld\u0131\u011f\u0131 son toplant\u0131da askeri konularda anla\u015fmaya vard\u0131k. Nas\u0131l bir kat\u0131l\u0131m\u0131n olaca\u011f\u0131 noktas\u0131nda. Baz\u0131 sorunlar\u0131n \u00e7\u0131kma ihtimali olsa da bir mutabakat var. \u00a0Ancak temel meseleler kalm\u0131\u015f. Anayasa, Suriye\u2019nin y\u00f6netim \u015fekli (merkezi mi olacak yoksa merkezi olmayacak m\u0131) konular\u0131 \u00f6nemli. Bu konular en \u00f6nemli konular. K\u00fcrtlerin haklar\u0131 ve di\u011fer bile\u015fenlerin anayasada nas\u0131l yer alaca\u011f\u0131 hen\u00fcz kalm\u0131\u015f. Bunlar olmadan da genel bir anla\u015fman\u0131n olmas\u0131 m\u00fcmk\u00fcn de\u011fil.\u201d<\/p>\n<p style=\"text-align: justify\"><strong>\u201cDSG Suriye\u2019de en b\u00fcy\u00fck \u00f6rg\u00fctl\u00fc g\u00fc\u00e7, Suriye ordusunda \u00f6nemli bir rol\u00fc olmal\u0131\u201d<\/strong><\/p>\n<p style=\"text-align: justify\">DSG\u2019nin Suriye ordusuna entegre edilmesine ili\u015fkin de de\u011ferlendirme yapan Abdi, \u201cSuriye\u2019de en b\u00fcy\u00fck \u00f6rg\u00fctl\u00fc g\u00fc\u00e7t\u00fcr. Bu nedenle Suriye ordusuna da d\u00fczenli bir \u015fekilde kat\u0131lmas\u0131 gerekiyor. Bu Suriye ordusunu g\u00fc\u00e7lendirir. Tecr\u00fcbesi ve say\u0131s\u0131yla g\u00fc\u00e7lendirir. \u00a0DSG\u2019nin kat\u0131l\u0131m\u0131n\u0131n Suriye ordusunu g\u00fc\u00e7lendirece\u011fini ve huzur getirece\u011fine inan\u0131yorum. Kimse bundan korkmamal\u0131. Aksine bunu olumlu g\u00f6rmeli. DSG sava\u015f\u00e7\u0131lar\u0131n\u0131n eme\u011fini korumak ve bo\u015fa gitmemesini istiyoruz. DSG\u2019li sava\u015f\u00e7\u0131lar\u0131n\u0131n d\u00f6k\u00fclen kanlar\u0131n\u0131n bo\u015fa gitmemesini istiyoruz. DSG\u2019nin t\u00fcm bunlara lay\u0131k bir \u015fekilde orduya kat\u0131lmas\u0131n\u0131 istiyoruz. Orduda \u00f6nemli bir rol\u00fc olmal\u0131. Di\u011fer \u015feyler detaylard\u0131r, m\u00fczakerelerde konu\u015fulu\u201d ifadelerini kulland\u0131.<\/p>\n<p style=\"text-align: justify\"><strong>\u201cBu sorunu s\u00fcrd\u00fcren ve a\u011f\u0131rla\u015ft\u0131ran di\u011fer taraflard\u0131r\u201d<\/strong><\/p>\n<p style=\"text-align: justify\">10 Mart Anla\u015fmas\u0131\u2019na dair soruyu cevaplayan Abdi, DSG\u2019nin anla\u015fman\u0131n uygulanmas\u0131n\u0131 engelledi\u011fi y\u00f6n\u00fcndeki iddialara dair \u201cBizi su\u00e7layanlar ba\u015flang\u0131\u00e7ta bu d\u00fc\u015f\u00fcncelerini savunabilirdi. Ancak \u015fimdi savunamazlar. \u00d6zellikle \u015eam\u2019da yap\u0131lan g\u00f6r\u00fc\u015fmeler sonras\u0131. Bilindi\u011fi gibi 2 ay \u00f6nce Paris\u2019te bir toplant\u0131 olacakt\u0131. Herkes de biliyor ki \u00d6zerk Y\u00f6netim ve DSG taraf\u0131 buna haz\u0131rd\u0131. Amerika, Fransa ve Britanya bu ger\u00e7e\u011fi biliyor. \u00c7\u00fcnk\u00fc haz\u0131rlad\u0131\u011f\u0131m\u0131z yaz\u0131l\u0131 belgeleri, m\u00fczakereler i\u00e7in haz\u0131rlad\u0131\u011f\u0131m\u0131z belgeleri herkesle payla\u015f\u0131yoruz. Herkes vaktinde haberdar oluyor. Herkes sorunun bizden kaynaklanmad\u0131\u011f\u0131n\u0131 biliyor. Bu sorunu s\u00fcrd\u00fcren ve a\u011f\u0131rla\u015ft\u0131ran di\u011fer taraflard\u0131r. Herkesin bunu bildi\u011fine inan\u0131yorum. Hi\u00e7kimse bize \u2018siz ge\u00e7 kal\u0131yorsunuz\u2019 demiyor\u201d ifadelerini kulland\u0131.<\/p>\n<p style=\"text-align: justify\">\n","protected":false},"excerpt":{"rendered":"<p>DSG Genel Komutan\u0131 Mazlum Abdi, K\u00fcrdistan B\u00f6lgesi ziyaretinin \u00f6nemli oldu\u011funu belirterek \u00a0\u201cK\u00fcrdistan B\u00f6lgesi ile olan ili\u015fkilerimizde yeni bir ba\u015flang\u0131\u00e7 olacak. Yeni ili\u015fkiler geli\u015fecek. S\u0131cak bir \u015fekilde kar\u015f\u0131land\u0131k\u201d ifadelerini kulland\u0131. Demokratik Suriye G\u00fc\u00e7leri (DSG) Genel Komutan\u0131 Mazlum Abdi, Rojava \u00d6zerk Y\u00f6netimi\u2019nin (Kuzey ve Do\u011fu Suriye) \u015eam ile ili\u015fkilerine, K\u00fcrtler aras\u0131 birlik \u00e7al\u0131\u015fmalar\u0131, K\u00fcrdistan B\u00f6lgesi\u2019nde d\u00fczenlenen Duhok\u2019taki [&hellip;]<\/p>\n","protected":false},"author":2,"featured_media":1035756,"comment_status":"closed","ping_status":"closed","sticky":false,"template":"","format":"standard","meta":{"footnotes":""},"categories":[3],"tags":[31],"class_list":["post-1035755","post","type-post","status-publish","format-standard","has-post-thumbnail","hentry","category-kurdistan","tag-onemli"],"blocksy_meta":[],"seo_head":"<!-- This site is optimized with the Yoast SEO plugin v27.5 - https:\/\/yoast.com\/product\/yoast-seo-wordpress\/ -->\n<title>Mazlum Abdi: K\u00fcrdistan B\u00f6lgesi ile ili\u015fkilerimizde yeni bir ba\u015flang\u0131\u00e7 olacak - Darka Mazi<\/title>\n<meta name=\"robots\" content=\"index, follow, max-snippet:-1, max-image-preview:large, max-video-preview:-1\" \/>\n<link rel=\"canonical\" href=\"https:\/\/darkamazi.site\/archives\/1035755\" \/>\n<meta property=\"og:locale\" content=\"en_US\" \/>\n<meta property=\"og:type\" content=\"article\" \/>\n<meta property=\"og:title\" content=\"Mazlum Abdi: K\u00fcrdistan B\u00f6lgesi ile ili\u015fkilerimizde yeni bir ba\u015flang\u0131\u00e7 olacak - Darka Mazi\" \/>\n<meta property=\"og:description\" content=\"DSG Genel Komutan\u0131 Mazlum Abdi, K\u00fcrdistan B\u00f6lgesi ziyaretinin \u00f6nemli oldu\u011funu belirterek \u00a0\u201cK\u00fcrdistan B\u00f6lgesi ile olan ili\u015fkilerimizde yeni bir ba\u015flang\u0131\u00e7 olacak. Yeni ili\u015fkiler geli\u015fecek. S\u0131cak bir \u015fekilde kar\u015f\u0131land\u0131k\u201d ifadelerini kulland\u0131. Demokratik Suriye G\u00fc\u00e7leri (DSG) Genel Komutan\u0131 Mazlum Abdi, Rojava \u00d6zerk Y\u00f6netimi\u2019nin (Kuzey ve Do\u011fu Suriye) \u015eam ile ili\u015fkilerine, K\u00fcrtler aras\u0131 birlik \u00e7al\u0131\u015fmalar\u0131, K\u00fcrdistan B\u00f6lgesi\u2019nde d\u00fczenlenen Duhok\u2019taki [&hellip;]\" \/>\n<meta property=\"og:url\" content=\"https:\/\/darkamazi.site\/archives\/1035755\" \/>\n<meta property=\"og:site_name\" content=\"Darka Mazi\" \/>\n<meta property=\"article:publisher\" content=\"https:\/\/www.facebook.com\/DarkaMaziturkce\" \/>\n<meta property=\"article:published_time\" content=\"2025-11-23T13:29:04+00:00\" \/>\n<meta property=\"og:image\" content=\"https:\/\/darkamazi.site\/file\/2025\/11\/BG-and-GM.jpg\" \/>\n\t<meta property=\"og:image:width\" content=\"900\" \/>\n\t<meta property=\"og:image:height\" content=\"600\" \/>\n\t<meta property=\"og:image:type\" content=\"image\/jpeg\" \/>\n<meta name=\"author\" content=\"darka mazi\" \/>\n<meta name=\"twitter:card\" content=\"summary_large_image\" \/>\n<meta name=\"twitter:creator\" content=\"@DarkaMaziTurkce\" \/>\n<meta name=\"twitter:site\" content=\"@DarkaMaziTurkce\" \/>\n<meta name=\"twitter:label1\" content=\"Written by\" \/>\n\t<meta name=\"twitter:data1\" content=\"darka mazi\" \/>\n\t<meta name=\"twitter:label2\" content=\"Est. reading time\" \/>\n\t<meta name=\"twitter:data2\" content=\"4 minutes\" \/>\n<script type=\"application\/ld+json\" class=\"seo-schema-graph\">{\"@context\":\"https:\\\/\\\/schema.org\",\"@graph\":[{\"@type\":\"NewsArticle\",\"@id\":\"https:\\\/\\\/darkamazi.site\\\/archives\\\/1035755#article\",\"isPartOf\":{\"@id\":\"https:\\\/\\\/darkamazi.site\\\/archives\\\/1035755\"},\"author\":{\"name\":\"darka mazi\",\"@id\":\"https:\\\/\\\/darkamazi.site\\\/#\\\/schema\\\/person\\\/67986a95ac546c16760365877ef4a9d3\"},\"headline\":\"Mazlum Abdi: K\u00fcrdistan B\u00f6lgesi ile ili\u015fkilerimizde yeni bir ba\u015flang\u0131\u00e7 olacak\",\"datePublished\":\"2025-11-23T13:29:04+00:00\",\"mainEntityOfPage\":{\"@id\":\"https:\\\/\\\/darkamazi.site\\\/archives\\\/1035755\"},\"wordCount\":1265,\"publisher\":{\"@id\":\"https:\\\/\\\/darkamazi.site\\\/#organization\"},\"image\":{\"@id\":\"https:\\\/\\\/darkamazi.site\\\/archives\\\/1035755#primaryimage\"},\"thumbnailUrl\":\"https:\\\/\\\/darkamazi.site\\\/darka-content\\\/uploads\\\/2025\\\/11\\\/BG-and-GM.jpg\",\"keywords\":[\"\u00f6nemli\"],\"articleSection\":[\"Kurdistan\"],\"inLanguage\":\"en-US\"},{\"@type\":\"WebPage\",\"@id\":\"https:\\\/\\\/darkamazi.site\\\/archives\\\/1035755\",\"url\":\"https:\\\/\\\/darkamazi.site\\\/archives\\\/1035755\",\"name\":\"Mazlum Abdi: K\u00fcrdistan B\u00f6lgesi ile ili\u015fkilerimizde yeni bir ba\u015flang\u0131\u00e7 olacak - Darka Mazi\",\"isPartOf\":{\"@id\":\"https:\\\/\\\/darkamazi.site\\\/#website\"},\"primaryImageOfPage\":{\"@id\":\"https:\\\/\\\/darkamazi.site\\\/archives\\\/1035755#primaryimage\"},\"image\":{\"@id\":\"https:\\\/\\\/darkamazi.site\\\/archives\\\/1035755#primaryimage\"},\"thumbnailUrl\":\"https:\\\/\\\/darkamazi.site\\\/darka-content\\\/uploads\\\/2025\\\/11\\\/BG-and-GM.jpg\",\"datePublished\":\"2025-11-23T13:29:04+00:00\",\"breadcrumb\":{\"@id\":\"https:\\\/\\\/darkamazi.site\\\/archives\\\/1035755#breadcrumb\"},\"inLanguage\":\"en-US\",\"potentialAction\":[{\"@type\":\"ReadAction\",\"target\":[\"https:\\\/\\\/darkamazi.site\\\/archives\\\/1035755\"]}]},{\"@type\":\"ImageObject\",\"inLanguage\":\"en-US\",\"@id\":\"https:\\\/\\\/darkamazi.site\\\/archives\\\/1035755#primaryimage\",\"url\":\"https:\\\/\\\/darkamazi.site\\\/darka-content\\\/uploads\\\/2025\\\/11\\\/BG-and-GM.jpg\",\"contentUrl\":\"https:\\\/\\\/darkamazi.site\\\/darka-content\\\/uploads\\\/2025\\\/11\\\/BG-and-GM.jpg\",\"width\":900,\"height\":600,\"caption\":\"Mazlum Abdi: K\u00fcrdistan B\u00f6lgesi ile ili\u015fkilerimizde yeni bir ba\u015flang\u0131\u00e7 olacak\"},{\"@type\":\"BreadcrumbList\",\"@id\":\"https:\\\/\\\/darkamazi.site\\\/archives\\\/1035755#breadcrumb\",\"itemListElement\":[{\"@type\":\"ListItem\",\"position\":1,\"name\":\"Home\",\"item\":\"https:\\\/\\\/darkamazi.site\\\/\"},{\"@type\":\"ListItem\",\"position\":2,\"name\":\"Mazlum Abdi: K\u00fcrdistan B\u00f6lgesi ile ili\u015fkilerimizde yeni bir ba\u015flang\u0131\u00e7 olacak\"}]},{\"@type\":\"WebSite\",\"@id\":\"https:\\\/\\\/darkamazi.site\\\/#website\",\"url\":\"https:\\\/\\\/darkamazi.site\\\/\",\"name\":\"Darka Mazi\",\"description\":\"Ana Sayfa\",\"publisher\":{\"@id\":\"https:\\\/\\\/darkamazi.site\\\/#organization\"},\"potentialAction\":[{\"@type\":\"SearchAction\",\"target\":{\"@type\":\"EntryPoint\",\"urlTemplate\":\"https:\\\/\\\/darkamazi.site\\\/?s={search_term_string}\"},\"query-input\":{\"@type\":\"PropertyValueSpecification\",\"valueRequired\":true,\"valueName\":\"search_term_string\"}}],\"inLanguage\":\"en-US\"},{\"@type\":\"Organization\",\"@id\":\"https:\\\/\\\/darkamazi.site\\\/#organization\",\"name\":\"Darka Mazi T\u00fcrk\u00e7e\",\"alternateName\":\"Darka Mazi\",\"url\":\"https:\\\/\\\/darkamazi.site\\\/\",\"logo\":{\"@type\":\"ImageObject\",\"inLanguage\":\"en-US\",\"@id\":\"https:\\\/\\\/darkamazi.site\\\/#\\\/schema\\\/logo\\\/image\\\/\",\"url\":\"https:\\\/\\\/darkamazi.site\\\/darka-content\\\/uploads\\\/2017\\\/12\\\/darka-mazi-logo.png\",\"contentUrl\":\"https:\\\/\\\/darkamazi.site\\\/darka-content\\\/uploads\\\/2017\\\/12\\\/darka-mazi-logo.png\",\"width\":151,\"height\":75,\"caption\":\"Darka Mazi T\u00fcrk\u00e7e\"},\"image\":{\"@id\":\"https:\\\/\\\/darkamazi.site\\\/#\\\/schema\\\/logo\\\/image\\\/\"},\"sameAs\":[\"https:\\\/\\\/www.facebook.com\\\/DarkaMaziturkce\",\"https:\\\/\\\/x.com\\\/DarkaMaziTurkce\"]},{\"@type\":\"Person\",\"@id\":\"https:\\\/\\\/darkamazi.site\\\/#\\\/schema\\\/person\\\/67986a95ac546c16760365877ef4a9d3\",\"name\":\"darka mazi\",\"sameAs\":[\"https:\\\/\\\/darkamazi.site\"],\"url\":\"https:\\\/\\\/darkamazi.site\\\/archives\\\/author\\\/turkish\"}]}<\/script>\n<!-- \/ Yoast SEO plugin. -->","seo_head_json":{"title":"Mazlum Abdi: K\u00fcrdistan B\u00f6lgesi ile ili\u015fkilerimizde yeni bir ba\u015flang\u0131\u00e7 olacak - Darka Mazi","robots":{"index":"index","follow":"follow","max-snippet":"max-snippet:-1","max-image-preview":"max-image-preview:large","max-video-preview":"max-video-preview:-1"},"canonical":"https:\/\/darkamazi.site\/archives\/1035755","og_locale":"en_US","og_type":"article","og_title":"Mazlum Abdi: K\u00fcrdistan B\u00f6lgesi ile ili\u015fkilerimizde yeni bir ba\u015flang\u0131\u00e7 olacak - Darka Mazi","og_description":"DSG Genel Komutan\u0131 Mazlum Abdi, K\u00fcrdistan B\u00f6lgesi ziyaretinin \u00f6nemli oldu\u011funu belirterek \u00a0\u201cK\u00fcrdistan B\u00f6lgesi ile olan ili\u015fkilerimizde yeni bir ba\u015flang\u0131\u00e7 olacak. Yeni ili\u015fkiler geli\u015fecek. S\u0131cak bir \u015fekilde kar\u015f\u0131land\u0131k\u201d ifadelerini kulland\u0131. Demokratik Suriye G\u00fc\u00e7leri (DSG) Genel Komutan\u0131 Mazlum Abdi, Rojava \u00d6zerk Y\u00f6netimi\u2019nin (Kuzey ve Do\u011fu Suriye) \u015eam ile ili\u015fkilerine, K\u00fcrtler aras\u0131 birlik \u00e7al\u0131\u015fmalar\u0131, K\u00fcrdistan B\u00f6lgesi\u2019nde d\u00fczenlenen Duhok\u2019taki [&hellip;]","og_url":"https:\/\/darkamazi.site\/archives\/1035755","og_site_name":"Darka Mazi","article_publisher":"https:\/\/www.facebook.com\/DarkaMaziturkce","article_published_time":"2025-11-23T13:29:04+00:00","og_image":[{"width":900,"height":600,"url":"https:\/\/darkamazi.site\/file\/2025\/11\/BG-and-GM.jpg","type":"image\/jpeg"}],"author":"darka mazi","twitter_card":"summary_large_image","twitter_creator":"@DarkaMaziTurkce","twitter_site":"@DarkaMaziTurkce","twitter_misc":{"Written by":"darka mazi","Est. reading time":"4 minutes"},"schema":{"@context":"https:\/\/schema.org","@graph":[{"@type":"NewsArticle","@id":"https:\/\/darkamazi.site\/archives\/1035755#article","isPartOf":{"@id":"https:\/\/darkamazi.site\/archives\/1035755"},"author":{"name":"darka mazi","@id":"https:\/\/darkamazi.site\/#\/schema\/person\/67986a95ac546c16760365877ef4a9d3"},"headline":"Mazlum Abdi: K\u00fcrdistan B\u00f6lgesi ile ili\u015fkilerimizde yeni bir ba\u015flang\u0131\u00e7 olacak","datePublished":"2025-11-23T13:29:04+00:00","mainEntityOfPage":{"@id":"https:\/\/darkamazi.site\/archives\/1035755"},"wordCount":1265,"publisher":{"@id":"https:\/\/darkamazi.site\/#organization"},"image":{"@id":"https:\/\/darkamazi.site\/archives\/1035755#primaryimage"},"thumbnailUrl":"https:\/\/darkamazi.site\/file\/2025\/11\/BG-and-GM.jpg","keywords":["\u00f6nemli"],"articleSection":["Kurdistan"],"inLanguage":"en-US"},{"@type":"WebPage","@id":"https:\/\/darkamazi.site\/archives\/1035755","url":"https:\/\/darkamazi.site\/archives\/1035755","name":"Mazlum Abdi: K\u00fcrdistan B\u00f6lgesi ile ili\u015fkilerimizde yeni bir ba\u015flang\u0131\u00e7 olacak - Darka Mazi","isPartOf":{"@id":"https:\/\/darkamazi.site\/#website"},"primaryImageOfPage":{"@id":"https:\/\/darkamazi.site\/archives\/1035755#primaryimage"},"image":{"@id":"https:\/\/darkamazi.site\/archives\/1035755#primaryimage"},"thumbnailUrl":"https:\/\/darkamazi.site\/file\/2025\/11\/BG-and-GM.jpg","datePublished":"2025-11-23T13:29:04+00:00","breadcrumb":{"@id":"https:\/\/darkamazi.site\/archives\/1035755#breadcrumb"},"inLanguage":"en-US","potentialAction":[{"@type":"ReadAction","target":["https:\/\/darkamazi.site\/archives\/1035755"]}]},{"@type":"ImageObject","inLanguage":"en-US","@id":"https:\/\/darkamazi.site\/archives\/1035755#primaryimage","url":"https:\/\/darkamazi.site\/file\/2025\/11\/BG-and-GM.jpg","contentUrl":"https:\/\/darkamazi.site\/file\/2025\/11\/BG-and-GM.jpg","width":900,"height":600,"caption":"Mazlum Abdi: K\u00fcrdistan B\u00f6lgesi ile ili\u015fkilerimizde yeni bir ba\u015flang\u0131\u00e7 olacak"},{"@type":"BreadcrumbList","@id":"https:\/\/darkamazi.site\/archives\/1035755#breadcrumb","itemListElement":[{"@type":"ListItem","position":1,"name":"Home","item":"https:\/\/darkamazi.site\/"},{"@type":"ListItem","position":2,"name":"Mazlum Abdi: K\u00fcrdistan B\u00f6lgesi ile ili\u015fkilerimizde yeni bir ba\u015flang\u0131\u00e7 olacak"}]},{"@type":"WebSite","@id":"https:\/\/darkamazi.site\/#website","url":"https:\/\/darkamazi.site\/","name":"Darka Mazi","description":"Ana Sayfa","publisher":{"@id":"https:\/\/darkamazi.site\/#organization"},"potentialAction":[{"@type":"SearchAction","target":{"@type":"EntryPoint","urlTemplate":"https:\/\/darkamazi.site\/?s={search_term_string}"},"query-input":{"@type":"PropertyValueSpecification","valueRequired":true,"valueName":"search_term_string"}}],"inLanguage":"en-US"},{"@type":"Organization","@id":"https:\/\/darkamazi.site\/#organization","name":"Darka Mazi T\u00fcrk\u00e7e","alternateName":"Darka Mazi","url":"https:\/\/darkamazi.site\/","logo":{"@type":"ImageObject","inLanguage":"en-US","@id":"https:\/\/darkamazi.site\/#\/schema\/logo\/image\/","url":"https:\/\/darkamazi.site\/file\/2017\/12\/darka-mazi-logo.png","contentUrl":"https:\/\/darkamazi.site\/file\/2017\/12\/darka-mazi-logo.png","width":151,"height":75,"caption":"Darka Mazi T\u00fcrk\u00e7e"},"image":{"@id":"https:\/\/darkamazi.site\/#\/schema\/logo\/image\/"},"sameAs":["https:\/\/www.facebook.com\/DarkaMaziturkce","https:\/\/x.com\/DarkaMaziTurkce"]},{"@type":"Person","@id":"https:\/\/darkamazi.site\/#\/schema\/person\/67986a95ac546c16760365877ef4a9d3","name":"darka mazi","sameAs":["https:\/\/darkamazi.site"],"url":"https:\/\/darkamazi.site\/archives\/author\/turkish"}]}},"_links":{"self":[{"href":"https:\/\/darkamazi.site\/funavuv\/wp\/v2\/posts\/1035755","targetHints":{"allow":["GET"]}}],"collection":[{"href":"https:\/\/darkamazi.site\/funavuv\/wp\/v2\/posts"}],"about":[{"href":"https:\/\/darkamazi.site\/funavuv\/wp\/v2\/types\/post"}],"author":[{"embeddable":true,"href":"https:\/\/darkamazi.site\/funavuv\/wp\/v2\/users\/2"}],"replies":[{"embeddable":true,"href":"https:\/\/darkamazi.site\/funavuv\/wp\/v2\/comments?post=1035755"}],"version-history":[{"count":0,"href":"https:\/\/darkamazi.site\/funavuv\/wp\/v2\/posts\/1035755\/revisions"}],"wp:featuredmedia":[{"embeddable":true,"href":"https:\/\/darkamazi.site\/funavuv\/wp\/v2\/media\/1035756"}],"wp:attachment":[{"href":"https:\/\/darkamazi.site\/funavuv\/wp\/v2\/media?parent=1035755"}],"wp:term":[{"taxonomy":"category","embeddable":true,"href":"https:\/\/darkamazi.site\/funavuv\/wp\/v2\/categories?post=1035755"},{"taxonomy":"post_tag","embeddable":true,"href":"https:\/\/darkamazi.site\/funavuv\/wp\/v2\/tags?post=1035755"}],"curies":[{"name":"wp","href":"https:\/\/api.w.org\/{rel}","templated":true}]}}