{"id":1035758,"date":"2025-11-23T16:37:18","date_gmt":"2025-11-23T13:37:18","guid":{"rendered":"https:\/\/darkamazi.site\/?p=1035758"},"modified":"2025-11-23T16:38:17","modified_gmt":"2025-11-23T13:38:17","slug":"esad-seybaniden-rojava-ile-ilgili-dikkat-ceken-aciklama-dsg-uyeleri-icin-ankara-ile-bir-af-mekanizmasi-calisiyoruz","status":"publish","type":"post","link":"https:\/\/darkamazi.site\/archives\/1035758","title":{"rendered":"Esad \u015eeybani&#8217;den Rojava ile  ilgili dikkat \u00e7eken a\u00e7\u0131klama: DSG \u00fcyeleri i\u00e7in Ankara ile bir &#8220;af mekanizmas\u0131&#8221; \u00e7al\u0131\u015f\u0131yoruz"},"content":{"rendered":"<p style=\"text-align: justify\">\u00a0Suriye D\u0131\u015fi\u015fleri Bakan\u0131 Esad \u015eeybani, \u015eam y\u00f6netiminin &#8220;blok siyasetini&#8221; terk etti\u011fini s\u00f6yledi. Cumhurba\u015fkan\u0131 Ahmed \u015eara\u2019n\u0131n Beyaz Saray ziyaretinin perde arkas\u0131n\u0131 anlatan \u015eeybani, T\u00fcrkiye ve ABD\u2019nin DSG konusunda tarihte ilk kez anla\u015ft\u0131\u011f\u0131n\u0131 duyurdu. \u015eeybani, DSG \u00fcyeleri i\u00e7in Ankara ile bir &#8220;af mekanizmas\u0131&#8221; \u00fczerinde \u00e7al\u0131\u015ft\u0131klar\u0131n\u0131 a\u00e7\u0131klad\u0131.<\/p>\n<p style=\"text-align: justify\">Suudi Arabistan&#8217;a ait \u0130ngiltere merkezli Al Majalla dergisinde yay\u0131mlanan r\u00f6portaj\u0131n ikinci k\u0131sm\u0131nda Esad \u015eeybani, \u00fclkesinin y\u0131llard\u0131r s\u00fcren yaln\u0131zl\u0131\u011f\u0131na son veren diplomatik at\u0131l\u0131mlar\u0131, ABD ile kurulan yeni ortakl\u0131\u011f\u0131 ve T\u00fcrkiye ile y\u00fcr\u00fct\u00fclen hassas m\u00fczakereleri t\u00fcm a\u00e7\u0131kl\u0131\u011f\u0131yla anlatt\u0131.<\/p>\n<p style=\"text-align: justify\">\u015eeybani, \u015eam\u2019\u0131n Rusya-\u0130ran ekseninden, K\u00f6rfez-T\u00fcrkiye-ABD hatt\u0131na kayan yeni d\u0131\u015f politika vizyonunu, &#8220;Biz sinyal arayan eski bir TV anteni gibiyiz; \u00e7\u0131kar\u0131m\u0131z neredeyse oraya d\u00f6neriz&#8221; s\u00f6zleriyle \u00f6zetledi.<\/p>\n<p style=\"text-align: justify\">R\u00f6portaj\u0131n en kritik b\u00f6l\u00fcm\u00fc ise Demokratik Suriye G\u00fc\u00e7leri (DSG) ve T\u00fcrkiye\u2019nin g\u00fcvenlik kayg\u0131lar\u0131 \u00fczerine kurulan yeni \u00e7\u00f6z\u00fcm plan\u0131yd\u0131.<\/p>\n<p style=\"text-align: justify\"><strong>&#8220;T\u00fcrkiye ve ABD ilk kez ayn\u0131 \u00e7izgide&#8221;<\/strong><\/p>\n<p style=\"text-align: justify\">\u015eeybani, Suriye\u2019nin kuzeydo\u011fusundaki durumun \u00e7\u00f6z\u00fcm\u00fc i\u00e7in Washington ve Ankara aras\u0131nda y\u0131llard\u0131r s\u00fcren anla\u015fmazl\u0131\u011f\u0131n sona erdi\u011fini belirtti.<\/p>\n<p style=\"text-align: justify\">May\u0131s ay\u0131nda Riyad&#8217;da ger\u00e7ekle\u015fen zirvede, T\u00fcrkiye Cumhurba\u015fkan\u0131 Recep Tayyip Erdo\u011fan ve Suudi Veliaht Prensi Muhammed bin Selman&#8217;\u0131n, ABD Ba\u015fkan\u0131 Trump\u2019a Suriye i\u00e7in &#8220;kefil&#8221; olduklar\u0131n\u0131 belirten \u015eeybani, bu durumun sahadaki denklemi de\u011fi\u015ftirdi\u011fini vurgulad\u0131.<\/p>\n<p style=\"text-align: justify\">\u015eeybani, &#8220;DSG ile var\u0131lan anla\u015fma g\u00fc\u00e7l\u00fc Amerikan deste\u011fine sahip. T\u00fcrkiye ve ABD bu konuda her zaman anla\u015fmazl\u0131k ya\u015fard\u0131, ancak ilk kez ortak bir zeminde bulu\u015ftular. Bizim yakla\u015f\u0131m\u0131m\u0131z tamamen rasyoneldi. Washington&#8217;un, &#8216;Bu yeni sistemle nas\u0131l ili\u015fki kuraca\u011f\u0131z?&#8217; endi\u015fesini giderdik\u201d ifadelerini kulland\u0131.<\/p>\n<p style=\"text-align: justify\"><strong>&#8220;DSG\u2019ye her \u015feyi sunduk, Ankara ile af g\u00f6r\u00fc\u015f\u00fcyoruz&#8221;<\/strong><\/p>\n<p style=\"text-align: justify\">Bakan \u015eeybani, DSG\u2019nin Suriye devletine entegrasyonu konusunda daha \u00f6nce hi\u00e7 olmad\u0131\u011f\u0131 kadar ileri gittiklerini belirterek, masadaki teklifin detaylar\u0131n\u0131 ve T\u00fcrkiye ile y\u00fcr\u00fct\u00fclen arka kap\u0131 diplomasisini \u015fu s\u00f6zlerle anlatt\u0131:<\/p>\n<p style=\"text-align: justify\">&#8220;DSG\u2019ye sunulabilecek her \u015feyi sunduk. Bir anla\u015fma \u00f6nerdik: Kar\u015f\u0131l\u0131kl\u0131 sayg\u0131, ortak y\u00f6netime inan\u00e7, K\u00fcrt haklar\u0131na a\u00e7\u0131k taahh\u00fct&#8230; Hatta T\u00fcrkiye ile arabuluculuk yap\u0131yoruz. DSG i\u00e7inde baz\u0131lar\u0131 T\u00fcrk makamlar\u0131nca aran\u0131yor; ancak biz Ankara ile af \u00e7\u0131karmak i\u00e7in \u00e7al\u0131\u015f\u0131yoruz. Azami \u00f6l\u00e7\u00fcde tavizler ve kolayl\u0131klar sa\u011fl\u0131yoruz; ne gerekiyorsa yapmaya haz\u0131r\u0131z. Bu meselede s\u0131k\u0131\u015f\u0131p kalmak istemiyoruz. \u00d6nceki rejim, bug\u00fcn sundu\u011fumuzun be\u015fte birini bile sunsayd\u0131 DSG kabul ederdi.&#8221;<\/p>\n<p style=\"text-align: justify\"><strong>&#8220;Yeni bir Afganistan senaryosuna izin vermeyece\u011fiz&#8221;<\/strong><\/p>\n<p style=\"text-align: justify\">ABD\u2019nin b\u00f6lgeden \u00e7ekilmesi durumunda olu\u015fabilecek otorite bo\u015flu\u011funa dikkat \u00e7eken \u015eeybani, DSG\u2019nin yasal bir stat\u00fcye kavu\u015fturulaca\u011f\u0131n\u0131 ve ordunun bir par\u00e7as\u0131 haline gelece\u011fini belirtti.<\/p>\n<p style=\"text-align: justify\">Bakan, bu plan\u0131n ABD taraf\u0131ndan da desteklendi\u011fini \u015fu s\u00f6zlerle ifade etti:<\/p>\n<p style=\"text-align: justify\">&#8220;Biz, DSG\u2019nin ne terk edilmesini ne de yasal-siyasi bir bo\u015flukta b\u0131rak\u0131lmas\u0131n\u0131 gerektirmeyen bir yakla\u015f\u0131m geli\u015ftirdik. Bir ba\u015fka Afganistan senaryosundan ka\u00e7\u0131nmak i\u00e7in net g\u00fcvenceler sunuyoruz. ABD kalmay\u0131 se\u00e7erse, bu varl\u0131k Suriye h\u00fck\u00fcmetiyle koordineli olur. \u00c7ekilmeyi se\u00e7erse, bu bar\u0131\u015f i\u00e7inde olur. Washington&#8217;un &#8216;M\u00fcttefikimizi terk etmedik, entegre ettik&#8217; diyebilmesini sa\u011fl\u0131yoruz.&#8221;<\/p>\n<p style=\"text-align: justify\"><strong>Beyaz Saray\u2019a uzanan yol ve Erdo\u011fan\u2019\u0131n rol\u00fc<\/strong><\/p>\n<p style=\"text-align: justify\">\u015eeybani, Suriye Cumhurba\u015fkan\u0131 Ahmed \u015eara\u2019n\u0131n ABD Ba\u015fkan\u0131 Trump ile Oval Ofis\u2019te yapt\u0131\u011f\u0131 tarihi g\u00f6r\u00fc\u015fmenin arka plan\u0131n\u0131 da payla\u015ft\u0131.<\/p>\n<p style=\"text-align: justify\">S\u00fcrecin mimarlar\u0131n\u0131n Riyad ve Ankara oldu\u011funu belirten Bakan, &#8220;Cumhurba\u015fkan\u0131 \u015eara, Trump ile g\u00f6r\u00fc\u015ft\u00fc\u011f\u00fcnde ben oradayd\u0131m; T\u00fcrkiye Cumhurba\u015fkan\u0131 Erdo\u011fan da telefonla kat\u0131ld\u0131. Mesaj a\u00e7\u0131kt\u0131: Suriye i\u00e7in g\u00fcvence veriliyordu. Prens Selman ve Cumhurba\u015fkan\u0131 Erdo\u011fan, Trump\u2019\u0131 yapt\u0131r\u0131mlar\u0131 kald\u0131rmaya te\u015fvik etti. Trump\u2019\u0131n T\u00fcrkiye ve Suudi Arabistan\u2019la \u00e7ok g\u00fc\u00e7l\u00fc ili\u015fkileri var ve bu, Suriye\u2019ye dair alg\u0131s\u0131n\u0131 iyile\u015ftirdi\u201d diye konu\u015ftu.<\/p>\n<p style=\"text-align: justify\"><strong>\u0130srail\u2019e net rest: &#8220;\u00c7ekilme yoksa imza yok&#8221;<\/strong><\/p>\n<p style=\"text-align: justify\">R\u00f6portajda \u0130srail ile olas\u0131 bir anla\u015fmaya da de\u011finen \u015eeybani, &#8220;toprak kar\u015f\u0131l\u0131\u011f\u0131 bar\u0131\u015f&#8221; ilkesinden taviz vermeyeceklerinin alt\u0131n\u0131 \u00e7izdi.<\/p>\n<p style=\"text-align: justify\">7 Aral\u0131k 2024 hatt\u0131na \u00e7ekilmenin &#8220;pazarl\u0131k konusu olmad\u0131\u011f\u0131n\u0131&#8221; vurgulayan \u015eeybani, &#8220;Bu konuda Amerikan s\u00f6z\u00fc var ancak \u00e7ekilme olmadan hi\u00e7bir anla\u015fmaya imza atmayaca\u011f\u0131z. Yeni i\u015fgal edilmi\u015f topraklar \u00fczerinde bir anla\u015fmaya imza atmam\u0131z s\u00f6z konusu bile olamaz. Biz 1974 \u00e7er\u00e7evesinin tamamen terk edilip yeni bir anla\u015fma yap\u0131lmas\u0131n\u0131 reddediyoruz. G\u00fcneydeki herhangi bir g\u00fcvenlik zafiyeti Suriye h\u00fck\u00fcmetine fatura edilir, ba\u015fkas\u0131na de\u011fil. Bu sorumlulu\u011fu almaya haz\u0131r\u0131z\u201d ifadelerini kulland\u0131.<\/p>\n<p style=\"text-align: justify\"><strong>&#8220;Biz sinyal arayan bir anten gibiyiz&#8221;<\/strong><\/p>\n<p style=\"text-align: justify\">R\u00f6portaj\u0131n sonunda Suriye\u2019nin d\u0131\u015f politikas\u0131ndaki eksen kaymas\u0131n\u0131 de\u011ferlendiren \u015eeybani, \u00fclkesinin art\u0131k kat\u0131 bloklara inanmad\u0131\u011f\u0131n\u0131, bunun yerine ulusal \u00e7\u0131karlara odakland\u0131\u011f\u0131n\u0131 belirterek s\u00f6zlerini \u015f\u00f6yle tamamlad\u0131:<\/p>\n<p style=\"text-align: justify\">&#8220;Biz &#8216;blok&#8217; fikrine inanm\u0131yoruz. Biz, sinyal arayan eski bir TV anteni gibiyiz; Suriye\u2019nin \u00e7\u0131karlar\u0131 neredeyse oraya d\u00f6neriz. Amerika ile hizalan\u0131rsak Rusya \u00e7\u00f6kmez. Rusya ile hizalan\u0131rsak Ukrayna d\u00fc\u015fmez. Ger\u00e7ek istikrar\u0131 ve ekonomik deste\u011fi nerede bulursak, yolumuz o tarafa d\u00f6ner.&#8221;<\/p>\n","protected":false},"excerpt":{"rendered":"<p>\u00a0Suriye D\u0131\u015fi\u015fleri Bakan\u0131 Esad \u015eeybani, \u015eam y\u00f6netiminin &#8220;blok siyasetini&#8221; terk etti\u011fini s\u00f6yledi. Cumhurba\u015fkan\u0131 Ahmed \u015eara\u2019n\u0131n Beyaz Saray ziyaretinin perde arkas\u0131n\u0131 anlatan \u015eeybani, T\u00fcrkiye ve ABD\u2019nin DSG konusunda tarihte ilk kez anla\u015ft\u0131\u011f\u0131n\u0131 duyurdu. \u015eeybani, DSG \u00fcyeleri i\u00e7in Ankara ile bir &#8220;af mekanizmas\u0131&#8221; \u00fczerinde \u00e7al\u0131\u015ft\u0131klar\u0131n\u0131 a\u00e7\u0131klad\u0131. Suudi Arabistan&#8217;a ait \u0130ngiltere merkezli Al Majalla dergisinde yay\u0131mlanan r\u00f6portaj\u0131n ikinci [&hellip;]<\/p>\n","protected":false},"author":2,"featured_media":1035759,"comment_status":"closed","ping_status":"closed","sticky":false,"template":"","format":"standard","meta":{"footnotes":""},"categories":[29],"tags":[31],"class_list":["post-1035758","post","type-post","status-publish","format-standard","has-post-thumbnail","hentry","category-ortadogu","tag-onemli"],"blocksy_meta":[],"seo_head":"<!-- This site is optimized with the Yoast SEO plugin v27.5 - https:\/\/yoast.com\/product\/yoast-seo-wordpress\/ -->\n<title>Esad \u015eeybani&#039;den Rojava ile ilgili dikkat \u00e7eken a\u00e7\u0131klama: DSG \u00fcyeleri i\u00e7in Ankara ile bir &quot;af mekanizmas\u0131&quot; \u00e7al\u0131\u015f\u0131yoruz - Darka Mazi<\/title>\n<meta name=\"robots\" content=\"index, follow, max-snippet:-1, max-image-preview:large, max-video-preview:-1\" \/>\n<link rel=\"canonical\" href=\"https:\/\/darkamazi.site\/archives\/1035758\" \/>\n<meta property=\"og:locale\" content=\"en_US\" \/>\n<meta property=\"og:type\" content=\"article\" \/>\n<meta property=\"og:title\" content=\"Esad \u015eeybani&#039;den Rojava ile ilgili dikkat \u00e7eken a\u00e7\u0131klama: DSG \u00fcyeleri i\u00e7in Ankara ile bir &quot;af mekanizmas\u0131&quot; \u00e7al\u0131\u015f\u0131yoruz - Darka Mazi\" \/>\n<meta property=\"og:description\" content=\"\u00a0Suriye D\u0131\u015fi\u015fleri Bakan\u0131 Esad \u015eeybani, \u015eam y\u00f6netiminin &#8220;blok siyasetini&#8221; terk etti\u011fini s\u00f6yledi. Cumhurba\u015fkan\u0131 Ahmed \u015eara\u2019n\u0131n Beyaz Saray ziyaretinin perde arkas\u0131n\u0131 anlatan \u015eeybani, T\u00fcrkiye ve ABD\u2019nin DSG konusunda tarihte ilk kez anla\u015ft\u0131\u011f\u0131n\u0131 duyurdu. \u015eeybani, DSG \u00fcyeleri i\u00e7in Ankara ile bir &#8220;af mekanizmas\u0131&#8221; \u00fczerinde \u00e7al\u0131\u015ft\u0131klar\u0131n\u0131 a\u00e7\u0131klad\u0131. Suudi Arabistan&#8217;a ait \u0130ngiltere merkezli Al Majalla dergisinde yay\u0131mlanan r\u00f6portaj\u0131n ikinci [&hellip;]\" \/>\n<meta property=\"og:url\" content=\"https:\/\/darkamazi.site\/archives\/1035758\" \/>\n<meta property=\"og:site_name\" content=\"Darka Mazi\" \/>\n<meta property=\"article:publisher\" content=\"https:\/\/www.facebook.com\/DarkaMaziturkce\" \/>\n<meta property=\"article:published_time\" content=\"2025-11-23T13:37:18+00:00\" \/>\n<meta property=\"article:modified_time\" content=\"2025-11-23T13:38:17+00:00\" \/>\n<meta property=\"og:image\" content=\"https:\/\/darkamazi.site\/file\/2025\/11\/Seybani.jpg\" \/>\n\t<meta property=\"og:image:width\" content=\"1500\" \/>\n\t<meta property=\"og:image:height\" content=\"945\" \/>\n\t<meta property=\"og:image:type\" content=\"image\/jpeg\" \/>\n<meta name=\"author\" content=\"darka mazi\" \/>\n<meta name=\"twitter:card\" content=\"summary_large_image\" \/>\n<meta name=\"twitter:creator\" content=\"@DarkaMaziTurkce\" \/>\n<meta name=\"twitter:site\" content=\"@DarkaMaziTurkce\" \/>\n<meta name=\"twitter:label1\" content=\"Written by\" \/>\n\t<meta name=\"twitter:data1\" content=\"darka mazi\" \/>\n\t<meta name=\"twitter:label2\" content=\"Est. reading time\" \/>\n\t<meta name=\"twitter:data2\" content=\"3 minutes\" \/>\n<script type=\"application\/ld+json\" class=\"seo-schema-graph\">{\"@context\":\"https:\\\/\\\/schema.org\",\"@graph\":[{\"@type\":\"NewsArticle\",\"@id\":\"https:\\\/\\\/darkamazi.site\\\/archives\\\/1035758#article\",\"isPartOf\":{\"@id\":\"https:\\\/\\\/darkamazi.site\\\/archives\\\/1035758\"},\"author\":{\"name\":\"darka mazi\",\"@id\":\"https:\\\/\\\/darkamazi.site\\\/#\\\/schema\\\/person\\\/67986a95ac546c16760365877ef4a9d3\"},\"headline\":\"Esad \u015eeybani&#8217;den Rojava ile ilgili dikkat \u00e7eken a\u00e7\u0131klama: DSG \u00fcyeleri i\u00e7in Ankara ile bir &#8220;af mekanizmas\u0131&#8221; \u00e7al\u0131\u015f\u0131yoruz\",\"datePublished\":\"2025-11-23T13:37:18+00:00\",\"dateModified\":\"2025-11-23T13:38:17+00:00\",\"mainEntityOfPage\":{\"@id\":\"https:\\\/\\\/darkamazi.site\\\/archives\\\/1035758\"},\"wordCount\":928,\"publisher\":{\"@id\":\"https:\\\/\\\/darkamazi.site\\\/#organization\"},\"image\":{\"@id\":\"https:\\\/\\\/darkamazi.site\\\/archives\\\/1035758#primaryimage\"},\"thumbnailUrl\":\"https:\\\/\\\/darkamazi.site\\\/darka-content\\\/uploads\\\/2025\\\/11\\\/Seybani.jpg\",\"keywords\":[\"\u00f6nemli\"],\"articleSection\":[\"Ortado\u011fu\"],\"inLanguage\":\"en-US\"},{\"@type\":\"WebPage\",\"@id\":\"https:\\\/\\\/darkamazi.site\\\/archives\\\/1035758\",\"url\":\"https:\\\/\\\/darkamazi.site\\\/archives\\\/1035758\",\"name\":\"Esad \u015eeybani'den Rojava ile ilgili dikkat \u00e7eken a\u00e7\u0131klama: DSG \u00fcyeleri i\u00e7in Ankara ile bir \\\"af mekanizmas\u0131\\\" \u00e7al\u0131\u015f\u0131yoruz - Darka Mazi\",\"isPartOf\":{\"@id\":\"https:\\\/\\\/darkamazi.site\\\/#website\"},\"primaryImageOfPage\":{\"@id\":\"https:\\\/\\\/darkamazi.site\\\/archives\\\/1035758#primaryimage\"},\"image\":{\"@id\":\"https:\\\/\\\/darkamazi.site\\\/archives\\\/1035758#primaryimage\"},\"thumbnailUrl\":\"https:\\\/\\\/darkamazi.site\\\/darka-content\\\/uploads\\\/2025\\\/11\\\/Seybani.jpg\",\"datePublished\":\"2025-11-23T13:37:18+00:00\",\"dateModified\":\"2025-11-23T13:38:17+00:00\",\"breadcrumb\":{\"@id\":\"https:\\\/\\\/darkamazi.site\\\/archives\\\/1035758#breadcrumb\"},\"inLanguage\":\"en-US\",\"potentialAction\":[{\"@type\":\"ReadAction\",\"target\":[\"https:\\\/\\\/darkamazi.site\\\/archives\\\/1035758\"]}]},{\"@type\":\"ImageObject\",\"inLanguage\":\"en-US\",\"@id\":\"https:\\\/\\\/darkamazi.site\\\/archives\\\/1035758#primaryimage\",\"url\":\"https:\\\/\\\/darkamazi.site\\\/darka-content\\\/uploads\\\/2025\\\/11\\\/Seybani.jpg\",\"contentUrl\":\"https:\\\/\\\/darkamazi.site\\\/darka-content\\\/uploads\\\/2025\\\/11\\\/Seybani.jpg\",\"width\":1500,\"height\":945,\"caption\":\"Esad \u015eeybani'den Rojava ile ilgili dikkat \u00e7eken a\u00e7\u0131klama: DSG \u00fcyeleri i\u00e7in Ankara ile bir \\\"af mekanizmas\u0131\\\" \u00e7al\u0131\u015f\u0131yoruz\"},{\"@type\":\"BreadcrumbList\",\"@id\":\"https:\\\/\\\/darkamazi.site\\\/archives\\\/1035758#breadcrumb\",\"itemListElement\":[{\"@type\":\"ListItem\",\"position\":1,\"name\":\"Home\",\"item\":\"https:\\\/\\\/darkamazi.site\\\/\"},{\"@type\":\"ListItem\",\"position\":2,\"name\":\"Esad \u015eeybani&#8217;den Rojava ile ilgili dikkat \u00e7eken a\u00e7\u0131klama: DSG \u00fcyeleri i\u00e7in Ankara ile bir &#8220;af mekanizmas\u0131&#8221; \u00e7al\u0131\u015f\u0131yoruz\"}]},{\"@type\":\"WebSite\",\"@id\":\"https:\\\/\\\/darkamazi.site\\\/#website\",\"url\":\"https:\\\/\\\/darkamazi.site\\\/\",\"name\":\"Darka Mazi\",\"description\":\"Ana Sayfa\",\"publisher\":{\"@id\":\"https:\\\/\\\/darkamazi.site\\\/#organization\"},\"potentialAction\":[{\"@type\":\"SearchAction\",\"target\":{\"@type\":\"EntryPoint\",\"urlTemplate\":\"https:\\\/\\\/darkamazi.site\\\/?s={search_term_string}\"},\"query-input\":{\"@type\":\"PropertyValueSpecification\",\"valueRequired\":true,\"valueName\":\"search_term_string\"}}],\"inLanguage\":\"en-US\"},{\"@type\":\"Organization\",\"@id\":\"https:\\\/\\\/darkamazi.site\\\/#organization\",\"name\":\"Darka Mazi T\u00fcrk\u00e7e\",\"alternateName\":\"Darka Mazi\",\"url\":\"https:\\\/\\\/darkamazi.site\\\/\",\"logo\":{\"@type\":\"ImageObject\",\"inLanguage\":\"en-US\",\"@id\":\"https:\\\/\\\/darkamazi.site\\\/#\\\/schema\\\/logo\\\/image\\\/\",\"url\":\"https:\\\/\\\/darkamazi.site\\\/darka-content\\\/uploads\\\/2017\\\/12\\\/darka-mazi-logo.png\",\"contentUrl\":\"https:\\\/\\\/darkamazi.site\\\/darka-content\\\/uploads\\\/2017\\\/12\\\/darka-mazi-logo.png\",\"width\":151,\"height\":75,\"caption\":\"Darka Mazi T\u00fcrk\u00e7e\"},\"image\":{\"@id\":\"https:\\\/\\\/darkamazi.site\\\/#\\\/schema\\\/logo\\\/image\\\/\"},\"sameAs\":[\"https:\\\/\\\/www.facebook.com\\\/DarkaMaziturkce\",\"https:\\\/\\\/x.com\\\/DarkaMaziTurkce\"]},{\"@type\":\"Person\",\"@id\":\"https:\\\/\\\/darkamazi.site\\\/#\\\/schema\\\/person\\\/67986a95ac546c16760365877ef4a9d3\",\"name\":\"darka mazi\",\"sameAs\":[\"https:\\\/\\\/darkamazi.site\"],\"url\":\"https:\\\/\\\/darkamazi.site\\\/archives\\\/author\\\/turkish\"}]}<\/script>\n<!-- \/ Yoast SEO plugin. -->","seo_head_json":{"title":"Esad \u015eeybani'den Rojava ile ilgili dikkat \u00e7eken a\u00e7\u0131klama: DSG \u00fcyeleri i\u00e7in Ankara ile bir \"af mekanizmas\u0131\" \u00e7al\u0131\u015f\u0131yoruz - Darka Mazi","robots":{"index":"index","follow":"follow","max-snippet":"max-snippet:-1","max-image-preview":"max-image-preview:large","max-video-preview":"max-video-preview:-1"},"canonical":"https:\/\/darkamazi.site\/archives\/1035758","og_locale":"en_US","og_type":"article","og_title":"Esad \u015eeybani'den Rojava ile ilgili dikkat \u00e7eken a\u00e7\u0131klama: DSG \u00fcyeleri i\u00e7in Ankara ile bir \"af mekanizmas\u0131\" \u00e7al\u0131\u015f\u0131yoruz - Darka Mazi","og_description":"\u00a0Suriye D\u0131\u015fi\u015fleri Bakan\u0131 Esad \u015eeybani, \u015eam y\u00f6netiminin &#8220;blok siyasetini&#8221; terk etti\u011fini s\u00f6yledi. Cumhurba\u015fkan\u0131 Ahmed \u015eara\u2019n\u0131n Beyaz Saray ziyaretinin perde arkas\u0131n\u0131 anlatan \u015eeybani, T\u00fcrkiye ve ABD\u2019nin DSG konusunda tarihte ilk kez anla\u015ft\u0131\u011f\u0131n\u0131 duyurdu. \u015eeybani, DSG \u00fcyeleri i\u00e7in Ankara ile bir &#8220;af mekanizmas\u0131&#8221; \u00fczerinde \u00e7al\u0131\u015ft\u0131klar\u0131n\u0131 a\u00e7\u0131klad\u0131. Suudi Arabistan&#8217;a ait \u0130ngiltere merkezli Al Majalla dergisinde yay\u0131mlanan r\u00f6portaj\u0131n ikinci [&hellip;]","og_url":"https:\/\/darkamazi.site\/archives\/1035758","og_site_name":"Darka Mazi","article_publisher":"https:\/\/www.facebook.com\/DarkaMaziturkce","article_published_time":"2025-11-23T13:37:18+00:00","article_modified_time":"2025-11-23T13:38:17+00:00","og_image":[{"width":1500,"height":945,"url":"https:\/\/darkamazi.site\/file\/2025\/11\/Seybani.jpg","type":"image\/jpeg"}],"author":"darka mazi","twitter_card":"summary_large_image","twitter_creator":"@DarkaMaziTurkce","twitter_site":"@DarkaMaziTurkce","twitter_misc":{"Written by":"darka mazi","Est. reading time":"3 minutes"},"schema":{"@context":"https:\/\/schema.org","@graph":[{"@type":"NewsArticle","@id":"https:\/\/darkamazi.site\/archives\/1035758#article","isPartOf":{"@id":"https:\/\/darkamazi.site\/archives\/1035758"},"author":{"name":"darka mazi","@id":"https:\/\/darkamazi.site\/#\/schema\/person\/67986a95ac546c16760365877ef4a9d3"},"headline":"Esad \u015eeybani&#8217;den Rojava ile ilgili dikkat \u00e7eken a\u00e7\u0131klama: DSG \u00fcyeleri i\u00e7in Ankara ile bir &#8220;af mekanizmas\u0131&#8221; \u00e7al\u0131\u015f\u0131yoruz","datePublished":"2025-11-23T13:37:18+00:00","dateModified":"2025-11-23T13:38:17+00:00","mainEntityOfPage":{"@id":"https:\/\/darkamazi.site\/archives\/1035758"},"wordCount":928,"publisher":{"@id":"https:\/\/darkamazi.site\/#organization"},"image":{"@id":"https:\/\/darkamazi.site\/archives\/1035758#primaryimage"},"thumbnailUrl":"https:\/\/darkamazi.site\/file\/2025\/11\/Seybani.jpg","keywords":["\u00f6nemli"],"articleSection":["Ortado\u011fu"],"inLanguage":"en-US"},{"@type":"WebPage","@id":"https:\/\/darkamazi.site\/archives\/1035758","url":"https:\/\/darkamazi.site\/archives\/1035758","name":"Esad \u015eeybani'den Rojava ile ilgili dikkat \u00e7eken a\u00e7\u0131klama: DSG \u00fcyeleri i\u00e7in Ankara ile bir \"af mekanizmas\u0131\" \u00e7al\u0131\u015f\u0131yoruz - Darka Mazi","isPartOf":{"@id":"https:\/\/darkamazi.site\/#website"},"primaryImageOfPage":{"@id":"https:\/\/darkamazi.site\/archives\/1035758#primaryimage"},"image":{"@id":"https:\/\/darkamazi.site\/archives\/1035758#primaryimage"},"thumbnailUrl":"https:\/\/darkamazi.site\/file\/2025\/11\/Seybani.jpg","datePublished":"2025-11-23T13:37:18+00:00","dateModified":"2025-11-23T13:38:17+00:00","breadcrumb":{"@id":"https:\/\/darkamazi.site\/archives\/1035758#breadcrumb"},"inLanguage":"en-US","potentialAction":[{"@type":"ReadAction","target":["https:\/\/darkamazi.site\/archives\/1035758"]}]},{"@type":"ImageObject","inLanguage":"en-US","@id":"https:\/\/darkamazi.site\/archives\/1035758#primaryimage","url":"https:\/\/darkamazi.site\/file\/2025\/11\/Seybani.jpg","contentUrl":"https:\/\/darkamazi.site\/file\/2025\/11\/Seybani.jpg","width":1500,"height":945,"caption":"Esad \u015eeybani'den Rojava ile ilgili dikkat \u00e7eken a\u00e7\u0131klama: DSG \u00fcyeleri i\u00e7in Ankara ile bir \"af mekanizmas\u0131\" \u00e7al\u0131\u015f\u0131yoruz"},{"@type":"BreadcrumbList","@id":"https:\/\/darkamazi.site\/archives\/1035758#breadcrumb","itemListElement":[{"@type":"ListItem","position":1,"name":"Home","item":"https:\/\/darkamazi.site\/"},{"@type":"ListItem","position":2,"name":"Esad \u015eeybani&#8217;den Rojava ile ilgili dikkat \u00e7eken a\u00e7\u0131klama: DSG \u00fcyeleri i\u00e7in Ankara ile bir &#8220;af mekanizmas\u0131&#8221; \u00e7al\u0131\u015f\u0131yoruz"}]},{"@type":"WebSite","@id":"https:\/\/darkamazi.site\/#website","url":"https:\/\/darkamazi.site\/","name":"Darka Mazi","description":"Ana Sayfa","publisher":{"@id":"https:\/\/darkamazi.site\/#organization"},"potentialAction":[{"@type":"SearchAction","target":{"@type":"EntryPoint","urlTemplate":"https:\/\/darkamazi.site\/?s={search_term_string}"},"query-input":{"@type":"PropertyValueSpecification","valueRequired":true,"valueName":"search_term_string"}}],"inLanguage":"en-US"},{"@type":"Organization","@id":"https:\/\/darkamazi.site\/#organization","name":"Darka Mazi T\u00fcrk\u00e7e","alternateName":"Darka Mazi","url":"https:\/\/darkamazi.site\/","logo":{"@type":"ImageObject","inLanguage":"en-US","@id":"https:\/\/darkamazi.site\/#\/schema\/logo\/image\/","url":"https:\/\/darkamazi.site\/file\/2017\/12\/darka-mazi-logo.png","contentUrl":"https:\/\/darkamazi.site\/file\/2017\/12\/darka-mazi-logo.png","width":151,"height":75,"caption":"Darka Mazi T\u00fcrk\u00e7e"},"image":{"@id":"https:\/\/darkamazi.site\/#\/schema\/logo\/image\/"},"sameAs":["https:\/\/www.facebook.com\/DarkaMaziturkce","https:\/\/x.com\/DarkaMaziTurkce"]},{"@type":"Person","@id":"https:\/\/darkamazi.site\/#\/schema\/person\/67986a95ac546c16760365877ef4a9d3","name":"darka mazi","sameAs":["https:\/\/darkamazi.site"],"url":"https:\/\/darkamazi.site\/archives\/author\/turkish"}]}},"_links":{"self":[{"href":"https:\/\/darkamazi.site\/funavuv\/wp\/v2\/posts\/1035758","targetHints":{"allow":["GET"]}}],"collection":[{"href":"https:\/\/darkamazi.site\/funavuv\/wp\/v2\/posts"}],"about":[{"href":"https:\/\/darkamazi.site\/funavuv\/wp\/v2\/types\/post"}],"author":[{"embeddable":true,"href":"https:\/\/darkamazi.site\/funavuv\/wp\/v2\/users\/2"}],"replies":[{"embeddable":true,"href":"https:\/\/darkamazi.site\/funavuv\/wp\/v2\/comments?post=1035758"}],"version-history":[{"count":0,"href":"https:\/\/darkamazi.site\/funavuv\/wp\/v2\/posts\/1035758\/revisions"}],"wp:featuredmedia":[{"embeddable":true,"href":"https:\/\/darkamazi.site\/funavuv\/wp\/v2\/media\/1035759"}],"wp:attachment":[{"href":"https:\/\/darkamazi.site\/funavuv\/wp\/v2\/media?parent=1035758"}],"wp:term":[{"taxonomy":"category","embeddable":true,"href":"https:\/\/darkamazi.site\/funavuv\/wp\/v2\/categories?post=1035758"},{"taxonomy":"post_tag","embeddable":true,"href":"https:\/\/darkamazi.site\/funavuv\/wp\/v2\/tags?post=1035758"}],"curies":[{"name":"wp","href":"https:\/\/api.w.org\/{rel}","templated":true}]}}