{"id":1035764,"date":"2025-11-26T10:54:26","date_gmt":"2025-11-26T07:54:26","guid":{"rendered":"https:\/\/darkamazi.site\/?p=1035764"},"modified":"2025-11-26T11:46:00","modified_gmt":"2025-11-26T08:46:00","slug":"abdulkadir-selvi-ocalan-sdgnin-suriyeye-entegre-olmasi-konusunda-net-mesaj-vermis","status":"publish","type":"post","link":"https:\/\/darkamazi.site\/archives\/1035764","title":{"rendered":"Abdulkadir Selvi: \u00d6calan, SDG\u2019nin Suriye\u2019ye entegre olmas\u0131 konusunda net mesaj vermi\u015f"},"content":{"rendered":"<p style=\"text-align: justify\">\u00a0Gazeteci Abdulkadir Selvi, bug\u00fcnk\u00fc k\u00f6\u015fe yaz\u0131s\u0131nda \u00d6calan ile s\u00fcre\u00e7 komisyonu heyetinin yapt\u0131\u011f\u0131 g\u00f6r\u00fc\u015fmenin detaylar\u0131n\u0131 kaleme ald\u0131. G\u00f6r\u00fc\u015fmenin i\u00e7eri\u011fine dair \u00f6nemli kulis bilgilerini payla\u015fan Selvi, \u00d6calan\u2019\u0131n Demokratik Suriye G\u00fc\u00e7leri&#8217;nin (DSG) Suriye ordusuna kat\u0131lmas\u0131 y\u00f6n\u00fcnde net bir tav\u0131r sergiledi\u011fini belirtti.<\/p>\n<p style=\"text-align: justify\">Selvi, bug\u00fcnk\u00fc yaz\u0131s\u0131nda kamuoyunun en \u00e7ok merak etti\u011fi konular\u0131n ba\u015f\u0131nda gelen \u0130mral\u0131 g\u00f6r\u00fc\u015fmesine de\u011findi. G\u00f6r\u00fc\u015fmenin olumlu ge\u00e7ti\u011finin teyit edildi\u011fini belirten Selvi, yaz\u0131s\u0131nda \u015fu ifadeleri kulland\u0131:<\/p>\n<p style=\"text-align: justify\">&#8220;\u00d6calan\u2019la milletvekillerinin g\u00f6r\u00fc\u015fmesi en \u00e7ok merak edilen konular\u0131n ba\u015f\u0131nda geliyor. Do\u011frusu ben de merak ediyorum. Bilinenleri tekrarlamayay\u0131m, g\u00f6r\u00fc\u015fmenin iyi ge\u00e7ti\u011fi teyit ediliyor. Ben en \u00e7ok SDG\u2019ye mesaj verip vermedi\u011fini merak ediyordum. O nedenle ula\u015fabildi\u011fim yerlere bunu sordum. \u00d6calan, SDG\u2019nin Suriye\u2019ye entegre olmas\u0131 konusunda net mesaj vermi\u015f. SDG\u2019nin, Suriye ordusuna entegre olmas\u0131n\u0131 isterken bunu gerek\u00e7elendirmi\u015f. Yeni Suriye\u2019nin bir par\u00e7as\u0131 olman\u0131n \u00f6nemine de\u011finmi\u015f.\u201d<\/p>\n<p style=\"text-align: justify\"><strong>\u201cT\u00fcrkiye aleyhinde bir \u015feyi bana getirmeyin\u201d<\/strong><\/p>\n<p style=\"text-align: justify\">Selvi, s\u00fcrecin ge\u00e7mi\u015fine at\u0131fta bulunarak \u00d6calan&#8217;\u0131n daha \u00f6nceki \u00e7a\u011fr\u0131lar\u0131n\u0131 ve sahadaki durumu \u015f\u00f6yle aktard\u0131:<\/p>\n<p style=\"text-align: justify\">&#8220;\u00d6calan\u2019\u0131n 27 \u015eubat\u2019taki \u00e7a\u011fr\u0131s\u0131n\u0131n SDG\u2019yi kapsay\u0131p kapsamad\u0131\u011f\u0131 tart\u0131\u015f\u0131lm\u0131\u015ft\u0131. \u0130mral\u0131 heyetinde yer alan rahmetli S\u0131rr\u0131 S\u00fcreyya \u00d6nder, SDG\u2019yi de kapsad\u0131\u011f\u0131n\u0131 a\u00e7\u0131k bir dille ifade etmi\u015fti. Ama \u015eam y\u00f6netimiyle 10 Mart\u2019ta yapt\u0131\u011f\u0131 mutabakata ra\u011fmen SDG \u015fimdiye kadar ipe un sermeyi tercih etti.&#8221;<\/p>\n<p style=\"text-align: justify\">Yaz\u0131s\u0131nda uluslararas\u0131 dengelere ve ABD Ba\u015fkan\u0131 Trump ile Cumhurba\u015fkan\u0131 Erdo\u011fan aras\u0131ndaki g\u00f6r\u00fc\u015fmeye de dikkat \u00e7eken Selvi, ABD kanad\u0131ndan gelen mesajlar\u0131 \u015fu \u015fekilde aktard\u0131:<\/p>\n<p style=\"text-align: justify\">&#8220;T\u00fcrkiye bu konuda kararl\u0131. ABD Ba\u015fkan\u0131 Trump, Cumhurba\u015fkan\u0131 Erdo\u011fan\u2019la g\u00f6r\u00fc\u015fmesi s\u0131ras\u0131nda ekibine d\u00f6nerek, &#8216;T\u00fcrkiye aleyhinde bir \u015feyi bana getirmeyin. Bana \u00e7\u00f6z\u00fcm \u00f6nerileriyle gelin&#8217; diyor. Erdo\u011fan-Trump g\u00f6r\u00fc\u015fmesinden sonra Centcom Ba\u015fkan\u0131 Cooper, Mazlum Abdi\u2019ye &#8216;Biz ilelebet burada olmayaca\u011f\u0131z. \u015eam\u2019la anla\u015f&#8217; demi\u015fti. Suriye y\u00f6netimi de bu entegrasyon i\u00e7in \u00e7aba g\u00f6steriyor. \u015eimdi \u00d6calan\u2019dan bu s\u00fcrece ivme kazand\u0131racak yeni bir hamle geldi. \u00d6calan, milletvekilleri ile g\u00f6r\u00fc\u015fmede SDG\u2019nin entegrasyonu konusunda g\u00fc\u00e7l\u00fc bir mesaj vermi\u015f.&#8221;<\/p>\n<p style=\"text-align: justify\"><strong>\u201cBu f\u0131rsat bir daha ele ge\u00e7mez\u201d<\/strong><\/p>\n<p style=\"text-align: justify\">Abdulkadir Selvi, yaz\u0131s\u0131n\u0131n son b\u00f6l\u00fcm\u00fcnde mevcut konjonkt\u00fcr\u00fcn T\u00fcrkiye i\u00e7in tarihi bir f\u0131rsat oldu\u011funu vurgulayarak \u015fu de\u011ferlendirmede bulundu:<\/p>\n<p style=\"text-align: justify\">&#8220;E\u011fer ABD\u2019yi b\u00f6yle yakalam\u0131\u015fken, \u015eam\u2019da T\u00fcrkiye dostu bir y\u00f6netim varken, \u00d6calan \u00fcst \u00fcste \u00e7a\u011fr\u0131lar yap\u0131yorken, T\u00fcrkiye en g\u00fc\u00e7l\u00fc d\u00f6nemini ya\u015f\u0131yorken biz bu i\u015fi \u00e7\u00f6zemezsek T\u00fcrkiye\u2019ye yaz\u0131k olur. \u00c7\u00fcnk\u00fc bu f\u0131rsat bir daha ele ge\u00e7mez.&#8221;<\/p>\n","protected":false},"excerpt":{"rendered":"<p>\u00a0Gazeteci Abdulkadir Selvi, bug\u00fcnk\u00fc k\u00f6\u015fe yaz\u0131s\u0131nda \u00d6calan ile s\u00fcre\u00e7 komisyonu heyetinin yapt\u0131\u011f\u0131 g\u00f6r\u00fc\u015fmenin detaylar\u0131n\u0131 kaleme ald\u0131. G\u00f6r\u00fc\u015fmenin i\u00e7eri\u011fine dair \u00f6nemli kulis bilgilerini payla\u015fan Selvi, \u00d6calan\u2019\u0131n Demokratik Suriye G\u00fc\u00e7leri&#8217;nin (DSG) Suriye ordusuna kat\u0131lmas\u0131 y\u00f6n\u00fcnde net bir tav\u0131r sergiledi\u011fini belirtti. Selvi, bug\u00fcnk\u00fc yaz\u0131s\u0131nda kamuoyunun en \u00e7ok merak etti\u011fi konular\u0131n ba\u015f\u0131nda gelen \u0130mral\u0131 g\u00f6r\u00fc\u015fmesine de\u011findi. G\u00f6r\u00fc\u015fmenin olumlu ge\u00e7ti\u011finin [&hellip;]<\/p>\n","protected":false},"author":2,"featured_media":1035767,"comment_status":"closed","ping_status":"closed","sticky":false,"template":"","format":"standard","meta":{"footnotes":""},"categories":[29],"tags":[31],"class_list":["post-1035764","post","type-post","status-publish","format-standard","has-post-thumbnail","hentry","category-ortadogu","tag-onemli"],"blocksy_meta":[],"seo_head":"<!-- This site is optimized with the Yoast SEO plugin v27.5 - https:\/\/yoast.com\/product\/yoast-seo-wordpress\/ -->\n<title>Abdulkadir Selvi: \u00d6calan, SDG\u2019nin Suriye\u2019ye entegre olmas\u0131 konusunda net mesaj vermi\u015f - Darka Mazi<\/title>\n<meta name=\"robots\" content=\"index, follow, max-snippet:-1, max-image-preview:large, max-video-preview:-1\" \/>\n<link rel=\"canonical\" href=\"https:\/\/darkamazi.site\/archives\/1035764\" \/>\n<meta property=\"og:locale\" content=\"en_US\" \/>\n<meta property=\"og:type\" content=\"article\" \/>\n<meta property=\"og:title\" content=\"Abdulkadir Selvi: \u00d6calan, SDG\u2019nin Suriye\u2019ye entegre olmas\u0131 konusunda net mesaj vermi\u015f - Darka Mazi\" \/>\n<meta property=\"og:description\" content=\"\u00a0Gazeteci Abdulkadir Selvi, bug\u00fcnk\u00fc k\u00f6\u015fe yaz\u0131s\u0131nda \u00d6calan ile s\u00fcre\u00e7 komisyonu heyetinin yapt\u0131\u011f\u0131 g\u00f6r\u00fc\u015fmenin detaylar\u0131n\u0131 kaleme ald\u0131. G\u00f6r\u00fc\u015fmenin i\u00e7eri\u011fine dair \u00f6nemli kulis bilgilerini payla\u015fan Selvi, \u00d6calan\u2019\u0131n Demokratik Suriye G\u00fc\u00e7leri&#8217;nin (DSG) Suriye ordusuna kat\u0131lmas\u0131 y\u00f6n\u00fcnde net bir tav\u0131r sergiledi\u011fini belirtti. Selvi, bug\u00fcnk\u00fc yaz\u0131s\u0131nda kamuoyunun en \u00e7ok merak etti\u011fi konular\u0131n ba\u015f\u0131nda gelen \u0130mral\u0131 g\u00f6r\u00fc\u015fmesine de\u011findi. G\u00f6r\u00fc\u015fmenin olumlu ge\u00e7ti\u011finin [&hellip;]\" \/>\n<meta property=\"og:url\" content=\"https:\/\/darkamazi.site\/archives\/1035764\" \/>\n<meta property=\"og:site_name\" content=\"Darka Mazi\" \/>\n<meta property=\"article:publisher\" content=\"https:\/\/www.facebook.com\/DarkaMaziturkce\" \/>\n<meta property=\"article:published_time\" content=\"2025-11-26T07:54:26+00:00\" \/>\n<meta property=\"article:modified_time\" content=\"2025-11-26T08:46:00+00:00\" \/>\n<meta property=\"og:image\" content=\"https:\/\/darkamazi.site\/file\/2025\/11\/A.-Kadir-Selvi-1.jpg\" \/>\n\t<meta property=\"og:image:width\" content=\"752\" \/>\n\t<meta property=\"og:image:height\" content=\"472\" \/>\n\t<meta property=\"og:image:type\" content=\"image\/jpeg\" \/>\n<meta name=\"author\" content=\"darka mazi\" \/>\n<meta name=\"twitter:card\" content=\"summary_large_image\" \/>\n<meta name=\"twitter:creator\" content=\"@DarkaMaziTurkce\" \/>\n<meta name=\"twitter:site\" content=\"@DarkaMaziTurkce\" \/>\n<meta name=\"twitter:label1\" content=\"Written by\" \/>\n\t<meta name=\"twitter:data1\" content=\"darka mazi\" \/>\n\t<meta name=\"twitter:label2\" content=\"Est. reading time\" \/>\n\t<meta name=\"twitter:data2\" content=\"2 minutes\" \/>\n<script type=\"application\/ld+json\" class=\"seo-schema-graph\">{\"@context\":\"https:\\\/\\\/schema.org\",\"@graph\":[{\"@type\":\"NewsArticle\",\"@id\":\"https:\\\/\\\/darkamazi.site\\\/archives\\\/1035764#article\",\"isPartOf\":{\"@id\":\"https:\\\/\\\/darkamazi.site\\\/archives\\\/1035764\"},\"author\":{\"name\":\"darka mazi\",\"@id\":\"https:\\\/\\\/darkamazi.site\\\/#\\\/schema\\\/person\\\/67986a95ac546c16760365877ef4a9d3\"},\"headline\":\"Abdulkadir Selvi: \u00d6calan, SDG\u2019nin Suriye\u2019ye entegre olmas\u0131 konusunda net mesaj vermi\u015f\",\"datePublished\":\"2025-11-26T07:54:26+00:00\",\"dateModified\":\"2025-11-26T08:46:00+00:00\",\"mainEntityOfPage\":{\"@id\":\"https:\\\/\\\/darkamazi.site\\\/archives\\\/1035764\"},\"wordCount\":506,\"publisher\":{\"@id\":\"https:\\\/\\\/darkamazi.site\\\/#organization\"},\"image\":{\"@id\":\"https:\\\/\\\/darkamazi.site\\\/archives\\\/1035764#primaryimage\"},\"thumbnailUrl\":\"https:\\\/\\\/darkamazi.site\\\/darka-content\\\/uploads\\\/2025\\\/11\\\/A.-Kadir-Selvi-1.jpg\",\"keywords\":[\"\u00f6nemli\"],\"articleSection\":[\"Ortado\u011fu\"],\"inLanguage\":\"en-US\"},{\"@type\":\"WebPage\",\"@id\":\"https:\\\/\\\/darkamazi.site\\\/archives\\\/1035764\",\"url\":\"https:\\\/\\\/darkamazi.site\\\/archives\\\/1035764\",\"name\":\"Abdulkadir Selvi: \u00d6calan, SDG\u2019nin Suriye\u2019ye entegre olmas\u0131 konusunda net mesaj vermi\u015f - Darka Mazi\",\"isPartOf\":{\"@id\":\"https:\\\/\\\/darkamazi.site\\\/#website\"},\"primaryImageOfPage\":{\"@id\":\"https:\\\/\\\/darkamazi.site\\\/archives\\\/1035764#primaryimage\"},\"image\":{\"@id\":\"https:\\\/\\\/darkamazi.site\\\/archives\\\/1035764#primaryimage\"},\"thumbnailUrl\":\"https:\\\/\\\/darkamazi.site\\\/darka-content\\\/uploads\\\/2025\\\/11\\\/A.-Kadir-Selvi-1.jpg\",\"datePublished\":\"2025-11-26T07:54:26+00:00\",\"dateModified\":\"2025-11-26T08:46:00+00:00\",\"breadcrumb\":{\"@id\":\"https:\\\/\\\/darkamazi.site\\\/archives\\\/1035764#breadcrumb\"},\"inLanguage\":\"en-US\",\"potentialAction\":[{\"@type\":\"ReadAction\",\"target\":[\"https:\\\/\\\/darkamazi.site\\\/archives\\\/1035764\"]}]},{\"@type\":\"ImageObject\",\"inLanguage\":\"en-US\",\"@id\":\"https:\\\/\\\/darkamazi.site\\\/archives\\\/1035764#primaryimage\",\"url\":\"https:\\\/\\\/darkamazi.site\\\/darka-content\\\/uploads\\\/2025\\\/11\\\/A.-Kadir-Selvi-1.jpg\",\"contentUrl\":\"https:\\\/\\\/darkamazi.site\\\/darka-content\\\/uploads\\\/2025\\\/11\\\/A.-Kadir-Selvi-1.jpg\",\"width\":752,\"height\":472,\"caption\":\"Abdulkadir Selvi: \u00d6calan, SDG\u2019nin Suriye\u2019ye entegre olmas\u0131 konusunda net mesaj vermi\u015f\"},{\"@type\":\"BreadcrumbList\",\"@id\":\"https:\\\/\\\/darkamazi.site\\\/archives\\\/1035764#breadcrumb\",\"itemListElement\":[{\"@type\":\"ListItem\",\"position\":1,\"name\":\"Home\",\"item\":\"https:\\\/\\\/darkamazi.site\\\/\"},{\"@type\":\"ListItem\",\"position\":2,\"name\":\"Abdulkadir Selvi: \u00d6calan, SDG\u2019nin Suriye\u2019ye entegre olmas\u0131 konusunda net mesaj vermi\u015f\"}]},{\"@type\":\"WebSite\",\"@id\":\"https:\\\/\\\/darkamazi.site\\\/#website\",\"url\":\"https:\\\/\\\/darkamazi.site\\\/\",\"name\":\"Darka Mazi\",\"description\":\"Ana Sayfa\",\"publisher\":{\"@id\":\"https:\\\/\\\/darkamazi.site\\\/#organization\"},\"potentialAction\":[{\"@type\":\"SearchAction\",\"target\":{\"@type\":\"EntryPoint\",\"urlTemplate\":\"https:\\\/\\\/darkamazi.site\\\/?s={search_term_string}\"},\"query-input\":{\"@type\":\"PropertyValueSpecification\",\"valueRequired\":true,\"valueName\":\"search_term_string\"}}],\"inLanguage\":\"en-US\"},{\"@type\":\"Organization\",\"@id\":\"https:\\\/\\\/darkamazi.site\\\/#organization\",\"name\":\"Darka Mazi T\u00fcrk\u00e7e\",\"alternateName\":\"Darka Mazi\",\"url\":\"https:\\\/\\\/darkamazi.site\\\/\",\"logo\":{\"@type\":\"ImageObject\",\"inLanguage\":\"en-US\",\"@id\":\"https:\\\/\\\/darkamazi.site\\\/#\\\/schema\\\/logo\\\/image\\\/\",\"url\":\"https:\\\/\\\/darkamazi.site\\\/darka-content\\\/uploads\\\/2017\\\/12\\\/darka-mazi-logo.png\",\"contentUrl\":\"https:\\\/\\\/darkamazi.site\\\/darka-content\\\/uploads\\\/2017\\\/12\\\/darka-mazi-logo.png\",\"width\":151,\"height\":75,\"caption\":\"Darka Mazi T\u00fcrk\u00e7e\"},\"image\":{\"@id\":\"https:\\\/\\\/darkamazi.site\\\/#\\\/schema\\\/logo\\\/image\\\/\"},\"sameAs\":[\"https:\\\/\\\/www.facebook.com\\\/DarkaMaziturkce\",\"https:\\\/\\\/x.com\\\/DarkaMaziTurkce\"]},{\"@type\":\"Person\",\"@id\":\"https:\\\/\\\/darkamazi.site\\\/#\\\/schema\\\/person\\\/67986a95ac546c16760365877ef4a9d3\",\"name\":\"darka mazi\",\"sameAs\":[\"https:\\\/\\\/darkamazi.site\"],\"url\":\"https:\\\/\\\/darkamazi.site\\\/archives\\\/author\\\/turkish\"}]}<\/script>\n<!-- \/ Yoast SEO plugin. -->","seo_head_json":{"title":"Abdulkadir Selvi: \u00d6calan, SDG\u2019nin Suriye\u2019ye entegre olmas\u0131 konusunda net mesaj vermi\u015f - Darka Mazi","robots":{"index":"index","follow":"follow","max-snippet":"max-snippet:-1","max-image-preview":"max-image-preview:large","max-video-preview":"max-video-preview:-1"},"canonical":"https:\/\/darkamazi.site\/archives\/1035764","og_locale":"en_US","og_type":"article","og_title":"Abdulkadir Selvi: \u00d6calan, SDG\u2019nin Suriye\u2019ye entegre olmas\u0131 konusunda net mesaj vermi\u015f - Darka Mazi","og_description":"\u00a0Gazeteci Abdulkadir Selvi, bug\u00fcnk\u00fc k\u00f6\u015fe yaz\u0131s\u0131nda \u00d6calan ile s\u00fcre\u00e7 komisyonu heyetinin yapt\u0131\u011f\u0131 g\u00f6r\u00fc\u015fmenin detaylar\u0131n\u0131 kaleme ald\u0131. G\u00f6r\u00fc\u015fmenin i\u00e7eri\u011fine dair \u00f6nemli kulis bilgilerini payla\u015fan Selvi, \u00d6calan\u2019\u0131n Demokratik Suriye G\u00fc\u00e7leri&#8217;nin (DSG) Suriye ordusuna kat\u0131lmas\u0131 y\u00f6n\u00fcnde net bir tav\u0131r sergiledi\u011fini belirtti. Selvi, bug\u00fcnk\u00fc yaz\u0131s\u0131nda kamuoyunun en \u00e7ok merak etti\u011fi konular\u0131n ba\u015f\u0131nda gelen \u0130mral\u0131 g\u00f6r\u00fc\u015fmesine de\u011findi. G\u00f6r\u00fc\u015fmenin olumlu ge\u00e7ti\u011finin [&hellip;]","og_url":"https:\/\/darkamazi.site\/archives\/1035764","og_site_name":"Darka Mazi","article_publisher":"https:\/\/www.facebook.com\/DarkaMaziturkce","article_published_time":"2025-11-26T07:54:26+00:00","article_modified_time":"2025-11-26T08:46:00+00:00","og_image":[{"width":752,"height":472,"url":"https:\/\/darkamazi.site\/file\/2025\/11\/A.-Kadir-Selvi-1.jpg","type":"image\/jpeg"}],"author":"darka mazi","twitter_card":"summary_large_image","twitter_creator":"@DarkaMaziTurkce","twitter_site":"@DarkaMaziTurkce","twitter_misc":{"Written by":"darka mazi","Est. reading time":"2 minutes"},"schema":{"@context":"https:\/\/schema.org","@graph":[{"@type":"NewsArticle","@id":"https:\/\/darkamazi.site\/archives\/1035764#article","isPartOf":{"@id":"https:\/\/darkamazi.site\/archives\/1035764"},"author":{"name":"darka mazi","@id":"https:\/\/darkamazi.site\/#\/schema\/person\/67986a95ac546c16760365877ef4a9d3"},"headline":"Abdulkadir Selvi: \u00d6calan, SDG\u2019nin Suriye\u2019ye entegre olmas\u0131 konusunda net mesaj vermi\u015f","datePublished":"2025-11-26T07:54:26+00:00","dateModified":"2025-11-26T08:46:00+00:00","mainEntityOfPage":{"@id":"https:\/\/darkamazi.site\/archives\/1035764"},"wordCount":506,"publisher":{"@id":"https:\/\/darkamazi.site\/#organization"},"image":{"@id":"https:\/\/darkamazi.site\/archives\/1035764#primaryimage"},"thumbnailUrl":"https:\/\/darkamazi.site\/file\/2025\/11\/A.-Kadir-Selvi-1.jpg","keywords":["\u00f6nemli"],"articleSection":["Ortado\u011fu"],"inLanguage":"en-US"},{"@type":"WebPage","@id":"https:\/\/darkamazi.site\/archives\/1035764","url":"https:\/\/darkamazi.site\/archives\/1035764","name":"Abdulkadir Selvi: \u00d6calan, SDG\u2019nin Suriye\u2019ye entegre olmas\u0131 konusunda net mesaj vermi\u015f - Darka Mazi","isPartOf":{"@id":"https:\/\/darkamazi.site\/#website"},"primaryImageOfPage":{"@id":"https:\/\/darkamazi.site\/archives\/1035764#primaryimage"},"image":{"@id":"https:\/\/darkamazi.site\/archives\/1035764#primaryimage"},"thumbnailUrl":"https:\/\/darkamazi.site\/file\/2025\/11\/A.-Kadir-Selvi-1.jpg","datePublished":"2025-11-26T07:54:26+00:00","dateModified":"2025-11-26T08:46:00+00:00","breadcrumb":{"@id":"https:\/\/darkamazi.site\/archives\/1035764#breadcrumb"},"inLanguage":"en-US","potentialAction":[{"@type":"ReadAction","target":["https:\/\/darkamazi.site\/archives\/1035764"]}]},{"@type":"ImageObject","inLanguage":"en-US","@id":"https:\/\/darkamazi.site\/archives\/1035764#primaryimage","url":"https:\/\/darkamazi.site\/file\/2025\/11\/A.-Kadir-Selvi-1.jpg","contentUrl":"https:\/\/darkamazi.site\/file\/2025\/11\/A.-Kadir-Selvi-1.jpg","width":752,"height":472,"caption":"Abdulkadir Selvi: \u00d6calan, SDG\u2019nin Suriye\u2019ye entegre olmas\u0131 konusunda net mesaj vermi\u015f"},{"@type":"BreadcrumbList","@id":"https:\/\/darkamazi.site\/archives\/1035764#breadcrumb","itemListElement":[{"@type":"ListItem","position":1,"name":"Home","item":"https:\/\/darkamazi.site\/"},{"@type":"ListItem","position":2,"name":"Abdulkadir Selvi: \u00d6calan, SDG\u2019nin Suriye\u2019ye entegre olmas\u0131 konusunda net mesaj vermi\u015f"}]},{"@type":"WebSite","@id":"https:\/\/darkamazi.site\/#website","url":"https:\/\/darkamazi.site\/","name":"Darka Mazi","description":"Ana Sayfa","publisher":{"@id":"https:\/\/darkamazi.site\/#organization"},"potentialAction":[{"@type":"SearchAction","target":{"@type":"EntryPoint","urlTemplate":"https:\/\/darkamazi.site\/?s={search_term_string}"},"query-input":{"@type":"PropertyValueSpecification","valueRequired":true,"valueName":"search_term_string"}}],"inLanguage":"en-US"},{"@type":"Organization","@id":"https:\/\/darkamazi.site\/#organization","name":"Darka Mazi T\u00fcrk\u00e7e","alternateName":"Darka Mazi","url":"https:\/\/darkamazi.site\/","logo":{"@type":"ImageObject","inLanguage":"en-US","@id":"https:\/\/darkamazi.site\/#\/schema\/logo\/image\/","url":"https:\/\/darkamazi.site\/file\/2017\/12\/darka-mazi-logo.png","contentUrl":"https:\/\/darkamazi.site\/file\/2017\/12\/darka-mazi-logo.png","width":151,"height":75,"caption":"Darka Mazi T\u00fcrk\u00e7e"},"image":{"@id":"https:\/\/darkamazi.site\/#\/schema\/logo\/image\/"},"sameAs":["https:\/\/www.facebook.com\/DarkaMaziturkce","https:\/\/x.com\/DarkaMaziTurkce"]},{"@type":"Person","@id":"https:\/\/darkamazi.site\/#\/schema\/person\/67986a95ac546c16760365877ef4a9d3","name":"darka mazi","sameAs":["https:\/\/darkamazi.site"],"url":"https:\/\/darkamazi.site\/archives\/author\/turkish"}]}},"_links":{"self":[{"href":"https:\/\/darkamazi.site\/funavuv\/wp\/v2\/posts\/1035764","targetHints":{"allow":["GET"]}}],"collection":[{"href":"https:\/\/darkamazi.site\/funavuv\/wp\/v2\/posts"}],"about":[{"href":"https:\/\/darkamazi.site\/funavuv\/wp\/v2\/types\/post"}],"author":[{"embeddable":true,"href":"https:\/\/darkamazi.site\/funavuv\/wp\/v2\/users\/2"}],"replies":[{"embeddable":true,"href":"https:\/\/darkamazi.site\/funavuv\/wp\/v2\/comments?post=1035764"}],"version-history":[{"count":0,"href":"https:\/\/darkamazi.site\/funavuv\/wp\/v2\/posts\/1035764\/revisions"}],"wp:featuredmedia":[{"embeddable":true,"href":"https:\/\/darkamazi.site\/funavuv\/wp\/v2\/media\/1035767"}],"wp:attachment":[{"href":"https:\/\/darkamazi.site\/funavuv\/wp\/v2\/media?parent=1035764"}],"wp:term":[{"taxonomy":"category","embeddable":true,"href":"https:\/\/darkamazi.site\/funavuv\/wp\/v2\/categories?post=1035764"},{"taxonomy":"post_tag","embeddable":true,"href":"https:\/\/darkamazi.site\/funavuv\/wp\/v2\/tags?post=1035764"}],"curies":[{"name":"wp","href":"https:\/\/api.w.org\/{rel}","templated":true}]}}