{"id":1035768,"date":"2025-11-26T11:54:15","date_gmt":"2025-11-26T08:54:15","guid":{"rendered":"https:\/\/darkamazi.site\/?p=1035768"},"modified":"2025-11-26T11:54:15","modified_gmt":"2025-11-26T08:54:15","slug":"suveydada-yerel-gruplarla-hukumet-gucleri-arasinda-catisma-2-olu-7-yarali","status":"publish","type":"post","link":"https:\/\/darkamazi.site\/archives\/1035768","title":{"rendered":"S\u00fcveyda&#8217;da yerel gruplarla h\u00fck\u00fcmet g\u00fc\u00e7leri aras\u0131nda \u00e7at\u0131\u015fma: 2 \u00f6l\u00fc, 7 yaral\u0131"},"content":{"rendered":"<p style=\"text-align: justify\">Suriye&#8217;nin g\u00fcneyindeki S\u00fcveyda vilayetine temkinli bir s\u00fckunet hakim olsa da h\u00fck\u00fcmet g\u00fc\u00e7leri ile yerel D\u00fcrzi sava\u015f\u00e7\u0131lar aras\u0131nda \u00e7at\u0131\u015fma haberleri geliyor. Son olarak d\u00fcn ya\u015fanan \u00e7at\u0131\u015fmada 2 ki\u015fi \u00f6ld\u00fc, 7 ki\u015fi yaraland\u0131.<\/p>\n<p style=\"text-align: justify\">Suriye \u0130\u00e7i\u015fleri Bakanl\u0131\u011f\u0131, d\u00fcn ge\u00e7 saatlerde X platformundan yapt\u0131\u011f\u0131 a\u00e7\u0131klamada, S\u00fcveyda\u2019n\u0131n bat\u0131 k\u0131rsal\u0131ndaki bir g\u00fcvenlik kontrol noktas\u0131na d\u00fczenlenen ve &#8220;ter\u00f6r sald\u0131r\u0131s\u0131&#8221; olarak nitelendirdi\u011fi eylemi k\u0131nayarak, sald\u0131r\u0131dan &#8220;yasa d\u0131\u015f\u0131 \u00e7eteleri&#8221; sorumlu tuttu.<\/p>\n<p style=\"text-align: justify\">Bakanl\u0131k, olayda 1 g\u00fcvenlik g\u00f6revlisinin \u00f6ld\u00fc\u011f\u00fcn\u00fc ve 2 ki\u015finin de yaraland\u0131\u011f\u0131n\u0131 belirterek, birliklerinin ate\u015fin geldi\u011fi kayna\u011fa kar\u015f\u0131l\u0131k verdi\u011fini ifade etti.<\/p>\n<p style=\"text-align: justify\">A\u00e7\u0131klamada, &#8220;Bu sald\u0131r\u0131lar S\u00fcveyda vilayetindeki sivillerin g\u00fcvenli\u011fini ve istikrar\u0131n\u0131 baltalamay\u0131 ama\u00e7lamaktad\u0131r&#8221; denildi.<\/p>\n<p style=\"text-align: justify\"><strong>SOHR a\u00e7\u0131klama yapt\u0131<\/strong><\/p>\n<p style=\"text-align: justify\">\u0130ngiltere merkezli Suriye \u0130nsan Haklar\u0131 G\u00f6zlemevi (SOHR) ise olaya ili\u015fkin daha fazla detay payla\u015ft\u0131.<\/p>\n<p style=\"text-align: justify\">SOHR, kay\u0131plar\u0131n D\u00fcrzi \u00e7o\u011funluklu vilayetin g\u00fcneybat\u0131s\u0131ndaki Barad k\u00f6y\u00fcnde, &#8220;ge\u00e7ici h\u00fck\u00fcmetle yak\u0131n \u00a0g\u00fc\u00e7ler&#8221; ile S\u00fcveyda\u2019n\u0131n &#8220;Ulusal Muhaf\u0131zlar\u0131&#8221; aras\u0131nda \u00e7\u0131kan \u00e7at\u0131\u015fmalardan kaynakland\u0131\u011f\u0131n\u0131 belirtti.<\/p>\n<p style=\"text-align: justify\">Ulusal Muhaf\u0131zlar, a\u011fustos ay\u0131 sonlar\u0131nda kurulan birle\u015fik bir yerel D\u00fcrzi silahl\u0131 gruptur. Bu yap\u0131, \u015eam y\u00f6netimini sert bir dille ele\u015ftiren ve D\u00fcrzilerin kendi kaderini tayin hakk\u0131n\u0131 savunan D\u00fcrzi ruhani lider Hikmet el-Hicri&#8217;nin otoritesi alt\u0131nda 30&#8217;dan fazla silahl\u0131 grubu bir araya getiriyor.<\/p>\n<p style=\"text-align: justify\">SOHR ayr\u0131ca, &#8220;S\u00fcveyda \u015fehrinin kuzeyindeki Atil-Suleim yolu boyunca d\u00fczenlenen iki ayr\u0131 sald\u0131r\u0131da bir sivilin \u00f6ld\u00fc\u011f\u00fcn\u00fc ve be\u015f ki\u015finin yaraland\u0131\u011f\u0131n\u0131&#8221; bildirdi.<\/p>\n<p style=\"text-align: justify\">\u0130lk sald\u0131r\u0131n\u0131n h\u00fck\u00fcmete ait silahl\u0131 insans\u0131z hava arac\u0131 taraf\u0131ndan ticari nakliye arac\u0131n\u0131 hedef alarak ger\u00e7ekle\u015ftirildi\u011fi, ikincisinin ise ayn\u0131 b\u00f6lgedeki bir noktaya a\u011f\u0131r makineli t\u00fcfek ate\u015fi a\u00e7\u0131lmas\u0131n\u0131 i\u00e7erdi\u011fi kaydedildi.<\/p>\n<p style=\"text-align: justify\">Yerel kaynaklardan bilgi aktaran SOHR ayr\u0131ca S\u00fcveyda\u2019n\u0131n kuzeybat\u0131s\u0131nda \u015eam ve m\u00fcttefik g\u00fc\u00e7lerin elinde bulunan b\u00f6lgelerden, Kafr al-Luhuf kasabas\u0131 yak\u0131n\u0131na havan mermileri d\u00fc\u015ft\u00fc\u011f\u00fcn\u00fc bildirdi.<\/p>\n<p style=\"text-align: justify\"><strong>\u015eiddetli \u00e7at\u0131\u015fmalar ya\u015fanm\u0131\u015ft\u0131<\/strong><\/p>\n<p style=\"text-align: justify\">Son gerilimler, devlet ba\u011flant\u0131l\u0131 g\u00fc\u00e7ler ile D\u00fcrzi sava\u015f\u00e7\u0131lar aras\u0131nda bu ay\u0131n ortalar\u0131nda ya\u015fanan \u015fiddetli \u00e7at\u0131\u015fmalar\u0131n ard\u0131ndan geldi.<\/p>\n<p style=\"text-align: justify\">SOHR o d\u00f6nemde yapt\u0131\u011f\u0131 a\u00e7\u0131klamada, \u201cA\u011f\u0131r ve orta makineli t\u00fcfekler ile havan toplar\u0131n\u0131n kullan\u0131ld\u0131\u011f\u0131 \u00e7at\u0131\u015fmalar \u015fafak vaktine kadar s\u00fcrd\u00fc ve S\u00fcveyda vilayetindeki kasaba ve k\u00f6ylerin cephe hatlar\u0131nda yo\u011funla\u015ft\u0131\u201d ifadelerini kullanm\u0131\u015f, her iki tarafta da do\u011frulanmam\u0131\u015f kay\u0131p haberleri oldu\u011funu eklemi\u015fti.<\/p>\n<p style=\"text-align: justify\">Ge\u00e7ti\u011fimiz ay\u0131n sonlar\u0131nda ise kimli\u011fi belirsiz silahl\u0131 ki\u015filer \u015eam-S\u00fcveyda yolunda bir yolcu otob\u00fcs\u00fcne ate\u015f a\u00e7m\u0131\u015f ve D\u00fcrzi sivillerin yaralanmas\u0131na neden olmu\u015ftu.<\/p>\n<p style=\"text-align: justify\">D\u00fcrzi gruplar ile Bedevi a\u015firetler aras\u0131nda temmuz ay\u0131 ortas\u0131nda ba\u015flayan \u00e7at\u0131\u015fmalar, \u015eam y\u00f6netimi ve \u0130srail\u2019in de m\u00fcdahil olmas\u0131yla t\u0131rmanm\u0131\u015f, 19 Temmuz\u2019da bir ate\u015fkes sa\u011flanm\u0131\u015ft\u0131. O tarihten bu yana Suriye g\u00fcvenlik g\u00fc\u00e7leri vilayet genelinde konu\u015flan\u0131rken, D\u00fcrzi gruplar S\u00fcveyda kentini kontrol etmeye devam ediyor. Ancak, her iki taraf\u00e7a da onlarca ate\u015fkes ihlali kaydedildi.<\/p>\n","protected":false},"excerpt":{"rendered":"<p>Suriye&#8217;nin g\u00fcneyindeki S\u00fcveyda vilayetine temkinli bir s\u00fckunet hakim olsa da h\u00fck\u00fcmet g\u00fc\u00e7leri ile yerel D\u00fcrzi sava\u015f\u00e7\u0131lar aras\u0131nda \u00e7at\u0131\u015fma haberleri geliyor. Son olarak d\u00fcn ya\u015fanan \u00e7at\u0131\u015fmada 2 ki\u015fi \u00f6ld\u00fc, 7 ki\u015fi yaraland\u0131. Suriye \u0130\u00e7i\u015fleri Bakanl\u0131\u011f\u0131, d\u00fcn ge\u00e7 saatlerde X platformundan yapt\u0131\u011f\u0131 a\u00e7\u0131klamada, S\u00fcveyda\u2019n\u0131n bat\u0131 k\u0131rsal\u0131ndaki bir g\u00fcvenlik kontrol noktas\u0131na d\u00fczenlenen ve &#8220;ter\u00f6r sald\u0131r\u0131s\u0131&#8221; olarak nitelendirdi\u011fi eylemi [&hellip;]<\/p>\n","protected":false},"author":2,"featured_media":1035769,"comment_status":"closed","ping_status":"closed","sticky":false,"template":"","format":"standard","meta":{"footnotes":""},"categories":[29],"tags":[31],"class_list":["post-1035768","post","type-post","status-publish","format-standard","has-post-thumbnail","hentry","category-ortadogu","tag-onemli"],"blocksy_meta":[],"seo_head":"<!-- This site is optimized with the Yoast SEO plugin v27.5 - https:\/\/yoast.com\/product\/yoast-seo-wordpress\/ -->\n<title>S\u00fcveyda&#039;da yerel gruplarla h\u00fck\u00fcmet g\u00fc\u00e7leri aras\u0131nda \u00e7at\u0131\u015fma: 2 \u00f6l\u00fc, 7 yaral\u0131 - Darka Mazi<\/title>\n<meta name=\"robots\" content=\"index, follow, max-snippet:-1, max-image-preview:large, max-video-preview:-1\" \/>\n<link rel=\"canonical\" href=\"https:\/\/darkamazi.site\/archives\/1035768\" \/>\n<meta property=\"og:locale\" content=\"en_US\" \/>\n<meta property=\"og:type\" content=\"article\" \/>\n<meta property=\"og:title\" content=\"S\u00fcveyda&#039;da yerel gruplarla h\u00fck\u00fcmet g\u00fc\u00e7leri aras\u0131nda \u00e7at\u0131\u015fma: 2 \u00f6l\u00fc, 7 yaral\u0131 - Darka Mazi\" \/>\n<meta property=\"og:description\" content=\"Suriye&#8217;nin g\u00fcneyindeki S\u00fcveyda vilayetine temkinli bir s\u00fckunet hakim olsa da h\u00fck\u00fcmet g\u00fc\u00e7leri ile yerel D\u00fcrzi sava\u015f\u00e7\u0131lar aras\u0131nda \u00e7at\u0131\u015fma haberleri geliyor. Son olarak d\u00fcn ya\u015fanan \u00e7at\u0131\u015fmada 2 ki\u015fi \u00f6ld\u00fc, 7 ki\u015fi yaraland\u0131. Suriye \u0130\u00e7i\u015fleri Bakanl\u0131\u011f\u0131, d\u00fcn ge\u00e7 saatlerde X platformundan yapt\u0131\u011f\u0131 a\u00e7\u0131klamada, S\u00fcveyda\u2019n\u0131n bat\u0131 k\u0131rsal\u0131ndaki bir g\u00fcvenlik kontrol noktas\u0131na d\u00fczenlenen ve &#8220;ter\u00f6r sald\u0131r\u0131s\u0131&#8221; olarak nitelendirdi\u011fi eylemi [&hellip;]\" \/>\n<meta property=\"og:url\" content=\"https:\/\/darkamazi.site\/archives\/1035768\" \/>\n<meta property=\"og:site_name\" content=\"Darka Mazi\" \/>\n<meta property=\"article:publisher\" content=\"https:\/\/www.facebook.com\/DarkaMaziturkce\" \/>\n<meta property=\"article:published_time\" content=\"2025-11-26T08:54:15+00:00\" \/>\n<meta property=\"og:image\" content=\"https:\/\/darkamazi.site\/file\/2025\/11\/Swedia.jpg\" \/>\n\t<meta property=\"og:image:width\" content=\"1280\" \/>\n\t<meta property=\"og:image:height\" content=\"720\" \/>\n\t<meta property=\"og:image:type\" content=\"image\/jpeg\" \/>\n<meta name=\"author\" content=\"darka mazi\" \/>\n<meta name=\"twitter:card\" content=\"summary_large_image\" \/>\n<meta name=\"twitter:creator\" content=\"@DarkaMaziTurkce\" \/>\n<meta name=\"twitter:site\" content=\"@DarkaMaziTurkce\" \/>\n<meta name=\"twitter:label1\" content=\"Written by\" \/>\n\t<meta name=\"twitter:data1\" content=\"darka mazi\" \/>\n\t<meta name=\"twitter:label2\" content=\"Est. reading time\" \/>\n\t<meta name=\"twitter:data2\" content=\"2 minutes\" \/>\n<script type=\"application\/ld+json\" class=\"seo-schema-graph\">{\"@context\":\"https:\\\/\\\/schema.org\",\"@graph\":[{\"@type\":\"NewsArticle\",\"@id\":\"https:\\\/\\\/darkamazi.site\\\/archives\\\/1035768#article\",\"isPartOf\":{\"@id\":\"https:\\\/\\\/darkamazi.site\\\/archives\\\/1035768\"},\"author\":{\"name\":\"darka mazi\",\"@id\":\"https:\\\/\\\/darkamazi.site\\\/#\\\/schema\\\/person\\\/67986a95ac546c16760365877ef4a9d3\"},\"headline\":\"S\u00fcveyda&#8217;da yerel gruplarla h\u00fck\u00fcmet g\u00fc\u00e7leri aras\u0131nda \u00e7at\u0131\u015fma: 2 \u00f6l\u00fc, 7 yaral\u0131\",\"datePublished\":\"2025-11-26T08:54:15+00:00\",\"mainEntityOfPage\":{\"@id\":\"https:\\\/\\\/darkamazi.site\\\/archives\\\/1035768\"},\"wordCount\":587,\"publisher\":{\"@id\":\"https:\\\/\\\/darkamazi.site\\\/#organization\"},\"image\":{\"@id\":\"https:\\\/\\\/darkamazi.site\\\/archives\\\/1035768#primaryimage\"},\"thumbnailUrl\":\"https:\\\/\\\/darkamazi.site\\\/darka-content\\\/uploads\\\/2025\\\/11\\\/Swedia.jpg\",\"keywords\":[\"\u00f6nemli\"],\"articleSection\":[\"Ortado\u011fu\"],\"inLanguage\":\"en-US\"},{\"@type\":\"WebPage\",\"@id\":\"https:\\\/\\\/darkamazi.site\\\/archives\\\/1035768\",\"url\":\"https:\\\/\\\/darkamazi.site\\\/archives\\\/1035768\",\"name\":\"S\u00fcveyda'da yerel gruplarla h\u00fck\u00fcmet g\u00fc\u00e7leri aras\u0131nda \u00e7at\u0131\u015fma: 2 \u00f6l\u00fc, 7 yaral\u0131 - Darka Mazi\",\"isPartOf\":{\"@id\":\"https:\\\/\\\/darkamazi.site\\\/#website\"},\"primaryImageOfPage\":{\"@id\":\"https:\\\/\\\/darkamazi.site\\\/archives\\\/1035768#primaryimage\"},\"image\":{\"@id\":\"https:\\\/\\\/darkamazi.site\\\/archives\\\/1035768#primaryimage\"},\"thumbnailUrl\":\"https:\\\/\\\/darkamazi.site\\\/darka-content\\\/uploads\\\/2025\\\/11\\\/Swedia.jpg\",\"datePublished\":\"2025-11-26T08:54:15+00:00\",\"breadcrumb\":{\"@id\":\"https:\\\/\\\/darkamazi.site\\\/archives\\\/1035768#breadcrumb\"},\"inLanguage\":\"en-US\",\"potentialAction\":[{\"@type\":\"ReadAction\",\"target\":[\"https:\\\/\\\/darkamazi.site\\\/archives\\\/1035768\"]}]},{\"@type\":\"ImageObject\",\"inLanguage\":\"en-US\",\"@id\":\"https:\\\/\\\/darkamazi.site\\\/archives\\\/1035768#primaryimage\",\"url\":\"https:\\\/\\\/darkamazi.site\\\/darka-content\\\/uploads\\\/2025\\\/11\\\/Swedia.jpg\",\"contentUrl\":\"https:\\\/\\\/darkamazi.site\\\/darka-content\\\/uploads\\\/2025\\\/11\\\/Swedia.jpg\",\"width\":1280,\"height\":720,\"caption\":\"S\u00fcveyda'da yerel gruplarla h\u00fck\u00fcmet g\u00fc\u00e7leri aras\u0131nda \u00e7at\u0131\u015fma: 2 \u00f6l\u00fc, 7 yaral\u0131\"},{\"@type\":\"BreadcrumbList\",\"@id\":\"https:\\\/\\\/darkamazi.site\\\/archives\\\/1035768#breadcrumb\",\"itemListElement\":[{\"@type\":\"ListItem\",\"position\":1,\"name\":\"Home\",\"item\":\"https:\\\/\\\/darkamazi.site\\\/\"},{\"@type\":\"ListItem\",\"position\":2,\"name\":\"S\u00fcveyda&#8217;da yerel gruplarla h\u00fck\u00fcmet g\u00fc\u00e7leri aras\u0131nda \u00e7at\u0131\u015fma: 2 \u00f6l\u00fc, 7 yaral\u0131\"}]},{\"@type\":\"WebSite\",\"@id\":\"https:\\\/\\\/darkamazi.site\\\/#website\",\"url\":\"https:\\\/\\\/darkamazi.site\\\/\",\"name\":\"Darka Mazi\",\"description\":\"Ana Sayfa\",\"publisher\":{\"@id\":\"https:\\\/\\\/darkamazi.site\\\/#organization\"},\"potentialAction\":[{\"@type\":\"SearchAction\",\"target\":{\"@type\":\"EntryPoint\",\"urlTemplate\":\"https:\\\/\\\/darkamazi.site\\\/?s={search_term_string}\"},\"query-input\":{\"@type\":\"PropertyValueSpecification\",\"valueRequired\":true,\"valueName\":\"search_term_string\"}}],\"inLanguage\":\"en-US\"},{\"@type\":\"Organization\",\"@id\":\"https:\\\/\\\/darkamazi.site\\\/#organization\",\"name\":\"Darka Mazi T\u00fcrk\u00e7e\",\"alternateName\":\"Darka Mazi\",\"url\":\"https:\\\/\\\/darkamazi.site\\\/\",\"logo\":{\"@type\":\"ImageObject\",\"inLanguage\":\"en-US\",\"@id\":\"https:\\\/\\\/darkamazi.site\\\/#\\\/schema\\\/logo\\\/image\\\/\",\"url\":\"https:\\\/\\\/darkamazi.site\\\/darka-content\\\/uploads\\\/2017\\\/12\\\/darka-mazi-logo.png\",\"contentUrl\":\"https:\\\/\\\/darkamazi.site\\\/darka-content\\\/uploads\\\/2017\\\/12\\\/darka-mazi-logo.png\",\"width\":151,\"height\":75,\"caption\":\"Darka Mazi T\u00fcrk\u00e7e\"},\"image\":{\"@id\":\"https:\\\/\\\/darkamazi.site\\\/#\\\/schema\\\/logo\\\/image\\\/\"},\"sameAs\":[\"https:\\\/\\\/www.facebook.com\\\/DarkaMaziturkce\",\"https:\\\/\\\/x.com\\\/DarkaMaziTurkce\"]},{\"@type\":\"Person\",\"@id\":\"https:\\\/\\\/darkamazi.site\\\/#\\\/schema\\\/person\\\/67986a95ac546c16760365877ef4a9d3\",\"name\":\"darka mazi\",\"sameAs\":[\"https:\\\/\\\/darkamazi.site\"],\"url\":\"https:\\\/\\\/darkamazi.site\\\/archives\\\/author\\\/turkish\"}]}<\/script>\n<!-- \/ Yoast SEO plugin. -->","seo_head_json":{"title":"S\u00fcveyda'da yerel gruplarla h\u00fck\u00fcmet g\u00fc\u00e7leri aras\u0131nda \u00e7at\u0131\u015fma: 2 \u00f6l\u00fc, 7 yaral\u0131 - Darka Mazi","robots":{"index":"index","follow":"follow","max-snippet":"max-snippet:-1","max-image-preview":"max-image-preview:large","max-video-preview":"max-video-preview:-1"},"canonical":"https:\/\/darkamazi.site\/archives\/1035768","og_locale":"en_US","og_type":"article","og_title":"S\u00fcveyda'da yerel gruplarla h\u00fck\u00fcmet g\u00fc\u00e7leri aras\u0131nda \u00e7at\u0131\u015fma: 2 \u00f6l\u00fc, 7 yaral\u0131 - Darka Mazi","og_description":"Suriye&#8217;nin g\u00fcneyindeki S\u00fcveyda vilayetine temkinli bir s\u00fckunet hakim olsa da h\u00fck\u00fcmet g\u00fc\u00e7leri ile yerel D\u00fcrzi sava\u015f\u00e7\u0131lar aras\u0131nda \u00e7at\u0131\u015fma haberleri geliyor. Son olarak d\u00fcn ya\u015fanan \u00e7at\u0131\u015fmada 2 ki\u015fi \u00f6ld\u00fc, 7 ki\u015fi yaraland\u0131. Suriye \u0130\u00e7i\u015fleri Bakanl\u0131\u011f\u0131, d\u00fcn ge\u00e7 saatlerde X platformundan yapt\u0131\u011f\u0131 a\u00e7\u0131klamada, S\u00fcveyda\u2019n\u0131n bat\u0131 k\u0131rsal\u0131ndaki bir g\u00fcvenlik kontrol noktas\u0131na d\u00fczenlenen ve &#8220;ter\u00f6r sald\u0131r\u0131s\u0131&#8221; olarak nitelendirdi\u011fi eylemi [&hellip;]","og_url":"https:\/\/darkamazi.site\/archives\/1035768","og_site_name":"Darka Mazi","article_publisher":"https:\/\/www.facebook.com\/DarkaMaziturkce","article_published_time":"2025-11-26T08:54:15+00:00","og_image":[{"width":1280,"height":720,"url":"https:\/\/darkamazi.site\/file\/2025\/11\/Swedia.jpg","type":"image\/jpeg"}],"author":"darka mazi","twitter_card":"summary_large_image","twitter_creator":"@DarkaMaziTurkce","twitter_site":"@DarkaMaziTurkce","twitter_misc":{"Written by":"darka mazi","Est. reading time":"2 minutes"},"schema":{"@context":"https:\/\/schema.org","@graph":[{"@type":"NewsArticle","@id":"https:\/\/darkamazi.site\/archives\/1035768#article","isPartOf":{"@id":"https:\/\/darkamazi.site\/archives\/1035768"},"author":{"name":"darka mazi","@id":"https:\/\/darkamazi.site\/#\/schema\/person\/67986a95ac546c16760365877ef4a9d3"},"headline":"S\u00fcveyda&#8217;da yerel gruplarla h\u00fck\u00fcmet g\u00fc\u00e7leri aras\u0131nda \u00e7at\u0131\u015fma: 2 \u00f6l\u00fc, 7 yaral\u0131","datePublished":"2025-11-26T08:54:15+00:00","mainEntityOfPage":{"@id":"https:\/\/darkamazi.site\/archives\/1035768"},"wordCount":587,"publisher":{"@id":"https:\/\/darkamazi.site\/#organization"},"image":{"@id":"https:\/\/darkamazi.site\/archives\/1035768#primaryimage"},"thumbnailUrl":"https:\/\/darkamazi.site\/file\/2025\/11\/Swedia.jpg","keywords":["\u00f6nemli"],"articleSection":["Ortado\u011fu"],"inLanguage":"en-US"},{"@type":"WebPage","@id":"https:\/\/darkamazi.site\/archives\/1035768","url":"https:\/\/darkamazi.site\/archives\/1035768","name":"S\u00fcveyda'da yerel gruplarla h\u00fck\u00fcmet g\u00fc\u00e7leri aras\u0131nda \u00e7at\u0131\u015fma: 2 \u00f6l\u00fc, 7 yaral\u0131 - Darka Mazi","isPartOf":{"@id":"https:\/\/darkamazi.site\/#website"},"primaryImageOfPage":{"@id":"https:\/\/darkamazi.site\/archives\/1035768#primaryimage"},"image":{"@id":"https:\/\/darkamazi.site\/archives\/1035768#primaryimage"},"thumbnailUrl":"https:\/\/darkamazi.site\/file\/2025\/11\/Swedia.jpg","datePublished":"2025-11-26T08:54:15+00:00","breadcrumb":{"@id":"https:\/\/darkamazi.site\/archives\/1035768#breadcrumb"},"inLanguage":"en-US","potentialAction":[{"@type":"ReadAction","target":["https:\/\/darkamazi.site\/archives\/1035768"]}]},{"@type":"ImageObject","inLanguage":"en-US","@id":"https:\/\/darkamazi.site\/archives\/1035768#primaryimage","url":"https:\/\/darkamazi.site\/file\/2025\/11\/Swedia.jpg","contentUrl":"https:\/\/darkamazi.site\/file\/2025\/11\/Swedia.jpg","width":1280,"height":720,"caption":"S\u00fcveyda'da yerel gruplarla h\u00fck\u00fcmet g\u00fc\u00e7leri aras\u0131nda \u00e7at\u0131\u015fma: 2 \u00f6l\u00fc, 7 yaral\u0131"},{"@type":"BreadcrumbList","@id":"https:\/\/darkamazi.site\/archives\/1035768#breadcrumb","itemListElement":[{"@type":"ListItem","position":1,"name":"Home","item":"https:\/\/darkamazi.site\/"},{"@type":"ListItem","position":2,"name":"S\u00fcveyda&#8217;da yerel gruplarla h\u00fck\u00fcmet g\u00fc\u00e7leri aras\u0131nda \u00e7at\u0131\u015fma: 2 \u00f6l\u00fc, 7 yaral\u0131"}]},{"@type":"WebSite","@id":"https:\/\/darkamazi.site\/#website","url":"https:\/\/darkamazi.site\/","name":"Darka Mazi","description":"Ana Sayfa","publisher":{"@id":"https:\/\/darkamazi.site\/#organization"},"potentialAction":[{"@type":"SearchAction","target":{"@type":"EntryPoint","urlTemplate":"https:\/\/darkamazi.site\/?s={search_term_string}"},"query-input":{"@type":"PropertyValueSpecification","valueRequired":true,"valueName":"search_term_string"}}],"inLanguage":"en-US"},{"@type":"Organization","@id":"https:\/\/darkamazi.site\/#organization","name":"Darka Mazi T\u00fcrk\u00e7e","alternateName":"Darka Mazi","url":"https:\/\/darkamazi.site\/","logo":{"@type":"ImageObject","inLanguage":"en-US","@id":"https:\/\/darkamazi.site\/#\/schema\/logo\/image\/","url":"https:\/\/darkamazi.site\/file\/2017\/12\/darka-mazi-logo.png","contentUrl":"https:\/\/darkamazi.site\/file\/2017\/12\/darka-mazi-logo.png","width":151,"height":75,"caption":"Darka Mazi T\u00fcrk\u00e7e"},"image":{"@id":"https:\/\/darkamazi.site\/#\/schema\/logo\/image\/"},"sameAs":["https:\/\/www.facebook.com\/DarkaMaziturkce","https:\/\/x.com\/DarkaMaziTurkce"]},{"@type":"Person","@id":"https:\/\/darkamazi.site\/#\/schema\/person\/67986a95ac546c16760365877ef4a9d3","name":"darka mazi","sameAs":["https:\/\/darkamazi.site"],"url":"https:\/\/darkamazi.site\/archives\/author\/turkish"}]}},"_links":{"self":[{"href":"https:\/\/darkamazi.site\/funavuv\/wp\/v2\/posts\/1035768","targetHints":{"allow":["GET"]}}],"collection":[{"href":"https:\/\/darkamazi.site\/funavuv\/wp\/v2\/posts"}],"about":[{"href":"https:\/\/darkamazi.site\/funavuv\/wp\/v2\/types\/post"}],"author":[{"embeddable":true,"href":"https:\/\/darkamazi.site\/funavuv\/wp\/v2\/users\/2"}],"replies":[{"embeddable":true,"href":"https:\/\/darkamazi.site\/funavuv\/wp\/v2\/comments?post=1035768"}],"version-history":[{"count":0,"href":"https:\/\/darkamazi.site\/funavuv\/wp\/v2\/posts\/1035768\/revisions"}],"wp:featuredmedia":[{"embeddable":true,"href":"https:\/\/darkamazi.site\/funavuv\/wp\/v2\/media\/1035769"}],"wp:attachment":[{"href":"https:\/\/darkamazi.site\/funavuv\/wp\/v2\/media?parent=1035768"}],"wp:term":[{"taxonomy":"category","embeddable":true,"href":"https:\/\/darkamazi.site\/funavuv\/wp\/v2\/categories?post=1035768"},{"taxonomy":"post_tag","embeddable":true,"href":"https:\/\/darkamazi.site\/funavuv\/wp\/v2\/tags?post=1035768"}],"curies":[{"name":"wp","href":"https:\/\/api.w.org\/{rel}","templated":true}]}}