{"id":1035771,"date":"2025-11-26T12:08:48","date_gmt":"2025-11-26T09:08:48","guid":{"rendered":"https:\/\/darkamazi.site\/?p=1035771"},"modified":"2025-11-26T13:58:29","modified_gmt":"2025-11-26T10:58:29","slug":"amerika-kurdistan-bolgesi-ile-yaptigimiz-anlasmalarin-uzun-vadeli-olmasini-istiyoruz","status":"publish","type":"post","link":"https:\/\/darkamazi.site\/archives\/1035771","title":{"rendered":"Amerika: K\u00fcrdistan B\u00f6lgesi ile yapt\u0131\u011f\u0131m\u0131z anla\u015fmalar\u0131n uzun vadeli olmas\u0131n\u0131 istiyoruz"},"content":{"rendered":"<p>Do\u011fal Kaynaklar Bakan\u0131, ABD Irak B\u00fcy\u00fckel\u00e7ili\u011fi Maslahatg\u00fczar\u0131 ile bir araya gelerek iki taraf aras\u0131ndaki anla\u015fman\u0131n s\u00fcreklili\u011fini vurgulad\u0131.<\/p>\n<p>K\u00fcrdistan B\u00f6lgesel Y\u00f6netimi Do\u011fal Kaynaklar Bakanl\u0131\u011f\u0131, bug\u00fcn (25.11.2025) yapt\u0131\u011f\u0131 a\u00e7\u0131klamada, Do\u011fal Kaynaklar Bakan Vekili Kemal Muhammed Salih ile ABD Irak B\u00fcy\u00fckel\u00e7ili\u011fi Maslahatg\u00fczar\u0131 Joshua Harrison aras\u0131nda yap\u0131lan g\u00f6r\u00fc\u015fmede, &#8220;K\u00fcrdistan B\u00f6lgesi&#8217;nden petrol ihracat\u0131na ili\u015fkin \u00fc\u00e7l\u00fc anla\u015fman\u0131n s\u00fcrekli ve uzun vadeli olmas\u0131n\u0131 istiyoruz&#8221; ifadesini kulland\u0131\u011f\u0131n\u0131 duyurdu.<\/p>\n<p>Do\u011fal Kaynaklar Bakanl\u0131\u011f\u0131 ayr\u0131ca, K\u00fcrt halk\u0131 ile ABD aras\u0131ndaki tarihi ve g\u00fc\u00e7l\u00fc ili\u015fkilerin yan\u0131 s\u0131ra petrol ihracat\u0131 ve petrol \u015firketlerinin mali haklar\u0131 konusuna da vurgu yap\u0131ld\u0131\u011f\u0131n\u0131 kaydetti.<\/p>\n<p>Do\u011fal Kaynaklar Bakanl\u0131\u011f\u0131 ayr\u0131ca, ABD Irak B\u00fcy\u00fckel\u00e7ili\u011fi Maslahatg\u00fczar\u0131n\u0131n, K\u00fcrdistan B\u00f6lgesi&#8217;nden petrol ihracat\u0131 ve petrol \u00fcretiminin art\u0131r\u0131lmas\u0131 konusunda at\u0131lan ad\u0131mlardan \u00fclkesinin memnuniyetini dile getirdi\u011fini belirtti.<\/p>\n<p>Ayr\u0131ca, bu \u00fc\u00e7l\u00fc anla\u015fman\u0131n s\u00fcrekli ve uzun vadeli olmas\u0131n\u0131, anla\u015fman\u0131n \u00f6n\u00fcndeki engelleri ve t\u00fcm sorunlar\u0131 \u00e7\u00f6zmesini ve K\u00fcrdistan B\u00f6lgesi petrol sekt\u00f6r\u00fcne yat\u0131r\u0131m yap\u0131lmas\u0131n\u0131 desteklemesini istediklerini ve K\u00fcrdistan B\u00f6lgesi petrol\u00fcn\u00fcn ihracat\u0131n\u0131n ABD y\u00f6netimi i\u00e7in stratejik ve \u00f6nemli bir konu oldu\u011funu vurgulad\u0131.<\/p>\n<p>Irak Petrol Bakanl\u0131\u011f\u0131 ile K\u00fcrdistan B\u00f6lgesi Do\u011fal Kaynaklar Bakanl\u0131\u011f\u0131 aras\u0131nda son d\u00f6nemde ya\u015fanan geli\u015fmeler, \u00f6zellikle teknik sorunlar\u0131n \u00e7\u00f6z\u00fcm\u00fc ve petrol \u015firketlerinin mali haklar\u0131 ile Do\u011fal Kaynaklar Bakanl\u0131\u011f\u0131&#8217;n\u0131n onay\u0131 da ele al\u0131nd\u0131. Ayr\u0131ca, K\u00fcrdistan B\u00f6lgesi Do\u011fal Kaynaklar Bakanl\u0131\u011f\u0131, Irak Petrol Bakanl\u0131\u011f\u0131, SOMO \u015eirketi ve petrol \u00fcretim \u015firketleri aras\u0131ndaki \u00fc\u00e7l\u00fc anla\u015fmaya olan ba\u011fl\u0131l\u0131k da bu toplant\u0131n\u0131n bir di\u011fer turunda ele al\u0131nd\u0131.<\/p>\n","protected":false},"excerpt":{"rendered":"<p>Do\u011fal Kaynaklar Bakan\u0131, ABD Irak B\u00fcy\u00fckel\u00e7ili\u011fi Maslahatg\u00fczar\u0131 ile bir araya gelerek iki taraf aras\u0131ndaki anla\u015fman\u0131n s\u00fcreklili\u011fini vurgulad\u0131. K\u00fcrdistan B\u00f6lgesel Y\u00f6netimi Do\u011fal Kaynaklar Bakanl\u0131\u011f\u0131, bug\u00fcn (25.11.2025) yapt\u0131\u011f\u0131 a\u00e7\u0131klamada, Do\u011fal Kaynaklar Bakan Vekili Kemal Muhammed Salih ile ABD Irak B\u00fcy\u00fckel\u00e7ili\u011fi Maslahatg\u00fczar\u0131 Joshua Harrison aras\u0131nda yap\u0131lan g\u00f6r\u00fc\u015fmede, &#8220;K\u00fcrdistan B\u00f6lgesi&#8217;nden petrol ihracat\u0131na ili\u015fkin \u00fc\u00e7l\u00fc anla\u015fman\u0131n s\u00fcrekli ve uzun vadeli [&hellip;]<\/p>\n","protected":false},"author":2,"featured_media":1035772,"comment_status":"closed","ping_status":"closed","sticky":false,"template":"","format":"standard","meta":{"footnotes":""},"categories":[3],"tags":[31],"class_list":["post-1035771","post","type-post","status-publish","format-standard","has-post-thumbnail","hentry","category-kurdistan","tag-onemli"],"blocksy_meta":[],"seo_head":"<!-- This site is optimized with the Yoast SEO plugin v27.5 - https:\/\/yoast.com\/product\/yoast-seo-wordpress\/ -->\n<title>Amerika: K\u00fcrdistan B\u00f6lgesi ile yapt\u0131\u011f\u0131m\u0131z anla\u015fmalar\u0131n uzun vadeli olmas\u0131n\u0131 istiyoruz - Darka Mazi<\/title>\n<meta name=\"robots\" content=\"index, follow, max-snippet:-1, max-image-preview:large, max-video-preview:-1\" \/>\n<link rel=\"canonical\" href=\"https:\/\/darkamazi.site\/archives\/1035771\" \/>\n<meta property=\"og:locale\" content=\"en_US\" \/>\n<meta property=\"og:type\" content=\"article\" \/>\n<meta property=\"og:title\" content=\"Amerika: K\u00fcrdistan B\u00f6lgesi ile yapt\u0131\u011f\u0131m\u0131z anla\u015fmalar\u0131n uzun vadeli olmas\u0131n\u0131 istiyoruz - Darka Mazi\" \/>\n<meta property=\"og:description\" content=\"Do\u011fal Kaynaklar Bakan\u0131, ABD Irak B\u00fcy\u00fckel\u00e7ili\u011fi Maslahatg\u00fczar\u0131 ile bir araya gelerek iki taraf aras\u0131ndaki anla\u015fman\u0131n s\u00fcreklili\u011fini vurgulad\u0131. K\u00fcrdistan B\u00f6lgesel Y\u00f6netimi Do\u011fal Kaynaklar Bakanl\u0131\u011f\u0131, bug\u00fcn (25.11.2025) yapt\u0131\u011f\u0131 a\u00e7\u0131klamada, Do\u011fal Kaynaklar Bakan Vekili Kemal Muhammed Salih ile ABD Irak B\u00fcy\u00fckel\u00e7ili\u011fi Maslahatg\u00fczar\u0131 Joshua Harrison aras\u0131nda yap\u0131lan g\u00f6r\u00fc\u015fmede, &#8220;K\u00fcrdistan B\u00f6lgesi&#8217;nden petrol ihracat\u0131na ili\u015fkin \u00fc\u00e7l\u00fc anla\u015fman\u0131n s\u00fcrekli ve uzun vadeli [&hellip;]\" \/>\n<meta property=\"og:url\" content=\"https:\/\/darkamazi.site\/archives\/1035771\" \/>\n<meta property=\"og:site_name\" content=\"Darka Mazi\" \/>\n<meta property=\"article:publisher\" content=\"https:\/\/www.facebook.com\/DarkaMaziturkce\" \/>\n<meta property=\"article:published_time\" content=\"2025-11-26T09:08:48+00:00\" \/>\n<meta property=\"article:modified_time\" content=\"2025-11-26T10:58:29+00:00\" \/>\n<meta property=\"og:image\" content=\"https:\/\/darkamazi.site\/file\/2025\/11\/ABD-Kurdistan.jpeg\" \/>\n\t<meta property=\"og:image:width\" content=\"626\" \/>\n\t<meta property=\"og:image:height\" content=\"391\" \/>\n\t<meta property=\"og:image:type\" content=\"image\/jpeg\" \/>\n<meta name=\"author\" content=\"darka mazi\" \/>\n<meta name=\"twitter:card\" content=\"summary_large_image\" \/>\n<meta name=\"twitter:creator\" content=\"@DarkaMaziTurkce\" \/>\n<meta name=\"twitter:site\" content=\"@DarkaMaziTurkce\" \/>\n<meta name=\"twitter:label1\" content=\"Written by\" \/>\n\t<meta name=\"twitter:data1\" content=\"darka mazi\" \/>\n\t<meta name=\"twitter:label2\" content=\"Est. reading time\" \/>\n\t<meta name=\"twitter:data2\" content=\"2 minutes\" \/>\n<script type=\"application\/ld+json\" class=\"seo-schema-graph\">{\"@context\":\"https:\\\/\\\/schema.org\",\"@graph\":[{\"@type\":\"NewsArticle\",\"@id\":\"https:\\\/\\\/darkamazi.site\\\/archives\\\/1035771#article\",\"isPartOf\":{\"@id\":\"https:\\\/\\\/darkamazi.site\\\/archives\\\/1035771\"},\"author\":{\"name\":\"darka mazi\",\"@id\":\"https:\\\/\\\/darkamazi.site\\\/#\\\/schema\\\/person\\\/67986a95ac546c16760365877ef4a9d3\"},\"headline\":\"Amerika: K\u00fcrdistan B\u00f6lgesi ile yapt\u0131\u011f\u0131m\u0131z anla\u015fmalar\u0131n uzun vadeli olmas\u0131n\u0131 istiyoruz\",\"datePublished\":\"2025-11-26T09:08:48+00:00\",\"dateModified\":\"2025-11-26T10:58:29+00:00\",\"mainEntityOfPage\":{\"@id\":\"https:\\\/\\\/darkamazi.site\\\/archives\\\/1035771\"},\"wordCount\":341,\"publisher\":{\"@id\":\"https:\\\/\\\/darkamazi.site\\\/#organization\"},\"image\":{\"@id\":\"https:\\\/\\\/darkamazi.site\\\/archives\\\/1035771#primaryimage\"},\"thumbnailUrl\":\"https:\\\/\\\/darkamazi.site\\\/darka-content\\\/uploads\\\/2025\\\/11\\\/ABD-Kurdistan.jpeg\",\"keywords\":[\"\u00f6nemli\"],\"articleSection\":[\"Kurdistan\"],\"inLanguage\":\"en-US\"},{\"@type\":\"WebPage\",\"@id\":\"https:\\\/\\\/darkamazi.site\\\/archives\\\/1035771\",\"url\":\"https:\\\/\\\/darkamazi.site\\\/archives\\\/1035771\",\"name\":\"Amerika: K\u00fcrdistan B\u00f6lgesi ile yapt\u0131\u011f\u0131m\u0131z anla\u015fmalar\u0131n uzun vadeli olmas\u0131n\u0131 istiyoruz - Darka Mazi\",\"isPartOf\":{\"@id\":\"https:\\\/\\\/darkamazi.site\\\/#website\"},\"primaryImageOfPage\":{\"@id\":\"https:\\\/\\\/darkamazi.site\\\/archives\\\/1035771#primaryimage\"},\"image\":{\"@id\":\"https:\\\/\\\/darkamazi.site\\\/archives\\\/1035771#primaryimage\"},\"thumbnailUrl\":\"https:\\\/\\\/darkamazi.site\\\/darka-content\\\/uploads\\\/2025\\\/11\\\/ABD-Kurdistan.jpeg\",\"datePublished\":\"2025-11-26T09:08:48+00:00\",\"dateModified\":\"2025-11-26T10:58:29+00:00\",\"breadcrumb\":{\"@id\":\"https:\\\/\\\/darkamazi.site\\\/archives\\\/1035771#breadcrumb\"},\"inLanguage\":\"en-US\",\"potentialAction\":[{\"@type\":\"ReadAction\",\"target\":[\"https:\\\/\\\/darkamazi.site\\\/archives\\\/1035771\"]}]},{\"@type\":\"ImageObject\",\"inLanguage\":\"en-US\",\"@id\":\"https:\\\/\\\/darkamazi.site\\\/archives\\\/1035771#primaryimage\",\"url\":\"https:\\\/\\\/darkamazi.site\\\/darka-content\\\/uploads\\\/2025\\\/11\\\/ABD-Kurdistan.jpeg\",\"contentUrl\":\"https:\\\/\\\/darkamazi.site\\\/darka-content\\\/uploads\\\/2025\\\/11\\\/ABD-Kurdistan.jpeg\",\"width\":626,\"height\":391,\"caption\":\"Amerika: K\u00fcrdistan B\u00f6lgesi ile yapt\u0131\u011f\u0131m\u0131z anla\u015fmalar\u0131n uzun vadeli olmas\u0131n\u0131 istiyoruz\"},{\"@type\":\"BreadcrumbList\",\"@id\":\"https:\\\/\\\/darkamazi.site\\\/archives\\\/1035771#breadcrumb\",\"itemListElement\":[{\"@type\":\"ListItem\",\"position\":1,\"name\":\"Home\",\"item\":\"https:\\\/\\\/darkamazi.site\\\/\"},{\"@type\":\"ListItem\",\"position\":2,\"name\":\"Amerika: K\u00fcrdistan B\u00f6lgesi ile yapt\u0131\u011f\u0131m\u0131z anla\u015fmalar\u0131n uzun vadeli olmas\u0131n\u0131 istiyoruz\"}]},{\"@type\":\"WebSite\",\"@id\":\"https:\\\/\\\/darkamazi.site\\\/#website\",\"url\":\"https:\\\/\\\/darkamazi.site\\\/\",\"name\":\"Darka Mazi\",\"description\":\"Ana Sayfa\",\"publisher\":{\"@id\":\"https:\\\/\\\/darkamazi.site\\\/#organization\"},\"potentialAction\":[{\"@type\":\"SearchAction\",\"target\":{\"@type\":\"EntryPoint\",\"urlTemplate\":\"https:\\\/\\\/darkamazi.site\\\/?s={search_term_string}\"},\"query-input\":{\"@type\":\"PropertyValueSpecification\",\"valueRequired\":true,\"valueName\":\"search_term_string\"}}],\"inLanguage\":\"en-US\"},{\"@type\":\"Organization\",\"@id\":\"https:\\\/\\\/darkamazi.site\\\/#organization\",\"name\":\"Darka Mazi T\u00fcrk\u00e7e\",\"alternateName\":\"Darka Mazi\",\"url\":\"https:\\\/\\\/darkamazi.site\\\/\",\"logo\":{\"@type\":\"ImageObject\",\"inLanguage\":\"en-US\",\"@id\":\"https:\\\/\\\/darkamazi.site\\\/#\\\/schema\\\/logo\\\/image\\\/\",\"url\":\"https:\\\/\\\/darkamazi.site\\\/darka-content\\\/uploads\\\/2017\\\/12\\\/darka-mazi-logo.png\",\"contentUrl\":\"https:\\\/\\\/darkamazi.site\\\/darka-content\\\/uploads\\\/2017\\\/12\\\/darka-mazi-logo.png\",\"width\":151,\"height\":75,\"caption\":\"Darka Mazi T\u00fcrk\u00e7e\"},\"image\":{\"@id\":\"https:\\\/\\\/darkamazi.site\\\/#\\\/schema\\\/logo\\\/image\\\/\"},\"sameAs\":[\"https:\\\/\\\/www.facebook.com\\\/DarkaMaziturkce\",\"https:\\\/\\\/x.com\\\/DarkaMaziTurkce\"]},{\"@type\":\"Person\",\"@id\":\"https:\\\/\\\/darkamazi.site\\\/#\\\/schema\\\/person\\\/67986a95ac546c16760365877ef4a9d3\",\"name\":\"darka mazi\",\"sameAs\":[\"https:\\\/\\\/darkamazi.site\"],\"url\":\"https:\\\/\\\/darkamazi.site\\\/archives\\\/author\\\/turkish\"}]}<\/script>\n<!-- \/ Yoast SEO plugin. -->","seo_head_json":{"title":"Amerika: K\u00fcrdistan B\u00f6lgesi ile yapt\u0131\u011f\u0131m\u0131z anla\u015fmalar\u0131n uzun vadeli olmas\u0131n\u0131 istiyoruz - Darka Mazi","robots":{"index":"index","follow":"follow","max-snippet":"max-snippet:-1","max-image-preview":"max-image-preview:large","max-video-preview":"max-video-preview:-1"},"canonical":"https:\/\/darkamazi.site\/archives\/1035771","og_locale":"en_US","og_type":"article","og_title":"Amerika: K\u00fcrdistan B\u00f6lgesi ile yapt\u0131\u011f\u0131m\u0131z anla\u015fmalar\u0131n uzun vadeli olmas\u0131n\u0131 istiyoruz - Darka Mazi","og_description":"Do\u011fal Kaynaklar Bakan\u0131, ABD Irak B\u00fcy\u00fckel\u00e7ili\u011fi Maslahatg\u00fczar\u0131 ile bir araya gelerek iki taraf aras\u0131ndaki anla\u015fman\u0131n s\u00fcreklili\u011fini vurgulad\u0131. K\u00fcrdistan B\u00f6lgesel Y\u00f6netimi Do\u011fal Kaynaklar Bakanl\u0131\u011f\u0131, bug\u00fcn (25.11.2025) yapt\u0131\u011f\u0131 a\u00e7\u0131klamada, Do\u011fal Kaynaklar Bakan Vekili Kemal Muhammed Salih ile ABD Irak B\u00fcy\u00fckel\u00e7ili\u011fi Maslahatg\u00fczar\u0131 Joshua Harrison aras\u0131nda yap\u0131lan g\u00f6r\u00fc\u015fmede, &#8220;K\u00fcrdistan B\u00f6lgesi&#8217;nden petrol ihracat\u0131na ili\u015fkin \u00fc\u00e7l\u00fc anla\u015fman\u0131n s\u00fcrekli ve uzun vadeli [&hellip;]","og_url":"https:\/\/darkamazi.site\/archives\/1035771","og_site_name":"Darka Mazi","article_publisher":"https:\/\/www.facebook.com\/DarkaMaziturkce","article_published_time":"2025-11-26T09:08:48+00:00","article_modified_time":"2025-11-26T10:58:29+00:00","og_image":[{"width":626,"height":391,"url":"https:\/\/darkamazi.site\/file\/2025\/11\/ABD-Kurdistan.jpeg","type":"image\/jpeg"}],"author":"darka mazi","twitter_card":"summary_large_image","twitter_creator":"@DarkaMaziTurkce","twitter_site":"@DarkaMaziTurkce","twitter_misc":{"Written by":"darka mazi","Est. reading time":"2 minutes"},"schema":{"@context":"https:\/\/schema.org","@graph":[{"@type":"NewsArticle","@id":"https:\/\/darkamazi.site\/archives\/1035771#article","isPartOf":{"@id":"https:\/\/darkamazi.site\/archives\/1035771"},"author":{"name":"darka mazi","@id":"https:\/\/darkamazi.site\/#\/schema\/person\/67986a95ac546c16760365877ef4a9d3"},"headline":"Amerika: K\u00fcrdistan B\u00f6lgesi ile yapt\u0131\u011f\u0131m\u0131z anla\u015fmalar\u0131n uzun vadeli olmas\u0131n\u0131 istiyoruz","datePublished":"2025-11-26T09:08:48+00:00","dateModified":"2025-11-26T10:58:29+00:00","mainEntityOfPage":{"@id":"https:\/\/darkamazi.site\/archives\/1035771"},"wordCount":341,"publisher":{"@id":"https:\/\/darkamazi.site\/#organization"},"image":{"@id":"https:\/\/darkamazi.site\/archives\/1035771#primaryimage"},"thumbnailUrl":"https:\/\/darkamazi.site\/file\/2025\/11\/ABD-Kurdistan.jpeg","keywords":["\u00f6nemli"],"articleSection":["Kurdistan"],"inLanguage":"en-US"},{"@type":"WebPage","@id":"https:\/\/darkamazi.site\/archives\/1035771","url":"https:\/\/darkamazi.site\/archives\/1035771","name":"Amerika: K\u00fcrdistan B\u00f6lgesi ile yapt\u0131\u011f\u0131m\u0131z anla\u015fmalar\u0131n uzun vadeli olmas\u0131n\u0131 istiyoruz - Darka Mazi","isPartOf":{"@id":"https:\/\/darkamazi.site\/#website"},"primaryImageOfPage":{"@id":"https:\/\/darkamazi.site\/archives\/1035771#primaryimage"},"image":{"@id":"https:\/\/darkamazi.site\/archives\/1035771#primaryimage"},"thumbnailUrl":"https:\/\/darkamazi.site\/file\/2025\/11\/ABD-Kurdistan.jpeg","datePublished":"2025-11-26T09:08:48+00:00","dateModified":"2025-11-26T10:58:29+00:00","breadcrumb":{"@id":"https:\/\/darkamazi.site\/archives\/1035771#breadcrumb"},"inLanguage":"en-US","potentialAction":[{"@type":"ReadAction","target":["https:\/\/darkamazi.site\/archives\/1035771"]}]},{"@type":"ImageObject","inLanguage":"en-US","@id":"https:\/\/darkamazi.site\/archives\/1035771#primaryimage","url":"https:\/\/darkamazi.site\/file\/2025\/11\/ABD-Kurdistan.jpeg","contentUrl":"https:\/\/darkamazi.site\/file\/2025\/11\/ABD-Kurdistan.jpeg","width":626,"height":391,"caption":"Amerika: K\u00fcrdistan B\u00f6lgesi ile yapt\u0131\u011f\u0131m\u0131z anla\u015fmalar\u0131n uzun vadeli olmas\u0131n\u0131 istiyoruz"},{"@type":"BreadcrumbList","@id":"https:\/\/darkamazi.site\/archives\/1035771#breadcrumb","itemListElement":[{"@type":"ListItem","position":1,"name":"Home","item":"https:\/\/darkamazi.site\/"},{"@type":"ListItem","position":2,"name":"Amerika: K\u00fcrdistan B\u00f6lgesi ile yapt\u0131\u011f\u0131m\u0131z anla\u015fmalar\u0131n uzun vadeli olmas\u0131n\u0131 istiyoruz"}]},{"@type":"WebSite","@id":"https:\/\/darkamazi.site\/#website","url":"https:\/\/darkamazi.site\/","name":"Darka Mazi","description":"Ana Sayfa","publisher":{"@id":"https:\/\/darkamazi.site\/#organization"},"potentialAction":[{"@type":"SearchAction","target":{"@type":"EntryPoint","urlTemplate":"https:\/\/darkamazi.site\/?s={search_term_string}"},"query-input":{"@type":"PropertyValueSpecification","valueRequired":true,"valueName":"search_term_string"}}],"inLanguage":"en-US"},{"@type":"Organization","@id":"https:\/\/darkamazi.site\/#organization","name":"Darka Mazi T\u00fcrk\u00e7e","alternateName":"Darka Mazi","url":"https:\/\/darkamazi.site\/","logo":{"@type":"ImageObject","inLanguage":"en-US","@id":"https:\/\/darkamazi.site\/#\/schema\/logo\/image\/","url":"https:\/\/darkamazi.site\/file\/2017\/12\/darka-mazi-logo.png","contentUrl":"https:\/\/darkamazi.site\/file\/2017\/12\/darka-mazi-logo.png","width":151,"height":75,"caption":"Darka Mazi T\u00fcrk\u00e7e"},"image":{"@id":"https:\/\/darkamazi.site\/#\/schema\/logo\/image\/"},"sameAs":["https:\/\/www.facebook.com\/DarkaMaziturkce","https:\/\/x.com\/DarkaMaziTurkce"]},{"@type":"Person","@id":"https:\/\/darkamazi.site\/#\/schema\/person\/67986a95ac546c16760365877ef4a9d3","name":"darka mazi","sameAs":["https:\/\/darkamazi.site"],"url":"https:\/\/darkamazi.site\/archives\/author\/turkish"}]}},"_links":{"self":[{"href":"https:\/\/darkamazi.site\/funavuv\/wp\/v2\/posts\/1035771","targetHints":{"allow":["GET"]}}],"collection":[{"href":"https:\/\/darkamazi.site\/funavuv\/wp\/v2\/posts"}],"about":[{"href":"https:\/\/darkamazi.site\/funavuv\/wp\/v2\/types\/post"}],"author":[{"embeddable":true,"href":"https:\/\/darkamazi.site\/funavuv\/wp\/v2\/users\/2"}],"replies":[{"embeddable":true,"href":"https:\/\/darkamazi.site\/funavuv\/wp\/v2\/comments?post=1035771"}],"version-history":[{"count":0,"href":"https:\/\/darkamazi.site\/funavuv\/wp\/v2\/posts\/1035771\/revisions"}],"wp:featuredmedia":[{"embeddable":true,"href":"https:\/\/darkamazi.site\/funavuv\/wp\/v2\/media\/1035772"}],"wp:attachment":[{"href":"https:\/\/darkamazi.site\/funavuv\/wp\/v2\/media?parent=1035771"}],"wp:term":[{"taxonomy":"category","embeddable":true,"href":"https:\/\/darkamazi.site\/funavuv\/wp\/v2\/categories?post=1035771"},{"taxonomy":"post_tag","embeddable":true,"href":"https:\/\/darkamazi.site\/funavuv\/wp\/v2\/tags?post=1035771"}],"curies":[{"name":"wp","href":"https:\/\/api.w.org\/{rel}","templated":true}]}}