{"id":1035774,"date":"2025-11-27T00:18:53","date_gmt":"2025-11-26T21:18:53","guid":{"rendered":"https:\/\/darkamazi.site\/?p=1035774"},"modified":"2025-11-27T00:18:53","modified_gmt":"2025-11-26T21:18:53","slug":"son-dakika-cemcemaldeki-kor-mor-sahasina-saldiri","status":"publish","type":"post","link":"https:\/\/darkamazi.site\/archives\/1035774","title":{"rendered":"Son Dakika&#8230;. \u00c7em\u00e7emal&#8217;deki Kor Mor sahas\u0131na sald\u0131r\u0131"},"content":{"rendered":"<p style=\"text-align: justify\">\u00a0K\u00fcrdistan B\u00f6lgesi\u2019nin \u00f6nemli enerji altyap\u0131lar\u0131ndan biri olan Kor Mor gaz sahas\u0131, gece saatlerinde d\u00fczenlenen bir sald\u0131r\u0131n\u0131n hedefi oldu. Sald\u0131r\u0131da \u00f6zellikle LPG tesisinin vuruldu\u011fu belirtilirken, sahadan alevlerin y\u00fckseldi\u011fi ve \u00fcretimin durduruldu\u011fu bildirildi.<\/p>\n<p style=\"text-align: justify\">R\u00fbdaw muhabirlerinin aktard\u0131\u011f\u0131 bilgilere g\u00f6re sald\u0131r\u0131, saat 23:30 sular\u0131nda ger\u00e7ekle\u015fti.<\/p>\n<p style=\"text-align: justify\"><strong>Hedef: LPG tesisi<\/strong><\/p>\n<p style=\"text-align: justify\">R\u00fbdaw\u2019a konu\u015fan bir g\u00fcvenlik kayna\u011f\u0131, bombard\u0131man\u0131n do\u011frudan \u201cLPG tesisini\u201d hedef ald\u0131\u011f\u0131n\u0131 do\u011frulad\u0131. Kaynak, sald\u0131r\u0131da can kayb\u0131 ya\u015fanmad\u0131\u011f\u0131n\u0131 ifade etti.<\/p>\n<p style=\"text-align: justify\"><strong>\u201cBu \u015fiddette bir sald\u0131r\u0131 ilk kez g\u00f6r\u00fcl\u00fcyor\u201d<\/strong><\/p>\n<p style=\"text-align: justify\">R\u00fbdaw muhabiri Hardi Muhammed, tesiste g\u00f6revli \u00e7al\u0131\u015fanlar\u0131n, \u201c\u015eimdiye kadar sahaya bu \u015fiddette bir sald\u0131r\u0131 yap\u0131lmam\u0131\u015ft\u0131\u201d dedi\u011fini aktard\u0131. Sald\u0131r\u0131n\u0131n ard\u0131ndan tesiste \u00fcretim tamamen durduruldu.<\/p>\n<p style=\"text-align: justify\"><strong>Sirenler devrede, \u00e7al\u0131\u015fanlar sahay\u0131 terk etti\u00a0<\/strong><\/p>\n<p style=\"text-align: justify\">Sald\u0131r\u0131 sonras\u0131 tesisten yo\u011fun alevlerin y\u00fckseldi\u011fi, b\u00f6lgede acil durum sirenlerinin \u00e7almaya ba\u015flad\u0131\u011f\u0131 bildirildi. R\u00fbdaw muhabiri Pe\u015fewa Muhammed, tesis yak\u0131n\u0131nda konaklayan \u00e7al\u0131\u015fanlar\u0131n sald\u0131r\u0131n\u0131n tekrarlanmas\u0131 korkusuyla b\u00f6lgeden ayr\u0131lmaya ba\u015flad\u0131\u011f\u0131n\u0131 belirtti.<\/p>\n<p style=\"text-align: justify\">Edinilen bilgilere g\u00f6re, sald\u0131r\u0131dan birka\u00e7 g\u00fcn \u00f6nce b\u00f6lge semalar\u0131nda insans\u0131z hava ara\u00e7lar\u0131 (drone) g\u00f6zlemlenmi\u015f ancak o s\u0131rada herhangi bir sald\u0131r\u0131 ger\u00e7ekle\u015fmemi\u015fti<span>.<\/span><\/p>\n<p style=\"text-align: justify\"><strong>Resmi a\u00e7\u0131klama\u00a0<\/strong><\/p>\n<p style=\"text-align: justify\">Sald\u0131r\u0131n\u0131n hemen ard\u0131ndan K\u00fcrdistan B\u00f6lgesi Do\u011fal Kaynaklar Bakanl\u0131\u011f\u0131 ile Elektrik Bakanl\u0131\u011f\u0131 ortak bir a\u00e7\u0131klama yay\u0131mlad\u0131.<\/p>\n<p style=\"text-align: justify\">Resm\u00ee a\u00e7\u0131klamada \u015fu ifadeler yer ald\u0131:<\/p>\n<p style=\"text-align: justify\">\u201cK\u00fcrdistan B\u00f6lgesi vatanda\u015flar\u0131n\u0131 bilgilendiririz ki bu gece saat 23:30\u2019da Kor Mor sahas\u0131na y\u00f6nelik d\u00fczenlenen drone sald\u0131r\u0131s\u0131 nedeniyle elektrik santrallerine yap\u0131lan t\u00fcm gaz sevkiyat\u0131 durdurulmu\u015ftur.\u201d<\/p>\n<p style=\"text-align: justify\">A\u00e7\u0131klamada, h\u00fck\u00fcmetin Do\u011fal Kaynaklar ve Elektrik Bakanl\u0131\u011f\u0131 ekiplerinin, sahay\u0131 i\u015fleten Dana Gas \u015firketiyle birlikte hasar tespiti yapmak ve durumu normale d\u00f6nd\u00fcrmek amac\u0131yla acil koordinasyon toplant\u0131s\u0131 ba\u015flatt\u0131\u011f\u0131 belirtildi.<\/p>\n","protected":false},"excerpt":{"rendered":"<p>\u00a0K\u00fcrdistan B\u00f6lgesi\u2019nin \u00f6nemli enerji altyap\u0131lar\u0131ndan biri olan Kor Mor gaz sahas\u0131, gece saatlerinde d\u00fczenlenen bir sald\u0131r\u0131n\u0131n hedefi oldu. Sald\u0131r\u0131da \u00f6zellikle LPG tesisinin vuruldu\u011fu belirtilirken, sahadan alevlerin y\u00fckseldi\u011fi ve \u00fcretimin durduruldu\u011fu bildirildi. R\u00fbdaw muhabirlerinin aktard\u0131\u011f\u0131 bilgilere g\u00f6re sald\u0131r\u0131, saat 23:30 sular\u0131nda ger\u00e7ekle\u015fti. Hedef: LPG tesisi R\u00fbdaw\u2019a konu\u015fan bir g\u00fcvenlik kayna\u011f\u0131, bombard\u0131man\u0131n do\u011frudan \u201cLPG tesisini\u201d hedef ald\u0131\u011f\u0131n\u0131 [&hellip;]<\/p>\n","protected":false},"author":2,"featured_media":1035775,"comment_status":"closed","ping_status":"closed","sticky":false,"template":"","format":"standard","meta":{"footnotes":""},"categories":[3],"tags":[31],"class_list":["post-1035774","post","type-post","status-publish","format-standard","has-post-thumbnail","hentry","category-kurdistan","tag-onemli"],"blocksy_meta":[],"seo_head":"<!-- This site is optimized with the Yoast SEO plugin v27.5 - https:\/\/yoast.com\/product\/yoast-seo-wordpress\/ -->\n<title>Son Dakika.... \u00c7em\u00e7emal&#039;deki Kor Mor sahas\u0131na sald\u0131r\u0131 - Darka Mazi<\/title>\n<meta name=\"robots\" content=\"index, follow, max-snippet:-1, max-image-preview:large, max-video-preview:-1\" \/>\n<link rel=\"canonical\" href=\"https:\/\/darkamazi.site\/archives\/1035774\" \/>\n<meta property=\"og:locale\" content=\"en_US\" \/>\n<meta property=\"og:type\" content=\"article\" \/>\n<meta property=\"og:title\" content=\"Son Dakika.... \u00c7em\u00e7emal&#039;deki Kor Mor sahas\u0131na sald\u0131r\u0131 - Darka Mazi\" \/>\n<meta property=\"og:description\" content=\"\u00a0K\u00fcrdistan B\u00f6lgesi\u2019nin \u00f6nemli enerji altyap\u0131lar\u0131ndan biri olan Kor Mor gaz sahas\u0131, gece saatlerinde d\u00fczenlenen bir sald\u0131r\u0131n\u0131n hedefi oldu. Sald\u0131r\u0131da \u00f6zellikle LPG tesisinin vuruldu\u011fu belirtilirken, sahadan alevlerin y\u00fckseldi\u011fi ve \u00fcretimin durduruldu\u011fu bildirildi. R\u00fbdaw muhabirlerinin aktard\u0131\u011f\u0131 bilgilere g\u00f6re sald\u0131r\u0131, saat 23:30 sular\u0131nda ger\u00e7ekle\u015fti. Hedef: LPG tesisi R\u00fbdaw\u2019a konu\u015fan bir g\u00fcvenlik kayna\u011f\u0131, bombard\u0131man\u0131n do\u011frudan \u201cLPG tesisini\u201d hedef ald\u0131\u011f\u0131n\u0131 [&hellip;]\" \/>\n<meta property=\"og:url\" content=\"https:\/\/darkamazi.site\/archives\/1035774\" \/>\n<meta property=\"og:site_name\" content=\"Darka Mazi\" \/>\n<meta property=\"article:publisher\" content=\"https:\/\/www.facebook.com\/DarkaMaziturkce\" \/>\n<meta property=\"article:published_time\" content=\"2025-11-26T21:18:53+00:00\" \/>\n<meta property=\"og:image\" content=\"https:\/\/darkamazi.site\/file\/2025\/11\/Kormor.jpg\" \/>\n\t<meta property=\"og:image:width\" content=\"1200\" \/>\n\t<meta property=\"og:image:height\" content=\"676\" \/>\n\t<meta property=\"og:image:type\" content=\"image\/jpeg\" \/>\n<meta name=\"author\" content=\"darka mazi\" \/>\n<meta name=\"twitter:card\" content=\"summary_large_image\" \/>\n<meta name=\"twitter:creator\" content=\"@DarkaMaziTurkce\" \/>\n<meta name=\"twitter:site\" content=\"@DarkaMaziTurkce\" \/>\n<meta name=\"twitter:label1\" content=\"Written by\" \/>\n\t<meta name=\"twitter:data1\" content=\"darka mazi\" \/>\n\t<meta name=\"twitter:label2\" content=\"Est. reading time\" \/>\n\t<meta name=\"twitter:data2\" content=\"2 minutes\" \/>\n<script type=\"application\/ld+json\" class=\"seo-schema-graph\">{\"@context\":\"https:\\\/\\\/schema.org\",\"@graph\":[{\"@type\":\"NewsArticle\",\"@id\":\"https:\\\/\\\/darkamazi.site\\\/archives\\\/1035774#article\",\"isPartOf\":{\"@id\":\"https:\\\/\\\/darkamazi.site\\\/archives\\\/1035774\"},\"author\":{\"name\":\"darka mazi\",\"@id\":\"https:\\\/\\\/darkamazi.site\\\/#\\\/schema\\\/person\\\/67986a95ac546c16760365877ef4a9d3\"},\"headline\":\"Son Dakika&#8230;. \u00c7em\u00e7emal&#8217;deki Kor Mor sahas\u0131na sald\u0131r\u0131\",\"datePublished\":\"2025-11-26T21:18:53+00:00\",\"mainEntityOfPage\":{\"@id\":\"https:\\\/\\\/darkamazi.site\\\/archives\\\/1035774\"},\"wordCount\":349,\"publisher\":{\"@id\":\"https:\\\/\\\/darkamazi.site\\\/#organization\"},\"image\":{\"@id\":\"https:\\\/\\\/darkamazi.site\\\/archives\\\/1035774#primaryimage\"},\"thumbnailUrl\":\"https:\\\/\\\/darkamazi.site\\\/darka-content\\\/uploads\\\/2025\\\/11\\\/Kormor.jpg\",\"keywords\":[\"\u00f6nemli\"],\"articleSection\":[\"Kurdistan\"],\"inLanguage\":\"en-US\"},{\"@type\":\"WebPage\",\"@id\":\"https:\\\/\\\/darkamazi.site\\\/archives\\\/1035774\",\"url\":\"https:\\\/\\\/darkamazi.site\\\/archives\\\/1035774\",\"name\":\"Son Dakika.... \u00c7em\u00e7emal'deki Kor Mor sahas\u0131na sald\u0131r\u0131 - Darka Mazi\",\"isPartOf\":{\"@id\":\"https:\\\/\\\/darkamazi.site\\\/#website\"},\"primaryImageOfPage\":{\"@id\":\"https:\\\/\\\/darkamazi.site\\\/archives\\\/1035774#primaryimage\"},\"image\":{\"@id\":\"https:\\\/\\\/darkamazi.site\\\/archives\\\/1035774#primaryimage\"},\"thumbnailUrl\":\"https:\\\/\\\/darkamazi.site\\\/darka-content\\\/uploads\\\/2025\\\/11\\\/Kormor.jpg\",\"datePublished\":\"2025-11-26T21:18:53+00:00\",\"breadcrumb\":{\"@id\":\"https:\\\/\\\/darkamazi.site\\\/archives\\\/1035774#breadcrumb\"},\"inLanguage\":\"en-US\",\"potentialAction\":[{\"@type\":\"ReadAction\",\"target\":[\"https:\\\/\\\/darkamazi.site\\\/archives\\\/1035774\"]}]},{\"@type\":\"ImageObject\",\"inLanguage\":\"en-US\",\"@id\":\"https:\\\/\\\/darkamazi.site\\\/archives\\\/1035774#primaryimage\",\"url\":\"https:\\\/\\\/darkamazi.site\\\/darka-content\\\/uploads\\\/2025\\\/11\\\/Kormor.jpg\",\"contentUrl\":\"https:\\\/\\\/darkamazi.site\\\/darka-content\\\/uploads\\\/2025\\\/11\\\/Kormor.jpg\",\"width\":1200,\"height\":676,\"caption\":\"Son Dakika.... \u00c7em\u00e7emal'deki Kor Mor sahas\u0131na sald\u0131r\u0131\"},{\"@type\":\"BreadcrumbList\",\"@id\":\"https:\\\/\\\/darkamazi.site\\\/archives\\\/1035774#breadcrumb\",\"itemListElement\":[{\"@type\":\"ListItem\",\"position\":1,\"name\":\"Home\",\"item\":\"https:\\\/\\\/darkamazi.site\\\/\"},{\"@type\":\"ListItem\",\"position\":2,\"name\":\"Son Dakika&#8230;. \u00c7em\u00e7emal&#8217;deki Kor Mor sahas\u0131na sald\u0131r\u0131\"}]},{\"@type\":\"WebSite\",\"@id\":\"https:\\\/\\\/darkamazi.site\\\/#website\",\"url\":\"https:\\\/\\\/darkamazi.site\\\/\",\"name\":\"Darka Mazi\",\"description\":\"Ana Sayfa\",\"publisher\":{\"@id\":\"https:\\\/\\\/darkamazi.site\\\/#organization\"},\"potentialAction\":[{\"@type\":\"SearchAction\",\"target\":{\"@type\":\"EntryPoint\",\"urlTemplate\":\"https:\\\/\\\/darkamazi.site\\\/?s={search_term_string}\"},\"query-input\":{\"@type\":\"PropertyValueSpecification\",\"valueRequired\":true,\"valueName\":\"search_term_string\"}}],\"inLanguage\":\"en-US\"},{\"@type\":\"Organization\",\"@id\":\"https:\\\/\\\/darkamazi.site\\\/#organization\",\"name\":\"Darka Mazi T\u00fcrk\u00e7e\",\"alternateName\":\"Darka Mazi\",\"url\":\"https:\\\/\\\/darkamazi.site\\\/\",\"logo\":{\"@type\":\"ImageObject\",\"inLanguage\":\"en-US\",\"@id\":\"https:\\\/\\\/darkamazi.site\\\/#\\\/schema\\\/logo\\\/image\\\/\",\"url\":\"https:\\\/\\\/darkamazi.site\\\/darka-content\\\/uploads\\\/2017\\\/12\\\/darka-mazi-logo.png\",\"contentUrl\":\"https:\\\/\\\/darkamazi.site\\\/darka-content\\\/uploads\\\/2017\\\/12\\\/darka-mazi-logo.png\",\"width\":151,\"height\":75,\"caption\":\"Darka Mazi T\u00fcrk\u00e7e\"},\"image\":{\"@id\":\"https:\\\/\\\/darkamazi.site\\\/#\\\/schema\\\/logo\\\/image\\\/\"},\"sameAs\":[\"https:\\\/\\\/www.facebook.com\\\/DarkaMaziturkce\",\"https:\\\/\\\/x.com\\\/DarkaMaziTurkce\"]},{\"@type\":\"Person\",\"@id\":\"https:\\\/\\\/darkamazi.site\\\/#\\\/schema\\\/person\\\/67986a95ac546c16760365877ef4a9d3\",\"name\":\"darka mazi\",\"sameAs\":[\"https:\\\/\\\/darkamazi.site\"],\"url\":\"https:\\\/\\\/darkamazi.site\\\/archives\\\/author\\\/turkish\"}]}<\/script>\n<!-- \/ Yoast SEO plugin. -->","seo_head_json":{"title":"Son Dakika.... \u00c7em\u00e7emal'deki Kor Mor sahas\u0131na sald\u0131r\u0131 - Darka Mazi","robots":{"index":"index","follow":"follow","max-snippet":"max-snippet:-1","max-image-preview":"max-image-preview:large","max-video-preview":"max-video-preview:-1"},"canonical":"https:\/\/darkamazi.site\/archives\/1035774","og_locale":"en_US","og_type":"article","og_title":"Son Dakika.... \u00c7em\u00e7emal'deki Kor Mor sahas\u0131na sald\u0131r\u0131 - Darka Mazi","og_description":"\u00a0K\u00fcrdistan B\u00f6lgesi\u2019nin \u00f6nemli enerji altyap\u0131lar\u0131ndan biri olan Kor Mor gaz sahas\u0131, gece saatlerinde d\u00fczenlenen bir sald\u0131r\u0131n\u0131n hedefi oldu. Sald\u0131r\u0131da \u00f6zellikle LPG tesisinin vuruldu\u011fu belirtilirken, sahadan alevlerin y\u00fckseldi\u011fi ve \u00fcretimin durduruldu\u011fu bildirildi. R\u00fbdaw muhabirlerinin aktard\u0131\u011f\u0131 bilgilere g\u00f6re sald\u0131r\u0131, saat 23:30 sular\u0131nda ger\u00e7ekle\u015fti. Hedef: LPG tesisi R\u00fbdaw\u2019a konu\u015fan bir g\u00fcvenlik kayna\u011f\u0131, bombard\u0131man\u0131n do\u011frudan \u201cLPG tesisini\u201d hedef ald\u0131\u011f\u0131n\u0131 [&hellip;]","og_url":"https:\/\/darkamazi.site\/archives\/1035774","og_site_name":"Darka Mazi","article_publisher":"https:\/\/www.facebook.com\/DarkaMaziturkce","article_published_time":"2025-11-26T21:18:53+00:00","og_image":[{"width":1200,"height":676,"url":"https:\/\/darkamazi.site\/file\/2025\/11\/Kormor.jpg","type":"image\/jpeg"}],"author":"darka mazi","twitter_card":"summary_large_image","twitter_creator":"@DarkaMaziTurkce","twitter_site":"@DarkaMaziTurkce","twitter_misc":{"Written by":"darka mazi","Est. reading time":"2 minutes"},"schema":{"@context":"https:\/\/schema.org","@graph":[{"@type":"NewsArticle","@id":"https:\/\/darkamazi.site\/archives\/1035774#article","isPartOf":{"@id":"https:\/\/darkamazi.site\/archives\/1035774"},"author":{"name":"darka mazi","@id":"https:\/\/darkamazi.site\/#\/schema\/person\/67986a95ac546c16760365877ef4a9d3"},"headline":"Son Dakika&#8230;. \u00c7em\u00e7emal&#8217;deki Kor Mor sahas\u0131na sald\u0131r\u0131","datePublished":"2025-11-26T21:18:53+00:00","mainEntityOfPage":{"@id":"https:\/\/darkamazi.site\/archives\/1035774"},"wordCount":349,"publisher":{"@id":"https:\/\/darkamazi.site\/#organization"},"image":{"@id":"https:\/\/darkamazi.site\/archives\/1035774#primaryimage"},"thumbnailUrl":"https:\/\/darkamazi.site\/file\/2025\/11\/Kormor.jpg","keywords":["\u00f6nemli"],"articleSection":["Kurdistan"],"inLanguage":"en-US"},{"@type":"WebPage","@id":"https:\/\/darkamazi.site\/archives\/1035774","url":"https:\/\/darkamazi.site\/archives\/1035774","name":"Son Dakika.... \u00c7em\u00e7emal'deki Kor Mor sahas\u0131na sald\u0131r\u0131 - Darka Mazi","isPartOf":{"@id":"https:\/\/darkamazi.site\/#website"},"primaryImageOfPage":{"@id":"https:\/\/darkamazi.site\/archives\/1035774#primaryimage"},"image":{"@id":"https:\/\/darkamazi.site\/archives\/1035774#primaryimage"},"thumbnailUrl":"https:\/\/darkamazi.site\/file\/2025\/11\/Kormor.jpg","datePublished":"2025-11-26T21:18:53+00:00","breadcrumb":{"@id":"https:\/\/darkamazi.site\/archives\/1035774#breadcrumb"},"inLanguage":"en-US","potentialAction":[{"@type":"ReadAction","target":["https:\/\/darkamazi.site\/archives\/1035774"]}]},{"@type":"ImageObject","inLanguage":"en-US","@id":"https:\/\/darkamazi.site\/archives\/1035774#primaryimage","url":"https:\/\/darkamazi.site\/file\/2025\/11\/Kormor.jpg","contentUrl":"https:\/\/darkamazi.site\/file\/2025\/11\/Kormor.jpg","width":1200,"height":676,"caption":"Son Dakika.... \u00c7em\u00e7emal'deki Kor Mor sahas\u0131na sald\u0131r\u0131"},{"@type":"BreadcrumbList","@id":"https:\/\/darkamazi.site\/archives\/1035774#breadcrumb","itemListElement":[{"@type":"ListItem","position":1,"name":"Home","item":"https:\/\/darkamazi.site\/"},{"@type":"ListItem","position":2,"name":"Son Dakika&#8230;. \u00c7em\u00e7emal&#8217;deki Kor Mor sahas\u0131na sald\u0131r\u0131"}]},{"@type":"WebSite","@id":"https:\/\/darkamazi.site\/#website","url":"https:\/\/darkamazi.site\/","name":"Darka Mazi","description":"Ana Sayfa","publisher":{"@id":"https:\/\/darkamazi.site\/#organization"},"potentialAction":[{"@type":"SearchAction","target":{"@type":"EntryPoint","urlTemplate":"https:\/\/darkamazi.site\/?s={search_term_string}"},"query-input":{"@type":"PropertyValueSpecification","valueRequired":true,"valueName":"search_term_string"}}],"inLanguage":"en-US"},{"@type":"Organization","@id":"https:\/\/darkamazi.site\/#organization","name":"Darka Mazi T\u00fcrk\u00e7e","alternateName":"Darka Mazi","url":"https:\/\/darkamazi.site\/","logo":{"@type":"ImageObject","inLanguage":"en-US","@id":"https:\/\/darkamazi.site\/#\/schema\/logo\/image\/","url":"https:\/\/darkamazi.site\/file\/2017\/12\/darka-mazi-logo.png","contentUrl":"https:\/\/darkamazi.site\/file\/2017\/12\/darka-mazi-logo.png","width":151,"height":75,"caption":"Darka Mazi T\u00fcrk\u00e7e"},"image":{"@id":"https:\/\/darkamazi.site\/#\/schema\/logo\/image\/"},"sameAs":["https:\/\/www.facebook.com\/DarkaMaziturkce","https:\/\/x.com\/DarkaMaziTurkce"]},{"@type":"Person","@id":"https:\/\/darkamazi.site\/#\/schema\/person\/67986a95ac546c16760365877ef4a9d3","name":"darka mazi","sameAs":["https:\/\/darkamazi.site"],"url":"https:\/\/darkamazi.site\/archives\/author\/turkish"}]}},"_links":{"self":[{"href":"https:\/\/darkamazi.site\/funavuv\/wp\/v2\/posts\/1035774","targetHints":{"allow":["GET"]}}],"collection":[{"href":"https:\/\/darkamazi.site\/funavuv\/wp\/v2\/posts"}],"about":[{"href":"https:\/\/darkamazi.site\/funavuv\/wp\/v2\/types\/post"}],"author":[{"embeddable":true,"href":"https:\/\/darkamazi.site\/funavuv\/wp\/v2\/users\/2"}],"replies":[{"embeddable":true,"href":"https:\/\/darkamazi.site\/funavuv\/wp\/v2\/comments?post=1035774"}],"version-history":[{"count":0,"href":"https:\/\/darkamazi.site\/funavuv\/wp\/v2\/posts\/1035774\/revisions"}],"wp:featuredmedia":[{"embeddable":true,"href":"https:\/\/darkamazi.site\/funavuv\/wp\/v2\/media\/1035775"}],"wp:attachment":[{"href":"https:\/\/darkamazi.site\/funavuv\/wp\/v2\/media?parent=1035774"}],"wp:term":[{"taxonomy":"category","embeddable":true,"href":"https:\/\/darkamazi.site\/funavuv\/wp\/v2\/categories?post=1035774"},{"taxonomy":"post_tag","embeddable":true,"href":"https:\/\/darkamazi.site\/funavuv\/wp\/v2\/tags?post=1035774"}],"curies":[{"name":"wp","href":"https:\/\/api.w.org\/{rel}","templated":true}]}}