{"id":1035780,"date":"2025-11-27T12:34:33","date_gmt":"2025-11-27T09:34:33","guid":{"rendered":"https:\/\/darkamazi.site\/?p=1035780"},"modified":"2025-11-27T13:24:15","modified_gmt":"2025-11-27T10:24:15","slug":"germiyan-ynk-gucleri-gazeteci-karwan-kelariyi-kacirdi","status":"publish","type":"post","link":"https:\/\/darkamazi.site\/archives\/1035780","title":{"rendered":"Germiyan: YNK g\u00fc\u00e7leri gazeteci Karwan Kelari\u2019yi ka\u00e7\u0131rd\u0131"},"content":{"rendered":"<p>&nbsp;<\/p>\n<p>Gazeteci Karwan Kelari YNK\u2019ye ba\u011fl\u0131 g\u00fc\u00e7ler taraf\u0131ndan 25 Kas\u0131m g\u00fcn\u00fc ka\u00e7\u0131r\u0131ld\u0131.\u00a0 Ka\u00e7\u0131r\u0131lan gazeteci Kelari hakk\u0131nda hi\u00e7 bir resmi a\u00e7\u0131klama yap\u0131lmad\u0131.<\/p>\n<p>Gazeteci Karwan Kelari \u00f6nceki g\u00fcn evine gelen bir gurup taraf\u0131ndan g\u00f6zalt\u0131na al\u0131nma iddias\u0131 ile g\u00f6t\u00fcr\u00fcld\u00fc. Ailesinin alandaki g\u00fcvenlik g\u00fc\u00e7lerine yapt\u0131\u011f\u0131 ba\u015fvuruda ise Kelari\u2019nin g\u00f6zalt\u0131nda olmad\u0131\u011f\u0131 s\u00f6ylendi. Karwan Kelari\u2019nin hukuksuz bi\u00e7imde ka\u00e7\u0131r\u0131lmas\u0131na b\u00f6lgedeki ba\u011f\u0131ms\u0131z ayd\u0131n ve gazeteciler sendikas\u0131ndan tepki geldi.<\/p>\n<p>K\u00fcrdistan Gazeteciler Birli\u011fi Germiyan ofisi, gazeteci Karwan Kelari&#8217;nin tutuklanmas\u0131yla ilgili olarak yapt\u0131\u011f\u0131 a\u00e7\u0131klamada, &#8220;Karwan Kelari g\u00fcvenlik g\u00fc\u00e7leri taraf\u0131ndan tutukland\u0131, ancak neden ve hangi gerek\u00e7eyle tutukland\u0131\u011f\u0131 a\u00e7\u0131klanmad\u0131. \u00d6zellikle tutuklanma \u015fekli ve tutuklanma nedeninin a\u00e7\u0131klanmamas\u0131 sendikan\u0131n yasalar\u0131na ayk\u0131r\u0131 oldu\u011fundan endi\u015fe duymam\u0131za neden oldu.&#8221; ifadeleri kullan\u0131ld\u0131.<\/p>\n<p>K\u00fcrdistan Gazeteciler Birli\u011fi Germiyan ofisi, gazetecinin serbest b\u0131rak\u0131lmas\u0131n\u0131, g\u00fcvenli\u011finin kendilerine ait oldu\u011funu ve t\u00fcm gazetecilerle yap\u0131lacak m\u00fczakerelerde sendika yasalar\u0131n\u0131n esas al\u0131nmas\u0131n\u0131 talep etti.<\/p>\n<p>Yerel kaynaklar Kelari\u2019nin KDP\u2019ye yak\u0131nl\u0131\u011f\u0131 ile bilindi\u011fini ve YNK taraf\u0131ndan g\u00f6z korkutmak i\u00e7in ka\u00e7\u0131r\u0131lm\u0131\u015f olabilece\u011fini belirtiyorlar.<\/p>\n","protected":false},"excerpt":{"rendered":"<p>&nbsp; Gazeteci Karwan Kelari YNK\u2019ye ba\u011fl\u0131 g\u00fc\u00e7ler taraf\u0131ndan 25 Kas\u0131m g\u00fcn\u00fc ka\u00e7\u0131r\u0131ld\u0131.\u00a0 Ka\u00e7\u0131r\u0131lan gazeteci Kelari hakk\u0131nda hi\u00e7 bir resmi a\u00e7\u0131klama yap\u0131lmad\u0131. Gazeteci Karwan Kelari \u00f6nceki g\u00fcn evine gelen bir gurup taraf\u0131ndan g\u00f6zalt\u0131na al\u0131nma iddias\u0131 ile g\u00f6t\u00fcr\u00fcld\u00fc. Ailesinin alandaki g\u00fcvenlik g\u00fc\u00e7lerine yapt\u0131\u011f\u0131 ba\u015fvuruda ise Kelari\u2019nin g\u00f6zalt\u0131nda olmad\u0131\u011f\u0131 s\u00f6ylendi. Karwan Kelari\u2019nin hukuksuz bi\u00e7imde ka\u00e7\u0131r\u0131lmas\u0131na b\u00f6lgedeki ba\u011f\u0131ms\u0131z ayd\u0131n [&hellip;]<\/p>\n","protected":false},"author":2,"featured_media":1035781,"comment_status":"closed","ping_status":"closed","sticky":false,"template":"","format":"standard","meta":{"footnotes":""},"categories":[3],"tags":[31],"class_list":["post-1035780","post","type-post","status-publish","format-standard","has-post-thumbnail","hentry","category-kurdistan","tag-onemli"],"blocksy_meta":[],"seo_head":"<!-- This site is optimized with the Yoast SEO plugin v27.5 - https:\/\/yoast.com\/product\/yoast-seo-wordpress\/ -->\n<title>Germiyan: YNK g\u00fc\u00e7leri gazeteci Karwan Kelari\u2019yi ka\u00e7\u0131rd\u0131 - Darka Mazi<\/title>\n<meta name=\"robots\" content=\"index, follow, max-snippet:-1, max-image-preview:large, max-video-preview:-1\" \/>\n<link rel=\"canonical\" href=\"https:\/\/darkamazi.site\/archives\/1035780\" \/>\n<meta property=\"og:locale\" content=\"en_US\" \/>\n<meta property=\"og:type\" content=\"article\" \/>\n<meta property=\"og:title\" content=\"Germiyan: YNK g\u00fc\u00e7leri gazeteci Karwan Kelari\u2019yi ka\u00e7\u0131rd\u0131 - Darka Mazi\" \/>\n<meta property=\"og:description\" content=\"&nbsp; Gazeteci Karwan Kelari YNK\u2019ye ba\u011fl\u0131 g\u00fc\u00e7ler taraf\u0131ndan 25 Kas\u0131m g\u00fcn\u00fc ka\u00e7\u0131r\u0131ld\u0131.\u00a0 Ka\u00e7\u0131r\u0131lan gazeteci Kelari hakk\u0131nda hi\u00e7 bir resmi a\u00e7\u0131klama yap\u0131lmad\u0131. Gazeteci Karwan Kelari \u00f6nceki g\u00fcn evine gelen bir gurup taraf\u0131ndan g\u00f6zalt\u0131na al\u0131nma iddias\u0131 ile g\u00f6t\u00fcr\u00fcld\u00fc. Ailesinin alandaki g\u00fcvenlik g\u00fc\u00e7lerine yapt\u0131\u011f\u0131 ba\u015fvuruda ise Kelari\u2019nin g\u00f6zalt\u0131nda olmad\u0131\u011f\u0131 s\u00f6ylendi. Karwan Kelari\u2019nin hukuksuz bi\u00e7imde ka\u00e7\u0131r\u0131lmas\u0131na b\u00f6lgedeki ba\u011f\u0131ms\u0131z ayd\u0131n [&hellip;]\" \/>\n<meta property=\"og:url\" content=\"https:\/\/darkamazi.site\/archives\/1035780\" \/>\n<meta property=\"og:site_name\" content=\"Darka Mazi\" \/>\n<meta property=\"article:publisher\" content=\"https:\/\/www.facebook.com\/DarkaMaziturkce\" \/>\n<meta property=\"article:published_time\" content=\"2025-11-27T09:34:33+00:00\" \/>\n<meta property=\"article:modified_time\" content=\"2025-11-27T10:24:15+00:00\" \/>\n<meta property=\"og:image\" content=\"https:\/\/darkamazi.site\/file\/2025\/11\/Karwan-Kelari.jpg\" \/>\n\t<meta property=\"og:image:width\" content=\"710\" \/>\n\t<meta property=\"og:image:height\" content=\"391\" \/>\n\t<meta property=\"og:image:type\" content=\"image\/jpeg\" \/>\n<meta name=\"author\" content=\"darka mazi\" \/>\n<meta name=\"twitter:card\" content=\"summary_large_image\" \/>\n<meta name=\"twitter:creator\" content=\"@DarkaMaziTurkce\" \/>\n<meta name=\"twitter:site\" content=\"@DarkaMaziTurkce\" \/>\n<meta name=\"twitter:label1\" content=\"Written by\" \/>\n\t<meta name=\"twitter:data1\" content=\"darka mazi\" \/>\n\t<meta name=\"twitter:label2\" content=\"Est. reading time\" \/>\n\t<meta name=\"twitter:data2\" content=\"1 minute\" \/>\n<script type=\"application\/ld+json\" class=\"seo-schema-graph\">{\"@context\":\"https:\\\/\\\/schema.org\",\"@graph\":[{\"@type\":\"NewsArticle\",\"@id\":\"https:\\\/\\\/darkamazi.site\\\/archives\\\/1035780#article\",\"isPartOf\":{\"@id\":\"https:\\\/\\\/darkamazi.site\\\/archives\\\/1035780\"},\"author\":{\"name\":\"darka mazi\",\"@id\":\"https:\\\/\\\/darkamazi.site\\\/#\\\/schema\\\/person\\\/67986a95ac546c16760365877ef4a9d3\"},\"headline\":\"Germiyan: YNK g\u00fc\u00e7leri gazeteci Karwan Kelari\u2019yi ka\u00e7\u0131rd\u0131\",\"datePublished\":\"2025-11-27T09:34:33+00:00\",\"dateModified\":\"2025-11-27T10:24:15+00:00\",\"mainEntityOfPage\":{\"@id\":\"https:\\\/\\\/darkamazi.site\\\/archives\\\/1035780\"},\"wordCount\":232,\"publisher\":{\"@id\":\"https:\\\/\\\/darkamazi.site\\\/#organization\"},\"image\":{\"@id\":\"https:\\\/\\\/darkamazi.site\\\/archives\\\/1035780#primaryimage\"},\"thumbnailUrl\":\"https:\\\/\\\/darkamazi.site\\\/darka-content\\\/uploads\\\/2025\\\/11\\\/Karwan-Kelari.jpg\",\"keywords\":[\"\u00f6nemli\"],\"articleSection\":[\"Kurdistan\"],\"inLanguage\":\"en-US\"},{\"@type\":\"WebPage\",\"@id\":\"https:\\\/\\\/darkamazi.site\\\/archives\\\/1035780\",\"url\":\"https:\\\/\\\/darkamazi.site\\\/archives\\\/1035780\",\"name\":\"Germiyan: YNK g\u00fc\u00e7leri gazeteci Karwan Kelari\u2019yi ka\u00e7\u0131rd\u0131 - Darka Mazi\",\"isPartOf\":{\"@id\":\"https:\\\/\\\/darkamazi.site\\\/#website\"},\"primaryImageOfPage\":{\"@id\":\"https:\\\/\\\/darkamazi.site\\\/archives\\\/1035780#primaryimage\"},\"image\":{\"@id\":\"https:\\\/\\\/darkamazi.site\\\/archives\\\/1035780#primaryimage\"},\"thumbnailUrl\":\"https:\\\/\\\/darkamazi.site\\\/darka-content\\\/uploads\\\/2025\\\/11\\\/Karwan-Kelari.jpg\",\"datePublished\":\"2025-11-27T09:34:33+00:00\",\"dateModified\":\"2025-11-27T10:24:15+00:00\",\"breadcrumb\":{\"@id\":\"https:\\\/\\\/darkamazi.site\\\/archives\\\/1035780#breadcrumb\"},\"inLanguage\":\"en-US\",\"potentialAction\":[{\"@type\":\"ReadAction\",\"target\":[\"https:\\\/\\\/darkamazi.site\\\/archives\\\/1035780\"]}]},{\"@type\":\"ImageObject\",\"inLanguage\":\"en-US\",\"@id\":\"https:\\\/\\\/darkamazi.site\\\/archives\\\/1035780#primaryimage\",\"url\":\"https:\\\/\\\/darkamazi.site\\\/darka-content\\\/uploads\\\/2025\\\/11\\\/Karwan-Kelari.jpg\",\"contentUrl\":\"https:\\\/\\\/darkamazi.site\\\/darka-content\\\/uploads\\\/2025\\\/11\\\/Karwan-Kelari.jpg\",\"width\":710,\"height\":391,\"caption\":\"Germiyan: YNK g\u00fc\u00e7leri gazeteci Karwan Kelari\u2019yi ka\u00e7\u0131rd\u0131\"},{\"@type\":\"BreadcrumbList\",\"@id\":\"https:\\\/\\\/darkamazi.site\\\/archives\\\/1035780#breadcrumb\",\"itemListElement\":[{\"@type\":\"ListItem\",\"position\":1,\"name\":\"Home\",\"item\":\"https:\\\/\\\/darkamazi.site\\\/\"},{\"@type\":\"ListItem\",\"position\":2,\"name\":\"Germiyan: YNK g\u00fc\u00e7leri gazeteci Karwan Kelari\u2019yi ka\u00e7\u0131rd\u0131\"}]},{\"@type\":\"WebSite\",\"@id\":\"https:\\\/\\\/darkamazi.site\\\/#website\",\"url\":\"https:\\\/\\\/darkamazi.site\\\/\",\"name\":\"Darka Mazi\",\"description\":\"Ana Sayfa\",\"publisher\":{\"@id\":\"https:\\\/\\\/darkamazi.site\\\/#organization\"},\"potentialAction\":[{\"@type\":\"SearchAction\",\"target\":{\"@type\":\"EntryPoint\",\"urlTemplate\":\"https:\\\/\\\/darkamazi.site\\\/?s={search_term_string}\"},\"query-input\":{\"@type\":\"PropertyValueSpecification\",\"valueRequired\":true,\"valueName\":\"search_term_string\"}}],\"inLanguage\":\"en-US\"},{\"@type\":\"Organization\",\"@id\":\"https:\\\/\\\/darkamazi.site\\\/#organization\",\"name\":\"Darka Mazi T\u00fcrk\u00e7e\",\"alternateName\":\"Darka Mazi\",\"url\":\"https:\\\/\\\/darkamazi.site\\\/\",\"logo\":{\"@type\":\"ImageObject\",\"inLanguage\":\"en-US\",\"@id\":\"https:\\\/\\\/darkamazi.site\\\/#\\\/schema\\\/logo\\\/image\\\/\",\"url\":\"https:\\\/\\\/darkamazi.site\\\/darka-content\\\/uploads\\\/2017\\\/12\\\/darka-mazi-logo.png\",\"contentUrl\":\"https:\\\/\\\/darkamazi.site\\\/darka-content\\\/uploads\\\/2017\\\/12\\\/darka-mazi-logo.png\",\"width\":151,\"height\":75,\"caption\":\"Darka Mazi T\u00fcrk\u00e7e\"},\"image\":{\"@id\":\"https:\\\/\\\/darkamazi.site\\\/#\\\/schema\\\/logo\\\/image\\\/\"},\"sameAs\":[\"https:\\\/\\\/www.facebook.com\\\/DarkaMaziturkce\",\"https:\\\/\\\/x.com\\\/DarkaMaziTurkce\"]},{\"@type\":\"Person\",\"@id\":\"https:\\\/\\\/darkamazi.site\\\/#\\\/schema\\\/person\\\/67986a95ac546c16760365877ef4a9d3\",\"name\":\"darka mazi\",\"sameAs\":[\"https:\\\/\\\/darkamazi.site\"],\"url\":\"https:\\\/\\\/darkamazi.site\\\/archives\\\/author\\\/turkish\"}]}<\/script>\n<!-- \/ Yoast SEO plugin. -->","seo_head_json":{"title":"Germiyan: YNK g\u00fc\u00e7leri gazeteci Karwan Kelari\u2019yi ka\u00e7\u0131rd\u0131 - Darka Mazi","robots":{"index":"index","follow":"follow","max-snippet":"max-snippet:-1","max-image-preview":"max-image-preview:large","max-video-preview":"max-video-preview:-1"},"canonical":"https:\/\/darkamazi.site\/archives\/1035780","og_locale":"en_US","og_type":"article","og_title":"Germiyan: YNK g\u00fc\u00e7leri gazeteci Karwan Kelari\u2019yi ka\u00e7\u0131rd\u0131 - Darka Mazi","og_description":"&nbsp; Gazeteci Karwan Kelari YNK\u2019ye ba\u011fl\u0131 g\u00fc\u00e7ler taraf\u0131ndan 25 Kas\u0131m g\u00fcn\u00fc ka\u00e7\u0131r\u0131ld\u0131.\u00a0 Ka\u00e7\u0131r\u0131lan gazeteci Kelari hakk\u0131nda hi\u00e7 bir resmi a\u00e7\u0131klama yap\u0131lmad\u0131. Gazeteci Karwan Kelari \u00f6nceki g\u00fcn evine gelen bir gurup taraf\u0131ndan g\u00f6zalt\u0131na al\u0131nma iddias\u0131 ile g\u00f6t\u00fcr\u00fcld\u00fc. Ailesinin alandaki g\u00fcvenlik g\u00fc\u00e7lerine yapt\u0131\u011f\u0131 ba\u015fvuruda ise Kelari\u2019nin g\u00f6zalt\u0131nda olmad\u0131\u011f\u0131 s\u00f6ylendi. Karwan Kelari\u2019nin hukuksuz bi\u00e7imde ka\u00e7\u0131r\u0131lmas\u0131na b\u00f6lgedeki ba\u011f\u0131ms\u0131z ayd\u0131n [&hellip;]","og_url":"https:\/\/darkamazi.site\/archives\/1035780","og_site_name":"Darka Mazi","article_publisher":"https:\/\/www.facebook.com\/DarkaMaziturkce","article_published_time":"2025-11-27T09:34:33+00:00","article_modified_time":"2025-11-27T10:24:15+00:00","og_image":[{"width":710,"height":391,"url":"https:\/\/darkamazi.site\/file\/2025\/11\/Karwan-Kelari.jpg","type":"image\/jpeg"}],"author":"darka mazi","twitter_card":"summary_large_image","twitter_creator":"@DarkaMaziTurkce","twitter_site":"@DarkaMaziTurkce","twitter_misc":{"Written by":"darka mazi","Est. reading time":"1 minute"},"schema":{"@context":"https:\/\/schema.org","@graph":[{"@type":"NewsArticle","@id":"https:\/\/darkamazi.site\/archives\/1035780#article","isPartOf":{"@id":"https:\/\/darkamazi.site\/archives\/1035780"},"author":{"name":"darka mazi","@id":"https:\/\/darkamazi.site\/#\/schema\/person\/67986a95ac546c16760365877ef4a9d3"},"headline":"Germiyan: YNK g\u00fc\u00e7leri gazeteci Karwan Kelari\u2019yi ka\u00e7\u0131rd\u0131","datePublished":"2025-11-27T09:34:33+00:00","dateModified":"2025-11-27T10:24:15+00:00","mainEntityOfPage":{"@id":"https:\/\/darkamazi.site\/archives\/1035780"},"wordCount":232,"publisher":{"@id":"https:\/\/darkamazi.site\/#organization"},"image":{"@id":"https:\/\/darkamazi.site\/archives\/1035780#primaryimage"},"thumbnailUrl":"https:\/\/darkamazi.site\/file\/2025\/11\/Karwan-Kelari.jpg","keywords":["\u00f6nemli"],"articleSection":["Kurdistan"],"inLanguage":"en-US"},{"@type":"WebPage","@id":"https:\/\/darkamazi.site\/archives\/1035780","url":"https:\/\/darkamazi.site\/archives\/1035780","name":"Germiyan: YNK g\u00fc\u00e7leri gazeteci Karwan Kelari\u2019yi ka\u00e7\u0131rd\u0131 - Darka Mazi","isPartOf":{"@id":"https:\/\/darkamazi.site\/#website"},"primaryImageOfPage":{"@id":"https:\/\/darkamazi.site\/archives\/1035780#primaryimage"},"image":{"@id":"https:\/\/darkamazi.site\/archives\/1035780#primaryimage"},"thumbnailUrl":"https:\/\/darkamazi.site\/file\/2025\/11\/Karwan-Kelari.jpg","datePublished":"2025-11-27T09:34:33+00:00","dateModified":"2025-11-27T10:24:15+00:00","breadcrumb":{"@id":"https:\/\/darkamazi.site\/archives\/1035780#breadcrumb"},"inLanguage":"en-US","potentialAction":[{"@type":"ReadAction","target":["https:\/\/darkamazi.site\/archives\/1035780"]}]},{"@type":"ImageObject","inLanguage":"en-US","@id":"https:\/\/darkamazi.site\/archives\/1035780#primaryimage","url":"https:\/\/darkamazi.site\/file\/2025\/11\/Karwan-Kelari.jpg","contentUrl":"https:\/\/darkamazi.site\/file\/2025\/11\/Karwan-Kelari.jpg","width":710,"height":391,"caption":"Germiyan: YNK g\u00fc\u00e7leri gazeteci Karwan Kelari\u2019yi ka\u00e7\u0131rd\u0131"},{"@type":"BreadcrumbList","@id":"https:\/\/darkamazi.site\/archives\/1035780#breadcrumb","itemListElement":[{"@type":"ListItem","position":1,"name":"Home","item":"https:\/\/darkamazi.site\/"},{"@type":"ListItem","position":2,"name":"Germiyan: YNK g\u00fc\u00e7leri gazeteci Karwan Kelari\u2019yi ka\u00e7\u0131rd\u0131"}]},{"@type":"WebSite","@id":"https:\/\/darkamazi.site\/#website","url":"https:\/\/darkamazi.site\/","name":"Darka Mazi","description":"Ana Sayfa","publisher":{"@id":"https:\/\/darkamazi.site\/#organization"},"potentialAction":[{"@type":"SearchAction","target":{"@type":"EntryPoint","urlTemplate":"https:\/\/darkamazi.site\/?s={search_term_string}"},"query-input":{"@type":"PropertyValueSpecification","valueRequired":true,"valueName":"search_term_string"}}],"inLanguage":"en-US"},{"@type":"Organization","@id":"https:\/\/darkamazi.site\/#organization","name":"Darka Mazi T\u00fcrk\u00e7e","alternateName":"Darka Mazi","url":"https:\/\/darkamazi.site\/","logo":{"@type":"ImageObject","inLanguage":"en-US","@id":"https:\/\/darkamazi.site\/#\/schema\/logo\/image\/","url":"https:\/\/darkamazi.site\/file\/2017\/12\/darka-mazi-logo.png","contentUrl":"https:\/\/darkamazi.site\/file\/2017\/12\/darka-mazi-logo.png","width":151,"height":75,"caption":"Darka Mazi T\u00fcrk\u00e7e"},"image":{"@id":"https:\/\/darkamazi.site\/#\/schema\/logo\/image\/"},"sameAs":["https:\/\/www.facebook.com\/DarkaMaziturkce","https:\/\/x.com\/DarkaMaziTurkce"]},{"@type":"Person","@id":"https:\/\/darkamazi.site\/#\/schema\/person\/67986a95ac546c16760365877ef4a9d3","name":"darka mazi","sameAs":["https:\/\/darkamazi.site"],"url":"https:\/\/darkamazi.site\/archives\/author\/turkish"}]}},"_links":{"self":[{"href":"https:\/\/darkamazi.site\/funavuv\/wp\/v2\/posts\/1035780","targetHints":{"allow":["GET"]}}],"collection":[{"href":"https:\/\/darkamazi.site\/funavuv\/wp\/v2\/posts"}],"about":[{"href":"https:\/\/darkamazi.site\/funavuv\/wp\/v2\/types\/post"}],"author":[{"embeddable":true,"href":"https:\/\/darkamazi.site\/funavuv\/wp\/v2\/users\/2"}],"replies":[{"embeddable":true,"href":"https:\/\/darkamazi.site\/funavuv\/wp\/v2\/comments?post=1035780"}],"version-history":[{"count":0,"href":"https:\/\/darkamazi.site\/funavuv\/wp\/v2\/posts\/1035780\/revisions"}],"wp:featuredmedia":[{"embeddable":true,"href":"https:\/\/darkamazi.site\/funavuv\/wp\/v2\/media\/1035781"}],"wp:attachment":[{"href":"https:\/\/darkamazi.site\/funavuv\/wp\/v2\/media?parent=1035780"}],"wp:term":[{"taxonomy":"category","embeddable":true,"href":"https:\/\/darkamazi.site\/funavuv\/wp\/v2\/categories?post=1035780"},{"taxonomy":"post_tag","embeddable":true,"href":"https:\/\/darkamazi.site\/funavuv\/wp\/v2\/tags?post=1035780"}],"curies":[{"name":"wp","href":"https:\/\/api.w.org\/{rel}","templated":true}]}}