{"id":1035790,"date":"2025-11-27T18:32:47","date_gmt":"2025-11-27T15:32:47","guid":{"rendered":"https:\/\/darkamazi.site\/?p=1035790"},"modified":"2025-11-27T18:32:47","modified_gmt":"2025-11-27T15:32:47","slug":"kor-mor-gaz-sahasina-saldirinin-arkasinda-ynkmi-var","status":"publish","type":"post","link":"https:\/\/darkamazi.site\/archives\/1035790","title":{"rendered":"Kor Mor gaz sahas\u0131na sald\u0131r\u0131n\u0131n arkas\u0131nda YNK\u2019mi var?"},"content":{"rendered":"<p style=\"text-align: justify\">K\u00fcrdistan B\u00f6lgesinin ana elektrik \u00fcretim kayna\u011f\u0131 olan Kor Mor gaz sahas\u0131na 27 Kas\u0131m g\u00fcn\u00fc b\u00fcy\u00fck bir sald\u0131r\u0131 yap\u0131ld\u0131. Sald\u0131r\u0131 nedeni ile d\u00fcn geceden bu yana K\u00fcrdistan\u2019da b\u00fcy\u00fck bir elektrik s\u0131k\u0131nt\u0131s\u0131 ya\u015fan\u0131yor. Ayr\u0131ca Enerji ve Yer alt\u0131 zenginlikleri Bakan\u0131n\u0131n yapt\u0131\u011f\u0131 a\u00e7\u0131klamaya g\u00f6re bu kesinti 48 saat devam edecek. K\u00fcrdistan halk\u0131 duruma olduk\u00e7a tepkili ve halk sald\u0131r\u0131y\u0131 YNK\u2019nin yapt\u0131\u011f\u0131n\u0131 veya YNK m\u00fcttefiklerinin yapt\u0131rd\u0131\u011f\u0131n\u0131 d\u00fc\u015f\u00fcn\u00fcyor.<\/p>\n<p style=\"text-align: justify\">Kor Mor gaz sahas\u0131, S\u00fcleymaniye\u2019nin \u00c7em\u00e7emal il\u00e7esine ba\u011fl\u0131 Qadir Kerem kasabas\u0131 yak\u0131nlar\u0131n bulunuyor. Gaz sahas\u0131, Birle\u015fik Arap Emirlikleri\u2019ne ba\u011fl\u0131 Dana Gaz \u015eirketi (Dana Gas Company) taraf\u0131ndan i\u015fletiliyor.<\/p>\n<p style=\"text-align: justify\">Kor Mor gaz sahas\u0131 2022 y\u0131l\u0131ndan bu yana tam 11 kez sald\u0131r\u0131lar\u0131n hedefi oldu. Dron, f\u00fcze vb silahlarla sald\u0131r\u0131ya u\u011frayan sahay\u0131 Irak ordusu da i\u015fgal etmek i\u00e7in harekete ge\u00e7mi\u015f fakat Pe\u015fmerge g\u00fc\u00e7lerinin kar\u015f\u0131 koymas\u0131 ile geri ad\u0131m atm\u0131\u015ft\u0131. Kor Mor oynad\u0131\u011f\u0131 stratejik rol nedeni ile daha ad\u0131 \u00e7ok duyulacak bir alan.<\/p>\n<p style=\"text-align: justify\">Fakat 27 Kas\u0131m gecesi yap\u0131lan sald\u0131r\u0131 di\u011ferlerinden farkl\u0131yd\u0131. \u015eimdiye kadar yap\u0131lan sald\u0131r\u0131lar\u0131n t\u00fcm\u00fcnden daha a\u011f\u0131r, sert ve LPG tanklar\u0131n\u0131 hedef alan bir sald\u0131r\u0131yd\u0131. \u00a0Bu sald\u0131r\u0131n\u0131n bir\u00e7ok mesaj ta\u015f\u0131d\u0131\u011f\u0131n\u0131 s\u00f6ylene bilir.<\/p>\n<p style=\"text-align: justify\">K\u00fcrdistan B\u00f6lgesi ve Irak\u2019taki h\u00fck\u00fcmet kurma s\u00fcrecinde KDP\u2019ye bas\u0131 yapmak i\u00e7in kullan\u0131lan bir mesaj gibi g\u00f6r\u00fcn\u00fcyor.\u00a0 \u00d6zellikle de bu nedenle g\u00f6zler YNK\u2019ye \u00e7evrilmi\u015f durumda. \u00c7\u00fcnk\u00fc YNK lideri Bafel Talabani 11 Kas\u0131m\u2019da yap\u0131lan parlamento se\u00e7imlerinin propaganda d\u00f6neminde binlerce insan\u0131n \u00f6n\u00fcnde \u201c24 Saat elektrik veriyorlar ama bizim alan\u0131m\u0131zdaki gazlardan veriyorlar. Gaz\u0131 kapat\u0131r\u0131z. Bir santim gaz alamazlar\u201d demi\u015fti.<\/p>\n<p style=\"text-align: justify\"><strong>Kor Mor sald\u0131r\u0131s\u0131nda neden g\u00f6zler YNK\u2019de? <\/strong><\/p>\n<p style=\"text-align: justify\">Mesrur Barzani ba\u015fkanl\u0131\u011f\u0131ndaki 9 h\u00fck\u00fcmetin en b\u00fcy\u00fck projelerinden biri 24 saat elektirik projesiydi. Ve bu proje hem i\u00e7te jenerat\u00f6rden kar elde eden tekellerin \u00f6te yandan Irak devletinin bask\u0131lar\u0131na ra\u011fmen uyguland\u0131 ve halktan b\u00fcy\u00fck takdir g\u00f6rd\u00fc.\u00a0 YNK ise h\u00fck\u00fcmet i\u00e7inde yer almas\u0131na ra\u011fmen Ronaki Projesine kar\u015f\u0131 sessiz durdu ve alttan altta d\u00fc\u015fmanl\u0131k yapt\u0131lar.<\/p>\n<p style=\"text-align: justify\">20 Ekim 2024 se\u00e7imlerinde K\u00fcrdistan Parlamentosu se\u00e7imleri ger\u00e7ekle\u015fti.\u00a0 KDP birinci partiydi ve fakat K\u00fcrdistan\u2019daki dengeler a\u00e7\u0131s\u0131ndan ortak bir h\u00fck\u00fcmet kurulmas\u0131n\u0131 istediler. YNK se\u00e7imlerden istedi\u011fi sonucu olmam\u0131\u015ft\u0131 ve kendi pay\u0131na d\u00fc\u015fenden daha fazlas\u0131n\u0131 istiyordu. Pazarl\u0131kta elini g\u00fc\u00e7lendirmek i\u00e7in 11 Kas\u0131m 2025\u2019teki Irak Parlamento se\u00e7imlerini kadar s\u00fcreci uzatt\u0131. Ha\u015fdi \u015eabi ve Irakl\u0131 g\u00fc\u00e7lerle yapt\u0131\u011f\u0131 se\u00e7im ittifak\u0131na ra\u011fmen istedi\u011fi sonucu olamad\u0131 ve oy kaybetti.<\/p>\n<p style=\"text-align: justify\">KDP se\u00e7imden YNK\u2019nin h\u00fck\u00fcmet kurmay\u0131 engellemesini kabul etmediklerini ve gerekirse YNK\u2019siz h\u00fck\u00fcmet kuracaklar\u0131n\u0131 s\u00f6ylediler.<\/p>\n<p style=\"text-align: justify\">Bunun \u00fczerine YNK kurmaylar\u0131ndan Heme Sor olarak tan\u0131nam Muhammed Osman Du\u015favani TV ekranlar\u0131na \u00e7\u0131karak \u201cBizsiz h\u00fck\u00fcmet mi kuracaklar, o zaman gaz\u0131 keseriz, halk elektriksiz kal\u0131r, kursunlar h\u00fck\u00fcmeti\u201d dedi.<\/p>\n<p style=\"text-align: justify\">T\u00fcm bu konu\u015fmalar\u0131n \u00fcst\u00fcnden daha on g\u00fcn ge\u00e7memi\u015fken d\u00fcn gece Kormor Gaz Sahas\u0131na b\u00fcy\u00fck bir sald\u0131r\u0131 yap\u0131ld\u0131 ve do\u011fal olarak da g\u00f6zler YNK\u2019ye \u00e7evrildi.<\/p>\n<p style=\"text-align: justify\"><strong>Kor Mor\u2019u YNK mi vurdu? <\/strong><\/p>\n<p style=\"text-align: justify\">YNK ba\u015fkan\u0131 Bafel Talabani ise saha vurulduktan sonra \u00e7\u0131k\u0131p \u201cintikam alaca\u011f\u0131z\u201d minvalinden s\u00f6zler sarf etse de halk nezdinden bu s\u00f6zlerin inand\u0131r\u0131c\u0131l\u0131\u011f\u0131 olmad\u0131\u011f\u0131.<\/p>\n<p style=\"text-align: justify\">K\u00fcrdistan halk\u0131 ve siyasiler sahann vurulmas\u0131ndan YNK\u2019yi sorumlu tutuyor. Baz\u0131lar\u0131 sahan\u0131n direk YNK\u2019ye ba\u011fl\u0131 \u00f6zel bir birim taraf\u0131ndan vuruldu\u011funu s\u00f6yl\u00fcyor. \u00d6yle olmasa bile YNK\u2019nin orta\u011f\u0131 olan Ha\u015fdi \u015eabi\u2019ye ba\u011fl\u0131 baz\u0131 birimlerin YNK\u2019nin elini g\u00fc\u00e7lendirmek ve KDP\u2019yi geri \u00e7ekmek i\u00e7in sahan\u0131n vuruldu\u011funu s\u00f6yl\u00fcyor.<\/p>\n<p style=\"text-align: justify\">Yani saha pratik olarak ya YNK ya da Ha\u015fdi \u015eabi taraf\u0131ndan vuruldu. Kald\u0131 ki YNK\u2019nin Ha\u015fdi \u015eabi ile ortak strateji ile hareket etti\u011fi de biliniyor.<\/p>\n<p style=\"text-align: justify\">Yani her hal\u00fck\u00e2rda Kor Mor gaz sah\u0131s\u0131n\u0131 YNK\u2019nin kendisi veya YNK\u2019nin dostlar\u0131 taraf\u0131ndan vuruldu\u011fu konusunda G\u00fcney K\u00fcrdistan kamuoyu \u00e7ok net.<\/p>\n<p style=\"text-align: justify\">Bafel Talabani Irak Cumhurba\u015fkan\u0131 olmak i\u00e7in Irak\u2019tan destek istiyor. Ve KDP\u2019siz bunu yapamaz. Ayr\u0131ca K\u00fcrdistan B\u00f6lgesi h\u00fck\u00fcmetinden de \u0130\u00e7i\u015fleri bakanl\u0131\u011f\u0131 gibi \u00f6nemli bir makam istiyor. \u00a0Ve iki makam i\u00e7in de \u0130ran ve \u015eii milis yap\u0131lar\u0131 taraf\u0131ndan destekleniyor. \u00d6zellikle de i\u00e7i\u015fleri bakanl\u0131\u011f\u0131n\u0131 almas\u0131 Ha\u015fdi \u015eabi i\u00e7in olduk\u00e7a \u00f6nemli. Bu bi\u00e7imde kap\u0131lar, hava alanlar\u0131, g\u00fcvenlik s\u0131rlar\u0131 vb her \u015feye ula\u015fm\u0131\u015f olacaklar. \u00a0Yani Bafel \u00a0Talabani bir Truva at\u0131 olarak K\u00fcrdistan\u2019\u0131n en hassa yerine g\u00f6nderilmek isteniyor. Kor Mor\u2019un vurulmas\u0131ndaki esas mesaj ise budur.<\/p>\n<p style=\"text-align: justify\">Yani asl\u0131nda \u00a0Irak\u2019ta \u0130ranl\u0131 milisler ve YNK se\u00e7imde sand\u0131kla almad\u0131\u011f\u0131 \u015fey i\u00e7in kendisi ve ortaklar\u0131 taraf\u0131ndan \u015fiddet ve halk\u0131 y\u0131ld\u0131rma siyaseti ile al\u0131nmak istiyor. Bundan sonra da bu t\u00fcr davran\u0131\u015flar\u0131n artaca\u011f\u0131n\u0131 beklemek de yanl\u0131\u015f olmayacak<\/p>\n","protected":false},"excerpt":{"rendered":"<p>K\u00fcrdistan B\u00f6lgesinin ana elektrik \u00fcretim kayna\u011f\u0131 olan Kor Mor gaz sahas\u0131na 27 Kas\u0131m g\u00fcn\u00fc b\u00fcy\u00fck bir sald\u0131r\u0131 yap\u0131ld\u0131. Sald\u0131r\u0131 nedeni ile d\u00fcn geceden bu yana K\u00fcrdistan\u2019da b\u00fcy\u00fck bir elektrik s\u0131k\u0131nt\u0131s\u0131 ya\u015fan\u0131yor. Ayr\u0131ca Enerji ve Yer alt\u0131 zenginlikleri Bakan\u0131n\u0131n yapt\u0131\u011f\u0131 a\u00e7\u0131klamaya g\u00f6re bu kesinti 48 saat devam edecek. K\u00fcrdistan halk\u0131 duruma olduk\u00e7a tepkili ve halk sald\u0131r\u0131y\u0131 [&hellip;]<\/p>\n","protected":false},"author":2,"featured_media":1035791,"comment_status":"closed","ping_status":"closed","sticky":false,"template":"","format":"standard","meta":{"footnotes":""},"categories":[39],"tags":[31],"class_list":["post-1035790","post","type-post","status-publish","format-standard","has-post-thumbnail","hentry","category-ozel-dosya","tag-onemli"],"blocksy_meta":[],"seo_head":"<!-- This site is optimized with the Yoast SEO plugin v27.5 - https:\/\/yoast.com\/product\/yoast-seo-wordpress\/ -->\n<title>Kor Mor gaz sahas\u0131na sald\u0131r\u0131n\u0131n arkas\u0131nda YNK\u2019mi var? - Darka Mazi<\/title>\n<meta name=\"robots\" content=\"index, follow, max-snippet:-1, max-image-preview:large, max-video-preview:-1\" \/>\n<link rel=\"canonical\" href=\"https:\/\/darkamazi.site\/archives\/1035790\" \/>\n<meta property=\"og:locale\" content=\"en_US\" \/>\n<meta property=\"og:type\" content=\"article\" \/>\n<meta property=\"og:title\" content=\"Kor Mor gaz sahas\u0131na sald\u0131r\u0131n\u0131n arkas\u0131nda YNK\u2019mi var? - Darka Mazi\" \/>\n<meta property=\"og:description\" content=\"K\u00fcrdistan B\u00f6lgesinin ana elektrik \u00fcretim kayna\u011f\u0131 olan Kor Mor gaz sahas\u0131na 27 Kas\u0131m g\u00fcn\u00fc b\u00fcy\u00fck bir sald\u0131r\u0131 yap\u0131ld\u0131. Sald\u0131r\u0131 nedeni ile d\u00fcn geceden bu yana K\u00fcrdistan\u2019da b\u00fcy\u00fck bir elektrik s\u0131k\u0131nt\u0131s\u0131 ya\u015fan\u0131yor. Ayr\u0131ca Enerji ve Yer alt\u0131 zenginlikleri Bakan\u0131n\u0131n yapt\u0131\u011f\u0131 a\u00e7\u0131klamaya g\u00f6re bu kesinti 48 saat devam edecek. K\u00fcrdistan halk\u0131 duruma olduk\u00e7a tepkili ve halk sald\u0131r\u0131y\u0131 [&hellip;]\" \/>\n<meta property=\"og:url\" content=\"https:\/\/darkamazi.site\/archives\/1035790\" \/>\n<meta property=\"og:site_name\" content=\"Darka Mazi\" \/>\n<meta property=\"article:publisher\" content=\"https:\/\/www.facebook.com\/DarkaMaziturkce\" \/>\n<meta property=\"article:published_time\" content=\"2025-11-27T15:32:47+00:00\" \/>\n<meta property=\"og:image\" content=\"https:\/\/darkamazi.site\/file\/2025\/11\/bafvil.jpg\" \/>\n\t<meta property=\"og:image:width\" content=\"900\" \/>\n\t<meta property=\"og:image:height\" content=\"497\" \/>\n\t<meta property=\"og:image:type\" content=\"image\/jpeg\" \/>\n<meta name=\"author\" content=\"darka mazi\" \/>\n<meta name=\"twitter:card\" content=\"summary_large_image\" \/>\n<meta name=\"twitter:creator\" content=\"@DarkaMaziTurkce\" \/>\n<meta name=\"twitter:site\" content=\"@DarkaMaziTurkce\" \/>\n<meta name=\"twitter:label1\" content=\"Written by\" \/>\n\t<meta name=\"twitter:data1\" content=\"darka mazi\" \/>\n\t<meta name=\"twitter:label2\" content=\"Est. reading time\" \/>\n\t<meta name=\"twitter:data2\" content=\"3 minutes\" \/>\n<script type=\"application\/ld+json\" class=\"seo-schema-graph\">{\"@context\":\"https:\\\/\\\/schema.org\",\"@graph\":[{\"@type\":\"NewsArticle\",\"@id\":\"https:\\\/\\\/darkamazi.site\\\/archives\\\/1035790#article\",\"isPartOf\":{\"@id\":\"https:\\\/\\\/darkamazi.site\\\/archives\\\/1035790\"},\"author\":{\"name\":\"darka mazi\",\"@id\":\"https:\\\/\\\/darkamazi.site\\\/#\\\/schema\\\/person\\\/67986a95ac546c16760365877ef4a9d3\"},\"headline\":\"Kor Mor gaz sahas\u0131na sald\u0131r\u0131n\u0131n arkas\u0131nda YNK\u2019mi var?\",\"datePublished\":\"2025-11-27T15:32:47+00:00\",\"mainEntityOfPage\":{\"@id\":\"https:\\\/\\\/darkamazi.site\\\/archives\\\/1035790\"},\"wordCount\":932,\"publisher\":{\"@id\":\"https:\\\/\\\/darkamazi.site\\\/#organization\"},\"image\":{\"@id\":\"https:\\\/\\\/darkamazi.site\\\/archives\\\/1035790#primaryimage\"},\"thumbnailUrl\":\"https:\\\/\\\/darkamazi.site\\\/darka-content\\\/uploads\\\/2025\\\/11\\\/bafvil.jpg\",\"keywords\":[\"\u00f6nemli\"],\"articleSection\":[\"\u00d6zel Dosya\"],\"inLanguage\":\"en-US\"},{\"@type\":\"WebPage\",\"@id\":\"https:\\\/\\\/darkamazi.site\\\/archives\\\/1035790\",\"url\":\"https:\\\/\\\/darkamazi.site\\\/archives\\\/1035790\",\"name\":\"Kor Mor gaz sahas\u0131na sald\u0131r\u0131n\u0131n arkas\u0131nda YNK\u2019mi var? - Darka Mazi\",\"isPartOf\":{\"@id\":\"https:\\\/\\\/darkamazi.site\\\/#website\"},\"primaryImageOfPage\":{\"@id\":\"https:\\\/\\\/darkamazi.site\\\/archives\\\/1035790#primaryimage\"},\"image\":{\"@id\":\"https:\\\/\\\/darkamazi.site\\\/archives\\\/1035790#primaryimage\"},\"thumbnailUrl\":\"https:\\\/\\\/darkamazi.site\\\/darka-content\\\/uploads\\\/2025\\\/11\\\/bafvil.jpg\",\"datePublished\":\"2025-11-27T15:32:47+00:00\",\"breadcrumb\":{\"@id\":\"https:\\\/\\\/darkamazi.site\\\/archives\\\/1035790#breadcrumb\"},\"inLanguage\":\"en-US\",\"potentialAction\":[{\"@type\":\"ReadAction\",\"target\":[\"https:\\\/\\\/darkamazi.site\\\/archives\\\/1035790\"]}]},{\"@type\":\"ImageObject\",\"inLanguage\":\"en-US\",\"@id\":\"https:\\\/\\\/darkamazi.site\\\/archives\\\/1035790#primaryimage\",\"url\":\"https:\\\/\\\/darkamazi.site\\\/darka-content\\\/uploads\\\/2025\\\/11\\\/bafvil.jpg\",\"contentUrl\":\"https:\\\/\\\/darkamazi.site\\\/darka-content\\\/uploads\\\/2025\\\/11\\\/bafvil.jpg\",\"width\":900,\"height\":497,\"caption\":\"Kor Mor gaz sahas\u0131na sald\u0131r\u0131n\u0131n arkas\u0131nda YNK\u2019mi var?\"},{\"@type\":\"BreadcrumbList\",\"@id\":\"https:\\\/\\\/darkamazi.site\\\/archives\\\/1035790#breadcrumb\",\"itemListElement\":[{\"@type\":\"ListItem\",\"position\":1,\"name\":\"Home\",\"item\":\"https:\\\/\\\/darkamazi.site\\\/\"},{\"@type\":\"ListItem\",\"position\":2,\"name\":\"Kor Mor gaz sahas\u0131na sald\u0131r\u0131n\u0131n arkas\u0131nda YNK\u2019mi var?\"}]},{\"@type\":\"WebSite\",\"@id\":\"https:\\\/\\\/darkamazi.site\\\/#website\",\"url\":\"https:\\\/\\\/darkamazi.site\\\/\",\"name\":\"Darka Mazi\",\"description\":\"Ana Sayfa\",\"publisher\":{\"@id\":\"https:\\\/\\\/darkamazi.site\\\/#organization\"},\"potentialAction\":[{\"@type\":\"SearchAction\",\"target\":{\"@type\":\"EntryPoint\",\"urlTemplate\":\"https:\\\/\\\/darkamazi.site\\\/?s={search_term_string}\"},\"query-input\":{\"@type\":\"PropertyValueSpecification\",\"valueRequired\":true,\"valueName\":\"search_term_string\"}}],\"inLanguage\":\"en-US\"},{\"@type\":\"Organization\",\"@id\":\"https:\\\/\\\/darkamazi.site\\\/#organization\",\"name\":\"Darka Mazi T\u00fcrk\u00e7e\",\"alternateName\":\"Darka Mazi\",\"url\":\"https:\\\/\\\/darkamazi.site\\\/\",\"logo\":{\"@type\":\"ImageObject\",\"inLanguage\":\"en-US\",\"@id\":\"https:\\\/\\\/darkamazi.site\\\/#\\\/schema\\\/logo\\\/image\\\/\",\"url\":\"https:\\\/\\\/darkamazi.site\\\/darka-content\\\/uploads\\\/2017\\\/12\\\/darka-mazi-logo.png\",\"contentUrl\":\"https:\\\/\\\/darkamazi.site\\\/darka-content\\\/uploads\\\/2017\\\/12\\\/darka-mazi-logo.png\",\"width\":151,\"height\":75,\"caption\":\"Darka Mazi T\u00fcrk\u00e7e\"},\"image\":{\"@id\":\"https:\\\/\\\/darkamazi.site\\\/#\\\/schema\\\/logo\\\/image\\\/\"},\"sameAs\":[\"https:\\\/\\\/www.facebook.com\\\/DarkaMaziturkce\",\"https:\\\/\\\/x.com\\\/DarkaMaziTurkce\"]},{\"@type\":\"Person\",\"@id\":\"https:\\\/\\\/darkamazi.site\\\/#\\\/schema\\\/person\\\/67986a95ac546c16760365877ef4a9d3\",\"name\":\"darka mazi\",\"sameAs\":[\"https:\\\/\\\/darkamazi.site\"],\"url\":\"https:\\\/\\\/darkamazi.site\\\/archives\\\/author\\\/turkish\"}]}<\/script>\n<!-- \/ Yoast SEO plugin. -->","seo_head_json":{"title":"Kor Mor gaz sahas\u0131na sald\u0131r\u0131n\u0131n arkas\u0131nda YNK\u2019mi var? - Darka Mazi","robots":{"index":"index","follow":"follow","max-snippet":"max-snippet:-1","max-image-preview":"max-image-preview:large","max-video-preview":"max-video-preview:-1"},"canonical":"https:\/\/darkamazi.site\/archives\/1035790","og_locale":"en_US","og_type":"article","og_title":"Kor Mor gaz sahas\u0131na sald\u0131r\u0131n\u0131n arkas\u0131nda YNK\u2019mi var? - Darka Mazi","og_description":"K\u00fcrdistan B\u00f6lgesinin ana elektrik \u00fcretim kayna\u011f\u0131 olan Kor Mor gaz sahas\u0131na 27 Kas\u0131m g\u00fcn\u00fc b\u00fcy\u00fck bir sald\u0131r\u0131 yap\u0131ld\u0131. Sald\u0131r\u0131 nedeni ile d\u00fcn geceden bu yana K\u00fcrdistan\u2019da b\u00fcy\u00fck bir elektrik s\u0131k\u0131nt\u0131s\u0131 ya\u015fan\u0131yor. Ayr\u0131ca Enerji ve Yer alt\u0131 zenginlikleri Bakan\u0131n\u0131n yapt\u0131\u011f\u0131 a\u00e7\u0131klamaya g\u00f6re bu kesinti 48 saat devam edecek. K\u00fcrdistan halk\u0131 duruma olduk\u00e7a tepkili ve halk sald\u0131r\u0131y\u0131 [&hellip;]","og_url":"https:\/\/darkamazi.site\/archives\/1035790","og_site_name":"Darka Mazi","article_publisher":"https:\/\/www.facebook.com\/DarkaMaziturkce","article_published_time":"2025-11-27T15:32:47+00:00","og_image":[{"width":900,"height":497,"url":"https:\/\/darkamazi.site\/file\/2025\/11\/bafvil.jpg","type":"image\/jpeg"}],"author":"darka mazi","twitter_card":"summary_large_image","twitter_creator":"@DarkaMaziTurkce","twitter_site":"@DarkaMaziTurkce","twitter_misc":{"Written by":"darka mazi","Est. reading time":"3 minutes"},"schema":{"@context":"https:\/\/schema.org","@graph":[{"@type":"NewsArticle","@id":"https:\/\/darkamazi.site\/archives\/1035790#article","isPartOf":{"@id":"https:\/\/darkamazi.site\/archives\/1035790"},"author":{"name":"darka mazi","@id":"https:\/\/darkamazi.site\/#\/schema\/person\/67986a95ac546c16760365877ef4a9d3"},"headline":"Kor Mor gaz sahas\u0131na sald\u0131r\u0131n\u0131n arkas\u0131nda YNK\u2019mi var?","datePublished":"2025-11-27T15:32:47+00:00","mainEntityOfPage":{"@id":"https:\/\/darkamazi.site\/archives\/1035790"},"wordCount":932,"publisher":{"@id":"https:\/\/darkamazi.site\/#organization"},"image":{"@id":"https:\/\/darkamazi.site\/archives\/1035790#primaryimage"},"thumbnailUrl":"https:\/\/darkamazi.site\/file\/2025\/11\/bafvil.jpg","keywords":["\u00f6nemli"],"articleSection":["\u00d6zel Dosya"],"inLanguage":"en-US"},{"@type":"WebPage","@id":"https:\/\/darkamazi.site\/archives\/1035790","url":"https:\/\/darkamazi.site\/archives\/1035790","name":"Kor Mor gaz sahas\u0131na sald\u0131r\u0131n\u0131n arkas\u0131nda YNK\u2019mi var? - Darka Mazi","isPartOf":{"@id":"https:\/\/darkamazi.site\/#website"},"primaryImageOfPage":{"@id":"https:\/\/darkamazi.site\/archives\/1035790#primaryimage"},"image":{"@id":"https:\/\/darkamazi.site\/archives\/1035790#primaryimage"},"thumbnailUrl":"https:\/\/darkamazi.site\/file\/2025\/11\/bafvil.jpg","datePublished":"2025-11-27T15:32:47+00:00","breadcrumb":{"@id":"https:\/\/darkamazi.site\/archives\/1035790#breadcrumb"},"inLanguage":"en-US","potentialAction":[{"@type":"ReadAction","target":["https:\/\/darkamazi.site\/archives\/1035790"]}]},{"@type":"ImageObject","inLanguage":"en-US","@id":"https:\/\/darkamazi.site\/archives\/1035790#primaryimage","url":"https:\/\/darkamazi.site\/file\/2025\/11\/bafvil.jpg","contentUrl":"https:\/\/darkamazi.site\/file\/2025\/11\/bafvil.jpg","width":900,"height":497,"caption":"Kor Mor gaz sahas\u0131na sald\u0131r\u0131n\u0131n arkas\u0131nda YNK\u2019mi var?"},{"@type":"BreadcrumbList","@id":"https:\/\/darkamazi.site\/archives\/1035790#breadcrumb","itemListElement":[{"@type":"ListItem","position":1,"name":"Home","item":"https:\/\/darkamazi.site\/"},{"@type":"ListItem","position":2,"name":"Kor Mor gaz sahas\u0131na sald\u0131r\u0131n\u0131n arkas\u0131nda YNK\u2019mi var?"}]},{"@type":"WebSite","@id":"https:\/\/darkamazi.site\/#website","url":"https:\/\/darkamazi.site\/","name":"Darka Mazi","description":"Ana Sayfa","publisher":{"@id":"https:\/\/darkamazi.site\/#organization"},"potentialAction":[{"@type":"SearchAction","target":{"@type":"EntryPoint","urlTemplate":"https:\/\/darkamazi.site\/?s={search_term_string}"},"query-input":{"@type":"PropertyValueSpecification","valueRequired":true,"valueName":"search_term_string"}}],"inLanguage":"en-US"},{"@type":"Organization","@id":"https:\/\/darkamazi.site\/#organization","name":"Darka Mazi T\u00fcrk\u00e7e","alternateName":"Darka Mazi","url":"https:\/\/darkamazi.site\/","logo":{"@type":"ImageObject","inLanguage":"en-US","@id":"https:\/\/darkamazi.site\/#\/schema\/logo\/image\/","url":"https:\/\/darkamazi.site\/file\/2017\/12\/darka-mazi-logo.png","contentUrl":"https:\/\/darkamazi.site\/file\/2017\/12\/darka-mazi-logo.png","width":151,"height":75,"caption":"Darka Mazi T\u00fcrk\u00e7e"},"image":{"@id":"https:\/\/darkamazi.site\/#\/schema\/logo\/image\/"},"sameAs":["https:\/\/www.facebook.com\/DarkaMaziturkce","https:\/\/x.com\/DarkaMaziTurkce"]},{"@type":"Person","@id":"https:\/\/darkamazi.site\/#\/schema\/person\/67986a95ac546c16760365877ef4a9d3","name":"darka mazi","sameAs":["https:\/\/darkamazi.site"],"url":"https:\/\/darkamazi.site\/archives\/author\/turkish"}]}},"_links":{"self":[{"href":"https:\/\/darkamazi.site\/funavuv\/wp\/v2\/posts\/1035790","targetHints":{"allow":["GET"]}}],"collection":[{"href":"https:\/\/darkamazi.site\/funavuv\/wp\/v2\/posts"}],"about":[{"href":"https:\/\/darkamazi.site\/funavuv\/wp\/v2\/types\/post"}],"author":[{"embeddable":true,"href":"https:\/\/darkamazi.site\/funavuv\/wp\/v2\/users\/2"}],"replies":[{"embeddable":true,"href":"https:\/\/darkamazi.site\/funavuv\/wp\/v2\/comments?post=1035790"}],"version-history":[{"count":0,"href":"https:\/\/darkamazi.site\/funavuv\/wp\/v2\/posts\/1035790\/revisions"}],"wp:featuredmedia":[{"embeddable":true,"href":"https:\/\/darkamazi.site\/funavuv\/wp\/v2\/media\/1035791"}],"wp:attachment":[{"href":"https:\/\/darkamazi.site\/funavuv\/wp\/v2\/media?parent=1035790"}],"wp:term":[{"taxonomy":"category","embeddable":true,"href":"https:\/\/darkamazi.site\/funavuv\/wp\/v2\/categories?post=1035790"},{"taxonomy":"post_tag","embeddable":true,"href":"https:\/\/darkamazi.site\/funavuv\/wp\/v2\/tags?post=1035790"}],"curies":[{"name":"wp","href":"https:\/\/api.w.org\/{rel}","templated":true}]}}