{"id":1035794,"date":"2025-11-28T15:49:00","date_gmt":"2025-11-28T12:49:00","guid":{"rendered":"https:\/\/darkamazi.site\/?p=1035794"},"modified":"2025-11-28T15:49:00","modified_gmt":"2025-11-28T12:49:00","slug":"iranin-erbil-baskonsolosundan-kor-mor-gaz-saharsinin-vurulmasina-dair-aciklama-geldi","status":"publish","type":"post","link":"https:\/\/darkamazi.site\/archives\/1035794","title":{"rendered":"\u0130ran\u2019\u0131n Erbil Ba\u015fkonsolosundan Kor Mor gaz sahars\u0131n\u0131n vurulmas\u0131na dair a\u00e7\u0131klama geldi"},"content":{"rendered":"<p style=\"text-align: justify\">\u0130ran&#8217;\u0131n Erbil Ba\u015fkonsolosu, Kormor&#8217;a yap\u0131lan sald\u0131r\u0131n\u0131n &#8220;kimse taraf\u0131ndan kabul edilemez ve k\u0131nanmas\u0131 gereken bir sald\u0131r\u0131&#8221; oldu\u011funu s\u00f6yledi.<\/p>\n<p style=\"text-align: justify\">\u0130ran Ba\u015fkonsolosu Faramarz Asadi, Cuma g\u00fcn\u00fc Rudaw&#8217;a yapt\u0131\u011f\u0131 a\u00e7\u0131klamada, \u0130ran a\u00e7\u0131s\u0131ndan sald\u0131r\u0131n\u0131n &#8220;asl\u0131nda K\u00fcrdistan B\u00f6lgesi&#8217;nin g\u00fcvenli\u011fine ve de\u011ferli halk\u0131n\u0131n refah\u0131na y\u00f6nelik bir sald\u0131r\u0131&#8221; oldu\u011funu s\u00f6yledi.<\/p>\n<p style=\"text-align: justify\">26 Kas\u0131m 2025 \u00c7ar\u015famba gecesi, \u00c7em\u00e7emal&#8217;deki Kormor sahas\u0131na yap\u0131lan bir sald\u0131r\u0131, sahan\u0131n b\u00fcy\u00fck bir deposunda yang\u0131na neden oldu ve K\u00fcrdistan B\u00f6lgesi&#8217;ndeki elektri\u011fi y\u00fczde 80 oran\u0131nda kesildi.<\/p>\n<p style=\"text-align: justify\">Kor Mor gaz sahas\u0131na yap\u0131lan sald\u0131r\u0131n\u0131n \u0130ran yak\u0131n \u015eii Ha\u015fdi \u015eabi milislerine ba\u011fl\u0131 bir gurubun yapt\u0131\u011f\u0131 belirtiliyor. K\u00fcrdistan halk\u0131 ya\u015fananlardan Ha\u015fdi \u015eabi ile stratejik ortakl\u0131\u011f\u0131 olan YNK\u2019yi sorumlu tutuyor.<\/p>\n","protected":false},"excerpt":{"rendered":"<p>\u0130ran&#8217;\u0131n Erbil Ba\u015fkonsolosu, Kormor&#8217;a yap\u0131lan sald\u0131r\u0131n\u0131n &#8220;kimse taraf\u0131ndan kabul edilemez ve k\u0131nanmas\u0131 gereken bir sald\u0131r\u0131&#8221; oldu\u011funu s\u00f6yledi. \u0130ran Ba\u015fkonsolosu Faramarz Asadi, Cuma g\u00fcn\u00fc Rudaw&#8217;a yapt\u0131\u011f\u0131 a\u00e7\u0131klamada, \u0130ran a\u00e7\u0131s\u0131ndan sald\u0131r\u0131n\u0131n &#8220;asl\u0131nda K\u00fcrdistan B\u00f6lgesi&#8217;nin g\u00fcvenli\u011fine ve de\u011ferli halk\u0131n\u0131n refah\u0131na y\u00f6nelik bir sald\u0131r\u0131&#8221; oldu\u011funu s\u00f6yledi. 26 Kas\u0131m 2025 \u00c7ar\u015famba gecesi, \u00c7em\u00e7emal&#8217;deki Kormor sahas\u0131na yap\u0131lan bir sald\u0131r\u0131, sahan\u0131n b\u00fcy\u00fck [&hellip;]<\/p>\n","protected":false},"author":2,"featured_media":1035795,"comment_status":"closed","ping_status":"closed","sticky":false,"template":"","format":"standard","meta":{"footnotes":""},"categories":[3],"tags":[31],"class_list":["post-1035794","post","type-post","status-publish","format-standard","has-post-thumbnail","hentry","category-kurdistan","tag-onemli"],"blocksy_meta":[],"seo_head":"<!-- This site is optimized with the Yoast SEO plugin v27.5 - https:\/\/yoast.com\/product\/yoast-seo-wordpress\/ -->\n<title>\u0130ran\u2019\u0131n Erbil Ba\u015fkonsolosundan Kor Mor gaz sahars\u0131n\u0131n vurulmas\u0131na dair a\u00e7\u0131klama geldi - Darka Mazi<\/title>\n<meta name=\"robots\" content=\"index, follow, max-snippet:-1, max-image-preview:large, max-video-preview:-1\" \/>\n<link rel=\"canonical\" href=\"https:\/\/darkamazi.site\/archives\/1035794\" \/>\n<meta property=\"og:locale\" content=\"en_US\" \/>\n<meta property=\"og:type\" content=\"article\" \/>\n<meta property=\"og:title\" content=\"\u0130ran\u2019\u0131n Erbil Ba\u015fkonsolosundan Kor Mor gaz sahars\u0131n\u0131n vurulmas\u0131na dair a\u00e7\u0131klama geldi - Darka Mazi\" \/>\n<meta property=\"og:description\" content=\"\u0130ran&#8217;\u0131n Erbil Ba\u015fkonsolosu, Kormor&#8217;a yap\u0131lan sald\u0131r\u0131n\u0131n &#8220;kimse taraf\u0131ndan kabul edilemez ve k\u0131nanmas\u0131 gereken bir sald\u0131r\u0131&#8221; oldu\u011funu s\u00f6yledi. \u0130ran Ba\u015fkonsolosu Faramarz Asadi, Cuma g\u00fcn\u00fc Rudaw&#8217;a yapt\u0131\u011f\u0131 a\u00e7\u0131klamada, \u0130ran a\u00e7\u0131s\u0131ndan sald\u0131r\u0131n\u0131n &#8220;asl\u0131nda K\u00fcrdistan B\u00f6lgesi&#8217;nin g\u00fcvenli\u011fine ve de\u011ferli halk\u0131n\u0131n refah\u0131na y\u00f6nelik bir sald\u0131r\u0131&#8221; oldu\u011funu s\u00f6yledi. 26 Kas\u0131m 2025 \u00c7ar\u015famba gecesi, \u00c7em\u00e7emal&#8217;deki Kormor sahas\u0131na yap\u0131lan bir sald\u0131r\u0131, sahan\u0131n b\u00fcy\u00fck [&hellip;]\" \/>\n<meta property=\"og:url\" content=\"https:\/\/darkamazi.site\/archives\/1035794\" \/>\n<meta property=\"og:site_name\" content=\"Darka Mazi\" \/>\n<meta property=\"article:publisher\" content=\"https:\/\/www.facebook.com\/DarkaMaziturkce\" \/>\n<meta property=\"article:published_time\" content=\"2025-11-28T12:49:00+00:00\" \/>\n<meta property=\"og:image\" content=\"https:\/\/darkamazi.site\/file\/2025\/11\/KOR-MOR-Sahasi.jpg\" \/>\n\t<meta property=\"og:image:width\" content=\"1562\" \/>\n\t<meta property=\"og:image:height\" content=\"878\" \/>\n\t<meta property=\"og:image:type\" content=\"image\/jpeg\" \/>\n<meta name=\"author\" content=\"darka mazi\" \/>\n<meta name=\"twitter:card\" content=\"summary_large_image\" \/>\n<meta name=\"twitter:creator\" content=\"@DarkaMaziTurkce\" \/>\n<meta name=\"twitter:site\" content=\"@DarkaMaziTurkce\" \/>\n<meta name=\"twitter:label1\" content=\"Written by\" \/>\n\t<meta name=\"twitter:data1\" content=\"darka mazi\" \/>\n\t<meta name=\"twitter:label2\" content=\"Est. reading time\" \/>\n\t<meta name=\"twitter:data2\" content=\"1 minute\" \/>\n<script type=\"application\/ld+json\" class=\"seo-schema-graph\">{\"@context\":\"https:\\\/\\\/schema.org\",\"@graph\":[{\"@type\":\"NewsArticle\",\"@id\":\"https:\\\/\\\/darkamazi.site\\\/archives\\\/1035794#article\",\"isPartOf\":{\"@id\":\"https:\\\/\\\/darkamazi.site\\\/archives\\\/1035794\"},\"author\":{\"name\":\"darka mazi\",\"@id\":\"https:\\\/\\\/darkamazi.site\\\/#\\\/schema\\\/person\\\/67986a95ac546c16760365877ef4a9d3\"},\"headline\":\"\u0130ran\u2019\u0131n Erbil Ba\u015fkonsolosundan Kor Mor gaz sahars\u0131n\u0131n vurulmas\u0131na dair a\u00e7\u0131klama geldi\",\"datePublished\":\"2025-11-28T12:49:00+00:00\",\"mainEntityOfPage\":{\"@id\":\"https:\\\/\\\/darkamazi.site\\\/archives\\\/1035794\"},\"wordCount\":175,\"publisher\":{\"@id\":\"https:\\\/\\\/darkamazi.site\\\/#organization\"},\"image\":{\"@id\":\"https:\\\/\\\/darkamazi.site\\\/archives\\\/1035794#primaryimage\"},\"thumbnailUrl\":\"https:\\\/\\\/darkamazi.site\\\/darka-content\\\/uploads\\\/2025\\\/11\\\/KOR-MOR-Sahasi.jpg\",\"keywords\":[\"\u00f6nemli\"],\"articleSection\":[\"Kurdistan\"],\"inLanguage\":\"en-US\"},{\"@type\":\"WebPage\",\"@id\":\"https:\\\/\\\/darkamazi.site\\\/archives\\\/1035794\",\"url\":\"https:\\\/\\\/darkamazi.site\\\/archives\\\/1035794\",\"name\":\"\u0130ran\u2019\u0131n Erbil Ba\u015fkonsolosundan Kor Mor gaz sahars\u0131n\u0131n vurulmas\u0131na dair a\u00e7\u0131klama geldi - Darka Mazi\",\"isPartOf\":{\"@id\":\"https:\\\/\\\/darkamazi.site\\\/#website\"},\"primaryImageOfPage\":{\"@id\":\"https:\\\/\\\/darkamazi.site\\\/archives\\\/1035794#primaryimage\"},\"image\":{\"@id\":\"https:\\\/\\\/darkamazi.site\\\/archives\\\/1035794#primaryimage\"},\"thumbnailUrl\":\"https:\\\/\\\/darkamazi.site\\\/darka-content\\\/uploads\\\/2025\\\/11\\\/KOR-MOR-Sahasi.jpg\",\"datePublished\":\"2025-11-28T12:49:00+00:00\",\"breadcrumb\":{\"@id\":\"https:\\\/\\\/darkamazi.site\\\/archives\\\/1035794#breadcrumb\"},\"inLanguage\":\"en-US\",\"potentialAction\":[{\"@type\":\"ReadAction\",\"target\":[\"https:\\\/\\\/darkamazi.site\\\/archives\\\/1035794\"]}]},{\"@type\":\"ImageObject\",\"inLanguage\":\"en-US\",\"@id\":\"https:\\\/\\\/darkamazi.site\\\/archives\\\/1035794#primaryimage\",\"url\":\"https:\\\/\\\/darkamazi.site\\\/darka-content\\\/uploads\\\/2025\\\/11\\\/KOR-MOR-Sahasi.jpg\",\"contentUrl\":\"https:\\\/\\\/darkamazi.site\\\/darka-content\\\/uploads\\\/2025\\\/11\\\/KOR-MOR-Sahasi.jpg\",\"width\":1562,\"height\":878,\"caption\":\"\u0130ran\u2019\u0131n Erbil Ba\u015fkonsolosundan Kor Mor gaz sahars\u0131n\u0131n vurulmas\u0131na dair a\u00e7\u0131klama: \u0130ran'\u0131n Erbil Ba\u015fkonsolosu, Kormor'a yap\u0131lan sald\u0131r\u0131n\u0131n \\\"kimse taraf\u0131ndan kabul edilemez ve k\u0131nanmas\u0131 gereken bir sald\u0131r\u0131\\\" oldu\u011funu s\u00f6yledi. \u0130ran Ba\u015fkonsolosu Faramarz Asadi, Cuma g\u00fcn\u00fc Rudaw'a yapt\u0131\u011f\u0131 a\u00e7\u0131klamada, \u0130ran a\u00e7\u0131s\u0131ndan sald\u0131r\u0131n\u0131n \\\"asl\u0131nda K\u00fcrdistan B\u00f6lgesi'nin g\u00fcvenli\u011fine ve de\u011ferli halk\u0131n\u0131n refah\u0131na y\u00f6nelik bir sald\u0131r\u0131\\\" oldu\u011funu s\u00f6yledi. 26 Kas\u0131m 2025 \u00c7ar\u015famba gecesi, \u00c7em\u00e7emal'deki Kormor sahas\u0131na yap\u0131lan bir sald\u0131r\u0131, sahan\u0131n b\u00fcy\u00fck bir deposunda yang\u0131na neden oldu ve K\u00fcrdistan B\u00f6lgesi'ndeki elektri\u011fi y\u00fczde 80 oran\u0131nda kesildi. Kor Mor gaz sahas\u0131na yap\u0131lan sald\u0131r\u0131n\u0131n \u0130ran yak\u0131n \u015eii Ha\u015fdi \u015eabi milislerine ba\u011fl\u0131 bir gurubun yapt\u0131\u011f\u0131 belirtiliyor. K\u00fcrdistan halk\u0131 ya\u015fananlardan Ha\u015fdi \u015eabi ile stratejik ortakl\u0131\u011f\u0131 olan YNK\u2019yi sorumlu tutuyor.\"},{\"@type\":\"BreadcrumbList\",\"@id\":\"https:\\\/\\\/darkamazi.site\\\/archives\\\/1035794#breadcrumb\",\"itemListElement\":[{\"@type\":\"ListItem\",\"position\":1,\"name\":\"Home\",\"item\":\"https:\\\/\\\/darkamazi.site\\\/\"},{\"@type\":\"ListItem\",\"position\":2,\"name\":\"\u0130ran\u2019\u0131n Erbil Ba\u015fkonsolosundan Kor Mor gaz sahars\u0131n\u0131n vurulmas\u0131na dair a\u00e7\u0131klama geldi\"}]},{\"@type\":\"WebSite\",\"@id\":\"https:\\\/\\\/darkamazi.site\\\/#website\",\"url\":\"https:\\\/\\\/darkamazi.site\\\/\",\"name\":\"Darka Mazi\",\"description\":\"Ana Sayfa\",\"publisher\":{\"@id\":\"https:\\\/\\\/darkamazi.site\\\/#organization\"},\"potentialAction\":[{\"@type\":\"SearchAction\",\"target\":{\"@type\":\"EntryPoint\",\"urlTemplate\":\"https:\\\/\\\/darkamazi.site\\\/?s={search_term_string}\"},\"query-input\":{\"@type\":\"PropertyValueSpecification\",\"valueRequired\":true,\"valueName\":\"search_term_string\"}}],\"inLanguage\":\"en-US\"},{\"@type\":\"Organization\",\"@id\":\"https:\\\/\\\/darkamazi.site\\\/#organization\",\"name\":\"Darka Mazi T\u00fcrk\u00e7e\",\"alternateName\":\"Darka Mazi\",\"url\":\"https:\\\/\\\/darkamazi.site\\\/\",\"logo\":{\"@type\":\"ImageObject\",\"inLanguage\":\"en-US\",\"@id\":\"https:\\\/\\\/darkamazi.site\\\/#\\\/schema\\\/logo\\\/image\\\/\",\"url\":\"https:\\\/\\\/darkamazi.site\\\/darka-content\\\/uploads\\\/2017\\\/12\\\/darka-mazi-logo.png\",\"contentUrl\":\"https:\\\/\\\/darkamazi.site\\\/darka-content\\\/uploads\\\/2017\\\/12\\\/darka-mazi-logo.png\",\"width\":151,\"height\":75,\"caption\":\"Darka Mazi T\u00fcrk\u00e7e\"},\"image\":{\"@id\":\"https:\\\/\\\/darkamazi.site\\\/#\\\/schema\\\/logo\\\/image\\\/\"},\"sameAs\":[\"https:\\\/\\\/www.facebook.com\\\/DarkaMaziturkce\",\"https:\\\/\\\/x.com\\\/DarkaMaziTurkce\"]},{\"@type\":\"Person\",\"@id\":\"https:\\\/\\\/darkamazi.site\\\/#\\\/schema\\\/person\\\/67986a95ac546c16760365877ef4a9d3\",\"name\":\"darka mazi\",\"sameAs\":[\"https:\\\/\\\/darkamazi.site\"],\"url\":\"https:\\\/\\\/darkamazi.site\\\/archives\\\/author\\\/turkish\"}]}<\/script>\n<!-- \/ Yoast SEO plugin. -->","seo_head_json":{"title":"\u0130ran\u2019\u0131n Erbil Ba\u015fkonsolosundan Kor Mor gaz sahars\u0131n\u0131n vurulmas\u0131na dair a\u00e7\u0131klama geldi - Darka Mazi","robots":{"index":"index","follow":"follow","max-snippet":"max-snippet:-1","max-image-preview":"max-image-preview:large","max-video-preview":"max-video-preview:-1"},"canonical":"https:\/\/darkamazi.site\/archives\/1035794","og_locale":"en_US","og_type":"article","og_title":"\u0130ran\u2019\u0131n Erbil Ba\u015fkonsolosundan Kor Mor gaz sahars\u0131n\u0131n vurulmas\u0131na dair a\u00e7\u0131klama geldi - Darka Mazi","og_description":"\u0130ran&#8217;\u0131n Erbil Ba\u015fkonsolosu, Kormor&#8217;a yap\u0131lan sald\u0131r\u0131n\u0131n &#8220;kimse taraf\u0131ndan kabul edilemez ve k\u0131nanmas\u0131 gereken bir sald\u0131r\u0131&#8221; oldu\u011funu s\u00f6yledi. \u0130ran Ba\u015fkonsolosu Faramarz Asadi, Cuma g\u00fcn\u00fc Rudaw&#8217;a yapt\u0131\u011f\u0131 a\u00e7\u0131klamada, \u0130ran a\u00e7\u0131s\u0131ndan sald\u0131r\u0131n\u0131n &#8220;asl\u0131nda K\u00fcrdistan B\u00f6lgesi&#8217;nin g\u00fcvenli\u011fine ve de\u011ferli halk\u0131n\u0131n refah\u0131na y\u00f6nelik bir sald\u0131r\u0131&#8221; oldu\u011funu s\u00f6yledi. 26 Kas\u0131m 2025 \u00c7ar\u015famba gecesi, \u00c7em\u00e7emal&#8217;deki Kormor sahas\u0131na yap\u0131lan bir sald\u0131r\u0131, sahan\u0131n b\u00fcy\u00fck [&hellip;]","og_url":"https:\/\/darkamazi.site\/archives\/1035794","og_site_name":"Darka Mazi","article_publisher":"https:\/\/www.facebook.com\/DarkaMaziturkce","article_published_time":"2025-11-28T12:49:00+00:00","og_image":[{"width":1562,"height":878,"url":"https:\/\/darkamazi.site\/file\/2025\/11\/KOR-MOR-Sahasi.jpg","type":"image\/jpeg"}],"author":"darka mazi","twitter_card":"summary_large_image","twitter_creator":"@DarkaMaziTurkce","twitter_site":"@DarkaMaziTurkce","twitter_misc":{"Written by":"darka mazi","Est. reading time":"1 minute"},"schema":{"@context":"https:\/\/schema.org","@graph":[{"@type":"NewsArticle","@id":"https:\/\/darkamazi.site\/archives\/1035794#article","isPartOf":{"@id":"https:\/\/darkamazi.site\/archives\/1035794"},"author":{"name":"darka mazi","@id":"https:\/\/darkamazi.site\/#\/schema\/person\/67986a95ac546c16760365877ef4a9d3"},"headline":"\u0130ran\u2019\u0131n Erbil Ba\u015fkonsolosundan Kor Mor gaz sahars\u0131n\u0131n vurulmas\u0131na dair a\u00e7\u0131klama geldi","datePublished":"2025-11-28T12:49:00+00:00","mainEntityOfPage":{"@id":"https:\/\/darkamazi.site\/archives\/1035794"},"wordCount":175,"publisher":{"@id":"https:\/\/darkamazi.site\/#organization"},"image":{"@id":"https:\/\/darkamazi.site\/archives\/1035794#primaryimage"},"thumbnailUrl":"https:\/\/darkamazi.site\/file\/2025\/11\/KOR-MOR-Sahasi.jpg","keywords":["\u00f6nemli"],"articleSection":["Kurdistan"],"inLanguage":"en-US"},{"@type":"WebPage","@id":"https:\/\/darkamazi.site\/archives\/1035794","url":"https:\/\/darkamazi.site\/archives\/1035794","name":"\u0130ran\u2019\u0131n Erbil Ba\u015fkonsolosundan Kor Mor gaz sahars\u0131n\u0131n vurulmas\u0131na dair a\u00e7\u0131klama geldi - Darka Mazi","isPartOf":{"@id":"https:\/\/darkamazi.site\/#website"},"primaryImageOfPage":{"@id":"https:\/\/darkamazi.site\/archives\/1035794#primaryimage"},"image":{"@id":"https:\/\/darkamazi.site\/archives\/1035794#primaryimage"},"thumbnailUrl":"https:\/\/darkamazi.site\/file\/2025\/11\/KOR-MOR-Sahasi.jpg","datePublished":"2025-11-28T12:49:00+00:00","breadcrumb":{"@id":"https:\/\/darkamazi.site\/archives\/1035794#breadcrumb"},"inLanguage":"en-US","potentialAction":[{"@type":"ReadAction","target":["https:\/\/darkamazi.site\/archives\/1035794"]}]},{"@type":"ImageObject","inLanguage":"en-US","@id":"https:\/\/darkamazi.site\/archives\/1035794#primaryimage","url":"https:\/\/darkamazi.site\/file\/2025\/11\/KOR-MOR-Sahasi.jpg","contentUrl":"https:\/\/darkamazi.site\/file\/2025\/11\/KOR-MOR-Sahasi.jpg","width":1562,"height":878,"caption":"\u0130ran\u2019\u0131n Erbil Ba\u015fkonsolosundan Kor Mor gaz sahars\u0131n\u0131n vurulmas\u0131na dair a\u00e7\u0131klama: \u0130ran'\u0131n Erbil Ba\u015fkonsolosu, Kormor'a yap\u0131lan sald\u0131r\u0131n\u0131n \"kimse taraf\u0131ndan kabul edilemez ve k\u0131nanmas\u0131 gereken bir sald\u0131r\u0131\" oldu\u011funu s\u00f6yledi. \u0130ran Ba\u015fkonsolosu Faramarz Asadi, Cuma g\u00fcn\u00fc Rudaw'a yapt\u0131\u011f\u0131 a\u00e7\u0131klamada, \u0130ran a\u00e7\u0131s\u0131ndan sald\u0131r\u0131n\u0131n \"asl\u0131nda K\u00fcrdistan B\u00f6lgesi'nin g\u00fcvenli\u011fine ve de\u011ferli halk\u0131n\u0131n refah\u0131na y\u00f6nelik bir sald\u0131r\u0131\" oldu\u011funu s\u00f6yledi. 26 Kas\u0131m 2025 \u00c7ar\u015famba gecesi, \u00c7em\u00e7emal'deki Kormor sahas\u0131na yap\u0131lan bir sald\u0131r\u0131, sahan\u0131n b\u00fcy\u00fck bir deposunda yang\u0131na neden oldu ve K\u00fcrdistan B\u00f6lgesi'ndeki elektri\u011fi y\u00fczde 80 oran\u0131nda kesildi. Kor Mor gaz sahas\u0131na yap\u0131lan sald\u0131r\u0131n\u0131n \u0130ran yak\u0131n \u015eii Ha\u015fdi \u015eabi milislerine ba\u011fl\u0131 bir gurubun yapt\u0131\u011f\u0131 belirtiliyor. K\u00fcrdistan halk\u0131 ya\u015fananlardan Ha\u015fdi \u015eabi ile stratejik ortakl\u0131\u011f\u0131 olan YNK\u2019yi sorumlu tutuyor."},{"@type":"BreadcrumbList","@id":"https:\/\/darkamazi.site\/archives\/1035794#breadcrumb","itemListElement":[{"@type":"ListItem","position":1,"name":"Home","item":"https:\/\/darkamazi.site\/"},{"@type":"ListItem","position":2,"name":"\u0130ran\u2019\u0131n Erbil Ba\u015fkonsolosundan Kor Mor gaz sahars\u0131n\u0131n vurulmas\u0131na dair a\u00e7\u0131klama geldi"}]},{"@type":"WebSite","@id":"https:\/\/darkamazi.site\/#website","url":"https:\/\/darkamazi.site\/","name":"Darka Mazi","description":"Ana Sayfa","publisher":{"@id":"https:\/\/darkamazi.site\/#organization"},"potentialAction":[{"@type":"SearchAction","target":{"@type":"EntryPoint","urlTemplate":"https:\/\/darkamazi.site\/?s={search_term_string}"},"query-input":{"@type":"PropertyValueSpecification","valueRequired":true,"valueName":"search_term_string"}}],"inLanguage":"en-US"},{"@type":"Organization","@id":"https:\/\/darkamazi.site\/#organization","name":"Darka Mazi T\u00fcrk\u00e7e","alternateName":"Darka Mazi","url":"https:\/\/darkamazi.site\/","logo":{"@type":"ImageObject","inLanguage":"en-US","@id":"https:\/\/darkamazi.site\/#\/schema\/logo\/image\/","url":"https:\/\/darkamazi.site\/file\/2017\/12\/darka-mazi-logo.png","contentUrl":"https:\/\/darkamazi.site\/file\/2017\/12\/darka-mazi-logo.png","width":151,"height":75,"caption":"Darka Mazi T\u00fcrk\u00e7e"},"image":{"@id":"https:\/\/darkamazi.site\/#\/schema\/logo\/image\/"},"sameAs":["https:\/\/www.facebook.com\/DarkaMaziturkce","https:\/\/x.com\/DarkaMaziTurkce"]},{"@type":"Person","@id":"https:\/\/darkamazi.site\/#\/schema\/person\/67986a95ac546c16760365877ef4a9d3","name":"darka mazi","sameAs":["https:\/\/darkamazi.site"],"url":"https:\/\/darkamazi.site\/archives\/author\/turkish"}]}},"_links":{"self":[{"href":"https:\/\/darkamazi.site\/funavuv\/wp\/v2\/posts\/1035794","targetHints":{"allow":["GET"]}}],"collection":[{"href":"https:\/\/darkamazi.site\/funavuv\/wp\/v2\/posts"}],"about":[{"href":"https:\/\/darkamazi.site\/funavuv\/wp\/v2\/types\/post"}],"author":[{"embeddable":true,"href":"https:\/\/darkamazi.site\/funavuv\/wp\/v2\/users\/2"}],"replies":[{"embeddable":true,"href":"https:\/\/darkamazi.site\/funavuv\/wp\/v2\/comments?post=1035794"}],"version-history":[{"count":0,"href":"https:\/\/darkamazi.site\/funavuv\/wp\/v2\/posts\/1035794\/revisions"}],"wp:featuredmedia":[{"embeddable":true,"href":"https:\/\/darkamazi.site\/funavuv\/wp\/v2\/media\/1035795"}],"wp:attachment":[{"href":"https:\/\/darkamazi.site\/funavuv\/wp\/v2\/media?parent=1035794"}],"wp:term":[{"taxonomy":"category","embeddable":true,"href":"https:\/\/darkamazi.site\/funavuv\/wp\/v2\/categories?post=1035794"},{"taxonomy":"post_tag","embeddable":true,"href":"https:\/\/darkamazi.site\/funavuv\/wp\/v2\/tags?post=1035794"}],"curies":[{"name":"wp","href":"https:\/\/api.w.org\/{rel}","templated":true}]}}