{"id":1035800,"date":"2025-11-29T11:52:05","date_gmt":"2025-11-29T08:52:05","guid":{"rendered":"https:\/\/darkamazi.site\/?p=1035800"},"modified":"2025-11-29T11:52:05","modified_gmt":"2025-11-29T08:52:05","slug":"artik-ihanet-mizragi-cuvala-sigmiyor-2","status":"publish","type":"post","link":"https:\/\/darkamazi.site\/archives\/1035800","title":{"rendered":"Art\u0131k \u0130hanet M\u0131zra\u011f\u0131 \u00c7uvala S\u0131\u011fm\u0131yor"},"content":{"rendered":"<p style=\"text-align: justify\">PKK\/HDP&#8217;nin bir devlet projesi oldu\u011fu ve misyonunun da K\u00fcrdlerin devletle\u015fme hakk\u0131n\u0131 engellemek oldu\u011fu ger\u00e7e\u011fi her ge\u00e7en g\u00fcn daha iyi anla\u015f\u0131l\u0131yor. Gelinen a\u015famada bu ger\u00e7e\u011fi (PKK\/HDP&#8217;nn bir devlet projesi oldu\u011fu) h\u00e2l\u00e2 g\u00f6r(e)meyenler ya aptallard\u0131r ya da\u00a0 g\u00f6rmek istemeyenlerdir. Aptallar\/m\u00fcritler ile tart\u0131\u015fman\u0131n hi\u00e7bir anlam\u0131 yok; \u00e7\u00fcnk\u00fc aptallara\/m\u00fcritlere do\u011frular\u0131 anlatamazs\u0131n\u0131z.<\/p>\n<p style=\"text-align: justify\">Ger\u00e7e\u011fi g\u00f6rmek istemeyenler, \u00f6denen bunca bedelin bo\u015fa gitti\u011fini, dahas\u0131 bu bedellerin K\u00fcrdler devletle\u015fmesin diye \u00f6detildi\u011fini kabul etmede zorlan\u0131yorlar. T\u00fcm ya\u015famlar\u0131n\u0131 ve umutlar\u0131n\u0131 PKK \u00f6nc\u00fcl\u00fc\u011f\u00fcndeki \u00f6zg\u00fcrl\u00fck m\u00fccadelesine(!) adayan bu kesim i\u00e7in ger\u00e7e\u011fi g\u00f6rmek ve kabullenmek \u00f6l\u00fcm ile e\u015fde\u011ferdir.<\/p>\n<p style=\"text-align: justify\">PKK\/HDP ger\u00e7e\u011fini g\u00f6rd\u00fc\u011f\u00fc\/bildi\u011fi halde sessiz kalanlar genelde korkaklard\u0131r ve &#8220;bana dokunmayan y\u0131lan bin ya\u015fas\u0131n&#8221; bencilli\u011fini a\u015famam\u0131\u015f olanlard\u0131r.<\/p>\n<p style=\"text-align: justify\">PKK\/HDP ger\u00e7e\u011fini bildi\u011fi\/g\u00f6rd\u00fc\u011f\u00fc halde bu anlay\u0131\u015f\u0131 olumlayanlar ise, devletin g\u00f6revlendirdi\u011fi ki\u015fileri bir tarafa b\u0131rak\u0131rsak geri kalanlar \u00e7\u0131karc\u0131, sahtek\u00e2r ve hi\u00e7bir de\u011feri olmayan siyaset t\u00fcccarlar\u0131d\u0131r.<\/p>\n<p style=\"text-align: justify\">Pratikte ya\u015fanan binlerce anti K\u00fcrd\/K\u00fcrdistan olay\u0131na hi\u00e7 girmeden sadece PKK\/HDP&#8217;nin bir tek s\u00f6yleminden yola \u00e7\u0131karak bu anlay\u0131\u015f\u0131n sahtek\u00e2rl\u0131\u011f\u0131n\u0131 ispatlayaca\u011f\u0131z.<\/p>\n<p style=\"text-align: justify\">Bilindi\u011fi gibi mant\u0131k biliminde t\u00fcmel, tikel ve tekil \u00f6nermeler vard\u0131r.<\/p>\n<p style=\"text-align: justify\">T\u00fcmel \u00f6nermelerin konusu a\u00e7\u0131k\u00e7a ifade edilir ve yarg\u0131ya konu olan herkesi\/her \u015feyi kapsar; geneldir ve istisna kabul etmez.<\/p>\n<p style=\"text-align: justify\">&#8220;Ulus Devlet d\u00f6nemi bitmi\u015ftir&#8221; \u00f6nermesi t\u00fcmel bir \u00f6nermedir. Bu yarg\u0131ya var\u0131lmas\u0131n\u0131n gerek\u00e7esi &#8220;ulus devletler k\u00f6t\u00fcd\u00fcr&#8221; d\u00fc\u015f\u00fcncesi oldu\u011fu i\u00e7in t\u00fcmel olumlu bir \u00f6nerme ile kar\u015f\u0131 kar\u015f\u0131yay\u0131z.<\/p>\n<p style=\"text-align: justify\">Ku\u015fkusuz ki toplumlar\u0131n geli\u015fim a\u015famalar\u0131 dikkate al\u0131nd\u0131\u011f\u0131nda ve her toplumun farkl\u0131 zamanlarda ayn\u0131 e\u015fi\u011fi ge\u00e7ti\u011fi g\u00f6r\u00fcld\u00fc\u011f\u00fcnde zaten &#8220;ulus devlet d\u00f6nemi bitmi\u015ftir&#8221; anlay\u0131\u015f\u0131n\u0131n ger\u00e7e\u011fi yans\u0131tmad\u0131\u011f\u0131 g\u00f6r\u00fcl\u00fcr. Ancak biz yine mant\u0131k bilimine ba\u011fl\u0131 kalarak bu \u00f6nermenin ge\u00e7ersiz oldu\u011funu g\u00f6sterelim.<\/p>\n<p style=\"text-align: justify\">&#8220;Ulus devlet d\u00f6nemi bitmi\u015ftir&#8221; \u00f6nermesi istisnas\u0131z b\u00fct\u00fcn uluslar\u0131 kapsar. Her f\u0131rsatta &#8220;Filistin\u2019in devletle\u015fme hakk\u0131n\u0131&#8221; savunan PKK\/HDP, \u00f6nermesinin ge\u00e7ersiz oldu\u011funu kendileri ispatlamaktad\u0131r. Filistin veya bir ba\u015fka halk\u0131n devletle\u015fmesini istedi\u011fin an &#8220;ulus devlet d\u00f6nemi bitmi\u015ftir&#8221; \u00f6nermesini \u00e7\u00f6pe atm\u0131\u015f olursun. Bu ger\u00e7eklik, PKK\/HDP&#8217;nin s\u00f6ylemlerinde samimi olmad\u0131klar\u0131n\u0131 ve yalanc\u0131\/sahtek\u00e2r olduklar\u0131n\u0131 g\u00f6zler \u00f6n\u00fcne seriyor.<\/p>\n<p style=\"text-align: justify\">Halk\u0131 kand\u0131ran, a\u00e7\u0131k\u00e7a yalan s\u00f6yleyen ve bir halk\u0131n do\u011fal hakk\u0131n\u0131 s\u00f6m\u00fcrgecilere satan ki\u015fi\/kurumlar a\u00e7\u0131k\u00e7a insanl\u0131k su\u00e7u i\u015flemektedirler. Bu insanl\u0131k su\u00e7unu i\u015fleyenlere kar\u015f\u0131 kullan\u0131lacak hi\u00e7bir s\u0131fat, yapt\u0131klar\u0131 \u00e7irkinlik ve i\u015fledikleri su\u00e7 kadar a\u011f\u0131r olamaz. Hitler&#8217;e, Mussolini&#8217;ye ve M. Kemal&#8217;e fa\u015fist demek nas\u0131l ki haks\u0131zl\u0131k veya hakaret de\u011filse, PKK\/HDP&#8217;ye de ta\u015feron, yalanc\u0131, u\u015fak, sahtek\u00e2r ve namussuz demek haks\u0131zl\u0131k veya hakaret de\u011fildir. Ayn\u0131 \u015fekilde ger\u00e7e\u011fi g\u00f6rd\u00fckleri halde PKK\/HDP&#8217;yi olumlayan di\u011fer t\u00fcm politik \u00e7evreler i\u00e7inde bu s\u0131fatlar ge\u00e7erlidir ku\u015fkusuz.<\/p>\n<p style=\"text-align: justify\">PKK\/HDP \u00f6z olarak &#8216;biz sadece K\u00fcrdlerin devletle\u015fmesine kar\u015f\u0131y\u0131z&#8217; diyorlar ama halk\u0131 kand\u0131rmak i\u00e7in &#8220;ulus devlet d\u00f6nemi bitmi\u015ftir&#8221; veya &#8220;demokratik modernite&#8221; gibi kitleleri kand\u0131rmaya y\u00f6nelik sa\u00e7ma sapan ifadeler kullanma gere\u011fi duyuyorlar.<\/p>\n<p style=\"text-align: justify\">PKK\/HDP anlay\u0131\u015f\u0131n\u0131n \u00f6zeti; &#8216;T\u00fcrk-Fars-Arap i\u015fgalci devletlerin birli\u011fi korunsun ve ya\u015fas\u0131nlar;<\/p>\n<p style=\"text-align: justify\">Ya\u015fas\u0131n Filistin ve di\u011fer uluslar ama K\u00fcrdistan ya\u015famay\u0131p yok olsun&#8217;dan ibarettir.<\/p>\n<p style=\"text-align: justify\">&#8220;\u00dcmmet\u00e7ilik&#8221; ad\u0131 alt\u0131nda K\u00fcrdistan&#8217;da \u00f6rg\u00fctlenen H\u0130ZBULLAH\/H\u00dcDA-PAR ve benzeri yap\u0131lar da t\u0131pk\u0131 PKK\/HDP gibi Filistin&#8217;e ba\u011f\u0131ms\u0131zl\u0131k isterken, din maskesi alt\u0131nda K\u00fcrdlerin devletle\u015fmesine kar\u015f\u0131 duruyorlar.<\/p>\n<p style=\"text-align: justify\">PKK\/HDP ve ayn\u0131 anlay\u0131\u015f\u0131 farkl\u0131 arg\u00fcmanlarla ifade edenlerin sahtek\u00e2rl\u0131\u011f\u0131n\u0131 savunan veya direkt\/dolayl\u0131 bu anlay\u0131\u015flar\u0131 aklayanlar\u0131n hepsine soruyoruz; \u00f6zellikle de kendi kendilerini &#8220;entel-lekt\u00fcel&#8221; ilan eden zavall\u0131lara soruyoruz:<\/p>\n<p style=\"text-align: justify\">&#8220;Ulus devlet d\u00f6nemi bitmi\u015ftir&#8221; s\u00f6z\u00fc t\u00fcmel bir \u00f6nerme de\u011fil mi?<\/p>\n<p style=\"text-align: justify\">Filistin\u2019in devletle\u015fmesini savunmakla bu \u00f6nerme ge\u00e7ersiz k\u0131l\u0131nm\u0131yor mu?<\/p>\n<p style=\"text-align: justify\">Ge\u00e7ersiz bir \u00f6nermeyi &#8220;ge\u00e7erli&#8221; g\u00f6stermek yalanc\u0131l\u0131k\/sahtek\u00e2rl\u0131k\/ahlaks\u0131zl\u0131k de\u011fil mi?<\/p>\n<p style=\"text-align: justify\">Bile bile bu ahlaks\u0131zl\u0131\u011fa ortak olmak katmerli bir ahlaks\u0131zl\u0131k olmaz m\u0131?<\/p>\n<p style=\"text-align: justify\">PKK\/HDP&#8217;ye kar\u015f\u0131 ilkeli duru\u015fumuzdan rahats\u0131zl\u0131k duyan Kuzey K\u00fcrdistan politik \u00e7evreleri neredeyse koro halinde &#8220;kulland\u0131\u011f\u0131n\u0131z dil \u00e7ok sert, yap\u0131c\u0131 de\u011filsiniz, K\u00fcrdlerin birli\u011fine kar\u015f\u0131 y\u0131k\u0131c\u0131 dil kullan\u0131yorsunuz v.s.&#8221; gibi ka\u00e7amak yakla\u015f\u0131mlarla bizi etkisiz k\u0131lmaya \u00e7al\u0131\u015ft\u0131lar\u2026<\/p>\n<p style=\"text-align: justify\">Bir halk\u0131 bile bile kand\u0131rmak ve varl\u0131k ko\u015fullar\u0131n\u0131 yok etmeye \u00e7al\u0131\u015fmaktan daha b\u00fcy\u00fck y\u0131k\u0131c\u0131l\u0131k olur mu?<\/p>\n<p style=\"text-align: justify\">Bu insanl\u0131k d\u00fc\u015fmanlar\u0131na kar\u015f\u0131 kulland\u0131\u011f\u0131m\u0131z dil, yapt\u0131klar\u0131 tahribat\u0131n ve ahlaks\u0131zl\u0131\u011f\u0131n yan\u0131nda devede kulak bile de\u011filken; bizi &#8220;d\u00fczeyli ve yap\u0131c\u0131&#8221; olmaya davet etmek ahlaks\u0131zl\u0131\u011f\u0131 me\u015frula\u015ft\u0131rma ve herkesi ortak etme \u00e7abas\u0131d\u0131r sadece\u2026<\/p>\n<p style=\"text-align: justify\">Seyit R\u0131za&#8217;y\u0131 sayg\u0131yla an\u0131p kendisinden ilham alarak biz de diyoruz ki,<\/p>\n<p style=\"text-align: justify\">Sizin sahtek\u00e2rl\u0131\u011f\u0131n\u0131zla\/ahlaks\u0131zl\u0131\u011f\u0131n\u0131zla ba\u015f edemedik bu bize dert oldu; korkakl\u0131\u011f\u0131n\u0131za, teslimiyet\u00e7ili\u011finize, \u00e7\u0131karc\u0131l\u0131\u011f\u0131n\u0131za, kirlili\u011finize, ahlaks\u0131zl\u0131\u011f\u0131n\u0131za ve aklay\u0131c\u0131l\u0131\u011f\u0131n\u0131za bizi ortak edemediniz ve asla edemeyeceksiniz, bu da size dert olsun. \u0130\u00e7inizde dert olarak kals\u0131n\u2026<\/p>\n<p style=\"text-align: justify\">S\u00fcleyman Akkoyun<\/p>\n","protected":false},"excerpt":{"rendered":"<p>PKK\/HDP&#8217;nin bir devlet projesi oldu\u011fu ve misyonunun da K\u00fcrdlerin devletle\u015fme hakk\u0131n\u0131 engellemek oldu\u011fu ger\u00e7e\u011fi her ge\u00e7en g\u00fcn daha iyi anla\u015f\u0131l\u0131yor. Gelinen a\u015famada bu ger\u00e7e\u011fi (PKK\/HDP&#8217;nn bir devlet projesi oldu\u011fu) h\u00e2l\u00e2 g\u00f6r(e)meyenler ya aptallard\u0131r ya da\u00a0 g\u00f6rmek istemeyenlerdir. Aptallar\/m\u00fcritler ile tart\u0131\u015fman\u0131n hi\u00e7bir anlam\u0131 yok; \u00e7\u00fcnk\u00fc aptallara\/m\u00fcritlere do\u011frular\u0131 anlatamazs\u0131n\u0131z. Ger\u00e7e\u011fi g\u00f6rmek istemeyenler, \u00f6denen bunca bedelin bo\u015fa gitti\u011fini, [&hellip;]<\/p>\n","protected":false},"author":2,"featured_media":1035801,"comment_status":"closed","ping_status":"closed","sticky":false,"template":"","format":"standard","meta":{"footnotes":""},"categories":[26],"tags":[31],"class_list":["post-1035800","post","type-post","status-publish","format-standard","has-post-thumbnail","hentry","category-forum","tag-onemli"],"blocksy_meta":[],"seo_head":"<!-- This site is optimized with the Yoast SEO plugin v27.5 - https:\/\/yoast.com\/product\/yoast-seo-wordpress\/ -->\n<title>Art\u0131k \u0130hanet M\u0131zra\u011f\u0131 \u00c7uvala S\u0131\u011fm\u0131yor - Darka Mazi<\/title>\n<meta name=\"robots\" content=\"index, follow, max-snippet:-1, max-image-preview:large, max-video-preview:-1\" \/>\n<link rel=\"canonical\" href=\"https:\/\/darkamazi.site\/archives\/1035800\" \/>\n<meta property=\"og:locale\" content=\"en_US\" \/>\n<meta property=\"og:type\" content=\"article\" \/>\n<meta property=\"og:title\" content=\"Art\u0131k \u0130hanet M\u0131zra\u011f\u0131 \u00c7uvala S\u0131\u011fm\u0131yor - Darka Mazi\" \/>\n<meta property=\"og:description\" content=\"PKK\/HDP&#8217;nin bir devlet projesi oldu\u011fu ve misyonunun da K\u00fcrdlerin devletle\u015fme hakk\u0131n\u0131 engellemek oldu\u011fu ger\u00e7e\u011fi her ge\u00e7en g\u00fcn daha iyi anla\u015f\u0131l\u0131yor. Gelinen a\u015famada bu ger\u00e7e\u011fi (PKK\/HDP&#8217;nn bir devlet projesi oldu\u011fu) h\u00e2l\u00e2 g\u00f6r(e)meyenler ya aptallard\u0131r ya da\u00a0 g\u00f6rmek istemeyenlerdir. Aptallar\/m\u00fcritler ile tart\u0131\u015fman\u0131n hi\u00e7bir anlam\u0131 yok; \u00e7\u00fcnk\u00fc aptallara\/m\u00fcritlere do\u011frular\u0131 anlatamazs\u0131n\u0131z. Ger\u00e7e\u011fi g\u00f6rmek istemeyenler, \u00f6denen bunca bedelin bo\u015fa gitti\u011fini, [&hellip;]\" \/>\n<meta property=\"og:url\" content=\"https:\/\/darkamazi.site\/archives\/1035800\" \/>\n<meta property=\"og:site_name\" content=\"Darka Mazi\" \/>\n<meta property=\"article:publisher\" content=\"https:\/\/www.facebook.com\/DarkaMaziturkce\" \/>\n<meta property=\"article:published_time\" content=\"2025-11-29T08:52:05+00:00\" \/>\n<meta property=\"og:image\" content=\"https:\/\/darkamazi.site\/file\/2025\/11\/Suleyman-Akkoyun-2.jpg\" \/>\n\t<meta property=\"og:image:width\" content=\"900\" \/>\n\t<meta property=\"og:image:height\" content=\"497\" \/>\n\t<meta property=\"og:image:type\" content=\"image\/jpeg\" \/>\n<meta name=\"author\" content=\"darka mazi\" \/>\n<meta name=\"twitter:card\" content=\"summary_large_image\" \/>\n<meta name=\"twitter:creator\" content=\"@DarkaMaziTurkce\" \/>\n<meta name=\"twitter:site\" content=\"@DarkaMaziTurkce\" \/>\n<meta name=\"twitter:label1\" content=\"Written by\" \/>\n\t<meta name=\"twitter:data1\" content=\"darka mazi\" \/>\n\t<meta name=\"twitter:label2\" content=\"Est. reading time\" \/>\n\t<meta name=\"twitter:data2\" content=\"3 minutes\" \/>\n<script type=\"application\/ld+json\" class=\"seo-schema-graph\">{\"@context\":\"https:\\\/\\\/schema.org\",\"@graph\":[{\"@type\":\"NewsArticle\",\"@id\":\"https:\\\/\\\/darkamazi.site\\\/archives\\\/1035800#article\",\"isPartOf\":{\"@id\":\"https:\\\/\\\/darkamazi.site\\\/archives\\\/1035800\"},\"author\":{\"name\":\"darka mazi\",\"@id\":\"https:\\\/\\\/darkamazi.site\\\/#\\\/schema\\\/person\\\/67986a95ac546c16760365877ef4a9d3\"},\"headline\":\"Art\u0131k \u0130hanet M\u0131zra\u011f\u0131 \u00c7uvala S\u0131\u011fm\u0131yor\",\"datePublished\":\"2025-11-29T08:52:05+00:00\",\"mainEntityOfPage\":{\"@id\":\"https:\\\/\\\/darkamazi.site\\\/archives\\\/1035800\"},\"wordCount\":1026,\"publisher\":{\"@id\":\"https:\\\/\\\/darkamazi.site\\\/#organization\"},\"image\":{\"@id\":\"https:\\\/\\\/darkamazi.site\\\/archives\\\/1035800#primaryimage\"},\"thumbnailUrl\":\"https:\\\/\\\/darkamazi.site\\\/darka-content\\\/uploads\\\/2025\\\/11\\\/Suleyman-Akkoyun-2.jpg\",\"keywords\":[\"\u00f6nemli\"],\"articleSection\":[\"Forum\"],\"inLanguage\":\"en-US\"},{\"@type\":\"WebPage\",\"@id\":\"https:\\\/\\\/darkamazi.site\\\/archives\\\/1035800\",\"url\":\"https:\\\/\\\/darkamazi.site\\\/archives\\\/1035800\",\"name\":\"Art\u0131k \u0130hanet M\u0131zra\u011f\u0131 \u00c7uvala S\u0131\u011fm\u0131yor - Darka Mazi\",\"isPartOf\":{\"@id\":\"https:\\\/\\\/darkamazi.site\\\/#website\"},\"primaryImageOfPage\":{\"@id\":\"https:\\\/\\\/darkamazi.site\\\/archives\\\/1035800#primaryimage\"},\"image\":{\"@id\":\"https:\\\/\\\/darkamazi.site\\\/archives\\\/1035800#primaryimage\"},\"thumbnailUrl\":\"https:\\\/\\\/darkamazi.site\\\/darka-content\\\/uploads\\\/2025\\\/11\\\/Suleyman-Akkoyun-2.jpg\",\"datePublished\":\"2025-11-29T08:52:05+00:00\",\"breadcrumb\":{\"@id\":\"https:\\\/\\\/darkamazi.site\\\/archives\\\/1035800#breadcrumb\"},\"inLanguage\":\"en-US\",\"potentialAction\":[{\"@type\":\"ReadAction\",\"target\":[\"https:\\\/\\\/darkamazi.site\\\/archives\\\/1035800\"]}]},{\"@type\":\"ImageObject\",\"inLanguage\":\"en-US\",\"@id\":\"https:\\\/\\\/darkamazi.site\\\/archives\\\/1035800#primaryimage\",\"url\":\"https:\\\/\\\/darkamazi.site\\\/darka-content\\\/uploads\\\/2025\\\/11\\\/Suleyman-Akkoyun-2.jpg\",\"contentUrl\":\"https:\\\/\\\/darkamazi.site\\\/darka-content\\\/uploads\\\/2025\\\/11\\\/Suleyman-Akkoyun-2.jpg\",\"width\":900,\"height\":497,\"caption\":\"Art\u0131k \u0130hanet M\u0131zra\u011f\u0131 \u00c7uvala S\u0131\u011fm\u0131yor\"},{\"@type\":\"BreadcrumbList\",\"@id\":\"https:\\\/\\\/darkamazi.site\\\/archives\\\/1035800#breadcrumb\",\"itemListElement\":[{\"@type\":\"ListItem\",\"position\":1,\"name\":\"Home\",\"item\":\"https:\\\/\\\/darkamazi.site\\\/\"},{\"@type\":\"ListItem\",\"position\":2,\"name\":\"Art\u0131k \u0130hanet M\u0131zra\u011f\u0131 \u00c7uvala S\u0131\u011fm\u0131yor\"}]},{\"@type\":\"WebSite\",\"@id\":\"https:\\\/\\\/darkamazi.site\\\/#website\",\"url\":\"https:\\\/\\\/darkamazi.site\\\/\",\"name\":\"Darka Mazi\",\"description\":\"Ana Sayfa\",\"publisher\":{\"@id\":\"https:\\\/\\\/darkamazi.site\\\/#organization\"},\"potentialAction\":[{\"@type\":\"SearchAction\",\"target\":{\"@type\":\"EntryPoint\",\"urlTemplate\":\"https:\\\/\\\/darkamazi.site\\\/?s={search_term_string}\"},\"query-input\":{\"@type\":\"PropertyValueSpecification\",\"valueRequired\":true,\"valueName\":\"search_term_string\"}}],\"inLanguage\":\"en-US\"},{\"@type\":\"Organization\",\"@id\":\"https:\\\/\\\/darkamazi.site\\\/#organization\",\"name\":\"Darka Mazi T\u00fcrk\u00e7e\",\"alternateName\":\"Darka Mazi\",\"url\":\"https:\\\/\\\/darkamazi.site\\\/\",\"logo\":{\"@type\":\"ImageObject\",\"inLanguage\":\"en-US\",\"@id\":\"https:\\\/\\\/darkamazi.site\\\/#\\\/schema\\\/logo\\\/image\\\/\",\"url\":\"https:\\\/\\\/darkamazi.site\\\/darka-content\\\/uploads\\\/2017\\\/12\\\/darka-mazi-logo.png\",\"contentUrl\":\"https:\\\/\\\/darkamazi.site\\\/darka-content\\\/uploads\\\/2017\\\/12\\\/darka-mazi-logo.png\",\"width\":151,\"height\":75,\"caption\":\"Darka Mazi T\u00fcrk\u00e7e\"},\"image\":{\"@id\":\"https:\\\/\\\/darkamazi.site\\\/#\\\/schema\\\/logo\\\/image\\\/\"},\"sameAs\":[\"https:\\\/\\\/www.facebook.com\\\/DarkaMaziturkce\",\"https:\\\/\\\/x.com\\\/DarkaMaziTurkce\"]},{\"@type\":\"Person\",\"@id\":\"https:\\\/\\\/darkamazi.site\\\/#\\\/schema\\\/person\\\/67986a95ac546c16760365877ef4a9d3\",\"name\":\"darka mazi\",\"sameAs\":[\"https:\\\/\\\/darkamazi.site\"],\"url\":\"https:\\\/\\\/darkamazi.site\\\/archives\\\/author\\\/turkish\"}]}<\/script>\n<!-- \/ Yoast SEO plugin. -->","seo_head_json":{"title":"Art\u0131k \u0130hanet M\u0131zra\u011f\u0131 \u00c7uvala S\u0131\u011fm\u0131yor - Darka Mazi","robots":{"index":"index","follow":"follow","max-snippet":"max-snippet:-1","max-image-preview":"max-image-preview:large","max-video-preview":"max-video-preview:-1"},"canonical":"https:\/\/darkamazi.site\/archives\/1035800","og_locale":"en_US","og_type":"article","og_title":"Art\u0131k \u0130hanet M\u0131zra\u011f\u0131 \u00c7uvala S\u0131\u011fm\u0131yor - Darka Mazi","og_description":"PKK\/HDP&#8217;nin bir devlet projesi oldu\u011fu ve misyonunun da K\u00fcrdlerin devletle\u015fme hakk\u0131n\u0131 engellemek oldu\u011fu ger\u00e7e\u011fi her ge\u00e7en g\u00fcn daha iyi anla\u015f\u0131l\u0131yor. Gelinen a\u015famada bu ger\u00e7e\u011fi (PKK\/HDP&#8217;nn bir devlet projesi oldu\u011fu) h\u00e2l\u00e2 g\u00f6r(e)meyenler ya aptallard\u0131r ya da\u00a0 g\u00f6rmek istemeyenlerdir. Aptallar\/m\u00fcritler ile tart\u0131\u015fman\u0131n hi\u00e7bir anlam\u0131 yok; \u00e7\u00fcnk\u00fc aptallara\/m\u00fcritlere do\u011frular\u0131 anlatamazs\u0131n\u0131z. Ger\u00e7e\u011fi g\u00f6rmek istemeyenler, \u00f6denen bunca bedelin bo\u015fa gitti\u011fini, [&hellip;]","og_url":"https:\/\/darkamazi.site\/archives\/1035800","og_site_name":"Darka Mazi","article_publisher":"https:\/\/www.facebook.com\/DarkaMaziturkce","article_published_time":"2025-11-29T08:52:05+00:00","og_image":[{"width":900,"height":497,"url":"https:\/\/darkamazi.site\/file\/2025\/11\/Suleyman-Akkoyun-2.jpg","type":"image\/jpeg"}],"author":"darka mazi","twitter_card":"summary_large_image","twitter_creator":"@DarkaMaziTurkce","twitter_site":"@DarkaMaziTurkce","twitter_misc":{"Written by":"darka mazi","Est. reading time":"3 minutes"},"schema":{"@context":"https:\/\/schema.org","@graph":[{"@type":"NewsArticle","@id":"https:\/\/darkamazi.site\/archives\/1035800#article","isPartOf":{"@id":"https:\/\/darkamazi.site\/archives\/1035800"},"author":{"name":"darka mazi","@id":"https:\/\/darkamazi.site\/#\/schema\/person\/67986a95ac546c16760365877ef4a9d3"},"headline":"Art\u0131k \u0130hanet M\u0131zra\u011f\u0131 \u00c7uvala S\u0131\u011fm\u0131yor","datePublished":"2025-11-29T08:52:05+00:00","mainEntityOfPage":{"@id":"https:\/\/darkamazi.site\/archives\/1035800"},"wordCount":1026,"publisher":{"@id":"https:\/\/darkamazi.site\/#organization"},"image":{"@id":"https:\/\/darkamazi.site\/archives\/1035800#primaryimage"},"thumbnailUrl":"https:\/\/darkamazi.site\/file\/2025\/11\/Suleyman-Akkoyun-2.jpg","keywords":["\u00f6nemli"],"articleSection":["Forum"],"inLanguage":"en-US"},{"@type":"WebPage","@id":"https:\/\/darkamazi.site\/archives\/1035800","url":"https:\/\/darkamazi.site\/archives\/1035800","name":"Art\u0131k \u0130hanet M\u0131zra\u011f\u0131 \u00c7uvala S\u0131\u011fm\u0131yor - Darka Mazi","isPartOf":{"@id":"https:\/\/darkamazi.site\/#website"},"primaryImageOfPage":{"@id":"https:\/\/darkamazi.site\/archives\/1035800#primaryimage"},"image":{"@id":"https:\/\/darkamazi.site\/archives\/1035800#primaryimage"},"thumbnailUrl":"https:\/\/darkamazi.site\/file\/2025\/11\/Suleyman-Akkoyun-2.jpg","datePublished":"2025-11-29T08:52:05+00:00","breadcrumb":{"@id":"https:\/\/darkamazi.site\/archives\/1035800#breadcrumb"},"inLanguage":"en-US","potentialAction":[{"@type":"ReadAction","target":["https:\/\/darkamazi.site\/archives\/1035800"]}]},{"@type":"ImageObject","inLanguage":"en-US","@id":"https:\/\/darkamazi.site\/archives\/1035800#primaryimage","url":"https:\/\/darkamazi.site\/file\/2025\/11\/Suleyman-Akkoyun-2.jpg","contentUrl":"https:\/\/darkamazi.site\/file\/2025\/11\/Suleyman-Akkoyun-2.jpg","width":900,"height":497,"caption":"Art\u0131k \u0130hanet M\u0131zra\u011f\u0131 \u00c7uvala S\u0131\u011fm\u0131yor"},{"@type":"BreadcrumbList","@id":"https:\/\/darkamazi.site\/archives\/1035800#breadcrumb","itemListElement":[{"@type":"ListItem","position":1,"name":"Home","item":"https:\/\/darkamazi.site\/"},{"@type":"ListItem","position":2,"name":"Art\u0131k \u0130hanet M\u0131zra\u011f\u0131 \u00c7uvala S\u0131\u011fm\u0131yor"}]},{"@type":"WebSite","@id":"https:\/\/darkamazi.site\/#website","url":"https:\/\/darkamazi.site\/","name":"Darka Mazi","description":"Ana Sayfa","publisher":{"@id":"https:\/\/darkamazi.site\/#organization"},"potentialAction":[{"@type":"SearchAction","target":{"@type":"EntryPoint","urlTemplate":"https:\/\/darkamazi.site\/?s={search_term_string}"},"query-input":{"@type":"PropertyValueSpecification","valueRequired":true,"valueName":"search_term_string"}}],"inLanguage":"en-US"},{"@type":"Organization","@id":"https:\/\/darkamazi.site\/#organization","name":"Darka Mazi T\u00fcrk\u00e7e","alternateName":"Darka Mazi","url":"https:\/\/darkamazi.site\/","logo":{"@type":"ImageObject","inLanguage":"en-US","@id":"https:\/\/darkamazi.site\/#\/schema\/logo\/image\/","url":"https:\/\/darkamazi.site\/file\/2017\/12\/darka-mazi-logo.png","contentUrl":"https:\/\/darkamazi.site\/file\/2017\/12\/darka-mazi-logo.png","width":151,"height":75,"caption":"Darka Mazi T\u00fcrk\u00e7e"},"image":{"@id":"https:\/\/darkamazi.site\/#\/schema\/logo\/image\/"},"sameAs":["https:\/\/www.facebook.com\/DarkaMaziturkce","https:\/\/x.com\/DarkaMaziTurkce"]},{"@type":"Person","@id":"https:\/\/darkamazi.site\/#\/schema\/person\/67986a95ac546c16760365877ef4a9d3","name":"darka mazi","sameAs":["https:\/\/darkamazi.site"],"url":"https:\/\/darkamazi.site\/archives\/author\/turkish"}]}},"_links":{"self":[{"href":"https:\/\/darkamazi.site\/funavuv\/wp\/v2\/posts\/1035800","targetHints":{"allow":["GET"]}}],"collection":[{"href":"https:\/\/darkamazi.site\/funavuv\/wp\/v2\/posts"}],"about":[{"href":"https:\/\/darkamazi.site\/funavuv\/wp\/v2\/types\/post"}],"author":[{"embeddable":true,"href":"https:\/\/darkamazi.site\/funavuv\/wp\/v2\/users\/2"}],"replies":[{"embeddable":true,"href":"https:\/\/darkamazi.site\/funavuv\/wp\/v2\/comments?post=1035800"}],"version-history":[{"count":0,"href":"https:\/\/darkamazi.site\/funavuv\/wp\/v2\/posts\/1035800\/revisions"}],"wp:featuredmedia":[{"embeddable":true,"href":"https:\/\/darkamazi.site\/funavuv\/wp\/v2\/media\/1035801"}],"wp:attachment":[{"href":"https:\/\/darkamazi.site\/funavuv\/wp\/v2\/media?parent=1035800"}],"wp:term":[{"taxonomy":"category","embeddable":true,"href":"https:\/\/darkamazi.site\/funavuv\/wp\/v2\/categories?post=1035800"},{"taxonomy":"post_tag","embeddable":true,"href":"https:\/\/darkamazi.site\/funavuv\/wp\/v2\/tags?post=1035800"}],"curies":[{"name":"wp","href":"https:\/\/api.w.org\/{rel}","templated":true}]}}