{"id":1035803,"date":"2025-11-29T13:00:33","date_gmt":"2025-11-29T10:00:33","guid":{"rendered":"https:\/\/darkamazi.site\/?p=1035803"},"modified":"2025-11-29T13:00:33","modified_gmt":"2025-11-29T10:00:33","slug":"baskan-barzani-cizrede-konustu-bizim-icin-bir-kutup-yildizi-olan-melaye-ciziri-adina-duzenlenen-sempozyuma-katilmak-buyuk-bir-onur","status":"publish","type":"post","link":"https:\/\/darkamazi.site\/archives\/1035803","title":{"rendered":"Ba\u015fkan Barzani Cizre&#8217;de konu\u015ftu: Bizim i\u00e7in bir kutup y\u0131ld\u0131z\u0131 olan Melay\u00ea Ciz\u00eer\u00ee ad\u0131na d\u00fczenlenen sempozyuma kat\u0131lmak b\u00fcy\u00fck bir onur"},"content":{"rendered":"<p style=\"text-align: justify\">Ba\u015fkan Mesud Barzani, Cizre\u2019de d\u00fczenlenen 4. Uluslararas\u0131 Melay\u00ea Ciz\u00eer\u00ee Sempozyumu\u2019na kat\u0131ld\u0131. Ba\u015fkan Barzani b\u00fcy\u00fck bir co\u015fkuyla kar\u015f\u0131land\u0131.<\/p>\n<p style=\"text-align: justify\">Sempozyumda konu\u015fma yapan Ba\u015fkan Barzani, Melay\u00ea Ciz\u00eer\u00ee&#8217;nin divan\u0131ndan \u015fiirler okundu.<\/p>\n<p style=\"text-align: justify\">Ba\u015fkan Barzani konu\u015fmas\u0131n\u0131n sonunda &#8220;bar\u0131\u015f s\u00fcrecine\u201d dair mesajlar vererek \u015funlar\u0131 dile getirdi:<\/p>\n<p style=\"text-align: justify\">&#8220;B\u00f6lgede b\u00fcy\u00fck bir de\u011fi\u015fime de\u011finmek istiyorum: bar\u0131\u015f s\u00fcrecine. Bu s\u00fcre\u00e7 ba\u015flad\u0131\u011f\u0131 i\u00e7in \u00e7ok mutlu olduk<\/p>\n<p style=\"text-align: justify\">G\u00f6rd\u00fc\u011f\u00fcn\u00fcz gibi bu sefer s\u00fcre\u00e7 \u00e7ok daha d\u00fczenli ba\u015flad\u0131, \u00e7\u00fcnk\u00fc halk, meclis ve partiler devleti destekliyor.<\/p>\n<p style=\"text-align: justify\">Bar\u0131\u015fa kap\u0131 a\u00e7t\u0131klar\u0131 i\u00e7in buradan Say\u0131n Cumhurba\u015fkan\u0131 Erdo\u011fan\u2019a, T\u00fcrkiye devletine, T\u00fcrkiye Parlamentosu\u2019na, T\u00fcrkiye halk\u0131na te\u015fekk\u00fcr\u00fc bor\u00e7 biliyorum.<\/p>\n<p style=\"text-align: justify\">Ayn\u0131 zamanda Say\u0131n \u00d6calan\u2019a att\u0131\u011f\u0131 olumlu ad\u0131mlar i\u00e7in te\u015fekk\u00fcr ediyorum.<\/p>\n<p style=\"text-align: justify\">Buradan \u015funu a\u00e7\u0131k\u00e7a ilan ederim ki biz de b\u00fct\u00fcn g\u00fcc\u00fcm\u00fczle bu s\u00fcreci destekliyoruz, bizden ne istenirse ve elimizden ne gelirse yapmaya haz\u0131r\u0131z.<\/p>\n<p style=\"text-align: justify\">Ve in\u015fallah s\u00fcre\u00e7 \u00e7ok iyi bir sonuca ula\u015f\u0131r; hepimiz i\u00e7in hay\u0131r ve esenlik getirir.&#8221;<\/p>\n<p style=\"text-align: justify\"><strong>Ba\u015fkan Barzani\u2019nin sempozyumda yapt\u0131\u011f\u0131 konu\u015fman\u0131n tamam\u0131 \u015f\u00f6yle:<\/strong><\/p>\n<p style=\"text-align: justify\">\u201cBismillahirrahmanirahim<\/p>\n<p style=\"text-align: justify\">Bu co\u015fkulu kar\u015f\u0131lama i\u00e7in \u00e7ok te\u015fekk\u00fcr ederim.<\/p>\n<p style=\"text-align: justify\">Bug\u00fcn benim i\u00e7in \u00e7ok g\u00fczel bir g\u00fcn. Bizim i\u00e7in bir kutup y\u0131ld\u0131z\u0131 olan Melay\u00ea Ciz\u00eer\u00ee ad\u0131na d\u00fczenlenen sempozyuma kat\u0131lmak b\u00fcy\u00fck bir onur.<\/p>\n<p style=\"text-align: justify\">Say\u0131n \u0130\u00e7i\u015fleri Bakan\u0131&#8217;na, \u015e\u0131rnak Valisi&#8217;ne, \u015e\u0131rnak\u2019taki t\u00fcm devlet kurum ve kurulu\u015flar\u0131na te\u015fekk\u00fcr ediyorum.<\/p>\n<p style=\"text-align: justify\">Say\u0131n milletvekillerine, b\u00f6lge halk\u0131na te\u015fekk\u00fcrler; bu s\u0131cak kar\u015f\u0131lama i\u00e7in hepinize te\u015fekk\u00fcr ediyorum.<\/p>\n<p style=\"text-align: justify\">Melay\u00ea Ciz\u00eer\u00ee, hi\u00e7bir zaman batmayan parlak bir y\u0131ld\u0131zd\u0131r.<\/p>\n<p style=\"text-align: justify\">Hak yolunun a\u015f\u0131klar\u0131n\u0131n kervanba\u015f\u0131d\u0131r.<\/p>\n<p style=\"text-align: justify\">Ciz\u00eer\u00ee&#8217;nin \u015fiirleri hi\u00e7bir zaman eskimez.<\/p>\n<p style=\"text-align: justify\">\u0130nsan her defas\u0131nda onlar\u0131n yeni s\u00f6ylendi\u011fini, taze sunuldu\u011funu zanneder.<\/p>\n<p style=\"text-align: justify\">Ciz\u00eer\u00ee&#8217;nin \u015fiirlerinin i\u00e7ine ne kadar derinden girerseniz, Ciz\u00eer\u00ee&#8217;ye o kadar yak\u0131nla\u015f\u0131r ve ona o kadar hayran kal\u0131rs\u0131n\u0131z.<\/p>\n<p style=\"text-align: justify\"><strong>\u201cBarzan Tekkesi&#8217;nde Ciz\u00eer\u00ee&#8217;nin \u015fiirleri okunurdu\u201d<\/strong><\/p>\n<p style=\"text-align: justify\">Barzan Tekkesi&#8217;nde, Mevlana \u015eeyh Ahmed Barzani&#8217;nin huzurunda daima Ciz\u00eer\u00ee&#8217;nin \u015fiirleri okunurdu.<\/p>\n<p style=\"text-align: justify\">Ve aralar\u0131nda nas\u0131l ruhani bir yak\u0131nl\u0131k oldu\u011funu anlad\u0131k.<\/p>\n<p style=\"text-align: justify\">\u00c7\u00fcnk\u00fc hak ve hakikat yolu birdir; nitekim Ciz\u00eer\u00ee&#8217;nin de buyurdu\u011fu gibi:<\/p>\n<p style=\"text-align: justify\"><em>&#8220;Di esil da hem\u00ee av e, \u00e7i av \u00fb \u00e7i cemed.&#8221;<\/em><\/p>\n<p style=\"text-align: justify\">Ula\u011ft\u0131\u011f\u0131m\u0131z ara\u015ft\u0131rmalara g\u00f6re, Ciz\u00eer\u00ee&#8217;nin 1570 y\u0131l\u0131nda d\u00fcnyaya geldi\u011fi ve 1640 y\u0131l\u0131nda Hakk&#8217;\u0131n rahmetine kavu\u015ftu\u011fu anla\u015f\u0131lmaktad\u0131r.<\/p>\n<p style=\"text-align: justify\">Yani yetmi\u015f y\u0131l ya\u015fad\u0131.<\/p>\n<p style=\"text-align: justify\">Ama \u00e7ok hay\u0131r ve bereket dolu yetmi\u015f y\u0131l.<\/p>\n<p style=\"text-align: justify\">\u00c7ok marifet ve ilim dolu yetmi\u015f y\u0131l.<\/p>\n<p style=\"text-align: justify\">Ciz\u00eer\u00ee&#8217;nin \u015fiirlerinde, onun K\u00fcrt\u00e7e, T\u00fcrk\u00e7e, Arap\u00e7a ve Fars\u00e7a dillerine \u00e7ok hakim ve usta oldu\u011fu bellidir.<\/p>\n<p style=\"text-align: justify\">\u0130lim ve irfan i\u00e7in \u00e7ok gezdi\u011fi de bellidir; bize ula\u015fan bilgilere g\u00f6re Am\u00eadiye&#8217;ye kadar da ziyaret etmi\u015ftir.<\/p>\n<p style=\"text-align: justify\">B\u00fct\u00fcn bu alimlerin, uzmanlar\u0131n, ara\u015ft\u0131rmac\u0131lar\u0131n ve akademisyenlerin huzurunda, benim Ciz\u00eer\u00ee&#8217;nin teferruat\u0131na girmem zordur, \u00e7\u00fcnk\u00fc sizler daha iyi bilirsiniz.<\/p>\n<p style=\"text-align: justify\"><strong>&#8220;Fenafillah mertebesine ula\u015fm\u0131\u015ft\u0131\u201d<\/strong><\/p>\n<p style=\"text-align: justify\">Fakat, kendi m\u00fctevaz\u0131 g\u00f6r\u00fc\u015f\u00fcmle, Melay\u00ea Ciz\u00eer\u00ee hakk\u0131nda birka\u00e7 hususu belirtmek isterim.<\/p>\n<p style=\"text-align: justify\">Tasavvuf alan\u0131nda Ciz\u00eer\u00ee \u00e7ok ama \u00e7ok y\u00fcksek bir makamda olmu\u015ftur.<\/p>\n<p style=\"text-align: justify\">&#8220;Fenafillah&#8221; mertebesine ula\u015fm\u0131\u015ft\u0131.<\/p>\n<p style=\"text-align: justify\">Allah&#8217;\u0131n birli\u011fini bizlere a\u00e7\u0131k bir dille anlatm\u0131\u015f ve \u015f\u00f6yle buyurmu\u015ftur:<\/p>\n<p style=\"text-align: justify\"><em>&#8220;Wehdet\u00ea mutleq mela n\u00fbr e di qelban jela.<\/em><\/p>\n<p style=\"text-align: justify\"><em>Z\u00fbra div\u00ea mesel\u00ea, ehl\u00ea dilan \u015fubhe ma.&#8221;<\/em><\/p>\n<p style=\"text-align: justify\">Melay\u00ea Ciz\u00eer\u00ee&#8217;nin azameti \u015fu birka\u00e7 beyitte ortaya \u00e7\u0131k\u0131yor:<\/p>\n<p style=\"text-align: justify\"><em>&#8220;Sirr\u00ea wehdet j&#8217;ezel, girtiye heta bi ebed.<\/em><\/p>\n<p style=\"text-align: justify\"><em>Wahidek ferde bi zat\u00ee xu bib\u00eenin \u00e7i eded.<\/em><\/p>\n<p style=\"text-align: justify\"><em>Yek e derya tu bizan, qend \u00fb \u00e7i mewc \u00fb \u00e7i hubab.<\/em><\/p>\n<p style=\"text-align: justify\"><em>Di esil da hem\u00ee av e, \u00e7i av \u00fb \u00e7i cemed.&#8221;<\/em><\/p>\n<p style=\"text-align: justify\">\u00c7ok b\u00fcy\u00fck bir manad\u0131r.<\/p>\n<p style=\"text-align: justify\">Sadece Melay\u00ea Ciz\u00eer\u00ee bu tabiri yapabilirdi; bir daha tekrar edece\u011fine, birisinin bu tabiri s\u00f6yleyebilece\u011fine inanm\u0131yorum.<\/p>\n<p style=\"text-align: justify\">Felsefe alan\u0131nda, felsefe meydan\u0131n\u0131n s\u00fcvarisi olmu\u015ftur.<\/p>\n<p style=\"text-align: justify\">\u0130ki dizeyle, insanl\u0131\u011f\u0131n hayat\u0131n\u0131 en iyi \u015fekilde tabir ederek \u015f\u00f6yle der:<\/p>\n<p style=\"text-align: justify\"><em>&#8220;B\u00ea ne \u00fb mah\u00ea new \u00fb dest\u00ea qezay\u00ea hey hey.<\/em><\/p>\n<p style=\"text-align: justify\"><em>Ne li zer&#8217;\u00ea felek\u00ea, belk\u00ee li umr\u00ea me ye das.&#8221;<\/em><\/p>\n<p style=\"text-align: justify\">Melay\u00ea Ciz\u00eer\u00ee&#8217;den ba\u015fka kim bu tabiri kullanabilir?<\/p>\n<p style=\"text-align: justify\"><strong>\u201cMelay\u00ea Ciz\u00eer\u00ee hakk\u0131nda ne kadar s\u00f6ylesek azd\u0131r\u201d<\/strong><\/p>\n<p style=\"text-align: justify\">Realizm -ger\u00e7ek\u00e7ilik- alan\u0131nda, Mela&#8217;n\u0131n ne kadar ger\u00e7ek\u00e7i ve bilge oldu\u011fu yine bu birka\u00e7 beyitte bizim i\u00e7in ortaya \u00e7\u0131k\u0131yor:<\/p>\n<p style=\"text-align: justify\">&#8220;<em>Kes bi dad\u00ea me nepirs\u00eet, gile \u00fb dad \u00e7i ket.<\/em><\/p>\n<p style=\"text-align: justify\"><em>Te neb\u00eet daderesek, b\u00eah\u00fbde feryad \u00e7i ket.<\/em><\/p>\n<p style=\"text-align: justify\"><em>Her giluseng dibit z\u00ear, bi tedb\u00eera hek\u00eem.<\/em><\/p>\n<p style=\"text-align: justify\"><em>Qabiliyet ku neb\u00eet, h\u00eekmet\u00ea ustad \u00e7i ket.<\/em><\/p>\n<p style=\"text-align: justify\"><em>Kan bi gewher \u00e7i biket, gewher eger pak neb\u00eet.<\/em><\/p>\n<p style=\"text-align: justify\"><em>Tu bes\u00eeret te neb\u00eet, s\u00eeret\u00ea ejdad \u00e7i ket<\/em>.&#8221;<\/p>\n<p style=\"text-align: justify\">Yine, bu bize Mela&#8217;n\u0131n ne kadar bilge ve ne kadar b\u00fcy\u00fck oldu\u011funu g\u00f6steriyor.<\/p>\n<p style=\"text-align: justify\">Melay\u00ea Ciz\u00eer\u00ee hakk\u0131nda ne kadar s\u00f6ylesek azd\u0131r.<\/p>\n<p style=\"text-align: justify\">Onu vasfedemeyiz, hakk\u0131n\u0131 veremeyiz.<\/p>\n<p style=\"text-align: justify\">Fakat \u015e\u0131rnak \u00dcniversitesi&#8217;nin bu kongreyi y\u0131ll\u0131k bir gelenek olarak ba\u015flatmas\u0131 takdire \u015fayand\u0131r.<\/p>\n<p style=\"text-align: justify\">Bu takdire \u015fayan bir durumdur ve kendilerini tebrik ediyoruz.<\/p>\n<p style=\"text-align: justify\">Fakat Mela bizzat kendisini vasfeder ve \u015f\u00f6yle der:<\/p>\n<p style=\"text-align: justify\">&#8220;<em>Bi dil ate\u015f ji ceger buryan im.<\/em><\/p>\n<p style=\"text-align: justify\"><em>Lew per\u00ee\u015fan \u00fb pir \u00ea\u015fan im.<\/em><\/p>\n<p style=\"text-align: justify\"><em>A\u015fiq\u00ea nazik \u00fb mehb\u00fbban im.<\/em><\/p>\n<p style=\"text-align: justify\"><em>Tu meb\u00een b\u00easer \u00fb b\u00easaman im.<\/em><\/p>\n<p style=\"text-align: justify\"><em>Gulbax\u00ea \u00cerem\u00ea Botan im.<\/em><\/p>\n<p style=\"text-align: justify\"><em>\u015eev\u00e7irax\u00ea \u015fev\u00ea Kurdistan im.&#8221;<\/em><\/p>\n<p style=\"text-align: justify\">Ve yerinde olarak, b\u00fcy\u00fck Xani\u2019ye \u015f\u00f6yle der:<\/p>\n<p style=\"text-align: justify\">&#8220;Xan\u00ea rabe b\u00eene ber ruh\u00ea Meley\u00ea Ciz\u00eer\u00ee.<\/p>\n<p style=\"text-align: justify\">P\u00eahey\u00ee bike El\u00ee Her\u00eer\u00ee.<\/p>\n<p style=\"text-align: justify\">Keyfek\u00ea bide Feqiy\u00ea Teyran.<\/p>\n<p style=\"text-align: justify\">Heta bi ebed bim\u00eene heyran.&#8221;<\/p>\n<p style=\"text-align: justify\">Biz de b\u00fcy\u00fck \u015feyh Melay\u00ea Ciz\u00eer\u00ee&#8217;ye diyece\u011fiz:<\/p>\n<p style=\"text-align: justify\">&#8220;<em>Dest her nagirim ji teleb.<\/em><\/p>\n<p style=\"text-align: justify\"><em>Germ e di r\u00ea \u00e7\u00eet ser \u00fb ti\u015ft.<\/em><\/p>\n<p style=\"text-align: justify\"><em>Pi\u015ft nadim du hezar xen\u00e7er \u00fb t\u00eer \u00fb rim \u00fb xi\u015ft.<\/em><\/p>\n<p style=\"text-align: justify\"><em>Me ser\u00ea daniye r\u00ea \u00fb bi Xwed\u00ea bestiye pi\u015ft.&#8221;<\/em><\/p>\n<p style=\"text-align: justify\">Allah bu b\u00f6lgede size b\u00fcy\u00fck bir l\u00fctufta bulunmu\u015ftur.<\/p>\n<p style=\"text-align: justify\">Ciz\u00eer\u00ee buradan \u00e7\u0131km\u0131\u015ft\u0131r.<\/p>\n<p style=\"text-align: justify\">Ve tarih burada bir kez daha yaz\u0131lm\u0131\u015ft\u0131r, \u00e7\u00fcnk\u00fc Allah Teala&#8217;n\u0131n Kuran&#8217;da da buyurdu\u011fu gibi: &#8221; Westewet &#8216;elel C\u00fbd\u00eeyy\u00ee (Gemi) Cudi&#8217;ye oturdu&#8221;.<\/p>\n<p style=\"text-align: justify\">Nuh&#8217;un Gemisi buraya indi.<\/p>\n<p style=\"text-align: justify\">Bu, sizin i\u00e7in ve hepimiz i\u00e7in b\u00fcy\u00fck bir onur kayna\u011f\u0131d\u0131r.<\/p>\n<p style=\"text-align: justify\"><strong>Bar\u0131\u015f s\u00fcrecine y\u00f6nelik mesajlar<\/strong><\/p>\n<p style=\"text-align: justify\">Son olarak b\u00f6lgede b\u00fcy\u00fck bir de\u011fi\u015fime de\u011finmek istiyorum: bar\u0131\u015f s\u00fcrecine. Bu s\u00fcre\u00e7 ba\u015flad\u0131\u011f\u0131 i\u00e7in \u00e7ok mutlu olduk<\/p>\n<p style=\"text-align: justify\">G\u00f6rd\u00fc\u011f\u00fcn\u00fcz gibi bu sefer s\u00fcre\u00e7 \u00e7ok daha d\u00fczenli ba\u015flad\u0131, \u00e7\u00fcnk\u00fc halk, meclis ve partiler devleti destekliyor.<\/p>\n<p style=\"text-align: justify\">Bar\u0131\u015fa kap\u0131 a\u00e7t\u0131klar\u0131 i\u00e7in buradan Say\u0131n Cumhurba\u015fkan\u0131 Erdo\u011fan\u2019a, T\u00fcrkiye devletine, T\u00fcrkiye Parlamentosu\u2019na, T\u00fcrkiye halk\u0131na te\u015fekk\u00fcr\u00fc bor\u00e7 biliyorum.<\/p>\n<p style=\"text-align: justify\">Ayn\u0131 zamanda Say\u0131n \u00d6calan\u2019a att\u0131\u011f\u0131 olumlu ad\u0131mlar i\u00e7in te\u015fekk\u00fcr ediyorum.<\/p>\n<p style=\"text-align: justify\">Buradan \u015funu a\u00e7\u0131k\u00e7a ilan ederim ki biz de b\u00fct\u00fcn g\u00fcc\u00fcm\u00fczle bu s\u00fcreci destekliyoruz, bizden ne istenirse ve elimizden ne gelirse yapmaya haz\u0131r\u0131z.<\/p>\n<p style=\"text-align: justify\">Ve in\u015fallah s\u00fcre\u00e7 \u00e7ok iyi bir sonuca ula\u015f\u0131r; hepimiz i\u00e7in hay\u0131r ve esenlik getirir.<\/p>\n<p style=\"text-align: justify\">Ve selamun aleyk\u00fcm.\u201d<\/p>\n","protected":false},"excerpt":{"rendered":"<p>Ba\u015fkan Mesud Barzani, Cizre\u2019de d\u00fczenlenen 4. Uluslararas\u0131 Melay\u00ea Ciz\u00eer\u00ee Sempozyumu\u2019na kat\u0131ld\u0131. Ba\u015fkan Barzani b\u00fcy\u00fck bir co\u015fkuyla kar\u015f\u0131land\u0131. Sempozyumda konu\u015fma yapan Ba\u015fkan Barzani, Melay\u00ea Ciz\u00eer\u00ee&#8217;nin divan\u0131ndan \u015fiirler okundu. Ba\u015fkan Barzani konu\u015fmas\u0131n\u0131n sonunda &#8220;bar\u0131\u015f s\u00fcrecine\u201d dair mesajlar vererek \u015funlar\u0131 dile getirdi: &#8220;B\u00f6lgede b\u00fcy\u00fck bir de\u011fi\u015fime de\u011finmek istiyorum: bar\u0131\u015f s\u00fcrecine. Bu s\u00fcre\u00e7 ba\u015flad\u0131\u011f\u0131 i\u00e7in \u00e7ok mutlu olduk G\u00f6rd\u00fc\u011f\u00fcn\u00fcz [&hellip;]<\/p>\n","protected":false},"author":2,"featured_media":1035804,"comment_status":"closed","ping_status":"closed","sticky":false,"template":"","format":"standard","meta":{"footnotes":""},"categories":[3],"tags":[31],"class_list":["post-1035803","post","type-post","status-publish","format-standard","has-post-thumbnail","hentry","category-kurdistan","tag-onemli"],"blocksy_meta":[],"seo_head":"<!-- This site is optimized with the Yoast SEO plugin v27.5 - https:\/\/yoast.com\/product\/yoast-seo-wordpress\/ -->\n<title>Ba\u015fkan Barzani Cizre&#039;de konu\u015ftu: Bizim i\u00e7in bir kutup y\u0131ld\u0131z\u0131 olan Melay\u00ea Ciz\u00eer\u00ee ad\u0131na d\u00fczenlenen sempozyuma kat\u0131lmak b\u00fcy\u00fck bir onur - Darka Mazi<\/title>\n<meta name=\"robots\" content=\"index, follow, max-snippet:-1, max-image-preview:large, max-video-preview:-1\" \/>\n<link rel=\"canonical\" href=\"https:\/\/darkamazi.site\/archives\/1035803\" \/>\n<meta property=\"og:locale\" content=\"en_US\" \/>\n<meta property=\"og:type\" content=\"article\" \/>\n<meta property=\"og:title\" content=\"Ba\u015fkan Barzani Cizre&#039;de konu\u015ftu: Bizim i\u00e7in bir kutup y\u0131ld\u0131z\u0131 olan Melay\u00ea Ciz\u00eer\u00ee ad\u0131na d\u00fczenlenen sempozyuma kat\u0131lmak b\u00fcy\u00fck bir onur - Darka Mazi\" \/>\n<meta property=\"og:description\" content=\"Ba\u015fkan Mesud Barzani, Cizre\u2019de d\u00fczenlenen 4. Uluslararas\u0131 Melay\u00ea Ciz\u00eer\u00ee Sempozyumu\u2019na kat\u0131ld\u0131. Ba\u015fkan Barzani b\u00fcy\u00fck bir co\u015fkuyla kar\u015f\u0131land\u0131. Sempozyumda konu\u015fma yapan Ba\u015fkan Barzani, Melay\u00ea Ciz\u00eer\u00ee&#8217;nin divan\u0131ndan \u015fiirler okundu. Ba\u015fkan Barzani konu\u015fmas\u0131n\u0131n sonunda &#8220;bar\u0131\u015f s\u00fcrecine\u201d dair mesajlar vererek \u015funlar\u0131 dile getirdi: &#8220;B\u00f6lgede b\u00fcy\u00fck bir de\u011fi\u015fime de\u011finmek istiyorum: bar\u0131\u015f s\u00fcrecine. Bu s\u00fcre\u00e7 ba\u015flad\u0131\u011f\u0131 i\u00e7in \u00e7ok mutlu olduk G\u00f6rd\u00fc\u011f\u00fcn\u00fcz [&hellip;]\" \/>\n<meta property=\"og:url\" content=\"https:\/\/darkamazi.site\/archives\/1035803\" \/>\n<meta property=\"og:site_name\" content=\"Darka Mazi\" \/>\n<meta property=\"article:publisher\" content=\"https:\/\/www.facebook.com\/DarkaMaziturkce\" \/>\n<meta property=\"article:published_time\" content=\"2025-11-29T10:00:33+00:00\" \/>\n<meta property=\"og:image\" content=\"https:\/\/darkamazi.site\/file\/2025\/11\/SEROK-BARZANI-1.jpg\" \/>\n\t<meta property=\"og:image:width\" content=\"900\" \/>\n\t<meta property=\"og:image:height\" content=\"497\" \/>\n\t<meta property=\"og:image:type\" content=\"image\/jpeg\" \/>\n<meta name=\"author\" content=\"darka mazi\" \/>\n<meta name=\"twitter:card\" content=\"summary_large_image\" \/>\n<meta name=\"twitter:creator\" content=\"@DarkaMaziTurkce\" \/>\n<meta name=\"twitter:site\" content=\"@DarkaMaziTurkce\" \/>\n<meta name=\"twitter:label1\" content=\"Written by\" \/>\n\t<meta name=\"twitter:data1\" content=\"darka mazi\" \/>\n\t<meta name=\"twitter:label2\" content=\"Est. reading time\" \/>\n\t<meta name=\"twitter:data2\" content=\"5 minutes\" \/>\n<script type=\"application\/ld+json\" class=\"seo-schema-graph\">{\"@context\":\"https:\\\/\\\/schema.org\",\"@graph\":[{\"@type\":\"NewsArticle\",\"@id\":\"https:\\\/\\\/darkamazi.site\\\/archives\\\/1035803#article\",\"isPartOf\":{\"@id\":\"https:\\\/\\\/darkamazi.site\\\/archives\\\/1035803\"},\"author\":{\"name\":\"darka mazi\",\"@id\":\"https:\\\/\\\/darkamazi.site\\\/#\\\/schema\\\/person\\\/67986a95ac546c16760365877ef4a9d3\"},\"headline\":\"Ba\u015fkan Barzani Cizre&#8217;de konu\u015ftu: Bizim i\u00e7in bir kutup y\u0131ld\u0131z\u0131 olan Melay\u00ea Ciz\u00eer\u00ee ad\u0131na d\u00fczenlenen sempozyuma kat\u0131lmak b\u00fcy\u00fck bir onur\",\"datePublished\":\"2025-11-29T10:00:33+00:00\",\"mainEntityOfPage\":{\"@id\":\"https:\\\/\\\/darkamazi.site\\\/archives\\\/1035803\"},\"wordCount\":1315,\"publisher\":{\"@id\":\"https:\\\/\\\/darkamazi.site\\\/#organization\"},\"image\":{\"@id\":\"https:\\\/\\\/darkamazi.site\\\/archives\\\/1035803#primaryimage\"},\"thumbnailUrl\":\"https:\\\/\\\/darkamazi.site\\\/darka-content\\\/uploads\\\/2025\\\/11\\\/SEROK-BARZANI-1.jpg\",\"keywords\":[\"\u00f6nemli\"],\"articleSection\":[\"Kurdistan\"],\"inLanguage\":\"en-US\"},{\"@type\":\"WebPage\",\"@id\":\"https:\\\/\\\/darkamazi.site\\\/archives\\\/1035803\",\"url\":\"https:\\\/\\\/darkamazi.site\\\/archives\\\/1035803\",\"name\":\"Ba\u015fkan Barzani Cizre'de konu\u015ftu: Bizim i\u00e7in bir kutup y\u0131ld\u0131z\u0131 olan Melay\u00ea Ciz\u00eer\u00ee ad\u0131na d\u00fczenlenen sempozyuma kat\u0131lmak b\u00fcy\u00fck bir onur - Darka Mazi\",\"isPartOf\":{\"@id\":\"https:\\\/\\\/darkamazi.site\\\/#website\"},\"primaryImageOfPage\":{\"@id\":\"https:\\\/\\\/darkamazi.site\\\/archives\\\/1035803#primaryimage\"},\"image\":{\"@id\":\"https:\\\/\\\/darkamazi.site\\\/archives\\\/1035803#primaryimage\"},\"thumbnailUrl\":\"https:\\\/\\\/darkamazi.site\\\/darka-content\\\/uploads\\\/2025\\\/11\\\/SEROK-BARZANI-1.jpg\",\"datePublished\":\"2025-11-29T10:00:33+00:00\",\"breadcrumb\":{\"@id\":\"https:\\\/\\\/darkamazi.site\\\/archives\\\/1035803#breadcrumb\"},\"inLanguage\":\"en-US\",\"potentialAction\":[{\"@type\":\"ReadAction\",\"target\":[\"https:\\\/\\\/darkamazi.site\\\/archives\\\/1035803\"]}]},{\"@type\":\"ImageObject\",\"inLanguage\":\"en-US\",\"@id\":\"https:\\\/\\\/darkamazi.site\\\/archives\\\/1035803#primaryimage\",\"url\":\"https:\\\/\\\/darkamazi.site\\\/darka-content\\\/uploads\\\/2025\\\/11\\\/SEROK-BARZANI-1.jpg\",\"contentUrl\":\"https:\\\/\\\/darkamazi.site\\\/darka-content\\\/uploads\\\/2025\\\/11\\\/SEROK-BARZANI-1.jpg\",\"width\":900,\"height\":497,\"caption\":\"Ba\u015fkan Barzani Cizre'de konu\u015ftu: Bizim i\u00e7in bir kutup y\u0131ld\u0131z\u0131 olan Melay\u00ea Ciz\u00eer\u00ee ad\u0131na d\u00fczenlenen sempozyuma kat\u0131lmak b\u00fcy\u00fck bir onur\"},{\"@type\":\"BreadcrumbList\",\"@id\":\"https:\\\/\\\/darkamazi.site\\\/archives\\\/1035803#breadcrumb\",\"itemListElement\":[{\"@type\":\"ListItem\",\"position\":1,\"name\":\"Home\",\"item\":\"https:\\\/\\\/darkamazi.site\\\/\"},{\"@type\":\"ListItem\",\"position\":2,\"name\":\"Ba\u015fkan Barzani Cizre&#8217;de konu\u015ftu: Bizim i\u00e7in bir kutup y\u0131ld\u0131z\u0131 olan Melay\u00ea Ciz\u00eer\u00ee ad\u0131na d\u00fczenlenen sempozyuma kat\u0131lmak b\u00fcy\u00fck bir onur\"}]},{\"@type\":\"WebSite\",\"@id\":\"https:\\\/\\\/darkamazi.site\\\/#website\",\"url\":\"https:\\\/\\\/darkamazi.site\\\/\",\"name\":\"Darka Mazi\",\"description\":\"Ana Sayfa\",\"publisher\":{\"@id\":\"https:\\\/\\\/darkamazi.site\\\/#organization\"},\"potentialAction\":[{\"@type\":\"SearchAction\",\"target\":{\"@type\":\"EntryPoint\",\"urlTemplate\":\"https:\\\/\\\/darkamazi.site\\\/?s={search_term_string}\"},\"query-input\":{\"@type\":\"PropertyValueSpecification\",\"valueRequired\":true,\"valueName\":\"search_term_string\"}}],\"inLanguage\":\"en-US\"},{\"@type\":\"Organization\",\"@id\":\"https:\\\/\\\/darkamazi.site\\\/#organization\",\"name\":\"Darka Mazi T\u00fcrk\u00e7e\",\"alternateName\":\"Darka Mazi\",\"url\":\"https:\\\/\\\/darkamazi.site\\\/\",\"logo\":{\"@type\":\"ImageObject\",\"inLanguage\":\"en-US\",\"@id\":\"https:\\\/\\\/darkamazi.site\\\/#\\\/schema\\\/logo\\\/image\\\/\",\"url\":\"https:\\\/\\\/darkamazi.site\\\/darka-content\\\/uploads\\\/2017\\\/12\\\/darka-mazi-logo.png\",\"contentUrl\":\"https:\\\/\\\/darkamazi.site\\\/darka-content\\\/uploads\\\/2017\\\/12\\\/darka-mazi-logo.png\",\"width\":151,\"height\":75,\"caption\":\"Darka Mazi T\u00fcrk\u00e7e\"},\"image\":{\"@id\":\"https:\\\/\\\/darkamazi.site\\\/#\\\/schema\\\/logo\\\/image\\\/\"},\"sameAs\":[\"https:\\\/\\\/www.facebook.com\\\/DarkaMaziturkce\",\"https:\\\/\\\/x.com\\\/DarkaMaziTurkce\"]},{\"@type\":\"Person\",\"@id\":\"https:\\\/\\\/darkamazi.site\\\/#\\\/schema\\\/person\\\/67986a95ac546c16760365877ef4a9d3\",\"name\":\"darka mazi\",\"sameAs\":[\"https:\\\/\\\/darkamazi.site\"],\"url\":\"https:\\\/\\\/darkamazi.site\\\/archives\\\/author\\\/turkish\"}]}<\/script>\n<!-- \/ Yoast SEO plugin. -->","seo_head_json":{"title":"Ba\u015fkan Barzani Cizre'de konu\u015ftu: Bizim i\u00e7in bir kutup y\u0131ld\u0131z\u0131 olan Melay\u00ea Ciz\u00eer\u00ee ad\u0131na d\u00fczenlenen sempozyuma kat\u0131lmak b\u00fcy\u00fck bir onur - Darka Mazi","robots":{"index":"index","follow":"follow","max-snippet":"max-snippet:-1","max-image-preview":"max-image-preview:large","max-video-preview":"max-video-preview:-1"},"canonical":"https:\/\/darkamazi.site\/archives\/1035803","og_locale":"en_US","og_type":"article","og_title":"Ba\u015fkan Barzani Cizre'de konu\u015ftu: Bizim i\u00e7in bir kutup y\u0131ld\u0131z\u0131 olan Melay\u00ea Ciz\u00eer\u00ee ad\u0131na d\u00fczenlenen sempozyuma kat\u0131lmak b\u00fcy\u00fck bir onur - Darka Mazi","og_description":"Ba\u015fkan Mesud Barzani, Cizre\u2019de d\u00fczenlenen 4. Uluslararas\u0131 Melay\u00ea Ciz\u00eer\u00ee Sempozyumu\u2019na kat\u0131ld\u0131. Ba\u015fkan Barzani b\u00fcy\u00fck bir co\u015fkuyla kar\u015f\u0131land\u0131. Sempozyumda konu\u015fma yapan Ba\u015fkan Barzani, Melay\u00ea Ciz\u00eer\u00ee&#8217;nin divan\u0131ndan \u015fiirler okundu. Ba\u015fkan Barzani konu\u015fmas\u0131n\u0131n sonunda &#8220;bar\u0131\u015f s\u00fcrecine\u201d dair mesajlar vererek \u015funlar\u0131 dile getirdi: &#8220;B\u00f6lgede b\u00fcy\u00fck bir de\u011fi\u015fime de\u011finmek istiyorum: bar\u0131\u015f s\u00fcrecine. Bu s\u00fcre\u00e7 ba\u015flad\u0131\u011f\u0131 i\u00e7in \u00e7ok mutlu olduk G\u00f6rd\u00fc\u011f\u00fcn\u00fcz [&hellip;]","og_url":"https:\/\/darkamazi.site\/archives\/1035803","og_site_name":"Darka Mazi","article_publisher":"https:\/\/www.facebook.com\/DarkaMaziturkce","article_published_time":"2025-11-29T10:00:33+00:00","og_image":[{"width":900,"height":497,"url":"https:\/\/darkamazi.site\/file\/2025\/11\/SEROK-BARZANI-1.jpg","type":"image\/jpeg"}],"author":"darka mazi","twitter_card":"summary_large_image","twitter_creator":"@DarkaMaziTurkce","twitter_site":"@DarkaMaziTurkce","twitter_misc":{"Written by":"darka mazi","Est. reading time":"5 minutes"},"schema":{"@context":"https:\/\/schema.org","@graph":[{"@type":"NewsArticle","@id":"https:\/\/darkamazi.site\/archives\/1035803#article","isPartOf":{"@id":"https:\/\/darkamazi.site\/archives\/1035803"},"author":{"name":"darka mazi","@id":"https:\/\/darkamazi.site\/#\/schema\/person\/67986a95ac546c16760365877ef4a9d3"},"headline":"Ba\u015fkan Barzani Cizre&#8217;de konu\u015ftu: Bizim i\u00e7in bir kutup y\u0131ld\u0131z\u0131 olan Melay\u00ea Ciz\u00eer\u00ee ad\u0131na d\u00fczenlenen sempozyuma kat\u0131lmak b\u00fcy\u00fck bir onur","datePublished":"2025-11-29T10:00:33+00:00","mainEntityOfPage":{"@id":"https:\/\/darkamazi.site\/archives\/1035803"},"wordCount":1315,"publisher":{"@id":"https:\/\/darkamazi.site\/#organization"},"image":{"@id":"https:\/\/darkamazi.site\/archives\/1035803#primaryimage"},"thumbnailUrl":"https:\/\/darkamazi.site\/file\/2025\/11\/SEROK-BARZANI-1.jpg","keywords":["\u00f6nemli"],"articleSection":["Kurdistan"],"inLanguage":"en-US"},{"@type":"WebPage","@id":"https:\/\/darkamazi.site\/archives\/1035803","url":"https:\/\/darkamazi.site\/archives\/1035803","name":"Ba\u015fkan Barzani Cizre'de konu\u015ftu: Bizim i\u00e7in bir kutup y\u0131ld\u0131z\u0131 olan Melay\u00ea Ciz\u00eer\u00ee ad\u0131na d\u00fczenlenen sempozyuma kat\u0131lmak b\u00fcy\u00fck bir onur - Darka Mazi","isPartOf":{"@id":"https:\/\/darkamazi.site\/#website"},"primaryImageOfPage":{"@id":"https:\/\/darkamazi.site\/archives\/1035803#primaryimage"},"image":{"@id":"https:\/\/darkamazi.site\/archives\/1035803#primaryimage"},"thumbnailUrl":"https:\/\/darkamazi.site\/file\/2025\/11\/SEROK-BARZANI-1.jpg","datePublished":"2025-11-29T10:00:33+00:00","breadcrumb":{"@id":"https:\/\/darkamazi.site\/archives\/1035803#breadcrumb"},"inLanguage":"en-US","potentialAction":[{"@type":"ReadAction","target":["https:\/\/darkamazi.site\/archives\/1035803"]}]},{"@type":"ImageObject","inLanguage":"en-US","@id":"https:\/\/darkamazi.site\/archives\/1035803#primaryimage","url":"https:\/\/darkamazi.site\/file\/2025\/11\/SEROK-BARZANI-1.jpg","contentUrl":"https:\/\/darkamazi.site\/file\/2025\/11\/SEROK-BARZANI-1.jpg","width":900,"height":497,"caption":"Ba\u015fkan Barzani Cizre'de konu\u015ftu: Bizim i\u00e7in bir kutup y\u0131ld\u0131z\u0131 olan Melay\u00ea Ciz\u00eer\u00ee ad\u0131na d\u00fczenlenen sempozyuma kat\u0131lmak b\u00fcy\u00fck bir onur"},{"@type":"BreadcrumbList","@id":"https:\/\/darkamazi.site\/archives\/1035803#breadcrumb","itemListElement":[{"@type":"ListItem","position":1,"name":"Home","item":"https:\/\/darkamazi.site\/"},{"@type":"ListItem","position":2,"name":"Ba\u015fkan Barzani Cizre&#8217;de konu\u015ftu: Bizim i\u00e7in bir kutup y\u0131ld\u0131z\u0131 olan Melay\u00ea Ciz\u00eer\u00ee ad\u0131na d\u00fczenlenen sempozyuma kat\u0131lmak b\u00fcy\u00fck bir onur"}]},{"@type":"WebSite","@id":"https:\/\/darkamazi.site\/#website","url":"https:\/\/darkamazi.site\/","name":"Darka Mazi","description":"Ana Sayfa","publisher":{"@id":"https:\/\/darkamazi.site\/#organization"},"potentialAction":[{"@type":"SearchAction","target":{"@type":"EntryPoint","urlTemplate":"https:\/\/darkamazi.site\/?s={search_term_string}"},"query-input":{"@type":"PropertyValueSpecification","valueRequired":true,"valueName":"search_term_string"}}],"inLanguage":"en-US"},{"@type":"Organization","@id":"https:\/\/darkamazi.site\/#organization","name":"Darka Mazi T\u00fcrk\u00e7e","alternateName":"Darka Mazi","url":"https:\/\/darkamazi.site\/","logo":{"@type":"ImageObject","inLanguage":"en-US","@id":"https:\/\/darkamazi.site\/#\/schema\/logo\/image\/","url":"https:\/\/darkamazi.site\/file\/2017\/12\/darka-mazi-logo.png","contentUrl":"https:\/\/darkamazi.site\/file\/2017\/12\/darka-mazi-logo.png","width":151,"height":75,"caption":"Darka Mazi T\u00fcrk\u00e7e"},"image":{"@id":"https:\/\/darkamazi.site\/#\/schema\/logo\/image\/"},"sameAs":["https:\/\/www.facebook.com\/DarkaMaziturkce","https:\/\/x.com\/DarkaMaziTurkce"]},{"@type":"Person","@id":"https:\/\/darkamazi.site\/#\/schema\/person\/67986a95ac546c16760365877ef4a9d3","name":"darka mazi","sameAs":["https:\/\/darkamazi.site"],"url":"https:\/\/darkamazi.site\/archives\/author\/turkish"}]}},"_links":{"self":[{"href":"https:\/\/darkamazi.site\/funavuv\/wp\/v2\/posts\/1035803","targetHints":{"allow":["GET"]}}],"collection":[{"href":"https:\/\/darkamazi.site\/funavuv\/wp\/v2\/posts"}],"about":[{"href":"https:\/\/darkamazi.site\/funavuv\/wp\/v2\/types\/post"}],"author":[{"embeddable":true,"href":"https:\/\/darkamazi.site\/funavuv\/wp\/v2\/users\/2"}],"replies":[{"embeddable":true,"href":"https:\/\/darkamazi.site\/funavuv\/wp\/v2\/comments?post=1035803"}],"version-history":[{"count":0,"href":"https:\/\/darkamazi.site\/funavuv\/wp\/v2\/posts\/1035803\/revisions"}],"wp:featuredmedia":[{"embeddable":true,"href":"https:\/\/darkamazi.site\/funavuv\/wp\/v2\/media\/1035804"}],"wp:attachment":[{"href":"https:\/\/darkamazi.site\/funavuv\/wp\/v2\/media?parent=1035803"}],"wp:term":[{"taxonomy":"category","embeddable":true,"href":"https:\/\/darkamazi.site\/funavuv\/wp\/v2\/categories?post=1035803"},{"taxonomy":"post_tag","embeddable":true,"href":"https:\/\/darkamazi.site\/funavuv\/wp\/v2\/tags?post=1035803"}],"curies":[{"name":"wp","href":"https:\/\/api.w.org\/{rel}","templated":true}]}}