{"id":1035806,"date":"2025-11-29T14:37:56","date_gmt":"2025-11-29T11:37:56","guid":{"rendered":"https:\/\/darkamazi.site\/?p=1035806"},"modified":"2025-11-29T14:37:56","modified_gmt":"2025-11-29T11:37:56","slug":"komisyonun-imraliya-gidip-ocalan-ile-gorusmesi-ne-anlama-geliyor","status":"publish","type":"post","link":"https:\/\/darkamazi.site\/archives\/1035806","title":{"rendered":"Komisyon\u2019un \u0130mral\u0131\u2019ya gidip \u00d6calan ile g\u00f6r\u00fc\u015fmesi ne anlama geliyor?"},"content":{"rendered":"<p style=\"text-align: justify\">25 Kas\u0131m g\u00fcn\u00fc Milli Dayan\u0131\u015fma Karde\u015flik ve Demokrasi Komisyonu \u0130mral\u0131\u2019ya giderek Abdullah \u00d6calan ile g\u00f6r\u00fc\u015ft\u00fc. Yakla\u015f\u0131k \u00fc\u00e7 ayd\u0131r Kuzey K\u00fcrdistan ve T\u00fcrkiye\u2019de g\u00fcndem \u201cKomisyon \u0130mral\u0131\u2019ya gitsin mi? \u00d6calan ile g\u00f6r\u00fc\u015fs\u00fcn m\u00fc?\u201d hususundayd\u0131.<\/p>\n<p style=\"text-align: justify\">Tart\u0131\u015fman\u0131n ana ba\u015fl\u0131klar\u0131 ise \u015f\u00f6yleydi: \u201cKomisyon \u0130mral\u0131\u2019ya gitsin mi, gitmesin mi? \u00d6calan ne s\u00f6yledi; \u00d6calan hangi kuruma-toplant\u0131ya mesaj g\u00f6nderdi, YPG i\u00e7in ne dedi?\u201d<\/p>\n<p style=\"text-align: justify\">\u00a0S\u00fcre\u00e7 denen durum bir y\u0131ll\u0131k bir zamand\u0131r y\u00fcr\u00fcyor. Buna ra\u011fmen Kuzey K\u00fcrdistan\u2019da \u201cAnayasada K\u00fcrtlerin yeri, K\u00fcrt dili, K\u00fcrtlerin kendi zenginlikleri \u00fczerindeki haklar\u0131, y\u00f6netim bi\u00e7imi\u201d gibi hususlar ne toplumun ne de \u00d6calan, feshedilen PKK, DEM Parti, AKP, MHP ve bili mum siyasi yap\u0131lar\u0131n g\u00fcndeminde de\u011fil. Yani kimse kalk\u0131p bu 20 milyon K\u00fcrd ne olacak diye sormuyor.<\/p>\n<p style=\"text-align: justify\">Peki ger\u00e7ekten Komisyon\u2019un \u0130mral\u0131\u2019ya gitmesi \u00d6calan\u2019\u0131 muhatap yapar m\u0131?\u00a0 Bu komisyon meselesini nas\u0131l okumak gerek?<\/p>\n<p style=\"text-align: justify\">\u00d6calan\u2019\u0131n \u00e7evresi yani feshedilen PKK, DEM Parti vb Komisyonun \u0130mral\u0131\u2019ya gidi\u015fini bir zafer olarak g\u00f6r\u00fcyor ve halka da \u201cDevlet \u00d6calan\u2019\u0131 muhatap kabul etti yani zafer kazand\u0131k\u201d diye sunuyor.<\/p>\n<p style=\"text-align: justify\">T\u00fcrk devleti a\u00e7\u0131s\u0131ndan da durum benzedir. Devlette zafer kazand\u0131\u011f\u0131n\u0131 d\u00fc\u015f\u00fcn\u00fcyor. Evet baz\u0131 Kemalist- Ergenekoncu \u00e7evreler Komisyon\u2019un \u0130mral\u0131 ziyaretine kar\u015f\u0131yd\u0131. \u00c7\u00fcnk\u00fc bunun Erdo\u011fan\u2019\u0131n zaferi olarak g\u00f6r\u00fcyordular. Ger\u00e7ekte de \u201cs\u00fcrecin\u201d ana sahipleri Bah\u00e7eli ve Erdo\u011fan bu ziyaretten memnunlar.<\/p>\n<p style=\"text-align: justify\">Erdo\u011fan her ne kadar Bah\u00e7eli kadar \u00f6ne \u00e7\u0131kmas\u0131 da bu s\u00fcre\u00e7ten faydaland\u0131.\u00a0 Taht\u0131n\u0131 zorlayan CHP ve \u0130mamo\u011flu\u2019nu bu s\u00fcre\u00e7 vesilesi ile iyice s\u0131k\u0131\u015ft\u0131rd\u0131 hatta diskalifye etti. \u00a0CHP\u2019de \u0130mral\u0131\u2019ya gitmeyerek K\u00fcrtlerin kendisine oy vermesini zora soktu. Bah\u00e7eli ise o kadar istekli devlet i\u00e7indeki farkl\u0131 seslere kar\u015f\u0131 \u00e7\u0131kmak i\u00e7in \u201ckalk\u0131p ben giderim\u201d dedi.<\/p>\n<p style=\"text-align: justify\">Basit bir soru: T\u00fcrk devletinin has adam\u0131 Bah\u00e7eli sizce \u00d6calan\u2019\u0131n ne s\u00f6yleyece\u011fini bilmeden mi komisyon gitsin diye bu kadar \u0131srar etti? M\u00fcmk\u00fcn de\u011fil.\u00a0 \u00d6calan Komisyona neler s\u00f6yleyece\u011fini harfi harfine belirlenmi\u015ftir ve \u00d6calan bunu konu\u015fmu\u015ftur.<\/p>\n<p style=\"text-align: justify\">Biraz T\u00fcrk devletini biraz da PKK tarihini bilen herkes bu ger\u00e7e\u011fi g\u00f6r\u00fcr.<\/p>\n<p style=\"text-align: justify\"><strong>Komisyon\u2019un \u0130mral\u0131\u2019ya gitmesi \u00d6calan\u2019\u0131 muhatap yapar m\u0131? <\/strong><\/p>\n<p style=\"text-align: justify\">Devletin \u00d6calan\u2019\u0131 muhatap alma sorunu yoktur.\u00a0 \u00c7\u00fcnk\u00fc zaten bu devlet \u00d6calan\u2019\u0131 tek muhatap yapmak i\u00e7in y\u0131llard\u0131r u\u011fra\u015f\u0131yor.\u00a0 T\u00fcrk devleti ve \u00d6calan aras\u0131ndaki ili\u015fki hi\u00e7bir zaman kopmam\u0131\u015ft\u0131r.<\/p>\n<p style=\"text-align: justify\">\u00d6calan 1986\u2019dan sonra \u015eam\u2019da T\u00fcrk devletinin askeri ate\u015fesi ile ayn\u0131 binada oturuyordu.<\/p>\n<p style=\"text-align: justify\">1996 y\u0131l\u0131nda devletin bir kanad\u0131 \u00d6calan\u2019\u0131 \u00f6ld\u00fcrmek isteyince T\u00fcrk devletinin ba\u015fbakan\u0131 Mesut Y\u0131lmaz haber g\u00f6nderip \u201cSuikast yap\u0131lacak dikkat etsin\u201d haberi g\u00f6nderdi.<\/p>\n<p style=\"text-align: justify\">Bu listeyi uzata biliriz. Bunlar\u0131 neden hat\u0131rlat\u0131yoruz? \u00c7\u00fcnk\u00fc T\u00fcrk devletinin \u00d6calan\u2019\u0131 muhatap alma sorunu yoktur Hayat\u0131n\u0131 korudu\u011fu adam\u0131 niye Muhatap almas\u0131n, elbette alacakt\u0131r. \u00a0Bu devletin zay\u0131fl\u0131\u011f\u0131 de\u011fildir stratejik program\u0131n\u0131n ba\u015far\u0131s\u0131d\u0131r.\u00a0\u00a0 Bu devlet, y\u0131llard\u0131r emek vererek \u00d6calan\u2019\u0131 K\u00fcrtler i\u00e7inde tek lider olmas\u0131 i\u00e7in yol a\u00e7t\u0131.<\/p>\n<p style=\"text-align: justify\">\u00d6calan ,1999\u2019da \u0130mral\u0131\u2019da T\u00fcrk Ordusu komutan\u0131 Hasan Atilla U\u011fur\u2019a \u015funu s\u00f6yledi: \u201cBen ta\u015feronum, beni kullan\u0131n, ben T\u00fcrkiye i\u00e7in her yerde kap\u0131lar\u0131 a\u00e7aca\u011f\u0131m\u201d.\u00a0 Hatta bununla yetinmedi \u201cErbil\u2019i beraber alal\u0131m, Hakkari\u2019ye T\u00fcrk\u00e7e \u00f6\u011fretece\u011fim\u201d dedi. \u00d6calan verdi\u011fi s\u00f6zler nedeni ile as\u0131lmad\u0131. T\u00fcrk devleti \u00d6calan\u2019\u0131 kulu\u00e7kaya yat\u0131rd\u0131.\u00a0 \u015eimdi ise sonu\u00e7lar\u0131n\u0131 almak istiyor. \u00d6calan\u2019a Rojava\u2019n\u0131n \u00f6zg\u00fcrle\u015fmesi \u00f6n\u00fcnde set olma g\u00f6revi vermi\u015ftir ve bu g\u00f6revin hakk\u0131n\u0131 vermesini istiyor. Bunun i\u00e7in ne gerekirse o yap\u0131lacak.<\/p>\n<p style=\"text-align: justify\">24 Kas\u0131m g\u00fcn\u00fc komisyonun \u0130marl\u0131ya gidi\u015fi \u00d6calan ve devlet aras\u0131ndaki \u201cProje m\u00fcd\u00fcr\u00fc-ta\u015feron\u201d ili\u015fkilerinin T\u00fcrk devletinin \u00e7\u0131karlar\u0131 gere\u011fi yeni bir maske ile halka sunulmas\u0131d\u0131r.<\/p>\n<p style=\"text-align: justify\">Bu muhatap almak de\u011fildir\u2026 Bu devlete K\u00fcrtleri nas\u0131l sisteme entegre edilece\u011fi konusunda dan\u0131\u015fmanl\u0131k yapan Abdullah \u00d6calan\u2019\u0131n muhattap etiketi ile topluma sunulmas\u0131d\u0131r.<\/p>\n<p style=\"text-align: justify\">Mesele Rojava\u2019d\u0131r. \u00d6calan ise Rojava\u2019da YPG\u2019ye tek yol olarak entegrasyonu dayatmaktad\u0131r. Zaten kamuoyuna yans\u0131t\u0131ld\u0131\u011f\u0131 kadar\u0131 ile \u00d6calan giden komisyona \u201cSuriye\u2019de rol almak istiyorum\u201d demi\u015ftir. \u00a0\u00d6calan Suriye\u2019de ne rol oynayacak. T\u00fcrk devletinin kollar\u0131nda K\u00fcrtlerin \u00e7\u0131karlar\u0131 i\u00e7in bir \u015feyler yapmas\u0131n\u0131n imkan\u0131 var m\u0131d\u0131r? Yoktur.\u00a0 \u0130\u015fte t\u00fcm mesele budur.<\/p>\n<p style=\"text-align: justify\">K\u00fcrtler \u00d6calan\u2019\u0131n Muhatap al\u0131nmas\u0131 hikayesine inanmal\u0131d\u0131r. As\u0131l sevinilmesi gereken \u015fudur, Ortado\u011fu\u2019da tamda kartlar yeniden da\u011f\u0131t\u0131l\u0131rken \u00d6calan \u00e7\u0131k\u0131p: \u201cBen tutuklu bir insan\u0131m, ko\u015fullar\u0131m s\u0131n\u0131rl\u0131d\u0131r, siz d\u0131\u015fardas\u0131n\u0131z, sizin \u00e7\u0131karlar\u0131n\u0131z \u00f6nemlidir, geni\u015f birlikler kurun, herkesle tart\u0131\u015f\u0131n siz karar verin, muhatap sizsiniz\u201d demelidir.<\/p>\n<p style=\"text-align: justify\">\u00a0\u00d6calan tam tersini yapm\u0131\u015ft\u0131r. T\u00fcrk devletinin kollar\u0131nda \u201cmuhatap olabilecek PKK\u2019yi da\u011f\u0131tt\u0131, DEM Parti\u2019yi i\u015flevsizle\u015ftirdi, \u015fimdi de s\u0131ra Rojava\u2019da\u201d. \u00d6calan tek adam olmak istiyor. Bunun i\u00e7inde K\u00fcrt davas\u0131n\u0131 kurban etmekten \u00e7ekinmiyor.<\/p>\n<p style=\"text-align: justify\">K\u00fcrtler bu konularda aymad\u0131k\u00e7a da biz daha \u00e7ok \u201c\u00d6calan komisyona \u015f\u00f6yle dedi, b\u00f6yle dedi, \u015funu g\u00f6rd\u00fc, bunu konu\u015ftu\u201d vb magazin meseleleri ile ilgilenece\u011fiz. O zaman kadar da Ortado\u011fu\u2019da at\u0131 alan \u00dcsk\u00fcdar\u2019\u0131 ge\u00e7er\u2026<\/p>\n","protected":false},"excerpt":{"rendered":"<p>25 Kas\u0131m g\u00fcn\u00fc Milli Dayan\u0131\u015fma Karde\u015flik ve Demokrasi Komisyonu \u0130mral\u0131\u2019ya giderek Abdullah \u00d6calan ile g\u00f6r\u00fc\u015ft\u00fc. Yakla\u015f\u0131k \u00fc\u00e7 ayd\u0131r Kuzey K\u00fcrdistan ve T\u00fcrkiye\u2019de g\u00fcndem \u201cKomisyon \u0130mral\u0131\u2019ya gitsin mi? \u00d6calan ile g\u00f6r\u00fc\u015fs\u00fcn m\u00fc?\u201d hususundayd\u0131. Tart\u0131\u015fman\u0131n ana ba\u015fl\u0131klar\u0131 ise \u015f\u00f6yleydi: \u201cKomisyon \u0130mral\u0131\u2019ya gitsin mi, gitmesin mi? \u00d6calan ne s\u00f6yledi; \u00d6calan hangi kuruma-toplant\u0131ya mesaj g\u00f6nderdi, YPG i\u00e7in ne dedi?\u201d [&hellip;]<\/p>\n","protected":false},"author":2,"featured_media":1035807,"comment_status":"closed","ping_status":"closed","sticky":false,"template":"","format":"standard","meta":{"footnotes":""},"categories":[7],"tags":[31],"class_list":["post-1035806","post","type-post","status-publish","format-standard","has-post-thumbnail","hentry","category-editorden","tag-onemli"],"blocksy_meta":[],"seo_head":"<!-- This site is optimized with the Yoast SEO plugin v27.5 - https:\/\/yoast.com\/product\/yoast-seo-wordpress\/ -->\n<title>Komisyon\u2019un \u0130mral\u0131\u2019ya gidip \u00d6calan ile g\u00f6r\u00fc\u015fmesi ne anlama geliyor? - Darka Mazi<\/title>\n<meta name=\"robots\" content=\"index, follow, max-snippet:-1, max-image-preview:large, max-video-preview:-1\" \/>\n<link rel=\"canonical\" href=\"https:\/\/darkamazi.site\/archives\/1035806\" \/>\n<meta property=\"og:locale\" content=\"en_US\" \/>\n<meta property=\"og:type\" content=\"article\" \/>\n<meta property=\"og:title\" content=\"Komisyon\u2019un \u0130mral\u0131\u2019ya gidip \u00d6calan ile g\u00f6r\u00fc\u015fmesi ne anlama geliyor? - Darka Mazi\" \/>\n<meta property=\"og:description\" content=\"25 Kas\u0131m g\u00fcn\u00fc Milli Dayan\u0131\u015fma Karde\u015flik ve Demokrasi Komisyonu \u0130mral\u0131\u2019ya giderek Abdullah \u00d6calan ile g\u00f6r\u00fc\u015ft\u00fc. Yakla\u015f\u0131k \u00fc\u00e7 ayd\u0131r Kuzey K\u00fcrdistan ve T\u00fcrkiye\u2019de g\u00fcndem \u201cKomisyon \u0130mral\u0131\u2019ya gitsin mi? \u00d6calan ile g\u00f6r\u00fc\u015fs\u00fcn m\u00fc?\u201d hususundayd\u0131. Tart\u0131\u015fman\u0131n ana ba\u015fl\u0131klar\u0131 ise \u015f\u00f6yleydi: \u201cKomisyon \u0130mral\u0131\u2019ya gitsin mi, gitmesin mi? \u00d6calan ne s\u00f6yledi; \u00d6calan hangi kuruma-toplant\u0131ya mesaj g\u00f6nderdi, YPG i\u00e7in ne dedi?\u201d [&hellip;]\" \/>\n<meta property=\"og:url\" content=\"https:\/\/darkamazi.site\/archives\/1035806\" \/>\n<meta property=\"og:site_name\" content=\"Darka Mazi\" \/>\n<meta property=\"article:publisher\" content=\"https:\/\/www.facebook.com\/DarkaMaziturkce\" \/>\n<meta property=\"article:published_time\" content=\"2025-11-29T11:37:56+00:00\" \/>\n<meta property=\"og:image\" content=\"https:\/\/darkamazi.site\/file\/2025\/11\/Ocalan-Komisyon-gorusme.jpg\" \/>\n\t<meta property=\"og:image:width\" content=\"900\" \/>\n\t<meta property=\"og:image:height\" content=\"497\" \/>\n\t<meta property=\"og:image:type\" content=\"image\/jpeg\" \/>\n<meta name=\"author\" content=\"darka mazi\" \/>\n<meta name=\"twitter:card\" content=\"summary_large_image\" \/>\n<meta name=\"twitter:creator\" content=\"@DarkaMaziTurkce\" \/>\n<meta name=\"twitter:site\" content=\"@DarkaMaziTurkce\" \/>\n<meta name=\"twitter:label1\" content=\"Written by\" \/>\n\t<meta name=\"twitter:data1\" content=\"darka mazi\" \/>\n\t<meta name=\"twitter:label2\" content=\"Est. reading time\" \/>\n\t<meta name=\"twitter:data2\" content=\"4 minutes\" \/>\n<script type=\"application\/ld+json\" class=\"seo-schema-graph\">{\"@context\":\"https:\\\/\\\/schema.org\",\"@graph\":[{\"@type\":\"NewsArticle\",\"@id\":\"https:\\\/\\\/darkamazi.site\\\/archives\\\/1035806#article\",\"isPartOf\":{\"@id\":\"https:\\\/\\\/darkamazi.site\\\/archives\\\/1035806\"},\"author\":{\"name\":\"darka mazi\",\"@id\":\"https:\\\/\\\/darkamazi.site\\\/#\\\/schema\\\/person\\\/67986a95ac546c16760365877ef4a9d3\"},\"headline\":\"Komisyon\u2019un \u0130mral\u0131\u2019ya gidip \u00d6calan ile g\u00f6r\u00fc\u015fmesi ne anlama geliyor?\",\"datePublished\":\"2025-11-29T11:37:56+00:00\",\"mainEntityOfPage\":{\"@id\":\"https:\\\/\\\/darkamazi.site\\\/archives\\\/1035806\"},\"wordCount\":947,\"publisher\":{\"@id\":\"https:\\\/\\\/darkamazi.site\\\/#organization\"},\"image\":{\"@id\":\"https:\\\/\\\/darkamazi.site\\\/archives\\\/1035806#primaryimage\"},\"thumbnailUrl\":\"https:\\\/\\\/darkamazi.site\\\/darka-content\\\/uploads\\\/2025\\\/11\\\/Ocalan-Komisyon-gorusme.jpg\",\"keywords\":[\"\u00f6nemli\"],\"articleSection\":[\"Edit\u00f6rden\"],\"inLanguage\":\"en-US\"},{\"@type\":\"WebPage\",\"@id\":\"https:\\\/\\\/darkamazi.site\\\/archives\\\/1035806\",\"url\":\"https:\\\/\\\/darkamazi.site\\\/archives\\\/1035806\",\"name\":\"Komisyon\u2019un \u0130mral\u0131\u2019ya gidip \u00d6calan ile g\u00f6r\u00fc\u015fmesi ne anlama geliyor? - Darka Mazi\",\"isPartOf\":{\"@id\":\"https:\\\/\\\/darkamazi.site\\\/#website\"},\"primaryImageOfPage\":{\"@id\":\"https:\\\/\\\/darkamazi.site\\\/archives\\\/1035806#primaryimage\"},\"image\":{\"@id\":\"https:\\\/\\\/darkamazi.site\\\/archives\\\/1035806#primaryimage\"},\"thumbnailUrl\":\"https:\\\/\\\/darkamazi.site\\\/darka-content\\\/uploads\\\/2025\\\/11\\\/Ocalan-Komisyon-gorusme.jpg\",\"datePublished\":\"2025-11-29T11:37:56+00:00\",\"breadcrumb\":{\"@id\":\"https:\\\/\\\/darkamazi.site\\\/archives\\\/1035806#breadcrumb\"},\"inLanguage\":\"en-US\",\"potentialAction\":[{\"@type\":\"ReadAction\",\"target\":[\"https:\\\/\\\/darkamazi.site\\\/archives\\\/1035806\"]}]},{\"@type\":\"ImageObject\",\"inLanguage\":\"en-US\",\"@id\":\"https:\\\/\\\/darkamazi.site\\\/archives\\\/1035806#primaryimage\",\"url\":\"https:\\\/\\\/darkamazi.site\\\/darka-content\\\/uploads\\\/2025\\\/11\\\/Ocalan-Komisyon-gorusme.jpg\",\"contentUrl\":\"https:\\\/\\\/darkamazi.site\\\/darka-content\\\/uploads\\\/2025\\\/11\\\/Ocalan-Komisyon-gorusme.jpg\",\"width\":900,\"height\":497,\"caption\":\"Komisyon\u2019un \u0130mral\u0131\u2019ya gidip \u00d6calan ile g\u00f6r\u00fc\u015fmesi ne anlama geliyor?\"},{\"@type\":\"BreadcrumbList\",\"@id\":\"https:\\\/\\\/darkamazi.site\\\/archives\\\/1035806#breadcrumb\",\"itemListElement\":[{\"@type\":\"ListItem\",\"position\":1,\"name\":\"Home\",\"item\":\"https:\\\/\\\/darkamazi.site\\\/\"},{\"@type\":\"ListItem\",\"position\":2,\"name\":\"Komisyon\u2019un \u0130mral\u0131\u2019ya gidip \u00d6calan ile g\u00f6r\u00fc\u015fmesi ne anlama geliyor?\"}]},{\"@type\":\"WebSite\",\"@id\":\"https:\\\/\\\/darkamazi.site\\\/#website\",\"url\":\"https:\\\/\\\/darkamazi.site\\\/\",\"name\":\"Darka Mazi\",\"description\":\"Ana Sayfa\",\"publisher\":{\"@id\":\"https:\\\/\\\/darkamazi.site\\\/#organization\"},\"potentialAction\":[{\"@type\":\"SearchAction\",\"target\":{\"@type\":\"EntryPoint\",\"urlTemplate\":\"https:\\\/\\\/darkamazi.site\\\/?s={search_term_string}\"},\"query-input\":{\"@type\":\"PropertyValueSpecification\",\"valueRequired\":true,\"valueName\":\"search_term_string\"}}],\"inLanguage\":\"en-US\"},{\"@type\":\"Organization\",\"@id\":\"https:\\\/\\\/darkamazi.site\\\/#organization\",\"name\":\"Darka Mazi T\u00fcrk\u00e7e\",\"alternateName\":\"Darka Mazi\",\"url\":\"https:\\\/\\\/darkamazi.site\\\/\",\"logo\":{\"@type\":\"ImageObject\",\"inLanguage\":\"en-US\",\"@id\":\"https:\\\/\\\/darkamazi.site\\\/#\\\/schema\\\/logo\\\/image\\\/\",\"url\":\"https:\\\/\\\/darkamazi.site\\\/darka-content\\\/uploads\\\/2017\\\/12\\\/darka-mazi-logo.png\",\"contentUrl\":\"https:\\\/\\\/darkamazi.site\\\/darka-content\\\/uploads\\\/2017\\\/12\\\/darka-mazi-logo.png\",\"width\":151,\"height\":75,\"caption\":\"Darka Mazi T\u00fcrk\u00e7e\"},\"image\":{\"@id\":\"https:\\\/\\\/darkamazi.site\\\/#\\\/schema\\\/logo\\\/image\\\/\"},\"sameAs\":[\"https:\\\/\\\/www.facebook.com\\\/DarkaMaziturkce\",\"https:\\\/\\\/x.com\\\/DarkaMaziTurkce\"]},{\"@type\":\"Person\",\"@id\":\"https:\\\/\\\/darkamazi.site\\\/#\\\/schema\\\/person\\\/67986a95ac546c16760365877ef4a9d3\",\"name\":\"darka mazi\",\"sameAs\":[\"https:\\\/\\\/darkamazi.site\"],\"url\":\"https:\\\/\\\/darkamazi.site\\\/archives\\\/author\\\/turkish\"}]}<\/script>\n<!-- \/ Yoast SEO plugin. -->","seo_head_json":{"title":"Komisyon\u2019un \u0130mral\u0131\u2019ya gidip \u00d6calan ile g\u00f6r\u00fc\u015fmesi ne anlama geliyor? - Darka Mazi","robots":{"index":"index","follow":"follow","max-snippet":"max-snippet:-1","max-image-preview":"max-image-preview:large","max-video-preview":"max-video-preview:-1"},"canonical":"https:\/\/darkamazi.site\/archives\/1035806","og_locale":"en_US","og_type":"article","og_title":"Komisyon\u2019un \u0130mral\u0131\u2019ya gidip \u00d6calan ile g\u00f6r\u00fc\u015fmesi ne anlama geliyor? - Darka Mazi","og_description":"25 Kas\u0131m g\u00fcn\u00fc Milli Dayan\u0131\u015fma Karde\u015flik ve Demokrasi Komisyonu \u0130mral\u0131\u2019ya giderek Abdullah \u00d6calan ile g\u00f6r\u00fc\u015ft\u00fc. Yakla\u015f\u0131k \u00fc\u00e7 ayd\u0131r Kuzey K\u00fcrdistan ve T\u00fcrkiye\u2019de g\u00fcndem \u201cKomisyon \u0130mral\u0131\u2019ya gitsin mi? \u00d6calan ile g\u00f6r\u00fc\u015fs\u00fcn m\u00fc?\u201d hususundayd\u0131. Tart\u0131\u015fman\u0131n ana ba\u015fl\u0131klar\u0131 ise \u015f\u00f6yleydi: \u201cKomisyon \u0130mral\u0131\u2019ya gitsin mi, gitmesin mi? \u00d6calan ne s\u00f6yledi; \u00d6calan hangi kuruma-toplant\u0131ya mesaj g\u00f6nderdi, YPG i\u00e7in ne dedi?\u201d [&hellip;]","og_url":"https:\/\/darkamazi.site\/archives\/1035806","og_site_name":"Darka Mazi","article_publisher":"https:\/\/www.facebook.com\/DarkaMaziturkce","article_published_time":"2025-11-29T11:37:56+00:00","og_image":[{"width":900,"height":497,"url":"https:\/\/darkamazi.site\/file\/2025\/11\/Ocalan-Komisyon-gorusme.jpg","type":"image\/jpeg"}],"author":"darka mazi","twitter_card":"summary_large_image","twitter_creator":"@DarkaMaziTurkce","twitter_site":"@DarkaMaziTurkce","twitter_misc":{"Written by":"darka mazi","Est. reading time":"4 minutes"},"schema":{"@context":"https:\/\/schema.org","@graph":[{"@type":"NewsArticle","@id":"https:\/\/darkamazi.site\/archives\/1035806#article","isPartOf":{"@id":"https:\/\/darkamazi.site\/archives\/1035806"},"author":{"name":"darka mazi","@id":"https:\/\/darkamazi.site\/#\/schema\/person\/67986a95ac546c16760365877ef4a9d3"},"headline":"Komisyon\u2019un \u0130mral\u0131\u2019ya gidip \u00d6calan ile g\u00f6r\u00fc\u015fmesi ne anlama geliyor?","datePublished":"2025-11-29T11:37:56+00:00","mainEntityOfPage":{"@id":"https:\/\/darkamazi.site\/archives\/1035806"},"wordCount":947,"publisher":{"@id":"https:\/\/darkamazi.site\/#organization"},"image":{"@id":"https:\/\/darkamazi.site\/archives\/1035806#primaryimage"},"thumbnailUrl":"https:\/\/darkamazi.site\/file\/2025\/11\/Ocalan-Komisyon-gorusme.jpg","keywords":["\u00f6nemli"],"articleSection":["Edit\u00f6rden"],"inLanguage":"en-US"},{"@type":"WebPage","@id":"https:\/\/darkamazi.site\/archives\/1035806","url":"https:\/\/darkamazi.site\/archives\/1035806","name":"Komisyon\u2019un \u0130mral\u0131\u2019ya gidip \u00d6calan ile g\u00f6r\u00fc\u015fmesi ne anlama geliyor? - Darka Mazi","isPartOf":{"@id":"https:\/\/darkamazi.site\/#website"},"primaryImageOfPage":{"@id":"https:\/\/darkamazi.site\/archives\/1035806#primaryimage"},"image":{"@id":"https:\/\/darkamazi.site\/archives\/1035806#primaryimage"},"thumbnailUrl":"https:\/\/darkamazi.site\/file\/2025\/11\/Ocalan-Komisyon-gorusme.jpg","datePublished":"2025-11-29T11:37:56+00:00","breadcrumb":{"@id":"https:\/\/darkamazi.site\/archives\/1035806#breadcrumb"},"inLanguage":"en-US","potentialAction":[{"@type":"ReadAction","target":["https:\/\/darkamazi.site\/archives\/1035806"]}]},{"@type":"ImageObject","inLanguage":"en-US","@id":"https:\/\/darkamazi.site\/archives\/1035806#primaryimage","url":"https:\/\/darkamazi.site\/file\/2025\/11\/Ocalan-Komisyon-gorusme.jpg","contentUrl":"https:\/\/darkamazi.site\/file\/2025\/11\/Ocalan-Komisyon-gorusme.jpg","width":900,"height":497,"caption":"Komisyon\u2019un \u0130mral\u0131\u2019ya gidip \u00d6calan ile g\u00f6r\u00fc\u015fmesi ne anlama geliyor?"},{"@type":"BreadcrumbList","@id":"https:\/\/darkamazi.site\/archives\/1035806#breadcrumb","itemListElement":[{"@type":"ListItem","position":1,"name":"Home","item":"https:\/\/darkamazi.site\/"},{"@type":"ListItem","position":2,"name":"Komisyon\u2019un \u0130mral\u0131\u2019ya gidip \u00d6calan ile g\u00f6r\u00fc\u015fmesi ne anlama geliyor?"}]},{"@type":"WebSite","@id":"https:\/\/darkamazi.site\/#website","url":"https:\/\/darkamazi.site\/","name":"Darka Mazi","description":"Ana Sayfa","publisher":{"@id":"https:\/\/darkamazi.site\/#organization"},"potentialAction":[{"@type":"SearchAction","target":{"@type":"EntryPoint","urlTemplate":"https:\/\/darkamazi.site\/?s={search_term_string}"},"query-input":{"@type":"PropertyValueSpecification","valueRequired":true,"valueName":"search_term_string"}}],"inLanguage":"en-US"},{"@type":"Organization","@id":"https:\/\/darkamazi.site\/#organization","name":"Darka Mazi T\u00fcrk\u00e7e","alternateName":"Darka Mazi","url":"https:\/\/darkamazi.site\/","logo":{"@type":"ImageObject","inLanguage":"en-US","@id":"https:\/\/darkamazi.site\/#\/schema\/logo\/image\/","url":"https:\/\/darkamazi.site\/file\/2017\/12\/darka-mazi-logo.png","contentUrl":"https:\/\/darkamazi.site\/file\/2017\/12\/darka-mazi-logo.png","width":151,"height":75,"caption":"Darka Mazi T\u00fcrk\u00e7e"},"image":{"@id":"https:\/\/darkamazi.site\/#\/schema\/logo\/image\/"},"sameAs":["https:\/\/www.facebook.com\/DarkaMaziturkce","https:\/\/x.com\/DarkaMaziTurkce"]},{"@type":"Person","@id":"https:\/\/darkamazi.site\/#\/schema\/person\/67986a95ac546c16760365877ef4a9d3","name":"darka mazi","sameAs":["https:\/\/darkamazi.site"],"url":"https:\/\/darkamazi.site\/archives\/author\/turkish"}]}},"_links":{"self":[{"href":"https:\/\/darkamazi.site\/funavuv\/wp\/v2\/posts\/1035806","targetHints":{"allow":["GET"]}}],"collection":[{"href":"https:\/\/darkamazi.site\/funavuv\/wp\/v2\/posts"}],"about":[{"href":"https:\/\/darkamazi.site\/funavuv\/wp\/v2\/types\/post"}],"author":[{"embeddable":true,"href":"https:\/\/darkamazi.site\/funavuv\/wp\/v2\/users\/2"}],"replies":[{"embeddable":true,"href":"https:\/\/darkamazi.site\/funavuv\/wp\/v2\/comments?post=1035806"}],"version-history":[{"count":0,"href":"https:\/\/darkamazi.site\/funavuv\/wp\/v2\/posts\/1035806\/revisions"}],"wp:featuredmedia":[{"embeddable":true,"href":"https:\/\/darkamazi.site\/funavuv\/wp\/v2\/media\/1035807"}],"wp:attachment":[{"href":"https:\/\/darkamazi.site\/funavuv\/wp\/v2\/media?parent=1035806"}],"wp:term":[{"taxonomy":"category","embeddable":true,"href":"https:\/\/darkamazi.site\/funavuv\/wp\/v2\/categories?post=1035806"},{"taxonomy":"post_tag","embeddable":true,"href":"https:\/\/darkamazi.site\/funavuv\/wp\/v2\/tags?post=1035806"}],"curies":[{"name":"wp","href":"https:\/\/api.w.org\/{rel}","templated":true}]}}