{"id":1035809,"date":"2025-11-30T09:46:46","date_gmt":"2025-11-30T06:46:46","guid":{"rendered":"https:\/\/darkamazi.site\/?p=1035809"},"modified":"2025-11-30T09:52:52","modified_gmt":"2025-11-30T06:52:52","slug":"suriyede-gosterilerde-kurtlere-karsi-irkci-sloganlar-atildi","status":"publish","type":"post","link":"https:\/\/darkamazi.site\/archives\/1035809","title":{"rendered":"Suriye&#8217;de g\u00f6sterilerde K\u00fcrtlere kar\u015f\u0131 \u0131rk\u00e7\u0131 sloganlar at\u0131ld\u0131"},"content":{"rendered":"<div class=\"post-text mt-4\">\n<p style=\"text-align: justify\" data-start=\"165\" data-end=\"489\">Suriye\u2019nin baz\u0131 \u015fehir ve kasabalar\u0131nda, Suriye Cumhurba\u015fkan\u0131\u00a0Ahmed \u015eara\u2019n\u0131n \u00e7a\u011fr\u0131s\u0131yla d\u00fczenlenen g\u00f6sterilerde, K\u00fcrtlere y\u00f6nelik \u0131rk\u00e7\u0131 sloganlar at\u0131ld\u0131. Minbic\u2019teki bir g\u00f6steride, ayakkab\u0131 ve boya sand\u0131klar\u0131 havaya kald\u0131r\u0131larak, y\u00fczlerce g\u00f6sterici hep bir a\u011f\u0131zdan K\u00fcrtlere hakaret amac\u0131yla \u201cBoya, boya!\u201d diye ba\u011f\u0131rd\u0131.<\/p>\n<p style=\"text-align: justify\" data-start=\"491\" data-end=\"749\">K\u00fcrt akademisyen Dr. Kawa Ezizi, bu hareketin K\u00fcrtleri \u201cg\u00f6\u00e7men ve basit i\u015flerde \u00e7al\u0131\u015fan vas\u0131fs\u0131z bir halk\u201d olarak g\u00f6stermeyi ama\u00e7lad\u0131\u011f\u0131n\u0131 belirtti. Ezizi, \u201cK\u00fcrtler tarih boyunca Do\u011fu\u2019nun kahramanlar\u0131 ve medeniyetin kurucular\u0131d\u0131r, boyac\u0131 de\u011filler\u201d dedi.<\/p>\n<p style=\"text-align: justify\" data-start=\"751\" data-end=\"1180\">Suriye \u0130nsan Haklar\u0131 G\u00f6zlemevi (SOHR) S\u00f6zc\u00fcs\u00fc Rami Abdurrahman, g\u00f6sterilerde at\u0131lan mezhep\u00e7i ve \u0131rk\u00e7\u0131 sloganlar\u0131n yaln\u0131zca g\u00f6stericilerden kaynaklanmad\u0131\u011f\u0131n\u0131, \u015eam y\u00f6netiminin K\u00fcrtlere kar\u015f\u0131 sahip oldu\u011fu zihniyetin de rol oynad\u0131\u011f\u0131n\u0131 ifade etti. SOHR Y\u00f6neticisi Cemil Diyarbekirli, Suriye halk\u0131n\u0131n bile\u015fenleri aras\u0131nda g\u00fcveni tesis edecek bir form\u00fcl bulunmad\u0131\u011f\u0131n\u0131 ve diyalog masas\u0131na oturulmas\u0131n\u0131n \u015fart oldu\u011funu vurgulad\u0131.<\/p>\n<p style=\"text-align: justify\" data-start=\"1182\" data-end=\"1542\">K\u00fcrt siyaset\u00e7iler de tepkiliydi. K\u00fcrdistan Birlik Partisi (Yek\u00eet\u00ee) Genel Sekreteri S\u00fcleyman Oso, bu t\u00fcr \u0131rk\u00e7\u0131 eylemlerin halk aras\u0131ndaki g\u00fcveni zedeledi\u011fini ve b\u00f6l\u00fcnm\u00fc\u015fl\u00fc\u011f\u00fc derinle\u015ftirdi\u011fini s\u00f6yledi. Halep\u2019in E\u015frefiye ve \u015eeyh Maksud Mahalleleri Meclisi E\u015f Ba\u015fkan\u0131 Nuri \u015eeyho, K\u00fcrtlere kar\u015f\u0131 k\u00fc\u00e7\u00fck d\u00fc\u015f\u00fcr\u00fcc\u00fc davran\u0131\u015flar\u0131n y\u00fcz y\u0131ld\u0131r s\u00fcrd\u00fc\u011f\u00fcn\u00fc belirtti.<\/p>\n<p style=\"text-align: justify\" data-start=\"1544\" data-end=\"1864\">Suriye \u0130\u00e7i\u015fleri Bakanl\u0131\u011f\u0131 S\u00f6zc\u00fcs\u00fc Nureddin El Baba, h\u00fck\u00fcmetin Suriye\u2019nin b\u00f6l\u00fcnmesini veya federalizmi reddetmesinin, \u0131rk\u00e7\u0131 hakaretleri kabul edece\u011fi anlam\u0131na gelmedi\u011fini a\u00e7\u0131klad\u0131. El Baba, devletin kanun \u00f6n\u00fcnde t\u00fcm vatanda\u015flara e\u015fit davrand\u0131\u011f\u0131n\u0131 ve etnik ya da mezhepsel temelli ayr\u0131mc\u0131l\u0131\u011f\u0131 reddetti\u011fini vurgulad\u0131.<\/p>\n<p style=\"text-align: justify\" data-start=\"1866\" data-end=\"2229\">Suriyeli vaiz Dr. \u015eeyh Abdullah Temimi ise K\u00fcrtlere \u201cboyac\u0131\u201d denilmesinin bir halk\u0131n su\u00e7u olmad\u0131\u011f\u0131n\u0131, ge\u00e7mi\u015f rejimlerin politikalar\u0131n\u0131n sonucu oldu\u011funu s\u00f6yledi. Temimi, 1962\u2019de K\u00fcrtlerin kimliklerinin ellerinden al\u0131nd\u0131\u011f\u0131n\u0131 ve arazilerinin gasp edildi\u011fini hat\u0131rlatarak, K\u00fcrtlerin boyac\u0131l\u0131k bile yapsalar onur ve al\u0131n teriyle ya\u015famaya \u00e7al\u0131\u015ft\u0131klar\u0131n\u0131 belirtti.<\/p>\n<p style=\"text-align: justify\" data-start=\"2231\" data-end=\"2484\">Bu olaylar, Suriye\u2019de K\u00fcrtlere kar\u015f\u0131 s\u00fcregelen \u0131rk\u00e7\u0131 ve k\u00fc\u00e7\u00fcmseyici tutumun g\u00f6stergesi olarak kaydedildi. Uzmanlar ve siyaset\u00e7iler, diyalog ve e\u015fit haklar temelinde ad\u0131mlar at\u0131lmad\u0131\u011f\u0131 s\u00fcrece toplumun b\u00f6l\u00fcnm\u00fc\u015fl\u00fc\u011f\u00fcn\u00fcn derinle\u015fece\u011fine dikkat \u00e7ekiyor.<\/p>\n<\/div>\n","protected":false},"excerpt":{"rendered":"<p>Suriye\u2019nin baz\u0131 \u015fehir ve kasabalar\u0131nda, Suriye Cumhurba\u015fkan\u0131\u00a0Ahmed \u015eara\u2019n\u0131n \u00e7a\u011fr\u0131s\u0131yla d\u00fczenlenen g\u00f6sterilerde, K\u00fcrtlere y\u00f6nelik \u0131rk\u00e7\u0131 sloganlar at\u0131ld\u0131. Minbic\u2019teki bir g\u00f6steride, ayakkab\u0131 ve boya sand\u0131klar\u0131 havaya kald\u0131r\u0131larak, y\u00fczlerce g\u00f6sterici hep bir a\u011f\u0131zdan K\u00fcrtlere hakaret amac\u0131yla \u201cBoya, boya!\u201d diye ba\u011f\u0131rd\u0131. K\u00fcrt akademisyen Dr. Kawa Ezizi, bu hareketin K\u00fcrtleri \u201cg\u00f6\u00e7men ve basit i\u015flerde \u00e7al\u0131\u015fan vas\u0131fs\u0131z bir halk\u201d olarak g\u00f6stermeyi [&hellip;]<\/p>\n","protected":false},"author":2,"featured_media":1035810,"comment_status":"closed","ping_status":"closed","sticky":false,"template":"","format":"standard","meta":{"footnotes":""},"categories":[29],"tags":[],"class_list":["post-1035809","post","type-post","status-publish","format-standard","has-post-thumbnail","hentry","category-ortadogu"],"blocksy_meta":[],"seo_head":"<!-- This site is optimized with the Yoast SEO plugin v27.5 - https:\/\/yoast.com\/product\/yoast-seo-wordpress\/ -->\n<title>Suriye&#039;de g\u00f6sterilerde K\u00fcrtlere kar\u015f\u0131 \u0131rk\u00e7\u0131 sloganlar at\u0131ld\u0131 - Darka Mazi<\/title>\n<meta name=\"robots\" content=\"index, follow, max-snippet:-1, max-image-preview:large, max-video-preview:-1\" \/>\n<link rel=\"canonical\" href=\"https:\/\/darkamazi.site\/archives\/1035809\" \/>\n<meta property=\"og:locale\" content=\"en_US\" \/>\n<meta property=\"og:type\" content=\"article\" \/>\n<meta property=\"og:title\" content=\"Suriye&#039;de g\u00f6sterilerde K\u00fcrtlere kar\u015f\u0131 \u0131rk\u00e7\u0131 sloganlar at\u0131ld\u0131 - Darka Mazi\" \/>\n<meta property=\"og:description\" content=\"Suriye\u2019nin baz\u0131 \u015fehir ve kasabalar\u0131nda, Suriye Cumhurba\u015fkan\u0131\u00a0Ahmed \u015eara\u2019n\u0131n \u00e7a\u011fr\u0131s\u0131yla d\u00fczenlenen g\u00f6sterilerde, K\u00fcrtlere y\u00f6nelik \u0131rk\u00e7\u0131 sloganlar at\u0131ld\u0131. Minbic\u2019teki bir g\u00f6steride, ayakkab\u0131 ve boya sand\u0131klar\u0131 havaya kald\u0131r\u0131larak, y\u00fczlerce g\u00f6sterici hep bir a\u011f\u0131zdan K\u00fcrtlere hakaret amac\u0131yla \u201cBoya, boya!\u201d diye ba\u011f\u0131rd\u0131. K\u00fcrt akademisyen Dr. Kawa Ezizi, bu hareketin K\u00fcrtleri \u201cg\u00f6\u00e7men ve basit i\u015flerde \u00e7al\u0131\u015fan vas\u0131fs\u0131z bir halk\u201d olarak g\u00f6stermeyi [&hellip;]\" \/>\n<meta property=\"og:url\" content=\"https:\/\/darkamazi.site\/archives\/1035809\" \/>\n<meta property=\"og:site_name\" content=\"Darka Mazi\" \/>\n<meta property=\"article:publisher\" content=\"https:\/\/www.facebook.com\/DarkaMaziturkce\" \/>\n<meta property=\"article:published_time\" content=\"2025-11-30T06:46:46+00:00\" \/>\n<meta property=\"article:modified_time\" content=\"2025-11-30T06:52:52+00:00\" \/>\n<meta property=\"og:image\" content=\"https:\/\/darkamazi.site\/file\/2025\/11\/Suriye.jpg\" \/>\n\t<meta property=\"og:image:width\" content=\"752\" \/>\n\t<meta property=\"og:image:height\" content=\"472\" \/>\n\t<meta property=\"og:image:type\" content=\"image\/jpeg\" \/>\n<meta name=\"author\" content=\"darka mazi\" \/>\n<meta name=\"twitter:card\" content=\"summary_large_image\" \/>\n<meta name=\"twitter:creator\" content=\"@DarkaMaziTurkce\" \/>\n<meta name=\"twitter:site\" content=\"@DarkaMaziTurkce\" \/>\n<meta name=\"twitter:label1\" content=\"Written by\" \/>\n\t<meta name=\"twitter:data1\" content=\"darka mazi\" \/>\n\t<meta name=\"twitter:label2\" content=\"Est. reading time\" \/>\n\t<meta name=\"twitter:data2\" content=\"2 minutes\" \/>\n<script type=\"application\/ld+json\" class=\"seo-schema-graph\">{\"@context\":\"https:\\\/\\\/schema.org\",\"@graph\":[{\"@type\":\"NewsArticle\",\"@id\":\"https:\\\/\\\/darkamazi.site\\\/archives\\\/1035809#article\",\"isPartOf\":{\"@id\":\"https:\\\/\\\/darkamazi.site\\\/archives\\\/1035809\"},\"author\":{\"name\":\"darka mazi\",\"@id\":\"https:\\\/\\\/darkamazi.site\\\/#\\\/schema\\\/person\\\/67986a95ac546c16760365877ef4a9d3\"},\"headline\":\"Suriye&#8217;de g\u00f6sterilerde K\u00fcrtlere kar\u015f\u0131 \u0131rk\u00e7\u0131 sloganlar at\u0131ld\u0131\",\"datePublished\":\"2025-11-30T06:46:46+00:00\",\"dateModified\":\"2025-11-30T06:52:52+00:00\",\"mainEntityOfPage\":{\"@id\":\"https:\\\/\\\/darkamazi.site\\\/archives\\\/1035809\"},\"wordCount\":438,\"publisher\":{\"@id\":\"https:\\\/\\\/darkamazi.site\\\/#organization\"},\"image\":{\"@id\":\"https:\\\/\\\/darkamazi.site\\\/archives\\\/1035809#primaryimage\"},\"thumbnailUrl\":\"https:\\\/\\\/darkamazi.site\\\/darka-content\\\/uploads\\\/2025\\\/11\\\/Suriye.jpg\",\"articleSection\":[\"Ortado\u011fu\"],\"inLanguage\":\"en-US\"},{\"@type\":\"WebPage\",\"@id\":\"https:\\\/\\\/darkamazi.site\\\/archives\\\/1035809\",\"url\":\"https:\\\/\\\/darkamazi.site\\\/archives\\\/1035809\",\"name\":\"Suriye'de g\u00f6sterilerde K\u00fcrtlere kar\u015f\u0131 \u0131rk\u00e7\u0131 sloganlar at\u0131ld\u0131 - Darka Mazi\",\"isPartOf\":{\"@id\":\"https:\\\/\\\/darkamazi.site\\\/#website\"},\"primaryImageOfPage\":{\"@id\":\"https:\\\/\\\/darkamazi.site\\\/archives\\\/1035809#primaryimage\"},\"image\":{\"@id\":\"https:\\\/\\\/darkamazi.site\\\/archives\\\/1035809#primaryimage\"},\"thumbnailUrl\":\"https:\\\/\\\/darkamazi.site\\\/darka-content\\\/uploads\\\/2025\\\/11\\\/Suriye.jpg\",\"datePublished\":\"2025-11-30T06:46:46+00:00\",\"dateModified\":\"2025-11-30T06:52:52+00:00\",\"breadcrumb\":{\"@id\":\"https:\\\/\\\/darkamazi.site\\\/archives\\\/1035809#breadcrumb\"},\"inLanguage\":\"en-US\",\"potentialAction\":[{\"@type\":\"ReadAction\",\"target\":[\"https:\\\/\\\/darkamazi.site\\\/archives\\\/1035809\"]}]},{\"@type\":\"ImageObject\",\"inLanguage\":\"en-US\",\"@id\":\"https:\\\/\\\/darkamazi.site\\\/archives\\\/1035809#primaryimage\",\"url\":\"https:\\\/\\\/darkamazi.site\\\/darka-content\\\/uploads\\\/2025\\\/11\\\/Suriye.jpg\",\"contentUrl\":\"https:\\\/\\\/darkamazi.site\\\/darka-content\\\/uploads\\\/2025\\\/11\\\/Suriye.jpg\",\"width\":752,\"height\":472,\"caption\":\"Suriye'de g\u00f6sterilerde K\u00fcrtlere kar\u015f\u0131 \u0131rk\u00e7\u0131 sloganlar at\u0131ld\u0131\"},{\"@type\":\"BreadcrumbList\",\"@id\":\"https:\\\/\\\/darkamazi.site\\\/archives\\\/1035809#breadcrumb\",\"itemListElement\":[{\"@type\":\"ListItem\",\"position\":1,\"name\":\"Home\",\"item\":\"https:\\\/\\\/darkamazi.site\\\/\"},{\"@type\":\"ListItem\",\"position\":2,\"name\":\"Suriye&#8217;de g\u00f6sterilerde K\u00fcrtlere kar\u015f\u0131 \u0131rk\u00e7\u0131 sloganlar at\u0131ld\u0131\"}]},{\"@type\":\"WebSite\",\"@id\":\"https:\\\/\\\/darkamazi.site\\\/#website\",\"url\":\"https:\\\/\\\/darkamazi.site\\\/\",\"name\":\"Darka Mazi\",\"description\":\"Ana Sayfa\",\"publisher\":{\"@id\":\"https:\\\/\\\/darkamazi.site\\\/#organization\"},\"potentialAction\":[{\"@type\":\"SearchAction\",\"target\":{\"@type\":\"EntryPoint\",\"urlTemplate\":\"https:\\\/\\\/darkamazi.site\\\/?s={search_term_string}\"},\"query-input\":{\"@type\":\"PropertyValueSpecification\",\"valueRequired\":true,\"valueName\":\"search_term_string\"}}],\"inLanguage\":\"en-US\"},{\"@type\":\"Organization\",\"@id\":\"https:\\\/\\\/darkamazi.site\\\/#organization\",\"name\":\"Darka Mazi T\u00fcrk\u00e7e\",\"alternateName\":\"Darka Mazi\",\"url\":\"https:\\\/\\\/darkamazi.site\\\/\",\"logo\":{\"@type\":\"ImageObject\",\"inLanguage\":\"en-US\",\"@id\":\"https:\\\/\\\/darkamazi.site\\\/#\\\/schema\\\/logo\\\/image\\\/\",\"url\":\"https:\\\/\\\/darkamazi.site\\\/darka-content\\\/uploads\\\/2017\\\/12\\\/darka-mazi-logo.png\",\"contentUrl\":\"https:\\\/\\\/darkamazi.site\\\/darka-content\\\/uploads\\\/2017\\\/12\\\/darka-mazi-logo.png\",\"width\":151,\"height\":75,\"caption\":\"Darka Mazi T\u00fcrk\u00e7e\"},\"image\":{\"@id\":\"https:\\\/\\\/darkamazi.site\\\/#\\\/schema\\\/logo\\\/image\\\/\"},\"sameAs\":[\"https:\\\/\\\/www.facebook.com\\\/DarkaMaziturkce\",\"https:\\\/\\\/x.com\\\/DarkaMaziTurkce\"]},{\"@type\":\"Person\",\"@id\":\"https:\\\/\\\/darkamazi.site\\\/#\\\/schema\\\/person\\\/67986a95ac546c16760365877ef4a9d3\",\"name\":\"darka mazi\",\"sameAs\":[\"https:\\\/\\\/darkamazi.site\"],\"url\":\"https:\\\/\\\/darkamazi.site\\\/archives\\\/author\\\/turkish\"}]}<\/script>\n<!-- \/ Yoast SEO plugin. -->","seo_head_json":{"title":"Suriye'de g\u00f6sterilerde K\u00fcrtlere kar\u015f\u0131 \u0131rk\u00e7\u0131 sloganlar at\u0131ld\u0131 - Darka Mazi","robots":{"index":"index","follow":"follow","max-snippet":"max-snippet:-1","max-image-preview":"max-image-preview:large","max-video-preview":"max-video-preview:-1"},"canonical":"https:\/\/darkamazi.site\/archives\/1035809","og_locale":"en_US","og_type":"article","og_title":"Suriye'de g\u00f6sterilerde K\u00fcrtlere kar\u015f\u0131 \u0131rk\u00e7\u0131 sloganlar at\u0131ld\u0131 - Darka Mazi","og_description":"Suriye\u2019nin baz\u0131 \u015fehir ve kasabalar\u0131nda, Suriye Cumhurba\u015fkan\u0131\u00a0Ahmed \u015eara\u2019n\u0131n \u00e7a\u011fr\u0131s\u0131yla d\u00fczenlenen g\u00f6sterilerde, K\u00fcrtlere y\u00f6nelik \u0131rk\u00e7\u0131 sloganlar at\u0131ld\u0131. Minbic\u2019teki bir g\u00f6steride, ayakkab\u0131 ve boya sand\u0131klar\u0131 havaya kald\u0131r\u0131larak, y\u00fczlerce g\u00f6sterici hep bir a\u011f\u0131zdan K\u00fcrtlere hakaret amac\u0131yla \u201cBoya, boya!\u201d diye ba\u011f\u0131rd\u0131. K\u00fcrt akademisyen Dr. Kawa Ezizi, bu hareketin K\u00fcrtleri \u201cg\u00f6\u00e7men ve basit i\u015flerde \u00e7al\u0131\u015fan vas\u0131fs\u0131z bir halk\u201d olarak g\u00f6stermeyi [&hellip;]","og_url":"https:\/\/darkamazi.site\/archives\/1035809","og_site_name":"Darka Mazi","article_publisher":"https:\/\/www.facebook.com\/DarkaMaziturkce","article_published_time":"2025-11-30T06:46:46+00:00","article_modified_time":"2025-11-30T06:52:52+00:00","og_image":[{"width":752,"height":472,"url":"https:\/\/darkamazi.site\/file\/2025\/11\/Suriye.jpg","type":"image\/jpeg"}],"author":"darka mazi","twitter_card":"summary_large_image","twitter_creator":"@DarkaMaziTurkce","twitter_site":"@DarkaMaziTurkce","twitter_misc":{"Written by":"darka mazi","Est. reading time":"2 minutes"},"schema":{"@context":"https:\/\/schema.org","@graph":[{"@type":"NewsArticle","@id":"https:\/\/darkamazi.site\/archives\/1035809#article","isPartOf":{"@id":"https:\/\/darkamazi.site\/archives\/1035809"},"author":{"name":"darka mazi","@id":"https:\/\/darkamazi.site\/#\/schema\/person\/67986a95ac546c16760365877ef4a9d3"},"headline":"Suriye&#8217;de g\u00f6sterilerde K\u00fcrtlere kar\u015f\u0131 \u0131rk\u00e7\u0131 sloganlar at\u0131ld\u0131","datePublished":"2025-11-30T06:46:46+00:00","dateModified":"2025-11-30T06:52:52+00:00","mainEntityOfPage":{"@id":"https:\/\/darkamazi.site\/archives\/1035809"},"wordCount":438,"publisher":{"@id":"https:\/\/darkamazi.site\/#organization"},"image":{"@id":"https:\/\/darkamazi.site\/archives\/1035809#primaryimage"},"thumbnailUrl":"https:\/\/darkamazi.site\/file\/2025\/11\/Suriye.jpg","articleSection":["Ortado\u011fu"],"inLanguage":"en-US"},{"@type":"WebPage","@id":"https:\/\/darkamazi.site\/archives\/1035809","url":"https:\/\/darkamazi.site\/archives\/1035809","name":"Suriye'de g\u00f6sterilerde K\u00fcrtlere kar\u015f\u0131 \u0131rk\u00e7\u0131 sloganlar at\u0131ld\u0131 - Darka Mazi","isPartOf":{"@id":"https:\/\/darkamazi.site\/#website"},"primaryImageOfPage":{"@id":"https:\/\/darkamazi.site\/archives\/1035809#primaryimage"},"image":{"@id":"https:\/\/darkamazi.site\/archives\/1035809#primaryimage"},"thumbnailUrl":"https:\/\/darkamazi.site\/file\/2025\/11\/Suriye.jpg","datePublished":"2025-11-30T06:46:46+00:00","dateModified":"2025-11-30T06:52:52+00:00","breadcrumb":{"@id":"https:\/\/darkamazi.site\/archives\/1035809#breadcrumb"},"inLanguage":"en-US","potentialAction":[{"@type":"ReadAction","target":["https:\/\/darkamazi.site\/archives\/1035809"]}]},{"@type":"ImageObject","inLanguage":"en-US","@id":"https:\/\/darkamazi.site\/archives\/1035809#primaryimage","url":"https:\/\/darkamazi.site\/file\/2025\/11\/Suriye.jpg","contentUrl":"https:\/\/darkamazi.site\/file\/2025\/11\/Suriye.jpg","width":752,"height":472,"caption":"Suriye'de g\u00f6sterilerde K\u00fcrtlere kar\u015f\u0131 \u0131rk\u00e7\u0131 sloganlar at\u0131ld\u0131"},{"@type":"BreadcrumbList","@id":"https:\/\/darkamazi.site\/archives\/1035809#breadcrumb","itemListElement":[{"@type":"ListItem","position":1,"name":"Home","item":"https:\/\/darkamazi.site\/"},{"@type":"ListItem","position":2,"name":"Suriye&#8217;de g\u00f6sterilerde K\u00fcrtlere kar\u015f\u0131 \u0131rk\u00e7\u0131 sloganlar at\u0131ld\u0131"}]},{"@type":"WebSite","@id":"https:\/\/darkamazi.site\/#website","url":"https:\/\/darkamazi.site\/","name":"Darka Mazi","description":"Ana Sayfa","publisher":{"@id":"https:\/\/darkamazi.site\/#organization"},"potentialAction":[{"@type":"SearchAction","target":{"@type":"EntryPoint","urlTemplate":"https:\/\/darkamazi.site\/?s={search_term_string}"},"query-input":{"@type":"PropertyValueSpecification","valueRequired":true,"valueName":"search_term_string"}}],"inLanguage":"en-US"},{"@type":"Organization","@id":"https:\/\/darkamazi.site\/#organization","name":"Darka Mazi T\u00fcrk\u00e7e","alternateName":"Darka Mazi","url":"https:\/\/darkamazi.site\/","logo":{"@type":"ImageObject","inLanguage":"en-US","@id":"https:\/\/darkamazi.site\/#\/schema\/logo\/image\/","url":"https:\/\/darkamazi.site\/file\/2017\/12\/darka-mazi-logo.png","contentUrl":"https:\/\/darkamazi.site\/file\/2017\/12\/darka-mazi-logo.png","width":151,"height":75,"caption":"Darka Mazi T\u00fcrk\u00e7e"},"image":{"@id":"https:\/\/darkamazi.site\/#\/schema\/logo\/image\/"},"sameAs":["https:\/\/www.facebook.com\/DarkaMaziturkce","https:\/\/x.com\/DarkaMaziTurkce"]},{"@type":"Person","@id":"https:\/\/darkamazi.site\/#\/schema\/person\/67986a95ac546c16760365877ef4a9d3","name":"darka mazi","sameAs":["https:\/\/darkamazi.site"],"url":"https:\/\/darkamazi.site\/archives\/author\/turkish"}]}},"_links":{"self":[{"href":"https:\/\/darkamazi.site\/funavuv\/wp\/v2\/posts\/1035809","targetHints":{"allow":["GET"]}}],"collection":[{"href":"https:\/\/darkamazi.site\/funavuv\/wp\/v2\/posts"}],"about":[{"href":"https:\/\/darkamazi.site\/funavuv\/wp\/v2\/types\/post"}],"author":[{"embeddable":true,"href":"https:\/\/darkamazi.site\/funavuv\/wp\/v2\/users\/2"}],"replies":[{"embeddable":true,"href":"https:\/\/darkamazi.site\/funavuv\/wp\/v2\/comments?post=1035809"}],"version-history":[{"count":0,"href":"https:\/\/darkamazi.site\/funavuv\/wp\/v2\/posts\/1035809\/revisions"}],"wp:featuredmedia":[{"embeddable":true,"href":"https:\/\/darkamazi.site\/funavuv\/wp\/v2\/media\/1035810"}],"wp:attachment":[{"href":"https:\/\/darkamazi.site\/funavuv\/wp\/v2\/media?parent=1035809"}],"wp:term":[{"taxonomy":"category","embeddable":true,"href":"https:\/\/darkamazi.site\/funavuv\/wp\/v2\/categories?post=1035809"},{"taxonomy":"post_tag","embeddable":true,"href":"https:\/\/darkamazi.site\/funavuv\/wp\/v2\/tags?post=1035809"}],"curies":[{"name":"wp","href":"https:\/\/api.w.org\/{rel}","templated":true}]}}