{"id":1035813,"date":"2025-11-30T10:14:49","date_gmt":"2025-11-30T07:14:49","guid":{"rendered":"https:\/\/darkamazi.site\/?p=1035813"},"modified":"2025-11-30T10:14:49","modified_gmt":"2025-11-30T07:14:49","slug":"lalezar-oteline-yapilan-baskinda-iranli-askeri-yetkileler-yer-aldi","status":"publish","type":"post","link":"https:\/\/darkamazi.site\/archives\/1035813","title":{"rendered":"Lalezar Oteline yap\u0131lan bask\u0131nda \u0130ranl\u0131 askeri yetkileler yer ald\u0131"},"content":{"rendered":"<p style=\"text-align: justify\">Lazer otelinde ya\u015fanan \u00e7at\u0131\u015fman\u0131n \u00fcst\u00fcnden \u00fc\u00e7 ay ge\u00e7mesine ra\u011fmen bir\u00e7ok ayr\u0131nt\u0131 yeni g\u00fcn y\u00fcz\u00fcne \u00e7\u0131k\u0131yor. Son iddialara g\u00f6re Lalezar Oteli bask\u0131n\u0131nda \u0130ranl\u0131 yetkililer de yer ald\u0131.<\/p>\n<p style=\"text-align: justify\">22 A\u011fustos g\u00fcn\u00fc Bafel Talabani\u2019ye ba\u011fl\u0131 g\u00fc\u00e7lerin Lalezar Otelde YNK\u2019nin eski e\u015f ba\u015fkan\u0131 Lahor Cengi ve g\u00fc\u00e7lerinin \u00e7al\u0131\u015fma ofisine yapt\u0131\u011f\u0131 bask\u0131n\u0131n bir \u00e7ok ayr\u0131nt\u0131s\u0131 yeni yeni kamuoyuna yans\u0131yor. \u015eu ana de\u011fin \u00e7at\u0131\u015fmada hayat\u0131n\u0131 kaybeden ve cenazeleri yak\u0131lan onlarca cenaze morgda bekliyor. Ve d\u00fcn \u00e7at\u0131\u015fmaya d\u00f6n\u00fck yeni bir ayr\u0131nt\u0131 ortaya \u00e7\u0131kt\u0131. Buna g\u00f6re Lalezar otel bask\u0131n\u0131nda \u0130ranl\u0131 yetkiler de Bafel Talabani\u2019ye ba\u011fl\u0131 Anti Ter\u00f6r g\u00fc\u00e7leri i\u00e7inde yer ald\u0131.<\/p>\n<p style=\"text-align: justify\">Erbil&#8217;de YNK\u2019ye ba\u011fl\u0131 \u00a0ter\u00f6rle m\u00fccadele g\u00fc\u00e7leri taraf\u0131ndan \u00f6ld\u00fcr\u00fclen K\u00fcrdistan B\u00f6lgesel Y\u00f6netimi (KBY) G\u00fcvenlik Konseyi g\u00f6revlisi Albay Hawkar Caf&#8217;\u0131n karde\u015fi, Lalazar Oteli&#8217;ne d\u00fczenlenen sald\u0131r\u0131ya bir \u0130ranl\u0131 yetkilinin kat\u0131ld\u0131\u011f\u0131n\u0131 a\u00e7\u0131klad\u0131.<\/p>\n<p style=\"text-align: justify\">Saman Caf, Facebook sayfas\u0131ndan yapt\u0131\u011f\u0131 a\u00e7\u0131klamada, A\u011fustos ay\u0131nda Lahur \u015eeyh Cengi&#8217;ye yap\u0131lan operasyon s\u0131ras\u0131nda Lalezar Oteli&#8217;nden ayr\u0131lan Lahur \u015eeyh Jangi&#8217;nin k\u0131z karde\u015fi Awat \u015eeyh Jangi&#8217;nin yan\u0131nda bir \u0130ranl\u0131 yetkili g\u00f6rd\u00fc\u011f\u00fc iddias\u0131nda bulundu. Awat \u015eeyh Cengi YNK g\u00fc\u00e7leri taraf\u0131ndan otelde \u00e7\u0131kar\u0131l\u0131rken Fars\u00e7a konu\u015fan ve g\u00fcvenli\u011fi olan \u0130ranl\u0131 bir yetkilinin orada oldu\u011fu belirtmi\u015f.<br \/>\nLalezar otel bask\u0131n\u0131nda bir\u00e7ok \u00e7evre \u0130ran parma\u011f\u0131 oldu\u011fu iddias\u0131nda bulunmu\u015ftu. \u00a0Hatta \u0130ranl\u0131 baz\u0131 \u00e7evreler de Lahor Cengi\u2019ye yap\u0131lan bask\u0131n\u0131 \u00f6vm\u00fc\u015f ve deste\u011fimiz var demi\u015fti.<\/p>\n","protected":false},"excerpt":{"rendered":"<p>Lazer otelinde ya\u015fanan \u00e7at\u0131\u015fman\u0131n \u00fcst\u00fcnden \u00fc\u00e7 ay ge\u00e7mesine ra\u011fmen bir\u00e7ok ayr\u0131nt\u0131 yeni g\u00fcn y\u00fcz\u00fcne \u00e7\u0131k\u0131yor. Son iddialara g\u00f6re Lalezar Oteli bask\u0131n\u0131nda \u0130ranl\u0131 yetkililer de yer ald\u0131. 22 A\u011fustos g\u00fcn\u00fc Bafel Talabani\u2019ye ba\u011fl\u0131 g\u00fc\u00e7lerin Lalezar Otelde YNK\u2019nin eski e\u015f ba\u015fkan\u0131 Lahor Cengi ve g\u00fc\u00e7lerinin \u00e7al\u0131\u015fma ofisine yapt\u0131\u011f\u0131 bask\u0131n\u0131n bir \u00e7ok ayr\u0131nt\u0131s\u0131 yeni yeni kamuoyuna yans\u0131yor. \u015eu [&hellip;]<\/p>\n","protected":false},"author":2,"featured_media":1035814,"comment_status":"closed","ping_status":"closed","sticky":false,"template":"","format":"standard","meta":{"footnotes":""},"categories":[3],"tags":[],"class_list":["post-1035813","post","type-post","status-publish","format-standard","has-post-thumbnail","hentry","category-kurdistan"],"blocksy_meta":[],"seo_head":"<!-- This site is optimized with the Yoast SEO plugin v27.5 - https:\/\/yoast.com\/product\/yoast-seo-wordpress\/ -->\n<title>Lalezar Oteline yap\u0131lan bask\u0131nda \u0130ranl\u0131 askeri yetkileler yer ald\u0131 - Darka Mazi<\/title>\n<meta name=\"robots\" content=\"index, follow, max-snippet:-1, max-image-preview:large, max-video-preview:-1\" \/>\n<link rel=\"canonical\" href=\"https:\/\/darkamazi.site\/archives\/1035813\" \/>\n<meta property=\"og:locale\" content=\"en_US\" \/>\n<meta property=\"og:type\" content=\"article\" \/>\n<meta property=\"og:title\" content=\"Lalezar Oteline yap\u0131lan bask\u0131nda \u0130ranl\u0131 askeri yetkileler yer ald\u0131 - Darka Mazi\" \/>\n<meta property=\"og:description\" content=\"Lazer otelinde ya\u015fanan \u00e7at\u0131\u015fman\u0131n \u00fcst\u00fcnden \u00fc\u00e7 ay ge\u00e7mesine ra\u011fmen bir\u00e7ok ayr\u0131nt\u0131 yeni g\u00fcn y\u00fcz\u00fcne \u00e7\u0131k\u0131yor. Son iddialara g\u00f6re Lalezar Oteli bask\u0131n\u0131nda \u0130ranl\u0131 yetkililer de yer ald\u0131. 22 A\u011fustos g\u00fcn\u00fc Bafel Talabani\u2019ye ba\u011fl\u0131 g\u00fc\u00e7lerin Lalezar Otelde YNK\u2019nin eski e\u015f ba\u015fkan\u0131 Lahor Cengi ve g\u00fc\u00e7lerinin \u00e7al\u0131\u015fma ofisine yapt\u0131\u011f\u0131 bask\u0131n\u0131n bir \u00e7ok ayr\u0131nt\u0131s\u0131 yeni yeni kamuoyuna yans\u0131yor. \u015eu [&hellip;]\" \/>\n<meta property=\"og:url\" content=\"https:\/\/darkamazi.site\/archives\/1035813\" \/>\n<meta property=\"og:site_name\" content=\"Darka Mazi\" \/>\n<meta property=\"article:publisher\" content=\"https:\/\/www.facebook.com\/DarkaMaziturkce\" \/>\n<meta property=\"article:published_time\" content=\"2025-11-30T07:14:49+00:00\" \/>\n<meta property=\"og:image\" content=\"https:\/\/darkamazi.site\/file\/2025\/11\/Lalezor-oteli.jpg\" \/>\n\t<meta property=\"og:image:width\" content=\"1200\" \/>\n\t<meta property=\"og:image:height\" content=\"675\" \/>\n\t<meta property=\"og:image:type\" content=\"image\/jpeg\" \/>\n<meta name=\"author\" content=\"darka mazi\" \/>\n<meta name=\"twitter:card\" content=\"summary_large_image\" \/>\n<meta name=\"twitter:creator\" content=\"@DarkaMaziTurkce\" \/>\n<meta name=\"twitter:site\" content=\"@DarkaMaziTurkce\" \/>\n<meta name=\"twitter:label1\" content=\"Written by\" \/>\n\t<meta name=\"twitter:data1\" content=\"darka mazi\" \/>\n\t<meta name=\"twitter:label2\" content=\"Est. reading time\" \/>\n\t<meta name=\"twitter:data2\" content=\"2 minutes\" \/>\n<script type=\"application\/ld+json\" class=\"seo-schema-graph\">{\"@context\":\"https:\\\/\\\/schema.org\",\"@graph\":[{\"@type\":\"NewsArticle\",\"@id\":\"https:\\\/\\\/darkamazi.site\\\/archives\\\/1035813#article\",\"isPartOf\":{\"@id\":\"https:\\\/\\\/darkamazi.site\\\/archives\\\/1035813\"},\"author\":{\"name\":\"darka mazi\",\"@id\":\"https:\\\/\\\/darkamazi.site\\\/#\\\/schema\\\/person\\\/67986a95ac546c16760365877ef4a9d3\"},\"headline\":\"Lalezar Oteline yap\u0131lan bask\u0131nda \u0130ranl\u0131 askeri yetkileler yer ald\u0131\",\"datePublished\":\"2025-11-30T07:14:49+00:00\",\"mainEntityOfPage\":{\"@id\":\"https:\\\/\\\/darkamazi.site\\\/archives\\\/1035813\"},\"wordCount\":311,\"publisher\":{\"@id\":\"https:\\\/\\\/darkamazi.site\\\/#organization\"},\"image\":{\"@id\":\"https:\\\/\\\/darkamazi.site\\\/archives\\\/1035813#primaryimage\"},\"thumbnailUrl\":\"https:\\\/\\\/darkamazi.site\\\/darka-content\\\/uploads\\\/2025\\\/11\\\/Lalezor-oteli.jpg\",\"articleSection\":[\"Kurdistan\"],\"inLanguage\":\"en-US\"},{\"@type\":\"WebPage\",\"@id\":\"https:\\\/\\\/darkamazi.site\\\/archives\\\/1035813\",\"url\":\"https:\\\/\\\/darkamazi.site\\\/archives\\\/1035813\",\"name\":\"Lalezar Oteline yap\u0131lan bask\u0131nda \u0130ranl\u0131 askeri yetkileler yer ald\u0131 - Darka Mazi\",\"isPartOf\":{\"@id\":\"https:\\\/\\\/darkamazi.site\\\/#website\"},\"primaryImageOfPage\":{\"@id\":\"https:\\\/\\\/darkamazi.site\\\/archives\\\/1035813#primaryimage\"},\"image\":{\"@id\":\"https:\\\/\\\/darkamazi.site\\\/archives\\\/1035813#primaryimage\"},\"thumbnailUrl\":\"https:\\\/\\\/darkamazi.site\\\/darka-content\\\/uploads\\\/2025\\\/11\\\/Lalezor-oteli.jpg\",\"datePublished\":\"2025-11-30T07:14:49+00:00\",\"breadcrumb\":{\"@id\":\"https:\\\/\\\/darkamazi.site\\\/archives\\\/1035813#breadcrumb\"},\"inLanguage\":\"en-US\",\"potentialAction\":[{\"@type\":\"ReadAction\",\"target\":[\"https:\\\/\\\/darkamazi.site\\\/archives\\\/1035813\"]}]},{\"@type\":\"ImageObject\",\"inLanguage\":\"en-US\",\"@id\":\"https:\\\/\\\/darkamazi.site\\\/archives\\\/1035813#primaryimage\",\"url\":\"https:\\\/\\\/darkamazi.site\\\/darka-content\\\/uploads\\\/2025\\\/11\\\/Lalezor-oteli.jpg\",\"contentUrl\":\"https:\\\/\\\/darkamazi.site\\\/darka-content\\\/uploads\\\/2025\\\/11\\\/Lalezor-oteli.jpg\",\"width\":1200,\"height\":675,\"caption\":\"Lalezar Oteline yap\u0131lan bask\u0131nda \u0130ranl\u0131 askeri yetkileler yer ald\u0131\"},{\"@type\":\"BreadcrumbList\",\"@id\":\"https:\\\/\\\/darkamazi.site\\\/archives\\\/1035813#breadcrumb\",\"itemListElement\":[{\"@type\":\"ListItem\",\"position\":1,\"name\":\"Home\",\"item\":\"https:\\\/\\\/darkamazi.site\\\/\"},{\"@type\":\"ListItem\",\"position\":2,\"name\":\"Lalezar Oteline yap\u0131lan bask\u0131nda \u0130ranl\u0131 askeri yetkileler yer ald\u0131\"}]},{\"@type\":\"WebSite\",\"@id\":\"https:\\\/\\\/darkamazi.site\\\/#website\",\"url\":\"https:\\\/\\\/darkamazi.site\\\/\",\"name\":\"Darka Mazi\",\"description\":\"Ana Sayfa\",\"publisher\":{\"@id\":\"https:\\\/\\\/darkamazi.site\\\/#organization\"},\"potentialAction\":[{\"@type\":\"SearchAction\",\"target\":{\"@type\":\"EntryPoint\",\"urlTemplate\":\"https:\\\/\\\/darkamazi.site\\\/?s={search_term_string}\"},\"query-input\":{\"@type\":\"PropertyValueSpecification\",\"valueRequired\":true,\"valueName\":\"search_term_string\"}}],\"inLanguage\":\"en-US\"},{\"@type\":\"Organization\",\"@id\":\"https:\\\/\\\/darkamazi.site\\\/#organization\",\"name\":\"Darka Mazi T\u00fcrk\u00e7e\",\"alternateName\":\"Darka Mazi\",\"url\":\"https:\\\/\\\/darkamazi.site\\\/\",\"logo\":{\"@type\":\"ImageObject\",\"inLanguage\":\"en-US\",\"@id\":\"https:\\\/\\\/darkamazi.site\\\/#\\\/schema\\\/logo\\\/image\\\/\",\"url\":\"https:\\\/\\\/darkamazi.site\\\/darka-content\\\/uploads\\\/2017\\\/12\\\/darka-mazi-logo.png\",\"contentUrl\":\"https:\\\/\\\/darkamazi.site\\\/darka-content\\\/uploads\\\/2017\\\/12\\\/darka-mazi-logo.png\",\"width\":151,\"height\":75,\"caption\":\"Darka Mazi T\u00fcrk\u00e7e\"},\"image\":{\"@id\":\"https:\\\/\\\/darkamazi.site\\\/#\\\/schema\\\/logo\\\/image\\\/\"},\"sameAs\":[\"https:\\\/\\\/www.facebook.com\\\/DarkaMaziturkce\",\"https:\\\/\\\/x.com\\\/DarkaMaziTurkce\"]},{\"@type\":\"Person\",\"@id\":\"https:\\\/\\\/darkamazi.site\\\/#\\\/schema\\\/person\\\/67986a95ac546c16760365877ef4a9d3\",\"name\":\"darka mazi\",\"sameAs\":[\"https:\\\/\\\/darkamazi.site\"],\"url\":\"https:\\\/\\\/darkamazi.site\\\/archives\\\/author\\\/turkish\"}]}<\/script>\n<!-- \/ Yoast SEO plugin. -->","seo_head_json":{"title":"Lalezar Oteline yap\u0131lan bask\u0131nda \u0130ranl\u0131 askeri yetkileler yer ald\u0131 - Darka Mazi","robots":{"index":"index","follow":"follow","max-snippet":"max-snippet:-1","max-image-preview":"max-image-preview:large","max-video-preview":"max-video-preview:-1"},"canonical":"https:\/\/darkamazi.site\/archives\/1035813","og_locale":"en_US","og_type":"article","og_title":"Lalezar Oteline yap\u0131lan bask\u0131nda \u0130ranl\u0131 askeri yetkileler yer ald\u0131 - Darka Mazi","og_description":"Lazer otelinde ya\u015fanan \u00e7at\u0131\u015fman\u0131n \u00fcst\u00fcnden \u00fc\u00e7 ay ge\u00e7mesine ra\u011fmen bir\u00e7ok ayr\u0131nt\u0131 yeni g\u00fcn y\u00fcz\u00fcne \u00e7\u0131k\u0131yor. Son iddialara g\u00f6re Lalezar Oteli bask\u0131n\u0131nda \u0130ranl\u0131 yetkililer de yer ald\u0131. 22 A\u011fustos g\u00fcn\u00fc Bafel Talabani\u2019ye ba\u011fl\u0131 g\u00fc\u00e7lerin Lalezar Otelde YNK\u2019nin eski e\u015f ba\u015fkan\u0131 Lahor Cengi ve g\u00fc\u00e7lerinin \u00e7al\u0131\u015fma ofisine yapt\u0131\u011f\u0131 bask\u0131n\u0131n bir \u00e7ok ayr\u0131nt\u0131s\u0131 yeni yeni kamuoyuna yans\u0131yor. \u015eu [&hellip;]","og_url":"https:\/\/darkamazi.site\/archives\/1035813","og_site_name":"Darka Mazi","article_publisher":"https:\/\/www.facebook.com\/DarkaMaziturkce","article_published_time":"2025-11-30T07:14:49+00:00","og_image":[{"width":1200,"height":675,"url":"https:\/\/darkamazi.site\/file\/2025\/11\/Lalezor-oteli.jpg","type":"image\/jpeg"}],"author":"darka mazi","twitter_card":"summary_large_image","twitter_creator":"@DarkaMaziTurkce","twitter_site":"@DarkaMaziTurkce","twitter_misc":{"Written by":"darka mazi","Est. reading time":"2 minutes"},"schema":{"@context":"https:\/\/schema.org","@graph":[{"@type":"NewsArticle","@id":"https:\/\/darkamazi.site\/archives\/1035813#article","isPartOf":{"@id":"https:\/\/darkamazi.site\/archives\/1035813"},"author":{"name":"darka mazi","@id":"https:\/\/darkamazi.site\/#\/schema\/person\/67986a95ac546c16760365877ef4a9d3"},"headline":"Lalezar Oteline yap\u0131lan bask\u0131nda \u0130ranl\u0131 askeri yetkileler yer ald\u0131","datePublished":"2025-11-30T07:14:49+00:00","mainEntityOfPage":{"@id":"https:\/\/darkamazi.site\/archives\/1035813"},"wordCount":311,"publisher":{"@id":"https:\/\/darkamazi.site\/#organization"},"image":{"@id":"https:\/\/darkamazi.site\/archives\/1035813#primaryimage"},"thumbnailUrl":"https:\/\/darkamazi.site\/file\/2025\/11\/Lalezor-oteli.jpg","articleSection":["Kurdistan"],"inLanguage":"en-US"},{"@type":"WebPage","@id":"https:\/\/darkamazi.site\/archives\/1035813","url":"https:\/\/darkamazi.site\/archives\/1035813","name":"Lalezar Oteline yap\u0131lan bask\u0131nda \u0130ranl\u0131 askeri yetkileler yer ald\u0131 - Darka Mazi","isPartOf":{"@id":"https:\/\/darkamazi.site\/#website"},"primaryImageOfPage":{"@id":"https:\/\/darkamazi.site\/archives\/1035813#primaryimage"},"image":{"@id":"https:\/\/darkamazi.site\/archives\/1035813#primaryimage"},"thumbnailUrl":"https:\/\/darkamazi.site\/file\/2025\/11\/Lalezor-oteli.jpg","datePublished":"2025-11-30T07:14:49+00:00","breadcrumb":{"@id":"https:\/\/darkamazi.site\/archives\/1035813#breadcrumb"},"inLanguage":"en-US","potentialAction":[{"@type":"ReadAction","target":["https:\/\/darkamazi.site\/archives\/1035813"]}]},{"@type":"ImageObject","inLanguage":"en-US","@id":"https:\/\/darkamazi.site\/archives\/1035813#primaryimage","url":"https:\/\/darkamazi.site\/file\/2025\/11\/Lalezor-oteli.jpg","contentUrl":"https:\/\/darkamazi.site\/file\/2025\/11\/Lalezor-oteli.jpg","width":1200,"height":675,"caption":"Lalezar Oteline yap\u0131lan bask\u0131nda \u0130ranl\u0131 askeri yetkileler yer ald\u0131"},{"@type":"BreadcrumbList","@id":"https:\/\/darkamazi.site\/archives\/1035813#breadcrumb","itemListElement":[{"@type":"ListItem","position":1,"name":"Home","item":"https:\/\/darkamazi.site\/"},{"@type":"ListItem","position":2,"name":"Lalezar Oteline yap\u0131lan bask\u0131nda \u0130ranl\u0131 askeri yetkileler yer ald\u0131"}]},{"@type":"WebSite","@id":"https:\/\/darkamazi.site\/#website","url":"https:\/\/darkamazi.site\/","name":"Darka Mazi","description":"Ana Sayfa","publisher":{"@id":"https:\/\/darkamazi.site\/#organization"},"potentialAction":[{"@type":"SearchAction","target":{"@type":"EntryPoint","urlTemplate":"https:\/\/darkamazi.site\/?s={search_term_string}"},"query-input":{"@type":"PropertyValueSpecification","valueRequired":true,"valueName":"search_term_string"}}],"inLanguage":"en-US"},{"@type":"Organization","@id":"https:\/\/darkamazi.site\/#organization","name":"Darka Mazi T\u00fcrk\u00e7e","alternateName":"Darka Mazi","url":"https:\/\/darkamazi.site\/","logo":{"@type":"ImageObject","inLanguage":"en-US","@id":"https:\/\/darkamazi.site\/#\/schema\/logo\/image\/","url":"https:\/\/darkamazi.site\/file\/2017\/12\/darka-mazi-logo.png","contentUrl":"https:\/\/darkamazi.site\/file\/2017\/12\/darka-mazi-logo.png","width":151,"height":75,"caption":"Darka Mazi T\u00fcrk\u00e7e"},"image":{"@id":"https:\/\/darkamazi.site\/#\/schema\/logo\/image\/"},"sameAs":["https:\/\/www.facebook.com\/DarkaMaziturkce","https:\/\/x.com\/DarkaMaziTurkce"]},{"@type":"Person","@id":"https:\/\/darkamazi.site\/#\/schema\/person\/67986a95ac546c16760365877ef4a9d3","name":"darka mazi","sameAs":["https:\/\/darkamazi.site"],"url":"https:\/\/darkamazi.site\/archives\/author\/turkish"}]}},"_links":{"self":[{"href":"https:\/\/darkamazi.site\/funavuv\/wp\/v2\/posts\/1035813","targetHints":{"allow":["GET"]}}],"collection":[{"href":"https:\/\/darkamazi.site\/funavuv\/wp\/v2\/posts"}],"about":[{"href":"https:\/\/darkamazi.site\/funavuv\/wp\/v2\/types\/post"}],"author":[{"embeddable":true,"href":"https:\/\/darkamazi.site\/funavuv\/wp\/v2\/users\/2"}],"replies":[{"embeddable":true,"href":"https:\/\/darkamazi.site\/funavuv\/wp\/v2\/comments?post=1035813"}],"version-history":[{"count":0,"href":"https:\/\/darkamazi.site\/funavuv\/wp\/v2\/posts\/1035813\/revisions"}],"wp:featuredmedia":[{"embeddable":true,"href":"https:\/\/darkamazi.site\/funavuv\/wp\/v2\/media\/1035814"}],"wp:attachment":[{"href":"https:\/\/darkamazi.site\/funavuv\/wp\/v2\/media?parent=1035813"}],"wp:term":[{"taxonomy":"category","embeddable":true,"href":"https:\/\/darkamazi.site\/funavuv\/wp\/v2\/categories?post=1035813"},{"taxonomy":"post_tag","embeddable":true,"href":"https:\/\/darkamazi.site\/funavuv\/wp\/v2\/tags?post=1035813"}],"curies":[{"name":"wp","href":"https:\/\/api.w.org\/{rel}","templated":true}]}}