{"id":1035816,"date":"2025-12-01T18:55:26","date_gmt":"2025-12-01T15:55:26","guid":{"rendered":"https:\/\/darkamazi.site\/?p=1035816"},"modified":"2025-12-01T19:00:09","modified_gmt":"2025-12-01T16:00:09","slug":"herki-asireti-lacan-koyu-provokasyonu-hakkinda-aciklama-yapti-disardan-bazi-cevreler-olayi-kiskirtiyor","status":"publish","type":"post","link":"https:\/\/darkamazi.site\/archives\/1035816","title":{"rendered":"Herki A\u015fireti Lacan k\u00f6y\u00fc provokasyonu hakk\u0131nda a\u00e7\u0131klama yapt\u0131: D\u0131\u015fardan baz\u0131 \u00e7evreler olay\u0131 k\u0131\u015fk\u0131rt\u0131yor"},"content":{"rendered":"<p style=\"text-align: justify\">29 Kas\u0131m\u2019dan bu yana Hewler\u2019in Guwer il\u00e7esine ba\u011fl\u0131 Lacan k\u00f6y\u00fcnde baz\u0131 \u00e7evreler provakasyon yapmaya \u00e7al\u0131\u015f\u0131yor. Herki a\u015fireti liderleri ve ileri gelenleri medyada bir a\u00e7\u0131klama yaparak ya\u015fananlar\u0131 anlatt\u0131 ve \u201cProvokasyona ortak olmayaca\u011f\u0131z\u201d mesaj\u0131 verdi.<\/p>\n<p style=\"text-align: justify\"><strong>Lacan\u2019da neler ya\u015fand\u0131?<\/strong><\/p>\n<p style=\"text-align: justify\">Lacan k\u00f6y\u00fc yak\u0131nlar\u0131nda bulunan Lanaz Petrol rafinerisi \u00e7evresinde ge\u00e7ti\u011fimiz g\u00fcn Herki A\u015firetine mensup bir gurup toplanarak \u201cRafineri bizim alan\u0131m\u0131zda ama bizden i\u015f\u00e7i alm\u0131yor\u201d diyerek bir protesto d\u00fczenledi. Ba\u015flang\u0131\u00e7ta normal seyrinde giden protestoda birka\u00e7 saat sonra d\u0131\u015fardan gelen silahl\u0131 bir gurup rafineri \u00e7al\u0131\u015fanlar\u0131na ve binalara ate\u015f ederek provokasyon yaratmak istedi.<\/p>\n<p style=\"text-align: justify\">Eylemlerinin provoke edildi\u011fini g\u00f6ren yerel halk eylem alan\u0131ndan \u00e7ekildi ve provokasyoncu gurup ile rafinerinin g\u00fcvenli\u011fi aras\u0131nda \u00e7at\u0131\u015fma ya\u015fand\u0131.<\/p>\n<p style=\"text-align: justify\">Tam da Ba\u015fkan Barzani\u2019nin Cizre\u2019deki Mele Ciziri 4. Uluslararas\u0131 sempozyumuna kat\u0131ld\u0131\u011f\u0131 yap\u0131lan olay YNK ve T\u00fcrk medyas\u0131 taraf\u0131ndan bilin\u00e7li olarak \u00e7arpt\u0131r\u0131ld\u0131. Olay medyada \u201conlarca ki\u015fi \u00f6ld\u00fcr\u00fcld\u00fc, dev protesto, herkiler KDP\u2019ye ba\u015f kald\u0131rd\u0131\u201d man\u015fetleri ile verildi.<\/p>\n<p style=\"text-align: justify\">Bug\u00fcn ise YNK\u2019ye ba\u011fl\u0131 Channel 8 adl\u0131 televizyon Asayi\u015f ve Pe\u015fmerge g\u00fc\u00e7leri halka sald\u0131rd\u0131, Lacan k\u00f6y\u00fc bo\u015falt\u0131l\u0131yor, halk evlerinden \u00e7\u0131kar\u0131ld\u0131 bi\u00e7imde haberler yapt\u0131.<\/p>\n<p>Di\u011fer dikkat \u00e7eken nokta ise olaylarda \u00f6ld\u00fcr\u00fclen gencin b\u00f6lge halk\u0131ndan olmamas\u0131 ve Kerk\u00fck&#8217;ten olay yerine gelmi\u015f olmas\u0131yd\u0131. Bo\u015f bir arazi ve yol hatt\u0131 olmayan k\u00f6ye Kerk\u00fck&#8217;ten bir ki\u015finin gelme nedeni ise anla\u015f\u0131lmad\u0131\u011f\u0131 gibi k\u00f6yl\u00fclerin &#8220;d\u0131\u015fardan silahl\u0131 guruplar geldi&#8221; demesini destekler bir konu olarak ortaya \u00e7\u0131kt\u0131.<\/p>\n<p style=\"text-align: justify\"><strong>Herki ileri gelenlerinden bas\u0131n a\u00e7\u0131klamas\u0131: D\u0131\u015fardan bir el olaylar\u0131 organize etti<\/strong><\/p>\n<p style=\"text-align: justify\">Basit bir eylemin provoke edilmesi nedeni ile Herki A\u015firet liderleri bir a\u00e7\u0131klama yay\u0131nlayarak provokasyoncular\u0131 k\u0131nad\u0131 ve \u201ch\u00fck\u00fcmet do\u011fru yap\u0131yor\u201d dedi.<\/p>\n<p style=\"text-align: justify\">Herki a\u015firet liderlerinin a\u00e7\u0131klamas\u0131 \u015f\u00f6yle: Ya\u015fanan olaylardan dolay\u0131 \u00e7ok \u00fczg\u00fcn\u00fcz. Bizler \u015fehitler vermi\u015f bir halk\u0131z. Bizim ne KDP ile ne de h\u00fck\u00fcmet ile bir sorunumuz yok. Bizim sorumuz rafineri y\u00f6netimi ile. \u00a0Rafineri yetkililerinden yap\u0131lan bir talep var. Bir gurup gen\u00e7 gidiyor. Fakat ismini burada s\u00f6ylemeyece\u011fimiz ba\u015fka bir partiye mensup biri bir gurup \u00f6rg\u00fctl\u00fcyor ve eylemi provoke ediyor.<\/p>\n<p style=\"text-align: justify\">\u00a0Bu ki\u015fi Avrupa\u2019da ya\u015fayan biridir. Yani Lacan k\u00f6y\u00fcn\u00fc kendi siyasi ama\u00e7lar\u0131na alet etmek ve rant elde etmek istemi\u015fler. \u00a0Silah kullananlar bu k\u00f6y\u00fcn insanlar\u0131 de\u011fil.\u00a0 D\u0131\u015fardan getirilmi\u015fler. Bu durumu kabul etmiyoruz. Ayr\u0131ca medyada \u00e7\u0131kan Lacan k\u00f6y\u00fc bo\u015falt\u0131l\u0131yor haberleri de yaland\u0131r. Halk k\u00f6ydedir. Baz\u0131 aileler ya\u015fanan \u00e7at\u0131\u015fma nedeni ile korkmu\u015f ve ka\u00e7m\u0131\u015flar. Yoksa kimse ka\u00e7\u0131rmam\u0131\u015f. Burada bulanan Pe\u015fmergeler de bizi korumak i\u00e7in var.<\/p>\n<p style=\"text-align: justify\">Ayr\u0131ca k\u00f6yden 30 insan\u0131n ka\u00e7\u0131r\u0131ld\u0131\u011f\u0131 haberi de yaland\u0131r. Biz kendimiz k\u00f6y\u00fcn ileri gelenleri, aileleri silah kullanan 5 ki\u015fi kendimiz al\u0131p asayi\u015f g\u00fc\u00e7lerine teslim ettik. \u00c7\u00fcnk\u00fc onlar yanl\u0131\u015f yapm\u0131\u015flar. Biz hukuka ve adalete g\u00fcveniyoruz.<\/p>\n<p style=\"text-align: justify\">Biz burada bulananlar bu k\u00f6y\u00fcn insanlar\u0131z. Bizim KDP ile h\u00fck\u00fcmet ile asayi\u015f ile sorunumuz yoktur. Kirli ellerini k\u00f6y\u00fcm\u00fczden \u00e7eksinler.\u201d<\/p>\n<p style=\"text-align: justify\"><strong>Olaylar\u0131n arkas\u0131nda kim var?<br \/>\n<\/strong>Herki a\u015fireti ve \u00e7evrede ya\u015fayan halk ya\u015fanan olaylar\u0131n arkas\u0131nda YNK\u2019nin oldu\u011funa inan\u0131yor. Bir\u00e7ok siyaset\u00e7i sosyal medyada yapt\u0131\u011f\u0131 a\u00e7\u0131klamada YNK\u2019nin se\u00e7im yenilgisinden sonra Hewler ve Duhok\u2019ta provokasyon i\u00e7in elinden geleni yapt\u0131\u011f\u0131n ve halk ile g\u00fcvenlik g\u00fc\u00e7leri \u00e7at\u0131\u015f\u0131yor gibi bir hava estirmek istedi\u011fini belirtiyor.<\/p>\n<p style=\"text-align: justify\">Nizar Herki adl\u0131 siyasi aktivist konuya ili\u015fkin olarak: \u201cYNK Herkileri b\u00f6lmek ve S\u00fcleymaniye\u2019deki \u00e7at\u0131\u015fma k\u00fclt\u00fcr\u00fcn\u00fc burada da varm\u0131\u015f gibi yans\u0131tmak istiyor. Gen\u00e7lerimiz bu oyuna gelmez\u201d dedi.<\/p>\n<p style=\"text-align: justify\">YNK\u2019nin 11 Kas\u0131m se\u00e7imlerinden sonra ald\u0131\u011f\u0131 yenilgi nedeni ile provakasyonlar yapmak istedi\u011fi ve halk\u0131 k\u0131\u015fk\u0131rtmaya \u00e7al\u0131\u015ft\u0131\u011f\u0131 biliniyor. Lanaz rafinerisine sald\u0131r\u0131 da tam Kor Mor gaz sahas\u0131n\u0131n vurulmas\u0131 ve K\u00fcrdistan\u2019da elektirik kesintisinden sonra yap\u0131ld\u0131. En \u00e7ok rafineriye ihtiya\u00e7 duyulan bir d\u00f6nemde rafinerinin \u00e7al\u0131\u015fmas\u0131 engellendi.<\/p>\n","protected":false},"excerpt":{"rendered":"<p>29 Kas\u0131m\u2019dan bu yana Hewler\u2019in Guwer il\u00e7esine ba\u011fl\u0131 Lacan k\u00f6y\u00fcnde baz\u0131 \u00e7evreler provakasyon yapmaya \u00e7al\u0131\u015f\u0131yor. Herki a\u015fireti liderleri ve ileri gelenleri medyada bir a\u00e7\u0131klama yaparak ya\u015fananlar\u0131 anlatt\u0131 ve \u201cProvokasyona ortak olmayaca\u011f\u0131z\u201d mesaj\u0131 verdi. Lacan\u2019da neler ya\u015fand\u0131? Lacan k\u00f6y\u00fc yak\u0131nlar\u0131nda bulunan Lanaz Petrol rafinerisi \u00e7evresinde ge\u00e7ti\u011fimiz g\u00fcn Herki A\u015firetine mensup bir gurup toplanarak \u201cRafineri bizim alan\u0131m\u0131zda [&hellip;]<\/p>\n","protected":false},"author":2,"featured_media":1035817,"comment_status":"closed","ping_status":"closed","sticky":false,"template":"","format":"standard","meta":{"footnotes":""},"categories":[3],"tags":[31],"class_list":["post-1035816","post","type-post","status-publish","format-standard","has-post-thumbnail","hentry","category-kurdistan","tag-onemli"],"blocksy_meta":[],"seo_head":"<!-- This site is optimized with the Yoast SEO plugin v27.5 - https:\/\/yoast.com\/product\/yoast-seo-wordpress\/ -->\n<title>Herki A\u015fireti Lacan k\u00f6y\u00fc provokasyonu hakk\u0131nda a\u00e7\u0131klama yapt\u0131: D\u0131\u015fardan baz\u0131 \u00e7evreler olay\u0131 k\u0131\u015fk\u0131rt\u0131yor - Darka Mazi<\/title>\n<meta name=\"robots\" content=\"index, follow, max-snippet:-1, max-image-preview:large, max-video-preview:-1\" \/>\n<link rel=\"canonical\" href=\"https:\/\/darkamazi.site\/archives\/1035816\" \/>\n<meta property=\"og:locale\" content=\"en_US\" \/>\n<meta property=\"og:type\" content=\"article\" \/>\n<meta property=\"og:title\" content=\"Herki A\u015fireti Lacan k\u00f6y\u00fc provokasyonu hakk\u0131nda a\u00e7\u0131klama yapt\u0131: D\u0131\u015fardan baz\u0131 \u00e7evreler olay\u0131 k\u0131\u015fk\u0131rt\u0131yor - Darka Mazi\" \/>\n<meta property=\"og:description\" content=\"29 Kas\u0131m\u2019dan bu yana Hewler\u2019in Guwer il\u00e7esine ba\u011fl\u0131 Lacan k\u00f6y\u00fcnde baz\u0131 \u00e7evreler provakasyon yapmaya \u00e7al\u0131\u015f\u0131yor. Herki a\u015fireti liderleri ve ileri gelenleri medyada bir a\u00e7\u0131klama yaparak ya\u015fananlar\u0131 anlatt\u0131 ve \u201cProvokasyona ortak olmayaca\u011f\u0131z\u201d mesaj\u0131 verdi. Lacan\u2019da neler ya\u015fand\u0131? Lacan k\u00f6y\u00fc yak\u0131nlar\u0131nda bulunan Lanaz Petrol rafinerisi \u00e7evresinde ge\u00e7ti\u011fimiz g\u00fcn Herki A\u015firetine mensup bir gurup toplanarak \u201cRafineri bizim alan\u0131m\u0131zda [&hellip;]\" \/>\n<meta property=\"og:url\" content=\"https:\/\/darkamazi.site\/archives\/1035816\" \/>\n<meta property=\"og:site_name\" content=\"Darka Mazi\" \/>\n<meta property=\"article:publisher\" content=\"https:\/\/www.facebook.com\/DarkaMaziturkce\" \/>\n<meta property=\"article:published_time\" content=\"2025-12-01T15:55:26+00:00\" \/>\n<meta property=\"article:modified_time\" content=\"2025-12-01T16:00:09+00:00\" \/>\n<meta property=\"og:image\" content=\"https:\/\/darkamazi.site\/file\/2025\/12\/Lanaz-koyu-aciklamasi.jpg\" \/>\n\t<meta property=\"og:image:width\" content=\"1200\" \/>\n\t<meta property=\"og:image:height\" content=\"720\" \/>\n\t<meta property=\"og:image:type\" content=\"image\/jpeg\" \/>\n<meta name=\"author\" content=\"darka mazi\" \/>\n<meta name=\"twitter:card\" content=\"summary_large_image\" \/>\n<meta name=\"twitter:creator\" content=\"@DarkaMaziTurkce\" \/>\n<meta name=\"twitter:site\" content=\"@DarkaMaziTurkce\" \/>\n<meta name=\"twitter:label1\" content=\"Written by\" \/>\n\t<meta name=\"twitter:data1\" content=\"darka mazi\" \/>\n\t<meta name=\"twitter:label2\" content=\"Est. reading time\" \/>\n\t<meta name=\"twitter:data2\" content=\"3 minutes\" \/>\n<script type=\"application\/ld+json\" class=\"seo-schema-graph\">{\"@context\":\"https:\\\/\\\/schema.org\",\"@graph\":[{\"@type\":\"NewsArticle\",\"@id\":\"https:\\\/\\\/darkamazi.site\\\/archives\\\/1035816#article\",\"isPartOf\":{\"@id\":\"https:\\\/\\\/darkamazi.site\\\/archives\\\/1035816\"},\"author\":{\"name\":\"darka mazi\",\"@id\":\"https:\\\/\\\/darkamazi.site\\\/#\\\/schema\\\/person\\\/67986a95ac546c16760365877ef4a9d3\"},\"headline\":\"Herki A\u015fireti Lacan k\u00f6y\u00fc provokasyonu hakk\u0131nda a\u00e7\u0131klama yapt\u0131: D\u0131\u015fardan baz\u0131 \u00e7evreler olay\u0131 k\u0131\u015fk\u0131rt\u0131yor\",\"datePublished\":\"2025-12-01T15:55:26+00:00\",\"dateModified\":\"2025-12-01T16:00:09+00:00\",\"mainEntityOfPage\":{\"@id\":\"https:\\\/\\\/darkamazi.site\\\/archives\\\/1035816\"},\"wordCount\":741,\"publisher\":{\"@id\":\"https:\\\/\\\/darkamazi.site\\\/#organization\"},\"image\":{\"@id\":\"https:\\\/\\\/darkamazi.site\\\/archives\\\/1035816#primaryimage\"},\"thumbnailUrl\":\"https:\\\/\\\/darkamazi.site\\\/darka-content\\\/uploads\\\/2025\\\/12\\\/Lanaz-koyu-aciklamasi.jpg\",\"keywords\":[\"\u00f6nemli\"],\"articleSection\":[\"Kurdistan\"],\"inLanguage\":\"en-US\"},{\"@type\":\"WebPage\",\"@id\":\"https:\\\/\\\/darkamazi.site\\\/archives\\\/1035816\",\"url\":\"https:\\\/\\\/darkamazi.site\\\/archives\\\/1035816\",\"name\":\"Herki A\u015fireti Lacan k\u00f6y\u00fc provokasyonu hakk\u0131nda a\u00e7\u0131klama yapt\u0131: D\u0131\u015fardan baz\u0131 \u00e7evreler olay\u0131 k\u0131\u015fk\u0131rt\u0131yor - Darka Mazi\",\"isPartOf\":{\"@id\":\"https:\\\/\\\/darkamazi.site\\\/#website\"},\"primaryImageOfPage\":{\"@id\":\"https:\\\/\\\/darkamazi.site\\\/archives\\\/1035816#primaryimage\"},\"image\":{\"@id\":\"https:\\\/\\\/darkamazi.site\\\/archives\\\/1035816#primaryimage\"},\"thumbnailUrl\":\"https:\\\/\\\/darkamazi.site\\\/darka-content\\\/uploads\\\/2025\\\/12\\\/Lanaz-koyu-aciklamasi.jpg\",\"datePublished\":\"2025-12-01T15:55:26+00:00\",\"dateModified\":\"2025-12-01T16:00:09+00:00\",\"breadcrumb\":{\"@id\":\"https:\\\/\\\/darkamazi.site\\\/archives\\\/1035816#breadcrumb\"},\"inLanguage\":\"en-US\",\"potentialAction\":[{\"@type\":\"ReadAction\",\"target\":[\"https:\\\/\\\/darkamazi.site\\\/archives\\\/1035816\"]}]},{\"@type\":\"ImageObject\",\"inLanguage\":\"en-US\",\"@id\":\"https:\\\/\\\/darkamazi.site\\\/archives\\\/1035816#primaryimage\",\"url\":\"https:\\\/\\\/darkamazi.site\\\/darka-content\\\/uploads\\\/2025\\\/12\\\/Lanaz-koyu-aciklamasi.jpg\",\"contentUrl\":\"https:\\\/\\\/darkamazi.site\\\/darka-content\\\/uploads\\\/2025\\\/12\\\/Lanaz-koyu-aciklamasi.jpg\",\"width\":1200,\"height\":720,\"caption\":\"Herki A\u015fireti Lacan k\u00f6y\u00fc provokasyonu hakk\u0131nda a\u00e7\u0131klama yapt\u0131: D\u0131\u015fardan baz\u0131 \u00e7evreler olay\u0131 k\u0131\u015fk\u0131rt\u0131yor\"},{\"@type\":\"BreadcrumbList\",\"@id\":\"https:\\\/\\\/darkamazi.site\\\/archives\\\/1035816#breadcrumb\",\"itemListElement\":[{\"@type\":\"ListItem\",\"position\":1,\"name\":\"Home\",\"item\":\"https:\\\/\\\/darkamazi.site\\\/\"},{\"@type\":\"ListItem\",\"position\":2,\"name\":\"Herki A\u015fireti Lacan k\u00f6y\u00fc provokasyonu hakk\u0131nda a\u00e7\u0131klama yapt\u0131: D\u0131\u015fardan baz\u0131 \u00e7evreler olay\u0131 k\u0131\u015fk\u0131rt\u0131yor\"}]},{\"@type\":\"WebSite\",\"@id\":\"https:\\\/\\\/darkamazi.site\\\/#website\",\"url\":\"https:\\\/\\\/darkamazi.site\\\/\",\"name\":\"Darka Mazi\",\"description\":\"Ana Sayfa\",\"publisher\":{\"@id\":\"https:\\\/\\\/darkamazi.site\\\/#organization\"},\"potentialAction\":[{\"@type\":\"SearchAction\",\"target\":{\"@type\":\"EntryPoint\",\"urlTemplate\":\"https:\\\/\\\/darkamazi.site\\\/?s={search_term_string}\"},\"query-input\":{\"@type\":\"PropertyValueSpecification\",\"valueRequired\":true,\"valueName\":\"search_term_string\"}}],\"inLanguage\":\"en-US\"},{\"@type\":\"Organization\",\"@id\":\"https:\\\/\\\/darkamazi.site\\\/#organization\",\"name\":\"Darka Mazi T\u00fcrk\u00e7e\",\"alternateName\":\"Darka Mazi\",\"url\":\"https:\\\/\\\/darkamazi.site\\\/\",\"logo\":{\"@type\":\"ImageObject\",\"inLanguage\":\"en-US\",\"@id\":\"https:\\\/\\\/darkamazi.site\\\/#\\\/schema\\\/logo\\\/image\\\/\",\"url\":\"https:\\\/\\\/darkamazi.site\\\/darka-content\\\/uploads\\\/2017\\\/12\\\/darka-mazi-logo.png\",\"contentUrl\":\"https:\\\/\\\/darkamazi.site\\\/darka-content\\\/uploads\\\/2017\\\/12\\\/darka-mazi-logo.png\",\"width\":151,\"height\":75,\"caption\":\"Darka Mazi T\u00fcrk\u00e7e\"},\"image\":{\"@id\":\"https:\\\/\\\/darkamazi.site\\\/#\\\/schema\\\/logo\\\/image\\\/\"},\"sameAs\":[\"https:\\\/\\\/www.facebook.com\\\/DarkaMaziturkce\",\"https:\\\/\\\/x.com\\\/DarkaMaziTurkce\"]},{\"@type\":\"Person\",\"@id\":\"https:\\\/\\\/darkamazi.site\\\/#\\\/schema\\\/person\\\/67986a95ac546c16760365877ef4a9d3\",\"name\":\"darka mazi\",\"sameAs\":[\"https:\\\/\\\/darkamazi.site\"],\"url\":\"https:\\\/\\\/darkamazi.site\\\/archives\\\/author\\\/turkish\"}]}<\/script>\n<!-- \/ Yoast SEO plugin. -->","seo_head_json":{"title":"Herki A\u015fireti Lacan k\u00f6y\u00fc provokasyonu hakk\u0131nda a\u00e7\u0131klama yapt\u0131: D\u0131\u015fardan baz\u0131 \u00e7evreler olay\u0131 k\u0131\u015fk\u0131rt\u0131yor - Darka Mazi","robots":{"index":"index","follow":"follow","max-snippet":"max-snippet:-1","max-image-preview":"max-image-preview:large","max-video-preview":"max-video-preview:-1"},"canonical":"https:\/\/darkamazi.site\/archives\/1035816","og_locale":"en_US","og_type":"article","og_title":"Herki A\u015fireti Lacan k\u00f6y\u00fc provokasyonu hakk\u0131nda a\u00e7\u0131klama yapt\u0131: D\u0131\u015fardan baz\u0131 \u00e7evreler olay\u0131 k\u0131\u015fk\u0131rt\u0131yor - Darka Mazi","og_description":"29 Kas\u0131m\u2019dan bu yana Hewler\u2019in Guwer il\u00e7esine ba\u011fl\u0131 Lacan k\u00f6y\u00fcnde baz\u0131 \u00e7evreler provakasyon yapmaya \u00e7al\u0131\u015f\u0131yor. Herki a\u015fireti liderleri ve ileri gelenleri medyada bir a\u00e7\u0131klama yaparak ya\u015fananlar\u0131 anlatt\u0131 ve \u201cProvokasyona ortak olmayaca\u011f\u0131z\u201d mesaj\u0131 verdi. Lacan\u2019da neler ya\u015fand\u0131? Lacan k\u00f6y\u00fc yak\u0131nlar\u0131nda bulunan Lanaz Petrol rafinerisi \u00e7evresinde ge\u00e7ti\u011fimiz g\u00fcn Herki A\u015firetine mensup bir gurup toplanarak \u201cRafineri bizim alan\u0131m\u0131zda [&hellip;]","og_url":"https:\/\/darkamazi.site\/archives\/1035816","og_site_name":"Darka Mazi","article_publisher":"https:\/\/www.facebook.com\/DarkaMaziturkce","article_published_time":"2025-12-01T15:55:26+00:00","article_modified_time":"2025-12-01T16:00:09+00:00","og_image":[{"width":1200,"height":720,"url":"https:\/\/darkamazi.site\/file\/2025\/12\/Lanaz-koyu-aciklamasi.jpg","type":"image\/jpeg"}],"author":"darka mazi","twitter_card":"summary_large_image","twitter_creator":"@DarkaMaziTurkce","twitter_site":"@DarkaMaziTurkce","twitter_misc":{"Written by":"darka mazi","Est. reading time":"3 minutes"},"schema":{"@context":"https:\/\/schema.org","@graph":[{"@type":"NewsArticle","@id":"https:\/\/darkamazi.site\/archives\/1035816#article","isPartOf":{"@id":"https:\/\/darkamazi.site\/archives\/1035816"},"author":{"name":"darka mazi","@id":"https:\/\/darkamazi.site\/#\/schema\/person\/67986a95ac546c16760365877ef4a9d3"},"headline":"Herki A\u015fireti Lacan k\u00f6y\u00fc provokasyonu hakk\u0131nda a\u00e7\u0131klama yapt\u0131: D\u0131\u015fardan baz\u0131 \u00e7evreler olay\u0131 k\u0131\u015fk\u0131rt\u0131yor","datePublished":"2025-12-01T15:55:26+00:00","dateModified":"2025-12-01T16:00:09+00:00","mainEntityOfPage":{"@id":"https:\/\/darkamazi.site\/archives\/1035816"},"wordCount":741,"publisher":{"@id":"https:\/\/darkamazi.site\/#organization"},"image":{"@id":"https:\/\/darkamazi.site\/archives\/1035816#primaryimage"},"thumbnailUrl":"https:\/\/darkamazi.site\/file\/2025\/12\/Lanaz-koyu-aciklamasi.jpg","keywords":["\u00f6nemli"],"articleSection":["Kurdistan"],"inLanguage":"en-US"},{"@type":"WebPage","@id":"https:\/\/darkamazi.site\/archives\/1035816","url":"https:\/\/darkamazi.site\/archives\/1035816","name":"Herki A\u015fireti Lacan k\u00f6y\u00fc provokasyonu hakk\u0131nda a\u00e7\u0131klama yapt\u0131: D\u0131\u015fardan baz\u0131 \u00e7evreler olay\u0131 k\u0131\u015fk\u0131rt\u0131yor - Darka Mazi","isPartOf":{"@id":"https:\/\/darkamazi.site\/#website"},"primaryImageOfPage":{"@id":"https:\/\/darkamazi.site\/archives\/1035816#primaryimage"},"image":{"@id":"https:\/\/darkamazi.site\/archives\/1035816#primaryimage"},"thumbnailUrl":"https:\/\/darkamazi.site\/file\/2025\/12\/Lanaz-koyu-aciklamasi.jpg","datePublished":"2025-12-01T15:55:26+00:00","dateModified":"2025-12-01T16:00:09+00:00","breadcrumb":{"@id":"https:\/\/darkamazi.site\/archives\/1035816#breadcrumb"},"inLanguage":"en-US","potentialAction":[{"@type":"ReadAction","target":["https:\/\/darkamazi.site\/archives\/1035816"]}]},{"@type":"ImageObject","inLanguage":"en-US","@id":"https:\/\/darkamazi.site\/archives\/1035816#primaryimage","url":"https:\/\/darkamazi.site\/file\/2025\/12\/Lanaz-koyu-aciklamasi.jpg","contentUrl":"https:\/\/darkamazi.site\/file\/2025\/12\/Lanaz-koyu-aciklamasi.jpg","width":1200,"height":720,"caption":"Herki A\u015fireti Lacan k\u00f6y\u00fc provokasyonu hakk\u0131nda a\u00e7\u0131klama yapt\u0131: D\u0131\u015fardan baz\u0131 \u00e7evreler olay\u0131 k\u0131\u015fk\u0131rt\u0131yor"},{"@type":"BreadcrumbList","@id":"https:\/\/darkamazi.site\/archives\/1035816#breadcrumb","itemListElement":[{"@type":"ListItem","position":1,"name":"Home","item":"https:\/\/darkamazi.site\/"},{"@type":"ListItem","position":2,"name":"Herki A\u015fireti Lacan k\u00f6y\u00fc provokasyonu hakk\u0131nda a\u00e7\u0131klama yapt\u0131: D\u0131\u015fardan baz\u0131 \u00e7evreler olay\u0131 k\u0131\u015fk\u0131rt\u0131yor"}]},{"@type":"WebSite","@id":"https:\/\/darkamazi.site\/#website","url":"https:\/\/darkamazi.site\/","name":"Darka Mazi","description":"Ana Sayfa","publisher":{"@id":"https:\/\/darkamazi.site\/#organization"},"potentialAction":[{"@type":"SearchAction","target":{"@type":"EntryPoint","urlTemplate":"https:\/\/darkamazi.site\/?s={search_term_string}"},"query-input":{"@type":"PropertyValueSpecification","valueRequired":true,"valueName":"search_term_string"}}],"inLanguage":"en-US"},{"@type":"Organization","@id":"https:\/\/darkamazi.site\/#organization","name":"Darka Mazi T\u00fcrk\u00e7e","alternateName":"Darka Mazi","url":"https:\/\/darkamazi.site\/","logo":{"@type":"ImageObject","inLanguage":"en-US","@id":"https:\/\/darkamazi.site\/#\/schema\/logo\/image\/","url":"https:\/\/darkamazi.site\/file\/2017\/12\/darka-mazi-logo.png","contentUrl":"https:\/\/darkamazi.site\/file\/2017\/12\/darka-mazi-logo.png","width":151,"height":75,"caption":"Darka Mazi T\u00fcrk\u00e7e"},"image":{"@id":"https:\/\/darkamazi.site\/#\/schema\/logo\/image\/"},"sameAs":["https:\/\/www.facebook.com\/DarkaMaziturkce","https:\/\/x.com\/DarkaMaziTurkce"]},{"@type":"Person","@id":"https:\/\/darkamazi.site\/#\/schema\/person\/67986a95ac546c16760365877ef4a9d3","name":"darka mazi","sameAs":["https:\/\/darkamazi.site"],"url":"https:\/\/darkamazi.site\/archives\/author\/turkish"}]}},"_links":{"self":[{"href":"https:\/\/darkamazi.site\/funavuv\/wp\/v2\/posts\/1035816","targetHints":{"allow":["GET"]}}],"collection":[{"href":"https:\/\/darkamazi.site\/funavuv\/wp\/v2\/posts"}],"about":[{"href":"https:\/\/darkamazi.site\/funavuv\/wp\/v2\/types\/post"}],"author":[{"embeddable":true,"href":"https:\/\/darkamazi.site\/funavuv\/wp\/v2\/users\/2"}],"replies":[{"embeddable":true,"href":"https:\/\/darkamazi.site\/funavuv\/wp\/v2\/comments?post=1035816"}],"version-history":[{"count":0,"href":"https:\/\/darkamazi.site\/funavuv\/wp\/v2\/posts\/1035816\/revisions"}],"wp:featuredmedia":[{"embeddable":true,"href":"https:\/\/darkamazi.site\/funavuv\/wp\/v2\/media\/1035817"}],"wp:attachment":[{"href":"https:\/\/darkamazi.site\/funavuv\/wp\/v2\/media?parent=1035816"}],"wp:term":[{"taxonomy":"category","embeddable":true,"href":"https:\/\/darkamazi.site\/funavuv\/wp\/v2\/categories?post=1035816"},{"taxonomy":"post_tag","embeddable":true,"href":"https:\/\/darkamazi.site\/funavuv\/wp\/v2\/tags?post=1035816"}],"curies":[{"name":"wp","href":"https:\/\/api.w.org\/{rel}","templated":true}]}}