{"id":1035821,"date":"2025-12-01T19:19:36","date_gmt":"2025-12-01T16:19:36","guid":{"rendered":"https:\/\/darkamazi.site\/?p=1035821"},"modified":"2025-12-01T19:19:36","modified_gmt":"2025-12-01T16:19:36","slug":"irakta-kartlar-yeniden-dagitilirken-erbil-yeni-guc-merkezi-mi-oluyor","status":"publish","type":"post","link":"https:\/\/darkamazi.site\/archives\/1035821","title":{"rendered":"Irak\u2019ta kartlar yeniden da\u011f\u0131t\u0131l\u0131rken: Erbil yeni g\u00fc\u00e7 merkezi mi oluyor?"},"content":{"rendered":"<p class=\"post-summary\" style=\"text-align: justify\">Do\u011falgaz sahalar\u0131na y\u00f6nelik sald\u0131r\u0131lar, \u0130ran\u2013ABD gerilimi ve b\u00f6lgesel dengelerdeki h\u0131zl\u0131 de\u011fi\u015fim; Irak\u2019ta K\u00fcrdistan B\u00f6lgesi\u2019nin yeniden belirleyici bir siyasi g\u00fc\u00e7 olarak \u00f6ne \u00e7\u0131kt\u0131\u011f\u0131na i\u015faret ediyor. Erbil\u2019in rol\u00fc, Ba\u011fdat\u2019\u0131n ve b\u00f6lgenin gelece\u011fini belirleyebilir.<\/p>\n<p style=\"font-weight: 400;text-align: justify\">Irak\u2019\u0131n Kor Mor do\u011falgaz sahas\u0131na yap\u0131lan son sald\u0131r\u0131 ve bunu izleyen yerel ile uluslararas\u0131 tepkiler, b\u00f6lgede g\u00f6z ard\u0131 edilemeyecek i\u015faretler verdi. Bu geli\u015fme, \u0130ran\u2019a yak\u0131n partilerin g\u00fc\u00e7 kazand\u0131\u011f\u0131 se\u00e7imlerin hemen ard\u0131ndan, silahl\u0131 gruplar\u0131n Irak\u2019\u0131n i\u00e7 ve d\u0131\u015f siyaseti \u00fczerinde bir bask\u0131 arac\u0131na d\u00f6n\u00fc\u015ft\u00fc\u011f\u00fc bir d\u00f6neme denk geldi. Ayn\u0131 zamanda bu s\u00fcre\u00e7, \u0130ran\u2019\u0131n s\u00fcrekli m\u00fcdahaleleri kar\u015f\u0131s\u0131nda Ba\u011fdat ile Washington aras\u0131ndaki g\u00fcveni yeniden tesis etmeye \u00e7al\u0131\u015fan ABD\u2019nin \u00f6zel temsilcisinin y\u00fcr\u00fctt\u00fc\u011f\u00fc misyonla da \u00e7ak\u0131\u015f\u0131yor.<\/p>\n<p style=\"font-weight: 400;text-align: justify\">ABD\u2019nin resmi a\u00e7\u0131klamas\u0131na g\u00f6re Washington, t\u00fcm siyasi, dini ve ekonomik taraflarla \u00e7al\u0131\u015farak \u201cistikrarl\u0131, g\u00fc\u00e7l\u00fc ve b\u00f6lgesel \u00e7at\u0131\u015fmalardan uzak\u201d bir Irak in\u015fa etmeyi hedefliyor. Ancak Ortado\u011fu\u2019daki son geli\u015fmeler, bu hedefin ger\u00e7ekle\u015fmesinde K\u00fcrdistan B\u00f6lgesi\u2019nin a\u011f\u0131rl\u0131\u011f\u0131n\u0131 art\u0131rabilecek yeni bir denge yaratm\u0131\u015f durumda. Bunun temel nedenlerinden biri, K\u00fcrt liderlerle Bat\u0131 aras\u0131ndaki g\u00fc\u00e7l\u00fc ili\u015fkilerin; Ba\u011fdat\u2019taki ideolojik partilerin \u0130ran\u2019la olan ba\u011flar\u0131yla kar\u015f\u0131la\u015ft\u0131r\u0131ld\u0131\u011f\u0131nda \u00e7ok daha istikrarl\u0131 bir zemin sunmas\u0131.<\/p>\n<p style=\"font-weight: 400;text-align: justify\">Son d\u00f6nemde \u0130ran\u2019a y\u00f6nelik sald\u0131r\u0131lar, L\u00fcbnan ve Suriye\u2019de ya\u015fanan k\u00f6kl\u00fc stratejik de\u011fi\u015fimler ve b\u00f6lgesel ittifaklar\u0131n yeniden \u015fekillenmesi, Irak i\u00e7 siyasetini de etkiliyor. ABD\u2019nin Irak\u2019tan \u00e7ekilme tart\u0131\u015fmalar\u0131 s\u0131ras\u0131nda, K\u00fcrdistan B\u00f6lgesi\u2019ni asker\u00ee varl\u0131\u011f\u0131n\u0131 s\u00fcrd\u00fcrmek i\u00e7in g\u00fcvenli bir \u00fcs olarak belirlemesi; petrol ve gaz zengini b\u00f6lgeyi Washington i\u00e7in hem ekonomik hem de g\u00fcvenlik a\u00e7\u0131s\u0131ndan vazge\u00e7ilmez bir ortak haline getiriyor.<\/p>\n<p style=\"font-weight: 400;text-align: justify\">ABD ve Bat\u0131\u2019n\u0131n K\u00fcrdistan B\u00f6lgesi\u2019ne verdi\u011fi \u00f6nem; b\u00f6lgenin yeni Irak d\u00fczeninde sahip oldu\u011fu anayasal stat\u00fc, \u00f6zerk y\u00f6netim kapasitesi ve federal h\u00fck\u00fcmetteki belirleyici rol\u00fcyle a\u00e7\u0131k\u00e7a g\u00f6r\u00fcl\u00fcyor. Nitekim b\u00f6lge, son on y\u0131llarda Bat\u0131\u2019n\u0131n deste\u011fiyle fiilen yar\u0131-ba\u011f\u0131ms\u0131z bir yap\u0131ya kavu\u015fmu\u015f ve bu stat\u00fcy\u00fc korumay\u0131 ba\u015farm\u0131\u015f durumda.<\/p>\n<p style=\"font-weight: 400;text-align: justify\">T\u00fcm bu geli\u015fmeler \u0131\u015f\u0131\u011f\u0131nda, Nuri el-Maliki\u2019nin son Erbil ziyareti, i\u00e7 ve d\u0131\u015f siyasette yakla\u015fan de\u011fi\u015fimlerin habercisi olarak yorumland\u0131. 2025 y\u0131l\u0131, \u0130srail\u2013\u0130ran n\u00fcfuz m\u00fccadelesinin Irak\u2019ta daha \u00f6nce g\u00f6r\u00fclmemi\u015f seviyelere ula\u015fmas\u0131 nedeniyle Ba\u011fdat i\u00e7in olduk\u00e7a zor ge\u00e7ti. Bu durum, mevcut teokratik yap\u0131yla \u201cdemokratik, birle\u015fik bir Irak\u201d hayalini her zamankinden daha uzak hale getirdi.<\/p>\n<p style=\"font-weight: 400;text-align: justify\">Bu ba\u011flamda Erbil\u2019deki s\u0131cak kar\u015f\u0131lama, \u0130ran\u2019a yak\u0131n bir siyasi lider olan Maliki\u2019nin, yeni g\u00fc\u00e7 dengeleri kar\u015f\u0131s\u0131nda K\u00fcrtlerle zorunlu bir uzla\u015f\u0131 aray\u0131\u015f\u0131na girdi\u011fini g\u00f6steriyor. Baz\u0131 siyasi \u00e7evreler, bu ziyaretin; K\u00fcrdistan B\u00f6lgesi Ba\u015fkan\u0131\u2019n\u0131n, geleneksel olarak \u0130ran\u2019a yak\u0131n olan KYB yerine Barzani\u2019ye ba\u011fl\u0131 KDP\u2019den se\u00e7ilmesi kar\u015f\u0131l\u0131\u011f\u0131nda Maliki\u2019ye ba\u015fbakanl\u0131k i\u00e7in destek verilmesi y\u00f6n\u00fcnde bir anla\u015fman\u0131n par\u00e7as\u0131 olabilece\u011fini savunuyor.<\/p>\n<p style=\"font-weight: 400;text-align: justify\">Ayr\u0131ca Washington\u2019\u0131n Irak&#8217;ta yeni h\u00fck\u00fcmetin kurulmas\u0131na do\u011frudan m\u00fcdahil olaca\u011f\u0131, \u201cmilis yap\u0131lar\u0131n\u0131n etkisini sona erdirebilecek bir ba\u015fbakan\u201d se\u00e7ilmesini \u015fart ko\u015faca\u011f\u0131 y\u00f6n\u00fcndeki haberler; siyasi denklemin K\u00fcrtleri daha g\u00fc\u00e7l\u00fc bir konuma ta\u015f\u0131d\u0131\u011f\u0131 izlenimini peki\u015ftiriyor. Bu \u00e7er\u00e7evede hem ABD\u2019ye yak\u0131nl\u0131\u011f\u0131 hem de Bat\u0131\u2019n\u0131n deste\u011fini ald\u0131\u011f\u0131 d\u00fc\u015f\u00fcn\u00fclen mevcut ba\u015fbakan Muhammed \u015eiya es-Sudani\u2019nin yeniden aday g\u00f6sterilmesi ihtimali de dile getiriliyor.<\/p>\n<p style=\"font-weight: 400;text-align: justify\">B\u00f6lgesel geli\u015fmeler ve yeni ittifaklar, K\u00fcrdistan B\u00f6lgesi\u2019ni ABD i\u00e7in daha da vazge\u00e7ilmez bir ortak haline getirmi\u015f durumda. Pe\u015fmerge g\u00fc\u00e7lerinin ABD ile uzun y\u0131llara dayanan g\u00fcvenlik i\u015fbirli\u011fi, b\u00f6lgeyi \u0130ran\u2019\u0131n \u201c\u015eii Hilali\u201d projesine yak\u0131n Irakl\u0131 partilere k\u0131yasla Washington\u2019\u0131n daha g\u00fcvenilir m\u00fcttefiki yap\u0131yor.<\/p>\n<p style=\"font-weight: 400;text-align: justify\">T\u00fcm bu veriler \u0131\u015f\u0131\u011f\u0131nda bir\u00e7ok g\u00f6zlemci, \u0130ran\u2019\u0131n Irak siyaseti \u00fczerindeki etkisinin, ya\u015fanan b\u00f6lgesel k\u0131r\u0131lmalarla birlikte azalmakta oldu\u011funu d\u00fc\u015f\u00fcn\u00fcyor. Buna kar\u015f\u0131n petrol ve gaz zengini K\u00fcrdistan B\u00f6lgesi\u2019nin; Bat\u0131\u2019n\u0131n Irak\u2019taki \u00e7\u0131karlar\u0131n\u0131 koruyan, istikrarl\u0131 ve \u00f6ng\u00f6r\u00fclebilir bir partner olarak \u00f6ne \u00e7\u0131kt\u0131\u011f\u0131 g\u00f6r\u00fcl\u00fcyor.<\/p>\n<p style=\"font-weight: 400;text-align: justify\">Sonu\u00e7 olarak, Irak\u2019\u0131n h\u0131zla de\u011fi\u015fen siyasi ortam\u0131nda Erbil\u2019in rol\u00fc daha \u00f6nce hi\u00e7 olmad\u0131\u011f\u0131 kadar kritik hale gelmi\u015f durumda. Ya\u015fanan geli\u015fmeler, K\u00fcrdistan B\u00f6lgesi\u2019nin Irak\u2019\u0131n gelece\u011finde \u201ckral yap\u0131c\u0131\u201d bir akt\u00f6r olma ihtimalini her zamankinden daha g\u00fc\u00e7l\u00fc k\u0131l\u0131yor.<\/p>\n<p style=\"font-weight: 400;text-align: justify\">\n","protected":false},"excerpt":{"rendered":"<p>Do\u011falgaz sahalar\u0131na y\u00f6nelik sald\u0131r\u0131lar, \u0130ran\u2013ABD gerilimi ve b\u00f6lgesel dengelerdeki h\u0131zl\u0131 de\u011fi\u015fim; Irak\u2019ta K\u00fcrdistan B\u00f6lgesi\u2019nin yeniden belirleyici bir siyasi g\u00fc\u00e7 olarak \u00f6ne \u00e7\u0131kt\u0131\u011f\u0131na i\u015faret ediyor. Erbil\u2019in rol\u00fc, Ba\u011fdat\u2019\u0131n ve b\u00f6lgenin gelece\u011fini belirleyebilir. Irak\u2019\u0131n Kor Mor do\u011falgaz sahas\u0131na yap\u0131lan son sald\u0131r\u0131 ve bunu izleyen yerel ile uluslararas\u0131 tepkiler, b\u00f6lgede g\u00f6z ard\u0131 edilemeyecek i\u015faretler verdi. Bu geli\u015fme, \u0130ran\u2019a [&hellip;]<\/p>\n","protected":false},"author":2,"featured_media":1035822,"comment_status":"closed","ping_status":"closed","sticky":false,"template":"","format":"standard","meta":{"footnotes":""},"categories":[26],"tags":[31],"class_list":["post-1035821","post","type-post","status-publish","format-standard","has-post-thumbnail","hentry","category-forum","tag-onemli"],"blocksy_meta":[],"seo_head":"<!-- This site is optimized with the Yoast SEO plugin v27.5 - https:\/\/yoast.com\/product\/yoast-seo-wordpress\/ -->\n<title>Irak\u2019ta kartlar yeniden da\u011f\u0131t\u0131l\u0131rken: Erbil yeni g\u00fc\u00e7 merkezi mi oluyor? - Darka Mazi<\/title>\n<meta name=\"robots\" content=\"index, follow, max-snippet:-1, max-image-preview:large, max-video-preview:-1\" \/>\n<link rel=\"canonical\" href=\"https:\/\/darkamazi.site\/archives\/1035821\" \/>\n<meta property=\"og:locale\" content=\"en_US\" \/>\n<meta property=\"og:type\" content=\"article\" \/>\n<meta property=\"og:title\" content=\"Irak\u2019ta kartlar yeniden da\u011f\u0131t\u0131l\u0131rken: Erbil yeni g\u00fc\u00e7 merkezi mi oluyor? - Darka Mazi\" \/>\n<meta property=\"og:description\" content=\"Do\u011falgaz sahalar\u0131na y\u00f6nelik sald\u0131r\u0131lar, \u0130ran\u2013ABD gerilimi ve b\u00f6lgesel dengelerdeki h\u0131zl\u0131 de\u011fi\u015fim; Irak\u2019ta K\u00fcrdistan B\u00f6lgesi\u2019nin yeniden belirleyici bir siyasi g\u00fc\u00e7 olarak \u00f6ne \u00e7\u0131kt\u0131\u011f\u0131na i\u015faret ediyor. Erbil\u2019in rol\u00fc, Ba\u011fdat\u2019\u0131n ve b\u00f6lgenin gelece\u011fini belirleyebilir. Irak\u2019\u0131n Kor Mor do\u011falgaz sahas\u0131na yap\u0131lan son sald\u0131r\u0131 ve bunu izleyen yerel ile uluslararas\u0131 tepkiler, b\u00f6lgede g\u00f6z ard\u0131 edilemeyecek i\u015faretler verdi. Bu geli\u015fme, \u0130ran\u2019a [&hellip;]\" \/>\n<meta property=\"og:url\" content=\"https:\/\/darkamazi.site\/archives\/1035821\" \/>\n<meta property=\"og:site_name\" content=\"Darka Mazi\" \/>\n<meta property=\"article:publisher\" content=\"https:\/\/www.facebook.com\/DarkaMaziturkce\" \/>\n<meta property=\"article:published_time\" content=\"2025-12-01T16:19:36+00:00\" \/>\n<meta property=\"og:image\" content=\"https:\/\/darkamazi.site\/file\/2025\/12\/FsUxjKuXwAE0ZZq.jpg\" \/>\n\t<meta property=\"og:image:width\" content=\"1200\" \/>\n\t<meta property=\"og:image:height\" content=\"514\" \/>\n\t<meta property=\"og:image:type\" content=\"image\/jpeg\" \/>\n<meta name=\"author\" content=\"darka mazi\" \/>\n<meta name=\"twitter:card\" content=\"summary_large_image\" \/>\n<meta name=\"twitter:creator\" content=\"@DarkaMaziTurkce\" \/>\n<meta name=\"twitter:site\" content=\"@DarkaMaziTurkce\" \/>\n<meta name=\"twitter:label1\" content=\"Written by\" \/>\n\t<meta name=\"twitter:data1\" content=\"darka mazi\" \/>\n\t<meta name=\"twitter:label2\" content=\"Est. reading time\" \/>\n\t<meta name=\"twitter:data2\" content=\"3 minutes\" \/>\n<script type=\"application\/ld+json\" class=\"seo-schema-graph\">{\"@context\":\"https:\\\/\\\/schema.org\",\"@graph\":[{\"@type\":\"NewsArticle\",\"@id\":\"https:\\\/\\\/darkamazi.site\\\/archives\\\/1035821#article\",\"isPartOf\":{\"@id\":\"https:\\\/\\\/darkamazi.site\\\/archives\\\/1035821\"},\"author\":{\"name\":\"darka mazi\",\"@id\":\"https:\\\/\\\/darkamazi.site\\\/#\\\/schema\\\/person\\\/67986a95ac546c16760365877ef4a9d3\"},\"headline\":\"Irak\u2019ta kartlar yeniden da\u011f\u0131t\u0131l\u0131rken: Erbil yeni g\u00fc\u00e7 merkezi mi oluyor?\",\"datePublished\":\"2025-12-01T16:19:36+00:00\",\"mainEntityOfPage\":{\"@id\":\"https:\\\/\\\/darkamazi.site\\\/archives\\\/1035821\"},\"wordCount\":850,\"publisher\":{\"@id\":\"https:\\\/\\\/darkamazi.site\\\/#organization\"},\"image\":{\"@id\":\"https:\\\/\\\/darkamazi.site\\\/archives\\\/1035821#primaryimage\"},\"thumbnailUrl\":\"https:\\\/\\\/darkamazi.site\\\/darka-content\\\/uploads\\\/2025\\\/12\\\/FsUxjKuXwAE0ZZq.jpg\",\"keywords\":[\"\u00f6nemli\"],\"articleSection\":[\"Forum\"],\"inLanguage\":\"en-US\"},{\"@type\":\"WebPage\",\"@id\":\"https:\\\/\\\/darkamazi.site\\\/archives\\\/1035821\",\"url\":\"https:\\\/\\\/darkamazi.site\\\/archives\\\/1035821\",\"name\":\"Irak\u2019ta kartlar yeniden da\u011f\u0131t\u0131l\u0131rken: Erbil yeni g\u00fc\u00e7 merkezi mi oluyor? - Darka Mazi\",\"isPartOf\":{\"@id\":\"https:\\\/\\\/darkamazi.site\\\/#website\"},\"primaryImageOfPage\":{\"@id\":\"https:\\\/\\\/darkamazi.site\\\/archives\\\/1035821#primaryimage\"},\"image\":{\"@id\":\"https:\\\/\\\/darkamazi.site\\\/archives\\\/1035821#primaryimage\"},\"thumbnailUrl\":\"https:\\\/\\\/darkamazi.site\\\/darka-content\\\/uploads\\\/2025\\\/12\\\/FsUxjKuXwAE0ZZq.jpg\",\"datePublished\":\"2025-12-01T16:19:36+00:00\",\"breadcrumb\":{\"@id\":\"https:\\\/\\\/darkamazi.site\\\/archives\\\/1035821#breadcrumb\"},\"inLanguage\":\"en-US\",\"potentialAction\":[{\"@type\":\"ReadAction\",\"target\":[\"https:\\\/\\\/darkamazi.site\\\/archives\\\/1035821\"]}]},{\"@type\":\"ImageObject\",\"inLanguage\":\"en-US\",\"@id\":\"https:\\\/\\\/darkamazi.site\\\/archives\\\/1035821#primaryimage\",\"url\":\"https:\\\/\\\/darkamazi.site\\\/darka-content\\\/uploads\\\/2025\\\/12\\\/FsUxjKuXwAE0ZZq.jpg\",\"contentUrl\":\"https:\\\/\\\/darkamazi.site\\\/darka-content\\\/uploads\\\/2025\\\/12\\\/FsUxjKuXwAE0ZZq.jpg\",\"width\":1200,\"height\":514,\"caption\":\"Irak\u2019ta kartlar yeniden da\u011f\u0131t\u0131l\u0131rken: Erbil yeni g\u00fc\u00e7 merkezi mi oluyor?\"},{\"@type\":\"BreadcrumbList\",\"@id\":\"https:\\\/\\\/darkamazi.site\\\/archives\\\/1035821#breadcrumb\",\"itemListElement\":[{\"@type\":\"ListItem\",\"position\":1,\"name\":\"Home\",\"item\":\"https:\\\/\\\/darkamazi.site\\\/\"},{\"@type\":\"ListItem\",\"position\":2,\"name\":\"Irak\u2019ta kartlar yeniden da\u011f\u0131t\u0131l\u0131rken: Erbil yeni g\u00fc\u00e7 merkezi mi oluyor?\"}]},{\"@type\":\"WebSite\",\"@id\":\"https:\\\/\\\/darkamazi.site\\\/#website\",\"url\":\"https:\\\/\\\/darkamazi.site\\\/\",\"name\":\"Darka Mazi\",\"description\":\"Ana Sayfa\",\"publisher\":{\"@id\":\"https:\\\/\\\/darkamazi.site\\\/#organization\"},\"potentialAction\":[{\"@type\":\"SearchAction\",\"target\":{\"@type\":\"EntryPoint\",\"urlTemplate\":\"https:\\\/\\\/darkamazi.site\\\/?s={search_term_string}\"},\"query-input\":{\"@type\":\"PropertyValueSpecification\",\"valueRequired\":true,\"valueName\":\"search_term_string\"}}],\"inLanguage\":\"en-US\"},{\"@type\":\"Organization\",\"@id\":\"https:\\\/\\\/darkamazi.site\\\/#organization\",\"name\":\"Darka Mazi T\u00fcrk\u00e7e\",\"alternateName\":\"Darka Mazi\",\"url\":\"https:\\\/\\\/darkamazi.site\\\/\",\"logo\":{\"@type\":\"ImageObject\",\"inLanguage\":\"en-US\",\"@id\":\"https:\\\/\\\/darkamazi.site\\\/#\\\/schema\\\/logo\\\/image\\\/\",\"url\":\"https:\\\/\\\/darkamazi.site\\\/darka-content\\\/uploads\\\/2017\\\/12\\\/darka-mazi-logo.png\",\"contentUrl\":\"https:\\\/\\\/darkamazi.site\\\/darka-content\\\/uploads\\\/2017\\\/12\\\/darka-mazi-logo.png\",\"width\":151,\"height\":75,\"caption\":\"Darka Mazi T\u00fcrk\u00e7e\"},\"image\":{\"@id\":\"https:\\\/\\\/darkamazi.site\\\/#\\\/schema\\\/logo\\\/image\\\/\"},\"sameAs\":[\"https:\\\/\\\/www.facebook.com\\\/DarkaMaziturkce\",\"https:\\\/\\\/x.com\\\/DarkaMaziTurkce\"]},{\"@type\":\"Person\",\"@id\":\"https:\\\/\\\/darkamazi.site\\\/#\\\/schema\\\/person\\\/67986a95ac546c16760365877ef4a9d3\",\"name\":\"darka mazi\",\"sameAs\":[\"https:\\\/\\\/darkamazi.site\"],\"url\":\"https:\\\/\\\/darkamazi.site\\\/archives\\\/author\\\/turkish\"}]}<\/script>\n<!-- \/ Yoast SEO plugin. -->","seo_head_json":{"title":"Irak\u2019ta kartlar yeniden da\u011f\u0131t\u0131l\u0131rken: Erbil yeni g\u00fc\u00e7 merkezi mi oluyor? - Darka Mazi","robots":{"index":"index","follow":"follow","max-snippet":"max-snippet:-1","max-image-preview":"max-image-preview:large","max-video-preview":"max-video-preview:-1"},"canonical":"https:\/\/darkamazi.site\/archives\/1035821","og_locale":"en_US","og_type":"article","og_title":"Irak\u2019ta kartlar yeniden da\u011f\u0131t\u0131l\u0131rken: Erbil yeni g\u00fc\u00e7 merkezi mi oluyor? - Darka Mazi","og_description":"Do\u011falgaz sahalar\u0131na y\u00f6nelik sald\u0131r\u0131lar, \u0130ran\u2013ABD gerilimi ve b\u00f6lgesel dengelerdeki h\u0131zl\u0131 de\u011fi\u015fim; Irak\u2019ta K\u00fcrdistan B\u00f6lgesi\u2019nin yeniden belirleyici bir siyasi g\u00fc\u00e7 olarak \u00f6ne \u00e7\u0131kt\u0131\u011f\u0131na i\u015faret ediyor. Erbil\u2019in rol\u00fc, Ba\u011fdat\u2019\u0131n ve b\u00f6lgenin gelece\u011fini belirleyebilir. Irak\u2019\u0131n Kor Mor do\u011falgaz sahas\u0131na yap\u0131lan son sald\u0131r\u0131 ve bunu izleyen yerel ile uluslararas\u0131 tepkiler, b\u00f6lgede g\u00f6z ard\u0131 edilemeyecek i\u015faretler verdi. Bu geli\u015fme, \u0130ran\u2019a [&hellip;]","og_url":"https:\/\/darkamazi.site\/archives\/1035821","og_site_name":"Darka Mazi","article_publisher":"https:\/\/www.facebook.com\/DarkaMaziturkce","article_published_time":"2025-12-01T16:19:36+00:00","og_image":[{"width":1200,"height":514,"url":"https:\/\/darkamazi.site\/file\/2025\/12\/FsUxjKuXwAE0ZZq.jpg","type":"image\/jpeg"}],"author":"darka mazi","twitter_card":"summary_large_image","twitter_creator":"@DarkaMaziTurkce","twitter_site":"@DarkaMaziTurkce","twitter_misc":{"Written by":"darka mazi","Est. reading time":"3 minutes"},"schema":{"@context":"https:\/\/schema.org","@graph":[{"@type":"NewsArticle","@id":"https:\/\/darkamazi.site\/archives\/1035821#article","isPartOf":{"@id":"https:\/\/darkamazi.site\/archives\/1035821"},"author":{"name":"darka mazi","@id":"https:\/\/darkamazi.site\/#\/schema\/person\/67986a95ac546c16760365877ef4a9d3"},"headline":"Irak\u2019ta kartlar yeniden da\u011f\u0131t\u0131l\u0131rken: Erbil yeni g\u00fc\u00e7 merkezi mi oluyor?","datePublished":"2025-12-01T16:19:36+00:00","mainEntityOfPage":{"@id":"https:\/\/darkamazi.site\/archives\/1035821"},"wordCount":850,"publisher":{"@id":"https:\/\/darkamazi.site\/#organization"},"image":{"@id":"https:\/\/darkamazi.site\/archives\/1035821#primaryimage"},"thumbnailUrl":"https:\/\/darkamazi.site\/file\/2025\/12\/FsUxjKuXwAE0ZZq.jpg","keywords":["\u00f6nemli"],"articleSection":["Forum"],"inLanguage":"en-US"},{"@type":"WebPage","@id":"https:\/\/darkamazi.site\/archives\/1035821","url":"https:\/\/darkamazi.site\/archives\/1035821","name":"Irak\u2019ta kartlar yeniden da\u011f\u0131t\u0131l\u0131rken: Erbil yeni g\u00fc\u00e7 merkezi mi oluyor? - Darka Mazi","isPartOf":{"@id":"https:\/\/darkamazi.site\/#website"},"primaryImageOfPage":{"@id":"https:\/\/darkamazi.site\/archives\/1035821#primaryimage"},"image":{"@id":"https:\/\/darkamazi.site\/archives\/1035821#primaryimage"},"thumbnailUrl":"https:\/\/darkamazi.site\/file\/2025\/12\/FsUxjKuXwAE0ZZq.jpg","datePublished":"2025-12-01T16:19:36+00:00","breadcrumb":{"@id":"https:\/\/darkamazi.site\/archives\/1035821#breadcrumb"},"inLanguage":"en-US","potentialAction":[{"@type":"ReadAction","target":["https:\/\/darkamazi.site\/archives\/1035821"]}]},{"@type":"ImageObject","inLanguage":"en-US","@id":"https:\/\/darkamazi.site\/archives\/1035821#primaryimage","url":"https:\/\/darkamazi.site\/file\/2025\/12\/FsUxjKuXwAE0ZZq.jpg","contentUrl":"https:\/\/darkamazi.site\/file\/2025\/12\/FsUxjKuXwAE0ZZq.jpg","width":1200,"height":514,"caption":"Irak\u2019ta kartlar yeniden da\u011f\u0131t\u0131l\u0131rken: Erbil yeni g\u00fc\u00e7 merkezi mi oluyor?"},{"@type":"BreadcrumbList","@id":"https:\/\/darkamazi.site\/archives\/1035821#breadcrumb","itemListElement":[{"@type":"ListItem","position":1,"name":"Home","item":"https:\/\/darkamazi.site\/"},{"@type":"ListItem","position":2,"name":"Irak\u2019ta kartlar yeniden da\u011f\u0131t\u0131l\u0131rken: Erbil yeni g\u00fc\u00e7 merkezi mi oluyor?"}]},{"@type":"WebSite","@id":"https:\/\/darkamazi.site\/#website","url":"https:\/\/darkamazi.site\/","name":"Darka Mazi","description":"Ana Sayfa","publisher":{"@id":"https:\/\/darkamazi.site\/#organization"},"potentialAction":[{"@type":"SearchAction","target":{"@type":"EntryPoint","urlTemplate":"https:\/\/darkamazi.site\/?s={search_term_string}"},"query-input":{"@type":"PropertyValueSpecification","valueRequired":true,"valueName":"search_term_string"}}],"inLanguage":"en-US"},{"@type":"Organization","@id":"https:\/\/darkamazi.site\/#organization","name":"Darka Mazi T\u00fcrk\u00e7e","alternateName":"Darka Mazi","url":"https:\/\/darkamazi.site\/","logo":{"@type":"ImageObject","inLanguage":"en-US","@id":"https:\/\/darkamazi.site\/#\/schema\/logo\/image\/","url":"https:\/\/darkamazi.site\/file\/2017\/12\/darka-mazi-logo.png","contentUrl":"https:\/\/darkamazi.site\/file\/2017\/12\/darka-mazi-logo.png","width":151,"height":75,"caption":"Darka Mazi T\u00fcrk\u00e7e"},"image":{"@id":"https:\/\/darkamazi.site\/#\/schema\/logo\/image\/"},"sameAs":["https:\/\/www.facebook.com\/DarkaMaziturkce","https:\/\/x.com\/DarkaMaziTurkce"]},{"@type":"Person","@id":"https:\/\/darkamazi.site\/#\/schema\/person\/67986a95ac546c16760365877ef4a9d3","name":"darka mazi","sameAs":["https:\/\/darkamazi.site"],"url":"https:\/\/darkamazi.site\/archives\/author\/turkish"}]}},"_links":{"self":[{"href":"https:\/\/darkamazi.site\/funavuv\/wp\/v2\/posts\/1035821","targetHints":{"allow":["GET"]}}],"collection":[{"href":"https:\/\/darkamazi.site\/funavuv\/wp\/v2\/posts"}],"about":[{"href":"https:\/\/darkamazi.site\/funavuv\/wp\/v2\/types\/post"}],"author":[{"embeddable":true,"href":"https:\/\/darkamazi.site\/funavuv\/wp\/v2\/users\/2"}],"replies":[{"embeddable":true,"href":"https:\/\/darkamazi.site\/funavuv\/wp\/v2\/comments?post=1035821"}],"version-history":[{"count":0,"href":"https:\/\/darkamazi.site\/funavuv\/wp\/v2\/posts\/1035821\/revisions"}],"wp:featuredmedia":[{"embeddable":true,"href":"https:\/\/darkamazi.site\/funavuv\/wp\/v2\/media\/1035822"}],"wp:attachment":[{"href":"https:\/\/darkamazi.site\/funavuv\/wp\/v2\/media?parent=1035821"}],"wp:term":[{"taxonomy":"category","embeddable":true,"href":"https:\/\/darkamazi.site\/funavuv\/wp\/v2\/categories?post=1035821"},{"taxonomy":"post_tag","embeddable":true,"href":"https:\/\/darkamazi.site\/funavuv\/wp\/v2\/tags?post=1035821"}],"curies":[{"name":"wp","href":"https:\/\/api.w.org\/{rel}","templated":true}]}}