{"id":1035824,"date":"2025-12-01T19:23:56","date_gmt":"2025-12-01T16:23:56","guid":{"rendered":"https:\/\/darkamazi.site\/?p=1035824"},"modified":"2025-12-01T19:23:56","modified_gmt":"2025-12-01T16:23:56","slug":"dem-parti-sozcusu-baskan-mesud-barzaninin-cizre-ziyareti-tarihi-onemdeydi","status":"publish","type":"post","link":"https:\/\/darkamazi.site\/archives\/1035824","title":{"rendered":"DEM Parti S\u00f6zc\u00fcs\u00fc: Ba\u015fkan Mesud Barzani\u2019nin Cizre ziyareti tarihi \u00f6nemdeydi"},"content":{"rendered":"<p class=\"post-summary\" style=\"text-align: justify\">DEM Parti S\u00f6zc\u00fcs\u00fc Ay\u015feg\u00fcl Do\u011fan, Meclis\u2019teki b\u00fct\u00e7e g\u00f6r\u00fc\u015fmelerinde Ba\u015fkan Mesud Barzani\u2019nin Cizre ziyaretine de\u011findi. Ziyaretin tarihi \u00f6nemde oldu\u011funu vurgulayan Do\u011fan, kentte y\u00fczde 90 oy almalar\u0131na ra\u011fmen organizasyonda yok say\u0131ld\u0131klar\u0131n\u0131 s\u00f6yledi.<\/p>\n<p style=\"font-weight: 400;text-align: justify\">DEM Parti S\u00f6zc\u00fcs\u00fc ve \u015e\u0131rnak Milletvekili Ay\u015feg\u00fcl Do\u011fan, Meclis Plan ve B\u00fct\u00e7e Komisyonu\u2019nda Cumhurba\u015fkanl\u0131\u011f\u0131 2026 y\u0131l\u0131 b\u00fct\u00e7e g\u00f6r\u00fc\u015fmeleri s\u0131ras\u0131nda s\u00f6z ald\u0131.<\/p>\n<p style=\"font-weight: 400;text-align: justify\">Do\u011fan, hem g\u00fcndemdeki &#8220;yeni s\u00fcre\u00e7&#8221; tart\u0131\u015fmalar\u0131na hem de Ba\u015fkan Mesud Barzani\u2019nin \u015e\u0131rnak\u2019\u0131n Cizre il\u00e7esine yapt\u0131\u011f\u0131 ziyarete ili\u015fkin de\u011ferlendirmelerde bulundu.<\/p>\n<p style=\"font-weight: 400;text-align: justify\"><b><strong>&#8220;Cizre\u2019de y\u00fczde 90 oy al\u0131yoruz ama organizasyona davet edilmedik&#8221;<\/strong><\/b><\/p>\n<p style=\"font-weight: 400;text-align: justify\">Konu\u015fmas\u0131nda Ba\u015fkan Mesud Barzani\u2019nin Cizre ziyaretine ve d\u00fczenlenen sempozyuma geni\u015f yer ay\u0131ran Do\u011fan, DEM Parti\u2019nin s\u00fcre\u00e7ten d\u0131\u015fland\u0131\u011f\u0131n\u0131 belirtti.<\/p>\n<p style=\"font-weight: 400;text-align: justify\">Barzani\u2019nin ziyaretinin \u015e\u0131rnak Valili\u011fi, Kaymakaml\u0131k ve \u015e\u0131rnak \u00dcniversitesi davetiyle ger\u00e7ekle\u015fti\u011fini hat\u0131rlatan Do\u011fan, \u015fu ifadeleri kulland\u0131:<\/p>\n<p style=\"font-weight: 400;text-align: justify\">&#8220;Bu organizasyon 4. Uluslararas\u0131 Melay\u00ea Ciz\u00eer\u00ee Sempozyumu ad\u0131yla yap\u0131lm\u0131\u015ft\u0131. Cumhurba\u015fkanl\u0131\u011f\u0131 Ba\u015fdan\u0131\u015fmanlar\u0131ndan G\u00fcl\u015fen Orhan han\u0131mefendi ve \u0130\u00e7i\u015fleri Bakan Yard\u0131mc\u0131s\u0131 M\u00fcnir Karalo\u011flu da oradayd\u0131. Ancak biz bu organizasyonda yok say\u0131lmaya \u00e7al\u0131\u015f\u0131ld\u0131k. Biz Cizre\u2019de y\u00fczde 90 oy al\u0131yoruz neredeyse. T\u00fcm engellemelere, bask\u0131lara ra\u011fmen y\u0131llard\u0131r bu b\u00f6yle. \u015e\u0131rnak genelinde birinci partiyiz, 3 milletvekilimiz ve belediye e\u015f ba\u015fkanlar\u0131m\u0131z var.&#8221;<\/p>\n<p style=\"font-weight: 400;text-align: justify\"><b><strong>&#8220;Ziyaret tarihsel a\u00e7\u0131dan b\u00fcy\u00fck \u00f6nem ta\u015f\u0131yor&#8221;<\/strong><\/b><\/p>\n<p style=\"font-weight: 400;text-align: justify\">Ay\u015feg\u00fcl Do\u011fan, ya\u015fanan protokol krizine ra\u011fmen Ba\u015fkan Barzani\u2019nin ziyaretinin b\u00f6lge halk\u0131 ve siyaset a\u00e7\u0131s\u0131ndan k\u0131ymetli oldu\u011funu vurgulad\u0131.<\/p>\n<p style=\"font-weight: 400;text-align: justify\">Do\u011fan, &#8220;Kentin belediye e\u015f ba\u015fkanlar\u0131 ve bizler i\u00e7in takdir edersiniz ki Say\u0131n Mesud Barzani\u2019nin Cizre\u2019ye gelmesi tarihsel a\u00e7\u0131dan da s\u00fcre\u00e7 a\u00e7\u0131s\u0131ndan da \u00e7ok b\u00fcy\u00fck bir \u00f6nem ta\u015f\u0131yor&#8221; dedi.<\/p>\n<p style=\"font-weight: 400;text-align: justify\"><b><strong>&#8220;S\u00fcrecin yeni bir dile ihtiyac\u0131 var&#8221;<\/strong><\/b><\/p>\n<p style=\"font-weight: 400;text-align: justify\">T\u00fcrkiye\u2019de tart\u0131\u015f\u0131lan &#8220;yeni \u00e7\u00f6z\u00fcm s\u00fcreci&#8221;ne ili\u015fkin de konu\u015fan Do\u011fan, s\u00fcrecin ba\u015far\u0131s\u0131 i\u00e7in dilin ve y\u00f6ntemlerin de\u011fi\u015fmesi gerekti\u011fine i\u015faret etti.<\/p>\n<p style=\"font-weight: 400;text-align: justify\">Mevcut d\u00f6nemin bir k\u0131r\u0131lma noktas\u0131 oldu\u011funu belirten Do\u011fan, \u015funlar\u0131 kaydetti:<\/p>\n<p style=\"font-weight: 400;text-align: justify\">&#8220;Yepyeni bir s\u00fcrecin i\u00e7inden ge\u00e7iyoruz ve bu s\u00fcrecin temel ihtiyac\u0131 adalet, hukuk ve demokrasi. Bu s\u00fcrecin yeni bir dile, yeni bir y\u00f6nteme ihtiyac\u0131 var. Bu dilin uygulamalarda g\u00f6r\u00fcn\u00fcr hale gelmesine ve b\u00fct\u00e7eye yans\u0131mas\u0131na ihtiya\u00e7 var. Asl\u0131nda bu dil ve y\u00f6ntem de\u011fi\u015fti\u011finde biz daha adil bir b\u00fct\u00e7eden bahsedebilece\u011fiz.&#8221;<\/p>\n<p style=\"font-weight: 400;text-align: justify\"><b><strong>&#8220;S\u00fcre\u00e7 ara\u00e7salla\u015ft\u0131r\u0131lmamal\u0131&#8221;<\/strong><\/b><\/p>\n<p style=\"font-weight: 400;text-align: justify\">S\u00fcrecin siyasi ikbal i\u00e7in kullan\u0131lmamas\u0131 gerekti\u011fi uyar\u0131s\u0131nda bulunan Do\u011fan, &#8220;Bize dil uyar\u0131s\u0131 yapanlar, ayn\u0131 \u00f6zeni kendileri de g\u00f6stermeli. Bu kritik e\u015fik yaln\u0131zca bize de\u011fil, iktidara ve muhalefete de sorumluluk y\u00fckl\u00fcyor. Bunu hi\u00e7bir siyasi partinin kendi g\u00fcc\u00fcn\u00fc tahkim edece\u011fi bir alana d\u00f6n\u00fc\u015ft\u00fcrmemesi gerekiyor. Hi\u00e7 kimse bu s\u00fcre\u00e7ten farkl\u0131 bir g\u00fc\u00e7 dev\u015firmeye \u00e7al\u0131\u015farak s\u00fcreci ara\u00e7salla\u015ft\u0131rmamal\u0131&#8221; diye konu\u015ftu.<\/p>\n","protected":false},"excerpt":{"rendered":"<p>DEM Parti S\u00f6zc\u00fcs\u00fc Ay\u015feg\u00fcl Do\u011fan, Meclis\u2019teki b\u00fct\u00e7e g\u00f6r\u00fc\u015fmelerinde Ba\u015fkan Mesud Barzani\u2019nin Cizre ziyaretine de\u011findi. Ziyaretin tarihi \u00f6nemde oldu\u011funu vurgulayan Do\u011fan, kentte y\u00fczde 90 oy almalar\u0131na ra\u011fmen organizasyonda yok say\u0131ld\u0131klar\u0131n\u0131 s\u00f6yledi. DEM Parti S\u00f6zc\u00fcs\u00fc ve \u015e\u0131rnak Milletvekili Ay\u015feg\u00fcl Do\u011fan, Meclis Plan ve B\u00fct\u00e7e Komisyonu\u2019nda Cumhurba\u015fkanl\u0131\u011f\u0131 2026 y\u0131l\u0131 b\u00fct\u00e7e g\u00f6r\u00fc\u015fmeleri s\u0131ras\u0131nda s\u00f6z ald\u0131. Do\u011fan, hem g\u00fcndemdeki &#8220;yeni [&hellip;]<\/p>\n","protected":false},"author":2,"featured_media":1035825,"comment_status":"closed","ping_status":"closed","sticky":false,"template":"","format":"standard","meta":{"footnotes":""},"categories":[3],"tags":[31],"class_list":["post-1035824","post","type-post","status-publish","format-standard","has-post-thumbnail","hentry","category-kurdistan","tag-onemli"],"blocksy_meta":[],"seo_head":"<!-- This site is optimized with the Yoast SEO plugin v27.5 - https:\/\/yoast.com\/product\/yoast-seo-wordpress\/ -->\n<title>DEM Parti S\u00f6zc\u00fcs\u00fc: Ba\u015fkan Mesud Barzani\u2019nin Cizre ziyareti tarihi \u00f6nemdeydi - Darka Mazi<\/title>\n<meta name=\"robots\" content=\"index, follow, max-snippet:-1, max-image-preview:large, max-video-preview:-1\" \/>\n<link rel=\"canonical\" href=\"https:\/\/darkamazi.site\/archives\/1035824\" \/>\n<meta property=\"og:locale\" content=\"en_US\" \/>\n<meta property=\"og:type\" content=\"article\" \/>\n<meta property=\"og:title\" content=\"DEM Parti S\u00f6zc\u00fcs\u00fc: Ba\u015fkan Mesud Barzani\u2019nin Cizre ziyareti tarihi \u00f6nemdeydi - Darka Mazi\" \/>\n<meta property=\"og:description\" content=\"DEM Parti S\u00f6zc\u00fcs\u00fc Ay\u015feg\u00fcl Do\u011fan, Meclis\u2019teki b\u00fct\u00e7e g\u00f6r\u00fc\u015fmelerinde Ba\u015fkan Mesud Barzani\u2019nin Cizre ziyaretine de\u011findi. Ziyaretin tarihi \u00f6nemde oldu\u011funu vurgulayan Do\u011fan, kentte y\u00fczde 90 oy almalar\u0131na ra\u011fmen organizasyonda yok say\u0131ld\u0131klar\u0131n\u0131 s\u00f6yledi. DEM Parti S\u00f6zc\u00fcs\u00fc ve \u015e\u0131rnak Milletvekili Ay\u015feg\u00fcl Do\u011fan, Meclis Plan ve B\u00fct\u00e7e Komisyonu\u2019nda Cumhurba\u015fkanl\u0131\u011f\u0131 2026 y\u0131l\u0131 b\u00fct\u00e7e g\u00f6r\u00fc\u015fmeleri s\u0131ras\u0131nda s\u00f6z ald\u0131. Do\u011fan, hem g\u00fcndemdeki &#8220;yeni [&hellip;]\" \/>\n<meta property=\"og:url\" content=\"https:\/\/darkamazi.site\/archives\/1035824\" \/>\n<meta property=\"og:site_name\" content=\"Darka Mazi\" \/>\n<meta property=\"article:publisher\" content=\"https:\/\/www.facebook.com\/DarkaMaziturkce\" \/>\n<meta property=\"article:published_time\" content=\"2025-12-01T16:23:56+00:00\" \/>\n<meta property=\"og:image\" content=\"https:\/\/darkamazi.site\/file\/2025\/12\/Dem-Serok-Info.jpg\" \/>\n\t<meta property=\"og:image:width\" content=\"900\" \/>\n\t<meta property=\"og:image:height\" content=\"500\" \/>\n\t<meta property=\"og:image:type\" content=\"image\/jpeg\" \/>\n<meta name=\"author\" content=\"darka mazi\" \/>\n<meta name=\"twitter:card\" content=\"summary_large_image\" \/>\n<meta name=\"twitter:creator\" content=\"@DarkaMaziTurkce\" \/>\n<meta name=\"twitter:site\" content=\"@DarkaMaziTurkce\" \/>\n<meta name=\"twitter:label1\" content=\"Written by\" \/>\n\t<meta name=\"twitter:data1\" content=\"darka mazi\" \/>\n\t<meta name=\"twitter:label2\" content=\"Est. reading time\" \/>\n\t<meta name=\"twitter:data2\" content=\"2 minutes\" \/>\n<script type=\"application\/ld+json\" class=\"seo-schema-graph\">{\"@context\":\"https:\\\/\\\/schema.org\",\"@graph\":[{\"@type\":\"NewsArticle\",\"@id\":\"https:\\\/\\\/darkamazi.site\\\/archives\\\/1035824#article\",\"isPartOf\":{\"@id\":\"https:\\\/\\\/darkamazi.site\\\/archives\\\/1035824\"},\"author\":{\"name\":\"darka mazi\",\"@id\":\"https:\\\/\\\/darkamazi.site\\\/#\\\/schema\\\/person\\\/67986a95ac546c16760365877ef4a9d3\"},\"headline\":\"DEM Parti S\u00f6zc\u00fcs\u00fc: Ba\u015fkan Mesud Barzani\u2019nin Cizre ziyareti tarihi \u00f6nemdeydi\",\"datePublished\":\"2025-12-01T16:23:56+00:00\",\"mainEntityOfPage\":{\"@id\":\"https:\\\/\\\/darkamazi.site\\\/archives\\\/1035824\"},\"wordCount\":577,\"publisher\":{\"@id\":\"https:\\\/\\\/darkamazi.site\\\/#organization\"},\"image\":{\"@id\":\"https:\\\/\\\/darkamazi.site\\\/archives\\\/1035824#primaryimage\"},\"thumbnailUrl\":\"https:\\\/\\\/darkamazi.site\\\/darka-content\\\/uploads\\\/2025\\\/12\\\/Dem-Serok-Info.jpg\",\"keywords\":[\"\u00f6nemli\"],\"articleSection\":[\"Kurdistan\"],\"inLanguage\":\"en-US\"},{\"@type\":\"WebPage\",\"@id\":\"https:\\\/\\\/darkamazi.site\\\/archives\\\/1035824\",\"url\":\"https:\\\/\\\/darkamazi.site\\\/archives\\\/1035824\",\"name\":\"DEM Parti S\u00f6zc\u00fcs\u00fc: Ba\u015fkan Mesud Barzani\u2019nin Cizre ziyareti tarihi \u00f6nemdeydi - Darka Mazi\",\"isPartOf\":{\"@id\":\"https:\\\/\\\/darkamazi.site\\\/#website\"},\"primaryImageOfPage\":{\"@id\":\"https:\\\/\\\/darkamazi.site\\\/archives\\\/1035824#primaryimage\"},\"image\":{\"@id\":\"https:\\\/\\\/darkamazi.site\\\/archives\\\/1035824#primaryimage\"},\"thumbnailUrl\":\"https:\\\/\\\/darkamazi.site\\\/darka-content\\\/uploads\\\/2025\\\/12\\\/Dem-Serok-Info.jpg\",\"datePublished\":\"2025-12-01T16:23:56+00:00\",\"breadcrumb\":{\"@id\":\"https:\\\/\\\/darkamazi.site\\\/archives\\\/1035824#breadcrumb\"},\"inLanguage\":\"en-US\",\"potentialAction\":[{\"@type\":\"ReadAction\",\"target\":[\"https:\\\/\\\/darkamazi.site\\\/archives\\\/1035824\"]}]},{\"@type\":\"ImageObject\",\"inLanguage\":\"en-US\",\"@id\":\"https:\\\/\\\/darkamazi.site\\\/archives\\\/1035824#primaryimage\",\"url\":\"https:\\\/\\\/darkamazi.site\\\/darka-content\\\/uploads\\\/2025\\\/12\\\/Dem-Serok-Info.jpg\",\"contentUrl\":\"https:\\\/\\\/darkamazi.site\\\/darka-content\\\/uploads\\\/2025\\\/12\\\/Dem-Serok-Info.jpg\",\"width\":900,\"height\":500,\"caption\":\"DEM Parti S\u00f6zc\u00fcs\u00fc: Ba\u015fkan Mesud Barzani\u2019nin Cizre ziyareti tarihi \u00f6nemdeydi\"},{\"@type\":\"BreadcrumbList\",\"@id\":\"https:\\\/\\\/darkamazi.site\\\/archives\\\/1035824#breadcrumb\",\"itemListElement\":[{\"@type\":\"ListItem\",\"position\":1,\"name\":\"Home\",\"item\":\"https:\\\/\\\/darkamazi.site\\\/\"},{\"@type\":\"ListItem\",\"position\":2,\"name\":\"DEM Parti S\u00f6zc\u00fcs\u00fc: Ba\u015fkan Mesud Barzani\u2019nin Cizre ziyareti tarihi \u00f6nemdeydi\"}]},{\"@type\":\"WebSite\",\"@id\":\"https:\\\/\\\/darkamazi.site\\\/#website\",\"url\":\"https:\\\/\\\/darkamazi.site\\\/\",\"name\":\"Darka Mazi\",\"description\":\"Ana Sayfa\",\"publisher\":{\"@id\":\"https:\\\/\\\/darkamazi.site\\\/#organization\"},\"potentialAction\":[{\"@type\":\"SearchAction\",\"target\":{\"@type\":\"EntryPoint\",\"urlTemplate\":\"https:\\\/\\\/darkamazi.site\\\/?s={search_term_string}\"},\"query-input\":{\"@type\":\"PropertyValueSpecification\",\"valueRequired\":true,\"valueName\":\"search_term_string\"}}],\"inLanguage\":\"en-US\"},{\"@type\":\"Organization\",\"@id\":\"https:\\\/\\\/darkamazi.site\\\/#organization\",\"name\":\"Darka Mazi T\u00fcrk\u00e7e\",\"alternateName\":\"Darka Mazi\",\"url\":\"https:\\\/\\\/darkamazi.site\\\/\",\"logo\":{\"@type\":\"ImageObject\",\"inLanguage\":\"en-US\",\"@id\":\"https:\\\/\\\/darkamazi.site\\\/#\\\/schema\\\/logo\\\/image\\\/\",\"url\":\"https:\\\/\\\/darkamazi.site\\\/darka-content\\\/uploads\\\/2017\\\/12\\\/darka-mazi-logo.png\",\"contentUrl\":\"https:\\\/\\\/darkamazi.site\\\/darka-content\\\/uploads\\\/2017\\\/12\\\/darka-mazi-logo.png\",\"width\":151,\"height\":75,\"caption\":\"Darka Mazi T\u00fcrk\u00e7e\"},\"image\":{\"@id\":\"https:\\\/\\\/darkamazi.site\\\/#\\\/schema\\\/logo\\\/image\\\/\"},\"sameAs\":[\"https:\\\/\\\/www.facebook.com\\\/DarkaMaziturkce\",\"https:\\\/\\\/x.com\\\/DarkaMaziTurkce\"]},{\"@type\":\"Person\",\"@id\":\"https:\\\/\\\/darkamazi.site\\\/#\\\/schema\\\/person\\\/67986a95ac546c16760365877ef4a9d3\",\"name\":\"darka mazi\",\"sameAs\":[\"https:\\\/\\\/darkamazi.site\"],\"url\":\"https:\\\/\\\/darkamazi.site\\\/archives\\\/author\\\/turkish\"}]}<\/script>\n<!-- \/ Yoast SEO plugin. -->","seo_head_json":{"title":"DEM Parti S\u00f6zc\u00fcs\u00fc: Ba\u015fkan Mesud Barzani\u2019nin Cizre ziyareti tarihi \u00f6nemdeydi - Darka Mazi","robots":{"index":"index","follow":"follow","max-snippet":"max-snippet:-1","max-image-preview":"max-image-preview:large","max-video-preview":"max-video-preview:-1"},"canonical":"https:\/\/darkamazi.site\/archives\/1035824","og_locale":"en_US","og_type":"article","og_title":"DEM Parti S\u00f6zc\u00fcs\u00fc: Ba\u015fkan Mesud Barzani\u2019nin Cizre ziyareti tarihi \u00f6nemdeydi - Darka Mazi","og_description":"DEM Parti S\u00f6zc\u00fcs\u00fc Ay\u015feg\u00fcl Do\u011fan, Meclis\u2019teki b\u00fct\u00e7e g\u00f6r\u00fc\u015fmelerinde Ba\u015fkan Mesud Barzani\u2019nin Cizre ziyaretine de\u011findi. Ziyaretin tarihi \u00f6nemde oldu\u011funu vurgulayan Do\u011fan, kentte y\u00fczde 90 oy almalar\u0131na ra\u011fmen organizasyonda yok say\u0131ld\u0131klar\u0131n\u0131 s\u00f6yledi. DEM Parti S\u00f6zc\u00fcs\u00fc ve \u015e\u0131rnak Milletvekili Ay\u015feg\u00fcl Do\u011fan, Meclis Plan ve B\u00fct\u00e7e Komisyonu\u2019nda Cumhurba\u015fkanl\u0131\u011f\u0131 2026 y\u0131l\u0131 b\u00fct\u00e7e g\u00f6r\u00fc\u015fmeleri s\u0131ras\u0131nda s\u00f6z ald\u0131. Do\u011fan, hem g\u00fcndemdeki &#8220;yeni [&hellip;]","og_url":"https:\/\/darkamazi.site\/archives\/1035824","og_site_name":"Darka Mazi","article_publisher":"https:\/\/www.facebook.com\/DarkaMaziturkce","article_published_time":"2025-12-01T16:23:56+00:00","og_image":[{"width":900,"height":500,"url":"https:\/\/darkamazi.site\/file\/2025\/12\/Dem-Serok-Info.jpg","type":"image\/jpeg"}],"author":"darka mazi","twitter_card":"summary_large_image","twitter_creator":"@DarkaMaziTurkce","twitter_site":"@DarkaMaziTurkce","twitter_misc":{"Written by":"darka mazi","Est. reading time":"2 minutes"},"schema":{"@context":"https:\/\/schema.org","@graph":[{"@type":"NewsArticle","@id":"https:\/\/darkamazi.site\/archives\/1035824#article","isPartOf":{"@id":"https:\/\/darkamazi.site\/archives\/1035824"},"author":{"name":"darka mazi","@id":"https:\/\/darkamazi.site\/#\/schema\/person\/67986a95ac546c16760365877ef4a9d3"},"headline":"DEM Parti S\u00f6zc\u00fcs\u00fc: Ba\u015fkan Mesud Barzani\u2019nin Cizre ziyareti tarihi \u00f6nemdeydi","datePublished":"2025-12-01T16:23:56+00:00","mainEntityOfPage":{"@id":"https:\/\/darkamazi.site\/archives\/1035824"},"wordCount":577,"publisher":{"@id":"https:\/\/darkamazi.site\/#organization"},"image":{"@id":"https:\/\/darkamazi.site\/archives\/1035824#primaryimage"},"thumbnailUrl":"https:\/\/darkamazi.site\/file\/2025\/12\/Dem-Serok-Info.jpg","keywords":["\u00f6nemli"],"articleSection":["Kurdistan"],"inLanguage":"en-US"},{"@type":"WebPage","@id":"https:\/\/darkamazi.site\/archives\/1035824","url":"https:\/\/darkamazi.site\/archives\/1035824","name":"DEM Parti S\u00f6zc\u00fcs\u00fc: Ba\u015fkan Mesud Barzani\u2019nin Cizre ziyareti tarihi \u00f6nemdeydi - Darka Mazi","isPartOf":{"@id":"https:\/\/darkamazi.site\/#website"},"primaryImageOfPage":{"@id":"https:\/\/darkamazi.site\/archives\/1035824#primaryimage"},"image":{"@id":"https:\/\/darkamazi.site\/archives\/1035824#primaryimage"},"thumbnailUrl":"https:\/\/darkamazi.site\/file\/2025\/12\/Dem-Serok-Info.jpg","datePublished":"2025-12-01T16:23:56+00:00","breadcrumb":{"@id":"https:\/\/darkamazi.site\/archives\/1035824#breadcrumb"},"inLanguage":"en-US","potentialAction":[{"@type":"ReadAction","target":["https:\/\/darkamazi.site\/archives\/1035824"]}]},{"@type":"ImageObject","inLanguage":"en-US","@id":"https:\/\/darkamazi.site\/archives\/1035824#primaryimage","url":"https:\/\/darkamazi.site\/file\/2025\/12\/Dem-Serok-Info.jpg","contentUrl":"https:\/\/darkamazi.site\/file\/2025\/12\/Dem-Serok-Info.jpg","width":900,"height":500,"caption":"DEM Parti S\u00f6zc\u00fcs\u00fc: Ba\u015fkan Mesud Barzani\u2019nin Cizre ziyareti tarihi \u00f6nemdeydi"},{"@type":"BreadcrumbList","@id":"https:\/\/darkamazi.site\/archives\/1035824#breadcrumb","itemListElement":[{"@type":"ListItem","position":1,"name":"Home","item":"https:\/\/darkamazi.site\/"},{"@type":"ListItem","position":2,"name":"DEM Parti S\u00f6zc\u00fcs\u00fc: Ba\u015fkan Mesud Barzani\u2019nin Cizre ziyareti tarihi \u00f6nemdeydi"}]},{"@type":"WebSite","@id":"https:\/\/darkamazi.site\/#website","url":"https:\/\/darkamazi.site\/","name":"Darka Mazi","description":"Ana Sayfa","publisher":{"@id":"https:\/\/darkamazi.site\/#organization"},"potentialAction":[{"@type":"SearchAction","target":{"@type":"EntryPoint","urlTemplate":"https:\/\/darkamazi.site\/?s={search_term_string}"},"query-input":{"@type":"PropertyValueSpecification","valueRequired":true,"valueName":"search_term_string"}}],"inLanguage":"en-US"},{"@type":"Organization","@id":"https:\/\/darkamazi.site\/#organization","name":"Darka Mazi T\u00fcrk\u00e7e","alternateName":"Darka Mazi","url":"https:\/\/darkamazi.site\/","logo":{"@type":"ImageObject","inLanguage":"en-US","@id":"https:\/\/darkamazi.site\/#\/schema\/logo\/image\/","url":"https:\/\/darkamazi.site\/file\/2017\/12\/darka-mazi-logo.png","contentUrl":"https:\/\/darkamazi.site\/file\/2017\/12\/darka-mazi-logo.png","width":151,"height":75,"caption":"Darka Mazi T\u00fcrk\u00e7e"},"image":{"@id":"https:\/\/darkamazi.site\/#\/schema\/logo\/image\/"},"sameAs":["https:\/\/www.facebook.com\/DarkaMaziturkce","https:\/\/x.com\/DarkaMaziTurkce"]},{"@type":"Person","@id":"https:\/\/darkamazi.site\/#\/schema\/person\/67986a95ac546c16760365877ef4a9d3","name":"darka mazi","sameAs":["https:\/\/darkamazi.site"],"url":"https:\/\/darkamazi.site\/archives\/author\/turkish"}]}},"_links":{"self":[{"href":"https:\/\/darkamazi.site\/funavuv\/wp\/v2\/posts\/1035824","targetHints":{"allow":["GET"]}}],"collection":[{"href":"https:\/\/darkamazi.site\/funavuv\/wp\/v2\/posts"}],"about":[{"href":"https:\/\/darkamazi.site\/funavuv\/wp\/v2\/types\/post"}],"author":[{"embeddable":true,"href":"https:\/\/darkamazi.site\/funavuv\/wp\/v2\/users\/2"}],"replies":[{"embeddable":true,"href":"https:\/\/darkamazi.site\/funavuv\/wp\/v2\/comments?post=1035824"}],"version-history":[{"count":0,"href":"https:\/\/darkamazi.site\/funavuv\/wp\/v2\/posts\/1035824\/revisions"}],"wp:featuredmedia":[{"embeddable":true,"href":"https:\/\/darkamazi.site\/funavuv\/wp\/v2\/media\/1035825"}],"wp:attachment":[{"href":"https:\/\/darkamazi.site\/funavuv\/wp\/v2\/media?parent=1035824"}],"wp:term":[{"taxonomy":"category","embeddable":true,"href":"https:\/\/darkamazi.site\/funavuv\/wp\/v2\/categories?post=1035824"},{"taxonomy":"post_tag","embeddable":true,"href":"https:\/\/darkamazi.site\/funavuv\/wp\/v2\/tags?post=1035824"}],"curies":[{"name":"wp","href":"https:\/\/api.w.org\/{rel}","templated":true}]}}