{"id":1035831,"date":"2025-12-02T12:23:51","date_gmt":"2025-12-02T09:23:51","guid":{"rendered":"https:\/\/darkamazi.site\/?p=1035831"},"modified":"2025-12-02T12:27:04","modified_gmt":"2025-12-02T09:27:04","slug":"kor-mor-gaz-sahasi-dosyasinda-neler-var-kim-neden-vurdu","status":"publish","type":"post","link":"https:\/\/darkamazi.site\/archives\/1035831","title":{"rendered":"Kor Mor gaz sahas\u0131 dosyas\u0131nda neler var: Kim, neden vurdu?"},"content":{"rendered":"<p style=\"text-align: justify\">Kor Mor gaz sahas\u0131 27 Kas\u0131m g\u00fcn\u00fc b\u00fcy\u00fck bir sald\u0131r\u0131ya u\u011frad\u0131. Sahadaki t\u00fcm gaz ak\u0131\u015f\u0131n\u0131 kesen bu sald\u0131r\u0131 son \u00fc\u00e7 y\u0131l i\u00e7inde yap\u0131lan 11. Sald\u0131r\u0131yd\u0131. Fakat bu sald\u0131r\u0131 di\u011ferlerinden farkl\u0131yd\u0131. Bir\u00e7ok siyasi, ekonomik ve stratejik ama\u00e7 ve mesaj i\u00e7eriyordu.<\/p>\n<p style=\"text-align: justify\">Uluslararas\u0131 Enerji Ajans\u0131 (IEA) 21. Y\u00fczy\u0131l\u0131 \u201cGaz\u0131n Alt\u0131n \u00c7a\u011f\u0131\u201d olarak \u00a0kabul ediyor. Bu da d\u00fcnyada gaz \u00fcreten \u00fclkeler Alt\u0131n \u00c7a\u011f\u0131n \u00f6nc\u00fcs\u00fc olma yolu a\u00e7\u0131yor. Yani\u00a0 gaz \u00fcreticileri d\u00fcnya siyasetinin konu\u015fuldu\u011fu \u00f6nemli masalar\u0131n g\u00fcndemi.\u00a0 Kor Mor meselesi de\u00a0 elbette ki bunlarla ilgili bir durum.<\/p>\n<p style=\"text-align: justify\"><strong>Kor Mor gaz sahas\u0131 neden \u00f6nemli? <\/strong><\/p>\n<p style=\"text-align: justify\">K\u00fcrdistan B\u00f6lgesi\u2019nin 140 madde kapsam\u0131ndaki b\u00f6lgeler d\u0131\u015f\u0131nda kalan 5 \u00f6nemli gaz sahas\u0131 var. Bunlar\u0131n en b\u00fcy\u00fc\u011f\u00fc ve i\u015flevlisi ise Kor Mor.<\/p>\n<p style=\"text-align: justify\">\u00a0 Kor Mor do\u011fal gaz sahas\u0131ndaki KM250 geni\u015fleme projesi sahada g\u00fcnl\u00fck olarak 865 milyon fit k\u00fcp do\u011fal gaz \u00fcretimine ula\u015fmas\u0131n\u0131 sa\u011flayacak. Ayr\u0131ca Xurmal, Mirhan ve Tophane gibi sahalar\u0131 da \u00fcretime dahil olunca yakla\u015f\u0131k olarak g\u00fcnl\u00fck 1 milyon fit gaz \u00fcretilecek anlam\u0131na geliyor.<\/p>\n<p style=\"text-align: justify\">Bu \u00fcretim seviyesi ile Kor Mor sahas\u0131, Umman\u2019daki Khazzan, M\u0131s\u0131r\u2019daki Zohr ve Akdeniz\u2019deki Leviathan gibi projelerle k\u0131yasland\u0131\u011f\u0131nda Ortado\u011fu ve Kuzey Afrika\u2019n\u0131n en b\u00fcy\u00fck gaz projelerinden biri haline getirecek.<\/p>\n<p style=\"text-align: justify\">Kor Mor\u2019un ve K\u00fcrt gaz\u0131n\u0131n muazzam b\u00fcy\u00fckl\u00fc\u011f\u00fc K\u00fcrdistan B\u00f6lgesi\u2019nin enerji manzaras\u0131n\u0131 ve Ortodo\u011fu\u2019daki vizyonunu\u00a0\u00a0 k\u00f6kl\u00fc bir de\u011fi\u015fime u\u011fratacak kadar \u00f6nemli.<\/p>\n<p style=\"text-align: justify\"><strong>K\u00fcrt gaz\u0131 ve Kor Mor\u2019dan kim rahats\u0131z? <\/strong><\/p>\n<p style=\"text-align: justify\">Bu nedenle hem gazdan gelir sa\u011flayan \u00fclkeler hem de K\u00fcrdistan fobisi olan \u00fclkeler Kor Mor ve K\u00fcrt gaz\u0131n\u0131 yak\u0131ndan takip ediyor. \u00a0Bunun i\u00e7inde Rusya, T\u00fcrkiye, iran, Irak vb \u00fclkeler var.<\/p>\n<p style=\"text-align: justify\">K\u00fcrdistan B\u00f6lgesi\u2019nin enerji potansiyelini tehlike olarak g\u00f6ren \u00fclkelerin ba\u015f\u0131nda ise Irak geliyor. \u00c7\u00fcnk\u00fc kendi kaderini K\u00fcrdistan\u2019\u0131n enerjisi \u00fczerine kurmak istiyor.<\/p>\n<p style=\"text-align: justify\">OPEC ve Enerji Enstit\u00fcs\u00fc verilerine g\u00f6re K\u00fcrdistan B\u00f6lgesi \u00a0g\u00fcnl\u00fck olarak Irak\u2019tan daha fazla \u00a0enerji \u00fcretim yap\u0131yor. K\u00fcrdistan sadece 18 y\u0131l i\u00e7inde gaz \u00fcretiminde modern teknikler kullanarak Irak\u2019\u0131 geride b\u0131rakt\u0131.<\/p>\n<p style=\"text-align: justify\">Irak asl\u0131nda K\u00fcrt gaz\u0131na muhta\u00e7. K\u00fcrtlerden gaz almak veya elektrik almak yerine K\u00fcrdistan topraklar\u0131n\u0131 i\u015fgal ederek K\u00fcrt gaz\u0131na el koymak istiyor.<\/p>\n<p style=\"text-align: justify\">2014 y\u0131l\u0131ndan buyana Irak \u015eii Rejiminin K\u00fcrdistan\u2019a kar\u015f\u0131 t\u00fcm uygulamalar\u0131nda i\u015fte bu stratejinin pay\u0131 var.<\/p>\n<p style=\"text-align: justify\">I\u015e\u0130D\u2019in K\u00fcrdistan\u2019a y\u00f6nlendirilmesi, PKK\u2019nin Kerk\u00fck, Germiyan ve \u015eengal\u2019e \u0130ran ve Irak eli ile yerle\u015ftirilmesi, YNK\u2019nin Erbil\u2019e kar\u015f\u0131 d\u00fc\u015fman edilmesi, b\u00fct\u00e7e-maa\u015f- petrol gibi olaylar\u0131n alt\u0131nda K\u00fcrdistan\u2019\u0131n enerji potansiyelinin i\u015fgali plan\u0131n\u0131n bir par\u00e7as\u0131yd\u0131.<\/p>\n<p style=\"text-align: justify\"><strong>Kor Mor vuru\u015funun zamanlamas\u0131? <\/strong><\/p>\n<p style=\"text-align: justify\">Kor Mor\u2019un vurulmas\u0131n\u0131n zamanlamas\u0131 olduk\u00e7a manidard\u0131. \u00dc\u00e7 \u00a0\u00f6nemli olay ya\u015fand\u0131.<\/p>\n<p style=\"text-align: justify\">Birincisi; 11 Kas\u0131m g\u00fcn\u00fc Irak Parlamento se\u00e7imleri yap\u0131ld\u0131. Irak bu se\u00e7imler de oyunu KDP\u2019nin oy kaybetmesi ve YNK\u2019nin K\u00fcrdistan B\u00f6lgesi h\u00fck\u00fcmetinde \u0130\u00e7 i\u015fleri bakanl\u0131\u011f\u0131n\u0131 alacak kadar g\u00fc\u00e7lenmesi \u00fczerine kurmu\u015ftu. Fakat olmad\u0131.<\/p>\n<p style=\"text-align: justify\">Irak\u2019\u0131n Truva at\u0131 olarak kullanmak istedi\u011fi ve stratejik \u00f6nemdeki i\u00e7 i\u015fleri bakanl\u0131\u011f\u0131na yerle\u015ftirmek istedi\u011fi YNK oy kaybetti. KDP ise 1. Parti oldu.<\/p>\n<p style=\"text-align: justify\">\u0130kincisi; 19 Kas\u0131m g\u00fcn\u00fc SDG Genel Komutan\u0131 Mazlum Abdi Duhok\u2019taki MEPS 2025 zirvesine kat\u0131ld\u0131. Bu bir yandan K\u00fcrt birli\u011fini, \u00f6te yandan KDP\u2019nin alanda oyun kurucu rol\u00fcn\u00fc ortaya \u00e7\u0131kar\u0131yordu.<\/p>\n<p style=\"text-align: justify\">\u00dc\u00e7\u00fcnc\u00fcs\u00fc; 26 Kas\u0131m g\u00fcn\u00fc ise Irak \u201cUlusalararas\u0131 koalisyonun g\u00f6revinin sona erdi\u011fini\u201d duyurdu.<\/p>\n<p style=\"text-align: justify\">Bu \u00fc\u00e7 \u00f6nemli olay\u0131n hemen ard\u0131ndan Kor Mor\u2019un vurulmas\u0131 bir tesad\u00fcf de\u011fil mesaj ve bloklama nedeni ile yap\u0131ld\u0131.<\/p>\n<p style=\"text-align: justify\"><strong>Kor Mor\u2019u kim vurdu? <\/strong><\/p>\n<p style=\"text-align: justify\">T\u00fcm bu geli\u015fmelerle bak\u0131nca Kor Mor\u2019u kim vurdu tart\u0131\u015fmas\u0131 yapmaya gerek yoktur.<\/p>\n<p style=\"text-align: justify\">Irak devletinin ve \u015eii liderlerin Kor Mor sald\u0131r\u0131lar\u0131n\u0131 k\u0131namas\u0131 zadece bir takkiyedir. Tutumlar\u0131 iki y\u00fczl\u00fcd\u00fcr. Vuru\u015ftan birinci derecede sorumludurlar.\u00a0 Irak \u015eii rejimine ba\u011fl\u0131 silahl\u0131 yap\u0131lar\u0131n bu sald\u0131r\u0131y\u0131 yapt\u0131\u011f\u0131 a\u00e7\u0131kt\u0131r. Zaten ABD D\u0131\u015f \u0130\u015fleri Bakan\u0131\u2019da \u201csilahl\u0131 guruplara\u201d i\u015faret etmi\u015ftir.<\/p>\n<p style=\"text-align: justify\">Bu durum bu denli netken ortal\u0131\u011f\u0131 buland\u0131rmak isteyen baz\u0131 medya \u201cT\u00fcrkiye vurdu, T\u00fcrkmenler vurdu diye hedef \u015fa\u015f\u0131rtmak istemektedir. T\u00fcrkmen g\u00fc\u00e7ler bile vurmu\u015f olsa onlarda t\u0131pk\u0131 Rayan Kildani gibi Ha\u015fdi \u015eabi\u2019nin bir par\u00e7as\u0131 olan T\u00fcrkmen yap\u0131lard\u0131r.<\/p>\n<p style=\"text-align: justify\">YNK ve lideri Bafel Talabani\u2019nin bu sald\u0131r\u0131lardaki pay\u0131 da e\u015fit derecede tehlikelidir. YNK 1960\u2019lardan beri KDP\u2019ye kar\u015f\u0131 Irak devletinin yan\u0131nda durarak rant elde etti. Ve varl\u0131\u011f\u0131n\u0131 da b\u00fcy\u00fck oranda b\u00f6yle sa\u011flad\u0131. Bafel Talabani ayn\u0131 siyaseti \u00fcstelik daha g\u00f6z\u00fc kara bi\u00e7imde devam ettiriyor.\u00a0 Hi\u00e7bir K\u00fcrdistani ama\u00e7, ilke, vefa ve kayg\u0131 duymadan Irak\u2019la K\u00fcrdistan B\u00f6lgesi kazan\u0131mlar\u0131na sald\u0131ran tutumlar izliyor. 11 Kas\u0131m se\u00e7im mitinginde Kor Mor gaz sahas\u0131na d\u00f6n\u00fck yapt\u0131\u011f\u0131 a\u00e7\u0131klamalar basit a\u00e7\u0131klamalar de\u011fil.\u00a0 Bafel Talabani \u201cGazlar\u0131 bizim saham\u0131zda, kapat\u0131r\u0131z, gaz vermeyiz\u201d diyordu.\u00a0 Bu bi\u00e7imde de h\u00fck\u00fcmeti ve h\u00fckemetin en b\u00fcy\u00fck icraat\u0131 Ronaki projesini tehdit etmi\u015f gibi g\u00f6steriyordu. \u0130\u015fin a\u00e7\u0131k\u00e7as\u0131 bu tehdit h\u00fck\u00fcmet ve Ronaki projesini tehditten daha b\u00fcy\u00fckt\u00fcr. K\u00fcrdistan\u2019\u0131n i\u015fgal edilmesine destek veririm tehdididir.<\/p>\n<p style=\"text-align: justify\">YNK\u2019nin siyasi b\u00fcro \u00fcyesi Adil Murat 2012 y\u0131l\u0131nda d\u00f6nemin Ba\u015fbakan\u0131 Nuri Maliki\u2019ye \u201cMaa\u015flar\u0131 kesin bak\u0131n KDP nas\u0131l yola geliyor\u201d demi\u015fti. \u00d6yle g\u00f6r\u00fcn\u00fcyor ki Bafel Talabani\u2019de gaz kesintisinin nas\u0131l bir sorun yol a\u00e7aca\u011f\u0131n\u0131 Irak \u015eii Rejimi ile isti\u015fare ediyor.<\/p>\n<p style=\"text-align: justify\">Bu nedenle YNK\u2019nin tutumu K\u00fcrtlerin Ortado\u011fu\u2019da Enerji \u00f6nc\u00fcs\u00fc olmay\u0131 bloke eden ve K\u00fcrtleri Irak ve \u0130ran\u2019a hatta T\u00fcrkiye\u2019ye muhta\u00e7 eden bir tutumdur.<\/p>\n<p style=\"text-align: justify\">Kor Mor sahas\u0131na yap\u0131lan sald\u0131r\u0131 dosyas\u0131 bu nedenle olduk\u00e7a \u00a0kabar\u0131k ve \u00e7ok ortakl\u0131 bir dosyad\u0131r. Anti-K\u00fcrt cephesinin K\u00fcrdistan B\u00f6lgesi y\u00f6netimine g\u00f6z a\u00e7t\u0131rmamak i\u00e7in daha bir \u00e7ok provokasyona imza ataca\u011f\u0131n\u0131 da \u00f6ng\u00f6rmek yanl\u0131\u015f olmayacakt\u0131r.<\/p>\n<p style=\"text-align: justify\">\n","protected":false},"excerpt":{"rendered":"<p>Kor Mor gaz sahas\u0131 27 Kas\u0131m g\u00fcn\u00fc b\u00fcy\u00fck bir sald\u0131r\u0131ya u\u011frad\u0131. Sahadaki t\u00fcm gaz ak\u0131\u015f\u0131n\u0131 kesen bu sald\u0131r\u0131 son \u00fc\u00e7 y\u0131l i\u00e7inde yap\u0131lan 11. Sald\u0131r\u0131yd\u0131. Fakat bu sald\u0131r\u0131 di\u011ferlerinden farkl\u0131yd\u0131. Bir\u00e7ok siyasi, ekonomik ve stratejik ama\u00e7 ve mesaj i\u00e7eriyordu. Uluslararas\u0131 Enerji Ajans\u0131 (IEA) 21. Y\u00fczy\u0131l\u0131 \u201cGaz\u0131n Alt\u0131n \u00c7a\u011f\u0131\u201d olarak \u00a0kabul ediyor. Bu da d\u00fcnyada gaz [&hellip;]<\/p>\n","protected":false},"author":2,"featured_media":1035832,"comment_status":"closed","ping_status":"closed","sticky":false,"template":"","format":"standard","meta":{"footnotes":""},"categories":[3],"tags":[31],"class_list":["post-1035831","post","type-post","status-publish","format-standard","has-post-thumbnail","hentry","category-kurdistan","tag-onemli"],"blocksy_meta":[],"seo_head":"<!-- This site is optimized with the Yoast SEO plugin v27.5 - https:\/\/yoast.com\/product\/yoast-seo-wordpress\/ -->\n<title>Kor Mor gaz sahas\u0131 dosyas\u0131nda neler var: Kim, neden vurdu? - Darka Mazi<\/title>\n<meta name=\"robots\" content=\"index, follow, max-snippet:-1, max-image-preview:large, max-video-preview:-1\" \/>\n<link rel=\"canonical\" href=\"https:\/\/darkamazi.site\/archives\/1035831\" \/>\n<meta property=\"og:locale\" content=\"en_US\" \/>\n<meta property=\"og:type\" content=\"article\" \/>\n<meta property=\"og:title\" content=\"Kor Mor gaz sahas\u0131 dosyas\u0131nda neler var: Kim, neden vurdu? - Darka Mazi\" \/>\n<meta property=\"og:description\" content=\"Kor Mor gaz sahas\u0131 27 Kas\u0131m g\u00fcn\u00fc b\u00fcy\u00fck bir sald\u0131r\u0131ya u\u011frad\u0131. Sahadaki t\u00fcm gaz ak\u0131\u015f\u0131n\u0131 kesen bu sald\u0131r\u0131 son \u00fc\u00e7 y\u0131l i\u00e7inde yap\u0131lan 11. Sald\u0131r\u0131yd\u0131. Fakat bu sald\u0131r\u0131 di\u011ferlerinden farkl\u0131yd\u0131. Bir\u00e7ok siyasi, ekonomik ve stratejik ama\u00e7 ve mesaj i\u00e7eriyordu. Uluslararas\u0131 Enerji Ajans\u0131 (IEA) 21. Y\u00fczy\u0131l\u0131 \u201cGaz\u0131n Alt\u0131n \u00c7a\u011f\u0131\u201d olarak \u00a0kabul ediyor. Bu da d\u00fcnyada gaz [&hellip;]\" \/>\n<meta property=\"og:url\" content=\"https:\/\/darkamazi.site\/archives\/1035831\" \/>\n<meta property=\"og:site_name\" content=\"Darka Mazi\" \/>\n<meta property=\"article:publisher\" content=\"https:\/\/www.facebook.com\/DarkaMaziturkce\" \/>\n<meta property=\"article:published_time\" content=\"2025-12-02T09:23:51+00:00\" \/>\n<meta property=\"article:modified_time\" content=\"2025-12-02T09:27:04+00:00\" \/>\n<meta property=\"og:image\" content=\"https:\/\/darkamazi.site\/file\/2025\/12\/k.jpg\" \/>\n\t<meta property=\"og:image:width\" content=\"900\" \/>\n\t<meta property=\"og:image:height\" content=\"497\" \/>\n\t<meta property=\"og:image:type\" content=\"image\/jpeg\" \/>\n<meta name=\"author\" content=\"darka mazi\" \/>\n<meta name=\"twitter:card\" content=\"summary_large_image\" \/>\n<meta name=\"twitter:creator\" content=\"@DarkaMaziTurkce\" \/>\n<meta name=\"twitter:site\" content=\"@DarkaMaziTurkce\" \/>\n<meta name=\"twitter:label1\" content=\"Written by\" \/>\n\t<meta name=\"twitter:data1\" content=\"darka mazi\" \/>\n\t<meta name=\"twitter:label2\" content=\"Est. reading time\" \/>\n\t<meta name=\"twitter:data2\" content=\"4 minutes\" \/>\n<script type=\"application\/ld+json\" class=\"seo-schema-graph\">{\"@context\":\"https:\\\/\\\/schema.org\",\"@graph\":[{\"@type\":\"NewsArticle\",\"@id\":\"https:\\\/\\\/darkamazi.site\\\/archives\\\/1035831#article\",\"isPartOf\":{\"@id\":\"https:\\\/\\\/darkamazi.site\\\/archives\\\/1035831\"},\"author\":{\"name\":\"darka mazi\",\"@id\":\"https:\\\/\\\/darkamazi.site\\\/#\\\/schema\\\/person\\\/67986a95ac546c16760365877ef4a9d3\"},\"headline\":\"Kor Mor gaz sahas\u0131 dosyas\u0131nda neler var: Kim, neden vurdu?\",\"datePublished\":\"2025-12-02T09:23:51+00:00\",\"dateModified\":\"2025-12-02T09:27:04+00:00\",\"mainEntityOfPage\":{\"@id\":\"https:\\\/\\\/darkamazi.site\\\/archives\\\/1035831\"},\"wordCount\":1094,\"publisher\":{\"@id\":\"https:\\\/\\\/darkamazi.site\\\/#organization\"},\"image\":{\"@id\":\"https:\\\/\\\/darkamazi.site\\\/archives\\\/1035831#primaryimage\"},\"thumbnailUrl\":\"https:\\\/\\\/darkamazi.site\\\/darka-content\\\/uploads\\\/2025\\\/12\\\/k.jpg\",\"keywords\":[\"\u00f6nemli\"],\"articleSection\":[\"Kurdistan\"],\"inLanguage\":\"en-US\"},{\"@type\":\"WebPage\",\"@id\":\"https:\\\/\\\/darkamazi.site\\\/archives\\\/1035831\",\"url\":\"https:\\\/\\\/darkamazi.site\\\/archives\\\/1035831\",\"name\":\"Kor Mor gaz sahas\u0131 dosyas\u0131nda neler var: Kim, neden vurdu? - Darka Mazi\",\"isPartOf\":{\"@id\":\"https:\\\/\\\/darkamazi.site\\\/#website\"},\"primaryImageOfPage\":{\"@id\":\"https:\\\/\\\/darkamazi.site\\\/archives\\\/1035831#primaryimage\"},\"image\":{\"@id\":\"https:\\\/\\\/darkamazi.site\\\/archives\\\/1035831#primaryimage\"},\"thumbnailUrl\":\"https:\\\/\\\/darkamazi.site\\\/darka-content\\\/uploads\\\/2025\\\/12\\\/k.jpg\",\"datePublished\":\"2025-12-02T09:23:51+00:00\",\"dateModified\":\"2025-12-02T09:27:04+00:00\",\"breadcrumb\":{\"@id\":\"https:\\\/\\\/darkamazi.site\\\/archives\\\/1035831#breadcrumb\"},\"inLanguage\":\"en-US\",\"potentialAction\":[{\"@type\":\"ReadAction\",\"target\":[\"https:\\\/\\\/darkamazi.site\\\/archives\\\/1035831\"]}]},{\"@type\":\"ImageObject\",\"inLanguage\":\"en-US\",\"@id\":\"https:\\\/\\\/darkamazi.site\\\/archives\\\/1035831#primaryimage\",\"url\":\"https:\\\/\\\/darkamazi.site\\\/darka-content\\\/uploads\\\/2025\\\/12\\\/k.jpg\",\"contentUrl\":\"https:\\\/\\\/darkamazi.site\\\/darka-content\\\/uploads\\\/2025\\\/12\\\/k.jpg\",\"width\":900,\"height\":497,\"caption\":\"Kor Mor gaz sahas\u0131 dosyas\u0131nda neler var: Kim, neden vurdu?\"},{\"@type\":\"BreadcrumbList\",\"@id\":\"https:\\\/\\\/darkamazi.site\\\/archives\\\/1035831#breadcrumb\",\"itemListElement\":[{\"@type\":\"ListItem\",\"position\":1,\"name\":\"Home\",\"item\":\"https:\\\/\\\/darkamazi.site\\\/\"},{\"@type\":\"ListItem\",\"position\":2,\"name\":\"Kor Mor gaz sahas\u0131 dosyas\u0131nda neler var: Kim, neden vurdu?\"}]},{\"@type\":\"WebSite\",\"@id\":\"https:\\\/\\\/darkamazi.site\\\/#website\",\"url\":\"https:\\\/\\\/darkamazi.site\\\/\",\"name\":\"Darka Mazi\",\"description\":\"Ana Sayfa\",\"publisher\":{\"@id\":\"https:\\\/\\\/darkamazi.site\\\/#organization\"},\"potentialAction\":[{\"@type\":\"SearchAction\",\"target\":{\"@type\":\"EntryPoint\",\"urlTemplate\":\"https:\\\/\\\/darkamazi.site\\\/?s={search_term_string}\"},\"query-input\":{\"@type\":\"PropertyValueSpecification\",\"valueRequired\":true,\"valueName\":\"search_term_string\"}}],\"inLanguage\":\"en-US\"},{\"@type\":\"Organization\",\"@id\":\"https:\\\/\\\/darkamazi.site\\\/#organization\",\"name\":\"Darka Mazi T\u00fcrk\u00e7e\",\"alternateName\":\"Darka Mazi\",\"url\":\"https:\\\/\\\/darkamazi.site\\\/\",\"logo\":{\"@type\":\"ImageObject\",\"inLanguage\":\"en-US\",\"@id\":\"https:\\\/\\\/darkamazi.site\\\/#\\\/schema\\\/logo\\\/image\\\/\",\"url\":\"https:\\\/\\\/darkamazi.site\\\/darka-content\\\/uploads\\\/2017\\\/12\\\/darka-mazi-logo.png\",\"contentUrl\":\"https:\\\/\\\/darkamazi.site\\\/darka-content\\\/uploads\\\/2017\\\/12\\\/darka-mazi-logo.png\",\"width\":151,\"height\":75,\"caption\":\"Darka Mazi T\u00fcrk\u00e7e\"},\"image\":{\"@id\":\"https:\\\/\\\/darkamazi.site\\\/#\\\/schema\\\/logo\\\/image\\\/\"},\"sameAs\":[\"https:\\\/\\\/www.facebook.com\\\/DarkaMaziturkce\",\"https:\\\/\\\/x.com\\\/DarkaMaziTurkce\"]},{\"@type\":\"Person\",\"@id\":\"https:\\\/\\\/darkamazi.site\\\/#\\\/schema\\\/person\\\/67986a95ac546c16760365877ef4a9d3\",\"name\":\"darka mazi\",\"sameAs\":[\"https:\\\/\\\/darkamazi.site\"],\"url\":\"https:\\\/\\\/darkamazi.site\\\/archives\\\/author\\\/turkish\"}]}<\/script>\n<!-- \/ Yoast SEO plugin. -->","seo_head_json":{"title":"Kor Mor gaz sahas\u0131 dosyas\u0131nda neler var: Kim, neden vurdu? - Darka Mazi","robots":{"index":"index","follow":"follow","max-snippet":"max-snippet:-1","max-image-preview":"max-image-preview:large","max-video-preview":"max-video-preview:-1"},"canonical":"https:\/\/darkamazi.site\/archives\/1035831","og_locale":"en_US","og_type":"article","og_title":"Kor Mor gaz sahas\u0131 dosyas\u0131nda neler var: Kim, neden vurdu? - Darka Mazi","og_description":"Kor Mor gaz sahas\u0131 27 Kas\u0131m g\u00fcn\u00fc b\u00fcy\u00fck bir sald\u0131r\u0131ya u\u011frad\u0131. Sahadaki t\u00fcm gaz ak\u0131\u015f\u0131n\u0131 kesen bu sald\u0131r\u0131 son \u00fc\u00e7 y\u0131l i\u00e7inde yap\u0131lan 11. Sald\u0131r\u0131yd\u0131. Fakat bu sald\u0131r\u0131 di\u011ferlerinden farkl\u0131yd\u0131. Bir\u00e7ok siyasi, ekonomik ve stratejik ama\u00e7 ve mesaj i\u00e7eriyordu. Uluslararas\u0131 Enerji Ajans\u0131 (IEA) 21. Y\u00fczy\u0131l\u0131 \u201cGaz\u0131n Alt\u0131n \u00c7a\u011f\u0131\u201d olarak \u00a0kabul ediyor. Bu da d\u00fcnyada gaz [&hellip;]","og_url":"https:\/\/darkamazi.site\/archives\/1035831","og_site_name":"Darka Mazi","article_publisher":"https:\/\/www.facebook.com\/DarkaMaziturkce","article_published_time":"2025-12-02T09:23:51+00:00","article_modified_time":"2025-12-02T09:27:04+00:00","og_image":[{"width":900,"height":497,"url":"https:\/\/darkamazi.site\/file\/2025\/12\/k.jpg","type":"image\/jpeg"}],"author":"darka mazi","twitter_card":"summary_large_image","twitter_creator":"@DarkaMaziTurkce","twitter_site":"@DarkaMaziTurkce","twitter_misc":{"Written by":"darka mazi","Est. reading time":"4 minutes"},"schema":{"@context":"https:\/\/schema.org","@graph":[{"@type":"NewsArticle","@id":"https:\/\/darkamazi.site\/archives\/1035831#article","isPartOf":{"@id":"https:\/\/darkamazi.site\/archives\/1035831"},"author":{"name":"darka mazi","@id":"https:\/\/darkamazi.site\/#\/schema\/person\/67986a95ac546c16760365877ef4a9d3"},"headline":"Kor Mor gaz sahas\u0131 dosyas\u0131nda neler var: Kim, neden vurdu?","datePublished":"2025-12-02T09:23:51+00:00","dateModified":"2025-12-02T09:27:04+00:00","mainEntityOfPage":{"@id":"https:\/\/darkamazi.site\/archives\/1035831"},"wordCount":1094,"publisher":{"@id":"https:\/\/darkamazi.site\/#organization"},"image":{"@id":"https:\/\/darkamazi.site\/archives\/1035831#primaryimage"},"thumbnailUrl":"https:\/\/darkamazi.site\/file\/2025\/12\/k.jpg","keywords":["\u00f6nemli"],"articleSection":["Kurdistan"],"inLanguage":"en-US"},{"@type":"WebPage","@id":"https:\/\/darkamazi.site\/archives\/1035831","url":"https:\/\/darkamazi.site\/archives\/1035831","name":"Kor Mor gaz sahas\u0131 dosyas\u0131nda neler var: Kim, neden vurdu? - Darka Mazi","isPartOf":{"@id":"https:\/\/darkamazi.site\/#website"},"primaryImageOfPage":{"@id":"https:\/\/darkamazi.site\/archives\/1035831#primaryimage"},"image":{"@id":"https:\/\/darkamazi.site\/archives\/1035831#primaryimage"},"thumbnailUrl":"https:\/\/darkamazi.site\/file\/2025\/12\/k.jpg","datePublished":"2025-12-02T09:23:51+00:00","dateModified":"2025-12-02T09:27:04+00:00","breadcrumb":{"@id":"https:\/\/darkamazi.site\/archives\/1035831#breadcrumb"},"inLanguage":"en-US","potentialAction":[{"@type":"ReadAction","target":["https:\/\/darkamazi.site\/archives\/1035831"]}]},{"@type":"ImageObject","inLanguage":"en-US","@id":"https:\/\/darkamazi.site\/archives\/1035831#primaryimage","url":"https:\/\/darkamazi.site\/file\/2025\/12\/k.jpg","contentUrl":"https:\/\/darkamazi.site\/file\/2025\/12\/k.jpg","width":900,"height":497,"caption":"Kor Mor gaz sahas\u0131 dosyas\u0131nda neler var: Kim, neden vurdu?"},{"@type":"BreadcrumbList","@id":"https:\/\/darkamazi.site\/archives\/1035831#breadcrumb","itemListElement":[{"@type":"ListItem","position":1,"name":"Home","item":"https:\/\/darkamazi.site\/"},{"@type":"ListItem","position":2,"name":"Kor Mor gaz sahas\u0131 dosyas\u0131nda neler var: Kim, neden vurdu?"}]},{"@type":"WebSite","@id":"https:\/\/darkamazi.site\/#website","url":"https:\/\/darkamazi.site\/","name":"Darka Mazi","description":"Ana Sayfa","publisher":{"@id":"https:\/\/darkamazi.site\/#organization"},"potentialAction":[{"@type":"SearchAction","target":{"@type":"EntryPoint","urlTemplate":"https:\/\/darkamazi.site\/?s={search_term_string}"},"query-input":{"@type":"PropertyValueSpecification","valueRequired":true,"valueName":"search_term_string"}}],"inLanguage":"en-US"},{"@type":"Organization","@id":"https:\/\/darkamazi.site\/#organization","name":"Darka Mazi T\u00fcrk\u00e7e","alternateName":"Darka Mazi","url":"https:\/\/darkamazi.site\/","logo":{"@type":"ImageObject","inLanguage":"en-US","@id":"https:\/\/darkamazi.site\/#\/schema\/logo\/image\/","url":"https:\/\/darkamazi.site\/file\/2017\/12\/darka-mazi-logo.png","contentUrl":"https:\/\/darkamazi.site\/file\/2017\/12\/darka-mazi-logo.png","width":151,"height":75,"caption":"Darka Mazi T\u00fcrk\u00e7e"},"image":{"@id":"https:\/\/darkamazi.site\/#\/schema\/logo\/image\/"},"sameAs":["https:\/\/www.facebook.com\/DarkaMaziturkce","https:\/\/x.com\/DarkaMaziTurkce"]},{"@type":"Person","@id":"https:\/\/darkamazi.site\/#\/schema\/person\/67986a95ac546c16760365877ef4a9d3","name":"darka mazi","sameAs":["https:\/\/darkamazi.site"],"url":"https:\/\/darkamazi.site\/archives\/author\/turkish"}]}},"_links":{"self":[{"href":"https:\/\/darkamazi.site\/funavuv\/wp\/v2\/posts\/1035831","targetHints":{"allow":["GET"]}}],"collection":[{"href":"https:\/\/darkamazi.site\/funavuv\/wp\/v2\/posts"}],"about":[{"href":"https:\/\/darkamazi.site\/funavuv\/wp\/v2\/types\/post"}],"author":[{"embeddable":true,"href":"https:\/\/darkamazi.site\/funavuv\/wp\/v2\/users\/2"}],"replies":[{"embeddable":true,"href":"https:\/\/darkamazi.site\/funavuv\/wp\/v2\/comments?post=1035831"}],"version-history":[{"count":0,"href":"https:\/\/darkamazi.site\/funavuv\/wp\/v2\/posts\/1035831\/revisions"}],"wp:featuredmedia":[{"embeddable":true,"href":"https:\/\/darkamazi.site\/funavuv\/wp\/v2\/media\/1035832"}],"wp:attachment":[{"href":"https:\/\/darkamazi.site\/funavuv\/wp\/v2\/media?parent=1035831"}],"wp:term":[{"taxonomy":"category","embeddable":true,"href":"https:\/\/darkamazi.site\/funavuv\/wp\/v2\/categories?post=1035831"},{"taxonomy":"post_tag","embeddable":true,"href":"https:\/\/darkamazi.site\/funavuv\/wp\/v2\/tags?post=1035831"}],"curies":[{"name":"wp","href":"https:\/\/api.w.org\/{rel}","templated":true}]}}