{"id":1035834,"date":"2025-12-02T13:58:36","date_gmt":"2025-12-02T10:58:36","guid":{"rendered":"https:\/\/darkamazi.site\/?p=1035834"},"modified":"2025-12-02T13:58:36","modified_gmt":"2025-12-02T10:58:36","slug":"tarihi-ziyareti-dogru-okumak","status":"publish","type":"post","link":"https:\/\/darkamazi.site\/archives\/1035834","title":{"rendered":"Tarihi Ziyareti Do\u011fru Okumak"},"content":{"rendered":"<p style=\"text-align: justify\">G\u00fcney K\u00fcrdistan Kurucu Ba\u015fkan\u0131 Sevgili Berzani&#8217;nin Cizre ziyaretinin yank\u0131lar\u0131 s\u00fcr\u00fcyor. Bu ziyareti tarihi olarak nitelendirip sevinenler oldu\u011fu gibi, sert tepki g\u00f6sterip ele\u015ftirenler de var. Ayr\u0131ca, her zamanki gibi ortada bir yer edinip desteklemek ile ele\u015ftirmek aras\u0131nda gidip gelen karars\u0131z bir kesim vard\u0131r.<\/p>\n<p style=\"text-align: justify\">Bu ziyareti do\u011fru okumak ve sa\u011fl\u0131kl\u0131 de\u011ferlendirmek i\u00e7in, k\u0131sa baz\u0131 hat\u0131rlatmalar yapmakta fayda vard\u0131r.<\/p>\n<p style=\"text-align: justify\">K\u00fcrdler Ve D\u00fcnya<\/p>\n<p style=\"text-align: justify\">K\u00fcrd\/K\u00fcrdistan Sorunu, b\u00fct\u00fcn d\u00fcnya devletlerini ilgilendiren ve bu y\u00f6n\u00fcyle di\u011fer t\u00fcm ulusal kurtulu\u015f m\u00fccadelelerinden ayr\u0131lan; daha kar\u0131\u015f\u0131k, \u00e7ok akt\u00f6rl\u00fc ve zor bir Ulusal Sorun&#8217;dur. Bu Y\u00f6n\u00fcyle K\u00fcrdistan&#8217;\u0131n bir d\u00fcnya sorunu oldu\u011fu rahatl\u0131kla s\u00f6ylenebilir. K\u00fcrdistan&#8217;\u0131n s\u00f6m\u00fcrgele\u015ftirilmesinde sadece d\u00f6rt yerel s\u00f6m\u00fcrgeci devlet de\u011fil, d\u00fcnyaya y\u00f6n veren b\u00fct\u00fcn b\u00fcy\u00fck devletler rol oynad\u0131. Ayn\u0131 \u015fekilde K\u00fcrdlerin \u00f6zg\u00fcrle\u015fmesi ve devletle\u015fmesi de yine b\u00fct\u00fcn d\u00fcnya devletlerini yak\u0131ndan ilgilendiriyor ve K\u00fcrdlerin her hareketi t\u00fcm dikkatleri K\u00fcrdlerin\/K\u00fcrdistan&#8217;\u0131n \u00fczerinde yo\u011funla\u015ft\u0131r\u0131yor.<\/p>\n<p style=\"text-align: justify\">Bu ger\u00e7eklik, K\u00fcrdistan Sorunu&#8217;nu d\u00fcnyadaki g\u00fc\u00e7lerden ve de\u011fi\u015fimlerden ba\u011f\u0131ms\u0131z ele alamayaca\u011f\u0131m\u0131z\u0131 g\u00f6sterir.<\/p>\n<p style=\"text-align: justify\">Amerika ve Bat\u0131l\u0131 devletlerin Ortado\u011fu&#8217;yu dizayn etme hesaplar\u0131 ile K\u00fcrdlerin stat\u00fckonun y\u0131k\u0131lmas\u0131yla \u00f6zg\u00fcrle\u015fme olana\u011f\u0131 \u00f6rt\u00fc\u015ft\u00fc ve onlar\u0131 zorunlu olarak ortakla\u015ft\u0131rd\u0131.<\/p>\n<p style=\"text-align: justify\">B\u00fcy\u00fck devletler \u00e7\u0131karlar\u0131, K\u00fcrdler de ya\u015fayabilmeleri ve k\u0131smen de olsa \u00f6zg\u00fcrle\u015febilmeleri i\u00e7in bu ortakl\u0131\u011fa evet dediler.<\/p>\n<p style=\"text-align: justify\">Katliam ve soyk\u0131r\u0131mlarla ya\u015fam\u0131 fel\u00e7 edilen K\u00fcrdler i\u00e7in, Ortado\u011fu&#8217;daki de\u011fi\u015fimler &#8220;demokratik mi de\u011fil mi&#8221;, &#8220;hakl\u0131 m\u0131 haks\u0131z m\u0131&#8221; sorusu \u00e7ok anlams\u0131zd\u0131; ya\u015famak i\u00e7in de\u011fi\u015fimden yana olmak d\u0131\u015f\u0131nda se\u00e7enekleri yoktu.<\/p>\n<p style=\"text-align: justify\">K\u00fcrdler, de\u011fi\u015fimden yana tutum alarak bir soyk\u0131r\u0131mc\u0131dan kurtulmakla kalmad\u0131lar. Saddam gibi bir cell\u00e2d\u0131n makam\u0131n\u0131n sahibi olduklar\u0131 gibi G\u00fcney K\u00fcrdistan&#8217;\u0131 da fiilen devletle\u015ftirdiler; \u00f6zg\u00fcrle\u015ftirdiler&#8230;<\/p>\n<p style=\"text-align: justify\">K\u00fcrdlerin\/K\u00fcrdistan&#8217;\u0131n tarihindeki en \u00f6nemli kazan\u0131m elde edilirken, s\u0131ran\u0131n Suriye, T\u00fcrkiye ve \u0130ran&#8217;a da gelece\u011fi a\u00e7\u0131kt\u0131.<\/p>\n<p style=\"text-align: justify\">Ger\u00e7i T\u00fcrkiye&#8217;deki s\u00fcre\u00e7, Bat\u0131l\u0131 devletlerin destekledi\u011fi AKP&#8217;nin k\u0131smen de olsa stat\u00fckoya\/Kemalizm&#8217;e darbe indirmesiyle \u00f6nceden ba\u015flam\u0131\u015ft\u0131. Ama di\u011fer s\u00f6m\u00fcrgeci devletlerde ya\u015fanacak karga\u015fa ve elde edilecek Ulusal Haklar T\u00fcrkiye&#8217;nin yeniden ve daha ciddi ad\u0131mlar atmas\u0131n\u0131 zorunlu k\u0131lacakt\u0131&#8230;<\/p>\n<p style=\"text-align: justify\">Tam da bu s\u00fcre\u00e7te PKK, stat\u00fckodan yana tutum alarak K\u00fcrdlerin \u00f6n\u00fcn\u00fc kesmeye \u00e7al\u0131\u015ft\u0131. PKK, \u0130ran, Irak Merkezi Devleti, Suriye ve T\u00fcrkiye&#8217;deki stat\u00fckocularla (Kemalistler) birlikte hareket etti. Bu yerel stat\u00fckocular\u0131 Rusya ve \u00c7in gibi devletler de destekledi&#8230;<\/p>\n<p style=\"text-align: justify\">G\u00fcney K\u00fcrdistan Ne Yapmal\u0131yd\u0131?<\/p>\n<p style=\"text-align: justify\">Hi\u00e7bir birey toplumdan soyutlanarak tek ba\u015f\u0131na ya\u015fayamayaca\u011f\u0131 gibi, hi\u00e7bir devlet de di\u011fer t\u00fcm devletlerden soyutlanarak; kendi i\u00e7ine kapanarak ya\u015fayamaz&#8230;<\/p>\n<p style=\"text-align: justify\">G\u00fcney K\u00fcrdistan; \u0130ran, Irak, Suriye ve T\u00fcrkiye devletlerinden biriyle zorunlu olarak ili\u015fki geli\u015ftirecekti. Bu ili\u015fkiye en uygun \u00fclke ise ku\u015fkusuz ki T\u00fcrkiye idi. Di\u011fer \u00fc\u00e7 s\u00f6m\u00fcrgeci devletler ortakla\u015fa G\u00fcney&#8217;i bo\u011fmak i\u00e7in \u00e7abalarken, T\u00fcrkiye, hem d\u00fcnyadaki de\u011fi\u015fimleri do\u011fru okudu\u011fu, hem de\u011fi\u015fim g\u00fc\u00e7lerinin saf\u0131nda yer ald\u0131\u011f\u0131 hem de ekonomik nedenlerle G\u00fcney&#8217;i tan\u0131mak durumunda kald\u0131. Birileri ele\u015ftirse de, bug\u00fcn G\u00fcney K\u00fcrdistan&#8217;daki ekonomik yat\u0131r\u0131mlar\u0131n \u00e7o\u011funu T\u00fcrkiye yap\u0131yorsa bu durum K\u00fcrdler i\u00e7in bir kazan\u0131md\u0131r ve G\u00fcney&#8217;in mevcut durumunun korunmas\u0131 i\u00e7in bir g\u00fcvencedir ayn\u0131 zamanda.<\/p>\n<p style=\"text-align: justify\">K\u0131saca, G\u00fcney K\u00fcrdistan ile T\u00fcrkiye ili\u015fkileri sadece ekonomik alanla s\u0131n\u0131rl\u0131 de\u011fil, ba\u011flant\u0131l\u0131 olarak siyasi ili\u015fkiler de san\u0131ld\u0131\u011f\u0131ndan fazlad\u0131r. Bu durum, Kuzey K\u00fcrdistan&#8217;a da olumlu etki yap\u0131yor ve yapmaya da devam edecektir&#8230;<\/p>\n<p style=\"text-align: justify\">PKK, &#8220;Bar\u0131\u015f S\u00fcreci&#8221; Ve G\u00fcney K\u00fcrdistan<\/p>\n<p style=\"text-align: justify\">Abdullah \u00d6calan\u2019\u0131n T\u00fcrkiye&#8217;ye teslim edilmesi, uzun vadeli bir plan\u0131n gere\u011fiydi.<\/p>\n<p style=\"text-align: justify\">Bu plan, G\u00fcney K\u00fcrdistan&#8217;\u0131n devletle\u015fmesi; Suriye, \u0130ran egemenli\u011findeki K\u00fcrdistan par\u00e7alar\u0131n\u0131n G\u00fcney&#8217;e eklemlenmesi ve T\u00fcrkiye&#8217;nin AB \u00fcyeli\u011fiyle birlikte Kuzey&#8217;de demokratik baz\u0131 haklar\u0131n tan\u0131nmas\u0131yd\u0131&#8230;<\/p>\n<p style=\"text-align: justify\">AKP, T\u00fcrkiye&#8217;de H\u00fck\u00fcmet olmas\u0131na ra\u011fmen uzun s\u00fcre devletle\u015femedi ve Kemalist direnci k\u0131ramad\u0131. Dolay\u0131s\u0131yla \u0130mral\u0131 2009 y\u0131l\u0131na kadar Kemalistlerin mutlak denetiminde kald\u0131. Hal b\u00f6yle olunca PKK, stat\u00fckodan yana tavr\u0131n\u0131 s\u00fcrd\u00fcrd\u00fc\u011f\u00fc i\u00e7in s\u00f6z konusu plan hayata ge\u00e7irilmedi.<\/p>\n<p style=\"text-align: justify\">AKP devletle\u015fip \u0130mral\u0131&#8217;ya hakim olduktan sonra, Abdullah \u00d6calan\u2019\u0131 denetimine ald\u0131 ve kesintiye u\u011frayan s\u00fcreci, d\u00fc\u015fe kalka tekrar ba\u015flatt\u0131. Amed Newroz&#8217;unda okunan (2013) \u00d6calan mektubundaki &#8220;\u0130slam Karde\u015fli\u011fi&#8221; vurgusu, s\u00fcrecin tekrar i\u015flerlik kazand\u0131\u011f\u0131n\u0131n somut g\u00f6stergesiydi asl\u0131nda.<\/p>\n<p style=\"text-align: justify\">Abdullah \u00d6calan&#8217;\u0131n a\u00e7\u0131klamalar\u0131nda tutars\u0131zl\u0131k olsa da, silahlar\u0131n susmas\u0131 ve devlet ile anla\u015f\u0131lmas\u0131 temel hedefiydi.<\/p>\n<p style=\"text-align: justify\">PKK&#8217;nin silahl\u0131 m\u00fccadeleye son vermesi ve demokratik m\u00fccadeleye ba\u015flamas\u0131, ba\u015f\u0131ndan beri Berzani&#8217;nin savundu\u011fu bir g\u00f6r\u00fc\u015ft\u00fcr ve hep bunun arkas\u0131nda durmu\u015ftur. Devlet veya federasyon istemeyen ve sadece T\u00fcrkiye&#8217;deki sistem i\u00e7i kavgada fig\u00fcran olarak kullan\u0131lan PKK&#8217;nin silah b\u0131rakmas\u0131 ku\u015fkusuz ki K\u00fcrdlerin yarar\u0131nayd\u0131. En az\u0131ndan Kemalistlerin iktidar\u0131 i\u00e7in K\u00fcrd gen\u00e7leri \u00f6lmeyecek; bu bile \u00f6nemlidir K\u00fcrdler a\u00e7\u0131s\u0131ndan.<\/p>\n<p style=\"text-align: justify\">Ku\u015fkusuz ki s\u00f6m\u00fcrge K\u00fcrdistan&#8217;da i\u015fgal devam etti\u011fi s\u00fcrece, silah bir se\u00e7enek olarak varl\u0131\u011f\u0131n\u0131 koruyacak ve gerekti\u011finde ba\u015fvurulacakt\u0131r. Ancak devlet istemeyen PKK&#8217;nin silahl\u0131 varl\u0131\u011f\u0131 ve sava\u015f\u0131 bir istisnad\u0131r ve mutlaka bu ama\u00e7s\u0131z sava\u015f bitmeliydi&#8230;<\/p>\n<p style=\"text-align: justify\">\u00d6calan&#8217;\u0131n AKP denetimine girmesiyle, PKK\/HDP i\u00e7indeki Kemalistler \u00e7ok huzursuz oldular ve yeni provokasyonlarla ama\u00e7s\u0131z sava\u015f\u0131 tekrar ba\u015flatman\u0131n yollar\u0131na ba\u015fvurdular.<\/p>\n<p style=\"text-align: justify\">PKK \u00fczerinde, \u0130ran, Suriye devletleri ile Kemalistlerin etkisi d\u00fc\u015f\u00fcn\u00fcld\u00fc\u011f\u00fcnde; \u00d6calan&#8217;\u0131n eksen de\u011fi\u015ftirip AKP ile uzla\u015fmas\u0131 \u00e7ok ciddi hesapla\u015fmalar\u0131 beraberinde getirdi. D\u0131\u015far\u0131ya yeteri kadar yans\u0131mayan bu hesapla\u015fma, Berzani&#8217;ye kar\u015f\u0131 kirli bir propagandan\u0131n ba\u015flamas\u0131 ve Berzani&#8217;nin Diyarbak\u0131r ziyaretine (16 Kas\u0131m 2013) g\u00f6sterilen \u00e7irkin tepkilerle kendisini d\u0131\u015fa vurmu\u015ftu.<\/p>\n<p style=\"text-align: justify\">PKK&#8217;nin Kuzey&#8217;deki politikalar\u0131; G\u00fcney K\u00fcrdistan-T\u00fcrkiye ili\u015fkileriyle uyumludur. Dahas\u0131 PKK-G\u00fcney K\u00fcrdistan ve T\u00fcrkiye bir anlamda ortak bir yol haritas\u0131na sahiptirler. Ba\u015fka bir deyi\u015fle, PKK-Devlet anla\u015fmas\u0131 G\u00fcney K\u00fcrdistan taraf\u0131ndan destekleniyor ve G\u00fcney K\u00fcrdistan bu anla\u015fmada bir nevi garant\u00f6r rol\u00fcn\u00fc oynuyor. Hal b\u00f6yleyken, PKK&#8217;nin G\u00fcney&#8217;e ve Berzani&#8217;ye sald\u0131rmas\u0131, PKK\u2019nin farkl\u0131 efendilere (Suriye, \u0130ran ve Kemalistler gibi) sahip olmas\u0131ndan kaynakl\u0131d\u0131r. Bir anlamda PKK i\u00e7indeki i\u00e7 hesapla\u015fman\u0131n Berzani d\u00fc\u015fmanl\u0131\u011f\u0131 \u015feklinde d\u0131\u015far\u0131ya yans\u0131mas\u0131d\u0131r&#8230;<\/p>\n<p style=\"text-align: justify\">Berzani&#8217;nin Cizre Ziyareti ve Tepkiler<\/p>\n<p style=\"text-align: justify\">Devlet Kurucu Ba\u015fkan s\u0131fat\u0131yla T\u00fcrkiye&#8217;ye gelen Sevgili Mes\u00fbd Berzani&#8217;den hi\u00e7bir K\u00fcrd\u00fcn rahats\u0131z olmas\u0131 i\u00e7in hakl\u0131 bir neden yoktur. Zaten rahats\u0131z olan K\u00fcrdler de\u011fil, Kemalistler ve onlar\u0131n K\u00fcrdler i\u00e7indeki piyonlar\u0131d\u0131r sadece&#8230;<\/p>\n<p style=\"text-align: justify\">Sevgili Berzani&#8217;nin &#8216;4. Uluslararas\u0131 Melay\u00ea Ciz\u00eer\u00ee Sempozyumu&#8217;na kat\u0131lmak i\u00e7in Cizre&#8217;ye geli\u015fi, \u00e7at\u0131\u015fmas\u0131zl\u0131k s\u00fcrecinin devam\u0131na ve PKK-Devlet anla\u015fmas\u0131na direkt bir katk\u0131 olarak okunmal\u0131d\u0131r asl\u0131nda. Bu anlams\u0131z sava\u015f\u0131 bitirmek isteyen PKK\/HDP i\u00e7indeki yurtseverlerin de tam istedi\u011fi \u015feydir. Anlams\u0131z sava\u015f\u0131n bitmesinden korkan ve K\u00fcrdlerin t\u00fcm ulusal taleplerini ret eden Kemalistler, kandan beslenememe riskini g\u00f6rd\u00fckleri i\u00e7in huzursuzdurlar.<\/p>\n<p style=\"text-align: justify\">Berzani&#8217;nin geli\u015fini AKP\/Erdo\u011fan ile ili\u015fkilendirecek kadar k\u00fc\u00e7\u00fck ve grupsal d\u00fc\u015f\u00fcnenler, bu ziyaretin K\u00fcrdlere\/K\u00fcrdistanl\u0131lara kazand\u0131racaklar\u0131n\u0131 g\u00f6rmeyecek kadar k\u00f6rle\u015fmi\u015flerdir.<\/p>\n<p style=\"text-align: justify\">T\u00fcrkiye gibi s\u00f6m\u00fcrgeci ve inkarc\u0131 bir devletin, G\u00fcney K\u00fcrdistan Kurucu Ba\u015fkan\u0131&#8217;n\u0131 a\u011f\u0131rlamas\u0131 tarihi bir \u00f6zele\u015ftiridir \u00f6ncelikle. Dahas\u0131, devletle\u015fecek olan G\u00fcney K\u00fcrdistan&#8217;\u0131 hukuken tan\u0131yacak olmas\u0131n\u0131n i\u015faretidir de bu t\u00fcr ziyaretler&#8230;<\/p>\n<p style=\"text-align: justify\">K\u00fcrd kan\u0131 \u00fczerinden var olan ama K\u00fcrdlerin t\u00fcm ulusal haklar\u0131n\u0131 yok sayan Kemalist\/Fa\u015fist kesimin \u00e7\u0131rp\u0131n\u0131\u015f\u0131, sistem i\u00e7i kavgada art\u0131k K\u00fcrdleri &#8220;kurban&#8221; olarak kullanamayacak olmalar\u0131ndand\u0131r. Her duyarl\u0131 yurtsever K\u00fcrd, P\u00ea\u015fmerge Mes\u00fbd&#8217;un Cizre ziyaretini olumlu bir geli\u015fme olarak de\u011ferlendirmektedir.<\/p>\n<p style=\"text-align: justify\">Bu durum, HDP i\u00e7indeki yurtseverler i\u00e7in de ge\u00e7erlidir.<\/p>\n<p style=\"text-align: justify\">Ziyarete Kar\u015f\u0131 \u00c7\u0131kman\u0131n \u015eartlar\u0131<\/p>\n<p style=\"text-align: justify\">\u015eayet Kuzey K\u00fcrdistan&#8217;da ba\u011f\u0131ms\u0131zl\u0131k m\u00fccadelesi verilseydi ve \u00e7eli\u015fkilerin keskinle\u015fti\u011fi, sava\u015f\u0131n k\u0131z\u0131\u015ft\u0131\u011f\u0131 bir d\u00f6nem ya\u015fansayd\u0131; bu g\u00fcn yar\u0131n ba\u011f\u0131ms\u0131zl\u0131k ilan\u0131 s\u00f6z konusu olsayd\u0131, tam da b\u00f6yle bir ortamda Berzani&#8217;nin gelmesi ve K\u00fcrdlere &#8220;devlet ile uzla\u015fma&#8221; \u00e7a\u011fr\u0131s\u0131 yapmas\u0131 \u00e7ok \u00e7irkin olurdu ve her t\u00fcrl\u00fc tepki hakl\u0131 olurdu.<\/p>\n<p style=\"text-align: justify\">\u015eayet, PKK&#8217;nin talepleri, Berzani&#8217;nin Kurucu Ba\u015fkan\u0131 oldu\u011fu G\u00fcney K\u00fcrdistan&#8217;\u0131n taleplerinden daha ileri olsayd\u0131, yine Berzani&#8217;nin ziyareti hakl\u0131 olarak ele\u015ftirilebilirdi.<\/p>\n<p style=\"text-align: justify\">PKK&#8217;nin hi\u00e7bir ulusal talebi olmad\u0131\u011f\u0131 ger\u00e7e\u011fi dikkate al\u0131nd\u0131\u011f\u0131nda, K\u00fcrdler i\u00e7in \u00f6nemli bir kazan\u0131ma (federasyon; fiili devlet) Ba\u015fkanl\u0131k yapm\u0131\u015f Berzani\u2019nin ziyareti ulusal duygular\u0131n uyanmas\u0131 a\u00e7\u0131s\u0131ndan \u00e7ok \u00f6nemlidir. Konumu ve ulusal duru\u015fuyla Berzani, Kuzey&#8217;de var olan\u0131n ilerisinde oldu\u011fu i\u00e7in ziyareti &#8220;ben K\u00fcrd\u00fcm\/K\u00fcrdistanl\u0131y\u0131m&#8221; diyen herkes i\u00e7in de\u011ferli olmal\u0131 ve sahiplenilmelidir&#8230;<\/p>\n<p style=\"text-align: justify\">PKK\/HDP \u00e7izgisini savunanlar\u0131n, bu ziyarete tepkisinin hi\u00e7bir K\u00fcrdistani ve insani gerek\u00e7esi yoktur\/olamaz da.<\/p>\n<p style=\"text-align: justify\">Bu ziyarete, ba\u011f\u0131ms\u0131z K\u00fcrdistan&#8217;\u0131 ko\u015fulsuz savunan ve Berzani&#8217;nin geli\u015fiyle ba\u011f\u0131ms\u0131zl\u0131k bilincinin k\u00f6relece\u011fini d\u00fc\u015f\u00fcnen insanlar\/partiler tepki g\u00f6sterebilirler ve b\u00f6yle bir tepki de anla\u015f\u0131l\u0131rd\u0131r. Bunun d\u0131\u015f\u0131nda g\u00f6sterilen her tepki, K\u00fcrdler ve K\u00fcrdlerin ulusal kazan\u0131mlar\u0131na Berzani \u015fahs\u0131nda bir sald\u0131r\u0131d\u0131r&#8230;<\/p>\n<p style=\"text-align: justify\">Sonu\u00e7 Olarak;<\/p>\n<p style=\"text-align: justify\">Berzani&#8217;nin Ciz\u00eera Botan ziyaretinde, AKP\/Erdo\u011fan y\u00f6netimi kendisine yarayacak \u015fekilde davranabilir. Ama K\u00fcrdler de bu ziyareti kendi lehlerinde \u00e7ok iyi kullanabilirler ku\u015fkusuz.<\/p>\n<p style=\"text-align: justify\">Ulusal bilincin yok edilmeye y\u00fcz tuttu\u011fu Kuzey K\u00fcrdistan\u2019da, bu ziyaret ulusal bir dirili\u015fe vesile olabilir.<\/p>\n<p style=\"text-align: justify\">Gen\u00e7lerin Berzani&#8217;yi K\u00fcrdistan bayraklar\u0131yla kar\u015f\u0131lamas\u0131 y\u0131llard\u0131r &#8220;b\u00fcy\u00fck&#8221; siyaset\u00e7ilerin g\u00f6steremedi\u011fi ulusal duru\u015fu g\u00f6stererek K\u00fcrdistan ismini bir kez daha T\u00fcrk ve D\u00fcnya g\u00fcndemine ta\u015f\u0131d\u0131lar, kendilerini kutluyoruz.<\/p>\n<p style=\"text-align: justify\">Temennimiz, HDP i\u00e7indeki yurtseverler dahil K\u00fcrdl\u00fck\/K\u00fcrdistanl\u0131l\u0131k iddias\u0131 ta\u015f\u0131yan t\u00fcm ki\u015fi ve kurumlar\u0131n da gen\u00e7ler gibi K\u00fcrdistan bayraklar\u0131yla Berzani&#8217;yi kar\u015f\u0131lamas\u0131yd\u0131. Bu t\u00fcr tarihi f\u0131rsatlar \u00f6rg\u00fct\/parti \u00e7\u0131karlar\u0131na feda edilmeyecek kadar \u00f6nemlidir. Kalabal\u0131k kitleler halinde ellerinde t\u00fcm K\u00fcrdleri temsil eden Ala Rengin ile Cizre, hi\u00e7 kimsenin ummad\u0131\u011f\u0131 ve hesaplayamad\u0131\u011f\u0131 Ulusal Bir Dirili\u015fe ve uyan\u0131\u015fa sahne oldu&#8230;<\/p>\n<p style=\"text-align: justify\">Israrla &#8216;birlik&#8217; diyenlerin hangi temelde birlik sorusuna cevap vermediklerini; birli\u011fin ancak ulusal zeminde ve ortak ama\u00e7larda olabilece\u011fini belirttik. Bu birlik, ulusal simge olan Berzani&#8217;ye sahip \u00e7\u0131kmak ve K\u00fcrdistan Bayraklar\u0131yla Cizre&#8217;nin K\u00fcrdistan oldu\u011funu b\u00fct\u00fcn d\u00fcnyaya g\u00f6stererek hayata ge\u00e7irildi\u2026<\/p>\n<p style=\"text-align: justify\">S\u00fcleyman Akkoyun<\/p>\n","protected":false},"excerpt":{"rendered":"<p>G\u00fcney K\u00fcrdistan Kurucu Ba\u015fkan\u0131 Sevgili Berzani&#8217;nin Cizre ziyaretinin yank\u0131lar\u0131 s\u00fcr\u00fcyor. Bu ziyareti tarihi olarak nitelendirip sevinenler oldu\u011fu gibi, sert tepki g\u00f6sterip ele\u015ftirenler de var. Ayr\u0131ca, her zamanki gibi ortada bir yer edinip desteklemek ile ele\u015ftirmek aras\u0131nda gidip gelen karars\u0131z bir kesim vard\u0131r. Bu ziyareti do\u011fru okumak ve sa\u011fl\u0131kl\u0131 de\u011ferlendirmek i\u00e7in, k\u0131sa baz\u0131 hat\u0131rlatmalar yapmakta fayda [&hellip;]<\/p>\n","protected":false},"author":2,"featured_media":1035835,"comment_status":"closed","ping_status":"closed","sticky":false,"template":"","format":"standard","meta":{"footnotes":""},"categories":[26],"tags":[31],"class_list":["post-1035834","post","type-post","status-publish","format-standard","has-post-thumbnail","hentry","category-forum","tag-onemli"],"blocksy_meta":[],"seo_head":"<!-- This site is optimized with the Yoast SEO plugin v27.5 - https:\/\/yoast.com\/product\/yoast-seo-wordpress\/ -->\n<title>Tarihi Ziyareti Do\u011fru Okumak - Darka Mazi<\/title>\n<meta name=\"robots\" content=\"index, follow, max-snippet:-1, max-image-preview:large, max-video-preview:-1\" \/>\n<link rel=\"canonical\" href=\"https:\/\/darkamazi.site\/archives\/1035834\" \/>\n<meta property=\"og:locale\" content=\"en_US\" \/>\n<meta property=\"og:type\" content=\"article\" \/>\n<meta property=\"og:title\" content=\"Tarihi Ziyareti Do\u011fru Okumak - Darka Mazi\" \/>\n<meta property=\"og:description\" content=\"G\u00fcney K\u00fcrdistan Kurucu Ba\u015fkan\u0131 Sevgili Berzani&#8217;nin Cizre ziyaretinin yank\u0131lar\u0131 s\u00fcr\u00fcyor. Bu ziyareti tarihi olarak nitelendirip sevinenler oldu\u011fu gibi, sert tepki g\u00f6sterip ele\u015ftirenler de var. Ayr\u0131ca, her zamanki gibi ortada bir yer edinip desteklemek ile ele\u015ftirmek aras\u0131nda gidip gelen karars\u0131z bir kesim vard\u0131r. Bu ziyareti do\u011fru okumak ve sa\u011fl\u0131kl\u0131 de\u011ferlendirmek i\u00e7in, k\u0131sa baz\u0131 hat\u0131rlatmalar yapmakta fayda [&hellip;]\" \/>\n<meta property=\"og:url\" content=\"https:\/\/darkamazi.site\/archives\/1035834\" \/>\n<meta property=\"og:site_name\" content=\"Darka Mazi\" \/>\n<meta property=\"article:publisher\" content=\"https:\/\/www.facebook.com\/DarkaMaziturkce\" \/>\n<meta property=\"article:published_time\" content=\"2025-12-02T10:58:36+00:00\" \/>\n<meta property=\"og:image\" content=\"https:\/\/darkamazi.site\/file\/2025\/12\/Suleyman-Akkoyun.jpg\" \/>\n\t<meta property=\"og:image:width\" content=\"900\" \/>\n\t<meta property=\"og:image:height\" content=\"497\" \/>\n\t<meta property=\"og:image:type\" content=\"image\/jpeg\" \/>\n<meta name=\"author\" content=\"darka mazi\" \/>\n<meta name=\"twitter:card\" content=\"summary_large_image\" \/>\n<meta name=\"twitter:creator\" content=\"@DarkaMaziTurkce\" \/>\n<meta name=\"twitter:site\" content=\"@DarkaMaziTurkce\" \/>\n<meta name=\"twitter:label1\" content=\"Written by\" \/>\n\t<meta name=\"twitter:data1\" content=\"darka mazi\" \/>\n\t<meta name=\"twitter:label2\" content=\"Est. reading time\" \/>\n\t<meta name=\"twitter:data2\" content=\"6 minutes\" \/>\n<script type=\"application\/ld+json\" class=\"seo-schema-graph\">{\"@context\":\"https:\\\/\\\/schema.org\",\"@graph\":[{\"@type\":\"NewsArticle\",\"@id\":\"https:\\\/\\\/darkamazi.site\\\/archives\\\/1035834#article\",\"isPartOf\":{\"@id\":\"https:\\\/\\\/darkamazi.site\\\/archives\\\/1035834\"},\"author\":{\"name\":\"darka mazi\",\"@id\":\"https:\\\/\\\/darkamazi.site\\\/#\\\/schema\\\/person\\\/67986a95ac546c16760365877ef4a9d3\"},\"headline\":\"Tarihi Ziyareti Do\u011fru Okumak\",\"datePublished\":\"2025-12-02T10:58:36+00:00\",\"mainEntityOfPage\":{\"@id\":\"https:\\\/\\\/darkamazi.site\\\/archives\\\/1035834\"},\"wordCount\":2014,\"publisher\":{\"@id\":\"https:\\\/\\\/darkamazi.site\\\/#organization\"},\"image\":{\"@id\":\"https:\\\/\\\/darkamazi.site\\\/archives\\\/1035834#primaryimage\"},\"thumbnailUrl\":\"https:\\\/\\\/darkamazi.site\\\/darka-content\\\/uploads\\\/2025\\\/12\\\/Suleyman-Akkoyun.jpg\",\"keywords\":[\"\u00f6nemli\"],\"articleSection\":[\"Forum\"],\"inLanguage\":\"en-US\"},{\"@type\":\"WebPage\",\"@id\":\"https:\\\/\\\/darkamazi.site\\\/archives\\\/1035834\",\"url\":\"https:\\\/\\\/darkamazi.site\\\/archives\\\/1035834\",\"name\":\"Tarihi Ziyareti Do\u011fru Okumak - Darka Mazi\",\"isPartOf\":{\"@id\":\"https:\\\/\\\/darkamazi.site\\\/#website\"},\"primaryImageOfPage\":{\"@id\":\"https:\\\/\\\/darkamazi.site\\\/archives\\\/1035834#primaryimage\"},\"image\":{\"@id\":\"https:\\\/\\\/darkamazi.site\\\/archives\\\/1035834#primaryimage\"},\"thumbnailUrl\":\"https:\\\/\\\/darkamazi.site\\\/darka-content\\\/uploads\\\/2025\\\/12\\\/Suleyman-Akkoyun.jpg\",\"datePublished\":\"2025-12-02T10:58:36+00:00\",\"breadcrumb\":{\"@id\":\"https:\\\/\\\/darkamazi.site\\\/archives\\\/1035834#breadcrumb\"},\"inLanguage\":\"en-US\",\"potentialAction\":[{\"@type\":\"ReadAction\",\"target\":[\"https:\\\/\\\/darkamazi.site\\\/archives\\\/1035834\"]}]},{\"@type\":\"ImageObject\",\"inLanguage\":\"en-US\",\"@id\":\"https:\\\/\\\/darkamazi.site\\\/archives\\\/1035834#primaryimage\",\"url\":\"https:\\\/\\\/darkamazi.site\\\/darka-content\\\/uploads\\\/2025\\\/12\\\/Suleyman-Akkoyun.jpg\",\"contentUrl\":\"https:\\\/\\\/darkamazi.site\\\/darka-content\\\/uploads\\\/2025\\\/12\\\/Suleyman-Akkoyun.jpg\",\"width\":900,\"height\":497,\"caption\":\"Tarihi Ziyareti Do\u011fru Okumak\"},{\"@type\":\"BreadcrumbList\",\"@id\":\"https:\\\/\\\/darkamazi.site\\\/archives\\\/1035834#breadcrumb\",\"itemListElement\":[{\"@type\":\"ListItem\",\"position\":1,\"name\":\"Home\",\"item\":\"https:\\\/\\\/darkamazi.site\\\/\"},{\"@type\":\"ListItem\",\"position\":2,\"name\":\"Tarihi Ziyareti Do\u011fru Okumak\"}]},{\"@type\":\"WebSite\",\"@id\":\"https:\\\/\\\/darkamazi.site\\\/#website\",\"url\":\"https:\\\/\\\/darkamazi.site\\\/\",\"name\":\"Darka Mazi\",\"description\":\"Ana Sayfa\",\"publisher\":{\"@id\":\"https:\\\/\\\/darkamazi.site\\\/#organization\"},\"potentialAction\":[{\"@type\":\"SearchAction\",\"target\":{\"@type\":\"EntryPoint\",\"urlTemplate\":\"https:\\\/\\\/darkamazi.site\\\/?s={search_term_string}\"},\"query-input\":{\"@type\":\"PropertyValueSpecification\",\"valueRequired\":true,\"valueName\":\"search_term_string\"}}],\"inLanguage\":\"en-US\"},{\"@type\":\"Organization\",\"@id\":\"https:\\\/\\\/darkamazi.site\\\/#organization\",\"name\":\"Darka Mazi T\u00fcrk\u00e7e\",\"alternateName\":\"Darka Mazi\",\"url\":\"https:\\\/\\\/darkamazi.site\\\/\",\"logo\":{\"@type\":\"ImageObject\",\"inLanguage\":\"en-US\",\"@id\":\"https:\\\/\\\/darkamazi.site\\\/#\\\/schema\\\/logo\\\/image\\\/\",\"url\":\"https:\\\/\\\/darkamazi.site\\\/darka-content\\\/uploads\\\/2017\\\/12\\\/darka-mazi-logo.png\",\"contentUrl\":\"https:\\\/\\\/darkamazi.site\\\/darka-content\\\/uploads\\\/2017\\\/12\\\/darka-mazi-logo.png\",\"width\":151,\"height\":75,\"caption\":\"Darka Mazi T\u00fcrk\u00e7e\"},\"image\":{\"@id\":\"https:\\\/\\\/darkamazi.site\\\/#\\\/schema\\\/logo\\\/image\\\/\"},\"sameAs\":[\"https:\\\/\\\/www.facebook.com\\\/DarkaMaziturkce\",\"https:\\\/\\\/x.com\\\/DarkaMaziTurkce\"]},{\"@type\":\"Person\",\"@id\":\"https:\\\/\\\/darkamazi.site\\\/#\\\/schema\\\/person\\\/67986a95ac546c16760365877ef4a9d3\",\"name\":\"darka mazi\",\"sameAs\":[\"https:\\\/\\\/darkamazi.site\"],\"url\":\"https:\\\/\\\/darkamazi.site\\\/archives\\\/author\\\/turkish\"}]}<\/script>\n<!-- \/ Yoast SEO plugin. -->","seo_head_json":{"title":"Tarihi Ziyareti Do\u011fru Okumak - Darka Mazi","robots":{"index":"index","follow":"follow","max-snippet":"max-snippet:-1","max-image-preview":"max-image-preview:large","max-video-preview":"max-video-preview:-1"},"canonical":"https:\/\/darkamazi.site\/archives\/1035834","og_locale":"en_US","og_type":"article","og_title":"Tarihi Ziyareti Do\u011fru Okumak - Darka Mazi","og_description":"G\u00fcney K\u00fcrdistan Kurucu Ba\u015fkan\u0131 Sevgili Berzani&#8217;nin Cizre ziyaretinin yank\u0131lar\u0131 s\u00fcr\u00fcyor. Bu ziyareti tarihi olarak nitelendirip sevinenler oldu\u011fu gibi, sert tepki g\u00f6sterip ele\u015ftirenler de var. Ayr\u0131ca, her zamanki gibi ortada bir yer edinip desteklemek ile ele\u015ftirmek aras\u0131nda gidip gelen karars\u0131z bir kesim vard\u0131r. Bu ziyareti do\u011fru okumak ve sa\u011fl\u0131kl\u0131 de\u011ferlendirmek i\u00e7in, k\u0131sa baz\u0131 hat\u0131rlatmalar yapmakta fayda [&hellip;]","og_url":"https:\/\/darkamazi.site\/archives\/1035834","og_site_name":"Darka Mazi","article_publisher":"https:\/\/www.facebook.com\/DarkaMaziturkce","article_published_time":"2025-12-02T10:58:36+00:00","og_image":[{"width":900,"height":497,"url":"https:\/\/darkamazi.site\/file\/2025\/12\/Suleyman-Akkoyun.jpg","type":"image\/jpeg"}],"author":"darka mazi","twitter_card":"summary_large_image","twitter_creator":"@DarkaMaziTurkce","twitter_site":"@DarkaMaziTurkce","twitter_misc":{"Written by":"darka mazi","Est. reading time":"6 minutes"},"schema":{"@context":"https:\/\/schema.org","@graph":[{"@type":"NewsArticle","@id":"https:\/\/darkamazi.site\/archives\/1035834#article","isPartOf":{"@id":"https:\/\/darkamazi.site\/archives\/1035834"},"author":{"name":"darka mazi","@id":"https:\/\/darkamazi.site\/#\/schema\/person\/67986a95ac546c16760365877ef4a9d3"},"headline":"Tarihi Ziyareti Do\u011fru Okumak","datePublished":"2025-12-02T10:58:36+00:00","mainEntityOfPage":{"@id":"https:\/\/darkamazi.site\/archives\/1035834"},"wordCount":2014,"publisher":{"@id":"https:\/\/darkamazi.site\/#organization"},"image":{"@id":"https:\/\/darkamazi.site\/archives\/1035834#primaryimage"},"thumbnailUrl":"https:\/\/darkamazi.site\/file\/2025\/12\/Suleyman-Akkoyun.jpg","keywords":["\u00f6nemli"],"articleSection":["Forum"],"inLanguage":"en-US"},{"@type":"WebPage","@id":"https:\/\/darkamazi.site\/archives\/1035834","url":"https:\/\/darkamazi.site\/archives\/1035834","name":"Tarihi Ziyareti Do\u011fru Okumak - Darka Mazi","isPartOf":{"@id":"https:\/\/darkamazi.site\/#website"},"primaryImageOfPage":{"@id":"https:\/\/darkamazi.site\/archives\/1035834#primaryimage"},"image":{"@id":"https:\/\/darkamazi.site\/archives\/1035834#primaryimage"},"thumbnailUrl":"https:\/\/darkamazi.site\/file\/2025\/12\/Suleyman-Akkoyun.jpg","datePublished":"2025-12-02T10:58:36+00:00","breadcrumb":{"@id":"https:\/\/darkamazi.site\/archives\/1035834#breadcrumb"},"inLanguage":"en-US","potentialAction":[{"@type":"ReadAction","target":["https:\/\/darkamazi.site\/archives\/1035834"]}]},{"@type":"ImageObject","inLanguage":"en-US","@id":"https:\/\/darkamazi.site\/archives\/1035834#primaryimage","url":"https:\/\/darkamazi.site\/file\/2025\/12\/Suleyman-Akkoyun.jpg","contentUrl":"https:\/\/darkamazi.site\/file\/2025\/12\/Suleyman-Akkoyun.jpg","width":900,"height":497,"caption":"Tarihi Ziyareti Do\u011fru Okumak"},{"@type":"BreadcrumbList","@id":"https:\/\/darkamazi.site\/archives\/1035834#breadcrumb","itemListElement":[{"@type":"ListItem","position":1,"name":"Home","item":"https:\/\/darkamazi.site\/"},{"@type":"ListItem","position":2,"name":"Tarihi Ziyareti Do\u011fru Okumak"}]},{"@type":"WebSite","@id":"https:\/\/darkamazi.site\/#website","url":"https:\/\/darkamazi.site\/","name":"Darka Mazi","description":"Ana Sayfa","publisher":{"@id":"https:\/\/darkamazi.site\/#organization"},"potentialAction":[{"@type":"SearchAction","target":{"@type":"EntryPoint","urlTemplate":"https:\/\/darkamazi.site\/?s={search_term_string}"},"query-input":{"@type":"PropertyValueSpecification","valueRequired":true,"valueName":"search_term_string"}}],"inLanguage":"en-US"},{"@type":"Organization","@id":"https:\/\/darkamazi.site\/#organization","name":"Darka Mazi T\u00fcrk\u00e7e","alternateName":"Darka Mazi","url":"https:\/\/darkamazi.site\/","logo":{"@type":"ImageObject","inLanguage":"en-US","@id":"https:\/\/darkamazi.site\/#\/schema\/logo\/image\/","url":"https:\/\/darkamazi.site\/file\/2017\/12\/darka-mazi-logo.png","contentUrl":"https:\/\/darkamazi.site\/file\/2017\/12\/darka-mazi-logo.png","width":151,"height":75,"caption":"Darka Mazi T\u00fcrk\u00e7e"},"image":{"@id":"https:\/\/darkamazi.site\/#\/schema\/logo\/image\/"},"sameAs":["https:\/\/www.facebook.com\/DarkaMaziturkce","https:\/\/x.com\/DarkaMaziTurkce"]},{"@type":"Person","@id":"https:\/\/darkamazi.site\/#\/schema\/person\/67986a95ac546c16760365877ef4a9d3","name":"darka mazi","sameAs":["https:\/\/darkamazi.site"],"url":"https:\/\/darkamazi.site\/archives\/author\/turkish"}]}},"_links":{"self":[{"href":"https:\/\/darkamazi.site\/funavuv\/wp\/v2\/posts\/1035834","targetHints":{"allow":["GET"]}}],"collection":[{"href":"https:\/\/darkamazi.site\/funavuv\/wp\/v2\/posts"}],"about":[{"href":"https:\/\/darkamazi.site\/funavuv\/wp\/v2\/types\/post"}],"author":[{"embeddable":true,"href":"https:\/\/darkamazi.site\/funavuv\/wp\/v2\/users\/2"}],"replies":[{"embeddable":true,"href":"https:\/\/darkamazi.site\/funavuv\/wp\/v2\/comments?post=1035834"}],"version-history":[{"count":0,"href":"https:\/\/darkamazi.site\/funavuv\/wp\/v2\/posts\/1035834\/revisions"}],"wp:featuredmedia":[{"embeddable":true,"href":"https:\/\/darkamazi.site\/funavuv\/wp\/v2\/media\/1035835"}],"wp:attachment":[{"href":"https:\/\/darkamazi.site\/funavuv\/wp\/v2\/media?parent=1035834"}],"wp:term":[{"taxonomy":"category","embeddable":true,"href":"https:\/\/darkamazi.site\/funavuv\/wp\/v2\/categories?post=1035834"},{"taxonomy":"post_tag","embeddable":true,"href":"https:\/\/darkamazi.site\/funavuv\/wp\/v2\/tags?post=1035834"}],"curies":[{"name":"wp","href":"https:\/\/api.w.org\/{rel}","templated":true}]}}