{"id":1035841,"date":"2025-12-03T10:52:52","date_gmt":"2025-12-03T07:52:52","guid":{"rendered":"https:\/\/darkamazi.site\/?p=1035841"},"modified":"2025-12-03T10:53:54","modified_gmt":"2025-12-03T07:53:54","slug":"kurt-ve-kurdistan-meselesi","status":"publish","type":"post","link":"https:\/\/darkamazi.site\/archives\/1035841","title":{"rendered":"K\u00fcrt ve Kurdistan Meselesi: Ba\u011f\u0131ms\u0131zl\u0131k, Ayd\u0131nlanma ve \u00d6zg\u00fcrl\u00fck Ba\u011flam\u0131nda Bir Siyasi Analiz!"},"content":{"rendered":"<p style=\"text-align: justify\">\n<p style=\"text-align: justify\">Kurd ve Kurdistan meselesi, tarihsel derinli\u011fi ve uluslararas\u0131 boyutlar\u0131yla modern d\u00fcnyan\u0131n en karma\u015f\u0131k ulusal m\u00fccadelelerinden birini temsil etmektedir. Kurd ve Kurdistan\u2019a \u00f6zg\u00fc \u00e7\u00f6z\u00fcm do\u011frultusunda, bu mesele \u00f6ncelikle bir ba\u011f\u0131ms\u0131zl\u0131k kavgas\u0131 olarak ele al\u0131nmas\u0131 gerekiyor. Kurdistan&#8217;da yakla\u015f\u0131k 220 y\u0131ld\u0131r s\u00fcren Kurd direni\u015fi, Kurd milletinin kendi kaderini tayin etme hakk\u0131 i\u00e7in verdi\u011fi bir m\u00fccadele olarak yorumlanmal\u0131d\u0131r. Bu direni\u015f, antik d\u00f6nemlerden Osmanl\u0131 \u0130mparatorlu\u011fu&#8217;na, oradan modern ulus-devlet yap\u0131lar\u0131na uzanan bir s\u00fcre\u00e7te, Kurdistan topraklar\u0131n\u0131n s\u00fcrekli i\u015fgale u\u011framas\u0131 ve Kurd kimli\u011finin bast\u0131r\u0131lmas\u0131na kar\u015f\u0131, bir tepki olarak \u015fekillenmi\u015ftir. Ba\u011f\u0131ms\u0131zl\u0131k talebi, sadece toprak par\u00e7as\u0131 de\u011fil, k\u00fclt\u00fcrel, dilsel ve siyasi \u00f6zerklik anlam\u0131na gelmekte olup, Kurd milletinin nesne olmaktan \u00e7\u0131k\u0131p \u00f6zne haline gelme \u00e7abas\u0131n\u0131 simgelemektedir.<\/p>\n<p style=\"text-align: justify\">\u0130kinci olarak, bu mesele emperyalizm veya siyonizm gibi d\u0131\u015f g\u00fc\u00e7lerin do\u011frudan bir \u00fcr\u00fcn\u00fc olarak g\u00f6r\u00fclmemelidir. Aksine, k\u00f6kleri <strong><em>1916 Sykes-Picot Anla\u015fmas\u0131&#8217;<\/em><\/strong>na dayanmaktad\u0131r. Bu anla\u015fma, <strong><em>Britanya<\/em><\/strong> ve <strong><em>Fransa<\/em><\/strong>&#8216;n\u0131n <strong><em>Ortado\u011fu<\/em><\/strong>&#8216;yu kendi \u00e7\u0131karlar\u0131 do\u011frultusunda b\u00f6l\u00fc\u015ft\u00fcrmesi sonucu, Kurd co\u011frafyas\u0131n\u0131n b\u00f6l\u00fc\u015ft\u00fcr\u00fclmesi meselesidir. Daha \u00f6nce Osmanl\u0131-Safeviler aras\u0131nda ikiye b\u00f6l\u00fcnen Kurdistan, <strong><em>Sykes-Pico<\/em><\/strong>t anla\u015fmas\u0131 ile, Suni olarak kurdurulan <strong><em>T\u00fcrkiye, Irak <\/em><\/strong>ve<strong><em> Suriye<\/em><\/strong> aras\u0131nda par\u00e7alanmas\u0131yla, b\u00f6l\u00fc\u015fme d\u00f6rde \u00e7\u0131kar\u0131lm\u0131\u015ft\u0131r. Bu b\u00f6l\u00fcnme, Kurdlerin ulus-devlet s\u0131n\u0131rlar\u0131 belirlenmeden, <strong><em>\u201cs\u00f6m\u00fcrge alt\u0131 bir \u00fclke\u201d<\/em><\/strong> olarak stat\u00fcs\u00fcz b\u0131rak\u0131larak, uluslararas\u0131 bir sorun haline getirilmi\u015ftir.<\/p>\n<p style=\"text-align: justify\">Dolay\u0131s\u0131yla, mesele Birle\u015fmi\u015f Milletler gibi uluslararas\u0131 kurumlar\u0131n g\u00fcndeminde yer almas\u0131 gereken bir hak meselesidir; emperyalist manip\u00fclasyonlardan ziyade, s\u00f6m\u00fcrgecilik sonras\u0131 d\u00fczenin yaratt\u0131\u011f\u0131 adaletsizliklerin sonucudur. Bu ba\u011flamda, Kurd meselesi k\u00fcresel \u00f6l\u00e7ekte self-determinasyon ilkesiyle ba\u011flant\u0131l\u0131d\u0131r ve esaret alt\u0131nda bir\u00e7ok milletin ulusal m\u00fccadeleleriyle paralellik ta\u015f\u0131r.<\/p>\n<p style=\"text-align: justify\">\u00dc\u00e7\u00fcnc\u00fc nokta, meselenin dini bir \u00e7er\u00e7evede ele al\u0131namayaca\u011f\u0131d\u0131r. Kurd ve Kurdistan sorunu, bir <strong><em>&#8220;\u00fcmmet&#8221; <\/em><\/strong>meselesi de\u011fildir; t\u0131pk\u0131 Katalanlar\u0131n \u0130spanya&#8217;dan ba\u011f\u0131ms\u0131zl\u0131k talebinin Hristiyan karde\u015fli\u011fiyle \u00e7\u00f6z\u00fclemeyece\u011fi gibi, Kurd ve Kurdistan meselesi de \u0130slam karde\u015fli\u011fi i\u00e7inde ele al\u0131namaz. Kurd miletine inkar, zul\u00fcm ve jenosit uygulayan d\u00f6rt devlet de M\u00fcsl\u00fcmand\u0131r. Kurd milleti, M\u00fcsl\u00fcman \u00e7o\u011funluklu olsa da mesele etnik ve ulusal kimlik \u00fczerine kuruludur. Basklar, \u0130sko\u00e7lar veya Katalanlar gibi, bu m\u00fccadele sek\u00fcler bir ulusal bilin\u00e7le ilerler. Karde\u015flik ve dini karde\u015flik s\u00f6ylemleri, genellikle egemen devletler taraf\u0131ndan ulusal talepleri bast\u0131rmak i\u00e7in kullan\u0131lan retorik ara\u00e7lard\u0131r ve ger\u00e7ek \u00e7\u00f6z\u00fcm\u00fc engeller. Kurd ve Kurdistan meselesi, evrensel insan haklar\u0131 ve ulusal haklar ba\u011flam\u0131nda de\u011ferlendirilmelidir.<\/p>\n<p style=\"text-align: justify\">Sonu\u00e7ta, K\u00fcrt ve Kurdistan meselesi Immanuel Kant&#8217;\u0131n <strong><em>&#8220;Ayd\u0131nlanma Nedir?&#8221;<\/em><\/strong> sorusunun bir yans\u0131mas\u0131d\u0131r. Kant, ayd\u0131nlanmay\u0131 <strong><em>&#8220;insan\u0131n kendi su\u00e7uyla d\u00fc\u015fm\u00fc\u015f oldu\u011fu ergin olmama durumundan kurtulmas\u0131&#8221;<\/em><\/strong> olarak tan\u0131mlar; yani bireyin ve toplumun nesne olmaktan \u00e7\u0131k\u0131p \u00f6zne haline gelmesi. Kurdler i\u00e7in bu, s\u00f6m\u00fcrgecilik ve asimilasyon politikalar\u0131ndan kurtulup, kendi kaderini belirleme \u00f6zg\u00fcrl\u00fc\u011f\u00fcne ve sorumlulu\u011funa sahip olmakt\u0131r. Bu ge\u00e7i\u015f, sadece siyasi ba\u011f\u0131ms\u0131zl\u0131kla de\u011fil, e\u011fitim, k\u00fclt\u00fcr ve ekonomi alanlar\u0131nda \u00f6zerklikle ger\u00e7ekle\u015febilir.<\/p>\n<p style=\"text-align: justify\">G\u00fcn\u00fcm\u00fczde, G\u00fcney Kurdistan\u2019daki b\u00f6lgesel h\u00fck\u00fcmet, bu ayd\u0131nlanma s\u00fcrecinin somut \u00f6rnekleridir. Ancak, tam \u00f6zg\u00fcrl\u00fck i\u00e7in uluslararas\u0131 destek ve diplomatik m\u00fczakereler \u015fartt\u0131r. Bu analizde ben, Kurd meselesini romantikle\u015ftirmeden, tarihsel ve felsefi temeller \u00fczerine, \u00f6zetle oturtarak, s\u00fcrd\u00fcr\u00fclebilir bir \u00e7\u00f6z\u00fcm\u00fcn ayd\u0131nlanma ve \u00f6znele\u015fme yoluyla m\u00fcmk\u00fcn oldu\u011funu vurgulamaya \u00e7al\u0131\u015ft\u0131m.<\/p>\n","protected":false},"excerpt":{"rendered":"<p>Kurd ve Kurdistan meselesi, tarihsel derinli\u011fi ve uluslararas\u0131 boyutlar\u0131yla modern d\u00fcnyan\u0131n en karma\u015f\u0131k ulusal m\u00fccadelelerinden birini temsil etmektedir. Kurd ve Kurdistan\u2019a \u00f6zg\u00fc \u00e7\u00f6z\u00fcm do\u011frultusunda, bu mesele \u00f6ncelikle bir ba\u011f\u0131ms\u0131zl\u0131k kavgas\u0131 olarak ele al\u0131nmas\u0131 gerekiyor. Kurdistan&#8217;da yakla\u015f\u0131k 220 y\u0131ld\u0131r s\u00fcren Kurd direni\u015fi, Kurd milletinin kendi kaderini tayin etme hakk\u0131 i\u00e7in verdi\u011fi bir m\u00fccadele olarak yorumlanmal\u0131d\u0131r. Bu [&hellip;]<\/p>\n","protected":false},"author":2,"featured_media":1035842,"comment_status":"closed","ping_status":"closed","sticky":false,"template":"","format":"standard","meta":{"footnotes":""},"categories":[26],"tags":[31],"class_list":["post-1035841","post","type-post","status-publish","format-standard","has-post-thumbnail","hentry","category-forum","tag-onemli"],"blocksy_meta":[],"seo_head":"<!-- This site is optimized with the Yoast SEO plugin v27.5 - https:\/\/yoast.com\/product\/yoast-seo-wordpress\/ -->\n<title>K\u00fcrt ve Kurdistan Meselesi: Ba\u011f\u0131ms\u0131zl\u0131k, Ayd\u0131nlanma ve \u00d6zg\u00fcrl\u00fck Ba\u011flam\u0131nda Bir Siyasi Analiz! - Darka Mazi<\/title>\n<meta name=\"robots\" content=\"index, follow, max-snippet:-1, max-image-preview:large, max-video-preview:-1\" \/>\n<link rel=\"canonical\" href=\"https:\/\/darkamazi.site\/archives\/1035841\" \/>\n<meta property=\"og:locale\" content=\"en_US\" \/>\n<meta property=\"og:type\" content=\"article\" \/>\n<meta property=\"og:title\" content=\"K\u00fcrt ve Kurdistan Meselesi: Ba\u011f\u0131ms\u0131zl\u0131k, Ayd\u0131nlanma ve \u00d6zg\u00fcrl\u00fck Ba\u011flam\u0131nda Bir Siyasi Analiz! - Darka Mazi\" \/>\n<meta property=\"og:description\" content=\"Kurd ve Kurdistan meselesi, tarihsel derinli\u011fi ve uluslararas\u0131 boyutlar\u0131yla modern d\u00fcnyan\u0131n en karma\u015f\u0131k ulusal m\u00fccadelelerinden birini temsil etmektedir. Kurd ve Kurdistan\u2019a \u00f6zg\u00fc \u00e7\u00f6z\u00fcm do\u011frultusunda, bu mesele \u00f6ncelikle bir ba\u011f\u0131ms\u0131zl\u0131k kavgas\u0131 olarak ele al\u0131nmas\u0131 gerekiyor. Kurdistan&#8217;da yakla\u015f\u0131k 220 y\u0131ld\u0131r s\u00fcren Kurd direni\u015fi, Kurd milletinin kendi kaderini tayin etme hakk\u0131 i\u00e7in verdi\u011fi bir m\u00fccadele olarak yorumlanmal\u0131d\u0131r. Bu [&hellip;]\" \/>\n<meta property=\"og:url\" content=\"https:\/\/darkamazi.site\/archives\/1035841\" \/>\n<meta property=\"og:site_name\" content=\"Darka Mazi\" \/>\n<meta property=\"article:publisher\" content=\"https:\/\/www.facebook.com\/DarkaMaziturkce\" \/>\n<meta property=\"article:published_time\" content=\"2025-12-03T07:52:52+00:00\" \/>\n<meta property=\"article:modified_time\" content=\"2025-12-03T07:53:54+00:00\" \/>\n<meta property=\"og:image\" content=\"https:\/\/darkamazi.site\/file\/2025\/12\/sheyhmus.jpg\" \/>\n\t<meta property=\"og:image:width\" content=\"900\" \/>\n\t<meta property=\"og:image:height\" content=\"475\" \/>\n\t<meta property=\"og:image:type\" content=\"image\/jpeg\" \/>\n<meta name=\"author\" content=\"darka mazi\" \/>\n<meta name=\"twitter:card\" content=\"summary_large_image\" \/>\n<meta name=\"twitter:creator\" content=\"@DarkaMaziTurkce\" \/>\n<meta name=\"twitter:site\" content=\"@DarkaMaziTurkce\" \/>\n<meta name=\"twitter:label1\" content=\"Written by\" \/>\n\t<meta name=\"twitter:data1\" content=\"darka mazi\" \/>\n\t<meta name=\"twitter:label2\" content=\"Est. reading time\" \/>\n\t<meta name=\"twitter:data2\" content=\"3 minutes\" \/>\n<script type=\"application\/ld+json\" class=\"seo-schema-graph\">{\"@context\":\"https:\\\/\\\/schema.org\",\"@graph\":[{\"@type\":\"NewsArticle\",\"@id\":\"https:\\\/\\\/darkamazi.site\\\/archives\\\/1035841#article\",\"isPartOf\":{\"@id\":\"https:\\\/\\\/darkamazi.site\\\/archives\\\/1035841\"},\"author\":{\"name\":\"darka mazi\",\"@id\":\"https:\\\/\\\/darkamazi.site\\\/#\\\/schema\\\/person\\\/67986a95ac546c16760365877ef4a9d3\"},\"headline\":\"K\u00fcrt ve Kurdistan Meselesi: Ba\u011f\u0131ms\u0131zl\u0131k, Ayd\u0131nlanma ve \u00d6zg\u00fcrl\u00fck Ba\u011flam\u0131nda Bir Siyasi Analiz!\",\"datePublished\":\"2025-12-03T07:52:52+00:00\",\"dateModified\":\"2025-12-03T07:53:54+00:00\",\"mainEntityOfPage\":{\"@id\":\"https:\\\/\\\/darkamazi.site\\\/archives\\\/1035841\"},\"wordCount\":681,\"publisher\":{\"@id\":\"https:\\\/\\\/darkamazi.site\\\/#organization\"},\"image\":{\"@id\":\"https:\\\/\\\/darkamazi.site\\\/archives\\\/1035841#primaryimage\"},\"thumbnailUrl\":\"https:\\\/\\\/darkamazi.site\\\/darka-content\\\/uploads\\\/2025\\\/12\\\/sheyhmus.jpg\",\"keywords\":[\"\u00f6nemli\"],\"articleSection\":[\"Forum\"],\"inLanguage\":\"en-US\"},{\"@type\":\"WebPage\",\"@id\":\"https:\\\/\\\/darkamazi.site\\\/archives\\\/1035841\",\"url\":\"https:\\\/\\\/darkamazi.site\\\/archives\\\/1035841\",\"name\":\"K\u00fcrt ve Kurdistan Meselesi: Ba\u011f\u0131ms\u0131zl\u0131k, Ayd\u0131nlanma ve \u00d6zg\u00fcrl\u00fck Ba\u011flam\u0131nda Bir Siyasi Analiz! - Darka Mazi\",\"isPartOf\":{\"@id\":\"https:\\\/\\\/darkamazi.site\\\/#website\"},\"primaryImageOfPage\":{\"@id\":\"https:\\\/\\\/darkamazi.site\\\/archives\\\/1035841#primaryimage\"},\"image\":{\"@id\":\"https:\\\/\\\/darkamazi.site\\\/archives\\\/1035841#primaryimage\"},\"thumbnailUrl\":\"https:\\\/\\\/darkamazi.site\\\/darka-content\\\/uploads\\\/2025\\\/12\\\/sheyhmus.jpg\",\"datePublished\":\"2025-12-03T07:52:52+00:00\",\"dateModified\":\"2025-12-03T07:53:54+00:00\",\"breadcrumb\":{\"@id\":\"https:\\\/\\\/darkamazi.site\\\/archives\\\/1035841#breadcrumb\"},\"inLanguage\":\"en-US\",\"potentialAction\":[{\"@type\":\"ReadAction\",\"target\":[\"https:\\\/\\\/darkamazi.site\\\/archives\\\/1035841\"]}]},{\"@type\":\"ImageObject\",\"inLanguage\":\"en-US\",\"@id\":\"https:\\\/\\\/darkamazi.site\\\/archives\\\/1035841#primaryimage\",\"url\":\"https:\\\/\\\/darkamazi.site\\\/darka-content\\\/uploads\\\/2025\\\/12\\\/sheyhmus.jpg\",\"contentUrl\":\"https:\\\/\\\/darkamazi.site\\\/darka-content\\\/uploads\\\/2025\\\/12\\\/sheyhmus.jpg\",\"width\":900,\"height\":475,\"caption\":\"K\u00fcrt ve Kurdistan Meselesi:\"},{\"@type\":\"BreadcrumbList\",\"@id\":\"https:\\\/\\\/darkamazi.site\\\/archives\\\/1035841#breadcrumb\",\"itemListElement\":[{\"@type\":\"ListItem\",\"position\":1,\"name\":\"Home\",\"item\":\"https:\\\/\\\/darkamazi.site\\\/\"},{\"@type\":\"ListItem\",\"position\":2,\"name\":\"K\u00fcrt ve Kurdistan Meselesi: Ba\u011f\u0131ms\u0131zl\u0131k, Ayd\u0131nlanma ve \u00d6zg\u00fcrl\u00fck Ba\u011flam\u0131nda Bir Siyasi Analiz!\"}]},{\"@type\":\"WebSite\",\"@id\":\"https:\\\/\\\/darkamazi.site\\\/#website\",\"url\":\"https:\\\/\\\/darkamazi.site\\\/\",\"name\":\"Darka Mazi\",\"description\":\"Ana Sayfa\",\"publisher\":{\"@id\":\"https:\\\/\\\/darkamazi.site\\\/#organization\"},\"potentialAction\":[{\"@type\":\"SearchAction\",\"target\":{\"@type\":\"EntryPoint\",\"urlTemplate\":\"https:\\\/\\\/darkamazi.site\\\/?s={search_term_string}\"},\"query-input\":{\"@type\":\"PropertyValueSpecification\",\"valueRequired\":true,\"valueName\":\"search_term_string\"}}],\"inLanguage\":\"en-US\"},{\"@type\":\"Organization\",\"@id\":\"https:\\\/\\\/darkamazi.site\\\/#organization\",\"name\":\"Darka Mazi T\u00fcrk\u00e7e\",\"alternateName\":\"Darka Mazi\",\"url\":\"https:\\\/\\\/darkamazi.site\\\/\",\"logo\":{\"@type\":\"ImageObject\",\"inLanguage\":\"en-US\",\"@id\":\"https:\\\/\\\/darkamazi.site\\\/#\\\/schema\\\/logo\\\/image\\\/\",\"url\":\"https:\\\/\\\/darkamazi.site\\\/darka-content\\\/uploads\\\/2017\\\/12\\\/darka-mazi-logo.png\",\"contentUrl\":\"https:\\\/\\\/darkamazi.site\\\/darka-content\\\/uploads\\\/2017\\\/12\\\/darka-mazi-logo.png\",\"width\":151,\"height\":75,\"caption\":\"Darka Mazi T\u00fcrk\u00e7e\"},\"image\":{\"@id\":\"https:\\\/\\\/darkamazi.site\\\/#\\\/schema\\\/logo\\\/image\\\/\"},\"sameAs\":[\"https:\\\/\\\/www.facebook.com\\\/DarkaMaziturkce\",\"https:\\\/\\\/x.com\\\/DarkaMaziTurkce\"]},{\"@type\":\"Person\",\"@id\":\"https:\\\/\\\/darkamazi.site\\\/#\\\/schema\\\/person\\\/67986a95ac546c16760365877ef4a9d3\",\"name\":\"darka mazi\",\"sameAs\":[\"https:\\\/\\\/darkamazi.site\"],\"url\":\"https:\\\/\\\/darkamazi.site\\\/archives\\\/author\\\/turkish\"}]}<\/script>\n<!-- \/ Yoast SEO plugin. -->","seo_head_json":{"title":"K\u00fcrt ve Kurdistan Meselesi: Ba\u011f\u0131ms\u0131zl\u0131k, Ayd\u0131nlanma ve \u00d6zg\u00fcrl\u00fck Ba\u011flam\u0131nda Bir Siyasi Analiz! - Darka Mazi","robots":{"index":"index","follow":"follow","max-snippet":"max-snippet:-1","max-image-preview":"max-image-preview:large","max-video-preview":"max-video-preview:-1"},"canonical":"https:\/\/darkamazi.site\/archives\/1035841","og_locale":"en_US","og_type":"article","og_title":"K\u00fcrt ve Kurdistan Meselesi: Ba\u011f\u0131ms\u0131zl\u0131k, Ayd\u0131nlanma ve \u00d6zg\u00fcrl\u00fck Ba\u011flam\u0131nda Bir Siyasi Analiz! - Darka Mazi","og_description":"Kurd ve Kurdistan meselesi, tarihsel derinli\u011fi ve uluslararas\u0131 boyutlar\u0131yla modern d\u00fcnyan\u0131n en karma\u015f\u0131k ulusal m\u00fccadelelerinden birini temsil etmektedir. Kurd ve Kurdistan\u2019a \u00f6zg\u00fc \u00e7\u00f6z\u00fcm do\u011frultusunda, bu mesele \u00f6ncelikle bir ba\u011f\u0131ms\u0131zl\u0131k kavgas\u0131 olarak ele al\u0131nmas\u0131 gerekiyor. Kurdistan&#8217;da yakla\u015f\u0131k 220 y\u0131ld\u0131r s\u00fcren Kurd direni\u015fi, Kurd milletinin kendi kaderini tayin etme hakk\u0131 i\u00e7in verdi\u011fi bir m\u00fccadele olarak yorumlanmal\u0131d\u0131r. Bu [&hellip;]","og_url":"https:\/\/darkamazi.site\/archives\/1035841","og_site_name":"Darka Mazi","article_publisher":"https:\/\/www.facebook.com\/DarkaMaziturkce","article_published_time":"2025-12-03T07:52:52+00:00","article_modified_time":"2025-12-03T07:53:54+00:00","og_image":[{"width":900,"height":475,"url":"https:\/\/darkamazi.site\/file\/2025\/12\/sheyhmus.jpg","type":"image\/jpeg"}],"author":"darka mazi","twitter_card":"summary_large_image","twitter_creator":"@DarkaMaziTurkce","twitter_site":"@DarkaMaziTurkce","twitter_misc":{"Written by":"darka mazi","Est. reading time":"3 minutes"},"schema":{"@context":"https:\/\/schema.org","@graph":[{"@type":"NewsArticle","@id":"https:\/\/darkamazi.site\/archives\/1035841#article","isPartOf":{"@id":"https:\/\/darkamazi.site\/archives\/1035841"},"author":{"name":"darka mazi","@id":"https:\/\/darkamazi.site\/#\/schema\/person\/67986a95ac546c16760365877ef4a9d3"},"headline":"K\u00fcrt ve Kurdistan Meselesi: Ba\u011f\u0131ms\u0131zl\u0131k, Ayd\u0131nlanma ve \u00d6zg\u00fcrl\u00fck Ba\u011flam\u0131nda Bir Siyasi Analiz!","datePublished":"2025-12-03T07:52:52+00:00","dateModified":"2025-12-03T07:53:54+00:00","mainEntityOfPage":{"@id":"https:\/\/darkamazi.site\/archives\/1035841"},"wordCount":681,"publisher":{"@id":"https:\/\/darkamazi.site\/#organization"},"image":{"@id":"https:\/\/darkamazi.site\/archives\/1035841#primaryimage"},"thumbnailUrl":"https:\/\/darkamazi.site\/file\/2025\/12\/sheyhmus.jpg","keywords":["\u00f6nemli"],"articleSection":["Forum"],"inLanguage":"en-US"},{"@type":"WebPage","@id":"https:\/\/darkamazi.site\/archives\/1035841","url":"https:\/\/darkamazi.site\/archives\/1035841","name":"K\u00fcrt ve Kurdistan Meselesi: Ba\u011f\u0131ms\u0131zl\u0131k, Ayd\u0131nlanma ve \u00d6zg\u00fcrl\u00fck Ba\u011flam\u0131nda Bir Siyasi Analiz! - Darka Mazi","isPartOf":{"@id":"https:\/\/darkamazi.site\/#website"},"primaryImageOfPage":{"@id":"https:\/\/darkamazi.site\/archives\/1035841#primaryimage"},"image":{"@id":"https:\/\/darkamazi.site\/archives\/1035841#primaryimage"},"thumbnailUrl":"https:\/\/darkamazi.site\/file\/2025\/12\/sheyhmus.jpg","datePublished":"2025-12-03T07:52:52+00:00","dateModified":"2025-12-03T07:53:54+00:00","breadcrumb":{"@id":"https:\/\/darkamazi.site\/archives\/1035841#breadcrumb"},"inLanguage":"en-US","potentialAction":[{"@type":"ReadAction","target":["https:\/\/darkamazi.site\/archives\/1035841"]}]},{"@type":"ImageObject","inLanguage":"en-US","@id":"https:\/\/darkamazi.site\/archives\/1035841#primaryimage","url":"https:\/\/darkamazi.site\/file\/2025\/12\/sheyhmus.jpg","contentUrl":"https:\/\/darkamazi.site\/file\/2025\/12\/sheyhmus.jpg","width":900,"height":475,"caption":"K\u00fcrt ve Kurdistan Meselesi:"},{"@type":"BreadcrumbList","@id":"https:\/\/darkamazi.site\/archives\/1035841#breadcrumb","itemListElement":[{"@type":"ListItem","position":1,"name":"Home","item":"https:\/\/darkamazi.site\/"},{"@type":"ListItem","position":2,"name":"K\u00fcrt ve Kurdistan Meselesi: Ba\u011f\u0131ms\u0131zl\u0131k, Ayd\u0131nlanma ve \u00d6zg\u00fcrl\u00fck Ba\u011flam\u0131nda Bir Siyasi Analiz!"}]},{"@type":"WebSite","@id":"https:\/\/darkamazi.site\/#website","url":"https:\/\/darkamazi.site\/","name":"Darka Mazi","description":"Ana Sayfa","publisher":{"@id":"https:\/\/darkamazi.site\/#organization"},"potentialAction":[{"@type":"SearchAction","target":{"@type":"EntryPoint","urlTemplate":"https:\/\/darkamazi.site\/?s={search_term_string}"},"query-input":{"@type":"PropertyValueSpecification","valueRequired":true,"valueName":"search_term_string"}}],"inLanguage":"en-US"},{"@type":"Organization","@id":"https:\/\/darkamazi.site\/#organization","name":"Darka Mazi T\u00fcrk\u00e7e","alternateName":"Darka Mazi","url":"https:\/\/darkamazi.site\/","logo":{"@type":"ImageObject","inLanguage":"en-US","@id":"https:\/\/darkamazi.site\/#\/schema\/logo\/image\/","url":"https:\/\/darkamazi.site\/file\/2017\/12\/darka-mazi-logo.png","contentUrl":"https:\/\/darkamazi.site\/file\/2017\/12\/darka-mazi-logo.png","width":151,"height":75,"caption":"Darka Mazi T\u00fcrk\u00e7e"},"image":{"@id":"https:\/\/darkamazi.site\/#\/schema\/logo\/image\/"},"sameAs":["https:\/\/www.facebook.com\/DarkaMaziturkce","https:\/\/x.com\/DarkaMaziTurkce"]},{"@type":"Person","@id":"https:\/\/darkamazi.site\/#\/schema\/person\/67986a95ac546c16760365877ef4a9d3","name":"darka mazi","sameAs":["https:\/\/darkamazi.site"],"url":"https:\/\/darkamazi.site\/archives\/author\/turkish"}]}},"_links":{"self":[{"href":"https:\/\/darkamazi.site\/funavuv\/wp\/v2\/posts\/1035841","targetHints":{"allow":["GET"]}}],"collection":[{"href":"https:\/\/darkamazi.site\/funavuv\/wp\/v2\/posts"}],"about":[{"href":"https:\/\/darkamazi.site\/funavuv\/wp\/v2\/types\/post"}],"author":[{"embeddable":true,"href":"https:\/\/darkamazi.site\/funavuv\/wp\/v2\/users\/2"}],"replies":[{"embeddable":true,"href":"https:\/\/darkamazi.site\/funavuv\/wp\/v2\/comments?post=1035841"}],"version-history":[{"count":0,"href":"https:\/\/darkamazi.site\/funavuv\/wp\/v2\/posts\/1035841\/revisions"}],"wp:featuredmedia":[{"embeddable":true,"href":"https:\/\/darkamazi.site\/funavuv\/wp\/v2\/media\/1035842"}],"wp:attachment":[{"href":"https:\/\/darkamazi.site\/funavuv\/wp\/v2\/media?parent=1035841"}],"wp:term":[{"taxonomy":"category","embeddable":true,"href":"https:\/\/darkamazi.site\/funavuv\/wp\/v2\/categories?post=1035841"},{"taxonomy":"post_tag","embeddable":true,"href":"https:\/\/darkamazi.site\/funavuv\/wp\/v2\/tags?post=1035841"}],"curies":[{"name":"wp","href":"https:\/\/api.w.org\/{rel}","templated":true}]}}