{"id":1035845,"date":"2025-12-03T14:53:22","date_gmt":"2025-12-03T11:53:22","guid":{"rendered":"https:\/\/darkamazi.site\/?p=1035845"},"modified":"2025-12-03T14:53:22","modified_gmt":"2025-12-03T11:53:22","slug":"bahceli-surecteki-kirmizi-cizgiler-acikladi-musterih-olun-pazarlik-icinde-degiliz","status":"publish","type":"post","link":"https:\/\/darkamazi.site\/archives\/1035845","title":{"rendered":"Bah\u00e7eli s\u00fcre\u00e7teki &#8220;k\u0131rm\u0131z\u0131 \u00e7izgiler&#8221; a\u00e7\u0131klad\u0131: M\u00fcsterih olun, pazarl\u0131k i\u00e7inde de\u011filiz"},"content":{"rendered":"<p style=\"text-align: justify\">\u00a0MHP Genel Ba\u015fkan\u0131 Devlet Bah\u00e7eli, \u00e7\u00f6z\u00fcm s\u00fcreci hakk\u0131nda dikkat \u00e7eken detaylar payla\u015ft\u0131. Cumhur \u0130ttifak\u0131\u2019n\u0131n \u201ck\u0131rm\u0131z\u0131 \u00e7izgileri\u201dni net bir dille \u00e7izen Bah\u00e7eli, s\u00fcrecin bir pazarl\u0131k olmad\u0131\u011f\u0131na dikkat \u00e7ekerek, vatan savunmas\u0131nda hayat\u0131n\u0131 kaybeden kahramanlar\u0131n ailelerine ve gazilere &#8220;M\u00fcsterih olun&#8221; mesaj\u0131 verdi.<\/p>\n<p style=\"text-align: justify\">MHP lideri Devlet Bah\u00e7eli, T\u00fcrkg\u00fcn gazetesine verdi\u011fi r\u00f6portaj\u0131n ikinci b\u00f6l\u00fcm\u00fcnde, i\u00e7 siyasetten d\u0131\u015f geli\u015fmelere, toplumsal bar\u0131\u015ftan yeni stratejilere kadar pek \u00e7ok konuda de\u011ferlendirmelerde bulundu. Yeni \u00e7\u00f6z\u00fcm s\u00fcreci hakk\u0131nda de\u011ferlendirmeler yapan Bah\u00e7eli, bu s\u00fcrecin \u201cdevletin egemenlik haklar\u0131ndan taviz verilmeden\u201d y\u00fcr\u00fct\u00fcld\u00fc\u011f\u00fcn\u00fc s\u00f6yledi.<\/p>\n<p style=\"text-align: justify\"><strong>&#8220;Pazarl\u0131k i\u00e7inde de\u011filiz&#8221;<\/strong><\/p>\n<p style=\"text-align: justify\">Bah\u00e7eli, kamuoyunda olu\u015fan baz\u0131 tart\u0131\u015fmalara \u201cson noktay\u0131 koyarak\u201d, y\u00fcr\u00fct\u00fclen s\u00fcrecin bir m\u00fczakere olmad\u0131\u011f\u0131n\u0131 vurgulad\u0131. \u00c7at\u0131\u015fmal\u0131 s\u00fcre\u00e7te hayatlar\u0131n\u0131 kaybeden asker ailelerinin hassasiyetlerinin kendileri i\u00e7in en \u00f6ncelikli konu oldu\u011funu belirten MHP lideri, \u015fu ifadeleri kulland\u0131:<\/p>\n<p style=\"text-align: justify\">&#8220;Ailelerimiz kayg\u0131lanmas\u0131n. Gazilerimiz korkuya kap\u0131lmas\u0131n. Onlar\u0131n ba\u015flar\u0131n\u0131 \u00f6ne e\u011fdirmeyece\u011fiz. Pazarl\u0131k i\u00e7inde de\u011filiz. Al-ver s\u00fcrecine tamam\u0131yla kapal\u0131y\u0131z. T\u00fcrkiye\u2019nin egemenlik hukukunu, Cumhuriyet\u2019in kurucu ve kurulu\u015f felsefesini zafiyete u\u011fratacak hi\u00e7bir yanl\u0131\u015f\u0131n i\u00e7inde Cumhur \u0130ttifak\u0131 olarak yer almay\u0131z, alamay\u0131z.&#8221;<\/p>\n<p style=\"text-align: justify\"><strong>&#8220;Su\u00e7a kar\u0131\u015fmayan ailesiyle kucakla\u015fs\u0131n&#8221;<\/strong><\/p>\n<p style=\"text-align: justify\">&#8220;K\u00fcrt karde\u015flerimin ter\u00f6rle uzaktan yak\u0131ndan ba\u011f ve ba\u011flant\u0131s\u0131 yoktur&#8221; diyen Bah\u00e7eli, herhangi bir silahl\u0131 eyleme kar\u0131\u015fmam\u0131\u015f ki\u015filere \u00e7a\u011fr\u0131da bulundu:<\/p>\n<p style=\"text-align: justify\">&#8220;Farkl\u0131 saik ve sebeplerle aldan\u0131p kand\u0131r\u0131lan, fakat su\u00e7a kar\u0131\u015fmam\u0131\u015f, silahl\u0131 bir eylemde bulunmam\u0131\u015f kim varsa gelip ailesiyle kucakla\u015fmal\u0131d\u0131r. Bizim kayb\u0131na g\u00f6z yumaca\u011f\u0131m\u0131z, heba edece\u011fimiz tek bir insan\u0131m\u0131z yoktur. T\u00fcrkiye Cumhuriyeti ha\u015fmetlidir, bunun yan\u0131nda \u015fefkatlidir.&#8221;<\/p>\n<p style=\"text-align: justify\"><strong>Rojava\u2019daki geli\u015fmeler<\/strong><\/p>\n<p style=\"text-align: justify\">PKK\u2019in 12 May\u0131s itibar\u0131yla \u00f6rg\u00fctsel varl\u0131\u011f\u0131n\u0131 la\u011fvetti\u011fini ve 11 Temmuz\u2019da bir grubun silahlar\u0131n\u0131 yakt\u0131\u011f\u0131n\u0131 hat\u0131rlatan Bah\u00e7eli, Rojava\u2019daki duruma \u015fu s\u00f6zlerle dikkat \u00e7ekti:<\/p>\n<p style=\"text-align: justify\">&#8220;\u00d6zellikle Suriye\u2019nin kuzeydo\u011fusunda tesir alan\u0131 bulunan SDG\/YPG hen\u00fcz silah b\u0131rakmam\u0131\u015f, 27 \u015eubat \u0130mral\u0131 \u00e7a\u011fr\u0131s\u0131na riayet etmemi\u015ftir. Halbuki \u00e7a\u011fr\u0131, b\u00f6l\u00fcc\u00fc ter\u00f6r\u00fcn t\u00fcm bile\u015fenlerini kapsamaktad\u0131r. SDG\/YPG, \u015eam y\u00f6netimiyle imzalanan 10 Mart tarihli mutabakata mutlaka riayet etmelidir.&#8221;<\/p>\n<p style=\"text-align: justify\">S\u00fcreci sabote etmek isteyenlere sert tepki g\u00f6steren Bah\u00e7eli, \u00e7\u00f6z\u00fcm s\u00fcrecinden rahats\u0131z olanlar\u0131n \u201ckaranl\u0131k bir kumpas i\u00e7inde oldu\u011funu\u201d belirtti. Bah\u00e7eli, \u015funlar\u0131 kaydetti:<\/p>\n<p style=\"text-align: justify\">&#8220;Kazanan T\u00fcrkiye ve T\u00fcrk milleti olacak. \u2018Ter\u00f6rs\u00fcz T\u00fcrkiye\u2019 hedefini zehirleme aray\u0131\u015f\u0131nda olanlara milletimiz kulak asmayacak. Kim ki bu hedeften rahats\u0131zsa bir kurnazl\u0131k i\u00e7indedir. 1,5 as\u0131rd\u0131r s\u00fcregelen k\u00fcresel emperyalist komplo in\u015fallah tasfiye edilecektir.&#8221;<\/p>\n","protected":false},"excerpt":{"rendered":"<p>\u00a0MHP Genel Ba\u015fkan\u0131 Devlet Bah\u00e7eli, \u00e7\u00f6z\u00fcm s\u00fcreci hakk\u0131nda dikkat \u00e7eken detaylar payla\u015ft\u0131. Cumhur \u0130ttifak\u0131\u2019n\u0131n \u201ck\u0131rm\u0131z\u0131 \u00e7izgileri\u201dni net bir dille \u00e7izen Bah\u00e7eli, s\u00fcrecin bir pazarl\u0131k olmad\u0131\u011f\u0131na dikkat \u00e7ekerek, vatan savunmas\u0131nda hayat\u0131n\u0131 kaybeden kahramanlar\u0131n ailelerine ve gazilere &#8220;M\u00fcsterih olun&#8221; mesaj\u0131 verdi. MHP lideri Devlet Bah\u00e7eli, T\u00fcrkg\u00fcn gazetesine verdi\u011fi r\u00f6portaj\u0131n ikinci b\u00f6l\u00fcm\u00fcnde, i\u00e7 siyasetten d\u0131\u015f geli\u015fmelere, toplumsal bar\u0131\u015ftan [&hellip;]<\/p>\n","protected":false},"author":2,"featured_media":1035846,"comment_status":"closed","ping_status":"closed","sticky":false,"template":"","format":"standard","meta":{"footnotes":""},"categories":[29],"tags":[31],"class_list":["post-1035845","post","type-post","status-publish","format-standard","has-post-thumbnail","hentry","category-ortadogu","tag-onemli"],"blocksy_meta":[],"seo_head":"<!-- This site is optimized with the Yoast SEO plugin v27.5 - https:\/\/yoast.com\/product\/yoast-seo-wordpress\/ -->\n<title>Bah\u00e7eli s\u00fcre\u00e7teki &quot;k\u0131rm\u0131z\u0131 \u00e7izgiler&quot; a\u00e7\u0131klad\u0131: M\u00fcsterih olun, pazarl\u0131k i\u00e7inde de\u011filiz - Darka Mazi<\/title>\n<meta name=\"robots\" content=\"index, follow, max-snippet:-1, max-image-preview:large, max-video-preview:-1\" \/>\n<link rel=\"canonical\" href=\"https:\/\/darkamazi.site\/archives\/1035845\" \/>\n<meta property=\"og:locale\" content=\"en_US\" \/>\n<meta property=\"og:type\" content=\"article\" \/>\n<meta property=\"og:title\" content=\"Bah\u00e7eli s\u00fcre\u00e7teki &quot;k\u0131rm\u0131z\u0131 \u00e7izgiler&quot; a\u00e7\u0131klad\u0131: M\u00fcsterih olun, pazarl\u0131k i\u00e7inde de\u011filiz - Darka Mazi\" \/>\n<meta property=\"og:description\" content=\"\u00a0MHP Genel Ba\u015fkan\u0131 Devlet Bah\u00e7eli, \u00e7\u00f6z\u00fcm s\u00fcreci hakk\u0131nda dikkat \u00e7eken detaylar payla\u015ft\u0131. Cumhur \u0130ttifak\u0131\u2019n\u0131n \u201ck\u0131rm\u0131z\u0131 \u00e7izgileri\u201dni net bir dille \u00e7izen Bah\u00e7eli, s\u00fcrecin bir pazarl\u0131k olmad\u0131\u011f\u0131na dikkat \u00e7ekerek, vatan savunmas\u0131nda hayat\u0131n\u0131 kaybeden kahramanlar\u0131n ailelerine ve gazilere &#8220;M\u00fcsterih olun&#8221; mesaj\u0131 verdi. MHP lideri Devlet Bah\u00e7eli, T\u00fcrkg\u00fcn gazetesine verdi\u011fi r\u00f6portaj\u0131n ikinci b\u00f6l\u00fcm\u00fcnde, i\u00e7 siyasetten d\u0131\u015f geli\u015fmelere, toplumsal bar\u0131\u015ftan [&hellip;]\" \/>\n<meta property=\"og:url\" content=\"https:\/\/darkamazi.site\/archives\/1035845\" \/>\n<meta property=\"og:site_name\" content=\"Darka Mazi\" \/>\n<meta property=\"article:publisher\" content=\"https:\/\/www.facebook.com\/DarkaMaziturkce\" \/>\n<meta property=\"article:published_time\" content=\"2025-12-03T11:53:22+00:00\" \/>\n<meta property=\"og:image\" content=\"https:\/\/darkamazi.site\/file\/2025\/12\/Bahceli.jpg\" \/>\n\t<meta property=\"og:image:width\" content=\"900\" \/>\n\t<meta property=\"og:image:height\" content=\"500\" \/>\n\t<meta property=\"og:image:type\" content=\"image\/jpeg\" \/>\n<meta name=\"author\" content=\"darka mazi\" \/>\n<meta name=\"twitter:card\" content=\"summary_large_image\" \/>\n<meta name=\"twitter:creator\" content=\"@DarkaMaziTurkce\" \/>\n<meta name=\"twitter:site\" content=\"@DarkaMaziTurkce\" \/>\n<meta name=\"twitter:label1\" content=\"Written by\" \/>\n\t<meta name=\"twitter:data1\" content=\"darka mazi\" \/>\n\t<meta name=\"twitter:label2\" content=\"Est. reading time\" \/>\n\t<meta name=\"twitter:data2\" content=\"2 minutes\" \/>\n<script type=\"application\/ld+json\" class=\"seo-schema-graph\">{\"@context\":\"https:\\\/\\\/schema.org\",\"@graph\":[{\"@type\":\"NewsArticle\",\"@id\":\"https:\\\/\\\/darkamazi.site\\\/archives\\\/1035845#article\",\"isPartOf\":{\"@id\":\"https:\\\/\\\/darkamazi.site\\\/archives\\\/1035845\"},\"author\":{\"name\":\"darka mazi\",\"@id\":\"https:\\\/\\\/darkamazi.site\\\/#\\\/schema\\\/person\\\/67986a95ac546c16760365877ef4a9d3\"},\"headline\":\"Bah\u00e7eli s\u00fcre\u00e7teki &#8220;k\u0131rm\u0131z\u0131 \u00e7izgiler&#8221; a\u00e7\u0131klad\u0131: M\u00fcsterih olun, pazarl\u0131k i\u00e7inde de\u011filiz\",\"datePublished\":\"2025-12-03T11:53:22+00:00\",\"mainEntityOfPage\":{\"@id\":\"https:\\\/\\\/darkamazi.site\\\/archives\\\/1035845\"},\"wordCount\":512,\"publisher\":{\"@id\":\"https:\\\/\\\/darkamazi.site\\\/#organization\"},\"image\":{\"@id\":\"https:\\\/\\\/darkamazi.site\\\/archives\\\/1035845#primaryimage\"},\"thumbnailUrl\":\"https:\\\/\\\/darkamazi.site\\\/darka-content\\\/uploads\\\/2025\\\/12\\\/Bahceli.jpg\",\"keywords\":[\"\u00f6nemli\"],\"articleSection\":[\"Ortado\u011fu\"],\"inLanguage\":\"en-US\"},{\"@type\":\"WebPage\",\"@id\":\"https:\\\/\\\/darkamazi.site\\\/archives\\\/1035845\",\"url\":\"https:\\\/\\\/darkamazi.site\\\/archives\\\/1035845\",\"name\":\"Bah\u00e7eli s\u00fcre\u00e7teki \\\"k\u0131rm\u0131z\u0131 \u00e7izgiler\\\" a\u00e7\u0131klad\u0131: M\u00fcsterih olun, pazarl\u0131k i\u00e7inde de\u011filiz - Darka Mazi\",\"isPartOf\":{\"@id\":\"https:\\\/\\\/darkamazi.site\\\/#website\"},\"primaryImageOfPage\":{\"@id\":\"https:\\\/\\\/darkamazi.site\\\/archives\\\/1035845#primaryimage\"},\"image\":{\"@id\":\"https:\\\/\\\/darkamazi.site\\\/archives\\\/1035845#primaryimage\"},\"thumbnailUrl\":\"https:\\\/\\\/darkamazi.site\\\/darka-content\\\/uploads\\\/2025\\\/12\\\/Bahceli.jpg\",\"datePublished\":\"2025-12-03T11:53:22+00:00\",\"breadcrumb\":{\"@id\":\"https:\\\/\\\/darkamazi.site\\\/archives\\\/1035845#breadcrumb\"},\"inLanguage\":\"en-US\",\"potentialAction\":[{\"@type\":\"ReadAction\",\"target\":[\"https:\\\/\\\/darkamazi.site\\\/archives\\\/1035845\"]}]},{\"@type\":\"ImageObject\",\"inLanguage\":\"en-US\",\"@id\":\"https:\\\/\\\/darkamazi.site\\\/archives\\\/1035845#primaryimage\",\"url\":\"https:\\\/\\\/darkamazi.site\\\/darka-content\\\/uploads\\\/2025\\\/12\\\/Bahceli.jpg\",\"contentUrl\":\"https:\\\/\\\/darkamazi.site\\\/darka-content\\\/uploads\\\/2025\\\/12\\\/Bahceli.jpg\",\"width\":900,\"height\":500,\"caption\":\"Bah\u00e7eli s\u00fcre\u00e7teki \\\"k\u0131rm\u0131z\u0131 \u00e7izgiler\\\" a\u00e7\u0131klad\u0131: M\u00fcsterih olun, pazarl\u0131k i\u00e7inde de\u011filiz\"},{\"@type\":\"BreadcrumbList\",\"@id\":\"https:\\\/\\\/darkamazi.site\\\/archives\\\/1035845#breadcrumb\",\"itemListElement\":[{\"@type\":\"ListItem\",\"position\":1,\"name\":\"Home\",\"item\":\"https:\\\/\\\/darkamazi.site\\\/\"},{\"@type\":\"ListItem\",\"position\":2,\"name\":\"Bah\u00e7eli s\u00fcre\u00e7teki &#8220;k\u0131rm\u0131z\u0131 \u00e7izgiler&#8221; a\u00e7\u0131klad\u0131: M\u00fcsterih olun, pazarl\u0131k i\u00e7inde de\u011filiz\"}]},{\"@type\":\"WebSite\",\"@id\":\"https:\\\/\\\/darkamazi.site\\\/#website\",\"url\":\"https:\\\/\\\/darkamazi.site\\\/\",\"name\":\"Darka Mazi\",\"description\":\"Ana Sayfa\",\"publisher\":{\"@id\":\"https:\\\/\\\/darkamazi.site\\\/#organization\"},\"potentialAction\":[{\"@type\":\"SearchAction\",\"target\":{\"@type\":\"EntryPoint\",\"urlTemplate\":\"https:\\\/\\\/darkamazi.site\\\/?s={search_term_string}\"},\"query-input\":{\"@type\":\"PropertyValueSpecification\",\"valueRequired\":true,\"valueName\":\"search_term_string\"}}],\"inLanguage\":\"en-US\"},{\"@type\":\"Organization\",\"@id\":\"https:\\\/\\\/darkamazi.site\\\/#organization\",\"name\":\"Darka Mazi T\u00fcrk\u00e7e\",\"alternateName\":\"Darka Mazi\",\"url\":\"https:\\\/\\\/darkamazi.site\\\/\",\"logo\":{\"@type\":\"ImageObject\",\"inLanguage\":\"en-US\",\"@id\":\"https:\\\/\\\/darkamazi.site\\\/#\\\/schema\\\/logo\\\/image\\\/\",\"url\":\"https:\\\/\\\/darkamazi.site\\\/darka-content\\\/uploads\\\/2017\\\/12\\\/darka-mazi-logo.png\",\"contentUrl\":\"https:\\\/\\\/darkamazi.site\\\/darka-content\\\/uploads\\\/2017\\\/12\\\/darka-mazi-logo.png\",\"width\":151,\"height\":75,\"caption\":\"Darka Mazi T\u00fcrk\u00e7e\"},\"image\":{\"@id\":\"https:\\\/\\\/darkamazi.site\\\/#\\\/schema\\\/logo\\\/image\\\/\"},\"sameAs\":[\"https:\\\/\\\/www.facebook.com\\\/DarkaMaziturkce\",\"https:\\\/\\\/x.com\\\/DarkaMaziTurkce\"]},{\"@type\":\"Person\",\"@id\":\"https:\\\/\\\/darkamazi.site\\\/#\\\/schema\\\/person\\\/67986a95ac546c16760365877ef4a9d3\",\"name\":\"darka mazi\",\"sameAs\":[\"https:\\\/\\\/darkamazi.site\"],\"url\":\"https:\\\/\\\/darkamazi.site\\\/archives\\\/author\\\/turkish\"}]}<\/script>\n<!-- \/ Yoast SEO plugin. -->","seo_head_json":{"title":"Bah\u00e7eli s\u00fcre\u00e7teki \"k\u0131rm\u0131z\u0131 \u00e7izgiler\" a\u00e7\u0131klad\u0131: M\u00fcsterih olun, pazarl\u0131k i\u00e7inde de\u011filiz - Darka Mazi","robots":{"index":"index","follow":"follow","max-snippet":"max-snippet:-1","max-image-preview":"max-image-preview:large","max-video-preview":"max-video-preview:-1"},"canonical":"https:\/\/darkamazi.site\/archives\/1035845","og_locale":"en_US","og_type":"article","og_title":"Bah\u00e7eli s\u00fcre\u00e7teki \"k\u0131rm\u0131z\u0131 \u00e7izgiler\" a\u00e7\u0131klad\u0131: M\u00fcsterih olun, pazarl\u0131k i\u00e7inde de\u011filiz - Darka Mazi","og_description":"\u00a0MHP Genel Ba\u015fkan\u0131 Devlet Bah\u00e7eli, \u00e7\u00f6z\u00fcm s\u00fcreci hakk\u0131nda dikkat \u00e7eken detaylar payla\u015ft\u0131. Cumhur \u0130ttifak\u0131\u2019n\u0131n \u201ck\u0131rm\u0131z\u0131 \u00e7izgileri\u201dni net bir dille \u00e7izen Bah\u00e7eli, s\u00fcrecin bir pazarl\u0131k olmad\u0131\u011f\u0131na dikkat \u00e7ekerek, vatan savunmas\u0131nda hayat\u0131n\u0131 kaybeden kahramanlar\u0131n ailelerine ve gazilere &#8220;M\u00fcsterih olun&#8221; mesaj\u0131 verdi. MHP lideri Devlet Bah\u00e7eli, T\u00fcrkg\u00fcn gazetesine verdi\u011fi r\u00f6portaj\u0131n ikinci b\u00f6l\u00fcm\u00fcnde, i\u00e7 siyasetten d\u0131\u015f geli\u015fmelere, toplumsal bar\u0131\u015ftan [&hellip;]","og_url":"https:\/\/darkamazi.site\/archives\/1035845","og_site_name":"Darka Mazi","article_publisher":"https:\/\/www.facebook.com\/DarkaMaziturkce","article_published_time":"2025-12-03T11:53:22+00:00","og_image":[{"width":900,"height":500,"url":"https:\/\/darkamazi.site\/file\/2025\/12\/Bahceli.jpg","type":"image\/jpeg"}],"author":"darka mazi","twitter_card":"summary_large_image","twitter_creator":"@DarkaMaziTurkce","twitter_site":"@DarkaMaziTurkce","twitter_misc":{"Written by":"darka mazi","Est. reading time":"2 minutes"},"schema":{"@context":"https:\/\/schema.org","@graph":[{"@type":"NewsArticle","@id":"https:\/\/darkamazi.site\/archives\/1035845#article","isPartOf":{"@id":"https:\/\/darkamazi.site\/archives\/1035845"},"author":{"name":"darka mazi","@id":"https:\/\/darkamazi.site\/#\/schema\/person\/67986a95ac546c16760365877ef4a9d3"},"headline":"Bah\u00e7eli s\u00fcre\u00e7teki &#8220;k\u0131rm\u0131z\u0131 \u00e7izgiler&#8221; a\u00e7\u0131klad\u0131: M\u00fcsterih olun, pazarl\u0131k i\u00e7inde de\u011filiz","datePublished":"2025-12-03T11:53:22+00:00","mainEntityOfPage":{"@id":"https:\/\/darkamazi.site\/archives\/1035845"},"wordCount":512,"publisher":{"@id":"https:\/\/darkamazi.site\/#organization"},"image":{"@id":"https:\/\/darkamazi.site\/archives\/1035845#primaryimage"},"thumbnailUrl":"https:\/\/darkamazi.site\/file\/2025\/12\/Bahceli.jpg","keywords":["\u00f6nemli"],"articleSection":["Ortado\u011fu"],"inLanguage":"en-US"},{"@type":"WebPage","@id":"https:\/\/darkamazi.site\/archives\/1035845","url":"https:\/\/darkamazi.site\/archives\/1035845","name":"Bah\u00e7eli s\u00fcre\u00e7teki \"k\u0131rm\u0131z\u0131 \u00e7izgiler\" a\u00e7\u0131klad\u0131: M\u00fcsterih olun, pazarl\u0131k i\u00e7inde de\u011filiz - Darka Mazi","isPartOf":{"@id":"https:\/\/darkamazi.site\/#website"},"primaryImageOfPage":{"@id":"https:\/\/darkamazi.site\/archives\/1035845#primaryimage"},"image":{"@id":"https:\/\/darkamazi.site\/archives\/1035845#primaryimage"},"thumbnailUrl":"https:\/\/darkamazi.site\/file\/2025\/12\/Bahceli.jpg","datePublished":"2025-12-03T11:53:22+00:00","breadcrumb":{"@id":"https:\/\/darkamazi.site\/archives\/1035845#breadcrumb"},"inLanguage":"en-US","potentialAction":[{"@type":"ReadAction","target":["https:\/\/darkamazi.site\/archives\/1035845"]}]},{"@type":"ImageObject","inLanguage":"en-US","@id":"https:\/\/darkamazi.site\/archives\/1035845#primaryimage","url":"https:\/\/darkamazi.site\/file\/2025\/12\/Bahceli.jpg","contentUrl":"https:\/\/darkamazi.site\/file\/2025\/12\/Bahceli.jpg","width":900,"height":500,"caption":"Bah\u00e7eli s\u00fcre\u00e7teki \"k\u0131rm\u0131z\u0131 \u00e7izgiler\" a\u00e7\u0131klad\u0131: M\u00fcsterih olun, pazarl\u0131k i\u00e7inde de\u011filiz"},{"@type":"BreadcrumbList","@id":"https:\/\/darkamazi.site\/archives\/1035845#breadcrumb","itemListElement":[{"@type":"ListItem","position":1,"name":"Home","item":"https:\/\/darkamazi.site\/"},{"@type":"ListItem","position":2,"name":"Bah\u00e7eli s\u00fcre\u00e7teki &#8220;k\u0131rm\u0131z\u0131 \u00e7izgiler&#8221; a\u00e7\u0131klad\u0131: M\u00fcsterih olun, pazarl\u0131k i\u00e7inde de\u011filiz"}]},{"@type":"WebSite","@id":"https:\/\/darkamazi.site\/#website","url":"https:\/\/darkamazi.site\/","name":"Darka Mazi","description":"Ana Sayfa","publisher":{"@id":"https:\/\/darkamazi.site\/#organization"},"potentialAction":[{"@type":"SearchAction","target":{"@type":"EntryPoint","urlTemplate":"https:\/\/darkamazi.site\/?s={search_term_string}"},"query-input":{"@type":"PropertyValueSpecification","valueRequired":true,"valueName":"search_term_string"}}],"inLanguage":"en-US"},{"@type":"Organization","@id":"https:\/\/darkamazi.site\/#organization","name":"Darka Mazi T\u00fcrk\u00e7e","alternateName":"Darka Mazi","url":"https:\/\/darkamazi.site\/","logo":{"@type":"ImageObject","inLanguage":"en-US","@id":"https:\/\/darkamazi.site\/#\/schema\/logo\/image\/","url":"https:\/\/darkamazi.site\/file\/2017\/12\/darka-mazi-logo.png","contentUrl":"https:\/\/darkamazi.site\/file\/2017\/12\/darka-mazi-logo.png","width":151,"height":75,"caption":"Darka Mazi T\u00fcrk\u00e7e"},"image":{"@id":"https:\/\/darkamazi.site\/#\/schema\/logo\/image\/"},"sameAs":["https:\/\/www.facebook.com\/DarkaMaziturkce","https:\/\/x.com\/DarkaMaziTurkce"]},{"@type":"Person","@id":"https:\/\/darkamazi.site\/#\/schema\/person\/67986a95ac546c16760365877ef4a9d3","name":"darka mazi","sameAs":["https:\/\/darkamazi.site"],"url":"https:\/\/darkamazi.site\/archives\/author\/turkish"}]}},"_links":{"self":[{"href":"https:\/\/darkamazi.site\/funavuv\/wp\/v2\/posts\/1035845","targetHints":{"allow":["GET"]}}],"collection":[{"href":"https:\/\/darkamazi.site\/funavuv\/wp\/v2\/posts"}],"about":[{"href":"https:\/\/darkamazi.site\/funavuv\/wp\/v2\/types\/post"}],"author":[{"embeddable":true,"href":"https:\/\/darkamazi.site\/funavuv\/wp\/v2\/users\/2"}],"replies":[{"embeddable":true,"href":"https:\/\/darkamazi.site\/funavuv\/wp\/v2\/comments?post=1035845"}],"version-history":[{"count":0,"href":"https:\/\/darkamazi.site\/funavuv\/wp\/v2\/posts\/1035845\/revisions"}],"wp:featuredmedia":[{"embeddable":true,"href":"https:\/\/darkamazi.site\/funavuv\/wp\/v2\/media\/1035846"}],"wp:attachment":[{"href":"https:\/\/darkamazi.site\/funavuv\/wp\/v2\/media?parent=1035845"}],"wp:term":[{"taxonomy":"category","embeddable":true,"href":"https:\/\/darkamazi.site\/funavuv\/wp\/v2\/categories?post=1035845"},{"taxonomy":"post_tag","embeddable":true,"href":"https:\/\/darkamazi.site\/funavuv\/wp\/v2\/tags?post=1035845"}],"curies":[{"name":"wp","href":"https:\/\/api.w.org\/{rel}","templated":true}]}}