{"id":1035848,"date":"2025-12-04T11:57:21","date_gmt":"2025-12-04T08:57:21","guid":{"rendered":"https:\/\/darkamazi.site\/?p=1035848"},"modified":"2025-12-04T11:57:21","modified_gmt":"2025-12-04T08:57:21","slug":"lacan-koyundeki-olaylari-provoke-eden-kisi-kacarken-yakalandi","status":"publish","type":"post","link":"https:\/\/darkamazi.site\/archives\/1035848","title":{"rendered":"Lacan k\u00f6y\u00fcndeki olaylar\u0131 provoke eden ki\u015fi ka\u00e7arken yakaland\u0131"},"content":{"rendered":"<p style=\"text-align: justify\">29 Kas\u0131m\u2019dan bu yana Erbil\u2019in Xabat il\u00e7esine ba\u011fl\u0131 Lacan k\u00f6y\u00fcnde ya\u015fanan olaylar\u0131 provoke eden ki\u015finin yakaland\u0131\u011f\u0131 duyurdu. Yakalanan ki\u015finin YNK \u00fcyesi oldu\u011fu ve Kerk\u00fck\u2019e ka\u00e7arken yakaland\u0131\u011f\u0131 ortaya \u00e7\u0131kt\u0131.<\/p>\n<p style=\"text-align: justify\">Erbil \u0130l G\u00fcvenlik Komitesi, Xebat il\u00e7esindeki provokasyonu yaratan ki\u015finin ka\u00e7arken yakaland\u0131\u011f\u0131n\u0131 duyurdu. Komite, \u201cXebat il\u00e7esinde, 1 Aral\u0131k Pazartesi ak\u015fam\u0131 \u2018\u00f6rg\u00fctlenmi\u015f ve silahl\u0131\u2019 bir gurup kamuya a\u00e7\u0131k ve resmi yerlere ate\u015f a\u00e7arak\u00a0 \u00a0sald\u0131rm\u0131\u015f ve toplum d\u00fczenini bozarak ve g\u00fcvenli\u011fi tehdit etmi\u015ftir. G\u00fcvenlik g\u00fc\u00e7leri olaya derhal m\u00fcdahale ederek durumu profesyonel ve sakin bir \u015fekilde kontrol alt\u0131na ald\u0131\u201d ifadelerini kulland\u0131.<\/p>\n<p style=\"text-align: justify\">A\u00e7\u0131klaman\u0131n devam\u0131nda, provokasyonun devam\u0131nda, k\u0131\u015fk\u0131rt\u0131c\u0131s\u0131 olan &#8220;N\u00ea\u00e7irvan \u00cesa M\u00eermisu&#8221;nun tutukland\u0131\u011f\u0131 belirtildi. \u00a0Komite a\u00e7\u0131klamas\u0131nda Mirmisu\u2019nun halk\u0131 silahlanmaya ve ekonomik ve ulusal kurumlar\u0131 hedef almaya te\u015fvik etti\u011fi s\u00f6ylendi.<\/p>\n<p style=\"text-align: justify\">Ayr\u0131ca, N\u00ea\u00e7irvan \u00cesa&#8217;n\u0131n Kerk\u00fck yolunda ka\u00e7maya \u00e7al\u0131\u015f\u0131rken g\u00fcvenlik g\u00fc\u00e7leri taraf\u0131ndan g\u00f6zalt\u0131na al\u0131nd\u0131\u011f\u0131 ve mahkemeye teslim edildi\u011fi bildirildi.<\/p>\n<p style=\"text-align: justify\">Erbil G\u00fcvenlik Komitesi, &#8220;Huzur ve bar\u0131\u015f\u0131 bozan ve huzursuzlu\u011fa neden olan herkesin yarg\u0131lanaca\u011f\u0131n\u0131 duyuruyoruz&#8221; uyar\u0131s\u0131nda bulundu.<\/p>\n<p style=\"text-align: justify\">29 Kas\u0131m g\u00fcn\u00fc Lacan k\u00f6y\u00fcnde bulanan Lanaz petrol rafinerisinden talepleri olan halk bir y\u00fcr\u00fcy\u00fc\u015f d\u00fczenlemi\u015f daha sonra bir gurup silahl\u0131 ki\u015fi halk\u0131n normal eylemini provoke etmi\u015f ve d\u0131\u015fardan getirdikleri insanlarla olay\u0131 silahl\u0131 \u00e7at\u0131\u015fmaya d\u00f6km\u00fc\u015ft\u00fc. Herki a\u015fireti bir a\u00e7\u0131klama yaparak olaylar\u0131n Herki a\u015fireti ile ili\u015fkilendirilmesine kar\u015f\u0131 \u00e7\u0131km\u0131\u015f ve olay\u0131n d\u0131\u015fardan k\u0131\u015fk\u0131rt\u0131ld\u0131\u011f\u0131n\u0131 s\u00f6ylemi\u015fti.<\/p>\n<p style=\"text-align: justify\">G\u00fcney K\u00fcrdistan\u2019daki siyasi g\u00f6zlemciler olay\u0131 YNK\u2019nin plan\u0131 oldu\u011funu kabul ediyor. YNK\u2019nin se\u00e7im yenilgisinin \u00fcst\u00fcn\u00fc kapatmak ve K\u00fcrdistan ve Irak h\u00fck\u00fcmet kurma s\u00fcrecinde KDP\u2019ye bask\u0131 yap\u0131n taviz koparmak i\u00e7in bu yolu izledi\u011fi belirtiliyor. \u00a0Olaylar\u0131 proveke eden ki\u015fi YNK \u00fcyesi. Ayr\u0131ca Kerk\u00fck\u2019e ka\u00e7arken yakaland\u0131. T\u00fcm bunlar olaydaki YNK pay\u0131n\u0131 daha da g\u00fc\u00e7lendiriyor.<\/p>\n","protected":false},"excerpt":{"rendered":"<p>29 Kas\u0131m\u2019dan bu yana Erbil\u2019in Xabat il\u00e7esine ba\u011fl\u0131 Lacan k\u00f6y\u00fcnde ya\u015fanan olaylar\u0131 provoke eden ki\u015finin yakaland\u0131\u011f\u0131 duyurdu. Yakalanan ki\u015finin YNK \u00fcyesi oldu\u011fu ve Kerk\u00fck\u2019e ka\u00e7arken yakaland\u0131\u011f\u0131 ortaya \u00e7\u0131kt\u0131. Erbil \u0130l G\u00fcvenlik Komitesi, Xebat il\u00e7esindeki provokasyonu yaratan ki\u015finin ka\u00e7arken yakaland\u0131\u011f\u0131n\u0131 duyurdu. Komite, \u201cXebat il\u00e7esinde, 1 Aral\u0131k Pazartesi ak\u015fam\u0131 \u2018\u00f6rg\u00fctlenmi\u015f ve silahl\u0131\u2019 bir gurup kamuya a\u00e7\u0131k ve [&hellip;]<\/p>\n","protected":false},"author":2,"featured_media":1035849,"comment_status":"closed","ping_status":"closed","sticky":false,"template":"","format":"standard","meta":{"footnotes":""},"categories":[3],"tags":[31],"class_list":["post-1035848","post","type-post","status-publish","format-standard","has-post-thumbnail","hentry","category-kurdistan","tag-onemli"],"blocksy_meta":[],"seo_head":"<!-- This site is optimized with the Yoast SEO plugin v27.5 - https:\/\/yoast.com\/product\/yoast-seo-wordpress\/ -->\n<title>Lacan k\u00f6y\u00fcndeki olaylar\u0131 provoke eden ki\u015fi ka\u00e7arken yakaland\u0131 - Darka Mazi<\/title>\n<meta name=\"robots\" content=\"index, follow, max-snippet:-1, max-image-preview:large, max-video-preview:-1\" \/>\n<link rel=\"canonical\" href=\"https:\/\/darkamazi.site\/archives\/1035848\" \/>\n<meta property=\"og:locale\" content=\"en_US\" \/>\n<meta property=\"og:type\" content=\"article\" \/>\n<meta property=\"og:title\" content=\"Lacan k\u00f6y\u00fcndeki olaylar\u0131 provoke eden ki\u015fi ka\u00e7arken yakaland\u0131 - Darka Mazi\" \/>\n<meta property=\"og:description\" content=\"29 Kas\u0131m\u2019dan bu yana Erbil\u2019in Xabat il\u00e7esine ba\u011fl\u0131 Lacan k\u00f6y\u00fcnde ya\u015fanan olaylar\u0131 provoke eden ki\u015finin yakaland\u0131\u011f\u0131 duyurdu. Yakalanan ki\u015finin YNK \u00fcyesi oldu\u011fu ve Kerk\u00fck\u2019e ka\u00e7arken yakaland\u0131\u011f\u0131 ortaya \u00e7\u0131kt\u0131. Erbil \u0130l G\u00fcvenlik Komitesi, Xebat il\u00e7esindeki provokasyonu yaratan ki\u015finin ka\u00e7arken yakaland\u0131\u011f\u0131n\u0131 duyurdu. Komite, \u201cXebat il\u00e7esinde, 1 Aral\u0131k Pazartesi ak\u015fam\u0131 \u2018\u00f6rg\u00fctlenmi\u015f ve silahl\u0131\u2019 bir gurup kamuya a\u00e7\u0131k ve [&hellip;]\" \/>\n<meta property=\"og:url\" content=\"https:\/\/darkamazi.site\/archives\/1035848\" \/>\n<meta property=\"og:site_name\" content=\"Darka Mazi\" \/>\n<meta property=\"article:publisher\" content=\"https:\/\/www.facebook.com\/DarkaMaziturkce\" \/>\n<meta property=\"article:published_time\" content=\"2025-12-04T08:57:21+00:00\" \/>\n<meta property=\"og:image\" content=\"https:\/\/darkamazi.site\/file\/2025\/12\/Lacan-koyu.jpg\" \/>\n\t<meta property=\"og:image:width\" content=\"900\" \/>\n\t<meta property=\"og:image:height\" content=\"500\" \/>\n\t<meta property=\"og:image:type\" content=\"image\/jpeg\" \/>\n<meta name=\"author\" content=\"darka mazi\" \/>\n<meta name=\"twitter:card\" content=\"summary_large_image\" \/>\n<meta name=\"twitter:creator\" content=\"@DarkaMaziTurkce\" \/>\n<meta name=\"twitter:site\" content=\"@DarkaMaziTurkce\" \/>\n<meta name=\"twitter:label1\" content=\"Written by\" \/>\n\t<meta name=\"twitter:data1\" content=\"darka mazi\" \/>\n\t<meta name=\"twitter:label2\" content=\"Est. reading time\" \/>\n\t<meta name=\"twitter:data2\" content=\"2 minutes\" \/>\n<script type=\"application\/ld+json\" class=\"seo-schema-graph\">{\"@context\":\"https:\\\/\\\/schema.org\",\"@graph\":[{\"@type\":\"NewsArticle\",\"@id\":\"https:\\\/\\\/darkamazi.site\\\/archives\\\/1035848#article\",\"isPartOf\":{\"@id\":\"https:\\\/\\\/darkamazi.site\\\/archives\\\/1035848\"},\"author\":{\"name\":\"darka mazi\",\"@id\":\"https:\\\/\\\/darkamazi.site\\\/#\\\/schema\\\/person\\\/67986a95ac546c16760365877ef4a9d3\"},\"headline\":\"Lacan k\u00f6y\u00fcndeki olaylar\u0131 provoke eden ki\u015fi ka\u00e7arken yakaland\u0131\",\"datePublished\":\"2025-12-04T08:57:21+00:00\",\"mainEntityOfPage\":{\"@id\":\"https:\\\/\\\/darkamazi.site\\\/archives\\\/1035848\"},\"wordCount\":376,\"publisher\":{\"@id\":\"https:\\\/\\\/darkamazi.site\\\/#organization\"},\"image\":{\"@id\":\"https:\\\/\\\/darkamazi.site\\\/archives\\\/1035848#primaryimage\"},\"thumbnailUrl\":\"https:\\\/\\\/darkamazi.site\\\/darka-content\\\/uploads\\\/2025\\\/12\\\/Lacan-koyu.jpg\",\"keywords\":[\"\u00f6nemli\"],\"articleSection\":[\"Kurdistan\"],\"inLanguage\":\"en-US\"},{\"@type\":\"WebPage\",\"@id\":\"https:\\\/\\\/darkamazi.site\\\/archives\\\/1035848\",\"url\":\"https:\\\/\\\/darkamazi.site\\\/archives\\\/1035848\",\"name\":\"Lacan k\u00f6y\u00fcndeki olaylar\u0131 provoke eden ki\u015fi ka\u00e7arken yakaland\u0131 - Darka Mazi\",\"isPartOf\":{\"@id\":\"https:\\\/\\\/darkamazi.site\\\/#website\"},\"primaryImageOfPage\":{\"@id\":\"https:\\\/\\\/darkamazi.site\\\/archives\\\/1035848#primaryimage\"},\"image\":{\"@id\":\"https:\\\/\\\/darkamazi.site\\\/archives\\\/1035848#primaryimage\"},\"thumbnailUrl\":\"https:\\\/\\\/darkamazi.site\\\/darka-content\\\/uploads\\\/2025\\\/12\\\/Lacan-koyu.jpg\",\"datePublished\":\"2025-12-04T08:57:21+00:00\",\"breadcrumb\":{\"@id\":\"https:\\\/\\\/darkamazi.site\\\/archives\\\/1035848#breadcrumb\"},\"inLanguage\":\"en-US\",\"potentialAction\":[{\"@type\":\"ReadAction\",\"target\":[\"https:\\\/\\\/darkamazi.site\\\/archives\\\/1035848\"]}]},{\"@type\":\"ImageObject\",\"inLanguage\":\"en-US\",\"@id\":\"https:\\\/\\\/darkamazi.site\\\/archives\\\/1035848#primaryimage\",\"url\":\"https:\\\/\\\/darkamazi.site\\\/darka-content\\\/uploads\\\/2025\\\/12\\\/Lacan-koyu.jpg\",\"contentUrl\":\"https:\\\/\\\/darkamazi.site\\\/darka-content\\\/uploads\\\/2025\\\/12\\\/Lacan-koyu.jpg\",\"width\":900,\"height\":500,\"caption\":\"Lacan k\u00f6y\u00fcndeki olaylar\u0131 provoke eden ki\u015fi ka\u00e7arken yakaland\u0131\"},{\"@type\":\"BreadcrumbList\",\"@id\":\"https:\\\/\\\/darkamazi.site\\\/archives\\\/1035848#breadcrumb\",\"itemListElement\":[{\"@type\":\"ListItem\",\"position\":1,\"name\":\"Home\",\"item\":\"https:\\\/\\\/darkamazi.site\\\/\"},{\"@type\":\"ListItem\",\"position\":2,\"name\":\"Lacan k\u00f6y\u00fcndeki olaylar\u0131 provoke eden ki\u015fi ka\u00e7arken yakaland\u0131\"}]},{\"@type\":\"WebSite\",\"@id\":\"https:\\\/\\\/darkamazi.site\\\/#website\",\"url\":\"https:\\\/\\\/darkamazi.site\\\/\",\"name\":\"Darka Mazi\",\"description\":\"Ana Sayfa\",\"publisher\":{\"@id\":\"https:\\\/\\\/darkamazi.site\\\/#organization\"},\"potentialAction\":[{\"@type\":\"SearchAction\",\"target\":{\"@type\":\"EntryPoint\",\"urlTemplate\":\"https:\\\/\\\/darkamazi.site\\\/?s={search_term_string}\"},\"query-input\":{\"@type\":\"PropertyValueSpecification\",\"valueRequired\":true,\"valueName\":\"search_term_string\"}}],\"inLanguage\":\"en-US\"},{\"@type\":\"Organization\",\"@id\":\"https:\\\/\\\/darkamazi.site\\\/#organization\",\"name\":\"Darka Mazi T\u00fcrk\u00e7e\",\"alternateName\":\"Darka Mazi\",\"url\":\"https:\\\/\\\/darkamazi.site\\\/\",\"logo\":{\"@type\":\"ImageObject\",\"inLanguage\":\"en-US\",\"@id\":\"https:\\\/\\\/darkamazi.site\\\/#\\\/schema\\\/logo\\\/image\\\/\",\"url\":\"https:\\\/\\\/darkamazi.site\\\/darka-content\\\/uploads\\\/2017\\\/12\\\/darka-mazi-logo.png\",\"contentUrl\":\"https:\\\/\\\/darkamazi.site\\\/darka-content\\\/uploads\\\/2017\\\/12\\\/darka-mazi-logo.png\",\"width\":151,\"height\":75,\"caption\":\"Darka Mazi T\u00fcrk\u00e7e\"},\"image\":{\"@id\":\"https:\\\/\\\/darkamazi.site\\\/#\\\/schema\\\/logo\\\/image\\\/\"},\"sameAs\":[\"https:\\\/\\\/www.facebook.com\\\/DarkaMaziturkce\",\"https:\\\/\\\/x.com\\\/DarkaMaziTurkce\"]},{\"@type\":\"Person\",\"@id\":\"https:\\\/\\\/darkamazi.site\\\/#\\\/schema\\\/person\\\/67986a95ac546c16760365877ef4a9d3\",\"name\":\"darka mazi\",\"sameAs\":[\"https:\\\/\\\/darkamazi.site\"],\"url\":\"https:\\\/\\\/darkamazi.site\\\/archives\\\/author\\\/turkish\"}]}<\/script>\n<!-- \/ Yoast SEO plugin. -->","seo_head_json":{"title":"Lacan k\u00f6y\u00fcndeki olaylar\u0131 provoke eden ki\u015fi ka\u00e7arken yakaland\u0131 - Darka Mazi","robots":{"index":"index","follow":"follow","max-snippet":"max-snippet:-1","max-image-preview":"max-image-preview:large","max-video-preview":"max-video-preview:-1"},"canonical":"https:\/\/darkamazi.site\/archives\/1035848","og_locale":"en_US","og_type":"article","og_title":"Lacan k\u00f6y\u00fcndeki olaylar\u0131 provoke eden ki\u015fi ka\u00e7arken yakaland\u0131 - Darka Mazi","og_description":"29 Kas\u0131m\u2019dan bu yana Erbil\u2019in Xabat il\u00e7esine ba\u011fl\u0131 Lacan k\u00f6y\u00fcnde ya\u015fanan olaylar\u0131 provoke eden ki\u015finin yakaland\u0131\u011f\u0131 duyurdu. Yakalanan ki\u015finin YNK \u00fcyesi oldu\u011fu ve Kerk\u00fck\u2019e ka\u00e7arken yakaland\u0131\u011f\u0131 ortaya \u00e7\u0131kt\u0131. Erbil \u0130l G\u00fcvenlik Komitesi, Xebat il\u00e7esindeki provokasyonu yaratan ki\u015finin ka\u00e7arken yakaland\u0131\u011f\u0131n\u0131 duyurdu. Komite, \u201cXebat il\u00e7esinde, 1 Aral\u0131k Pazartesi ak\u015fam\u0131 \u2018\u00f6rg\u00fctlenmi\u015f ve silahl\u0131\u2019 bir gurup kamuya a\u00e7\u0131k ve [&hellip;]","og_url":"https:\/\/darkamazi.site\/archives\/1035848","og_site_name":"Darka Mazi","article_publisher":"https:\/\/www.facebook.com\/DarkaMaziturkce","article_published_time":"2025-12-04T08:57:21+00:00","og_image":[{"width":900,"height":500,"url":"https:\/\/darkamazi.site\/file\/2025\/12\/Lacan-koyu.jpg","type":"image\/jpeg"}],"author":"darka mazi","twitter_card":"summary_large_image","twitter_creator":"@DarkaMaziTurkce","twitter_site":"@DarkaMaziTurkce","twitter_misc":{"Written by":"darka mazi","Est. reading time":"2 minutes"},"schema":{"@context":"https:\/\/schema.org","@graph":[{"@type":"NewsArticle","@id":"https:\/\/darkamazi.site\/archives\/1035848#article","isPartOf":{"@id":"https:\/\/darkamazi.site\/archives\/1035848"},"author":{"name":"darka mazi","@id":"https:\/\/darkamazi.site\/#\/schema\/person\/67986a95ac546c16760365877ef4a9d3"},"headline":"Lacan k\u00f6y\u00fcndeki olaylar\u0131 provoke eden ki\u015fi ka\u00e7arken yakaland\u0131","datePublished":"2025-12-04T08:57:21+00:00","mainEntityOfPage":{"@id":"https:\/\/darkamazi.site\/archives\/1035848"},"wordCount":376,"publisher":{"@id":"https:\/\/darkamazi.site\/#organization"},"image":{"@id":"https:\/\/darkamazi.site\/archives\/1035848#primaryimage"},"thumbnailUrl":"https:\/\/darkamazi.site\/file\/2025\/12\/Lacan-koyu.jpg","keywords":["\u00f6nemli"],"articleSection":["Kurdistan"],"inLanguage":"en-US"},{"@type":"WebPage","@id":"https:\/\/darkamazi.site\/archives\/1035848","url":"https:\/\/darkamazi.site\/archives\/1035848","name":"Lacan k\u00f6y\u00fcndeki olaylar\u0131 provoke eden ki\u015fi ka\u00e7arken yakaland\u0131 - Darka Mazi","isPartOf":{"@id":"https:\/\/darkamazi.site\/#website"},"primaryImageOfPage":{"@id":"https:\/\/darkamazi.site\/archives\/1035848#primaryimage"},"image":{"@id":"https:\/\/darkamazi.site\/archives\/1035848#primaryimage"},"thumbnailUrl":"https:\/\/darkamazi.site\/file\/2025\/12\/Lacan-koyu.jpg","datePublished":"2025-12-04T08:57:21+00:00","breadcrumb":{"@id":"https:\/\/darkamazi.site\/archives\/1035848#breadcrumb"},"inLanguage":"en-US","potentialAction":[{"@type":"ReadAction","target":["https:\/\/darkamazi.site\/archives\/1035848"]}]},{"@type":"ImageObject","inLanguage":"en-US","@id":"https:\/\/darkamazi.site\/archives\/1035848#primaryimage","url":"https:\/\/darkamazi.site\/file\/2025\/12\/Lacan-koyu.jpg","contentUrl":"https:\/\/darkamazi.site\/file\/2025\/12\/Lacan-koyu.jpg","width":900,"height":500,"caption":"Lacan k\u00f6y\u00fcndeki olaylar\u0131 provoke eden ki\u015fi ka\u00e7arken yakaland\u0131"},{"@type":"BreadcrumbList","@id":"https:\/\/darkamazi.site\/archives\/1035848#breadcrumb","itemListElement":[{"@type":"ListItem","position":1,"name":"Home","item":"https:\/\/darkamazi.site\/"},{"@type":"ListItem","position":2,"name":"Lacan k\u00f6y\u00fcndeki olaylar\u0131 provoke eden ki\u015fi ka\u00e7arken yakaland\u0131"}]},{"@type":"WebSite","@id":"https:\/\/darkamazi.site\/#website","url":"https:\/\/darkamazi.site\/","name":"Darka Mazi","description":"Ana Sayfa","publisher":{"@id":"https:\/\/darkamazi.site\/#organization"},"potentialAction":[{"@type":"SearchAction","target":{"@type":"EntryPoint","urlTemplate":"https:\/\/darkamazi.site\/?s={search_term_string}"},"query-input":{"@type":"PropertyValueSpecification","valueRequired":true,"valueName":"search_term_string"}}],"inLanguage":"en-US"},{"@type":"Organization","@id":"https:\/\/darkamazi.site\/#organization","name":"Darka Mazi T\u00fcrk\u00e7e","alternateName":"Darka Mazi","url":"https:\/\/darkamazi.site\/","logo":{"@type":"ImageObject","inLanguage":"en-US","@id":"https:\/\/darkamazi.site\/#\/schema\/logo\/image\/","url":"https:\/\/darkamazi.site\/file\/2017\/12\/darka-mazi-logo.png","contentUrl":"https:\/\/darkamazi.site\/file\/2017\/12\/darka-mazi-logo.png","width":151,"height":75,"caption":"Darka Mazi T\u00fcrk\u00e7e"},"image":{"@id":"https:\/\/darkamazi.site\/#\/schema\/logo\/image\/"},"sameAs":["https:\/\/www.facebook.com\/DarkaMaziturkce","https:\/\/x.com\/DarkaMaziTurkce"]},{"@type":"Person","@id":"https:\/\/darkamazi.site\/#\/schema\/person\/67986a95ac546c16760365877ef4a9d3","name":"darka mazi","sameAs":["https:\/\/darkamazi.site"],"url":"https:\/\/darkamazi.site\/archives\/author\/turkish"}]}},"_links":{"self":[{"href":"https:\/\/darkamazi.site\/funavuv\/wp\/v2\/posts\/1035848","targetHints":{"allow":["GET"]}}],"collection":[{"href":"https:\/\/darkamazi.site\/funavuv\/wp\/v2\/posts"}],"about":[{"href":"https:\/\/darkamazi.site\/funavuv\/wp\/v2\/types\/post"}],"author":[{"embeddable":true,"href":"https:\/\/darkamazi.site\/funavuv\/wp\/v2\/users\/2"}],"replies":[{"embeddable":true,"href":"https:\/\/darkamazi.site\/funavuv\/wp\/v2\/comments?post=1035848"}],"version-history":[{"count":0,"href":"https:\/\/darkamazi.site\/funavuv\/wp\/v2\/posts\/1035848\/revisions"}],"wp:featuredmedia":[{"embeddable":true,"href":"https:\/\/darkamazi.site\/funavuv\/wp\/v2\/media\/1035849"}],"wp:attachment":[{"href":"https:\/\/darkamazi.site\/funavuv\/wp\/v2\/media?parent=1035848"}],"wp:term":[{"taxonomy":"category","embeddable":true,"href":"https:\/\/darkamazi.site\/funavuv\/wp\/v2\/categories?post=1035848"},{"taxonomy":"post_tag","embeddable":true,"href":"https:\/\/darkamazi.site\/funavuv\/wp\/v2\/tags?post=1035848"}],"curies":[{"name":"wp","href":"https:\/\/api.w.org\/{rel}","templated":true}]}}