{"id":1035851,"date":"2025-12-04T12:11:54","date_gmt":"2025-12-04T09:11:54","guid":{"rendered":"https:\/\/darkamazi.site\/?p=1035851"},"modified":"2025-12-04T12:11:54","modified_gmt":"2025-12-04T09:11:54","slug":"irak-husiler-ile-hizbullahi-teror-listesine-ekledi","status":"publish","type":"post","link":"https:\/\/darkamazi.site\/archives\/1035851","title":{"rendered":"Irak, Husiler ile Hizbullah\u2019\u0131 &#8220;ter\u00f6r&#8221; listesine ekledi"},"content":{"rendered":"<p style=\"text-align: justify\"><strong>Irak H\u00fck\u00fcmeti, Yemen&#8217;deki Husiler ile L\u00fcbnan Hizbullah\u0131&#8217;n\u0131 ter\u00f6r \u00f6rg\u00fctleri listesine ekledi.\u00a0<\/strong><\/p>\n<p style=\"text-align: justify\">Irak Adalet Bakanl\u0131\u011f\u0131n\u0131n yay\u0131nlad\u0131\u011f\u0131 Irak Resmi Gazetesi Vaki&#8217;nin 4848. say\u0131s\u0131 yay\u0131nland\u0131.<\/p>\n<p style=\"text-align: justify\">Bu say\u0131da yer alan karara g\u00f6re Irak H\u00fck\u00fcmeti, Yemen&#8217;deki Husiler ile L\u00fcbnan Hizbullah\u0131&#8217;n\u0131 ter\u00f6r \u00f6rg\u00fctleri listesine ekledi.<\/p>\n<p style=\"text-align: justify\">Irak H\u00fck\u00fcmetinin bu ad\u0131m\u0131, Ter\u00f6rist Gruplar\u0131n Mali Faaliyetlerinin Durdurulmas\u0131 Komitesinin, 39 Say\u0131l\u0131 Kara Para Aklama ve Ter\u00f6rizmin Finansman\u0131yla M\u00fccadele Kanunu uyar\u0131nca ter\u00f6r \u00f6rg\u00fctlerinin finansman\u0131n\u0131 durdurma karar\u0131na yan\u0131t niteli\u011findedir.<\/p>\n<p style=\"text-align: justify\">Kararlar\u0131n bir di\u011fer b\u00f6l\u00fcm\u00fcnde, Tahrir e\u015f-\u015eam lideri Ebu Muhammed el-Culani&#8217;nin ismi Ahmed H\u00fcseyin el-\u015eara olarak de\u011fi\u015ftirildi. Edinilen bilgiye g\u00f6re, bu de\u011fi\u015fiklik BM G\u00fcvenlik Konseyi&#8217;nin I\u015e\u0130D ve El-Kaide Yapt\u0131r\u0131mlar Komitesi&#8217;nin bir karar\u0131na dayan\u0131larak yap\u0131ld\u0131 ve Irak, uluslararas\u0131 taahh\u00fctleri kapsam\u0131nda bu karar\u0131 resmi gazetede yay\u0131mlad\u0131.<\/p>\n<p style=\"text-align: justify\">Bu ba\u011flamda, Irak Adalet Bakanl\u0131\u011f\u0131 \u0130leti\u015fim ve Enformasyon Direkt\u00f6r\u00fc Murad Said, Adalet Bakanl\u0131\u011f\u0131&#8217;n\u0131n kararlar\u0131n i\u00e7eri\u011fini yay\u0131nlamakla bir ilgisi olmad\u0131\u011f\u0131n\u0131, yaln\u0131zca resmi devlet kurumlar\u0131 taraf\u0131ndan verilen kararlar\u0131 yay\u0131nlamakla g\u00f6revli oldu\u011funu belirtti.<\/p>\n<p style=\"text-align: justify\">ABD ve \u0130srail&#8217;in Irak&#8217;a yapt\u0131\u011f\u0131 bask\u0131lar nedeni ile Irak zor g\u00fcnler ge\u00e7iriyor. Ve baz\u0131 ad\u0131mlar atarak kendini tehditlerden uzat tutmaya \u00e7al\u0131\u015f\u0131yor. Husi ve Hizbullah&#8217;\u0131n ter\u00f6r listesine al\u0131nmas\u0131 da bu ad\u0131mlardan biri. Ad\u0131m\u0131n sadece ka\u011f\u0131t \u00fczerinde kalaca\u011f\u0131 genel \u00f6n g\u00f6r\u00fc olsa da Irak&#8217;\u0131n resmi d\u00fczeyde bu \u00f6rg\u00fctleri ter\u00f6r listesine dahil etmesi de bir ba\u015flang\u0131\u00e7 ad\u0131m\u0131 olarak \u00f6nemli g\u00f6r\u00fcl\u00fcyor.<\/p>\n","protected":false},"excerpt":{"rendered":"<p>Irak H\u00fck\u00fcmeti, Yemen&#8217;deki Husiler ile L\u00fcbnan Hizbullah\u0131&#8217;n\u0131 ter\u00f6r \u00f6rg\u00fctleri listesine ekledi.\u00a0 Irak Adalet Bakanl\u0131\u011f\u0131n\u0131n yay\u0131nlad\u0131\u011f\u0131 Irak Resmi Gazetesi Vaki&#8217;nin 4848. say\u0131s\u0131 yay\u0131nland\u0131. Bu say\u0131da yer alan karara g\u00f6re Irak H\u00fck\u00fcmeti, Yemen&#8217;deki Husiler ile L\u00fcbnan Hizbullah\u0131&#8217;n\u0131 ter\u00f6r \u00f6rg\u00fctleri listesine ekledi. Irak H\u00fck\u00fcmetinin bu ad\u0131m\u0131, Ter\u00f6rist Gruplar\u0131n Mali Faaliyetlerinin Durdurulmas\u0131 Komitesinin, 39 Say\u0131l\u0131 Kara Para Aklama ve [&hellip;]<\/p>\n","protected":false},"author":2,"featured_media":1035852,"comment_status":"closed","ping_status":"closed","sticky":false,"template":"","format":"standard","meta":{"footnotes":""},"categories":[29],"tags":[],"class_list":["post-1035851","post","type-post","status-publish","format-standard","has-post-thumbnail","hentry","category-ortadogu"],"blocksy_meta":[],"seo_head":"<!-- This site is optimized with the Yoast SEO plugin v27.5 - https:\/\/yoast.com\/product\/yoast-seo-wordpress\/ -->\n<title>Irak, Husiler ile Hizbullah\u2019\u0131 &quot;ter\u00f6r&quot; listesine ekledi - Darka Mazi<\/title>\n<meta name=\"robots\" content=\"index, follow, max-snippet:-1, max-image-preview:large, max-video-preview:-1\" \/>\n<link rel=\"canonical\" href=\"https:\/\/darkamazi.site\/archives\/1035851\" \/>\n<meta property=\"og:locale\" content=\"en_US\" \/>\n<meta property=\"og:type\" content=\"article\" \/>\n<meta property=\"og:title\" content=\"Irak, Husiler ile Hizbullah\u2019\u0131 &quot;ter\u00f6r&quot; listesine ekledi - Darka Mazi\" \/>\n<meta property=\"og:description\" content=\"Irak H\u00fck\u00fcmeti, Yemen&#8217;deki Husiler ile L\u00fcbnan Hizbullah\u0131&#8217;n\u0131 ter\u00f6r \u00f6rg\u00fctleri listesine ekledi.\u00a0 Irak Adalet Bakanl\u0131\u011f\u0131n\u0131n yay\u0131nlad\u0131\u011f\u0131 Irak Resmi Gazetesi Vaki&#8217;nin 4848. say\u0131s\u0131 yay\u0131nland\u0131. Bu say\u0131da yer alan karara g\u00f6re Irak H\u00fck\u00fcmeti, Yemen&#8217;deki Husiler ile L\u00fcbnan Hizbullah\u0131&#8217;n\u0131 ter\u00f6r \u00f6rg\u00fctleri listesine ekledi. Irak H\u00fck\u00fcmetinin bu ad\u0131m\u0131, Ter\u00f6rist Gruplar\u0131n Mali Faaliyetlerinin Durdurulmas\u0131 Komitesinin, 39 Say\u0131l\u0131 Kara Para Aklama ve [&hellip;]\" \/>\n<meta property=\"og:url\" content=\"https:\/\/darkamazi.site\/archives\/1035851\" \/>\n<meta property=\"og:site_name\" content=\"Darka Mazi\" \/>\n<meta property=\"article:publisher\" content=\"https:\/\/www.facebook.com\/DarkaMaziturkce\" \/>\n<meta property=\"article:published_time\" content=\"2025-12-04T09:11:54+00:00\" \/>\n<meta property=\"og:image\" content=\"https:\/\/darkamazi.site\/file\/2025\/12\/Irak.jpg\" \/>\n\t<meta property=\"og:image:width\" content=\"710\" \/>\n\t<meta property=\"og:image:height\" content=\"447\" \/>\n\t<meta property=\"og:image:type\" content=\"image\/jpeg\" \/>\n<meta name=\"author\" content=\"darka mazi\" \/>\n<meta name=\"twitter:card\" content=\"summary_large_image\" \/>\n<meta name=\"twitter:creator\" content=\"@DarkaMaziTurkce\" \/>\n<meta name=\"twitter:site\" content=\"@DarkaMaziTurkce\" \/>\n<meta name=\"twitter:label1\" content=\"Written by\" \/>\n\t<meta name=\"twitter:data1\" content=\"darka mazi\" \/>\n\t<meta name=\"twitter:label2\" content=\"Est. reading time\" \/>\n\t<meta name=\"twitter:data2\" content=\"1 minute\" \/>\n<script type=\"application\/ld+json\" class=\"seo-schema-graph\">{\"@context\":\"https:\\\/\\\/schema.org\",\"@graph\":[{\"@type\":\"NewsArticle\",\"@id\":\"https:\\\/\\\/darkamazi.site\\\/archives\\\/1035851#article\",\"isPartOf\":{\"@id\":\"https:\\\/\\\/darkamazi.site\\\/archives\\\/1035851\"},\"author\":{\"name\":\"darka mazi\",\"@id\":\"https:\\\/\\\/darkamazi.site\\\/#\\\/schema\\\/person\\\/67986a95ac546c16760365877ef4a9d3\"},\"headline\":\"Irak, Husiler ile Hizbullah\u2019\u0131 &#8220;ter\u00f6r&#8221; listesine ekledi\",\"datePublished\":\"2025-12-04T09:11:54+00:00\",\"mainEntityOfPage\":{\"@id\":\"https:\\\/\\\/darkamazi.site\\\/archives\\\/1035851\"},\"wordCount\":307,\"publisher\":{\"@id\":\"https:\\\/\\\/darkamazi.site\\\/#organization\"},\"image\":{\"@id\":\"https:\\\/\\\/darkamazi.site\\\/archives\\\/1035851#primaryimage\"},\"thumbnailUrl\":\"https:\\\/\\\/darkamazi.site\\\/darka-content\\\/uploads\\\/2025\\\/12\\\/Irak.jpg\",\"articleSection\":[\"Ortado\u011fu\"],\"inLanguage\":\"en-US\"},{\"@type\":\"WebPage\",\"@id\":\"https:\\\/\\\/darkamazi.site\\\/archives\\\/1035851\",\"url\":\"https:\\\/\\\/darkamazi.site\\\/archives\\\/1035851\",\"name\":\"Irak, Husiler ile Hizbullah\u2019\u0131 \\\"ter\u00f6r\\\" listesine ekledi - Darka Mazi\",\"isPartOf\":{\"@id\":\"https:\\\/\\\/darkamazi.site\\\/#website\"},\"primaryImageOfPage\":{\"@id\":\"https:\\\/\\\/darkamazi.site\\\/archives\\\/1035851#primaryimage\"},\"image\":{\"@id\":\"https:\\\/\\\/darkamazi.site\\\/archives\\\/1035851#primaryimage\"},\"thumbnailUrl\":\"https:\\\/\\\/darkamazi.site\\\/darka-content\\\/uploads\\\/2025\\\/12\\\/Irak.jpg\",\"datePublished\":\"2025-12-04T09:11:54+00:00\",\"breadcrumb\":{\"@id\":\"https:\\\/\\\/darkamazi.site\\\/archives\\\/1035851#breadcrumb\"},\"inLanguage\":\"en-US\",\"potentialAction\":[{\"@type\":\"ReadAction\",\"target\":[\"https:\\\/\\\/darkamazi.site\\\/archives\\\/1035851\"]}]},{\"@type\":\"ImageObject\",\"inLanguage\":\"en-US\",\"@id\":\"https:\\\/\\\/darkamazi.site\\\/archives\\\/1035851#primaryimage\",\"url\":\"https:\\\/\\\/darkamazi.site\\\/darka-content\\\/uploads\\\/2025\\\/12\\\/Irak.jpg\",\"contentUrl\":\"https:\\\/\\\/darkamazi.site\\\/darka-content\\\/uploads\\\/2025\\\/12\\\/Irak.jpg\",\"width\":710,\"height\":447,\"caption\":\"Irak, Husiler ile Hizbullah\u2019\u0131 \\\"ter\u00f6r\\\" listesine ekledi\"},{\"@type\":\"BreadcrumbList\",\"@id\":\"https:\\\/\\\/darkamazi.site\\\/archives\\\/1035851#breadcrumb\",\"itemListElement\":[{\"@type\":\"ListItem\",\"position\":1,\"name\":\"Home\",\"item\":\"https:\\\/\\\/darkamazi.site\\\/\"},{\"@type\":\"ListItem\",\"position\":2,\"name\":\"Irak, Husiler ile Hizbullah\u2019\u0131 &#8220;ter\u00f6r&#8221; listesine ekledi\"}]},{\"@type\":\"WebSite\",\"@id\":\"https:\\\/\\\/darkamazi.site\\\/#website\",\"url\":\"https:\\\/\\\/darkamazi.site\\\/\",\"name\":\"Darka Mazi\",\"description\":\"Ana Sayfa\",\"publisher\":{\"@id\":\"https:\\\/\\\/darkamazi.site\\\/#organization\"},\"potentialAction\":[{\"@type\":\"SearchAction\",\"target\":{\"@type\":\"EntryPoint\",\"urlTemplate\":\"https:\\\/\\\/darkamazi.site\\\/?s={search_term_string}\"},\"query-input\":{\"@type\":\"PropertyValueSpecification\",\"valueRequired\":true,\"valueName\":\"search_term_string\"}}],\"inLanguage\":\"en-US\"},{\"@type\":\"Organization\",\"@id\":\"https:\\\/\\\/darkamazi.site\\\/#organization\",\"name\":\"Darka Mazi T\u00fcrk\u00e7e\",\"alternateName\":\"Darka Mazi\",\"url\":\"https:\\\/\\\/darkamazi.site\\\/\",\"logo\":{\"@type\":\"ImageObject\",\"inLanguage\":\"en-US\",\"@id\":\"https:\\\/\\\/darkamazi.site\\\/#\\\/schema\\\/logo\\\/image\\\/\",\"url\":\"https:\\\/\\\/darkamazi.site\\\/darka-content\\\/uploads\\\/2017\\\/12\\\/darka-mazi-logo.png\",\"contentUrl\":\"https:\\\/\\\/darkamazi.site\\\/darka-content\\\/uploads\\\/2017\\\/12\\\/darka-mazi-logo.png\",\"width\":151,\"height\":75,\"caption\":\"Darka Mazi T\u00fcrk\u00e7e\"},\"image\":{\"@id\":\"https:\\\/\\\/darkamazi.site\\\/#\\\/schema\\\/logo\\\/image\\\/\"},\"sameAs\":[\"https:\\\/\\\/www.facebook.com\\\/DarkaMaziturkce\",\"https:\\\/\\\/x.com\\\/DarkaMaziTurkce\"]},{\"@type\":\"Person\",\"@id\":\"https:\\\/\\\/darkamazi.site\\\/#\\\/schema\\\/person\\\/67986a95ac546c16760365877ef4a9d3\",\"name\":\"darka mazi\",\"sameAs\":[\"https:\\\/\\\/darkamazi.site\"],\"url\":\"https:\\\/\\\/darkamazi.site\\\/archives\\\/author\\\/turkish\"}]}<\/script>\n<!-- \/ Yoast SEO plugin. -->","seo_head_json":{"title":"Irak, Husiler ile Hizbullah\u2019\u0131 \"ter\u00f6r\" listesine ekledi - Darka Mazi","robots":{"index":"index","follow":"follow","max-snippet":"max-snippet:-1","max-image-preview":"max-image-preview:large","max-video-preview":"max-video-preview:-1"},"canonical":"https:\/\/darkamazi.site\/archives\/1035851","og_locale":"en_US","og_type":"article","og_title":"Irak, Husiler ile Hizbullah\u2019\u0131 \"ter\u00f6r\" listesine ekledi - Darka Mazi","og_description":"Irak H\u00fck\u00fcmeti, Yemen&#8217;deki Husiler ile L\u00fcbnan Hizbullah\u0131&#8217;n\u0131 ter\u00f6r \u00f6rg\u00fctleri listesine ekledi.\u00a0 Irak Adalet Bakanl\u0131\u011f\u0131n\u0131n yay\u0131nlad\u0131\u011f\u0131 Irak Resmi Gazetesi Vaki&#8217;nin 4848. say\u0131s\u0131 yay\u0131nland\u0131. Bu say\u0131da yer alan karara g\u00f6re Irak H\u00fck\u00fcmeti, Yemen&#8217;deki Husiler ile L\u00fcbnan Hizbullah\u0131&#8217;n\u0131 ter\u00f6r \u00f6rg\u00fctleri listesine ekledi. Irak H\u00fck\u00fcmetinin bu ad\u0131m\u0131, Ter\u00f6rist Gruplar\u0131n Mali Faaliyetlerinin Durdurulmas\u0131 Komitesinin, 39 Say\u0131l\u0131 Kara Para Aklama ve [&hellip;]","og_url":"https:\/\/darkamazi.site\/archives\/1035851","og_site_name":"Darka Mazi","article_publisher":"https:\/\/www.facebook.com\/DarkaMaziturkce","article_published_time":"2025-12-04T09:11:54+00:00","og_image":[{"width":710,"height":447,"url":"https:\/\/darkamazi.site\/file\/2025\/12\/Irak.jpg","type":"image\/jpeg"}],"author":"darka mazi","twitter_card":"summary_large_image","twitter_creator":"@DarkaMaziTurkce","twitter_site":"@DarkaMaziTurkce","twitter_misc":{"Written by":"darka mazi","Est. reading time":"1 minute"},"schema":{"@context":"https:\/\/schema.org","@graph":[{"@type":"NewsArticle","@id":"https:\/\/darkamazi.site\/archives\/1035851#article","isPartOf":{"@id":"https:\/\/darkamazi.site\/archives\/1035851"},"author":{"name":"darka mazi","@id":"https:\/\/darkamazi.site\/#\/schema\/person\/67986a95ac546c16760365877ef4a9d3"},"headline":"Irak, Husiler ile Hizbullah\u2019\u0131 &#8220;ter\u00f6r&#8221; listesine ekledi","datePublished":"2025-12-04T09:11:54+00:00","mainEntityOfPage":{"@id":"https:\/\/darkamazi.site\/archives\/1035851"},"wordCount":307,"publisher":{"@id":"https:\/\/darkamazi.site\/#organization"},"image":{"@id":"https:\/\/darkamazi.site\/archives\/1035851#primaryimage"},"thumbnailUrl":"https:\/\/darkamazi.site\/file\/2025\/12\/Irak.jpg","articleSection":["Ortado\u011fu"],"inLanguage":"en-US"},{"@type":"WebPage","@id":"https:\/\/darkamazi.site\/archives\/1035851","url":"https:\/\/darkamazi.site\/archives\/1035851","name":"Irak, Husiler ile Hizbullah\u2019\u0131 \"ter\u00f6r\" listesine ekledi - Darka Mazi","isPartOf":{"@id":"https:\/\/darkamazi.site\/#website"},"primaryImageOfPage":{"@id":"https:\/\/darkamazi.site\/archives\/1035851#primaryimage"},"image":{"@id":"https:\/\/darkamazi.site\/archives\/1035851#primaryimage"},"thumbnailUrl":"https:\/\/darkamazi.site\/file\/2025\/12\/Irak.jpg","datePublished":"2025-12-04T09:11:54+00:00","breadcrumb":{"@id":"https:\/\/darkamazi.site\/archives\/1035851#breadcrumb"},"inLanguage":"en-US","potentialAction":[{"@type":"ReadAction","target":["https:\/\/darkamazi.site\/archives\/1035851"]}]},{"@type":"ImageObject","inLanguage":"en-US","@id":"https:\/\/darkamazi.site\/archives\/1035851#primaryimage","url":"https:\/\/darkamazi.site\/file\/2025\/12\/Irak.jpg","contentUrl":"https:\/\/darkamazi.site\/file\/2025\/12\/Irak.jpg","width":710,"height":447,"caption":"Irak, Husiler ile Hizbullah\u2019\u0131 \"ter\u00f6r\" listesine ekledi"},{"@type":"BreadcrumbList","@id":"https:\/\/darkamazi.site\/archives\/1035851#breadcrumb","itemListElement":[{"@type":"ListItem","position":1,"name":"Home","item":"https:\/\/darkamazi.site\/"},{"@type":"ListItem","position":2,"name":"Irak, Husiler ile Hizbullah\u2019\u0131 &#8220;ter\u00f6r&#8221; listesine ekledi"}]},{"@type":"WebSite","@id":"https:\/\/darkamazi.site\/#website","url":"https:\/\/darkamazi.site\/","name":"Darka Mazi","description":"Ana Sayfa","publisher":{"@id":"https:\/\/darkamazi.site\/#organization"},"potentialAction":[{"@type":"SearchAction","target":{"@type":"EntryPoint","urlTemplate":"https:\/\/darkamazi.site\/?s={search_term_string}"},"query-input":{"@type":"PropertyValueSpecification","valueRequired":true,"valueName":"search_term_string"}}],"inLanguage":"en-US"},{"@type":"Organization","@id":"https:\/\/darkamazi.site\/#organization","name":"Darka Mazi T\u00fcrk\u00e7e","alternateName":"Darka Mazi","url":"https:\/\/darkamazi.site\/","logo":{"@type":"ImageObject","inLanguage":"en-US","@id":"https:\/\/darkamazi.site\/#\/schema\/logo\/image\/","url":"https:\/\/darkamazi.site\/file\/2017\/12\/darka-mazi-logo.png","contentUrl":"https:\/\/darkamazi.site\/file\/2017\/12\/darka-mazi-logo.png","width":151,"height":75,"caption":"Darka Mazi T\u00fcrk\u00e7e"},"image":{"@id":"https:\/\/darkamazi.site\/#\/schema\/logo\/image\/"},"sameAs":["https:\/\/www.facebook.com\/DarkaMaziturkce","https:\/\/x.com\/DarkaMaziTurkce"]},{"@type":"Person","@id":"https:\/\/darkamazi.site\/#\/schema\/person\/67986a95ac546c16760365877ef4a9d3","name":"darka mazi","sameAs":["https:\/\/darkamazi.site"],"url":"https:\/\/darkamazi.site\/archives\/author\/turkish"}]}},"_links":{"self":[{"href":"https:\/\/darkamazi.site\/funavuv\/wp\/v2\/posts\/1035851","targetHints":{"allow":["GET"]}}],"collection":[{"href":"https:\/\/darkamazi.site\/funavuv\/wp\/v2\/posts"}],"about":[{"href":"https:\/\/darkamazi.site\/funavuv\/wp\/v2\/types\/post"}],"author":[{"embeddable":true,"href":"https:\/\/darkamazi.site\/funavuv\/wp\/v2\/users\/2"}],"replies":[{"embeddable":true,"href":"https:\/\/darkamazi.site\/funavuv\/wp\/v2\/comments?post=1035851"}],"version-history":[{"count":0,"href":"https:\/\/darkamazi.site\/funavuv\/wp\/v2\/posts\/1035851\/revisions"}],"wp:featuredmedia":[{"embeddable":true,"href":"https:\/\/darkamazi.site\/funavuv\/wp\/v2\/media\/1035852"}],"wp:attachment":[{"href":"https:\/\/darkamazi.site\/funavuv\/wp\/v2\/media?parent=1035851"}],"wp:term":[{"taxonomy":"category","embeddable":true,"href":"https:\/\/darkamazi.site\/funavuv\/wp\/v2\/categories?post=1035851"},{"taxonomy":"post_tag","embeddable":true,"href":"https:\/\/darkamazi.site\/funavuv\/wp\/v2\/tags?post=1035851"}],"curies":[{"name":"wp","href":"https:\/\/api.w.org\/{rel}","templated":true}]}}