{"id":1035854,"date":"2025-12-04T12:20:19","date_gmt":"2025-12-04T09:20:19","guid":{"rendered":"https:\/\/darkamazi.site\/?p=1035854"},"modified":"2025-12-04T12:26:06","modified_gmt":"2025-12-04T09:26:06","slug":"numan-kurtulmus-imarlinin-taleplerini-anlatti-kurtcenin-resmi-dil-olmasi-anayasinin-4-maddesinin-degismesi-yonunde-istek-yok","status":"publish","type":"post","link":"https:\/\/darkamazi.site\/archives\/1035854","title":{"rendered":"Numan Kurtulmu\u015f \u0130mral\u0131&#8217;n\u0131n taleplerini anlatt\u0131: K\u00fcrt\u00e7enin resmi dil olmas\u0131, anayas\u0131n\u0131n 4 maddesinin de\u011fi\u015fmesi y\u00f6n\u00fcnde istek yok"},"content":{"rendered":"<p style=\"text-align: justify\"><strong>\u00a0<\/strong>TBMM Ba\u015fkan\u0131 Kurtulmu\u015f, s\u00fcre\u00e7 komisyonundan \u00fc\u00e7 ki\u015filik heyetin \u0130mral\u0131\u2019ya gitmesine dair, \u201cKamuoyundan gizli kapakl\u0131 hi\u00e7bir \u015fey \u015fimdiye kadar yap\u0131lmad\u0131, bu g\u00f6r\u00fc\u015fme de gizli kalmayacakt\u0131r\u201d dedi.<\/p>\n<p style=\"text-align: justify\">Kurtulmu\u015f, heyetin izlenimlerine g\u00f6re; federasyon, konfederasyon, ayr\u0131 bir devlet veya anayasan\u0131n ilk d\u00f6rt maddesinin tart\u0131\u015f\u0131lmas\u0131 gibi taleplerin g\u00fcndeme gelmedi\u011fini, K\u00fcrt\u00e7enin resmi dil olmas\u0131 y\u00f6n\u00fcnde bir iste\u011fin de bulunmad\u0131\u011f\u0131n\u0131 belirtti.<\/p>\n<p style=\"text-align: justify\">TBMM Ba\u015fkan\u0131 Numan Kurtulmu\u015f, Milli Dayan\u0131\u015fma, Karde\u015flik ve Demokrasi Komisyonu\u2019nun bug\u00fcn yapaca\u011f\u0131 kritik toplant\u0131 \u00f6ncesi ger\u00e7ekle\u015ftirdi\u011fi Tacikistan ve \u00d6zbekistan\u2019\u0131 kapsayan yurt d\u0131\u015f\u0131 ziyareti s\u0131ras\u0131nda, medya temsilcilerinin g\u00fcndeme ili\u015fkin sorular\u0131n\u0131 yan\u0131tlad\u0131.<\/p>\n<p style=\"text-align: justify\">T\u00fcrkiye, Suriye ve Irak\u2019ta b\u00fct\u00fcn \u015fartlar olumlu seyrederken s\u00fcrecin art\u0131k ba\u015far\u0131l\u0131 bi\u00e7imde sonu\u00e7land\u0131r\u0131lmas\u0131 gerekti\u011fini vurgulayan Kurtulmu\u015f, \u0130mral\u0131\u2019n\u0131n da komisyon heyetinin ziyaretinde \u201cFederasyon, ayr\u0131 bir devlet, bir konfederasyon gibi talepler olmadan, Anayasa\u2019n\u0131n ilk d\u00f6rt maddesiyle ilgili bir tart\u0131\u015fma a\u00e7\u0131lmadan, K\u00fcrt\u00e7enin resmi dil olmas\u0131yla ilgili en ufak bir talep g\u00fcndeme getirilmeden K\u00fcrt yurtta\u0219lar\u0131m\u0131z\u0131n taleplerinin de daha ileri demokratik standartlar ile kar\u015f\u0131lanmas\u0131\u201d y\u00f6n\u00fcndeki genel \u00e7er\u00e7eveden vazge\u00e7medi\u011fini bir kez daha ortaya koydu\u011funu s\u00f6yledi.<\/p>\n<p style=\"text-align: justify\">Milliyet gazetesinin aktard\u0131\u011f\u0131na g\u00f6re Kurtulmu\u015f \u00f6zetle \u015f\u00f6yle konu\u015ftu:<\/p>\n<p style=\"text-align: justify\"><strong>\u201cGizli kapakl\u0131 yap\u0131lmad\u0131\u201d<\/strong><\/p>\n<p style=\"text-align: justify\">\u201c\u00d6calan ile g\u00f6r\u00fc\u015fme tutanaklar\u0131; \u0130mral\u0131\u2019ya giden milletvekilleri kendi g\u00f6zlemlerini, notlar\u0131n\u0131 komisyona anlatacaklard\u0131r. M\u00fchim olan, orada ne konu\u015fuldu\u011funun ana hatlar\u0131n\u0131n komisyonla payla\u015f\u0131lmas\u0131d\u0131r. Kamuoyundan gizli kapakl\u0131 hi\u00e7bir \u015fey \u015fimdiye kadar yap\u0131lmad\u0131, bu g\u00f6r\u00fc\u015fme de gizli kalmayacakt\u0131r. M\u0130T oradaki g\u00f6r\u00fc\u015fmelerle ilgili tutanaklar\u0131 zaten tutuyor. O kay\u0131tlar M\u0130T\u2019in elindedir.<\/p>\n<p style=\"text-align: justify\"><strong>\u201cYans\u0131t\u0131landan daha ileride\u201d<\/strong><\/p>\n<p style=\"text-align: justify\">Komisyondaki milletvekillerinin g\u00f6zlemleri; fevkalade olumlu, yap\u0131c\u0131 bir g\u00f6r\u00fc\u015fmenin ger\u00e7ekle\u015fti\u011fi, \u2018\u0130mral\u0131\u2019n\u0131n fikirleri\u2019 olarak yans\u0131t\u0131lan \u015feylerden de daha ileride, daha yap\u0131c\u0131 ve bar\u0131\u015f isteyen, bu i\u015fin bitmesini isteyen bir yakla\u015f\u0131ma sahip oldu\u011fudur.<\/p>\n<p style=\"text-align: justify\"><strong>Ortak teklif arzusu<\/strong><\/p>\n<p style=\"text-align: justify\">Komisyon raporu i\u00e7in partilerden gelen metinler \u00fczerinden genel bir mutabakat ortaya \u00e7\u0131kar\u0131labilir. S\u0131nav g\u00fcn\u00fcne kadar rahat, ondan sonra da s\u0131k\u0131\u015ft\u0131r\u0131r\u0131z gibi bir duruma d\u00fc\u015fmeden h\u0131zl\u0131 \u015fekilde s\u00fcreci bitiririz in\u015fallah. (Raporun haz\u0131rlanmas\u0131n\u0131n ard\u0131ndan Komisyon\u2019un g\u00f6revi biter mi?) Evet, biter. Raporda, \u015fu konularda \u015f\u00f6yle bir yasal d\u00fczenleme, \u015fu konularda \u015f\u00f6yle bir idari d\u00fczenleme, \u015fu konularda g\u00f6r\u00fclen eksiklikler \u015funlard\u0131r gibi ba\u015fl\u0131klara yer veririz. Bunlar daha sonra parlamentodaki siyasi partilerin \u00e7al\u0131\u015faca\u011f\u0131 konulard\u0131r. G\u00f6nl\u00fcm\u00fcz arzu eder ki b\u00fct\u00fcn partiler ortak bir teklifte bulu\u015fsun.<\/p>\n<p style=\"text-align: justify\"><strong>\u201cBu s\u00fcrecin sahibi Say\u0131n Cumhurba\u015fkan\u0131\u2019m\u0131zd\u0131r\u201d<\/strong><\/p>\n<p style=\"text-align: justify\">S\u00fcrecin bu noktaya kadar gelmesindeki ana kararl\u0131l\u0131k ve meseleyi bir devlet politikas\u0131 haline d\u00f6n\u00fc\u015ft\u00fcrme iradesi Say\u0131n Cumhurba\u015fkan\u0131\u2019m\u0131za aittir. Bu s\u00fcrecin yolunu a\u00e7mam\u0131\u015f olsayd\u0131 buraya kadar zaten gelinmesi d\u00fc\u015f\u00fcn\u00fclemezdi. Ba\u015f\u0131ndan itibaren sahip oldu\u011fumuz bilgilerin tamam\u0131n\u0131 veriyorum. Dolay\u0131s\u0131yla bu s\u00fcrecin sahibi Say\u0131n Cumhurba\u015fkan\u0131\u2019m\u0131zd\u0131r.<\/p>\n<p style=\"text-align: justify\">\u0130srail\u2019in b\u00f6lge \u00fclkelerini, \u00f6zellikle Suriye\u2019yi b\u00f6lme konusunda g\u00f6stermi\u015f oldu\u011fu niyet ortadayken, bu hain projenin ger\u00e7ekle\u015fmesini \u00f6nleyecek her t\u00fcrl\u00fc ad\u0131m\u0131 atmam\u0131z laz\u0131m. B\u00f6lgedeki K\u00fcrt karde\u015flerimizin \u0130srail\u2019in insaf\u0131na b\u0131rak\u0131lmamas\u0131 laz\u0131m. Ter\u00f6rs\u00fcz T\u00fcrkiye ger\u00e7ekle\u015firse, Allah\u2019\u0131n izniyle ter\u00f6rs\u00fcz bir b\u00f6lgenin de kap\u0131s\u0131n\u0131 a\u00e7acakt\u0131r. Uyan\u0131k olmak zorunday\u0131z.<\/p>\n<p style=\"text-align: justify\"><strong>\u2018Anayasaya yans\u0131t\u0131lmal\u0131\u2019<\/strong><\/p>\n<p style=\"text-align: justify\">Komisyon, Cumhuriyet tarihimizin en a\u011f\u0131r meselesini kavgas\u0131z, g\u00fcr\u00fclt\u00fcs\u00fcz, problemsiz bug\u00fcne getirdi. Demek ki T\u00fcrk demokrasisi art\u0131k en zor konusunu bile m\u00fczakere edecek olgunlu\u011fa sahip. Bu, anayasaya ve di\u011fer hukuk metinlerine de yans\u0131t\u0131lmal\u0131d\u0131r. Olumlu etkileyece\u011fini d\u00fc\u015f\u00fcn\u00fcyorum.<\/p>\n<p style=\"text-align: justify\">\u015eimdiye kadar iyi geldi ama bundan sonraki s\u00fcre\u00e7 en riskli s\u00fcre\u00e7tir. Kimse partisinin ya da grubunun menfaatlerini \u00f6nceleyen bir tav\u0131r i\u00e7erisinde davranmamal\u0131. \u00d6rg\u00fct\u00fcn b\u00fct\u00fcn unsurlar\u0131yla silah b\u0131rakt\u0131\u011f\u0131n\u0131n, \u00f6rg\u00fctsel faaliyetlerden vazge\u00e7ti\u011finin tespiti gerekiyor. Suriye\u2019de de yeni y\u00f6netimle bir entegrasyon i\u00e7erisinde yer alaca\u011f\u0131n\u0131n g\u00f6r\u00fclmesi laz\u0131m. \u00d6rg\u00fct vakit kaybetmeden s\u00f6z verdi\u011fi ad\u0131mlar\u0131 atmay\u0131 s\u00fcrd\u00fcrmeli. Biz ad\u0131mlar\u0131m\u0131z\u0131 att\u0131k. Vatanda\u015f\u0131m\u0131z\u0131n deste\u011fi var. \u0130\u015fin t\u0131kanmamas\u0131 gerekir.\u201d<\/p>\n<p style=\"text-align: justify\"><strong>\u2018Siyaset \u00fczerine d\u00fc\u015feni yapar\u2019<\/strong><\/p>\n<p style=\"text-align: justify\">TBMM Ba\u015fkan\u0131 Kurtulmu\u015f \u201c\u00d6rg\u00fct\u00fcn kendisini feshetti\u011fi ve silahlar\u0131 b\u0131rakma s\u00fcrecinin nas\u0131l devam etti\u011fini takip edecek olan devletin g\u00fcvenlik birimleridir; tespit ve tescil edilirse, sonraki s\u00fcre\u00e7te siyaset \u00fczerine d\u00fc\u015fen sorumluluklar\u0131 yerine getirir\u201d dedi.<\/p>\n<p style=\"text-align: justify\"><strong>\u201cK\u00fcrt\u00e7enin resmi dil olmas\u0131 y\u00f6n\u00fcnde bir istek yok\u201d<\/strong><\/p>\n<p style=\"text-align: justify\">G\u00f6r\u00fc\u015fmenin i\u00e7eri\u011fine dair \u00e7er\u00e7eveyi \u00e7izen TBMM Ba\u015fkan\u0131, k\u0131rm\u0131z\u0131 \u00e7izgilerin net oldu\u011funu hat\u0131rlatt\u0131. Kurtulmu\u015f, heyetin izlenimlerine g\u00f6re; federasyon, konfederasyon, ayr\u0131 bir devlet veya anayasan\u0131n ilk d\u00f6rt maddesinin tart\u0131\u015f\u0131lmas\u0131 gibi taleplerin g\u00fcndeme gelmedi\u011fini, K\u00fcrt\u00e7enin resmi dil olmas\u0131 y\u00f6n\u00fcnde bir iste\u011fin de bulunmad\u0131\u011f\u0131n\u0131 belirtti. Taleplerin daha \u00e7ok demokratik standartlar\u0131n y\u00fckseltilmesi ekseninde oldu\u011funu ifade eden Kurtulmu\u015f, kar\u015f\u0131 taraf\u0131n yans\u0131t\u0131landan daha yap\u0131c\u0131 ve bar\u0131\u015f isteyen bir tav\u0131r sergiledi\u011fini dile getirdi.<\/p>\n<p style=\"text-align: justify\">S\u00fcrecin bundan sonraki a\u015famas\u0131n\u0131n en riskli d\u00f6nem oldu\u011funa dikkat \u00e7eken Kurtulmu\u015f, \u00f6rg\u00fct\u00fcn silah b\u0131rakma ve \u00f6rg\u00fctsel faaliyetlerden vazge\u00e7me konusunda somut ad\u0131mlar atmas\u0131 gerekti\u011fini vurgulad\u0131.<\/p>\n","protected":false},"excerpt":{"rendered":"<p>\u00a0TBMM Ba\u015fkan\u0131 Kurtulmu\u015f, s\u00fcre\u00e7 komisyonundan \u00fc\u00e7 ki\u015filik heyetin \u0130mral\u0131\u2019ya gitmesine dair, \u201cKamuoyundan gizli kapakl\u0131 hi\u00e7bir \u015fey \u015fimdiye kadar yap\u0131lmad\u0131, bu g\u00f6r\u00fc\u015fme de gizli kalmayacakt\u0131r\u201d dedi. Kurtulmu\u015f, heyetin izlenimlerine g\u00f6re; federasyon, konfederasyon, ayr\u0131 bir devlet veya anayasan\u0131n ilk d\u00f6rt maddesinin tart\u0131\u015f\u0131lmas\u0131 gibi taleplerin g\u00fcndeme gelmedi\u011fini, K\u00fcrt\u00e7enin resmi dil olmas\u0131 y\u00f6n\u00fcnde bir iste\u011fin de bulunmad\u0131\u011f\u0131n\u0131 belirtti. TBMM [&hellip;]<\/p>\n","protected":false},"author":2,"featured_media":1035855,"comment_status":"closed","ping_status":"closed","sticky":false,"template":"","format":"standard","meta":{"footnotes":""},"categories":[1],"tags":[31],"class_list":["post-1035854","post","type-post","status-publish","format-standard","has-post-thumbnail","hentry","category-uncategory","tag-onemli"],"blocksy_meta":[],"seo_head":"<!-- This site is optimized with the Yoast SEO plugin v27.5 - https:\/\/yoast.com\/product\/yoast-seo-wordpress\/ -->\n<title>Numan Kurtulmu\u015f \u0130mral\u0131&#039;n\u0131n taleplerini anlatt\u0131: K\u00fcrt\u00e7enin resmi dil olmas\u0131, anayas\u0131n\u0131n 4 maddesinin de\u011fi\u015fmesi y\u00f6n\u00fcnde istek yok - Darka Mazi<\/title>\n<meta name=\"robots\" content=\"index, follow, max-snippet:-1, max-image-preview:large, max-video-preview:-1\" \/>\n<link rel=\"canonical\" href=\"https:\/\/darkamazi.site\/archives\/1035854\" \/>\n<meta property=\"og:locale\" content=\"en_US\" \/>\n<meta property=\"og:type\" content=\"article\" \/>\n<meta property=\"og:title\" content=\"Numan Kurtulmu\u015f \u0130mral\u0131&#039;n\u0131n taleplerini anlatt\u0131: K\u00fcrt\u00e7enin resmi dil olmas\u0131, anayas\u0131n\u0131n 4 maddesinin de\u011fi\u015fmesi y\u00f6n\u00fcnde istek yok - Darka Mazi\" \/>\n<meta property=\"og:description\" content=\"\u00a0TBMM Ba\u015fkan\u0131 Kurtulmu\u015f, s\u00fcre\u00e7 komisyonundan \u00fc\u00e7 ki\u015filik heyetin \u0130mral\u0131\u2019ya gitmesine dair, \u201cKamuoyundan gizli kapakl\u0131 hi\u00e7bir \u015fey \u015fimdiye kadar yap\u0131lmad\u0131, bu g\u00f6r\u00fc\u015fme de gizli kalmayacakt\u0131r\u201d dedi. Kurtulmu\u015f, heyetin izlenimlerine g\u00f6re; federasyon, konfederasyon, ayr\u0131 bir devlet veya anayasan\u0131n ilk d\u00f6rt maddesinin tart\u0131\u015f\u0131lmas\u0131 gibi taleplerin g\u00fcndeme gelmedi\u011fini, K\u00fcrt\u00e7enin resmi dil olmas\u0131 y\u00f6n\u00fcnde bir iste\u011fin de bulunmad\u0131\u011f\u0131n\u0131 belirtti. TBMM [&hellip;]\" \/>\n<meta property=\"og:url\" content=\"https:\/\/darkamazi.site\/archives\/1035854\" \/>\n<meta property=\"og:site_name\" content=\"Darka Mazi\" \/>\n<meta property=\"article:publisher\" content=\"https:\/\/www.facebook.com\/DarkaMaziturkce\" \/>\n<meta property=\"article:published_time\" content=\"2025-12-04T09:20:19+00:00\" \/>\n<meta property=\"article:modified_time\" content=\"2025-12-04T09:26:06+00:00\" \/>\n<meta property=\"og:image\" content=\"https:\/\/darkamazi.site\/file\/2025\/12\/Numan-Kurtulmus.jpg\" \/>\n\t<meta property=\"og:image:width\" content=\"900\" \/>\n\t<meta property=\"og:image:height\" content=\"497\" \/>\n\t<meta property=\"og:image:type\" content=\"image\/jpeg\" \/>\n<meta name=\"author\" content=\"darka mazi\" \/>\n<meta name=\"twitter:card\" content=\"summary_large_image\" \/>\n<meta name=\"twitter:creator\" content=\"@DarkaMaziTurkce\" \/>\n<meta name=\"twitter:site\" content=\"@DarkaMaziTurkce\" \/>\n<meta name=\"twitter:label1\" content=\"Written by\" \/>\n\t<meta name=\"twitter:data1\" content=\"darka mazi\" \/>\n\t<meta name=\"twitter:label2\" content=\"Est. reading time\" \/>\n\t<meta name=\"twitter:data2\" content=\"4 minutes\" \/>\n<script type=\"application\/ld+json\" class=\"seo-schema-graph\">{\"@context\":\"https:\\\/\\\/schema.org\",\"@graph\":[{\"@type\":\"NewsArticle\",\"@id\":\"https:\\\/\\\/darkamazi.site\\\/archives\\\/1035854#article\",\"isPartOf\":{\"@id\":\"https:\\\/\\\/darkamazi.site\\\/archives\\\/1035854\"},\"author\":{\"name\":\"darka mazi\",\"@id\":\"https:\\\/\\\/darkamazi.site\\\/#\\\/schema\\\/person\\\/67986a95ac546c16760365877ef4a9d3\"},\"headline\":\"Numan Kurtulmu\u015f \u0130mral\u0131&#8217;n\u0131n taleplerini anlatt\u0131: K\u00fcrt\u00e7enin resmi dil olmas\u0131, anayas\u0131n\u0131n 4 maddesinin de\u011fi\u015fmesi y\u00f6n\u00fcnde istek yok\",\"datePublished\":\"2025-12-04T09:20:19+00:00\",\"dateModified\":\"2025-12-04T09:26:06+00:00\",\"mainEntityOfPage\":{\"@id\":\"https:\\\/\\\/darkamazi.site\\\/archives\\\/1035854\"},\"wordCount\":1005,\"publisher\":{\"@id\":\"https:\\\/\\\/darkamazi.site\\\/#organization\"},\"image\":{\"@id\":\"https:\\\/\\\/darkamazi.site\\\/archives\\\/1035854#primaryimage\"},\"thumbnailUrl\":\"https:\\\/\\\/darkamazi.site\\\/darka-content\\\/uploads\\\/2025\\\/12\\\/Numan-Kurtulmus.jpg\",\"keywords\":[\"\u00f6nemli\"],\"articleSection\":[\"uncategory\"],\"inLanguage\":\"en-US\"},{\"@type\":\"WebPage\",\"@id\":\"https:\\\/\\\/darkamazi.site\\\/archives\\\/1035854\",\"url\":\"https:\\\/\\\/darkamazi.site\\\/archives\\\/1035854\",\"name\":\"Numan Kurtulmu\u015f \u0130mral\u0131'n\u0131n taleplerini anlatt\u0131: K\u00fcrt\u00e7enin resmi dil olmas\u0131, anayas\u0131n\u0131n 4 maddesinin de\u011fi\u015fmesi y\u00f6n\u00fcnde istek yok - Darka Mazi\",\"isPartOf\":{\"@id\":\"https:\\\/\\\/darkamazi.site\\\/#website\"},\"primaryImageOfPage\":{\"@id\":\"https:\\\/\\\/darkamazi.site\\\/archives\\\/1035854#primaryimage\"},\"image\":{\"@id\":\"https:\\\/\\\/darkamazi.site\\\/archives\\\/1035854#primaryimage\"},\"thumbnailUrl\":\"https:\\\/\\\/darkamazi.site\\\/darka-content\\\/uploads\\\/2025\\\/12\\\/Numan-Kurtulmus.jpg\",\"datePublished\":\"2025-12-04T09:20:19+00:00\",\"dateModified\":\"2025-12-04T09:26:06+00:00\",\"breadcrumb\":{\"@id\":\"https:\\\/\\\/darkamazi.site\\\/archives\\\/1035854#breadcrumb\"},\"inLanguage\":\"en-US\",\"potentialAction\":[{\"@type\":\"ReadAction\",\"target\":[\"https:\\\/\\\/darkamazi.site\\\/archives\\\/1035854\"]}]},{\"@type\":\"ImageObject\",\"inLanguage\":\"en-US\",\"@id\":\"https:\\\/\\\/darkamazi.site\\\/archives\\\/1035854#primaryimage\",\"url\":\"https:\\\/\\\/darkamazi.site\\\/darka-content\\\/uploads\\\/2025\\\/12\\\/Numan-Kurtulmus.jpg\",\"contentUrl\":\"https:\\\/\\\/darkamazi.site\\\/darka-content\\\/uploads\\\/2025\\\/12\\\/Numan-Kurtulmus.jpg\",\"width\":900,\"height\":497,\"caption\":\"Numan Kurtulmu\u015f \u0130marl\u0131'n\u0131n taleplerini anlatt\u0131: K\u00fcrt\u00e7enin resmi dil olmas\u0131, anayas\u0131n\u0131n 4 maddesinin de\u011fi\u015fmesi y\u00f6n\u00fcnde istek yok\"},{\"@type\":\"BreadcrumbList\",\"@id\":\"https:\\\/\\\/darkamazi.site\\\/archives\\\/1035854#breadcrumb\",\"itemListElement\":[{\"@type\":\"ListItem\",\"position\":1,\"name\":\"Home\",\"item\":\"https:\\\/\\\/darkamazi.site\\\/\"},{\"@type\":\"ListItem\",\"position\":2,\"name\":\"Numan Kurtulmu\u015f \u0130mral\u0131&#8217;n\u0131n taleplerini anlatt\u0131: K\u00fcrt\u00e7enin resmi dil olmas\u0131, anayas\u0131n\u0131n 4 maddesinin de\u011fi\u015fmesi y\u00f6n\u00fcnde istek yok\"}]},{\"@type\":\"WebSite\",\"@id\":\"https:\\\/\\\/darkamazi.site\\\/#website\",\"url\":\"https:\\\/\\\/darkamazi.site\\\/\",\"name\":\"Darka Mazi\",\"description\":\"Ana Sayfa\",\"publisher\":{\"@id\":\"https:\\\/\\\/darkamazi.site\\\/#organization\"},\"potentialAction\":[{\"@type\":\"SearchAction\",\"target\":{\"@type\":\"EntryPoint\",\"urlTemplate\":\"https:\\\/\\\/darkamazi.site\\\/?s={search_term_string}\"},\"query-input\":{\"@type\":\"PropertyValueSpecification\",\"valueRequired\":true,\"valueName\":\"search_term_string\"}}],\"inLanguage\":\"en-US\"},{\"@type\":\"Organization\",\"@id\":\"https:\\\/\\\/darkamazi.site\\\/#organization\",\"name\":\"Darka Mazi T\u00fcrk\u00e7e\",\"alternateName\":\"Darka Mazi\",\"url\":\"https:\\\/\\\/darkamazi.site\\\/\",\"logo\":{\"@type\":\"ImageObject\",\"inLanguage\":\"en-US\",\"@id\":\"https:\\\/\\\/darkamazi.site\\\/#\\\/schema\\\/logo\\\/image\\\/\",\"url\":\"https:\\\/\\\/darkamazi.site\\\/darka-content\\\/uploads\\\/2017\\\/12\\\/darka-mazi-logo.png\",\"contentUrl\":\"https:\\\/\\\/darkamazi.site\\\/darka-content\\\/uploads\\\/2017\\\/12\\\/darka-mazi-logo.png\",\"width\":151,\"height\":75,\"caption\":\"Darka Mazi T\u00fcrk\u00e7e\"},\"image\":{\"@id\":\"https:\\\/\\\/darkamazi.site\\\/#\\\/schema\\\/logo\\\/image\\\/\"},\"sameAs\":[\"https:\\\/\\\/www.facebook.com\\\/DarkaMaziturkce\",\"https:\\\/\\\/x.com\\\/DarkaMaziTurkce\"]},{\"@type\":\"Person\",\"@id\":\"https:\\\/\\\/darkamazi.site\\\/#\\\/schema\\\/person\\\/67986a95ac546c16760365877ef4a9d3\",\"name\":\"darka mazi\",\"sameAs\":[\"https:\\\/\\\/darkamazi.site\"],\"url\":\"https:\\\/\\\/darkamazi.site\\\/archives\\\/author\\\/turkish\"}]}<\/script>\n<!-- \/ Yoast SEO plugin. -->","seo_head_json":{"title":"Numan Kurtulmu\u015f \u0130mral\u0131'n\u0131n taleplerini anlatt\u0131: K\u00fcrt\u00e7enin resmi dil olmas\u0131, anayas\u0131n\u0131n 4 maddesinin de\u011fi\u015fmesi y\u00f6n\u00fcnde istek yok - Darka Mazi","robots":{"index":"index","follow":"follow","max-snippet":"max-snippet:-1","max-image-preview":"max-image-preview:large","max-video-preview":"max-video-preview:-1"},"canonical":"https:\/\/darkamazi.site\/archives\/1035854","og_locale":"en_US","og_type":"article","og_title":"Numan Kurtulmu\u015f \u0130mral\u0131'n\u0131n taleplerini anlatt\u0131: K\u00fcrt\u00e7enin resmi dil olmas\u0131, anayas\u0131n\u0131n 4 maddesinin de\u011fi\u015fmesi y\u00f6n\u00fcnde istek yok - Darka Mazi","og_description":"\u00a0TBMM Ba\u015fkan\u0131 Kurtulmu\u015f, s\u00fcre\u00e7 komisyonundan \u00fc\u00e7 ki\u015filik heyetin \u0130mral\u0131\u2019ya gitmesine dair, \u201cKamuoyundan gizli kapakl\u0131 hi\u00e7bir \u015fey \u015fimdiye kadar yap\u0131lmad\u0131, bu g\u00f6r\u00fc\u015fme de gizli kalmayacakt\u0131r\u201d dedi. Kurtulmu\u015f, heyetin izlenimlerine g\u00f6re; federasyon, konfederasyon, ayr\u0131 bir devlet veya anayasan\u0131n ilk d\u00f6rt maddesinin tart\u0131\u015f\u0131lmas\u0131 gibi taleplerin g\u00fcndeme gelmedi\u011fini, K\u00fcrt\u00e7enin resmi dil olmas\u0131 y\u00f6n\u00fcnde bir iste\u011fin de bulunmad\u0131\u011f\u0131n\u0131 belirtti. TBMM [&hellip;]","og_url":"https:\/\/darkamazi.site\/archives\/1035854","og_site_name":"Darka Mazi","article_publisher":"https:\/\/www.facebook.com\/DarkaMaziturkce","article_published_time":"2025-12-04T09:20:19+00:00","article_modified_time":"2025-12-04T09:26:06+00:00","og_image":[{"width":900,"height":497,"url":"https:\/\/darkamazi.site\/file\/2025\/12\/Numan-Kurtulmus.jpg","type":"image\/jpeg"}],"author":"darka mazi","twitter_card":"summary_large_image","twitter_creator":"@DarkaMaziTurkce","twitter_site":"@DarkaMaziTurkce","twitter_misc":{"Written by":"darka mazi","Est. reading time":"4 minutes"},"schema":{"@context":"https:\/\/schema.org","@graph":[{"@type":"NewsArticle","@id":"https:\/\/darkamazi.site\/archives\/1035854#article","isPartOf":{"@id":"https:\/\/darkamazi.site\/archives\/1035854"},"author":{"name":"darka mazi","@id":"https:\/\/darkamazi.site\/#\/schema\/person\/67986a95ac546c16760365877ef4a9d3"},"headline":"Numan Kurtulmu\u015f \u0130mral\u0131&#8217;n\u0131n taleplerini anlatt\u0131: K\u00fcrt\u00e7enin resmi dil olmas\u0131, anayas\u0131n\u0131n 4 maddesinin de\u011fi\u015fmesi y\u00f6n\u00fcnde istek yok","datePublished":"2025-12-04T09:20:19+00:00","dateModified":"2025-12-04T09:26:06+00:00","mainEntityOfPage":{"@id":"https:\/\/darkamazi.site\/archives\/1035854"},"wordCount":1005,"publisher":{"@id":"https:\/\/darkamazi.site\/#organization"},"image":{"@id":"https:\/\/darkamazi.site\/archives\/1035854#primaryimage"},"thumbnailUrl":"https:\/\/darkamazi.site\/file\/2025\/12\/Numan-Kurtulmus.jpg","keywords":["\u00f6nemli"],"articleSection":["uncategory"],"inLanguage":"en-US"},{"@type":"WebPage","@id":"https:\/\/darkamazi.site\/archives\/1035854","url":"https:\/\/darkamazi.site\/archives\/1035854","name":"Numan Kurtulmu\u015f \u0130mral\u0131'n\u0131n taleplerini anlatt\u0131: K\u00fcrt\u00e7enin resmi dil olmas\u0131, anayas\u0131n\u0131n 4 maddesinin de\u011fi\u015fmesi y\u00f6n\u00fcnde istek yok - Darka Mazi","isPartOf":{"@id":"https:\/\/darkamazi.site\/#website"},"primaryImageOfPage":{"@id":"https:\/\/darkamazi.site\/archives\/1035854#primaryimage"},"image":{"@id":"https:\/\/darkamazi.site\/archives\/1035854#primaryimage"},"thumbnailUrl":"https:\/\/darkamazi.site\/file\/2025\/12\/Numan-Kurtulmus.jpg","datePublished":"2025-12-04T09:20:19+00:00","dateModified":"2025-12-04T09:26:06+00:00","breadcrumb":{"@id":"https:\/\/darkamazi.site\/archives\/1035854#breadcrumb"},"inLanguage":"en-US","potentialAction":[{"@type":"ReadAction","target":["https:\/\/darkamazi.site\/archives\/1035854"]}]},{"@type":"ImageObject","inLanguage":"en-US","@id":"https:\/\/darkamazi.site\/archives\/1035854#primaryimage","url":"https:\/\/darkamazi.site\/file\/2025\/12\/Numan-Kurtulmus.jpg","contentUrl":"https:\/\/darkamazi.site\/file\/2025\/12\/Numan-Kurtulmus.jpg","width":900,"height":497,"caption":"Numan Kurtulmu\u015f \u0130marl\u0131'n\u0131n taleplerini anlatt\u0131: K\u00fcrt\u00e7enin resmi dil olmas\u0131, anayas\u0131n\u0131n 4 maddesinin de\u011fi\u015fmesi y\u00f6n\u00fcnde istek yok"},{"@type":"BreadcrumbList","@id":"https:\/\/darkamazi.site\/archives\/1035854#breadcrumb","itemListElement":[{"@type":"ListItem","position":1,"name":"Home","item":"https:\/\/darkamazi.site\/"},{"@type":"ListItem","position":2,"name":"Numan Kurtulmu\u015f \u0130mral\u0131&#8217;n\u0131n taleplerini anlatt\u0131: K\u00fcrt\u00e7enin resmi dil olmas\u0131, anayas\u0131n\u0131n 4 maddesinin de\u011fi\u015fmesi y\u00f6n\u00fcnde istek yok"}]},{"@type":"WebSite","@id":"https:\/\/darkamazi.site\/#website","url":"https:\/\/darkamazi.site\/","name":"Darka Mazi","description":"Ana Sayfa","publisher":{"@id":"https:\/\/darkamazi.site\/#organization"},"potentialAction":[{"@type":"SearchAction","target":{"@type":"EntryPoint","urlTemplate":"https:\/\/darkamazi.site\/?s={search_term_string}"},"query-input":{"@type":"PropertyValueSpecification","valueRequired":true,"valueName":"search_term_string"}}],"inLanguage":"en-US"},{"@type":"Organization","@id":"https:\/\/darkamazi.site\/#organization","name":"Darka Mazi T\u00fcrk\u00e7e","alternateName":"Darka Mazi","url":"https:\/\/darkamazi.site\/","logo":{"@type":"ImageObject","inLanguage":"en-US","@id":"https:\/\/darkamazi.site\/#\/schema\/logo\/image\/","url":"https:\/\/darkamazi.site\/file\/2017\/12\/darka-mazi-logo.png","contentUrl":"https:\/\/darkamazi.site\/file\/2017\/12\/darka-mazi-logo.png","width":151,"height":75,"caption":"Darka Mazi T\u00fcrk\u00e7e"},"image":{"@id":"https:\/\/darkamazi.site\/#\/schema\/logo\/image\/"},"sameAs":["https:\/\/www.facebook.com\/DarkaMaziturkce","https:\/\/x.com\/DarkaMaziTurkce"]},{"@type":"Person","@id":"https:\/\/darkamazi.site\/#\/schema\/person\/67986a95ac546c16760365877ef4a9d3","name":"darka mazi","sameAs":["https:\/\/darkamazi.site"],"url":"https:\/\/darkamazi.site\/archives\/author\/turkish"}]}},"_links":{"self":[{"href":"https:\/\/darkamazi.site\/funavuv\/wp\/v2\/posts\/1035854","targetHints":{"allow":["GET"]}}],"collection":[{"href":"https:\/\/darkamazi.site\/funavuv\/wp\/v2\/posts"}],"about":[{"href":"https:\/\/darkamazi.site\/funavuv\/wp\/v2\/types\/post"}],"author":[{"embeddable":true,"href":"https:\/\/darkamazi.site\/funavuv\/wp\/v2\/users\/2"}],"replies":[{"embeddable":true,"href":"https:\/\/darkamazi.site\/funavuv\/wp\/v2\/comments?post=1035854"}],"version-history":[{"count":0,"href":"https:\/\/darkamazi.site\/funavuv\/wp\/v2\/posts\/1035854\/revisions"}],"wp:featuredmedia":[{"embeddable":true,"href":"https:\/\/darkamazi.site\/funavuv\/wp\/v2\/media\/1035855"}],"wp:attachment":[{"href":"https:\/\/darkamazi.site\/funavuv\/wp\/v2\/media?parent=1035854"}],"wp:term":[{"taxonomy":"category","embeddable":true,"href":"https:\/\/darkamazi.site\/funavuv\/wp\/v2\/categories?post=1035854"},{"taxonomy":"post_tag","embeddable":true,"href":"https:\/\/darkamazi.site\/funavuv\/wp\/v2\/tags?post=1035854"}],"curies":[{"name":"wp","href":"https:\/\/api.w.org\/{rel}","templated":true}]}}