{"id":1035859,"date":"2025-12-04T15:24:06","date_gmt":"2025-12-04T12:24:06","guid":{"rendered":"https:\/\/darkamazi.site\/?p=1035859"},"modified":"2025-12-04T15:24:06","modified_gmt":"2025-12-04T12:24:06","slug":"irak-baskilara-dayanamadi-geri-adim-atti-hizbullah-ve-husilerin-ismi-yanlislikla-teror-listesine-alindi","status":"publish","type":"post","link":"https:\/\/darkamazi.site\/archives\/1035859","title":{"rendered":"Irak bask\u0131lara dayanamad\u0131, geri ad\u0131m att\u0131: &#8220;Hizbullah ve Husilerin ismi yanl\u0131\u015fl\u0131kla ter\u00f6r listesine al\u0131nd\u0131&#8221;"},"content":{"rendered":"<p style=\"text-align: justify\">Irak h\u00fck\u00fcmeti, sabah saatlerinde Resmi Gazete&#8217;de yay\u0131mlanan ve L\u00fcbnan Hizbullah\u0131 ile Yemen&#8217;deki Husi Hareketi&#8217;ni &#8220;ter\u00f6r \u00f6rg\u00fct\u00fc&#8221; olarak tan\u0131mlayan karar\u0131n\u0131 d\u00fczeltti. H\u00fck\u00fcmet, isimlerin listeye &#8220;sehven&#8221; eklendi\u011fini belirterek \u00e7\u0131kar\u0131lmas\u0131 talimat\u0131n\u0131 verdi. Irak&#8217;\u0131n geri ad\u0131m atmas\u0131 \u015eii cephenin bask\u0131lar\u0131 kar\u015f\u0131s\u0131nda geri ad\u0131m atmak olarak de\u011ferlendirildi.<\/p>\n<p style=\"text-align: justify\">Irak Merkez Bankas\u0131 Ter\u00f6rist Varl\u0131klar\u0131n\u0131 Dondurma Komitesi Ba\u015fkan\u0131 Ammar Hamad Halef, Bakanlar Kurulu Genel Sekreterli\u011fi&#8217;ne g\u00f6nderdi\u011fi &#8220;gizli ve \u00e7ok ivedi&#8221; ibareli yaz\u0131da, Hizbullah ve Husilerin listeden \u00e7\u0131kar\u0131lmas\u0131n\u0131 talep etti.<\/p>\n<p style=\"text-align: justify\">R\u00fbdaw&#8217;\u0131n ula\u015ft\u0131\u011f\u0131 belgede, &#8220;Komitemiz bu olu\u015fumlar\u0131n (Hizbullah ve Husiler) mal varl\u0131klar\u0131n\u0131n dondurulmas\u0131na onay vermemi\u015ftir. \u0130simlerin taslak metinde sehven yay\u0131mland\u0131\u011f\u0131 anla\u015f\u0131lmaktad\u0131r&#8221; ifadeleri yer ald\u0131.<\/p>\n<p style=\"text-align: justify\"><strong>&#8220;\u0130simler sehven eklendi&#8221;<\/strong><\/p>\n<p style=\"text-align: justify\">Komite Ba\u015fkan\u0131 Halef, Resmi Gazete&#8217;nin 4848 say\u0131l\u0131 n\u00fcshas\u0131nda yer alan karar\u0131n 18 ve 19. maddelerinin (Hizbullah ve Husiler) iptal edilmesini istedi.<\/p>\n<p style=\"text-align: justify\">Yap\u0131lan a\u00e7\u0131klamada, &#8220;Liste, I\u015e\u0130D ve El Kaide ile ba\u011flant\u0131l\u0131 ki\u015fi ve kurulu\u015flar\u0131 kapsamaktad\u0131r. Di\u011fer isimlerin listeye girmesi, metnin incelenmeden yay\u0131mlanmas\u0131ndan kaynaklanm\u0131\u015ft\u0131r. Hata d\u00fczeltilecek ve bu iki olu\u015fum listeden \u00e7\u0131kar\u0131lacakt\u0131r&#8221; denildi.<\/p>\n<p style=\"text-align: justify\">S\u00f6z konusu karar\u0131n Malezya&#8217;n\u0131n talebi ve BM G\u00fcvenlik Konseyi&#8217;nin 1373 say\u0131l\u0131 karar\u0131 (2001) \u00e7er\u00e7evesinde al\u0131nd\u0131\u011f\u0131 belirtildi.<\/p>\n<p style=\"text-align: justify\"><strong>Ne olmu\u015ftu?<\/strong><\/p>\n<p style=\"text-align: justify\">Bug\u00fcn yay\u0131mlanan Resmi Gazete&#8217;de, Hizbullah ve Husilerin ter\u00f6r listesine al\u0131nd\u0131\u011f\u0131 ve mal varl\u0131klar\u0131n\u0131n donduruldu\u011fu duyurulmu\u015ftu.<\/p>\n<p style=\"text-align: justify\">Ayr\u0131ca kararda, Suriye&#8217;nin yeni Cumhurba\u015fkan\u0131 Ahmed \u015eara&#8217;n\u0131n (Eski ad\u0131yla Ebu Muhammed el-Colani) ismi de g\u00fcncellenmi\u015fti.<\/p>\n<p style=\"text-align: justify\">Bu karar, \u00f6zellikle \u0130ran&#8217;a yak\u0131n \u015eii siyasi \u00e7evrelerde b\u00fcy\u00fck tepki \u00e7ekmi\u015fti. Ha\u015fdi \u015eabi&#8217;ye yak\u0131n milletvekili Mustafa Sanad, karar\u0131 &#8220;utan\u00e7 verici&#8221; olarak nitelendirmi\u015f ve Ba\u015fbakan Sudani&#8217;yi sert bir dille ele\u015ftirmi\u015fti.<\/p>\n<p style=\"text-align: justify\"><strong>He\u015fdi \u015eabi&#8217;ye yak\u0131n vekilden sert tepki: &#8220;Utan\u00e7 verici&#8221;<\/strong><\/p>\n<p style=\"text-align: justify\">Irak&#8217;\u0131n bu karar\u0131, \u0130ran&#8217;a yak\u0131n siyasi \u00e7evrelerde tepkiyle kar\u015f\u0131land\u0131. He\u015fdi \u015eabi&#8217;ye yak\u0131nl\u0131\u011f\u0131yla bilinen milletvekili Mustafa Sanad, karar\u0131 &#8220;utan\u00e7 verici&#8221; olarak nitelendirdi.<\/p>\n<p style=\"text-align: justify\">Sanad, sosyal medya hesab\u0131ndan yapt\u0131\u011f\u0131 a\u00e7\u0131klamada, &#8220;Maalesef Irak, Husileri ve Hizbullah&#8217;\u0131 ter\u00f6r \u00f6rg\u00fct\u00fc olarak s\u0131n\u0131fland\u0131r\u0131rken, Ba\u015fbakan Sudani (ABD Ba\u015fkan\u0131) Trump&#8217;\u0131 Nobel Bar\u0131\u015f \u00d6d\u00fcl\u00fc&#8217;ne aday g\u00f6steriyor. Bu sizin i\u00e7in bir utan\u00e7t\u0131r. Bir\u00e7ok Arap \u00fclkesi bile b\u00f6yle bir \u015fey yapmad\u0131&#8221; ifadelerini kulland\u0131.<\/p>\n<p style=\"text-align: justify\">Sanad ayr\u0131ca, Ba\u015fbakan Muhammed \u015eiya es-Sudani&#8217;nin iki y\u0131l \u00f6nce Arap Birli\u011fi Zirvesi&#8217;ndeki direni\u015f yanl\u0131s\u0131 konu\u015fmalar\u0131n\u0131n &#8220;bo\u015f laf&#8221; oldu\u011funu savundu.<\/p>\n<p style=\"text-align: justify\"><strong>Trump-Sudani yak\u0131nla\u015fmas\u0131<\/strong><\/p>\n<p style=\"text-align: justify\">Geli\u015fmeler, ABD Ba\u015fkan\u0131 Donald Trump&#8217;\u0131n Irak Ba\u015fbakan\u0131 Muhammed \u015eiya es-Sudani taraf\u0131ndan Nobel Bar\u0131\u015f \u00d6d\u00fcl\u00fc&#8217;ne aday g\u00f6sterildi\u011fini a\u00e7\u0131klamas\u0131n\u0131n hemen ard\u0131ndan ya\u015fand\u0131.<\/p>\n<p style=\"text-align: justify\">Trump, Sudani&#8217;ye te\u015fekk\u00fcr ederken, Sudani de &#8220;dostluk&#8221; mesaj\u0131 vermi\u015fti.<\/p>\n","protected":false},"excerpt":{"rendered":"<p>Irak h\u00fck\u00fcmeti, sabah saatlerinde Resmi Gazete&#8217;de yay\u0131mlanan ve L\u00fcbnan Hizbullah\u0131 ile Yemen&#8217;deki Husi Hareketi&#8217;ni &#8220;ter\u00f6r \u00f6rg\u00fct\u00fc&#8221; olarak tan\u0131mlayan karar\u0131n\u0131 d\u00fczeltti. H\u00fck\u00fcmet, isimlerin listeye &#8220;sehven&#8221; eklendi\u011fini belirterek \u00e7\u0131kar\u0131lmas\u0131 talimat\u0131n\u0131 verdi. Irak&#8217;\u0131n geri ad\u0131m atmas\u0131 \u015eii cephenin bask\u0131lar\u0131 kar\u015f\u0131s\u0131nda geri ad\u0131m atmak olarak de\u011ferlendirildi. Irak Merkez Bankas\u0131 Ter\u00f6rist Varl\u0131klar\u0131n\u0131 Dondurma Komitesi Ba\u015fkan\u0131 Ammar Hamad Halef, Bakanlar Kurulu [&hellip;]<\/p>\n","protected":false},"author":2,"featured_media":1035860,"comment_status":"closed","ping_status":"closed","sticky":false,"template":"","format":"standard","meta":{"footnotes":""},"categories":[3],"tags":[],"class_list":["post-1035859","post","type-post","status-publish","format-standard","has-post-thumbnail","hentry","category-kurdistan"],"blocksy_meta":[],"seo_head":"<!-- This site is optimized with the Yoast SEO plugin v27.5 - https:\/\/yoast.com\/product\/yoast-seo-wordpress\/ -->\n<title>Irak bask\u0131lara dayanamad\u0131, geri ad\u0131m att\u0131: &quot;Hizbullah ve Husilerin ismi yanl\u0131\u015fl\u0131kla ter\u00f6r listesine al\u0131nd\u0131&quot; - Darka Mazi<\/title>\n<meta name=\"robots\" content=\"index, follow, max-snippet:-1, max-image-preview:large, max-video-preview:-1\" \/>\n<link rel=\"canonical\" href=\"https:\/\/darkamazi.site\/archives\/1035859\" \/>\n<meta property=\"og:locale\" content=\"en_US\" \/>\n<meta property=\"og:type\" content=\"article\" \/>\n<meta property=\"og:title\" content=\"Irak bask\u0131lara dayanamad\u0131, geri ad\u0131m att\u0131: &quot;Hizbullah ve Husilerin ismi yanl\u0131\u015fl\u0131kla ter\u00f6r listesine al\u0131nd\u0131&quot; - Darka Mazi\" \/>\n<meta property=\"og:description\" content=\"Irak h\u00fck\u00fcmeti, sabah saatlerinde Resmi Gazete&#8217;de yay\u0131mlanan ve L\u00fcbnan Hizbullah\u0131 ile Yemen&#8217;deki Husi Hareketi&#8217;ni &#8220;ter\u00f6r \u00f6rg\u00fct\u00fc&#8221; olarak tan\u0131mlayan karar\u0131n\u0131 d\u00fczeltti. H\u00fck\u00fcmet, isimlerin listeye &#8220;sehven&#8221; eklendi\u011fini belirterek \u00e7\u0131kar\u0131lmas\u0131 talimat\u0131n\u0131 verdi. Irak&#8217;\u0131n geri ad\u0131m atmas\u0131 \u015eii cephenin bask\u0131lar\u0131 kar\u015f\u0131s\u0131nda geri ad\u0131m atmak olarak de\u011ferlendirildi. Irak Merkez Bankas\u0131 Ter\u00f6rist Varl\u0131klar\u0131n\u0131 Dondurma Komitesi Ba\u015fkan\u0131 Ammar Hamad Halef, Bakanlar Kurulu [&hellip;]\" \/>\n<meta property=\"og:url\" content=\"https:\/\/darkamazi.site\/archives\/1035859\" \/>\n<meta property=\"og:site_name\" content=\"Darka Mazi\" \/>\n<meta property=\"article:publisher\" content=\"https:\/\/www.facebook.com\/DarkaMaziturkce\" \/>\n<meta property=\"article:published_time\" content=\"2025-12-04T12:24:06+00:00\" \/>\n<meta property=\"og:image\" content=\"https:\/\/darkamazi.site\/file\/2025\/12\/Irak-Hizbullah.jpg\" \/>\n\t<meta property=\"og:image:width\" content=\"710\" \/>\n\t<meta property=\"og:image:height\" content=\"422\" \/>\n\t<meta property=\"og:image:type\" content=\"image\/jpeg\" \/>\n<meta name=\"author\" content=\"darka mazi\" \/>\n<meta name=\"twitter:card\" content=\"summary_large_image\" \/>\n<meta name=\"twitter:creator\" content=\"@DarkaMaziTurkce\" \/>\n<meta name=\"twitter:site\" content=\"@DarkaMaziTurkce\" \/>\n<meta name=\"twitter:label1\" content=\"Written by\" \/>\n\t<meta name=\"twitter:data1\" content=\"darka mazi\" \/>\n\t<meta name=\"twitter:label2\" content=\"Est. reading time\" \/>\n\t<meta name=\"twitter:data2\" content=\"2 minutes\" \/>\n<script type=\"application\/ld+json\" class=\"seo-schema-graph\">{\"@context\":\"https:\\\/\\\/schema.org\",\"@graph\":[{\"@type\":\"NewsArticle\",\"@id\":\"https:\\\/\\\/darkamazi.site\\\/archives\\\/1035859#article\",\"isPartOf\":{\"@id\":\"https:\\\/\\\/darkamazi.site\\\/archives\\\/1035859\"},\"author\":{\"name\":\"darka mazi\",\"@id\":\"https:\\\/\\\/darkamazi.site\\\/#\\\/schema\\\/person\\\/67986a95ac546c16760365877ef4a9d3\"},\"headline\":\"Irak bask\u0131lara dayanamad\u0131, geri ad\u0131m att\u0131: &#8220;Hizbullah ve Husilerin ismi yanl\u0131\u015fl\u0131kla ter\u00f6r listesine al\u0131nd\u0131&#8221;\",\"datePublished\":\"2025-12-04T12:24:06+00:00\",\"mainEntityOfPage\":{\"@id\":\"https:\\\/\\\/darkamazi.site\\\/archives\\\/1035859\"},\"wordCount\":530,\"publisher\":{\"@id\":\"https:\\\/\\\/darkamazi.site\\\/#organization\"},\"image\":{\"@id\":\"https:\\\/\\\/darkamazi.site\\\/archives\\\/1035859#primaryimage\"},\"thumbnailUrl\":\"https:\\\/\\\/darkamazi.site\\\/darka-content\\\/uploads\\\/2025\\\/12\\\/Irak-Hizbullah.jpg\",\"articleSection\":[\"Kurdistan\"],\"inLanguage\":\"en-US\"},{\"@type\":\"WebPage\",\"@id\":\"https:\\\/\\\/darkamazi.site\\\/archives\\\/1035859\",\"url\":\"https:\\\/\\\/darkamazi.site\\\/archives\\\/1035859\",\"name\":\"Irak bask\u0131lara dayanamad\u0131, geri ad\u0131m att\u0131: \\\"Hizbullah ve Husilerin ismi yanl\u0131\u015fl\u0131kla ter\u00f6r listesine al\u0131nd\u0131\\\" - Darka Mazi\",\"isPartOf\":{\"@id\":\"https:\\\/\\\/darkamazi.site\\\/#website\"},\"primaryImageOfPage\":{\"@id\":\"https:\\\/\\\/darkamazi.site\\\/archives\\\/1035859#primaryimage\"},\"image\":{\"@id\":\"https:\\\/\\\/darkamazi.site\\\/archives\\\/1035859#primaryimage\"},\"thumbnailUrl\":\"https:\\\/\\\/darkamazi.site\\\/darka-content\\\/uploads\\\/2025\\\/12\\\/Irak-Hizbullah.jpg\",\"datePublished\":\"2025-12-04T12:24:06+00:00\",\"breadcrumb\":{\"@id\":\"https:\\\/\\\/darkamazi.site\\\/archives\\\/1035859#breadcrumb\"},\"inLanguage\":\"en-US\",\"potentialAction\":[{\"@type\":\"ReadAction\",\"target\":[\"https:\\\/\\\/darkamazi.site\\\/archives\\\/1035859\"]}]},{\"@type\":\"ImageObject\",\"inLanguage\":\"en-US\",\"@id\":\"https:\\\/\\\/darkamazi.site\\\/archives\\\/1035859#primaryimage\",\"url\":\"https:\\\/\\\/darkamazi.site\\\/darka-content\\\/uploads\\\/2025\\\/12\\\/Irak-Hizbullah.jpg\",\"contentUrl\":\"https:\\\/\\\/darkamazi.site\\\/darka-content\\\/uploads\\\/2025\\\/12\\\/Irak-Hizbullah.jpg\",\"width\":710,\"height\":422,\"caption\":\"Hizbullah ve Husilerin ismi yanl\u0131\u015fl\u0131kla ter\u00f6r listesine al\u0131nd\u0131\u2019\"},{\"@type\":\"BreadcrumbList\",\"@id\":\"https:\\\/\\\/darkamazi.site\\\/archives\\\/1035859#breadcrumb\",\"itemListElement\":[{\"@type\":\"ListItem\",\"position\":1,\"name\":\"Home\",\"item\":\"https:\\\/\\\/darkamazi.site\\\/\"},{\"@type\":\"ListItem\",\"position\":2,\"name\":\"Irak bask\u0131lara dayanamad\u0131, geri ad\u0131m att\u0131: &#8220;Hizbullah ve Husilerin ismi yanl\u0131\u015fl\u0131kla ter\u00f6r listesine al\u0131nd\u0131&#8221;\"}]},{\"@type\":\"WebSite\",\"@id\":\"https:\\\/\\\/darkamazi.site\\\/#website\",\"url\":\"https:\\\/\\\/darkamazi.site\\\/\",\"name\":\"Darka Mazi\",\"description\":\"Ana Sayfa\",\"publisher\":{\"@id\":\"https:\\\/\\\/darkamazi.site\\\/#organization\"},\"potentialAction\":[{\"@type\":\"SearchAction\",\"target\":{\"@type\":\"EntryPoint\",\"urlTemplate\":\"https:\\\/\\\/darkamazi.site\\\/?s={search_term_string}\"},\"query-input\":{\"@type\":\"PropertyValueSpecification\",\"valueRequired\":true,\"valueName\":\"search_term_string\"}}],\"inLanguage\":\"en-US\"},{\"@type\":\"Organization\",\"@id\":\"https:\\\/\\\/darkamazi.site\\\/#organization\",\"name\":\"Darka Mazi T\u00fcrk\u00e7e\",\"alternateName\":\"Darka Mazi\",\"url\":\"https:\\\/\\\/darkamazi.site\\\/\",\"logo\":{\"@type\":\"ImageObject\",\"inLanguage\":\"en-US\",\"@id\":\"https:\\\/\\\/darkamazi.site\\\/#\\\/schema\\\/logo\\\/image\\\/\",\"url\":\"https:\\\/\\\/darkamazi.site\\\/darka-content\\\/uploads\\\/2017\\\/12\\\/darka-mazi-logo.png\",\"contentUrl\":\"https:\\\/\\\/darkamazi.site\\\/darka-content\\\/uploads\\\/2017\\\/12\\\/darka-mazi-logo.png\",\"width\":151,\"height\":75,\"caption\":\"Darka Mazi T\u00fcrk\u00e7e\"},\"image\":{\"@id\":\"https:\\\/\\\/darkamazi.site\\\/#\\\/schema\\\/logo\\\/image\\\/\"},\"sameAs\":[\"https:\\\/\\\/www.facebook.com\\\/DarkaMaziturkce\",\"https:\\\/\\\/x.com\\\/DarkaMaziTurkce\"]},{\"@type\":\"Person\",\"@id\":\"https:\\\/\\\/darkamazi.site\\\/#\\\/schema\\\/person\\\/67986a95ac546c16760365877ef4a9d3\",\"name\":\"darka mazi\",\"sameAs\":[\"https:\\\/\\\/darkamazi.site\"],\"url\":\"https:\\\/\\\/darkamazi.site\\\/archives\\\/author\\\/turkish\"}]}<\/script>\n<!-- \/ Yoast SEO plugin. -->","seo_head_json":{"title":"Irak bask\u0131lara dayanamad\u0131, geri ad\u0131m att\u0131: \"Hizbullah ve Husilerin ismi yanl\u0131\u015fl\u0131kla ter\u00f6r listesine al\u0131nd\u0131\" - Darka Mazi","robots":{"index":"index","follow":"follow","max-snippet":"max-snippet:-1","max-image-preview":"max-image-preview:large","max-video-preview":"max-video-preview:-1"},"canonical":"https:\/\/darkamazi.site\/archives\/1035859","og_locale":"en_US","og_type":"article","og_title":"Irak bask\u0131lara dayanamad\u0131, geri ad\u0131m att\u0131: \"Hizbullah ve Husilerin ismi yanl\u0131\u015fl\u0131kla ter\u00f6r listesine al\u0131nd\u0131\" - Darka Mazi","og_description":"Irak h\u00fck\u00fcmeti, sabah saatlerinde Resmi Gazete&#8217;de yay\u0131mlanan ve L\u00fcbnan Hizbullah\u0131 ile Yemen&#8217;deki Husi Hareketi&#8217;ni &#8220;ter\u00f6r \u00f6rg\u00fct\u00fc&#8221; olarak tan\u0131mlayan karar\u0131n\u0131 d\u00fczeltti. H\u00fck\u00fcmet, isimlerin listeye &#8220;sehven&#8221; eklendi\u011fini belirterek \u00e7\u0131kar\u0131lmas\u0131 talimat\u0131n\u0131 verdi. Irak&#8217;\u0131n geri ad\u0131m atmas\u0131 \u015eii cephenin bask\u0131lar\u0131 kar\u015f\u0131s\u0131nda geri ad\u0131m atmak olarak de\u011ferlendirildi. Irak Merkez Bankas\u0131 Ter\u00f6rist Varl\u0131klar\u0131n\u0131 Dondurma Komitesi Ba\u015fkan\u0131 Ammar Hamad Halef, Bakanlar Kurulu [&hellip;]","og_url":"https:\/\/darkamazi.site\/archives\/1035859","og_site_name":"Darka Mazi","article_publisher":"https:\/\/www.facebook.com\/DarkaMaziturkce","article_published_time":"2025-12-04T12:24:06+00:00","og_image":[{"width":710,"height":422,"url":"https:\/\/darkamazi.site\/file\/2025\/12\/Irak-Hizbullah.jpg","type":"image\/jpeg"}],"author":"darka mazi","twitter_card":"summary_large_image","twitter_creator":"@DarkaMaziTurkce","twitter_site":"@DarkaMaziTurkce","twitter_misc":{"Written by":"darka mazi","Est. reading time":"2 minutes"},"schema":{"@context":"https:\/\/schema.org","@graph":[{"@type":"NewsArticle","@id":"https:\/\/darkamazi.site\/archives\/1035859#article","isPartOf":{"@id":"https:\/\/darkamazi.site\/archives\/1035859"},"author":{"name":"darka mazi","@id":"https:\/\/darkamazi.site\/#\/schema\/person\/67986a95ac546c16760365877ef4a9d3"},"headline":"Irak bask\u0131lara dayanamad\u0131, geri ad\u0131m att\u0131: &#8220;Hizbullah ve Husilerin ismi yanl\u0131\u015fl\u0131kla ter\u00f6r listesine al\u0131nd\u0131&#8221;","datePublished":"2025-12-04T12:24:06+00:00","mainEntityOfPage":{"@id":"https:\/\/darkamazi.site\/archives\/1035859"},"wordCount":530,"publisher":{"@id":"https:\/\/darkamazi.site\/#organization"},"image":{"@id":"https:\/\/darkamazi.site\/archives\/1035859#primaryimage"},"thumbnailUrl":"https:\/\/darkamazi.site\/file\/2025\/12\/Irak-Hizbullah.jpg","articleSection":["Kurdistan"],"inLanguage":"en-US"},{"@type":"WebPage","@id":"https:\/\/darkamazi.site\/archives\/1035859","url":"https:\/\/darkamazi.site\/archives\/1035859","name":"Irak bask\u0131lara dayanamad\u0131, geri ad\u0131m att\u0131: \"Hizbullah ve Husilerin ismi yanl\u0131\u015fl\u0131kla ter\u00f6r listesine al\u0131nd\u0131\" - Darka Mazi","isPartOf":{"@id":"https:\/\/darkamazi.site\/#website"},"primaryImageOfPage":{"@id":"https:\/\/darkamazi.site\/archives\/1035859#primaryimage"},"image":{"@id":"https:\/\/darkamazi.site\/archives\/1035859#primaryimage"},"thumbnailUrl":"https:\/\/darkamazi.site\/file\/2025\/12\/Irak-Hizbullah.jpg","datePublished":"2025-12-04T12:24:06+00:00","breadcrumb":{"@id":"https:\/\/darkamazi.site\/archives\/1035859#breadcrumb"},"inLanguage":"en-US","potentialAction":[{"@type":"ReadAction","target":["https:\/\/darkamazi.site\/archives\/1035859"]}]},{"@type":"ImageObject","inLanguage":"en-US","@id":"https:\/\/darkamazi.site\/archives\/1035859#primaryimage","url":"https:\/\/darkamazi.site\/file\/2025\/12\/Irak-Hizbullah.jpg","contentUrl":"https:\/\/darkamazi.site\/file\/2025\/12\/Irak-Hizbullah.jpg","width":710,"height":422,"caption":"Hizbullah ve Husilerin ismi yanl\u0131\u015fl\u0131kla ter\u00f6r listesine al\u0131nd\u0131\u2019"},{"@type":"BreadcrumbList","@id":"https:\/\/darkamazi.site\/archives\/1035859#breadcrumb","itemListElement":[{"@type":"ListItem","position":1,"name":"Home","item":"https:\/\/darkamazi.site\/"},{"@type":"ListItem","position":2,"name":"Irak bask\u0131lara dayanamad\u0131, geri ad\u0131m att\u0131: &#8220;Hizbullah ve Husilerin ismi yanl\u0131\u015fl\u0131kla ter\u00f6r listesine al\u0131nd\u0131&#8221;"}]},{"@type":"WebSite","@id":"https:\/\/darkamazi.site\/#website","url":"https:\/\/darkamazi.site\/","name":"Darka Mazi","description":"Ana Sayfa","publisher":{"@id":"https:\/\/darkamazi.site\/#organization"},"potentialAction":[{"@type":"SearchAction","target":{"@type":"EntryPoint","urlTemplate":"https:\/\/darkamazi.site\/?s={search_term_string}"},"query-input":{"@type":"PropertyValueSpecification","valueRequired":true,"valueName":"search_term_string"}}],"inLanguage":"en-US"},{"@type":"Organization","@id":"https:\/\/darkamazi.site\/#organization","name":"Darka Mazi T\u00fcrk\u00e7e","alternateName":"Darka Mazi","url":"https:\/\/darkamazi.site\/","logo":{"@type":"ImageObject","inLanguage":"en-US","@id":"https:\/\/darkamazi.site\/#\/schema\/logo\/image\/","url":"https:\/\/darkamazi.site\/file\/2017\/12\/darka-mazi-logo.png","contentUrl":"https:\/\/darkamazi.site\/file\/2017\/12\/darka-mazi-logo.png","width":151,"height":75,"caption":"Darka Mazi T\u00fcrk\u00e7e"},"image":{"@id":"https:\/\/darkamazi.site\/#\/schema\/logo\/image\/"},"sameAs":["https:\/\/www.facebook.com\/DarkaMaziturkce","https:\/\/x.com\/DarkaMaziTurkce"]},{"@type":"Person","@id":"https:\/\/darkamazi.site\/#\/schema\/person\/67986a95ac546c16760365877ef4a9d3","name":"darka mazi","sameAs":["https:\/\/darkamazi.site"],"url":"https:\/\/darkamazi.site\/archives\/author\/turkish"}]}},"_links":{"self":[{"href":"https:\/\/darkamazi.site\/funavuv\/wp\/v2\/posts\/1035859","targetHints":{"allow":["GET"]}}],"collection":[{"href":"https:\/\/darkamazi.site\/funavuv\/wp\/v2\/posts"}],"about":[{"href":"https:\/\/darkamazi.site\/funavuv\/wp\/v2\/types\/post"}],"author":[{"embeddable":true,"href":"https:\/\/darkamazi.site\/funavuv\/wp\/v2\/users\/2"}],"replies":[{"embeddable":true,"href":"https:\/\/darkamazi.site\/funavuv\/wp\/v2\/comments?post=1035859"}],"version-history":[{"count":0,"href":"https:\/\/darkamazi.site\/funavuv\/wp\/v2\/posts\/1035859\/revisions"}],"wp:featuredmedia":[{"embeddable":true,"href":"https:\/\/darkamazi.site\/funavuv\/wp\/v2\/media\/1035860"}],"wp:attachment":[{"href":"https:\/\/darkamazi.site\/funavuv\/wp\/v2\/media?parent=1035859"}],"wp:term":[{"taxonomy":"category","embeddable":true,"href":"https:\/\/darkamazi.site\/funavuv\/wp\/v2\/categories?post=1035859"},{"taxonomy":"post_tag","embeddable":true,"href":"https:\/\/darkamazi.site\/funavuv\/wp\/v2\/tags?post=1035859"}],"curies":[{"name":"wp","href":"https:\/\/api.w.org\/{rel}","templated":true}]}}