{"id":1035862,"date":"2025-12-04T18:16:14","date_gmt":"2025-12-04T15:16:14","guid":{"rendered":"https:\/\/darkamazi.site\/?p=1035862"},"modified":"2025-12-04T18:16:14","modified_gmt":"2025-12-04T15:16:14","slug":"ynknin-cikardigi-lacan-koyu-provokasyonunda-yaralanan-pesmerge-arman-senar-sehit-dustu","status":"publish","type":"post","link":"https:\/\/darkamazi.site\/archives\/1035862","title":{"rendered":"YNK\u2019nin \u00e7\u0131kard\u0131\u011f\u0131 Lacan k\u00f6y\u00fc provokasyonunda yaralanan Pe\u015fmerge Arman \u00a0Senar \u015fehit d\u00fc\u015ft\u00fc"},"content":{"rendered":"<p style=\"text-align: justify\">Soran il\u00e7esi n\u00fcfusuna kay\u0131tl\u0131 olan Arman Senar Re\u015fid Diri, per\u015fembe sabah\u0131 Erbil&#8217;deki Rojava Hastanesi&#8217;nde ya\u015fam m\u00fccadelesini kaybetti.<\/p>\n<p style=\"text-align: justify\">K\u00fcrdistan B\u00f6lgesel Y\u00f6netimi (KBY) Pe\u015fmerge Komutanl\u0131\u011f\u0131 yapt\u0131\u011f\u0131 a\u00e7\u0131klamada, Lajan k\u00f6y\u00fcndeki gerginlikte yaralanan bir Pe\u015fmergenin bug\u00fcn \u015fehit d\u00fc\u015ft\u00fc\u011f\u00fcn\u00fc duyurdu. 21 ya\u015f\u0131ndaki Senar Re\u015fit Diri Soran nufusuna kay\u0131tl\u0131yd\u0131.<\/p>\n<p style=\"text-align: justify\">4 Aral\u0131k 2025 Per\u015fembe g\u00fcn\u00fc, Zerevan Pe\u015fmerge Komutanl\u0131\u011f\u0131 yapt\u0131\u011f\u0131 a\u00e7\u0131klamada, &#8220;Erbil ilinin Khabati il\u00e7esine ba\u011fl\u0131 Lajan k\u00f6y\u00fcnde 29 Kas\u0131m 2025 Cumartesi g\u00fcn\u00fc bir gurup provokat\u00f6r\u00fcn devlet kurumlar\u0131na, hizmet ofislerine ve petrol rafinerilerine sald\u0131r\u0131lar\u0131n\u0131n engelleyen g\u00fc\u00e7ler i\u00e7inde yer alan Arman Sanar Ra\u015fid yaraland\u0131 ve bu sabah \u015fehit oldu.<\/p>\n<p style=\"text-align: justify\">\u00a0Komutanl\u0131\u011f\u0131n a\u00e7\u0131klamas\u0131nda \u201cKomutan ve komutanl\u0131\u011f\u0131m\u0131zdaki t\u00fcm subay ve pe\u015fmergeler ad\u0131na, \u015fehidin ailesine ba\u015fsa\u011fl\u0131\u011f\u0131 diliyoruz. Allah&#8217;tan mekan\u0131n\u0131 cennet eylesin ve hepimize sab\u0131rlar ihsan eylesin.&#8221; ifadelerini kulland\u0131.<\/p>\n<p style=\"text-align: justify\">Hayat\u0131n\u0131 kaybeden Pe\u015fmergenin day\u0131s\u0131 Yarbay Salar Tahsin Diri de, ye\u011feninin Zerevani G\u00fc\u00e7leri b\u00fcnyesinde k\u00f6y\u00fc korumak ve g\u00fcvenli\u011fi sa\u011flamak amac\u0131yla b\u00f6lgeye sevk edildi\u011fini belirtti.<\/p>\n<p style=\"text-align: justify\"><strong>Can kayb\u0131 ikiye y\u00fckseldi<\/strong><\/p>\n<p style=\"text-align: justify\">Lacan k\u00f6y\u00fcndeki olaylarda daha \u00f6nce de \u0130rfan Berzenci isimli bir kamyon \u015fof\u00f6r\u00fc, &#8220;serseri kur\u015fun&#8221; isabet etmesi sonucu hayat\u0131n\u0131 kaybetmi\u015fti.<\/p>\n<p style=\"text-align: justify\">\u00a0Ne olmu\u015ftu?<\/p>\n<p style=\"text-align: justify\">YNK\u2019nin \u00f6rg\u00fctledi\u011fi bir gurup provak\u00f6r Lacan K\u00f6y\u00fcnde bulanan Lanaz petrol rafinerisine sald\u0131rm\u0131\u015f ve rafineriyi patlatmakla tehdit etmi\u015fti. Erbil \u0130l g\u00fcvenlik g\u00f6revlileri olaya m\u00fcdahele etmi\u015f ve olay\u0131 \u00f6rg\u00fctleyen <a href=\"https:\/\/darkamazi.site\/archives\/1035848\">YNK kadrosu Ne\u00e7irvan \u0130sa Mirmisu Kerk\u00fck\u2019e ka\u00e7arken yakaland\u0131.<\/a><\/p>\n","protected":false},"excerpt":{"rendered":"<p>Soran il\u00e7esi n\u00fcfusuna kay\u0131tl\u0131 olan Arman Senar Re\u015fid Diri, per\u015fembe sabah\u0131 Erbil&#8217;deki Rojava Hastanesi&#8217;nde ya\u015fam m\u00fccadelesini kaybetti. K\u00fcrdistan B\u00f6lgesel Y\u00f6netimi (KBY) Pe\u015fmerge Komutanl\u0131\u011f\u0131 yapt\u0131\u011f\u0131 a\u00e7\u0131klamada, Lajan k\u00f6y\u00fcndeki gerginlikte yaralanan bir Pe\u015fmergenin bug\u00fcn \u015fehit d\u00fc\u015ft\u00fc\u011f\u00fcn\u00fc duyurdu. 21 ya\u015f\u0131ndaki Senar Re\u015fit Diri Soran nufusuna kay\u0131tl\u0131yd\u0131. 4 Aral\u0131k 2025 Per\u015fembe g\u00fcn\u00fc, Zerevan Pe\u015fmerge Komutanl\u0131\u011f\u0131 yapt\u0131\u011f\u0131 a\u00e7\u0131klamada, &#8220;Erbil ilinin [&hellip;]<\/p>\n","protected":false},"author":2,"featured_media":1035863,"comment_status":"closed","ping_status":"closed","sticky":false,"template":"","format":"standard","meta":{"footnotes":""},"categories":[3],"tags":[31],"class_list":["post-1035862","post","type-post","status-publish","format-standard","has-post-thumbnail","hentry","category-kurdistan","tag-onemli"],"blocksy_meta":[],"seo_head":"<!-- This site is optimized with the Yoast SEO plugin v27.5 - https:\/\/yoast.com\/product\/yoast-seo-wordpress\/ -->\n<title>YNK\u2019nin \u00e7\u0131kard\u0131\u011f\u0131 Lacan k\u00f6y\u00fc provokasyonunda yaralanan Pe\u015fmerge Arman \u00a0Senar \u015fehit d\u00fc\u015ft\u00fc - Darka Mazi<\/title>\n<meta name=\"robots\" content=\"index, follow, max-snippet:-1, max-image-preview:large, max-video-preview:-1\" \/>\n<link rel=\"canonical\" href=\"https:\/\/darkamazi.site\/archives\/1035862\" \/>\n<meta property=\"og:locale\" content=\"en_US\" \/>\n<meta property=\"og:type\" content=\"article\" \/>\n<meta property=\"og:title\" content=\"YNK\u2019nin \u00e7\u0131kard\u0131\u011f\u0131 Lacan k\u00f6y\u00fc provokasyonunda yaralanan Pe\u015fmerge Arman \u00a0Senar \u015fehit d\u00fc\u015ft\u00fc - Darka Mazi\" \/>\n<meta property=\"og:description\" content=\"Soran il\u00e7esi n\u00fcfusuna kay\u0131tl\u0131 olan Arman Senar Re\u015fid Diri, per\u015fembe sabah\u0131 Erbil&#8217;deki Rojava Hastanesi&#8217;nde ya\u015fam m\u00fccadelesini kaybetti. K\u00fcrdistan B\u00f6lgesel Y\u00f6netimi (KBY) Pe\u015fmerge Komutanl\u0131\u011f\u0131 yapt\u0131\u011f\u0131 a\u00e7\u0131klamada, Lajan k\u00f6y\u00fcndeki gerginlikte yaralanan bir Pe\u015fmergenin bug\u00fcn \u015fehit d\u00fc\u015ft\u00fc\u011f\u00fcn\u00fc duyurdu. 21 ya\u015f\u0131ndaki Senar Re\u015fit Diri Soran nufusuna kay\u0131tl\u0131yd\u0131. 4 Aral\u0131k 2025 Per\u015fembe g\u00fcn\u00fc, Zerevan Pe\u015fmerge Komutanl\u0131\u011f\u0131 yapt\u0131\u011f\u0131 a\u00e7\u0131klamada, &#8220;Erbil ilinin [&hellip;]\" \/>\n<meta property=\"og:url\" content=\"https:\/\/darkamazi.site\/archives\/1035862\" \/>\n<meta property=\"og:site_name\" content=\"Darka Mazi\" \/>\n<meta property=\"article:publisher\" content=\"https:\/\/www.facebook.com\/DarkaMaziturkce\" \/>\n<meta property=\"article:published_time\" content=\"2025-12-04T15:16:14+00:00\" \/>\n<meta property=\"og:image\" content=\"https:\/\/darkamazi.site\/file\/2025\/12\/sehit.jpg\" \/>\n\t<meta property=\"og:image:width\" content=\"1200\" \/>\n\t<meta property=\"og:image:height\" content=\"697\" \/>\n\t<meta property=\"og:image:type\" content=\"image\/jpeg\" \/>\n<meta name=\"author\" content=\"darka mazi\" \/>\n<meta name=\"twitter:card\" content=\"summary_large_image\" \/>\n<meta name=\"twitter:creator\" content=\"@DarkaMaziTurkce\" \/>\n<meta name=\"twitter:site\" content=\"@DarkaMaziTurkce\" \/>\n<meta name=\"twitter:label1\" content=\"Written by\" \/>\n\t<meta name=\"twitter:data1\" content=\"darka mazi\" \/>\n\t<meta name=\"twitter:label2\" content=\"Est. reading time\" \/>\n\t<meta name=\"twitter:data2\" content=\"2 minutes\" \/>\n<script type=\"application\/ld+json\" class=\"seo-schema-graph\">{\"@context\":\"https:\\\/\\\/schema.org\",\"@graph\":[{\"@type\":\"NewsArticle\",\"@id\":\"https:\\\/\\\/darkamazi.site\\\/archives\\\/1035862#article\",\"isPartOf\":{\"@id\":\"https:\\\/\\\/darkamazi.site\\\/archives\\\/1035862\"},\"author\":{\"name\":\"darka mazi\",\"@id\":\"https:\\\/\\\/darkamazi.site\\\/#\\\/schema\\\/person\\\/67986a95ac546c16760365877ef4a9d3\"},\"headline\":\"YNK\u2019nin \u00e7\u0131kard\u0131\u011f\u0131 Lacan k\u00f6y\u00fc provokasyonunda yaralanan Pe\u015fmerge Arman \u00a0Senar \u015fehit d\u00fc\u015ft\u00fc\",\"datePublished\":\"2025-12-04T15:16:14+00:00\",\"mainEntityOfPage\":{\"@id\":\"https:\\\/\\\/darkamazi.site\\\/archives\\\/1035862\"},\"wordCount\":303,\"publisher\":{\"@id\":\"https:\\\/\\\/darkamazi.site\\\/#organization\"},\"image\":{\"@id\":\"https:\\\/\\\/darkamazi.site\\\/archives\\\/1035862#primaryimage\"},\"thumbnailUrl\":\"https:\\\/\\\/darkamazi.site\\\/darka-content\\\/uploads\\\/2025\\\/12\\\/sehit.jpg\",\"keywords\":[\"\u00f6nemli\"],\"articleSection\":[\"Kurdistan\"],\"inLanguage\":\"en-US\"},{\"@type\":\"WebPage\",\"@id\":\"https:\\\/\\\/darkamazi.site\\\/archives\\\/1035862\",\"url\":\"https:\\\/\\\/darkamazi.site\\\/archives\\\/1035862\",\"name\":\"YNK\u2019nin \u00e7\u0131kard\u0131\u011f\u0131 Lacan k\u00f6y\u00fc provokasyonunda yaralanan Pe\u015fmerge Arman \u00a0Senar \u015fehit d\u00fc\u015ft\u00fc - Darka Mazi\",\"isPartOf\":{\"@id\":\"https:\\\/\\\/darkamazi.site\\\/#website\"},\"primaryImageOfPage\":{\"@id\":\"https:\\\/\\\/darkamazi.site\\\/archives\\\/1035862#primaryimage\"},\"image\":{\"@id\":\"https:\\\/\\\/darkamazi.site\\\/archives\\\/1035862#primaryimage\"},\"thumbnailUrl\":\"https:\\\/\\\/darkamazi.site\\\/darka-content\\\/uploads\\\/2025\\\/12\\\/sehit.jpg\",\"datePublished\":\"2025-12-04T15:16:14+00:00\",\"breadcrumb\":{\"@id\":\"https:\\\/\\\/darkamazi.site\\\/archives\\\/1035862#breadcrumb\"},\"inLanguage\":\"en-US\",\"potentialAction\":[{\"@type\":\"ReadAction\",\"target\":[\"https:\\\/\\\/darkamazi.site\\\/archives\\\/1035862\"]}]},{\"@type\":\"ImageObject\",\"inLanguage\":\"en-US\",\"@id\":\"https:\\\/\\\/darkamazi.site\\\/archives\\\/1035862#primaryimage\",\"url\":\"https:\\\/\\\/darkamazi.site\\\/darka-content\\\/uploads\\\/2025\\\/12\\\/sehit.jpg\",\"contentUrl\":\"https:\\\/\\\/darkamazi.site\\\/darka-content\\\/uploads\\\/2025\\\/12\\\/sehit.jpg\",\"width\":1200,\"height\":697,\"caption\":\"YNK\u2019nin \u00e7\u0131kard\u0131\u011f\u0131 Lacan k\u00f6y\u00fc provokasyonunda yaralanan Pe\u015fmerge Arman \u00a0Senar \u015fehit d\u00fc\u015ft\u00fc\"},{\"@type\":\"BreadcrumbList\",\"@id\":\"https:\\\/\\\/darkamazi.site\\\/archives\\\/1035862#breadcrumb\",\"itemListElement\":[{\"@type\":\"ListItem\",\"position\":1,\"name\":\"Home\",\"item\":\"https:\\\/\\\/darkamazi.site\\\/\"},{\"@type\":\"ListItem\",\"position\":2,\"name\":\"YNK\u2019nin \u00e7\u0131kard\u0131\u011f\u0131 Lacan k\u00f6y\u00fc provokasyonunda yaralanan Pe\u015fmerge Arman \u00a0Senar \u015fehit d\u00fc\u015ft\u00fc\"}]},{\"@type\":\"WebSite\",\"@id\":\"https:\\\/\\\/darkamazi.site\\\/#website\",\"url\":\"https:\\\/\\\/darkamazi.site\\\/\",\"name\":\"Darka Mazi\",\"description\":\"Ana Sayfa\",\"publisher\":{\"@id\":\"https:\\\/\\\/darkamazi.site\\\/#organization\"},\"potentialAction\":[{\"@type\":\"SearchAction\",\"target\":{\"@type\":\"EntryPoint\",\"urlTemplate\":\"https:\\\/\\\/darkamazi.site\\\/?s={search_term_string}\"},\"query-input\":{\"@type\":\"PropertyValueSpecification\",\"valueRequired\":true,\"valueName\":\"search_term_string\"}}],\"inLanguage\":\"en-US\"},{\"@type\":\"Organization\",\"@id\":\"https:\\\/\\\/darkamazi.site\\\/#organization\",\"name\":\"Darka Mazi T\u00fcrk\u00e7e\",\"alternateName\":\"Darka Mazi\",\"url\":\"https:\\\/\\\/darkamazi.site\\\/\",\"logo\":{\"@type\":\"ImageObject\",\"inLanguage\":\"en-US\",\"@id\":\"https:\\\/\\\/darkamazi.site\\\/#\\\/schema\\\/logo\\\/image\\\/\",\"url\":\"https:\\\/\\\/darkamazi.site\\\/darka-content\\\/uploads\\\/2017\\\/12\\\/darka-mazi-logo.png\",\"contentUrl\":\"https:\\\/\\\/darkamazi.site\\\/darka-content\\\/uploads\\\/2017\\\/12\\\/darka-mazi-logo.png\",\"width\":151,\"height\":75,\"caption\":\"Darka Mazi T\u00fcrk\u00e7e\"},\"image\":{\"@id\":\"https:\\\/\\\/darkamazi.site\\\/#\\\/schema\\\/logo\\\/image\\\/\"},\"sameAs\":[\"https:\\\/\\\/www.facebook.com\\\/DarkaMaziturkce\",\"https:\\\/\\\/x.com\\\/DarkaMaziTurkce\"]},{\"@type\":\"Person\",\"@id\":\"https:\\\/\\\/darkamazi.site\\\/#\\\/schema\\\/person\\\/67986a95ac546c16760365877ef4a9d3\",\"name\":\"darka mazi\",\"sameAs\":[\"https:\\\/\\\/darkamazi.site\"],\"url\":\"https:\\\/\\\/darkamazi.site\\\/archives\\\/author\\\/turkish\"}]}<\/script>\n<!-- \/ Yoast SEO plugin. -->","seo_head_json":{"title":"YNK\u2019nin \u00e7\u0131kard\u0131\u011f\u0131 Lacan k\u00f6y\u00fc provokasyonunda yaralanan Pe\u015fmerge Arman \u00a0Senar \u015fehit d\u00fc\u015ft\u00fc - Darka Mazi","robots":{"index":"index","follow":"follow","max-snippet":"max-snippet:-1","max-image-preview":"max-image-preview:large","max-video-preview":"max-video-preview:-1"},"canonical":"https:\/\/darkamazi.site\/archives\/1035862","og_locale":"en_US","og_type":"article","og_title":"YNK\u2019nin \u00e7\u0131kard\u0131\u011f\u0131 Lacan k\u00f6y\u00fc provokasyonunda yaralanan Pe\u015fmerge Arman \u00a0Senar \u015fehit d\u00fc\u015ft\u00fc - Darka Mazi","og_description":"Soran il\u00e7esi n\u00fcfusuna kay\u0131tl\u0131 olan Arman Senar Re\u015fid Diri, per\u015fembe sabah\u0131 Erbil&#8217;deki Rojava Hastanesi&#8217;nde ya\u015fam m\u00fccadelesini kaybetti. K\u00fcrdistan B\u00f6lgesel Y\u00f6netimi (KBY) Pe\u015fmerge Komutanl\u0131\u011f\u0131 yapt\u0131\u011f\u0131 a\u00e7\u0131klamada, Lajan k\u00f6y\u00fcndeki gerginlikte yaralanan bir Pe\u015fmergenin bug\u00fcn \u015fehit d\u00fc\u015ft\u00fc\u011f\u00fcn\u00fc duyurdu. 21 ya\u015f\u0131ndaki Senar Re\u015fit Diri Soran nufusuna kay\u0131tl\u0131yd\u0131. 4 Aral\u0131k 2025 Per\u015fembe g\u00fcn\u00fc, Zerevan Pe\u015fmerge Komutanl\u0131\u011f\u0131 yapt\u0131\u011f\u0131 a\u00e7\u0131klamada, &#8220;Erbil ilinin [&hellip;]","og_url":"https:\/\/darkamazi.site\/archives\/1035862","og_site_name":"Darka Mazi","article_publisher":"https:\/\/www.facebook.com\/DarkaMaziturkce","article_published_time":"2025-12-04T15:16:14+00:00","og_image":[{"width":1200,"height":697,"url":"https:\/\/darkamazi.site\/file\/2025\/12\/sehit.jpg","type":"image\/jpeg"}],"author":"darka mazi","twitter_card":"summary_large_image","twitter_creator":"@DarkaMaziTurkce","twitter_site":"@DarkaMaziTurkce","twitter_misc":{"Written by":"darka mazi","Est. reading time":"2 minutes"},"schema":{"@context":"https:\/\/schema.org","@graph":[{"@type":"NewsArticle","@id":"https:\/\/darkamazi.site\/archives\/1035862#article","isPartOf":{"@id":"https:\/\/darkamazi.site\/archives\/1035862"},"author":{"name":"darka mazi","@id":"https:\/\/darkamazi.site\/#\/schema\/person\/67986a95ac546c16760365877ef4a9d3"},"headline":"YNK\u2019nin \u00e7\u0131kard\u0131\u011f\u0131 Lacan k\u00f6y\u00fc provokasyonunda yaralanan Pe\u015fmerge Arman \u00a0Senar \u015fehit d\u00fc\u015ft\u00fc","datePublished":"2025-12-04T15:16:14+00:00","mainEntityOfPage":{"@id":"https:\/\/darkamazi.site\/archives\/1035862"},"wordCount":303,"publisher":{"@id":"https:\/\/darkamazi.site\/#organization"},"image":{"@id":"https:\/\/darkamazi.site\/archives\/1035862#primaryimage"},"thumbnailUrl":"https:\/\/darkamazi.site\/file\/2025\/12\/sehit.jpg","keywords":["\u00f6nemli"],"articleSection":["Kurdistan"],"inLanguage":"en-US"},{"@type":"WebPage","@id":"https:\/\/darkamazi.site\/archives\/1035862","url":"https:\/\/darkamazi.site\/archives\/1035862","name":"YNK\u2019nin \u00e7\u0131kard\u0131\u011f\u0131 Lacan k\u00f6y\u00fc provokasyonunda yaralanan Pe\u015fmerge Arman \u00a0Senar \u015fehit d\u00fc\u015ft\u00fc - Darka Mazi","isPartOf":{"@id":"https:\/\/darkamazi.site\/#website"},"primaryImageOfPage":{"@id":"https:\/\/darkamazi.site\/archives\/1035862#primaryimage"},"image":{"@id":"https:\/\/darkamazi.site\/archives\/1035862#primaryimage"},"thumbnailUrl":"https:\/\/darkamazi.site\/file\/2025\/12\/sehit.jpg","datePublished":"2025-12-04T15:16:14+00:00","breadcrumb":{"@id":"https:\/\/darkamazi.site\/archives\/1035862#breadcrumb"},"inLanguage":"en-US","potentialAction":[{"@type":"ReadAction","target":["https:\/\/darkamazi.site\/archives\/1035862"]}]},{"@type":"ImageObject","inLanguage":"en-US","@id":"https:\/\/darkamazi.site\/archives\/1035862#primaryimage","url":"https:\/\/darkamazi.site\/file\/2025\/12\/sehit.jpg","contentUrl":"https:\/\/darkamazi.site\/file\/2025\/12\/sehit.jpg","width":1200,"height":697,"caption":"YNK\u2019nin \u00e7\u0131kard\u0131\u011f\u0131 Lacan k\u00f6y\u00fc provokasyonunda yaralanan Pe\u015fmerge Arman \u00a0Senar \u015fehit d\u00fc\u015ft\u00fc"},{"@type":"BreadcrumbList","@id":"https:\/\/darkamazi.site\/archives\/1035862#breadcrumb","itemListElement":[{"@type":"ListItem","position":1,"name":"Home","item":"https:\/\/darkamazi.site\/"},{"@type":"ListItem","position":2,"name":"YNK\u2019nin \u00e7\u0131kard\u0131\u011f\u0131 Lacan k\u00f6y\u00fc provokasyonunda yaralanan Pe\u015fmerge Arman \u00a0Senar \u015fehit d\u00fc\u015ft\u00fc"}]},{"@type":"WebSite","@id":"https:\/\/darkamazi.site\/#website","url":"https:\/\/darkamazi.site\/","name":"Darka Mazi","description":"Ana Sayfa","publisher":{"@id":"https:\/\/darkamazi.site\/#organization"},"potentialAction":[{"@type":"SearchAction","target":{"@type":"EntryPoint","urlTemplate":"https:\/\/darkamazi.site\/?s={search_term_string}"},"query-input":{"@type":"PropertyValueSpecification","valueRequired":true,"valueName":"search_term_string"}}],"inLanguage":"en-US"},{"@type":"Organization","@id":"https:\/\/darkamazi.site\/#organization","name":"Darka Mazi T\u00fcrk\u00e7e","alternateName":"Darka Mazi","url":"https:\/\/darkamazi.site\/","logo":{"@type":"ImageObject","inLanguage":"en-US","@id":"https:\/\/darkamazi.site\/#\/schema\/logo\/image\/","url":"https:\/\/darkamazi.site\/file\/2017\/12\/darka-mazi-logo.png","contentUrl":"https:\/\/darkamazi.site\/file\/2017\/12\/darka-mazi-logo.png","width":151,"height":75,"caption":"Darka Mazi T\u00fcrk\u00e7e"},"image":{"@id":"https:\/\/darkamazi.site\/#\/schema\/logo\/image\/"},"sameAs":["https:\/\/www.facebook.com\/DarkaMaziturkce","https:\/\/x.com\/DarkaMaziTurkce"]},{"@type":"Person","@id":"https:\/\/darkamazi.site\/#\/schema\/person\/67986a95ac546c16760365877ef4a9d3","name":"darka mazi","sameAs":["https:\/\/darkamazi.site"],"url":"https:\/\/darkamazi.site\/archives\/author\/turkish"}]}},"_links":{"self":[{"href":"https:\/\/darkamazi.site\/funavuv\/wp\/v2\/posts\/1035862","targetHints":{"allow":["GET"]}}],"collection":[{"href":"https:\/\/darkamazi.site\/funavuv\/wp\/v2\/posts"}],"about":[{"href":"https:\/\/darkamazi.site\/funavuv\/wp\/v2\/types\/post"}],"author":[{"embeddable":true,"href":"https:\/\/darkamazi.site\/funavuv\/wp\/v2\/users\/2"}],"replies":[{"embeddable":true,"href":"https:\/\/darkamazi.site\/funavuv\/wp\/v2\/comments?post=1035862"}],"version-history":[{"count":0,"href":"https:\/\/darkamazi.site\/funavuv\/wp\/v2\/posts\/1035862\/revisions"}],"wp:featuredmedia":[{"embeddable":true,"href":"https:\/\/darkamazi.site\/funavuv\/wp\/v2\/media\/1035863"}],"wp:attachment":[{"href":"https:\/\/darkamazi.site\/funavuv\/wp\/v2\/media?parent=1035862"}],"wp:term":[{"taxonomy":"category","embeddable":true,"href":"https:\/\/darkamazi.site\/funavuv\/wp\/v2\/categories?post=1035862"},{"taxonomy":"post_tag","embeddable":true,"href":"https:\/\/darkamazi.site\/funavuv\/wp\/v2\/tags?post=1035862"}],"curies":[{"name":"wp","href":"https:\/\/api.w.org\/{rel}","templated":true}]}}