{"id":1035865,"date":"2025-12-05T15:35:34","date_gmt":"2025-12-05T12:35:34","guid":{"rendered":"https:\/\/darkamazi.site\/?p=1035865"},"modified":"2025-12-05T15:35:34","modified_gmt":"2025-12-05T12:35:34","slug":"pwk-genel-baskani-mustafa-ozcelik-baskan-sayin-mesud-barzani-kurt-milletinin-ortak-bir-milli-lideri-ve-onurudur","status":"publish","type":"post","link":"https:\/\/darkamazi.site\/archives\/1035865","title":{"rendered":"PWK Genel Ba\u015fkan\u0131 Mustafa \u00d6z\u00e7elik: Ba\u015fkan Say\u0131n Mesud Barzani, K\u00fcrt milletinin ortak bir milli lideri ve onurudur"},"content":{"rendered":"<p style=\"text-align: justify\"><strong>K\u00fcrdistan Yurtseverler Partisi (PWK) Genel Ba\u015fkan\u0131 Mustafa \u00d6z\u00e7elik:<\/strong><\/p>\n<p style=\"text-align: justify\"><strong>Ba\u015fkan Say\u0131n Mesud Barzani\u2019ye Y\u00f6nelik Irk\u00e7\u0131 Sald\u0131r\u0131 ve S\u00f6ylemleri K\u0131n\u0131yoruz<\/strong><\/p>\n<p style=\"text-align: justify\">Ba\u015fkan Say\u0131n Mesud Barzani, 29 Kas\u0131m 2025 g\u00fcn\u00fc \u015e\u0131rnak\u2019\u0131n Cizre il\u00e7esinde, \u015e\u0131rnak \u00dcniversitesi\u2019nin organizasyonu ile d\u00fczenlenen 4. Uluslararas\u0131 Melay\u00ea Ciz\u00eer\u00ee Sempozyumu\u2019na kat\u0131ld\u0131.<\/p>\n<p style=\"text-align: justify\">Ba\u015fkan Say\u0131n Mesud Barzani, \u015e\u0131rnak \u00dcniversitesi\u2019nin davetlisi olarak bu sempozyuma kat\u0131ld\u0131. PWK Genel Ba\u015fkan Yard\u0131mc\u0131lar\u0131 Say\u0131n Mehmet Can Azbay ile Say\u0131n Vahit Aba da davetli olarak bu sempozyuma kat\u0131ld\u0131lar.<\/p>\n<p style=\"text-align: justify\">Ba\u015fkan Say\u0131n Mesud Barzani\u2019nin sempozyuma kat\u0131l\u0131m \u015fekli, protokol\u00fc, \u00fcniformalar\u0131nda K\u00fcrdistan bayra\u011f\u0131 olan kendi \u00f6zel askeri korumalar\u0131yla Cizre\u2019ye geli\u015fi, t\u00fcm detaylar\u0131yla, T\u00fcrkiye Devleti\u2019nin D\u0131\u015fi\u015fleri ve \u0130\u00e7i\u015fleri Bakanl\u0131klar\u0131n\u0131n bilgileri, onaylar\u0131 ve kontrolleri dahilinde ger\u00e7ekle\u015ftirilmi\u015ftir.<\/p>\n<p style=\"text-align: justify\">Ger\u00e7eklik bu kadar a\u00e7\u0131k ve net iken, T\u00fcrkiye\u2019deki baz\u0131 \u0131rk\u00e7\u0131, \u015foven, fa\u015fist, K\u00fcrt d\u00fc\u015fman\u0131 kesimler, \u015fah\u0131slar, sanki Ba\u015fkan Say\u0131n Mesud Barzani T\u00fcrkiye Devleti yetkililerinden habersiz bir \u015fekilde kendi askeri \u00f6zel korumalar\u0131yla sempozyuma kat\u0131lm\u0131\u015f gibi bir tablo yaratarak, sald\u0131r\u0131larda bulunmakta, hadlerini a\u015fan a\u00e7\u0131klamalarda bulunmaktad\u0131rlar.<\/p>\n<p style=\"text-align: justify\">Ba\u015fkan Say\u0131n Mesud Barzani, bug\u00fcn K\u00fcrdistan\u2019\u0131n d\u00f6rt par\u00e7as\u0131 ve diaspora K\u00fcrtleri taraf\u0131ndan milli bir lider olarak benimsenen ve art\u0131k T\u00fcrkiye kamuoyu taraf\u0131ndan da makul, sorunlar\u0131n bar\u0131\u015f\u00e7\u0131l, demokratik yollardan \u00e7\u00f6z\u00fcm\u00fcn\u00fc isteyen bir lider olarak kabul g\u00f6rmektedir.<\/p>\n<p style=\"text-align: justify\">Ba\u015fkan Say\u0131n Mesud Barzani\u2019ye y\u00f6nelik yap\u0131lan sald\u0131r\u0131lar, asl\u0131nda, sava\u015f\u0131n, \u00e7at\u0131\u015fmalar\u0131n devam\u0131nda, K\u00fcrt sorunun \u00e7\u00f6z\u00fcms\u00fczl\u00fc\u011f\u00fcnde ve K\u00fcrt kar\u015f\u0131tl\u0131\u011f\u0131nda \u0131srar eden anlay\u0131\u015f\u0131n d\u0131\u015fa vurumudur; \u00a0Ba\u015fkan Say\u0131n Mesud Barzani\u2019nin bu olumlu, kabul g\u00f6ren ger\u00e7ekli\u011finden duyulan rahats\u0131zl\u0131\u011f\u0131n g\u00f6stergesidir.<\/p>\n<p style=\"text-align: justify\">Ba\u015fkan Say\u0131n Mesud Barzani, Cizre\u2019ye geli\u015fiyle, 4. Uluslararas\u0131 Melay\u00ea Ciz\u00eer\u00ee Sempozyumu\u2019nda yapt\u0131\u011f\u0131 konu\u015fmayla, hem K\u00fcrtlerin tarihsel, milli de\u011ferlerine ve hakl\u0131 m\u00fccadele geleneklerine sahip \u00e7\u0131km\u0131\u015f, hem de sava\u015fa, \u00e7at\u0131\u015fmalara son verilerek, sorunlar\u0131n bar\u0131\u015f\u00e7\u0131l, demokratik yollardan \u00e7\u00f6z\u00fcm\u00fc i\u00e7in her t\u00fcrl\u00fc sorumlulu\u011fu almaya haz\u0131r oldu\u011funu g\u00f6stermi\u015ftir.<\/p>\n<p style=\"text-align: justify\">Kimden gelirse gelsin, <a target=\"_blank\"><\/a>Ba\u015fkan Say\u0131n Mesud Barzani\u2019ye y\u00f6nelik yap\u0131lan sald\u0131r\u0131lar\u0131, hakaretleri ve hadlerini a\u015fan s\u00f6ylemleri reddediyor, k\u0131n\u0131yoruz.<\/p>\n<p style=\"text-align: justify\">D\u00fcnyadaki t\u00fcm K\u00fcrtleri ve T\u00fcrkiye\u2019deki bar\u0131\u015f, demokrasi, adalet, \u00f6zg\u00fcrl\u00fck, e\u015fitlik de\u011ferlerini savunan t\u00fcm kesimleri, \u015fahsiyetleri Ba\u015fkan Say\u0131n Mesud Barzani\u2019ye y\u00f6nelik geli\u015ftirilen \u0131rk\u00e7\u0131 sald\u0131r\u0131 ve hakaretlere kar\u015f\u0131 seslerini y\u00fckseltmeye, ortak tutum almaya \u00e7a\u011f\u0131r\u0131yoruz.<\/p>\n<p style=\"text-align: justify\">Ba\u015fkan Say\u0131n Mesud Barzani, K\u00fcrt milletinin ortak bir milli lideri ve onurudur.<\/p>\n<p style=\"text-align: justify\">04.12.2025<\/p>\n<p style=\"text-align: justify\"><strong>Mustafa \u00d6z\u00e7elik<\/strong><\/p>\n<p style=\"text-align: justify\"><strong>K\u00fcrdistan Yurtseverler Partisi (PWK) Genel Ba\u015fkan\u0131<\/strong><\/p>\n<p style=\"text-align: justify\">\n<p style=\"text-align: justify\">\u00a0Orjinal Kaynak: <a href=\"https:\/\/www.rupelanu.org\/mustafa-ozcelik-baskan-sayin-mesud-barzaniye-yonelik-irkci-saldiri-ve-soylemleri-kini-33613h.htm\" target=\"_blank\">Mustafa \u00d6z\u00e7elik: Ba\u015fkan Say\u0131n Mesud Barzani\u2019ye Y\u00f6nelik Irk\u00e7\u0131 Sald\u0131r\u0131 ve S\u00f6ylemleri K\u0131n\u0131yoruz<\/a><\/p>\n","protected":false},"excerpt":{"rendered":"<p>K\u00fcrdistan Yurtseverler Partisi (PWK) Genel Ba\u015fkan\u0131 Mustafa \u00d6z\u00e7elik: Ba\u015fkan Say\u0131n Mesud Barzani\u2019ye Y\u00f6nelik Irk\u00e7\u0131 Sald\u0131r\u0131 ve S\u00f6ylemleri K\u0131n\u0131yoruz Ba\u015fkan Say\u0131n Mesud Barzani, 29 Kas\u0131m 2025 g\u00fcn\u00fc \u015e\u0131rnak\u2019\u0131n Cizre il\u00e7esinde, \u015e\u0131rnak \u00dcniversitesi\u2019nin organizasyonu ile d\u00fczenlenen 4. Uluslararas\u0131 Melay\u00ea Ciz\u00eer\u00ee Sempozyumu\u2019na kat\u0131ld\u0131. Ba\u015fkan Say\u0131n Mesud Barzani, \u015e\u0131rnak \u00dcniversitesi\u2019nin davetlisi olarak bu sempozyuma kat\u0131ld\u0131. PWK Genel Ba\u015fkan Yard\u0131mc\u0131lar\u0131 [&hellip;]<\/p>\n","protected":false},"author":2,"featured_media":1035866,"comment_status":"closed","ping_status":"closed","sticky":false,"template":"","format":"standard","meta":{"footnotes":""},"categories":[3],"tags":[31],"class_list":["post-1035865","post","type-post","status-publish","format-standard","has-post-thumbnail","hentry","category-kurdistan","tag-onemli"],"blocksy_meta":[],"seo_head":"<!-- This site is optimized with the Yoast SEO plugin v27.5 - https:\/\/yoast.com\/product\/yoast-seo-wordpress\/ -->\n<title>PWK Genel Ba\u015fkan\u0131 Mustafa \u00d6z\u00e7elik: Ba\u015fkan Say\u0131n Mesud Barzani, K\u00fcrt milletinin ortak bir milli lideri ve onurudur - Darka Mazi<\/title>\n<meta name=\"robots\" content=\"index, follow, max-snippet:-1, max-image-preview:large, max-video-preview:-1\" \/>\n<link rel=\"canonical\" href=\"https:\/\/darkamazi.site\/archives\/1035865\" \/>\n<meta property=\"og:locale\" content=\"en_US\" \/>\n<meta property=\"og:type\" content=\"article\" \/>\n<meta property=\"og:title\" content=\"PWK Genel Ba\u015fkan\u0131 Mustafa \u00d6z\u00e7elik: Ba\u015fkan Say\u0131n Mesud Barzani, K\u00fcrt milletinin ortak bir milli lideri ve onurudur - Darka Mazi\" \/>\n<meta property=\"og:description\" content=\"K\u00fcrdistan Yurtseverler Partisi (PWK) Genel Ba\u015fkan\u0131 Mustafa \u00d6z\u00e7elik: Ba\u015fkan Say\u0131n Mesud Barzani\u2019ye Y\u00f6nelik Irk\u00e7\u0131 Sald\u0131r\u0131 ve S\u00f6ylemleri K\u0131n\u0131yoruz Ba\u015fkan Say\u0131n Mesud Barzani, 29 Kas\u0131m 2025 g\u00fcn\u00fc \u015e\u0131rnak\u2019\u0131n Cizre il\u00e7esinde, \u015e\u0131rnak \u00dcniversitesi\u2019nin organizasyonu ile d\u00fczenlenen 4. Uluslararas\u0131 Melay\u00ea Ciz\u00eer\u00ee Sempozyumu\u2019na kat\u0131ld\u0131. Ba\u015fkan Say\u0131n Mesud Barzani, \u015e\u0131rnak \u00dcniversitesi\u2019nin davetlisi olarak bu sempozyuma kat\u0131ld\u0131. PWK Genel Ba\u015fkan Yard\u0131mc\u0131lar\u0131 [&hellip;]\" \/>\n<meta property=\"og:url\" content=\"https:\/\/darkamazi.site\/archives\/1035865\" \/>\n<meta property=\"og:site_name\" content=\"Darka Mazi\" \/>\n<meta property=\"article:publisher\" content=\"https:\/\/www.facebook.com\/DarkaMaziturkce\" \/>\n<meta property=\"article:published_time\" content=\"2025-12-05T12:35:34+00:00\" \/>\n<meta property=\"og:image\" content=\"https:\/\/darkamazi.site\/file\/2025\/12\/Ozcelikt.jpg\" \/>\n\t<meta property=\"og:image:width\" content=\"1280\" \/>\n\t<meta property=\"og:image:height\" content=\"720\" \/>\n\t<meta property=\"og:image:type\" content=\"image\/jpeg\" \/>\n<meta name=\"author\" content=\"darka mazi\" \/>\n<meta name=\"twitter:card\" content=\"summary_large_image\" \/>\n<meta name=\"twitter:creator\" content=\"@DarkaMaziTurkce\" \/>\n<meta name=\"twitter:site\" content=\"@DarkaMaziTurkce\" \/>\n<meta name=\"twitter:label1\" content=\"Written by\" \/>\n\t<meta name=\"twitter:data1\" content=\"darka mazi\" \/>\n\t<meta name=\"twitter:label2\" content=\"Est. reading time\" \/>\n\t<meta name=\"twitter:data2\" content=\"2 minutes\" \/>\n<script type=\"application\/ld+json\" class=\"seo-schema-graph\">{\"@context\":\"https:\\\/\\\/schema.org\",\"@graph\":[{\"@type\":\"NewsArticle\",\"@id\":\"https:\\\/\\\/darkamazi.site\\\/archives\\\/1035865#article\",\"isPartOf\":{\"@id\":\"https:\\\/\\\/darkamazi.site\\\/archives\\\/1035865\"},\"author\":{\"name\":\"darka mazi\",\"@id\":\"https:\\\/\\\/darkamazi.site\\\/#\\\/schema\\\/person\\\/67986a95ac546c16760365877ef4a9d3\"},\"headline\":\"PWK Genel Ba\u015fkan\u0131 Mustafa \u00d6z\u00e7elik: Ba\u015fkan Say\u0131n Mesud Barzani, K\u00fcrt milletinin ortak bir milli lideri ve onurudur\",\"datePublished\":\"2025-12-05T12:35:34+00:00\",\"mainEntityOfPage\":{\"@id\":\"https:\\\/\\\/darkamazi.site\\\/archives\\\/1035865\"},\"wordCount\":545,\"publisher\":{\"@id\":\"https:\\\/\\\/darkamazi.site\\\/#organization\"},\"image\":{\"@id\":\"https:\\\/\\\/darkamazi.site\\\/archives\\\/1035865#primaryimage\"},\"thumbnailUrl\":\"https:\\\/\\\/darkamazi.site\\\/darka-content\\\/uploads\\\/2025\\\/12\\\/Ozcelikt.jpg\",\"keywords\":[\"\u00f6nemli\"],\"articleSection\":[\"Kurdistan\"],\"inLanguage\":\"en-US\"},{\"@type\":\"WebPage\",\"@id\":\"https:\\\/\\\/darkamazi.site\\\/archives\\\/1035865\",\"url\":\"https:\\\/\\\/darkamazi.site\\\/archives\\\/1035865\",\"name\":\"PWK Genel Ba\u015fkan\u0131 Mustafa \u00d6z\u00e7elik: Ba\u015fkan Say\u0131n Mesud Barzani, K\u00fcrt milletinin ortak bir milli lideri ve onurudur - Darka Mazi\",\"isPartOf\":{\"@id\":\"https:\\\/\\\/darkamazi.site\\\/#website\"},\"primaryImageOfPage\":{\"@id\":\"https:\\\/\\\/darkamazi.site\\\/archives\\\/1035865#primaryimage\"},\"image\":{\"@id\":\"https:\\\/\\\/darkamazi.site\\\/archives\\\/1035865#primaryimage\"},\"thumbnailUrl\":\"https:\\\/\\\/darkamazi.site\\\/darka-content\\\/uploads\\\/2025\\\/12\\\/Ozcelikt.jpg\",\"datePublished\":\"2025-12-05T12:35:34+00:00\",\"breadcrumb\":{\"@id\":\"https:\\\/\\\/darkamazi.site\\\/archives\\\/1035865#breadcrumb\"},\"inLanguage\":\"en-US\",\"potentialAction\":[{\"@type\":\"ReadAction\",\"target\":[\"https:\\\/\\\/darkamazi.site\\\/archives\\\/1035865\"]}]},{\"@type\":\"ImageObject\",\"inLanguage\":\"en-US\",\"@id\":\"https:\\\/\\\/darkamazi.site\\\/archives\\\/1035865#primaryimage\",\"url\":\"https:\\\/\\\/darkamazi.site\\\/darka-content\\\/uploads\\\/2025\\\/12\\\/Ozcelikt.jpg\",\"contentUrl\":\"https:\\\/\\\/darkamazi.site\\\/darka-content\\\/uploads\\\/2025\\\/12\\\/Ozcelikt.jpg\",\"width\":1280,\"height\":720,\"caption\":\"PWK Genel Ba\u015fkan\u0131 Mustafa \u00d6z\u00e7elik: Ba\u015fkan Say\u0131n Mesud Barzani, K\u00fcrt milletinin ortak bir milli lideri ve onurudur\"},{\"@type\":\"BreadcrumbList\",\"@id\":\"https:\\\/\\\/darkamazi.site\\\/archives\\\/1035865#breadcrumb\",\"itemListElement\":[{\"@type\":\"ListItem\",\"position\":1,\"name\":\"Home\",\"item\":\"https:\\\/\\\/darkamazi.site\\\/\"},{\"@type\":\"ListItem\",\"position\":2,\"name\":\"PWK Genel Ba\u015fkan\u0131 Mustafa \u00d6z\u00e7elik: Ba\u015fkan Say\u0131n Mesud Barzani, K\u00fcrt milletinin ortak bir milli lideri ve onurudur\"}]},{\"@type\":\"WebSite\",\"@id\":\"https:\\\/\\\/darkamazi.site\\\/#website\",\"url\":\"https:\\\/\\\/darkamazi.site\\\/\",\"name\":\"Darka Mazi\",\"description\":\"Ana Sayfa\",\"publisher\":{\"@id\":\"https:\\\/\\\/darkamazi.site\\\/#organization\"},\"potentialAction\":[{\"@type\":\"SearchAction\",\"target\":{\"@type\":\"EntryPoint\",\"urlTemplate\":\"https:\\\/\\\/darkamazi.site\\\/?s={search_term_string}\"},\"query-input\":{\"@type\":\"PropertyValueSpecification\",\"valueRequired\":true,\"valueName\":\"search_term_string\"}}],\"inLanguage\":\"en-US\"},{\"@type\":\"Organization\",\"@id\":\"https:\\\/\\\/darkamazi.site\\\/#organization\",\"name\":\"Darka Mazi T\u00fcrk\u00e7e\",\"alternateName\":\"Darka Mazi\",\"url\":\"https:\\\/\\\/darkamazi.site\\\/\",\"logo\":{\"@type\":\"ImageObject\",\"inLanguage\":\"en-US\",\"@id\":\"https:\\\/\\\/darkamazi.site\\\/#\\\/schema\\\/logo\\\/image\\\/\",\"url\":\"https:\\\/\\\/darkamazi.site\\\/darka-content\\\/uploads\\\/2017\\\/12\\\/darka-mazi-logo.png\",\"contentUrl\":\"https:\\\/\\\/darkamazi.site\\\/darka-content\\\/uploads\\\/2017\\\/12\\\/darka-mazi-logo.png\",\"width\":151,\"height\":75,\"caption\":\"Darka Mazi T\u00fcrk\u00e7e\"},\"image\":{\"@id\":\"https:\\\/\\\/darkamazi.site\\\/#\\\/schema\\\/logo\\\/image\\\/\"},\"sameAs\":[\"https:\\\/\\\/www.facebook.com\\\/DarkaMaziturkce\",\"https:\\\/\\\/x.com\\\/DarkaMaziTurkce\"]},{\"@type\":\"Person\",\"@id\":\"https:\\\/\\\/darkamazi.site\\\/#\\\/schema\\\/person\\\/67986a95ac546c16760365877ef4a9d3\",\"name\":\"darka mazi\",\"sameAs\":[\"https:\\\/\\\/darkamazi.site\"],\"url\":\"https:\\\/\\\/darkamazi.site\\\/archives\\\/author\\\/turkish\"}]}<\/script>\n<!-- \/ Yoast SEO plugin. -->","seo_head_json":{"title":"PWK Genel Ba\u015fkan\u0131 Mustafa \u00d6z\u00e7elik: Ba\u015fkan Say\u0131n Mesud Barzani, K\u00fcrt milletinin ortak bir milli lideri ve onurudur - Darka Mazi","robots":{"index":"index","follow":"follow","max-snippet":"max-snippet:-1","max-image-preview":"max-image-preview:large","max-video-preview":"max-video-preview:-1"},"canonical":"https:\/\/darkamazi.site\/archives\/1035865","og_locale":"en_US","og_type":"article","og_title":"PWK Genel Ba\u015fkan\u0131 Mustafa \u00d6z\u00e7elik: Ba\u015fkan Say\u0131n Mesud Barzani, K\u00fcrt milletinin ortak bir milli lideri ve onurudur - Darka Mazi","og_description":"K\u00fcrdistan Yurtseverler Partisi (PWK) Genel Ba\u015fkan\u0131 Mustafa \u00d6z\u00e7elik: Ba\u015fkan Say\u0131n Mesud Barzani\u2019ye Y\u00f6nelik Irk\u00e7\u0131 Sald\u0131r\u0131 ve S\u00f6ylemleri K\u0131n\u0131yoruz Ba\u015fkan Say\u0131n Mesud Barzani, 29 Kas\u0131m 2025 g\u00fcn\u00fc \u015e\u0131rnak\u2019\u0131n Cizre il\u00e7esinde, \u015e\u0131rnak \u00dcniversitesi\u2019nin organizasyonu ile d\u00fczenlenen 4. Uluslararas\u0131 Melay\u00ea Ciz\u00eer\u00ee Sempozyumu\u2019na kat\u0131ld\u0131. Ba\u015fkan Say\u0131n Mesud Barzani, \u015e\u0131rnak \u00dcniversitesi\u2019nin davetlisi olarak bu sempozyuma kat\u0131ld\u0131. PWK Genel Ba\u015fkan Yard\u0131mc\u0131lar\u0131 [&hellip;]","og_url":"https:\/\/darkamazi.site\/archives\/1035865","og_site_name":"Darka Mazi","article_publisher":"https:\/\/www.facebook.com\/DarkaMaziturkce","article_published_time":"2025-12-05T12:35:34+00:00","og_image":[{"width":1280,"height":720,"url":"https:\/\/darkamazi.site\/file\/2025\/12\/Ozcelikt.jpg","type":"image\/jpeg"}],"author":"darka mazi","twitter_card":"summary_large_image","twitter_creator":"@DarkaMaziTurkce","twitter_site":"@DarkaMaziTurkce","twitter_misc":{"Written by":"darka mazi","Est. reading time":"2 minutes"},"schema":{"@context":"https:\/\/schema.org","@graph":[{"@type":"NewsArticle","@id":"https:\/\/darkamazi.site\/archives\/1035865#article","isPartOf":{"@id":"https:\/\/darkamazi.site\/archives\/1035865"},"author":{"name":"darka mazi","@id":"https:\/\/darkamazi.site\/#\/schema\/person\/67986a95ac546c16760365877ef4a9d3"},"headline":"PWK Genel Ba\u015fkan\u0131 Mustafa \u00d6z\u00e7elik: Ba\u015fkan Say\u0131n Mesud Barzani, K\u00fcrt milletinin ortak bir milli lideri ve onurudur","datePublished":"2025-12-05T12:35:34+00:00","mainEntityOfPage":{"@id":"https:\/\/darkamazi.site\/archives\/1035865"},"wordCount":545,"publisher":{"@id":"https:\/\/darkamazi.site\/#organization"},"image":{"@id":"https:\/\/darkamazi.site\/archives\/1035865#primaryimage"},"thumbnailUrl":"https:\/\/darkamazi.site\/file\/2025\/12\/Ozcelikt.jpg","keywords":["\u00f6nemli"],"articleSection":["Kurdistan"],"inLanguage":"en-US"},{"@type":"WebPage","@id":"https:\/\/darkamazi.site\/archives\/1035865","url":"https:\/\/darkamazi.site\/archives\/1035865","name":"PWK Genel Ba\u015fkan\u0131 Mustafa \u00d6z\u00e7elik: Ba\u015fkan Say\u0131n Mesud Barzani, K\u00fcrt milletinin ortak bir milli lideri ve onurudur - Darka Mazi","isPartOf":{"@id":"https:\/\/darkamazi.site\/#website"},"primaryImageOfPage":{"@id":"https:\/\/darkamazi.site\/archives\/1035865#primaryimage"},"image":{"@id":"https:\/\/darkamazi.site\/archives\/1035865#primaryimage"},"thumbnailUrl":"https:\/\/darkamazi.site\/file\/2025\/12\/Ozcelikt.jpg","datePublished":"2025-12-05T12:35:34+00:00","breadcrumb":{"@id":"https:\/\/darkamazi.site\/archives\/1035865#breadcrumb"},"inLanguage":"en-US","potentialAction":[{"@type":"ReadAction","target":["https:\/\/darkamazi.site\/archives\/1035865"]}]},{"@type":"ImageObject","inLanguage":"en-US","@id":"https:\/\/darkamazi.site\/archives\/1035865#primaryimage","url":"https:\/\/darkamazi.site\/file\/2025\/12\/Ozcelikt.jpg","contentUrl":"https:\/\/darkamazi.site\/file\/2025\/12\/Ozcelikt.jpg","width":1280,"height":720,"caption":"PWK Genel Ba\u015fkan\u0131 Mustafa \u00d6z\u00e7elik: Ba\u015fkan Say\u0131n Mesud Barzani, K\u00fcrt milletinin ortak bir milli lideri ve onurudur"},{"@type":"BreadcrumbList","@id":"https:\/\/darkamazi.site\/archives\/1035865#breadcrumb","itemListElement":[{"@type":"ListItem","position":1,"name":"Home","item":"https:\/\/darkamazi.site\/"},{"@type":"ListItem","position":2,"name":"PWK Genel Ba\u015fkan\u0131 Mustafa \u00d6z\u00e7elik: Ba\u015fkan Say\u0131n Mesud Barzani, K\u00fcrt milletinin ortak bir milli lideri ve onurudur"}]},{"@type":"WebSite","@id":"https:\/\/darkamazi.site\/#website","url":"https:\/\/darkamazi.site\/","name":"Darka Mazi","description":"Ana Sayfa","publisher":{"@id":"https:\/\/darkamazi.site\/#organization"},"potentialAction":[{"@type":"SearchAction","target":{"@type":"EntryPoint","urlTemplate":"https:\/\/darkamazi.site\/?s={search_term_string}"},"query-input":{"@type":"PropertyValueSpecification","valueRequired":true,"valueName":"search_term_string"}}],"inLanguage":"en-US"},{"@type":"Organization","@id":"https:\/\/darkamazi.site\/#organization","name":"Darka Mazi T\u00fcrk\u00e7e","alternateName":"Darka Mazi","url":"https:\/\/darkamazi.site\/","logo":{"@type":"ImageObject","inLanguage":"en-US","@id":"https:\/\/darkamazi.site\/#\/schema\/logo\/image\/","url":"https:\/\/darkamazi.site\/file\/2017\/12\/darka-mazi-logo.png","contentUrl":"https:\/\/darkamazi.site\/file\/2017\/12\/darka-mazi-logo.png","width":151,"height":75,"caption":"Darka Mazi T\u00fcrk\u00e7e"},"image":{"@id":"https:\/\/darkamazi.site\/#\/schema\/logo\/image\/"},"sameAs":["https:\/\/www.facebook.com\/DarkaMaziturkce","https:\/\/x.com\/DarkaMaziTurkce"]},{"@type":"Person","@id":"https:\/\/darkamazi.site\/#\/schema\/person\/67986a95ac546c16760365877ef4a9d3","name":"darka mazi","sameAs":["https:\/\/darkamazi.site"],"url":"https:\/\/darkamazi.site\/archives\/author\/turkish"}]}},"_links":{"self":[{"href":"https:\/\/darkamazi.site\/funavuv\/wp\/v2\/posts\/1035865","targetHints":{"allow":["GET"]}}],"collection":[{"href":"https:\/\/darkamazi.site\/funavuv\/wp\/v2\/posts"}],"about":[{"href":"https:\/\/darkamazi.site\/funavuv\/wp\/v2\/types\/post"}],"author":[{"embeddable":true,"href":"https:\/\/darkamazi.site\/funavuv\/wp\/v2\/users\/2"}],"replies":[{"embeddable":true,"href":"https:\/\/darkamazi.site\/funavuv\/wp\/v2\/comments?post=1035865"}],"version-history":[{"count":0,"href":"https:\/\/darkamazi.site\/funavuv\/wp\/v2\/posts\/1035865\/revisions"}],"wp:featuredmedia":[{"embeddable":true,"href":"https:\/\/darkamazi.site\/funavuv\/wp\/v2\/media\/1035866"}],"wp:attachment":[{"href":"https:\/\/darkamazi.site\/funavuv\/wp\/v2\/media?parent=1035865"}],"wp:term":[{"taxonomy":"category","embeddable":true,"href":"https:\/\/darkamazi.site\/funavuv\/wp\/v2\/categories?post=1035865"},{"taxonomy":"post_tag","embeddable":true,"href":"https:\/\/darkamazi.site\/funavuv\/wp\/v2\/tags?post=1035865"}],"curies":[{"name":"wp","href":"https:\/\/api.w.org\/{rel}","templated":true}]}}