{"id":1035868,"date":"2025-12-05T15:51:22","date_gmt":"2025-12-05T12:51:22","guid":{"rendered":"https:\/\/darkamazi.site\/?p=1035868"},"modified":"2025-12-05T15:51:22","modified_gmt":"2025-12-05T12:51:22","slug":"yasir-ebu-sebabi-hamas-mi-vurdu","status":"publish","type":"post","link":"https:\/\/darkamazi.site\/archives\/1035868","title":{"rendered":"Yasir Ebu \u015eebab&#8217;\u0131 Hamas m\u0131 vurdu?"},"content":{"rendered":"<p style=\"text-align: justify\">Gazze\u2019de Hamas&#8217;a kar\u015f\u0131 sava\u015fan, \u0130srail destekli \u201cHalk G\u00fc\u00e7leri\u201dnin lideri Yasir Ebu \u015eebab\u2019\u0131n suikast sonucu \u00f6ld\u00fcr\u00fcld\u00fc\u011f\u00fc bildirildi.<\/p>\n<p style=\"text-align: justify\">\u0130srail&#8217;in Hamas&#8217;a kar\u015f\u0131 silahland\u0131rarak sava\u015ft\u0131rd\u0131\u011f\u0131 Ebu \u015eebab, Gazze&#8217;nin g\u00fcneyinde di\u011fer \u0130srail yanl\u0131s\u0131 a\u015firetler aras\u0131 ya\u015fanan bir i\u00e7 \u00e7at\u0131\u015fma s\u0131ras\u0131nda \u00f6ld\u00fcr\u00fcld\u00fc.<\/p>\n<p style=\"text-align: justify\">Ebu \u015eebab ile birlikte ayn\u0131 \u00e7at\u0131\u015fmada \u00e7ok say\u0131da militan da \u00f6ld\u00fc.<\/p>\n<p style=\"text-align: justify\">\u0130srail bas\u0131n\u0131nda, Tel Aviv y\u00f6netimiyle Hamas&#8217;a kar\u015f\u0131 i\u015fbirli\u011fi yapan Ebu \u015eebab\u2019\u0131n Gazze&#8217;de \u00e7\u0131kan \u00e7at\u0131\u015fmada yaraland\u0131ktan sonra \u0130srail&#8217;in Soroka Hastanesine kald\u0131r\u0131ld\u0131\u011f\u0131 ve burada \u00f6ld\u00fc\u011f\u00fc bilgisi payla\u015f\u0131ld\u0131.<\/p>\n<p style=\"text-align: justify\">Halk G\u00fc\u00e7leri konseyi yapt\u0131\u011f\u0131 a\u00e7\u0131klamada liderlerinin &#8220;Hamas art\u0131klar\u0131 taraf\u0131ndan vuruldu\u011funu&#8221; s\u00f6ylemi\u015fti.<\/p>\n<p style=\"text-align: justify\"><strong>Hamas&#8217;tan beklenen a\u00e7\u0131klama geldi<\/strong><\/p>\n<p style=\"font-weight: 400;text-align: justify\">Hamas, \u0130srail\u2019in destekledi\u011fi Hamas kar\u015f\u0131t\u0131 grubun lideri Yasir Ebu \u015eebab&#8217;\u0131n \u00f6ld\u00fcr\u00fclmesinin, &#8220;halk\u0131na ve vatan\u0131na ihanet yolunu se\u00e7en herkesin ka\u00e7\u0131n\u0131lmaz sonu&#8221; oldu\u011funu a\u00e7\u0131klad\u0131.<\/p>\n<p style=\"font-weight: 400;text-align: justify\">Hamas, d\u00fcn ak\u015fam saatlerinde yapt\u0131\u011f\u0131 a\u00e7\u0131klamayla Ebu \u015eebab&#8217;\u0131n \u00f6l\u00fcm\u00fcne ili\u015fkin de\u011ferlendirmelerde bulundu.<\/p>\n<p style=\"font-weight: 400;text-align: justify\">Hamas, Ebu \u015eebab ve grubunun i\u015fledi\u011fi su\u00e7lar\u0131n &#8220;ulusal ve toplumsal saftan a\u00e7\u0131k bir kopu\u015f te\u015fkil etti\u011fini&#8221; belirtti.<\/p>\n<p style=\"font-weight: 400;text-align: justify\">A\u00e7\u0131klamada, Ebu \u015eebab&#8217;\u0131n davran\u0131\u015flar\u0131n\u0131n &#8220;yaln\u0131zca kendini i\u00e7ine att\u0131\u011f\u0131 marjinal, d\u0131\u015flanm\u0131\u015f kesimi temsil etti\u011fi&#8221; ifade edildi.<\/p>\n<p style=\"font-weight: 400;text-align: justify\"><b><strong>&#8216;\u0130srail&#8217;in acziyetinin g\u00f6stergesi&#8217;<\/strong><\/b><\/p>\n<p style=\"font-weight: 400;text-align: justify\">Hamas, \u0130srail&#8217;in Gazze&#8217;de &#8220;hayali projelerini hayata ge\u00e7irmek i\u00e7in toplumsal ve ahlaki a\u00e7\u0131dan d\u00fc\u015fm\u00fc\u015f, kanun d\u0131\u015f\u0131 \u00e7etelere bel ba\u011flamas\u0131n\u0131&#8221;, halk\u0131n direni\u015fi kar\u015f\u0131s\u0131ndaki &#8220;acziyetinin bir g\u00f6stergesi&#8221; olarak de\u011ferlendirdi.<\/p>\n<p style=\"font-weight: 400;text-align: justify\">A\u00e7\u0131klamada, &#8220;Ajanlar\u0131n\u0131 dahi koruyamayan i\u015fgalci, hi\u00e7bir piyonunu koruyamaz&#8221; denildi.<\/p>\n","protected":false},"excerpt":{"rendered":"<p>Gazze\u2019de Hamas&#8217;a kar\u015f\u0131 sava\u015fan, \u0130srail destekli \u201cHalk G\u00fc\u00e7leri\u201dnin lideri Yasir Ebu \u015eebab\u2019\u0131n suikast sonucu \u00f6ld\u00fcr\u00fcld\u00fc\u011f\u00fc bildirildi. \u0130srail&#8217;in Hamas&#8217;a kar\u015f\u0131 silahland\u0131rarak sava\u015ft\u0131rd\u0131\u011f\u0131 Ebu \u015eebab, Gazze&#8217;nin g\u00fcneyinde di\u011fer \u0130srail yanl\u0131s\u0131 a\u015firetler aras\u0131 ya\u015fanan bir i\u00e7 \u00e7at\u0131\u015fma s\u0131ras\u0131nda \u00f6ld\u00fcr\u00fcld\u00fc. Ebu \u015eebab ile birlikte ayn\u0131 \u00e7at\u0131\u015fmada \u00e7ok say\u0131da militan da \u00f6ld\u00fc. \u0130srail bas\u0131n\u0131nda, Tel Aviv y\u00f6netimiyle Hamas&#8217;a kar\u015f\u0131 i\u015fbirli\u011fi [&hellip;]<\/p>\n","protected":false},"author":2,"featured_media":1035869,"comment_status":"closed","ping_status":"closed","sticky":false,"template":"","format":"standard","meta":{"footnotes":""},"categories":[29],"tags":[],"class_list":["post-1035868","post","type-post","status-publish","format-standard","has-post-thumbnail","hentry","category-ortadogu"],"blocksy_meta":[],"seo_head":"<!-- This site is optimized with the Yoast SEO plugin v27.5 - https:\/\/yoast.com\/product\/yoast-seo-wordpress\/ -->\n<title>Yasir Ebu \u015eebab&#039;\u0131 Hamas m\u0131 vurdu? - Darka Mazi<\/title>\n<meta name=\"robots\" content=\"index, follow, max-snippet:-1, max-image-preview:large, max-video-preview:-1\" \/>\n<link rel=\"canonical\" href=\"https:\/\/darkamazi.site\/archives\/1035868\" \/>\n<meta property=\"og:locale\" content=\"en_US\" \/>\n<meta property=\"og:type\" content=\"article\" \/>\n<meta property=\"og:title\" content=\"Yasir Ebu \u015eebab&#039;\u0131 Hamas m\u0131 vurdu? - Darka Mazi\" \/>\n<meta property=\"og:description\" content=\"Gazze\u2019de Hamas&#8217;a kar\u015f\u0131 sava\u015fan, \u0130srail destekli \u201cHalk G\u00fc\u00e7leri\u201dnin lideri Yasir Ebu \u015eebab\u2019\u0131n suikast sonucu \u00f6ld\u00fcr\u00fcld\u00fc\u011f\u00fc bildirildi. \u0130srail&#8217;in Hamas&#8217;a kar\u015f\u0131 silahland\u0131rarak sava\u015ft\u0131rd\u0131\u011f\u0131 Ebu \u015eebab, Gazze&#8217;nin g\u00fcneyinde di\u011fer \u0130srail yanl\u0131s\u0131 a\u015firetler aras\u0131 ya\u015fanan bir i\u00e7 \u00e7at\u0131\u015fma s\u0131ras\u0131nda \u00f6ld\u00fcr\u00fcld\u00fc. Ebu \u015eebab ile birlikte ayn\u0131 \u00e7at\u0131\u015fmada \u00e7ok say\u0131da militan da \u00f6ld\u00fc. \u0130srail bas\u0131n\u0131nda, Tel Aviv y\u00f6netimiyle Hamas&#8217;a kar\u015f\u0131 i\u015fbirli\u011fi [&hellip;]\" \/>\n<meta property=\"og:url\" content=\"https:\/\/darkamazi.site\/archives\/1035868\" \/>\n<meta property=\"og:site_name\" content=\"Darka Mazi\" \/>\n<meta property=\"article:publisher\" content=\"https:\/\/www.facebook.com\/DarkaMaziturkce\" \/>\n<meta property=\"article:published_time\" content=\"2025-12-05T12:51:22+00:00\" \/>\n<meta property=\"og:image\" content=\"https:\/\/darkamazi.site\/file\/2025\/12\/Ebu-Yasir.jpg\" \/>\n\t<meta property=\"og:image:width\" content=\"1200\" \/>\n\t<meta property=\"og:image:height\" content=\"675\" \/>\n\t<meta property=\"og:image:type\" content=\"image\/jpeg\" \/>\n<meta name=\"author\" content=\"darka mazi\" \/>\n<meta name=\"twitter:card\" content=\"summary_large_image\" \/>\n<meta name=\"twitter:creator\" content=\"@DarkaMaziTurkce\" \/>\n<meta name=\"twitter:site\" content=\"@DarkaMaziTurkce\" \/>\n<meta name=\"twitter:label1\" content=\"Written by\" \/>\n\t<meta name=\"twitter:data1\" content=\"darka mazi\" \/>\n\t<meta name=\"twitter:label2\" content=\"Est. reading time\" \/>\n\t<meta name=\"twitter:data2\" content=\"2 minutes\" \/>\n<script type=\"application\/ld+json\" class=\"seo-schema-graph\">{\"@context\":\"https:\\\/\\\/schema.org\",\"@graph\":[{\"@type\":\"NewsArticle\",\"@id\":\"https:\\\/\\\/darkamazi.site\\\/archives\\\/1035868#article\",\"isPartOf\":{\"@id\":\"https:\\\/\\\/darkamazi.site\\\/archives\\\/1035868\"},\"author\":{\"name\":\"darka mazi\",\"@id\":\"https:\\\/\\\/darkamazi.site\\\/#\\\/schema\\\/person\\\/67986a95ac546c16760365877ef4a9d3\"},\"headline\":\"Yasir Ebu \u015eebab&#8217;\u0131 Hamas m\u0131 vurdu?\",\"datePublished\":\"2025-12-05T12:51:22+00:00\",\"mainEntityOfPage\":{\"@id\":\"https:\\\/\\\/darkamazi.site\\\/archives\\\/1035868\"},\"wordCount\":303,\"publisher\":{\"@id\":\"https:\\\/\\\/darkamazi.site\\\/#organization\"},\"image\":{\"@id\":\"https:\\\/\\\/darkamazi.site\\\/archives\\\/1035868#primaryimage\"},\"thumbnailUrl\":\"https:\\\/\\\/darkamazi.site\\\/darka-content\\\/uploads\\\/2025\\\/12\\\/Ebu-Yasir.jpg\",\"articleSection\":[\"Ortado\u011fu\"],\"inLanguage\":\"en-US\"},{\"@type\":\"WebPage\",\"@id\":\"https:\\\/\\\/darkamazi.site\\\/archives\\\/1035868\",\"url\":\"https:\\\/\\\/darkamazi.site\\\/archives\\\/1035868\",\"name\":\"Yasir Ebu \u015eebab'\u0131 Hamas m\u0131 vurdu? - Darka Mazi\",\"isPartOf\":{\"@id\":\"https:\\\/\\\/darkamazi.site\\\/#website\"},\"primaryImageOfPage\":{\"@id\":\"https:\\\/\\\/darkamazi.site\\\/archives\\\/1035868#primaryimage\"},\"image\":{\"@id\":\"https:\\\/\\\/darkamazi.site\\\/archives\\\/1035868#primaryimage\"},\"thumbnailUrl\":\"https:\\\/\\\/darkamazi.site\\\/darka-content\\\/uploads\\\/2025\\\/12\\\/Ebu-Yasir.jpg\",\"datePublished\":\"2025-12-05T12:51:22+00:00\",\"breadcrumb\":{\"@id\":\"https:\\\/\\\/darkamazi.site\\\/archives\\\/1035868#breadcrumb\"},\"inLanguage\":\"en-US\",\"potentialAction\":[{\"@type\":\"ReadAction\",\"target\":[\"https:\\\/\\\/darkamazi.site\\\/archives\\\/1035868\"]}]},{\"@type\":\"ImageObject\",\"inLanguage\":\"en-US\",\"@id\":\"https:\\\/\\\/darkamazi.site\\\/archives\\\/1035868#primaryimage\",\"url\":\"https:\\\/\\\/darkamazi.site\\\/darka-content\\\/uploads\\\/2025\\\/12\\\/Ebu-Yasir.jpg\",\"contentUrl\":\"https:\\\/\\\/darkamazi.site\\\/darka-content\\\/uploads\\\/2025\\\/12\\\/Ebu-Yasir.jpg\",\"width\":1200,\"height\":675,\"caption\":\"Yasir Ebu \u015eebab'\u0131 Hamas m\u0131 vurdu?\"},{\"@type\":\"BreadcrumbList\",\"@id\":\"https:\\\/\\\/darkamazi.site\\\/archives\\\/1035868#breadcrumb\",\"itemListElement\":[{\"@type\":\"ListItem\",\"position\":1,\"name\":\"Home\",\"item\":\"https:\\\/\\\/darkamazi.site\\\/\"},{\"@type\":\"ListItem\",\"position\":2,\"name\":\"Yasir Ebu \u015eebab&#8217;\u0131 Hamas m\u0131 vurdu?\"}]},{\"@type\":\"WebSite\",\"@id\":\"https:\\\/\\\/darkamazi.site\\\/#website\",\"url\":\"https:\\\/\\\/darkamazi.site\\\/\",\"name\":\"Darka Mazi\",\"description\":\"Ana Sayfa\",\"publisher\":{\"@id\":\"https:\\\/\\\/darkamazi.site\\\/#organization\"},\"potentialAction\":[{\"@type\":\"SearchAction\",\"target\":{\"@type\":\"EntryPoint\",\"urlTemplate\":\"https:\\\/\\\/darkamazi.site\\\/?s={search_term_string}\"},\"query-input\":{\"@type\":\"PropertyValueSpecification\",\"valueRequired\":true,\"valueName\":\"search_term_string\"}}],\"inLanguage\":\"en-US\"},{\"@type\":\"Organization\",\"@id\":\"https:\\\/\\\/darkamazi.site\\\/#organization\",\"name\":\"Darka Mazi T\u00fcrk\u00e7e\",\"alternateName\":\"Darka Mazi\",\"url\":\"https:\\\/\\\/darkamazi.site\\\/\",\"logo\":{\"@type\":\"ImageObject\",\"inLanguage\":\"en-US\",\"@id\":\"https:\\\/\\\/darkamazi.site\\\/#\\\/schema\\\/logo\\\/image\\\/\",\"url\":\"https:\\\/\\\/darkamazi.site\\\/darka-content\\\/uploads\\\/2017\\\/12\\\/darka-mazi-logo.png\",\"contentUrl\":\"https:\\\/\\\/darkamazi.site\\\/darka-content\\\/uploads\\\/2017\\\/12\\\/darka-mazi-logo.png\",\"width\":151,\"height\":75,\"caption\":\"Darka Mazi T\u00fcrk\u00e7e\"},\"image\":{\"@id\":\"https:\\\/\\\/darkamazi.site\\\/#\\\/schema\\\/logo\\\/image\\\/\"},\"sameAs\":[\"https:\\\/\\\/www.facebook.com\\\/DarkaMaziturkce\",\"https:\\\/\\\/x.com\\\/DarkaMaziTurkce\"]},{\"@type\":\"Person\",\"@id\":\"https:\\\/\\\/darkamazi.site\\\/#\\\/schema\\\/person\\\/67986a95ac546c16760365877ef4a9d3\",\"name\":\"darka mazi\",\"sameAs\":[\"https:\\\/\\\/darkamazi.site\"],\"url\":\"https:\\\/\\\/darkamazi.site\\\/archives\\\/author\\\/turkish\"}]}<\/script>\n<!-- \/ Yoast SEO plugin. -->","seo_head_json":{"title":"Yasir Ebu \u015eebab'\u0131 Hamas m\u0131 vurdu? - Darka Mazi","robots":{"index":"index","follow":"follow","max-snippet":"max-snippet:-1","max-image-preview":"max-image-preview:large","max-video-preview":"max-video-preview:-1"},"canonical":"https:\/\/darkamazi.site\/archives\/1035868","og_locale":"en_US","og_type":"article","og_title":"Yasir Ebu \u015eebab'\u0131 Hamas m\u0131 vurdu? - Darka Mazi","og_description":"Gazze\u2019de Hamas&#8217;a kar\u015f\u0131 sava\u015fan, \u0130srail destekli \u201cHalk G\u00fc\u00e7leri\u201dnin lideri Yasir Ebu \u015eebab\u2019\u0131n suikast sonucu \u00f6ld\u00fcr\u00fcld\u00fc\u011f\u00fc bildirildi. \u0130srail&#8217;in Hamas&#8217;a kar\u015f\u0131 silahland\u0131rarak sava\u015ft\u0131rd\u0131\u011f\u0131 Ebu \u015eebab, Gazze&#8217;nin g\u00fcneyinde di\u011fer \u0130srail yanl\u0131s\u0131 a\u015firetler aras\u0131 ya\u015fanan bir i\u00e7 \u00e7at\u0131\u015fma s\u0131ras\u0131nda \u00f6ld\u00fcr\u00fcld\u00fc. Ebu \u015eebab ile birlikte ayn\u0131 \u00e7at\u0131\u015fmada \u00e7ok say\u0131da militan da \u00f6ld\u00fc. \u0130srail bas\u0131n\u0131nda, Tel Aviv y\u00f6netimiyle Hamas&#8217;a kar\u015f\u0131 i\u015fbirli\u011fi [&hellip;]","og_url":"https:\/\/darkamazi.site\/archives\/1035868","og_site_name":"Darka Mazi","article_publisher":"https:\/\/www.facebook.com\/DarkaMaziturkce","article_published_time":"2025-12-05T12:51:22+00:00","og_image":[{"width":1200,"height":675,"url":"https:\/\/darkamazi.site\/file\/2025\/12\/Ebu-Yasir.jpg","type":"image\/jpeg"}],"author":"darka mazi","twitter_card":"summary_large_image","twitter_creator":"@DarkaMaziTurkce","twitter_site":"@DarkaMaziTurkce","twitter_misc":{"Written by":"darka mazi","Est. reading time":"2 minutes"},"schema":{"@context":"https:\/\/schema.org","@graph":[{"@type":"NewsArticle","@id":"https:\/\/darkamazi.site\/archives\/1035868#article","isPartOf":{"@id":"https:\/\/darkamazi.site\/archives\/1035868"},"author":{"name":"darka mazi","@id":"https:\/\/darkamazi.site\/#\/schema\/person\/67986a95ac546c16760365877ef4a9d3"},"headline":"Yasir Ebu \u015eebab&#8217;\u0131 Hamas m\u0131 vurdu?","datePublished":"2025-12-05T12:51:22+00:00","mainEntityOfPage":{"@id":"https:\/\/darkamazi.site\/archives\/1035868"},"wordCount":303,"publisher":{"@id":"https:\/\/darkamazi.site\/#organization"},"image":{"@id":"https:\/\/darkamazi.site\/archives\/1035868#primaryimage"},"thumbnailUrl":"https:\/\/darkamazi.site\/file\/2025\/12\/Ebu-Yasir.jpg","articleSection":["Ortado\u011fu"],"inLanguage":"en-US"},{"@type":"WebPage","@id":"https:\/\/darkamazi.site\/archives\/1035868","url":"https:\/\/darkamazi.site\/archives\/1035868","name":"Yasir Ebu \u015eebab'\u0131 Hamas m\u0131 vurdu? - Darka Mazi","isPartOf":{"@id":"https:\/\/darkamazi.site\/#website"},"primaryImageOfPage":{"@id":"https:\/\/darkamazi.site\/archives\/1035868#primaryimage"},"image":{"@id":"https:\/\/darkamazi.site\/archives\/1035868#primaryimage"},"thumbnailUrl":"https:\/\/darkamazi.site\/file\/2025\/12\/Ebu-Yasir.jpg","datePublished":"2025-12-05T12:51:22+00:00","breadcrumb":{"@id":"https:\/\/darkamazi.site\/archives\/1035868#breadcrumb"},"inLanguage":"en-US","potentialAction":[{"@type":"ReadAction","target":["https:\/\/darkamazi.site\/archives\/1035868"]}]},{"@type":"ImageObject","inLanguage":"en-US","@id":"https:\/\/darkamazi.site\/archives\/1035868#primaryimage","url":"https:\/\/darkamazi.site\/file\/2025\/12\/Ebu-Yasir.jpg","contentUrl":"https:\/\/darkamazi.site\/file\/2025\/12\/Ebu-Yasir.jpg","width":1200,"height":675,"caption":"Yasir Ebu \u015eebab'\u0131 Hamas m\u0131 vurdu?"},{"@type":"BreadcrumbList","@id":"https:\/\/darkamazi.site\/archives\/1035868#breadcrumb","itemListElement":[{"@type":"ListItem","position":1,"name":"Home","item":"https:\/\/darkamazi.site\/"},{"@type":"ListItem","position":2,"name":"Yasir Ebu \u015eebab&#8217;\u0131 Hamas m\u0131 vurdu?"}]},{"@type":"WebSite","@id":"https:\/\/darkamazi.site\/#website","url":"https:\/\/darkamazi.site\/","name":"Darka Mazi","description":"Ana Sayfa","publisher":{"@id":"https:\/\/darkamazi.site\/#organization"},"potentialAction":[{"@type":"SearchAction","target":{"@type":"EntryPoint","urlTemplate":"https:\/\/darkamazi.site\/?s={search_term_string}"},"query-input":{"@type":"PropertyValueSpecification","valueRequired":true,"valueName":"search_term_string"}}],"inLanguage":"en-US"},{"@type":"Organization","@id":"https:\/\/darkamazi.site\/#organization","name":"Darka Mazi T\u00fcrk\u00e7e","alternateName":"Darka Mazi","url":"https:\/\/darkamazi.site\/","logo":{"@type":"ImageObject","inLanguage":"en-US","@id":"https:\/\/darkamazi.site\/#\/schema\/logo\/image\/","url":"https:\/\/darkamazi.site\/file\/2017\/12\/darka-mazi-logo.png","contentUrl":"https:\/\/darkamazi.site\/file\/2017\/12\/darka-mazi-logo.png","width":151,"height":75,"caption":"Darka Mazi T\u00fcrk\u00e7e"},"image":{"@id":"https:\/\/darkamazi.site\/#\/schema\/logo\/image\/"},"sameAs":["https:\/\/www.facebook.com\/DarkaMaziturkce","https:\/\/x.com\/DarkaMaziTurkce"]},{"@type":"Person","@id":"https:\/\/darkamazi.site\/#\/schema\/person\/67986a95ac546c16760365877ef4a9d3","name":"darka mazi","sameAs":["https:\/\/darkamazi.site"],"url":"https:\/\/darkamazi.site\/archives\/author\/turkish"}]}},"_links":{"self":[{"href":"https:\/\/darkamazi.site\/funavuv\/wp\/v2\/posts\/1035868","targetHints":{"allow":["GET"]}}],"collection":[{"href":"https:\/\/darkamazi.site\/funavuv\/wp\/v2\/posts"}],"about":[{"href":"https:\/\/darkamazi.site\/funavuv\/wp\/v2\/types\/post"}],"author":[{"embeddable":true,"href":"https:\/\/darkamazi.site\/funavuv\/wp\/v2\/users\/2"}],"replies":[{"embeddable":true,"href":"https:\/\/darkamazi.site\/funavuv\/wp\/v2\/comments?post=1035868"}],"version-history":[{"count":0,"href":"https:\/\/darkamazi.site\/funavuv\/wp\/v2\/posts\/1035868\/revisions"}],"wp:featuredmedia":[{"embeddable":true,"href":"https:\/\/darkamazi.site\/funavuv\/wp\/v2\/media\/1035869"}],"wp:attachment":[{"href":"https:\/\/darkamazi.site\/funavuv\/wp\/v2\/media?parent=1035868"}],"wp:term":[{"taxonomy":"category","embeddable":true,"href":"https:\/\/darkamazi.site\/funavuv\/wp\/v2\/categories?post=1035868"},{"taxonomy":"post_tag","embeddable":true,"href":"https:\/\/darkamazi.site\/funavuv\/wp\/v2\/tags?post=1035868"}],"curies":[{"name":"wp","href":"https:\/\/api.w.org\/{rel}","templated":true}]}}