{"id":1035871,"date":"2025-12-06T17:51:19","date_gmt":"2025-12-06T14:51:19","guid":{"rendered":"https:\/\/darkamazi.site\/?p=1035871"},"modified":"2025-12-06T17:51:19","modified_gmt":"2025-12-06T14:51:19","slug":"abdullah-ocalanin-siyasi-kavramlarinin-elestirisi-manipulasyon-hukuki-belirsizlik-ve-toplumsal-gerceklik","status":"publish","type":"post","link":"https:\/\/darkamazi.site\/archives\/1035871","title":{"rendered":"Abdullah \u00d6calan&#8217;\u0131n Siyasi Kavramlar\u0131n\u0131n Ele\u015ftirisi:  Manip\u00fclasyon, Hukuki Belirsizlik ve Toplumsal Ger\u00e7eklik"},"content":{"rendered":"<p style=\"text-align: justify\">Abdullah \u00d6calan\u2019a, 1978&#8217;de kurdurulan Kurdistan \u0130\u015f\u00e7i Partisi (PKK) arac\u0131l\u0131\u011f\u0131yla; \u00f6nce <strong><em>\u201cK\u00fcrt milliyet\u00e7ili\u011fi\u201d<\/em><\/strong> milli damar\u0131n\u0131 kullanma ve d\u00f6nemin <strong><em>\u201csosyalist ideolojiy<\/em><\/strong>i\u201d birle\u015ftiren bir fig\u00fcr olarak s\u00fcrece dahil edildi.<\/p>\n<p style=\"text-align: justify\">1999&#8217;da yakalanmas\u0131n\u0131n ard\u0131ndan \u0130mral\u0131 Cezaevi&#8217;nde tutulan \u00d6calan, ideolojisini evrilterek <strong><em>&#8220;demokratik konfederalizm&#8221; <\/em><\/strong>gibi kavramlara y\u00f6nelmi\u015ftir. Bu evrim, Murray Bookchin&#8217;in toplumsal ekoloji felsefesinden esinlenerek, devlet d\u0131\u015f\u0131 \u00f6zerk yap\u0131lar\u0131, cinsiyet e\u015fitli\u011fini ve ekolojik dengeyi \u00f6n plana \u00e7\u0131karmaktad\u0131r.<\/p>\n<p style=\"text-align: justify\">Asl\u0131nda bu stratejinin ama\u00e7lad\u0131\u011f\u0131 hedef; Kurd ulusal dinamikleri kullanmak, k\u0131r\u0131ma u\u011fratmak ve Kurdleri stratejik hedefinden al\u0131koymak ve ara\u00e7s\u0131z, savunmas\u0131z b\u0131rakmakt\u0131. Bu stratejinin hedef ve ama\u00e7lar\u0131n d\u00fczenleyicisi, T\u00fcrk devlet uzmanlar\u0131 idi. K\u0131sa vadeli olarak, b\u00fcy\u00fck oranda hedeflerine ula\u015ft\u0131lar. \u015eimdi devlet-\u00d6calan birlikte ba\u015flatt\u0131klar\u0131 <strong><em>\u201cyeni paradigma, ter\u00f6rs\u00fcz T\u00fcrkiye, beraber ya\u015fama zemini yaratma, karde\u015flik\u201d <\/em><\/strong>gibi kavramlarla, kavram karga\u015fal\u0131\u011f\u0131 yarat\u0131larak, umut satan umutsuzlar ordusunu y\u00f6nlendirmeye \u00e7al\u0131\u015fiyorlar.<\/p>\n<p style=\"text-align: justify\">\u00a0\u00d6calan&#8217;\u0131n s\u0131k\u00e7a kulland\u0131\u011f\u0131 <strong><em>&#8220;Bar\u0131\u015f ve Demokratik Toplum&#8221;, &#8220;\u00d6zg\u00fcr Yurtta\u015f Yasas\u0131&#8221;<\/em><\/strong> gibi ifadeler, alt\u0131 bo\u015f, hukuki temelden yoksun, soyut sloganlard\u0131r. Gelin bu makale, bu kavramlar\u0131n sosyolojik ve hukuki a\u00e7\u0131dan de\u011ferini sorgulayarak, onlar\u0131n manip\u00fclatif kullan\u0131m\u0131n\u0131 analiz edelim. Toplumsal taleplerin sloganlar yerine, s\u0131n\u0131rlar\u0131 net yasalarla d\u00fczenlenmesi gerekti\u011fi tezi, \u00e7a\u011fda\u015f bir \u00e7\u00f6z\u00fcm stratejisine sahip \u00f6nerilerle gelmek zorunda.<\/p>\n<p style=\"text-align: justify\">\u00d6calan&#8217;\u0131n ideolojisi, 2000\u2019lerden itibaren h\u0131zl\u0131 bir \u015fekilde \u201cKurd milliyet\u00e7ili\u011fi\u201d damar\u0131n\u0131 kullanmaktan vazge\u00e7erek ve \u201cMarksist-Leninist-Stalinist\u201d ideolojiyi kullanma stratejisinden vazge\u00e7erek, <strong><em>&#8220;demokratik konfederalizme&#8221;<\/em><\/strong> odaklanm\u0131\u015ft\u0131r. Bu sistem, yerel meclisler arac\u0131l\u0131\u011f\u0131yla \u00f6zerk y\u00f6netimler kurmay\u0131 hedeflerken, bar\u0131\u015f ve demokrasi kavramlar\u0131n\u0131 merkezi unsurlar haline getirmektedir.<\/p>\n<p style=\"text-align: justify\"><strong><em>Ne var ki, bu kavramlar akademik literat\u00fcrde s\u0131kl\u0131kla belirsiz ve ideolojik bir k\u0131r\u0131lma olarak ele\u015ftirilmektedir.<\/em><\/strong><\/p>\n<p style=\"text-align: justify\"><strong>\u00d6calan&#8217;\u0131n Kavramlar\u0131n\u0131n Sosyolojik ve Hukuki Analizi:<\/strong><\/p>\n<p style=\"text-align: justify\"><strong><em>Kavramlar\u0131n Belirsizli\u011fi ve Soyut Niteli\u011fi;<\/em><\/strong><\/p>\n<p style=\"text-align: justify\">\u00d6calan&#8217;\u0131n <strong><em>&#8220;Bar\u0131\u015f ve Demokratik Toplum&#8221;<\/em><\/strong> gibi kavramlar\u0131, PKK&#8217;n\u0131n ideolojik d\u00f6n\u00fc\u015f\u00fcm\u00fcnde kilit rol oynamaktad\u0131r. \u00d6rne\u011fin,<strong><em> &#8220;Bar\u0131\u015f ve Demokratik Toplum Manifestosun<\/em><\/strong>da bu ifadeler, \u015fiddet d\u0131\u015f\u0131 bir \u00e7\u00f6z\u00fcm \u00e7a\u011fr\u0131s\u0131 olarak sunulmaktad\u0131r.<\/p>\n<p style=\"text-align: justify\">Ancak, bu kavramlar sosyolojik a\u00e7\u0131dan somut bir de\u011fer ta\u015f\u0131mamaktad\u0131r. Sosyoloji literat\u00fcr\u00fcnde toplumsal yap\u0131lar, normlar ve kurumlar \u00fczerinden tan\u0131mlan\u0131rken, \u00d6calan&#8217;\u0131n ifadeleri genel ge\u00e7er sloganlar olarak kalmakta, somut sosyal dinamiklere ba\u011flanmamaktad\u0131r. Ele\u015ftirmenler, bu kavramlar\u0131n <strong><em>&#8220;toplumsal do\u011fa&#8221;<\/em><\/strong> ve <strong><em>&#8220;sosyal problem&#8221;<\/em><\/strong> gibi soyutluklar \u00fczerine kurulu oldu\u011funu belirtmekte, bunlar\u0131n pratik bir toplumsal d\u00f6n\u00fc\u015f\u00fcm i\u00e7in yetersiz kald\u0131\u011f\u0131n\u0131 savunmaktad\u0131r.<\/p>\n<p style=\"text-align: justify\">Hukuki perspektiften bak\u0131ld\u0131\u011f\u0131nda ise, bu kavramlar uluslararas\u0131 hukuk normlar\u0131nda tan\u0131ml\u0131 bir anlam ta\u015f\u0131mamaktad\u0131r. Hukuk, haklar\u0131 s\u0131n\u0131rland\u0131ran ve koruyan yasalarla i\u015flerken, <strong><em>&#8220;\u00d6zg\u00fcr Yurtta\u015f Yasas\u0131&#8221;<\/em><\/strong> veya <strong><em>&#8220;\u00d6zg\u00fcrl\u00fck Yasalar\u0131&#8221;<\/em><\/strong> gibi ifadeler, belirsiz ve tarif edilemez niteliktedir. \u00d6rne\u011fin, <strong><em>Avrupa \u0130nsan Haklar\u0131 S\u00f6zle\u015fmesi <\/em><\/strong>veya <strong><em>Birle\u015fmi\u015f Milletler belgeleri <\/em><\/strong>gibi uluslararas\u0131 metinlerde haklar somut maddelerle d\u00fczenlenir; oysa \u00d6calan&#8217;\u0131n kavramlar\u0131, hukuki bir \u00e7er\u00e7eve sunmadan genel bir \u00f6zg\u00fcrl\u00fck vaadiyle s\u0131n\u0131rl\u0131d\u0131r. Bu belirsizlik, kavramlar\u0131n manip\u00fclatif kullanma zeminini hedefledi\u011fi ve manip\u00fclasyona hizmet etti\u011fi a\u00e7\u0131kt\u0131r. Bu da Kurdleri somut taleplerden uzakla\u015ft\u0131rmak i\u00e7in, uygun g\u00f6r\u00fclen bir stratejik hedefe ve onun ara\u00e7lar\u0131na hizmet etmektedir.<\/p>\n<p style=\"text-align: justify\"><strong>Manip\u00fclasyon Unsuru:<\/strong><\/p>\n<p style=\"text-align: justify\"><strong><em>Toplumsal Kand\u0131r\u0131lma ve \u0130deolojik Evrim;<\/em><\/strong><\/p>\n<p style=\"text-align: justify\">\u00d6calan&#8217;\u0131n kavramlar\u0131, PKK&#8217;n\u0131n ideolojik evriminde stratejik bir ara\u00e7 olarak g\u00f6r\u00fclmektedir. 1990&#8217;lar\u0131n \u015fiddet odakl\u0131 yakla\u015f\u0131m\u0131ndan 2010&#8217;lara uzanan bar\u0131\u015f \u00e7a\u011fr\u0131lar\u0131na ge\u00e7i\u015f, <strong><em>&#8220;demokratik konfederalizm&#8221;<\/em><\/strong> alt\u0131nda toplanm\u0131\u015ft\u0131r.<\/p>\n<p style=\"text-align: justify\">Ancak, bu ge\u00e7i\u015f taktiksel bir yeniden markala\u015fmay\u0131 ama\u00e7lamaktad\u0131r ve \u00d6calan, hapishaneden, devlet kurumlar\u0131 ile birlikte \u00f6rg\u00fct\u00fc y\u00f6nlendirdi\u011fi, art\u0131k tart\u0131\u015fmas\u0131z verileri bize sunulmaktad\u0131r.<\/p>\n<p style=\"text-align: justify\">Kavramlar\u0131n alt\u0131n\u0131n bo\u015f olmas\u0131, onlar\u0131 manip\u00fclasyon i\u00e7in ideal k\u0131lmaktad\u0131r: <strong><em>&#8220;Bar\u0131\u015f ve Demokratik Toplum&#8221;<\/em><\/strong> gibi ifadeler, duygusal bir \u00e7ekicilik yarat\u0131rken, somut hukuki taleplerin yerini almaktad\u0131r. Bu da kitleleri kand\u0131rmak i\u00e7in iyi hesaplanm\u0131\u015f ara\u00e7 olarak \u00f6n\u00fcm\u00fcze \u00e7\u0131kmaktad\u0131r. Akademik analizlerde, \u00d6calan kanaliyle bize sunulan fikirleri, hayalc\u0131 <strong><em>Bookchin&#8217;in kom\u00fcnalizmi<\/em><\/strong>nden esinlense de pratikte belirsiz kald\u0131\u011f\u0131 ve Kurd milleti, millet olmaktan kaynakl\u0131 stratejik hedeflerinden uzakla\u015ft\u0131rmak i\u00e7in uygulamaya konulan bir strateji oldu\u011fu ortadad\u0131r.<\/p>\n<p style=\"text-align: justify\">Bu belirsizlik, kurdleri s\u00fcrekli bir umut taciri d\u00f6ng\u00fcs\u00fcne sokmakta, ger\u00e7ek\u00e7i stratejilerden uzakla\u015ft\u0131rmaktad\u0131r. Sosyolojik olarak, bu durum <strong><em>Max Weber<\/em><\/strong>&#8216;in karizmatik otorite kavram\u0131yla a\u00e7\u0131klanabilir:<\/p>\n<p style=\"text-align: justify\">T\u00fcrk devlet kurumlar\u0131 eliyle beslenen \u00d6calan&#8217;\u0131n karizmas\u0131, soyut sloganlarla peki\u015ftirilerek toplumsal mobilizasyon sa\u011flanmaya \u00e7al\u0131\u015f\u0131lmaktad\u0131r, ancak bu uzun vadede s\u00fcrd\u00fcr\u00fclebilir ama\u00e7 ve ara\u00e7lardan yoksundur ve iflas etme ger\u00e7e\u011fini i\u00e7inde ta\u015f\u0131maktad\u0131r. \u00c7\u00fcnk\u00fc Kurd ve Kurdistan gibi b\u00fcy\u00fck ve \u00e7etrefil bir sorunu, soyut, manip\u00fclatif kavramlarla ge\u00e7i\u015ftirme, a\u00e7\u0131k\u00e7a bir d\u00fc\u015fman projesi oldu\u011fu a\u015fikard\u0131r.<\/p>\n<p style=\"text-align: justify\"><strong>Hukuki ve Stratejik Alternatifler<\/strong><\/p>\n<p style=\"text-align: justify\">Sa\u011fl\u0131kl\u0131 bir toplumsal \u00e7\u00f6z\u00fcm, sloganlar yerine, hukuki temelli stratejiler gerektirir. Toplumsal talepler, yasalarla d\u00fczenlenir ve haklar\u0131n s\u0131n\u0131rlar\u0131 netle\u015ftirilerek yap\u0131l\u0131r. \u00d6rne\u011fin, \u00f6zerklik talepleri, \u0130spanya&#8217;daki Katalonya modeli gibi anayasal d\u00fczenlemelerle ele al\u0131nabilir: Somut yasal \u00e7er\u00e7eveler, \u00f6zerk b\u00f6lgelerin yetkilerini tan\u0131mlar.<\/p>\n<p style=\"text-align: justify\">\u00d6calan ad\u0131na kurdlere sunulan kavramlar ise, bu t\u00fcr somutluktan tamamen yoksun, manip\u00fcle ama\u00e7l\u0131 olup, sadece \u00e7a\u011fr\u0131 niteli\u011findedir. Bir de \u00d6calan etraf\u0131nda olu\u015fturulan cahil-m\u00fcrit kitleyi ve siyasi rant\u00e7\u0131larla ve T\u00fcrk sol canbazlar\u0131n devlet saha g\u00f6revlileri taraf\u0131ndan savunulmaya \u00e7al\u0131\u015f\u0131lmaktad\u0131r. Bu noktada da komik durumlara d\u00fc\u015fmektedirler.<\/p>\n<p style=\"text-align: justify\">E\u015f de\u011ferde sorunlar\u0131 olan milletler aras\u0131nda kar\u015f\u0131l\u0131kl\u0131,<strong><em> \u00c7a\u011fda\u015f bir \u00e7\u00f6z\u00fcm i\u00e7in strateji olu\u015fturulmadan olmaz. <\/em><\/strong>Bu strateji de ama\u00e7lar net izah edilmeli, uygulanabilir ve savunabilir ara\u00e7lar yarat\u0131lmal\u0131d\u0131r. Bu, uluslararas\u0131 arabuluculuk, anayasal reformlar ve sivil toplum kat\u0131l\u0131m\u0131n\u0131 i\u00e7ermelidir. T\u00fcrk devleti-\u00d6calan yakla\u015f\u0131m\u0131, bu stratejik derinlikten yoksun olup, manip\u00fclatif bir d\u00f6ng\u00fcy\u00fc hedeflemektedir.<\/p>\n<p style=\"text-align: justify\">Abdullah \u00d6calan&#8217;\u0131n kulland\u0131\u011f\u0131 kavramlar, akademik a\u00e7\u0131dan sosyolojik ve hukuki de\u011ferden yoksun sloganlar olarak de\u011ferlendirilmelidir. Bu ifadeler, Kurdleri manip\u00fcle etmek amac\u0131yla kullan\u0131lmakta, somut hukuki d\u00fczenlemelerin yerini almaktad\u0131r! Sa\u011fl\u0131kl\u0131 bir \u00e7\u00f6z\u00fcm, stratejik planlama ve yasal \u00e7er\u00e7evelerle m\u00fcmk\u00fcnd\u00fcr.<\/p>\n<p style=\"text-align: justify\">Kurd milletini do\u011fru ayd\u0131nlatmak i\u00e7in, Kurd akademisyenleri, ayd\u0131n\u0131 ve siyaset s\u0131n\u0131f\u0131, bu kavramlar\u0131n pratik uygulamalar\u0131n\u0131 kar\u015f\u0131la\u015ft\u0131rmal\u0131 olarak incelemelidir.<\/p>\n","protected":false},"excerpt":{"rendered":"<p>Abdullah \u00d6calan\u2019a, 1978&#8217;de kurdurulan Kurdistan \u0130\u015f\u00e7i Partisi (PKK) arac\u0131l\u0131\u011f\u0131yla; \u00f6nce \u201cK\u00fcrt milliyet\u00e7ili\u011fi\u201d milli damar\u0131n\u0131 kullanma ve d\u00f6nemin \u201csosyalist ideolojiyi\u201d birle\u015ftiren bir fig\u00fcr olarak s\u00fcrece dahil edildi. 1999&#8217;da yakalanmas\u0131n\u0131n ard\u0131ndan \u0130mral\u0131 Cezaevi&#8217;nde tutulan \u00d6calan, ideolojisini evrilterek &#8220;demokratik konfederalizm&#8221; gibi kavramlara y\u00f6nelmi\u015ftir. Bu evrim, Murray Bookchin&#8217;in toplumsal ekoloji felsefesinden esinlenerek, devlet d\u0131\u015f\u0131 \u00f6zerk yap\u0131lar\u0131, cinsiyet e\u015fitli\u011fini ve [&hellip;]<\/p>\n","protected":false},"author":2,"featured_media":1035872,"comment_status":"closed","ping_status":"closed","sticky":false,"template":"","format":"standard","meta":{"footnotes":""},"categories":[3],"tags":[31],"class_list":["post-1035871","post","type-post","status-publish","format-standard","has-post-thumbnail","hentry","category-kurdistan","tag-onemli"],"blocksy_meta":[],"seo_head":"<!-- This site is optimized with the Yoast SEO plugin v27.5 - https:\/\/yoast.com\/product\/yoast-seo-wordpress\/ -->\n<title>Abdullah \u00d6calan&#039;\u0131n Siyasi Kavramlar\u0131n\u0131n Ele\u015ftirisi: Manip\u00fclasyon, Hukuki Belirsizlik ve Toplumsal Ger\u00e7eklik - Darka Mazi<\/title>\n<meta name=\"robots\" content=\"index, follow, max-snippet:-1, max-image-preview:large, max-video-preview:-1\" \/>\n<link rel=\"canonical\" href=\"https:\/\/darkamazi.site\/archives\/1035871\" \/>\n<meta property=\"og:locale\" content=\"en_US\" \/>\n<meta property=\"og:type\" content=\"article\" \/>\n<meta property=\"og:title\" content=\"Abdullah \u00d6calan&#039;\u0131n Siyasi Kavramlar\u0131n\u0131n Ele\u015ftirisi: Manip\u00fclasyon, Hukuki Belirsizlik ve Toplumsal Ger\u00e7eklik - Darka Mazi\" \/>\n<meta property=\"og:description\" content=\"Abdullah \u00d6calan\u2019a, 1978&#8217;de kurdurulan Kurdistan \u0130\u015f\u00e7i Partisi (PKK) arac\u0131l\u0131\u011f\u0131yla; \u00f6nce \u201cK\u00fcrt milliyet\u00e7ili\u011fi\u201d milli damar\u0131n\u0131 kullanma ve d\u00f6nemin \u201csosyalist ideolojiyi\u201d birle\u015ftiren bir fig\u00fcr olarak s\u00fcrece dahil edildi. 1999&#8217;da yakalanmas\u0131n\u0131n ard\u0131ndan \u0130mral\u0131 Cezaevi&#8217;nde tutulan \u00d6calan, ideolojisini evrilterek &#8220;demokratik konfederalizm&#8221; gibi kavramlara y\u00f6nelmi\u015ftir. Bu evrim, Murray Bookchin&#8217;in toplumsal ekoloji felsefesinden esinlenerek, devlet d\u0131\u015f\u0131 \u00f6zerk yap\u0131lar\u0131, cinsiyet e\u015fitli\u011fini ve [&hellip;]\" \/>\n<meta property=\"og:url\" content=\"https:\/\/darkamazi.site\/archives\/1035871\" \/>\n<meta property=\"og:site_name\" content=\"Darka Mazi\" \/>\n<meta property=\"article:publisher\" content=\"https:\/\/www.facebook.com\/DarkaMaziturkce\" \/>\n<meta property=\"article:published_time\" content=\"2025-12-06T14:51:19+00:00\" \/>\n<meta property=\"og:image\" content=\"https:\/\/darkamazi.site\/file\/2025\/12\/sheyhmus-1.jpg\" \/>\n\t<meta property=\"og:image:width\" content=\"900\" \/>\n\t<meta property=\"og:image:height\" content=\"475\" \/>\n\t<meta property=\"og:image:type\" content=\"image\/jpeg\" \/>\n<meta name=\"author\" content=\"darka mazi\" \/>\n<meta name=\"twitter:card\" content=\"summary_large_image\" \/>\n<meta name=\"twitter:creator\" content=\"@DarkaMaziTurkce\" \/>\n<meta name=\"twitter:site\" content=\"@DarkaMaziTurkce\" \/>\n<meta name=\"twitter:label1\" content=\"Written by\" \/>\n\t<meta name=\"twitter:data1\" content=\"darka mazi\" \/>\n\t<meta name=\"twitter:label2\" content=\"Est. reading time\" \/>\n\t<meta name=\"twitter:data2\" content=\"4 minutes\" \/>\n<script type=\"application\/ld+json\" class=\"seo-schema-graph\">{\"@context\":\"https:\\\/\\\/schema.org\",\"@graph\":[{\"@type\":\"NewsArticle\",\"@id\":\"https:\\\/\\\/darkamazi.site\\\/archives\\\/1035871#article\",\"isPartOf\":{\"@id\":\"https:\\\/\\\/darkamazi.site\\\/archives\\\/1035871\"},\"author\":{\"name\":\"darka mazi\",\"@id\":\"https:\\\/\\\/darkamazi.site\\\/#\\\/schema\\\/person\\\/67986a95ac546c16760365877ef4a9d3\"},\"headline\":\"Abdullah \u00d6calan&#8217;\u0131n Siyasi Kavramlar\u0131n\u0131n Ele\u015ftirisi: Manip\u00fclasyon, Hukuki Belirsizlik ve Toplumsal Ger\u00e7eklik\",\"datePublished\":\"2025-12-06T14:51:19+00:00\",\"mainEntityOfPage\":{\"@id\":\"https:\\\/\\\/darkamazi.site\\\/archives\\\/1035871\"},\"wordCount\":1145,\"publisher\":{\"@id\":\"https:\\\/\\\/darkamazi.site\\\/#organization\"},\"image\":{\"@id\":\"https:\\\/\\\/darkamazi.site\\\/archives\\\/1035871#primaryimage\"},\"thumbnailUrl\":\"https:\\\/\\\/darkamazi.site\\\/darka-content\\\/uploads\\\/2025\\\/12\\\/sheyhmus-1.jpg\",\"keywords\":[\"\u00f6nemli\"],\"articleSection\":[\"Kurdistan\"],\"inLanguage\":\"en-US\"},{\"@type\":\"WebPage\",\"@id\":\"https:\\\/\\\/darkamazi.site\\\/archives\\\/1035871\",\"url\":\"https:\\\/\\\/darkamazi.site\\\/archives\\\/1035871\",\"name\":\"Abdullah \u00d6calan'\u0131n Siyasi Kavramlar\u0131n\u0131n Ele\u015ftirisi: Manip\u00fclasyon, Hukuki Belirsizlik ve Toplumsal Ger\u00e7eklik - Darka Mazi\",\"isPartOf\":{\"@id\":\"https:\\\/\\\/darkamazi.site\\\/#website\"},\"primaryImageOfPage\":{\"@id\":\"https:\\\/\\\/darkamazi.site\\\/archives\\\/1035871#primaryimage\"},\"image\":{\"@id\":\"https:\\\/\\\/darkamazi.site\\\/archives\\\/1035871#primaryimage\"},\"thumbnailUrl\":\"https:\\\/\\\/darkamazi.site\\\/darka-content\\\/uploads\\\/2025\\\/12\\\/sheyhmus-1.jpg\",\"datePublished\":\"2025-12-06T14:51:19+00:00\",\"breadcrumb\":{\"@id\":\"https:\\\/\\\/darkamazi.site\\\/archives\\\/1035871#breadcrumb\"},\"inLanguage\":\"en-US\",\"potentialAction\":[{\"@type\":\"ReadAction\",\"target\":[\"https:\\\/\\\/darkamazi.site\\\/archives\\\/1035871\"]}]},{\"@type\":\"ImageObject\",\"inLanguage\":\"en-US\",\"@id\":\"https:\\\/\\\/darkamazi.site\\\/archives\\\/1035871#primaryimage\",\"url\":\"https:\\\/\\\/darkamazi.site\\\/darka-content\\\/uploads\\\/2025\\\/12\\\/sheyhmus-1.jpg\",\"contentUrl\":\"https:\\\/\\\/darkamazi.site\\\/darka-content\\\/uploads\\\/2025\\\/12\\\/sheyhmus-1.jpg\",\"width\":900,\"height\":475,\"caption\":\"Abdullah \u00d6calan'\u0131n Siyasi Kavramlar\u0131n\u0131n Ele\u015ftirisi: Manip\u00fclasyon, Hukuki Belirsizlik ve Toplumsal Ger\u00e7eklik\"},{\"@type\":\"BreadcrumbList\",\"@id\":\"https:\\\/\\\/darkamazi.site\\\/archives\\\/1035871#breadcrumb\",\"itemListElement\":[{\"@type\":\"ListItem\",\"position\":1,\"name\":\"Home\",\"item\":\"https:\\\/\\\/darkamazi.site\\\/\"},{\"@type\":\"ListItem\",\"position\":2,\"name\":\"Abdullah \u00d6calan&#8217;\u0131n Siyasi Kavramlar\u0131n\u0131n Ele\u015ftirisi: Manip\u00fclasyon, Hukuki Belirsizlik ve Toplumsal Ger\u00e7eklik\"}]},{\"@type\":\"WebSite\",\"@id\":\"https:\\\/\\\/darkamazi.site\\\/#website\",\"url\":\"https:\\\/\\\/darkamazi.site\\\/\",\"name\":\"Darka Mazi\",\"description\":\"Ana Sayfa\",\"publisher\":{\"@id\":\"https:\\\/\\\/darkamazi.site\\\/#organization\"},\"potentialAction\":[{\"@type\":\"SearchAction\",\"target\":{\"@type\":\"EntryPoint\",\"urlTemplate\":\"https:\\\/\\\/darkamazi.site\\\/?s={search_term_string}\"},\"query-input\":{\"@type\":\"PropertyValueSpecification\",\"valueRequired\":true,\"valueName\":\"search_term_string\"}}],\"inLanguage\":\"en-US\"},{\"@type\":\"Organization\",\"@id\":\"https:\\\/\\\/darkamazi.site\\\/#organization\",\"name\":\"Darka Mazi T\u00fcrk\u00e7e\",\"alternateName\":\"Darka Mazi\",\"url\":\"https:\\\/\\\/darkamazi.site\\\/\",\"logo\":{\"@type\":\"ImageObject\",\"inLanguage\":\"en-US\",\"@id\":\"https:\\\/\\\/darkamazi.site\\\/#\\\/schema\\\/logo\\\/image\\\/\",\"url\":\"https:\\\/\\\/darkamazi.site\\\/darka-content\\\/uploads\\\/2017\\\/12\\\/darka-mazi-logo.png\",\"contentUrl\":\"https:\\\/\\\/darkamazi.site\\\/darka-content\\\/uploads\\\/2017\\\/12\\\/darka-mazi-logo.png\",\"width\":151,\"height\":75,\"caption\":\"Darka Mazi T\u00fcrk\u00e7e\"},\"image\":{\"@id\":\"https:\\\/\\\/darkamazi.site\\\/#\\\/schema\\\/logo\\\/image\\\/\"},\"sameAs\":[\"https:\\\/\\\/www.facebook.com\\\/DarkaMaziturkce\",\"https:\\\/\\\/x.com\\\/DarkaMaziTurkce\"]},{\"@type\":\"Person\",\"@id\":\"https:\\\/\\\/darkamazi.site\\\/#\\\/schema\\\/person\\\/67986a95ac546c16760365877ef4a9d3\",\"name\":\"darka mazi\",\"sameAs\":[\"https:\\\/\\\/darkamazi.site\"],\"url\":\"https:\\\/\\\/darkamazi.site\\\/archives\\\/author\\\/turkish\"}]}<\/script>\n<!-- \/ Yoast SEO plugin. -->","seo_head_json":{"title":"Abdullah \u00d6calan'\u0131n Siyasi Kavramlar\u0131n\u0131n Ele\u015ftirisi: Manip\u00fclasyon, Hukuki Belirsizlik ve Toplumsal Ger\u00e7eklik - Darka Mazi","robots":{"index":"index","follow":"follow","max-snippet":"max-snippet:-1","max-image-preview":"max-image-preview:large","max-video-preview":"max-video-preview:-1"},"canonical":"https:\/\/darkamazi.site\/archives\/1035871","og_locale":"en_US","og_type":"article","og_title":"Abdullah \u00d6calan'\u0131n Siyasi Kavramlar\u0131n\u0131n Ele\u015ftirisi: Manip\u00fclasyon, Hukuki Belirsizlik ve Toplumsal Ger\u00e7eklik - Darka Mazi","og_description":"Abdullah \u00d6calan\u2019a, 1978&#8217;de kurdurulan Kurdistan \u0130\u015f\u00e7i Partisi (PKK) arac\u0131l\u0131\u011f\u0131yla; \u00f6nce \u201cK\u00fcrt milliyet\u00e7ili\u011fi\u201d milli damar\u0131n\u0131 kullanma ve d\u00f6nemin \u201csosyalist ideolojiyi\u201d birle\u015ftiren bir fig\u00fcr olarak s\u00fcrece dahil edildi. 1999&#8217;da yakalanmas\u0131n\u0131n ard\u0131ndan \u0130mral\u0131 Cezaevi&#8217;nde tutulan \u00d6calan, ideolojisini evrilterek &#8220;demokratik konfederalizm&#8221; gibi kavramlara y\u00f6nelmi\u015ftir. Bu evrim, Murray Bookchin&#8217;in toplumsal ekoloji felsefesinden esinlenerek, devlet d\u0131\u015f\u0131 \u00f6zerk yap\u0131lar\u0131, cinsiyet e\u015fitli\u011fini ve [&hellip;]","og_url":"https:\/\/darkamazi.site\/archives\/1035871","og_site_name":"Darka Mazi","article_publisher":"https:\/\/www.facebook.com\/DarkaMaziturkce","article_published_time":"2025-12-06T14:51:19+00:00","og_image":[{"width":900,"height":475,"url":"https:\/\/darkamazi.site\/file\/2025\/12\/sheyhmus-1.jpg","type":"image\/jpeg"}],"author":"darka mazi","twitter_card":"summary_large_image","twitter_creator":"@DarkaMaziTurkce","twitter_site":"@DarkaMaziTurkce","twitter_misc":{"Written by":"darka mazi","Est. reading time":"4 minutes"},"schema":{"@context":"https:\/\/schema.org","@graph":[{"@type":"NewsArticle","@id":"https:\/\/darkamazi.site\/archives\/1035871#article","isPartOf":{"@id":"https:\/\/darkamazi.site\/archives\/1035871"},"author":{"name":"darka mazi","@id":"https:\/\/darkamazi.site\/#\/schema\/person\/67986a95ac546c16760365877ef4a9d3"},"headline":"Abdullah \u00d6calan&#8217;\u0131n Siyasi Kavramlar\u0131n\u0131n Ele\u015ftirisi: Manip\u00fclasyon, Hukuki Belirsizlik ve Toplumsal Ger\u00e7eklik","datePublished":"2025-12-06T14:51:19+00:00","mainEntityOfPage":{"@id":"https:\/\/darkamazi.site\/archives\/1035871"},"wordCount":1145,"publisher":{"@id":"https:\/\/darkamazi.site\/#organization"},"image":{"@id":"https:\/\/darkamazi.site\/archives\/1035871#primaryimage"},"thumbnailUrl":"https:\/\/darkamazi.site\/file\/2025\/12\/sheyhmus-1.jpg","keywords":["\u00f6nemli"],"articleSection":["Kurdistan"],"inLanguage":"en-US"},{"@type":"WebPage","@id":"https:\/\/darkamazi.site\/archives\/1035871","url":"https:\/\/darkamazi.site\/archives\/1035871","name":"Abdullah \u00d6calan'\u0131n Siyasi Kavramlar\u0131n\u0131n Ele\u015ftirisi: Manip\u00fclasyon, Hukuki Belirsizlik ve Toplumsal Ger\u00e7eklik - Darka Mazi","isPartOf":{"@id":"https:\/\/darkamazi.site\/#website"},"primaryImageOfPage":{"@id":"https:\/\/darkamazi.site\/archives\/1035871#primaryimage"},"image":{"@id":"https:\/\/darkamazi.site\/archives\/1035871#primaryimage"},"thumbnailUrl":"https:\/\/darkamazi.site\/file\/2025\/12\/sheyhmus-1.jpg","datePublished":"2025-12-06T14:51:19+00:00","breadcrumb":{"@id":"https:\/\/darkamazi.site\/archives\/1035871#breadcrumb"},"inLanguage":"en-US","potentialAction":[{"@type":"ReadAction","target":["https:\/\/darkamazi.site\/archives\/1035871"]}]},{"@type":"ImageObject","inLanguage":"en-US","@id":"https:\/\/darkamazi.site\/archives\/1035871#primaryimage","url":"https:\/\/darkamazi.site\/file\/2025\/12\/sheyhmus-1.jpg","contentUrl":"https:\/\/darkamazi.site\/file\/2025\/12\/sheyhmus-1.jpg","width":900,"height":475,"caption":"Abdullah \u00d6calan'\u0131n Siyasi Kavramlar\u0131n\u0131n Ele\u015ftirisi: Manip\u00fclasyon, Hukuki Belirsizlik ve Toplumsal Ger\u00e7eklik"},{"@type":"BreadcrumbList","@id":"https:\/\/darkamazi.site\/archives\/1035871#breadcrumb","itemListElement":[{"@type":"ListItem","position":1,"name":"Home","item":"https:\/\/darkamazi.site\/"},{"@type":"ListItem","position":2,"name":"Abdullah \u00d6calan&#8217;\u0131n Siyasi Kavramlar\u0131n\u0131n Ele\u015ftirisi: Manip\u00fclasyon, Hukuki Belirsizlik ve Toplumsal Ger\u00e7eklik"}]},{"@type":"WebSite","@id":"https:\/\/darkamazi.site\/#website","url":"https:\/\/darkamazi.site\/","name":"Darka Mazi","description":"Ana Sayfa","publisher":{"@id":"https:\/\/darkamazi.site\/#organization"},"potentialAction":[{"@type":"SearchAction","target":{"@type":"EntryPoint","urlTemplate":"https:\/\/darkamazi.site\/?s={search_term_string}"},"query-input":{"@type":"PropertyValueSpecification","valueRequired":true,"valueName":"search_term_string"}}],"inLanguage":"en-US"},{"@type":"Organization","@id":"https:\/\/darkamazi.site\/#organization","name":"Darka Mazi T\u00fcrk\u00e7e","alternateName":"Darka Mazi","url":"https:\/\/darkamazi.site\/","logo":{"@type":"ImageObject","inLanguage":"en-US","@id":"https:\/\/darkamazi.site\/#\/schema\/logo\/image\/","url":"https:\/\/darkamazi.site\/file\/2017\/12\/darka-mazi-logo.png","contentUrl":"https:\/\/darkamazi.site\/file\/2017\/12\/darka-mazi-logo.png","width":151,"height":75,"caption":"Darka Mazi T\u00fcrk\u00e7e"},"image":{"@id":"https:\/\/darkamazi.site\/#\/schema\/logo\/image\/"},"sameAs":["https:\/\/www.facebook.com\/DarkaMaziturkce","https:\/\/x.com\/DarkaMaziTurkce"]},{"@type":"Person","@id":"https:\/\/darkamazi.site\/#\/schema\/person\/67986a95ac546c16760365877ef4a9d3","name":"darka mazi","sameAs":["https:\/\/darkamazi.site"],"url":"https:\/\/darkamazi.site\/archives\/author\/turkish"}]}},"_links":{"self":[{"href":"https:\/\/darkamazi.site\/funavuv\/wp\/v2\/posts\/1035871","targetHints":{"allow":["GET"]}}],"collection":[{"href":"https:\/\/darkamazi.site\/funavuv\/wp\/v2\/posts"}],"about":[{"href":"https:\/\/darkamazi.site\/funavuv\/wp\/v2\/types\/post"}],"author":[{"embeddable":true,"href":"https:\/\/darkamazi.site\/funavuv\/wp\/v2\/users\/2"}],"replies":[{"embeddable":true,"href":"https:\/\/darkamazi.site\/funavuv\/wp\/v2\/comments?post=1035871"}],"version-history":[{"count":0,"href":"https:\/\/darkamazi.site\/funavuv\/wp\/v2\/posts\/1035871\/revisions"}],"wp:featuredmedia":[{"embeddable":true,"href":"https:\/\/darkamazi.site\/funavuv\/wp\/v2\/media\/1035872"}],"wp:attachment":[{"href":"https:\/\/darkamazi.site\/funavuv\/wp\/v2\/media?parent=1035871"}],"wp:term":[{"taxonomy":"category","embeddable":true,"href":"https:\/\/darkamazi.site\/funavuv\/wp\/v2\/categories?post=1035871"},{"taxonomy":"post_tag","embeddable":true,"href":"https:\/\/darkamazi.site\/funavuv\/wp\/v2\/tags?post=1035871"}],"curies":[{"name":"wp","href":"https:\/\/api.w.org\/{rel}","templated":true}]}}