{"id":1035874,"date":"2025-12-06T18:53:08","date_gmt":"2025-12-06T15:53:08","guid":{"rendered":"https:\/\/darkamazi.site\/?p=1035874"},"modified":"2025-12-06T18:53:08","modified_gmt":"2025-12-06T15:53:08","slug":"baskan-barzaniden-dem-partinin-duzenledigi-konferansa-mesaj-baris-surecine-hizmet-edecek-her-turlu-cabayi-destekliyorum","status":"publish","type":"post","link":"https:\/\/darkamazi.site\/archives\/1035874","title":{"rendered":"Ba\u015fkan Barzani&#8217;den DEM Parti&#8217;nin d\u00fczenledi\u011fi konferansa mesaj: Bar\u0131\u015f s\u00fcrecine hizmet edecek her t\u00fcrl\u00fc \u00e7abay\u0131 destekliyorum"},"content":{"rendered":"<p class=\"post-summary\" style=\"text-align: justify\">DEM Parti&#8217;nin d\u00fczenledi\u011fi uluslararas\u0131 bar\u0131\u015f konferans\u0131na mesaj g\u00f6nderen Ba\u015fkan Mesud Barzani, bar\u0131\u015f s\u00fcrecine ili\u015fkin, \u201cT\u00fcm taraflar\u0131n ge\u00e7mi\u015fin hatalar\u0131ndan ders \u00e7\u0131karmas\u0131, her t\u00fcrl\u00fc zorluk ve geli\u015fmeye taze bir nefesle, berrak bir bak\u0131\u015f a\u00e7\u0131s\u0131yla, inan\u00e7 ve umutla kar\u015f\u0131l\u0131k vermesi gerek.\u201d dedi.<\/p>\n<p style=\"font-weight: 400;text-align: justify\">DEM Parti\u2019nin, \u0130stanbul Bak\u0131rk\u00f6y&#8217;de bulunan Cem Karaca K\u00fclt\u00fcr Merkezi&#8217;nde d\u00fczenledi\u011fi \u201cUluslararas\u0131 Bar\u0131\u015f ve Demokratik Toplum Konferans\u0131\u201dna Ba\u015fkan Mesud Barzani ve YNK Genel Ba\u015fkan\u0131 Baf\u0131l Talabani mesaj yollad\u0131.<\/p>\n<p style=\"font-weight: 400;text-align: justify\">\u0130ki g\u00fcn s\u00fcrecek konferans\u0131n ilk g\u00fcn\u00fcnde Ba\u015fkan Mesud Barzani\u2019nin mesaj\u0131, K\u00fcrdistan Demokrat Partisi (KDP) Siyasi B\u00fcro \u00dcyesi Emine Zikri taraf\u0131ndan okundu.<\/p>\n<p style=\"font-weight: 400;text-align: justify\">Konferans d\u00fczenleyicilerine te\u015fekk\u00fcr eden Ba\u015fkan Barzani, Uluslararas\u0131 Bar\u0131\u015f ve Demokratik Toplum Konferans\u0131&#8217;n\u0131n sonu\u00e7 ve tavsiyelerinin bar\u0131\u015f s\u00fcrecine, sorunlar\u0131n \u00e7\u00f6z\u00fcm\u00fcne ve yeni d\u00f6nemin ihtiya\u00e7lar\u0131na hizmet etmesi temennisinde bulundu.<\/p>\n<p style=\"font-weight: 400;text-align: justify\">B\u00f6lge ve t\u00fcm d\u00fcnyan\u0131n hassas bir d\u00f6nemden ge\u00e7ti\u011fine i\u015faret eden Ba\u015fkan Barzani, b\u00fct\u00fcn oklar\u0131n, b\u00f6lge halklar\u0131 i\u00e7in zorluklarla dolu ya da bar\u0131\u015f, g\u00fcvenlik, gururlu, m\u00fcreffeh ve huzurlu bir ya\u015fam i\u00e7in yeni f\u0131rsatlarla dolu yeni bir ba\u015flang\u0131ca y\u00f6nelik oldu\u011fu g\u00f6r\u00fc\u015f\u00fcn\u00fc sundu.<\/p>\n<p style=\"font-weight: 400;text-align: justify\">Ba\u015fkan Barzani, \u201cT\u00fcm taraflar\u0131n ge\u00e7mi\u015fin hatalar\u0131ndan ders \u00e7\u0131karmas\u0131, her t\u00fcrl\u00fc zorluk ve geli\u015fmeye taze bir nefesle, berrak bir bak\u0131\u015f a\u00e7\u0131s\u0131yla, inan\u00e7 ve umutla kar\u015f\u0131l\u0131k vermesi gerek.\u201d ifadesini kulland\u0131.<\/p>\n<p style=\"font-weight: 400;text-align: justify\">\u201cDiyalog ve anlay\u0131\u015f her zaman sava\u015f ve \u00e7at\u0131\u015fmadan daha iyidir.\u201d diyen Ba\u015fkan Barzani, insanl\u0131\u011f\u0131n diyalog ve bar\u0131\u015ftan yararlanabilece\u011fini savundu.<\/p>\n<p style=\"font-weight: 400;text-align: justify\">Ba\u015fkan Barzani, mesaj\u0131n\u0131n devam\u0131nda \u015fu s\u00f6zlere yer verdi:<\/p>\n<p style=\"font-weight: 400;text-align: justify\">\u201cT\u00fcrk h\u00fck\u00fcmetini, Say\u0131n Erdo\u011fan&#8217;\u0131, Say\u0131n \u00d6calan&#8217;\u0131 ve bar\u0131\u015f s\u00fcrecine, \u00e7\u00f6z\u00fcme ve m\u00fczakerelere f\u0131rsat veren herkesi tebrik etmek istiyorum. Ben kendi ad\u0131ma, b\u00f6lgemiz halklar\u0131n\u0131n karde\u015fli\u011fini ve bir arada ya\u015famas\u0131n\u0131 g\u00fc\u00e7lendirecek, bar\u0131\u015f s\u00fcrecine hizmet edecek her t\u00fcrl\u00fc \u00e7abay\u0131 destekliyorum.\u201d<\/p>\n","protected":false},"excerpt":{"rendered":"<p>DEM Parti&#8217;nin d\u00fczenledi\u011fi uluslararas\u0131 bar\u0131\u015f konferans\u0131na mesaj g\u00f6nderen Ba\u015fkan Mesud Barzani, bar\u0131\u015f s\u00fcrecine ili\u015fkin, \u201cT\u00fcm taraflar\u0131n ge\u00e7mi\u015fin hatalar\u0131ndan ders \u00e7\u0131karmas\u0131, her t\u00fcrl\u00fc zorluk ve geli\u015fmeye taze bir nefesle, berrak bir bak\u0131\u015f a\u00e7\u0131s\u0131yla, inan\u00e7 ve umutla kar\u015f\u0131l\u0131k vermesi gerek.\u201d dedi. DEM Parti\u2019nin, \u0130stanbul Bak\u0131rk\u00f6y&#8217;de bulunan Cem Karaca K\u00fclt\u00fcr Merkezi&#8217;nde d\u00fczenledi\u011fi \u201cUluslararas\u0131 Bar\u0131\u015f ve Demokratik Toplum Konferans\u0131\u201dna [&hellip;]<\/p>\n","protected":false},"author":2,"featured_media":1035875,"comment_status":"closed","ping_status":"closed","sticky":false,"template":"","format":"standard","meta":{"footnotes":""},"categories":[3],"tags":[31],"class_list":["post-1035874","post","type-post","status-publish","format-standard","has-post-thumbnail","hentry","category-kurdistan","tag-onemli"],"blocksy_meta":[],"seo_head":"<!-- This site is optimized with the Yoast SEO plugin v27.5 - https:\/\/yoast.com\/product\/yoast-seo-wordpress\/ -->\n<title>Ba\u015fkan Barzani&#039;den DEM Parti&#039;nin d\u00fczenledi\u011fi konferansa mesaj: Bar\u0131\u015f s\u00fcrecine hizmet edecek her t\u00fcrl\u00fc \u00e7abay\u0131 destekliyorum - Darka Mazi<\/title>\n<meta name=\"robots\" content=\"index, follow, max-snippet:-1, max-image-preview:large, max-video-preview:-1\" \/>\n<link rel=\"canonical\" href=\"https:\/\/darkamazi.site\/archives\/1035874\" \/>\n<meta property=\"og:locale\" content=\"en_US\" \/>\n<meta property=\"og:type\" content=\"article\" \/>\n<meta property=\"og:title\" content=\"Ba\u015fkan Barzani&#039;den DEM Parti&#039;nin d\u00fczenledi\u011fi konferansa mesaj: Bar\u0131\u015f s\u00fcrecine hizmet edecek her t\u00fcrl\u00fc \u00e7abay\u0131 destekliyorum - Darka Mazi\" \/>\n<meta property=\"og:description\" content=\"DEM Parti&#8217;nin d\u00fczenledi\u011fi uluslararas\u0131 bar\u0131\u015f konferans\u0131na mesaj g\u00f6nderen Ba\u015fkan Mesud Barzani, bar\u0131\u015f s\u00fcrecine ili\u015fkin, \u201cT\u00fcm taraflar\u0131n ge\u00e7mi\u015fin hatalar\u0131ndan ders \u00e7\u0131karmas\u0131, her t\u00fcrl\u00fc zorluk ve geli\u015fmeye taze bir nefesle, berrak bir bak\u0131\u015f a\u00e7\u0131s\u0131yla, inan\u00e7 ve umutla kar\u015f\u0131l\u0131k vermesi gerek.\u201d dedi. DEM Parti\u2019nin, \u0130stanbul Bak\u0131rk\u00f6y&#8217;de bulunan Cem Karaca K\u00fclt\u00fcr Merkezi&#8217;nde d\u00fczenledi\u011fi \u201cUluslararas\u0131 Bar\u0131\u015f ve Demokratik Toplum Konferans\u0131\u201dna [&hellip;]\" \/>\n<meta property=\"og:url\" content=\"https:\/\/darkamazi.site\/archives\/1035874\" \/>\n<meta property=\"og:site_name\" content=\"Darka Mazi\" \/>\n<meta property=\"article:publisher\" content=\"https:\/\/www.facebook.com\/DarkaMaziturkce\" \/>\n<meta property=\"article:published_time\" content=\"2025-12-06T15:53:08+00:00\" \/>\n<meta property=\"og:image\" content=\"https:\/\/darkamazi.site\/file\/2025\/12\/FrqsdwQWYAI-HIN.jpeg\" \/>\n\t<meta property=\"og:image:width\" content=\"900\" \/>\n\t<meta property=\"og:image:height\" content=\"497\" \/>\n\t<meta property=\"og:image:type\" content=\"image\/jpeg\" \/>\n<meta name=\"author\" content=\"darka mazi\" \/>\n<meta name=\"twitter:card\" content=\"summary_large_image\" \/>\n<meta name=\"twitter:creator\" content=\"@DarkaMaziTurkce\" \/>\n<meta name=\"twitter:site\" content=\"@DarkaMaziTurkce\" \/>\n<meta name=\"twitter:label1\" content=\"Written by\" \/>\n\t<meta name=\"twitter:data1\" content=\"darka mazi\" \/>\n\t<meta name=\"twitter:label2\" content=\"Est. reading time\" \/>\n\t<meta name=\"twitter:data2\" content=\"2 minutes\" \/>\n<script type=\"application\/ld+json\" class=\"seo-schema-graph\">{\"@context\":\"https:\\\/\\\/schema.org\",\"@graph\":[{\"@type\":\"NewsArticle\",\"@id\":\"https:\\\/\\\/darkamazi.site\\\/archives\\\/1035874#article\",\"isPartOf\":{\"@id\":\"https:\\\/\\\/darkamazi.site\\\/archives\\\/1035874\"},\"author\":{\"name\":\"darka mazi\",\"@id\":\"https:\\\/\\\/darkamazi.site\\\/#\\\/schema\\\/person\\\/67986a95ac546c16760365877ef4a9d3\"},\"headline\":\"Ba\u015fkan Barzani&#8217;den DEM Parti&#8217;nin d\u00fczenledi\u011fi konferansa mesaj: Bar\u0131\u015f s\u00fcrecine hizmet edecek her t\u00fcrl\u00fc \u00e7abay\u0131 destekliyorum\",\"datePublished\":\"2025-12-06T15:53:08+00:00\",\"mainEntityOfPage\":{\"@id\":\"https:\\\/\\\/darkamazi.site\\\/archives\\\/1035874\"},\"wordCount\":391,\"publisher\":{\"@id\":\"https:\\\/\\\/darkamazi.site\\\/#organization\"},\"image\":{\"@id\":\"https:\\\/\\\/darkamazi.site\\\/archives\\\/1035874#primaryimage\"},\"thumbnailUrl\":\"https:\\\/\\\/darkamazi.site\\\/darka-content\\\/uploads\\\/2025\\\/12\\\/FrqsdwQWYAI-HIN.jpeg\",\"keywords\":[\"\u00f6nemli\"],\"articleSection\":[\"Kurdistan\"],\"inLanguage\":\"en-US\"},{\"@type\":\"WebPage\",\"@id\":\"https:\\\/\\\/darkamazi.site\\\/archives\\\/1035874\",\"url\":\"https:\\\/\\\/darkamazi.site\\\/archives\\\/1035874\",\"name\":\"Ba\u015fkan Barzani'den DEM Parti'nin d\u00fczenledi\u011fi konferansa mesaj: Bar\u0131\u015f s\u00fcrecine hizmet edecek her t\u00fcrl\u00fc \u00e7abay\u0131 destekliyorum - Darka Mazi\",\"isPartOf\":{\"@id\":\"https:\\\/\\\/darkamazi.site\\\/#website\"},\"primaryImageOfPage\":{\"@id\":\"https:\\\/\\\/darkamazi.site\\\/archives\\\/1035874#primaryimage\"},\"image\":{\"@id\":\"https:\\\/\\\/darkamazi.site\\\/archives\\\/1035874#primaryimage\"},\"thumbnailUrl\":\"https:\\\/\\\/darkamazi.site\\\/darka-content\\\/uploads\\\/2025\\\/12\\\/FrqsdwQWYAI-HIN.jpeg\",\"datePublished\":\"2025-12-06T15:53:08+00:00\",\"breadcrumb\":{\"@id\":\"https:\\\/\\\/darkamazi.site\\\/archives\\\/1035874#breadcrumb\"},\"inLanguage\":\"en-US\",\"potentialAction\":[{\"@type\":\"ReadAction\",\"target\":[\"https:\\\/\\\/darkamazi.site\\\/archives\\\/1035874\"]}]},{\"@type\":\"ImageObject\",\"inLanguage\":\"en-US\",\"@id\":\"https:\\\/\\\/darkamazi.site\\\/archives\\\/1035874#primaryimage\",\"url\":\"https:\\\/\\\/darkamazi.site\\\/darka-content\\\/uploads\\\/2025\\\/12\\\/FrqsdwQWYAI-HIN.jpeg\",\"contentUrl\":\"https:\\\/\\\/darkamazi.site\\\/darka-content\\\/uploads\\\/2025\\\/12\\\/FrqsdwQWYAI-HIN.jpeg\",\"width\":900,\"height\":497,\"caption\":\"Ba\u015fkan Barzani'den DEM Parti'nin d\u00fczenledi\u011fi konferansa mesaj: Bar\u0131\u015f s\u00fcrecine hizmet edecek her t\u00fcrl\u00fc \u00e7abay\u0131 destekliyorum\"},{\"@type\":\"BreadcrumbList\",\"@id\":\"https:\\\/\\\/darkamazi.site\\\/archives\\\/1035874#breadcrumb\",\"itemListElement\":[{\"@type\":\"ListItem\",\"position\":1,\"name\":\"Home\",\"item\":\"https:\\\/\\\/darkamazi.site\\\/\"},{\"@type\":\"ListItem\",\"position\":2,\"name\":\"Ba\u015fkan Barzani&#8217;den DEM Parti&#8217;nin d\u00fczenledi\u011fi konferansa mesaj: Bar\u0131\u015f s\u00fcrecine hizmet edecek her t\u00fcrl\u00fc \u00e7abay\u0131 destekliyorum\"}]},{\"@type\":\"WebSite\",\"@id\":\"https:\\\/\\\/darkamazi.site\\\/#website\",\"url\":\"https:\\\/\\\/darkamazi.site\\\/\",\"name\":\"Darka Mazi\",\"description\":\"Ana Sayfa\",\"publisher\":{\"@id\":\"https:\\\/\\\/darkamazi.site\\\/#organization\"},\"potentialAction\":[{\"@type\":\"SearchAction\",\"target\":{\"@type\":\"EntryPoint\",\"urlTemplate\":\"https:\\\/\\\/darkamazi.site\\\/?s={search_term_string}\"},\"query-input\":{\"@type\":\"PropertyValueSpecification\",\"valueRequired\":true,\"valueName\":\"search_term_string\"}}],\"inLanguage\":\"en-US\"},{\"@type\":\"Organization\",\"@id\":\"https:\\\/\\\/darkamazi.site\\\/#organization\",\"name\":\"Darka Mazi T\u00fcrk\u00e7e\",\"alternateName\":\"Darka Mazi\",\"url\":\"https:\\\/\\\/darkamazi.site\\\/\",\"logo\":{\"@type\":\"ImageObject\",\"inLanguage\":\"en-US\",\"@id\":\"https:\\\/\\\/darkamazi.site\\\/#\\\/schema\\\/logo\\\/image\\\/\",\"url\":\"https:\\\/\\\/darkamazi.site\\\/darka-content\\\/uploads\\\/2017\\\/12\\\/darka-mazi-logo.png\",\"contentUrl\":\"https:\\\/\\\/darkamazi.site\\\/darka-content\\\/uploads\\\/2017\\\/12\\\/darka-mazi-logo.png\",\"width\":151,\"height\":75,\"caption\":\"Darka Mazi T\u00fcrk\u00e7e\"},\"image\":{\"@id\":\"https:\\\/\\\/darkamazi.site\\\/#\\\/schema\\\/logo\\\/image\\\/\"},\"sameAs\":[\"https:\\\/\\\/www.facebook.com\\\/DarkaMaziturkce\",\"https:\\\/\\\/x.com\\\/DarkaMaziTurkce\"]},{\"@type\":\"Person\",\"@id\":\"https:\\\/\\\/darkamazi.site\\\/#\\\/schema\\\/person\\\/67986a95ac546c16760365877ef4a9d3\",\"name\":\"darka mazi\",\"sameAs\":[\"https:\\\/\\\/darkamazi.site\"],\"url\":\"https:\\\/\\\/darkamazi.site\\\/archives\\\/author\\\/turkish\"}]}<\/script>\n<!-- \/ Yoast SEO plugin. -->","seo_head_json":{"title":"Ba\u015fkan Barzani'den DEM Parti'nin d\u00fczenledi\u011fi konferansa mesaj: Bar\u0131\u015f s\u00fcrecine hizmet edecek her t\u00fcrl\u00fc \u00e7abay\u0131 destekliyorum - Darka Mazi","robots":{"index":"index","follow":"follow","max-snippet":"max-snippet:-1","max-image-preview":"max-image-preview:large","max-video-preview":"max-video-preview:-1"},"canonical":"https:\/\/darkamazi.site\/archives\/1035874","og_locale":"en_US","og_type":"article","og_title":"Ba\u015fkan Barzani'den DEM Parti'nin d\u00fczenledi\u011fi konferansa mesaj: Bar\u0131\u015f s\u00fcrecine hizmet edecek her t\u00fcrl\u00fc \u00e7abay\u0131 destekliyorum - Darka Mazi","og_description":"DEM Parti&#8217;nin d\u00fczenledi\u011fi uluslararas\u0131 bar\u0131\u015f konferans\u0131na mesaj g\u00f6nderen Ba\u015fkan Mesud Barzani, bar\u0131\u015f s\u00fcrecine ili\u015fkin, \u201cT\u00fcm taraflar\u0131n ge\u00e7mi\u015fin hatalar\u0131ndan ders \u00e7\u0131karmas\u0131, her t\u00fcrl\u00fc zorluk ve geli\u015fmeye taze bir nefesle, berrak bir bak\u0131\u015f a\u00e7\u0131s\u0131yla, inan\u00e7 ve umutla kar\u015f\u0131l\u0131k vermesi gerek.\u201d dedi. DEM Parti\u2019nin, \u0130stanbul Bak\u0131rk\u00f6y&#8217;de bulunan Cem Karaca K\u00fclt\u00fcr Merkezi&#8217;nde d\u00fczenledi\u011fi \u201cUluslararas\u0131 Bar\u0131\u015f ve Demokratik Toplum Konferans\u0131\u201dna [&hellip;]","og_url":"https:\/\/darkamazi.site\/archives\/1035874","og_site_name":"Darka Mazi","article_publisher":"https:\/\/www.facebook.com\/DarkaMaziturkce","article_published_time":"2025-12-06T15:53:08+00:00","og_image":[{"width":900,"height":497,"url":"https:\/\/darkamazi.site\/file\/2025\/12\/FrqsdwQWYAI-HIN.jpeg","type":"image\/jpeg"}],"author":"darka mazi","twitter_card":"summary_large_image","twitter_creator":"@DarkaMaziTurkce","twitter_site":"@DarkaMaziTurkce","twitter_misc":{"Written by":"darka mazi","Est. reading time":"2 minutes"},"schema":{"@context":"https:\/\/schema.org","@graph":[{"@type":"NewsArticle","@id":"https:\/\/darkamazi.site\/archives\/1035874#article","isPartOf":{"@id":"https:\/\/darkamazi.site\/archives\/1035874"},"author":{"name":"darka mazi","@id":"https:\/\/darkamazi.site\/#\/schema\/person\/67986a95ac546c16760365877ef4a9d3"},"headline":"Ba\u015fkan Barzani&#8217;den DEM Parti&#8217;nin d\u00fczenledi\u011fi konferansa mesaj: Bar\u0131\u015f s\u00fcrecine hizmet edecek her t\u00fcrl\u00fc \u00e7abay\u0131 destekliyorum","datePublished":"2025-12-06T15:53:08+00:00","mainEntityOfPage":{"@id":"https:\/\/darkamazi.site\/archives\/1035874"},"wordCount":391,"publisher":{"@id":"https:\/\/darkamazi.site\/#organization"},"image":{"@id":"https:\/\/darkamazi.site\/archives\/1035874#primaryimage"},"thumbnailUrl":"https:\/\/darkamazi.site\/file\/2025\/12\/FrqsdwQWYAI-HIN.jpeg","keywords":["\u00f6nemli"],"articleSection":["Kurdistan"],"inLanguage":"en-US"},{"@type":"WebPage","@id":"https:\/\/darkamazi.site\/archives\/1035874","url":"https:\/\/darkamazi.site\/archives\/1035874","name":"Ba\u015fkan Barzani'den DEM Parti'nin d\u00fczenledi\u011fi konferansa mesaj: Bar\u0131\u015f s\u00fcrecine hizmet edecek her t\u00fcrl\u00fc \u00e7abay\u0131 destekliyorum - Darka Mazi","isPartOf":{"@id":"https:\/\/darkamazi.site\/#website"},"primaryImageOfPage":{"@id":"https:\/\/darkamazi.site\/archives\/1035874#primaryimage"},"image":{"@id":"https:\/\/darkamazi.site\/archives\/1035874#primaryimage"},"thumbnailUrl":"https:\/\/darkamazi.site\/file\/2025\/12\/FrqsdwQWYAI-HIN.jpeg","datePublished":"2025-12-06T15:53:08+00:00","breadcrumb":{"@id":"https:\/\/darkamazi.site\/archives\/1035874#breadcrumb"},"inLanguage":"en-US","potentialAction":[{"@type":"ReadAction","target":["https:\/\/darkamazi.site\/archives\/1035874"]}]},{"@type":"ImageObject","inLanguage":"en-US","@id":"https:\/\/darkamazi.site\/archives\/1035874#primaryimage","url":"https:\/\/darkamazi.site\/file\/2025\/12\/FrqsdwQWYAI-HIN.jpeg","contentUrl":"https:\/\/darkamazi.site\/file\/2025\/12\/FrqsdwQWYAI-HIN.jpeg","width":900,"height":497,"caption":"Ba\u015fkan Barzani'den DEM Parti'nin d\u00fczenledi\u011fi konferansa mesaj: Bar\u0131\u015f s\u00fcrecine hizmet edecek her t\u00fcrl\u00fc \u00e7abay\u0131 destekliyorum"},{"@type":"BreadcrumbList","@id":"https:\/\/darkamazi.site\/archives\/1035874#breadcrumb","itemListElement":[{"@type":"ListItem","position":1,"name":"Home","item":"https:\/\/darkamazi.site\/"},{"@type":"ListItem","position":2,"name":"Ba\u015fkan Barzani&#8217;den DEM Parti&#8217;nin d\u00fczenledi\u011fi konferansa mesaj: Bar\u0131\u015f s\u00fcrecine hizmet edecek her t\u00fcrl\u00fc \u00e7abay\u0131 destekliyorum"}]},{"@type":"WebSite","@id":"https:\/\/darkamazi.site\/#website","url":"https:\/\/darkamazi.site\/","name":"Darka Mazi","description":"Ana Sayfa","publisher":{"@id":"https:\/\/darkamazi.site\/#organization"},"potentialAction":[{"@type":"SearchAction","target":{"@type":"EntryPoint","urlTemplate":"https:\/\/darkamazi.site\/?s={search_term_string}"},"query-input":{"@type":"PropertyValueSpecification","valueRequired":true,"valueName":"search_term_string"}}],"inLanguage":"en-US"},{"@type":"Organization","@id":"https:\/\/darkamazi.site\/#organization","name":"Darka Mazi T\u00fcrk\u00e7e","alternateName":"Darka Mazi","url":"https:\/\/darkamazi.site\/","logo":{"@type":"ImageObject","inLanguage":"en-US","@id":"https:\/\/darkamazi.site\/#\/schema\/logo\/image\/","url":"https:\/\/darkamazi.site\/file\/2017\/12\/darka-mazi-logo.png","contentUrl":"https:\/\/darkamazi.site\/file\/2017\/12\/darka-mazi-logo.png","width":151,"height":75,"caption":"Darka Mazi T\u00fcrk\u00e7e"},"image":{"@id":"https:\/\/darkamazi.site\/#\/schema\/logo\/image\/"},"sameAs":["https:\/\/www.facebook.com\/DarkaMaziturkce","https:\/\/x.com\/DarkaMaziTurkce"]},{"@type":"Person","@id":"https:\/\/darkamazi.site\/#\/schema\/person\/67986a95ac546c16760365877ef4a9d3","name":"darka mazi","sameAs":["https:\/\/darkamazi.site"],"url":"https:\/\/darkamazi.site\/archives\/author\/turkish"}]}},"_links":{"self":[{"href":"https:\/\/darkamazi.site\/funavuv\/wp\/v2\/posts\/1035874","targetHints":{"allow":["GET"]}}],"collection":[{"href":"https:\/\/darkamazi.site\/funavuv\/wp\/v2\/posts"}],"about":[{"href":"https:\/\/darkamazi.site\/funavuv\/wp\/v2\/types\/post"}],"author":[{"embeddable":true,"href":"https:\/\/darkamazi.site\/funavuv\/wp\/v2\/users\/2"}],"replies":[{"embeddable":true,"href":"https:\/\/darkamazi.site\/funavuv\/wp\/v2\/comments?post=1035874"}],"version-history":[{"count":0,"href":"https:\/\/darkamazi.site\/funavuv\/wp\/v2\/posts\/1035874\/revisions"}],"wp:featuredmedia":[{"embeddable":true,"href":"https:\/\/darkamazi.site\/funavuv\/wp\/v2\/media\/1035875"}],"wp:attachment":[{"href":"https:\/\/darkamazi.site\/funavuv\/wp\/v2\/media?parent=1035874"}],"wp:term":[{"taxonomy":"category","embeddable":true,"href":"https:\/\/darkamazi.site\/funavuv\/wp\/v2\/categories?post=1035874"},{"taxonomy":"post_tag","embeddable":true,"href":"https:\/\/darkamazi.site\/funavuv\/wp\/v2\/tags?post=1035874"}],"curies":[{"name":"wp","href":"https:\/\/api.w.org\/{rel}","templated":true}]}}