{"id":1035877,"date":"2025-12-07T13:09:54","date_gmt":"2025-12-07T10:09:54","guid":{"rendered":"https:\/\/darkamazi.site\/?p=1035877"},"modified":"2025-12-07T13:09:54","modified_gmt":"2025-12-07T10:09:54","slug":"gazeteci-kawa-germiyani-12-yil-once-ynk-gucleri-tarafindan-katledildi","status":"publish","type":"post","link":"https:\/\/darkamazi.site\/archives\/1035877","title":{"rendered":"Gazeteci Kawa Germiyani 12 y\u0131l \u00f6nce YNK g\u00fc\u00e7leri taraf\u0131ndan katledildi\u2026"},"content":{"rendered":"<p style=\"text-align: justify\">Gazeteci Kawa Germiyan\u00ee\u2019nin katledilmesinin \u00fczerinden 12 \u00a0y\u0131l ge\u00e7ti. Kawa Germiyani\u2019nin ailesi 12 y\u0131lda yapt\u0131klar\u0131 a\u00e7\u0131klamada \u201cYNK \u00f6l\u00fcm emrini vereni \u00a0se\u00e7im d\u00f6neminde Kahraman ilan etti\u201d dedi. YNK hala gazetecileri b\u00fcy\u00fck bir bask\u0131 alt\u0131nda tutmaya devam ediyor.<\/p>\n<p style=\"text-align: justify\">5 Aral\u0131k 2013 gecesi Rayel dergisinin edit\u00f6r\u00fc ve sahibi ile Awene gazetesinin muhabiri Kawa Germiyan\u00ee, Kelar semtinde evinin \u00f6n\u00fcnde vurularak katledildi. Bug\u00fcn Kawa Germiyan\u00ee\u2019nin katledilmesinin \u00fczerinden 12 y\u0131l ge\u00e7ti.<\/p>\n<p style=\"text-align: justify\">Kawa Germiyan\u00ee, yolsuzluk davalar\u0131n\u0131 ara\u015ft\u0131rd\u0131\u011f\u0131 i\u00e7in s\u0131k s\u0131k \u00f6l\u00fcmle tehdit ediliyordu. \u00c7o\u011fu zaman gazetecilik de kulland\u0131\u011f\u0131 ara\u00e7-gere\u00e7leri k\u0131r\u0131ld\u0131. Germiyan\u00ee, bu tehditler nedeni ile katledilmeden 9 g\u00fcn \u00f6nce YNK Polit b\u00fcro \u00fcyesi Mahmut Sengawi hakk\u0131nda su\u00e7 duyrusundu bulundu ve \u201cSengawi\u2019nin \u00a0sesini ve nefesini kesece\u011fiz, hakk\u0131n bir kur\u015fundur\u201d dedi\u011fini a\u00e7\u0131klad\u0131. Bu kay\u0131tlar hala sosyal medyada payla\u015f\u0131lan ve bilinen kay\u0131tlard\u0131.<\/p>\n<p style=\"text-align: justify\">Germiyani\u2019nin katledilmesi d\u00f6neminde Germiyan halk\u0131 Hero Talabani\u2019yi sorumlu tutmu\u015f ve g\u00fcmr\u00fck kap\u0131lar\u0131 hakk\u0131ndaki yolsuzluklar\u0131 te\u015fhir etti\u011fi i\u00e7in onun talimat\u0131 ile vuruldu\u011funu s\u00f6ylemi\u015fti.<\/p>\n<p style=\"text-align: justify\">Kelar Mahkemesi daha sonra bir ki\u015fiyi katil diyerek tutuklad\u0131 ve daha sonra da bu ki\u015fi hastal\u0131k nedeni ile serbest b\u0131rak\u0131ld\u0131.<\/p>\n<p style=\"text-align: justify\">Germiyani\u2019nin katledilmesinin 12 y\u0131l d\u00f6n\u00fcm\u00fcnde e\u015fin \u015eirin Amini \u201cazlettiren ki\u015fiyi biliyoruz\u201d ama ger\u00e7ek mermiyi s\u0131kan ki\u015fiyi \u00f6ld\u00fcr\u00fcp olay\u0131n tan\u0131\u011f\u0131n\u0131 yok ettiler dedi.<br \/>\nAbisi ise Kawa Germiyani\u2019nin anmas\u0131nda mezar\u0131 ba\u015f\u0131nda \u015funlar\u0131 s\u00f6ledi: \u201cKarde\u015fimi \u00f6ld\u00fcrenler YNK taraf\u0131ndan Kahraman gibi se\u00e7im d\u00f6neminde \u015eerwana kalesine getirilip konu\u015fturuldu. Bir katili Kahraman yapt\u0131lar. Bu asl\u0131nda hem YNK i\u00e7indeki hem de YNK d\u0131\u015f\u0131ndaki muhaliflere verilen bir mesajd\u0131, ne kadar korkun\u00e7 olabileceklerinin mesaj\u0131yd\u0131\u201d dedi.<\/p>\n<p style=\"text-align: justify\">YNK medyas\u0131nda ve ona ba\u011fl\u0131 baz\u0131 gazeteci ve yazarlar arac\u0131l\u0131\u011f\u0131 ile s\u00fcrekli demokrasi ve insan haklar\u0131 gibi kavramlar\u0131 \u00f6ne \u00e7\u0131karsa da ba\u011f\u0131ms\u0131z ayd\u0131n, yazar, gazeteci ve t\u00fcm farkl\u0131 seslerin b\u00fcy\u00fck bask\u0131 alt\u0131nda oldu\u011fu bir sistem y\u00fcr\u00fct\u00fcyor. Son olarak Lalazer Otel bask\u0131n\u0131 \u00a0sonras\u0131nda Lahor Cengi\u2019yle ili\u015fkili t\u00fcm medya kapat\u0131ld\u0131 ve gazeteciler tehdit edildi. Gazeteci haklar\u0131n\u0131 koruma kurulu\u015fu METRO Merkezi ba\u015fkan\u0131 Rahman Garip Lalezar Otel sonras\u0131 gazetecilere yap\u0131lan bask\u0131y\u0131 k\u0131nad\u0131\u011f\u0131 i\u00e7in b\u00fcy\u00fck bir bask\u0131 alt\u0131nda g\u00f6revden istifa etmek zorunda kald\u0131.<\/p>\n<p>YNK&#8217;nin yapt\u0131\u011f\u0131 insan haklar\u0131 ihlallerinin \u00fcst\u00fcn\u00fc \u00f6rtmekte PKK&#8217;den de yard\u0131m ald\u0131. Kawa Germiyani&#8217;nin YNK taraf\u0131ndan vuruldu\u011fu bilindi\u011fi halde PKK medyas\u0131 y\u0131llard\u0131r konuya ili\u015fkin haber yapt\u0131 ve hi\u00e7 bir zaman YNK&#8217;nin ad\u0131n\u0131 anmad\u0131\u011f\u0131 gibi olay\u0131 KDP&#8217;ye y\u0131kmaya \u00e7al\u0131\u015ft\u0131.<\/p>\n<p style=\"text-align: justify\"><strong>Kawa Germiyan\u00ee kimdir?<\/strong><\/p>\n<p style=\"text-align: justify\">Kawa Germiyan\u00ee ad\u0131yla bilinen Kawa Ahmet Muhammed, 1979 y\u0131l\u0131nda \u0130ran\u2019\u0131n Re\u015ft\u00ee \u015fehrinde do\u011fdu. 1984 y\u0131l\u0131nda Kelar\u2019da okumaya ba\u015flad\u0131 ve ortaokul ikinci s\u0131n\u0131fa kadar okudu. Babas\u0131n\u0131n Enfal\u2019de hayat\u0131n\u0131 kaybetmesinden sonra, yoksulluk ve ge\u00e7im s\u0131k\u0131nt\u0131s\u0131 nedeniyle okumay\u0131 b\u0131rak\u0131p \u00e7al\u0131\u015fmaya ba\u015flad\u0131. Daha sonra 2002 y\u0131l\u0131nda foto\u011fraf \u00e7ekerek gazetecili\u011fe ba\u015flad\u0131.<\/p>\n<p style=\"text-align: justify\">Germiyan\u00ee gazetecilik \u00e7al\u0131\u015fmalar\u0131nda her zaman yolsuzluk konular\u0131n\u0131 ara\u015ft\u0131rd\u0131. Raporlar\u0131 ve ara\u015ft\u0131rmalar\u0131 sonucunda 2011 y\u0131l\u0131nda \u2018Kara Belgeler \u0130\u00e7inde Germiyan\u2019 adl\u0131 bir kitap yay\u0131nlad\u0131.<\/p>\n","protected":false},"excerpt":{"rendered":"<p>Gazeteci Kawa Germiyan\u00ee\u2019nin katledilmesinin \u00fczerinden 12 \u00a0y\u0131l ge\u00e7ti. Kawa Germiyani\u2019nin ailesi 12 y\u0131lda yapt\u0131klar\u0131 a\u00e7\u0131klamada \u201cYNK \u00f6l\u00fcm emrini vereni \u00a0se\u00e7im d\u00f6neminde Kahraman ilan etti\u201d dedi. YNK hala gazetecileri b\u00fcy\u00fck bir bask\u0131 alt\u0131nda tutmaya devam ediyor. 5 Aral\u0131k 2013 gecesi Rayel dergisinin edit\u00f6r\u00fc ve sahibi ile Awene gazetesinin muhabiri Kawa Germiyan\u00ee, Kelar semtinde evinin \u00f6n\u00fcnde vurularak [&hellip;]<\/p>\n","protected":false},"author":2,"featured_media":1035878,"comment_status":"closed","ping_status":"closed","sticky":false,"template":"","format":"standard","meta":{"footnotes":""},"categories":[3],"tags":[31],"class_list":["post-1035877","post","type-post","status-publish","format-standard","has-post-thumbnail","hentry","category-kurdistan","tag-onemli"],"blocksy_meta":[],"seo_head":"<!-- This site is optimized with the Yoast SEO plugin v27.5 - https:\/\/yoast.com\/product\/yoast-seo-wordpress\/ -->\n<title>Gazeteci Kawa Germiyani 12 y\u0131l \u00f6nce YNK g\u00fc\u00e7leri taraf\u0131ndan katledildi\u2026 - Darka Mazi<\/title>\n<meta name=\"robots\" content=\"index, follow, max-snippet:-1, max-image-preview:large, max-video-preview:-1\" \/>\n<link rel=\"canonical\" href=\"https:\/\/darkamazi.site\/archives\/1035877\" \/>\n<meta property=\"og:locale\" content=\"en_US\" \/>\n<meta property=\"og:type\" content=\"article\" \/>\n<meta property=\"og:title\" content=\"Gazeteci Kawa Germiyani 12 y\u0131l \u00f6nce YNK g\u00fc\u00e7leri taraf\u0131ndan katledildi\u2026 - Darka Mazi\" \/>\n<meta property=\"og:description\" content=\"Gazeteci Kawa Germiyan\u00ee\u2019nin katledilmesinin \u00fczerinden 12 \u00a0y\u0131l ge\u00e7ti. Kawa Germiyani\u2019nin ailesi 12 y\u0131lda yapt\u0131klar\u0131 a\u00e7\u0131klamada \u201cYNK \u00f6l\u00fcm emrini vereni \u00a0se\u00e7im d\u00f6neminde Kahraman ilan etti\u201d dedi. YNK hala gazetecileri b\u00fcy\u00fck bir bask\u0131 alt\u0131nda tutmaya devam ediyor. 5 Aral\u0131k 2013 gecesi Rayel dergisinin edit\u00f6r\u00fc ve sahibi ile Awene gazetesinin muhabiri Kawa Germiyan\u00ee, Kelar semtinde evinin \u00f6n\u00fcnde vurularak [&hellip;]\" \/>\n<meta property=\"og:url\" content=\"https:\/\/darkamazi.site\/archives\/1035877\" \/>\n<meta property=\"og:site_name\" content=\"Darka Mazi\" \/>\n<meta property=\"article:publisher\" content=\"https:\/\/www.facebook.com\/DarkaMaziturkce\" \/>\n<meta property=\"article:published_time\" content=\"2025-12-07T10:09:54+00:00\" \/>\n<meta property=\"og:image\" content=\"https:\/\/darkamazi.site\/file\/2025\/12\/ynk.jpg\" \/>\n\t<meta property=\"og:image:width\" content=\"900\" \/>\n\t<meta property=\"og:image:height\" content=\"497\" \/>\n\t<meta property=\"og:image:type\" content=\"image\/jpeg\" \/>\n<meta name=\"author\" content=\"darka mazi\" \/>\n<meta name=\"twitter:card\" content=\"summary_large_image\" \/>\n<meta name=\"twitter:creator\" content=\"@DarkaMaziTurkce\" \/>\n<meta name=\"twitter:site\" content=\"@DarkaMaziTurkce\" \/>\n<meta name=\"twitter:label1\" content=\"Written by\" \/>\n\t<meta name=\"twitter:data1\" content=\"darka mazi\" \/>\n\t<meta name=\"twitter:label2\" content=\"Est. reading time\" \/>\n\t<meta name=\"twitter:data2\" content=\"3 minutes\" \/>\n<script type=\"application\/ld+json\" class=\"seo-schema-graph\">{\"@context\":\"https:\\\/\\\/schema.org\",\"@graph\":[{\"@type\":\"NewsArticle\",\"@id\":\"https:\\\/\\\/darkamazi.site\\\/archives\\\/1035877#article\",\"isPartOf\":{\"@id\":\"https:\\\/\\\/darkamazi.site\\\/archives\\\/1035877\"},\"author\":{\"name\":\"darka mazi\",\"@id\":\"https:\\\/\\\/darkamazi.site\\\/#\\\/schema\\\/person\\\/67986a95ac546c16760365877ef4a9d3\"},\"headline\":\"Gazeteci Kawa Germiyani 12 y\u0131l \u00f6nce YNK g\u00fc\u00e7leri taraf\u0131ndan katledildi\u2026\",\"datePublished\":\"2025-12-07T10:09:54+00:00\",\"mainEntityOfPage\":{\"@id\":\"https:\\\/\\\/darkamazi.site\\\/archives\\\/1035877\"},\"wordCount\":594,\"publisher\":{\"@id\":\"https:\\\/\\\/darkamazi.site\\\/#organization\"},\"image\":{\"@id\":\"https:\\\/\\\/darkamazi.site\\\/archives\\\/1035877#primaryimage\"},\"thumbnailUrl\":\"https:\\\/\\\/darkamazi.site\\\/darka-content\\\/uploads\\\/2025\\\/12\\\/ynk.jpg\",\"keywords\":[\"\u00f6nemli\"],\"articleSection\":[\"Kurdistan\"],\"inLanguage\":\"en-US\"},{\"@type\":\"WebPage\",\"@id\":\"https:\\\/\\\/darkamazi.site\\\/archives\\\/1035877\",\"url\":\"https:\\\/\\\/darkamazi.site\\\/archives\\\/1035877\",\"name\":\"Gazeteci Kawa Germiyani 12 y\u0131l \u00f6nce YNK g\u00fc\u00e7leri taraf\u0131ndan katledildi\u2026 - Darka Mazi\",\"isPartOf\":{\"@id\":\"https:\\\/\\\/darkamazi.site\\\/#website\"},\"primaryImageOfPage\":{\"@id\":\"https:\\\/\\\/darkamazi.site\\\/archives\\\/1035877#primaryimage\"},\"image\":{\"@id\":\"https:\\\/\\\/darkamazi.site\\\/archives\\\/1035877#primaryimage\"},\"thumbnailUrl\":\"https:\\\/\\\/darkamazi.site\\\/darka-content\\\/uploads\\\/2025\\\/12\\\/ynk.jpg\",\"datePublished\":\"2025-12-07T10:09:54+00:00\",\"breadcrumb\":{\"@id\":\"https:\\\/\\\/darkamazi.site\\\/archives\\\/1035877#breadcrumb\"},\"inLanguage\":\"en-US\",\"potentialAction\":[{\"@type\":\"ReadAction\",\"target\":[\"https:\\\/\\\/darkamazi.site\\\/archives\\\/1035877\"]}]},{\"@type\":\"ImageObject\",\"inLanguage\":\"en-US\",\"@id\":\"https:\\\/\\\/darkamazi.site\\\/archives\\\/1035877#primaryimage\",\"url\":\"https:\\\/\\\/darkamazi.site\\\/darka-content\\\/uploads\\\/2025\\\/12\\\/ynk.jpg\",\"contentUrl\":\"https:\\\/\\\/darkamazi.site\\\/darka-content\\\/uploads\\\/2025\\\/12\\\/ynk.jpg\",\"width\":900,\"height\":497,\"caption\":\"Gazeteci Kawa Germiyani 12 y\u0131l \u00f6nce YNK g\u00fc\u00e7leri taraf\u0131ndan katledildi\u2026\"},{\"@type\":\"BreadcrumbList\",\"@id\":\"https:\\\/\\\/darkamazi.site\\\/archives\\\/1035877#breadcrumb\",\"itemListElement\":[{\"@type\":\"ListItem\",\"position\":1,\"name\":\"Home\",\"item\":\"https:\\\/\\\/darkamazi.site\\\/\"},{\"@type\":\"ListItem\",\"position\":2,\"name\":\"Gazeteci Kawa Germiyani 12 y\u0131l \u00f6nce YNK g\u00fc\u00e7leri taraf\u0131ndan katledildi\u2026\"}]},{\"@type\":\"WebSite\",\"@id\":\"https:\\\/\\\/darkamazi.site\\\/#website\",\"url\":\"https:\\\/\\\/darkamazi.site\\\/\",\"name\":\"Darka Mazi\",\"description\":\"Ana Sayfa\",\"publisher\":{\"@id\":\"https:\\\/\\\/darkamazi.site\\\/#organization\"},\"potentialAction\":[{\"@type\":\"SearchAction\",\"target\":{\"@type\":\"EntryPoint\",\"urlTemplate\":\"https:\\\/\\\/darkamazi.site\\\/?s={search_term_string}\"},\"query-input\":{\"@type\":\"PropertyValueSpecification\",\"valueRequired\":true,\"valueName\":\"search_term_string\"}}],\"inLanguage\":\"en-US\"},{\"@type\":\"Organization\",\"@id\":\"https:\\\/\\\/darkamazi.site\\\/#organization\",\"name\":\"Darka Mazi T\u00fcrk\u00e7e\",\"alternateName\":\"Darka Mazi\",\"url\":\"https:\\\/\\\/darkamazi.site\\\/\",\"logo\":{\"@type\":\"ImageObject\",\"inLanguage\":\"en-US\",\"@id\":\"https:\\\/\\\/darkamazi.site\\\/#\\\/schema\\\/logo\\\/image\\\/\",\"url\":\"https:\\\/\\\/darkamazi.site\\\/darka-content\\\/uploads\\\/2017\\\/12\\\/darka-mazi-logo.png\",\"contentUrl\":\"https:\\\/\\\/darkamazi.site\\\/darka-content\\\/uploads\\\/2017\\\/12\\\/darka-mazi-logo.png\",\"width\":151,\"height\":75,\"caption\":\"Darka Mazi T\u00fcrk\u00e7e\"},\"image\":{\"@id\":\"https:\\\/\\\/darkamazi.site\\\/#\\\/schema\\\/logo\\\/image\\\/\"},\"sameAs\":[\"https:\\\/\\\/www.facebook.com\\\/DarkaMaziturkce\",\"https:\\\/\\\/x.com\\\/DarkaMaziTurkce\"]},{\"@type\":\"Person\",\"@id\":\"https:\\\/\\\/darkamazi.site\\\/#\\\/schema\\\/person\\\/67986a95ac546c16760365877ef4a9d3\",\"name\":\"darka mazi\",\"sameAs\":[\"https:\\\/\\\/darkamazi.site\"],\"url\":\"https:\\\/\\\/darkamazi.site\\\/archives\\\/author\\\/turkish\"}]}<\/script>\n<!-- \/ Yoast SEO plugin. -->","seo_head_json":{"title":"Gazeteci Kawa Germiyani 12 y\u0131l \u00f6nce YNK g\u00fc\u00e7leri taraf\u0131ndan katledildi\u2026 - Darka Mazi","robots":{"index":"index","follow":"follow","max-snippet":"max-snippet:-1","max-image-preview":"max-image-preview:large","max-video-preview":"max-video-preview:-1"},"canonical":"https:\/\/darkamazi.site\/archives\/1035877","og_locale":"en_US","og_type":"article","og_title":"Gazeteci Kawa Germiyani 12 y\u0131l \u00f6nce YNK g\u00fc\u00e7leri taraf\u0131ndan katledildi\u2026 - Darka Mazi","og_description":"Gazeteci Kawa Germiyan\u00ee\u2019nin katledilmesinin \u00fczerinden 12 \u00a0y\u0131l ge\u00e7ti. Kawa Germiyani\u2019nin ailesi 12 y\u0131lda yapt\u0131klar\u0131 a\u00e7\u0131klamada \u201cYNK \u00f6l\u00fcm emrini vereni \u00a0se\u00e7im d\u00f6neminde Kahraman ilan etti\u201d dedi. YNK hala gazetecileri b\u00fcy\u00fck bir bask\u0131 alt\u0131nda tutmaya devam ediyor. 5 Aral\u0131k 2013 gecesi Rayel dergisinin edit\u00f6r\u00fc ve sahibi ile Awene gazetesinin muhabiri Kawa Germiyan\u00ee, Kelar semtinde evinin \u00f6n\u00fcnde vurularak [&hellip;]","og_url":"https:\/\/darkamazi.site\/archives\/1035877","og_site_name":"Darka Mazi","article_publisher":"https:\/\/www.facebook.com\/DarkaMaziturkce","article_published_time":"2025-12-07T10:09:54+00:00","og_image":[{"width":900,"height":497,"url":"https:\/\/darkamazi.site\/file\/2025\/12\/ynk.jpg","type":"image\/jpeg"}],"author":"darka mazi","twitter_card":"summary_large_image","twitter_creator":"@DarkaMaziTurkce","twitter_site":"@DarkaMaziTurkce","twitter_misc":{"Written by":"darka mazi","Est. reading time":"3 minutes"},"schema":{"@context":"https:\/\/schema.org","@graph":[{"@type":"NewsArticle","@id":"https:\/\/darkamazi.site\/archives\/1035877#article","isPartOf":{"@id":"https:\/\/darkamazi.site\/archives\/1035877"},"author":{"name":"darka mazi","@id":"https:\/\/darkamazi.site\/#\/schema\/person\/67986a95ac546c16760365877ef4a9d3"},"headline":"Gazeteci Kawa Germiyani 12 y\u0131l \u00f6nce YNK g\u00fc\u00e7leri taraf\u0131ndan katledildi\u2026","datePublished":"2025-12-07T10:09:54+00:00","mainEntityOfPage":{"@id":"https:\/\/darkamazi.site\/archives\/1035877"},"wordCount":594,"publisher":{"@id":"https:\/\/darkamazi.site\/#organization"},"image":{"@id":"https:\/\/darkamazi.site\/archives\/1035877#primaryimage"},"thumbnailUrl":"https:\/\/darkamazi.site\/file\/2025\/12\/ynk.jpg","keywords":["\u00f6nemli"],"articleSection":["Kurdistan"],"inLanguage":"en-US"},{"@type":"WebPage","@id":"https:\/\/darkamazi.site\/archives\/1035877","url":"https:\/\/darkamazi.site\/archives\/1035877","name":"Gazeteci Kawa Germiyani 12 y\u0131l \u00f6nce YNK g\u00fc\u00e7leri taraf\u0131ndan katledildi\u2026 - Darka Mazi","isPartOf":{"@id":"https:\/\/darkamazi.site\/#website"},"primaryImageOfPage":{"@id":"https:\/\/darkamazi.site\/archives\/1035877#primaryimage"},"image":{"@id":"https:\/\/darkamazi.site\/archives\/1035877#primaryimage"},"thumbnailUrl":"https:\/\/darkamazi.site\/file\/2025\/12\/ynk.jpg","datePublished":"2025-12-07T10:09:54+00:00","breadcrumb":{"@id":"https:\/\/darkamazi.site\/archives\/1035877#breadcrumb"},"inLanguage":"en-US","potentialAction":[{"@type":"ReadAction","target":["https:\/\/darkamazi.site\/archives\/1035877"]}]},{"@type":"ImageObject","inLanguage":"en-US","@id":"https:\/\/darkamazi.site\/archives\/1035877#primaryimage","url":"https:\/\/darkamazi.site\/file\/2025\/12\/ynk.jpg","contentUrl":"https:\/\/darkamazi.site\/file\/2025\/12\/ynk.jpg","width":900,"height":497,"caption":"Gazeteci Kawa Germiyani 12 y\u0131l \u00f6nce YNK g\u00fc\u00e7leri taraf\u0131ndan katledildi\u2026"},{"@type":"BreadcrumbList","@id":"https:\/\/darkamazi.site\/archives\/1035877#breadcrumb","itemListElement":[{"@type":"ListItem","position":1,"name":"Home","item":"https:\/\/darkamazi.site\/"},{"@type":"ListItem","position":2,"name":"Gazeteci Kawa Germiyani 12 y\u0131l \u00f6nce YNK g\u00fc\u00e7leri taraf\u0131ndan katledildi\u2026"}]},{"@type":"WebSite","@id":"https:\/\/darkamazi.site\/#website","url":"https:\/\/darkamazi.site\/","name":"Darka Mazi","description":"Ana Sayfa","publisher":{"@id":"https:\/\/darkamazi.site\/#organization"},"potentialAction":[{"@type":"SearchAction","target":{"@type":"EntryPoint","urlTemplate":"https:\/\/darkamazi.site\/?s={search_term_string}"},"query-input":{"@type":"PropertyValueSpecification","valueRequired":true,"valueName":"search_term_string"}}],"inLanguage":"en-US"},{"@type":"Organization","@id":"https:\/\/darkamazi.site\/#organization","name":"Darka Mazi T\u00fcrk\u00e7e","alternateName":"Darka Mazi","url":"https:\/\/darkamazi.site\/","logo":{"@type":"ImageObject","inLanguage":"en-US","@id":"https:\/\/darkamazi.site\/#\/schema\/logo\/image\/","url":"https:\/\/darkamazi.site\/file\/2017\/12\/darka-mazi-logo.png","contentUrl":"https:\/\/darkamazi.site\/file\/2017\/12\/darka-mazi-logo.png","width":151,"height":75,"caption":"Darka Mazi T\u00fcrk\u00e7e"},"image":{"@id":"https:\/\/darkamazi.site\/#\/schema\/logo\/image\/"},"sameAs":["https:\/\/www.facebook.com\/DarkaMaziturkce","https:\/\/x.com\/DarkaMaziTurkce"]},{"@type":"Person","@id":"https:\/\/darkamazi.site\/#\/schema\/person\/67986a95ac546c16760365877ef4a9d3","name":"darka mazi","sameAs":["https:\/\/darkamazi.site"],"url":"https:\/\/darkamazi.site\/archives\/author\/turkish"}]}},"_links":{"self":[{"href":"https:\/\/darkamazi.site\/funavuv\/wp\/v2\/posts\/1035877","targetHints":{"allow":["GET"]}}],"collection":[{"href":"https:\/\/darkamazi.site\/funavuv\/wp\/v2\/posts"}],"about":[{"href":"https:\/\/darkamazi.site\/funavuv\/wp\/v2\/types\/post"}],"author":[{"embeddable":true,"href":"https:\/\/darkamazi.site\/funavuv\/wp\/v2\/users\/2"}],"replies":[{"embeddable":true,"href":"https:\/\/darkamazi.site\/funavuv\/wp\/v2\/comments?post=1035877"}],"version-history":[{"count":0,"href":"https:\/\/darkamazi.site\/funavuv\/wp\/v2\/posts\/1035877\/revisions"}],"wp:featuredmedia":[{"embeddable":true,"href":"https:\/\/darkamazi.site\/funavuv\/wp\/v2\/media\/1035878"}],"wp:attachment":[{"href":"https:\/\/darkamazi.site\/funavuv\/wp\/v2\/media?parent=1035877"}],"wp:term":[{"taxonomy":"category","embeddable":true,"href":"https:\/\/darkamazi.site\/funavuv\/wp\/v2\/categories?post=1035877"},{"taxonomy":"post_tag","embeddable":true,"href":"https:\/\/darkamazi.site\/funavuv\/wp\/v2\/tags?post=1035877"}],"curies":[{"name":"wp","href":"https:\/\/api.w.org\/{rel}","templated":true}]}}