{"id":1035883,"date":"2025-12-08T12:51:25","date_gmt":"2025-12-08T09:51:25","guid":{"rendered":"https:\/\/darkamazi.site\/?p=1035883"},"modified":"2025-12-08T12:51:25","modified_gmt":"2025-12-08T09:51:25","slug":"cengiz-candar-baskan-barzaninin-mesajlari-kurt-ulusal-birliginin-canlanmasinin-temeli-oldu","status":"publish","type":"post","link":"https:\/\/darkamazi.site\/archives\/1035883","title":{"rendered":"Cengiz \u00c7andar: Ba\u015fkan Barzani&#8217;nin mesajlar\u0131 K\u00fcrt Ulusal Birli\u011finin canlanmas\u0131n\u0131n temeli oldu"},"content":{"rendered":"<p style=\"text-align: justify\">Halklar\u0131n E\u015fitlik ve Demokrasi Partisi (DEM Parti) Diyarbak\u0131r Milletvekili Cengiz \u00c7andar, Ba\u015fkan Mesud Barzani&#8217;nin mesajlar\u0131n\u0131n ulusal birlik ruhunu canland\u0131rd\u0131\u011f\u0131n\u0131 ve K\u00fcrtlerin b\u00f6lgede bar\u0131\u015f\u0131n \u00f6nemli bir karakteri oldu\u011funu kan\u0131tlad\u0131\u011f\u0131n\u0131 vurgulad\u0131.<\/p>\n<p style=\"text-align: justify\">Cengiz \u00c7andar, Kurdistan24&#8217;e verdi\u011fi r\u00f6portajda, \u0130stanbul&#8217;da d\u00fczenlenen Uluslararas\u0131 Bar\u0131\u015f ve Demokratik Toplum Konferans\u0131&#8217;n\u0131n \u00f6nemine dikkat \u00e7ekerek, bu konferans\u0131, ge\u00e7ti\u011fimiz ay Duhok&#8217;ta d\u00fczenlenen Orta Do\u011fu Bar\u0131\u015f ve G\u00fcvenlik Forumu&#8217;nun (MEPS2025) devam\u0131 ve tamamlay\u0131c\u0131s\u0131 olarak nitelendirdi.\u00c7andar&#8217;a g\u00f6re s\u00f6z konusu konferans ve forum Orta Do\u011fu&#8217;da bar\u0131\u015f ve istikrar haritas\u0131n\u0131 yeniden \u015fekillendirmek i\u00e7in ciddi ve etkili birer platform.MEPS2025&#8217;in kat\u0131l\u0131mc\u0131lar\u0131ndan biri olan \u00c7andar, etkinli\u011fi, b\u00f6lgedeki \u00fcst d\u00fczey isimlerin bir araya geldi\u011fi, olduk\u00e7a etkili bir uluslararas\u0131 platform olarak nitelendirdi.<\/p>\n<p style=\"text-align: justify\">\u00c7andar, Mazlum Abdi ve \u0130lham Ahmed gibi isimlerin Duhok&#8217;ta bulunmas\u0131n\u0131n, toplant\u0131n\u0131n \u00f6neminin a\u00e7\u0131k bir g\u00f6stergesi oldu\u011funu ve K\u00fcrt ulusal birli\u011fi yans\u0131tt\u0131\u011f\u0131n\u0131 s\u00f6yledi.Uluslararas\u0131 Bar\u0131\u015f ve Demokratik Toplum Konferans\u0131&#8217;nda okunan Ba\u015fkan Barzani ve di\u011fer K\u00fcrdistan B\u00f6lgesi liderlerinin mesajlar\u0131n\u0131n \u00f6neminde de\u011finen \u00c7andar, &#8220;Bu mesajlar K\u00fcrt ulusal birli\u011finin yeniden canland\u0131r\u0131lmas\u0131n\u0131n temeli oldu.&#8221; dedi.Cengiz \u00c7andar ayr\u0131ca, &#8220;Her iki etkinlikten \u00e7\u0131kan sonu\u00e7, K\u00fcrtlerin kendi a\u011f\u0131rl\u0131klar\u0131n\u0131n oldu\u011fu ve Orta Do\u011fu&#8217;da hi\u00e7bir bar\u0131\u015f ve istikrar s\u00fcrecinin K\u00fcrtlerin g\u00fc\u00e7l\u00fc ve kilit bir karakter olarak aktif kat\u0131l\u0131m\u0131 olmadan ba\u015far\u0131l\u0131 olamayaca\u011f\u0131d\u0131r.&#8221; dedi.<\/p>\n","protected":false},"excerpt":{"rendered":"<p>Halklar\u0131n E\u015fitlik ve Demokrasi Partisi (DEM Parti) Diyarbak\u0131r Milletvekili Cengiz \u00c7andar, Ba\u015fkan Mesud Barzani&#8217;nin mesajlar\u0131n\u0131n ulusal birlik ruhunu canland\u0131rd\u0131\u011f\u0131n\u0131 ve K\u00fcrtlerin b\u00f6lgede bar\u0131\u015f\u0131n \u00f6nemli bir karakteri oldu\u011funu kan\u0131tlad\u0131\u011f\u0131n\u0131 vurgulad\u0131. Cengiz \u00c7andar, Kurdistan24&#8217;e verdi\u011fi r\u00f6portajda, \u0130stanbul&#8217;da d\u00fczenlenen Uluslararas\u0131 Bar\u0131\u015f ve Demokratik Toplum Konferans\u0131&#8217;n\u0131n \u00f6nemine dikkat \u00e7ekerek, bu konferans\u0131, ge\u00e7ti\u011fimiz ay Duhok&#8217;ta d\u00fczenlenen Orta Do\u011fu Bar\u0131\u015f ve [&hellip;]<\/p>\n","protected":false},"author":2,"featured_media":1035884,"comment_status":"closed","ping_status":"closed","sticky":false,"template":"","format":"standard","meta":{"footnotes":""},"categories":[3],"tags":[31],"class_list":["post-1035883","post","type-post","status-publish","format-standard","has-post-thumbnail","hentry","category-kurdistan","tag-onemli"],"blocksy_meta":[],"seo_head":"<!-- This site is optimized with the Yoast SEO plugin v27.5 - https:\/\/yoast.com\/product\/yoast-seo-wordpress\/ -->\n<title>Cengiz \u00c7andar: Ba\u015fkan Barzani&#039;nin mesajlar\u0131 K\u00fcrt Ulusal Birli\u011finin canlanmas\u0131n\u0131n temeli oldu - Darka Mazi<\/title>\n<meta name=\"robots\" content=\"index, follow, max-snippet:-1, max-image-preview:large, max-video-preview:-1\" \/>\n<link rel=\"canonical\" href=\"https:\/\/darkamazi.site\/archives\/1035883\" \/>\n<meta property=\"og:locale\" content=\"en_US\" \/>\n<meta property=\"og:type\" content=\"article\" \/>\n<meta property=\"og:title\" content=\"Cengiz \u00c7andar: Ba\u015fkan Barzani&#039;nin mesajlar\u0131 K\u00fcrt Ulusal Birli\u011finin canlanmas\u0131n\u0131n temeli oldu - Darka Mazi\" \/>\n<meta property=\"og:description\" content=\"Halklar\u0131n E\u015fitlik ve Demokrasi Partisi (DEM Parti) Diyarbak\u0131r Milletvekili Cengiz \u00c7andar, Ba\u015fkan Mesud Barzani&#8217;nin mesajlar\u0131n\u0131n ulusal birlik ruhunu canland\u0131rd\u0131\u011f\u0131n\u0131 ve K\u00fcrtlerin b\u00f6lgede bar\u0131\u015f\u0131n \u00f6nemli bir karakteri oldu\u011funu kan\u0131tlad\u0131\u011f\u0131n\u0131 vurgulad\u0131. Cengiz \u00c7andar, Kurdistan24&#8217;e verdi\u011fi r\u00f6portajda, \u0130stanbul&#8217;da d\u00fczenlenen Uluslararas\u0131 Bar\u0131\u015f ve Demokratik Toplum Konferans\u0131&#8217;n\u0131n \u00f6nemine dikkat \u00e7ekerek, bu konferans\u0131, ge\u00e7ti\u011fimiz ay Duhok&#8217;ta d\u00fczenlenen Orta Do\u011fu Bar\u0131\u015f ve [&hellip;]\" \/>\n<meta property=\"og:url\" content=\"https:\/\/darkamazi.site\/archives\/1035883\" \/>\n<meta property=\"og:site_name\" content=\"Darka Mazi\" \/>\n<meta property=\"article:publisher\" content=\"https:\/\/www.facebook.com\/DarkaMaziturkce\" \/>\n<meta property=\"article:published_time\" content=\"2025-12-08T09:51:25+00:00\" \/>\n<meta property=\"og:image\" content=\"https:\/\/darkamazi.site\/file\/2025\/12\/candar.jpg\" \/>\n\t<meta property=\"og:image:width\" content=\"750\" \/>\n\t<meta property=\"og:image:height\" content=\"430\" \/>\n\t<meta property=\"og:image:type\" content=\"image\/jpeg\" \/>\n<meta name=\"author\" content=\"darka mazi\" \/>\n<meta name=\"twitter:card\" content=\"summary_large_image\" \/>\n<meta name=\"twitter:creator\" content=\"@DarkaMaziTurkce\" \/>\n<meta name=\"twitter:site\" content=\"@DarkaMaziTurkce\" \/>\n<meta name=\"twitter:label1\" content=\"Written by\" \/>\n\t<meta name=\"twitter:data1\" content=\"darka mazi\" \/>\n\t<meta name=\"twitter:label2\" content=\"Est. reading time\" \/>\n\t<meta name=\"twitter:data2\" content=\"2 minutes\" \/>\n<script type=\"application\/ld+json\" class=\"seo-schema-graph\">{\"@context\":\"https:\\\/\\\/schema.org\",\"@graph\":[{\"@type\":\"NewsArticle\",\"@id\":\"https:\\\/\\\/darkamazi.site\\\/archives\\\/1035883#article\",\"isPartOf\":{\"@id\":\"https:\\\/\\\/darkamazi.site\\\/archives\\\/1035883\"},\"author\":{\"name\":\"darka mazi\",\"@id\":\"https:\\\/\\\/darkamazi.site\\\/#\\\/schema\\\/person\\\/67986a95ac546c16760365877ef4a9d3\"},\"headline\":\"Cengiz \u00c7andar: Ba\u015fkan Barzani&#8217;nin mesajlar\u0131 K\u00fcrt Ulusal Birli\u011finin canlanmas\u0131n\u0131n temeli oldu\",\"datePublished\":\"2025-12-08T09:51:25+00:00\",\"mainEntityOfPage\":{\"@id\":\"https:\\\/\\\/darkamazi.site\\\/archives\\\/1035883\"},\"wordCount\":298,\"publisher\":{\"@id\":\"https:\\\/\\\/darkamazi.site\\\/#organization\"},\"image\":{\"@id\":\"https:\\\/\\\/darkamazi.site\\\/archives\\\/1035883#primaryimage\"},\"thumbnailUrl\":\"https:\\\/\\\/darkamazi.site\\\/darka-content\\\/uploads\\\/2025\\\/12\\\/candar.jpg\",\"keywords\":[\"\u00f6nemli\"],\"articleSection\":[\"Kurdistan\"],\"inLanguage\":\"en-US\"},{\"@type\":\"WebPage\",\"@id\":\"https:\\\/\\\/darkamazi.site\\\/archives\\\/1035883\",\"url\":\"https:\\\/\\\/darkamazi.site\\\/archives\\\/1035883\",\"name\":\"Cengiz \u00c7andar: Ba\u015fkan Barzani'nin mesajlar\u0131 K\u00fcrt Ulusal Birli\u011finin canlanmas\u0131n\u0131n temeli oldu - Darka Mazi\",\"isPartOf\":{\"@id\":\"https:\\\/\\\/darkamazi.site\\\/#website\"},\"primaryImageOfPage\":{\"@id\":\"https:\\\/\\\/darkamazi.site\\\/archives\\\/1035883#primaryimage\"},\"image\":{\"@id\":\"https:\\\/\\\/darkamazi.site\\\/archives\\\/1035883#primaryimage\"},\"thumbnailUrl\":\"https:\\\/\\\/darkamazi.site\\\/darka-content\\\/uploads\\\/2025\\\/12\\\/candar.jpg\",\"datePublished\":\"2025-12-08T09:51:25+00:00\",\"breadcrumb\":{\"@id\":\"https:\\\/\\\/darkamazi.site\\\/archives\\\/1035883#breadcrumb\"},\"inLanguage\":\"en-US\",\"potentialAction\":[{\"@type\":\"ReadAction\",\"target\":[\"https:\\\/\\\/darkamazi.site\\\/archives\\\/1035883\"]}]},{\"@type\":\"ImageObject\",\"inLanguage\":\"en-US\",\"@id\":\"https:\\\/\\\/darkamazi.site\\\/archives\\\/1035883#primaryimage\",\"url\":\"https:\\\/\\\/darkamazi.site\\\/darka-content\\\/uploads\\\/2025\\\/12\\\/candar.jpg\",\"contentUrl\":\"https:\\\/\\\/darkamazi.site\\\/darka-content\\\/uploads\\\/2025\\\/12\\\/candar.jpg\",\"width\":750,\"height\":430,\"caption\":\"Cengiz \u00c7andar: Ba\u015fkan Barzani K\u00fcrt ulusal birli\u011fini korudu\"},{\"@type\":\"BreadcrumbList\",\"@id\":\"https:\\\/\\\/darkamazi.site\\\/archives\\\/1035883#breadcrumb\",\"itemListElement\":[{\"@type\":\"ListItem\",\"position\":1,\"name\":\"Home\",\"item\":\"https:\\\/\\\/darkamazi.site\\\/\"},{\"@type\":\"ListItem\",\"position\":2,\"name\":\"Cengiz \u00c7andar: Ba\u015fkan Barzani&#8217;nin mesajlar\u0131 K\u00fcrt Ulusal Birli\u011finin canlanmas\u0131n\u0131n temeli oldu\"}]},{\"@type\":\"WebSite\",\"@id\":\"https:\\\/\\\/darkamazi.site\\\/#website\",\"url\":\"https:\\\/\\\/darkamazi.site\\\/\",\"name\":\"Darka Mazi\",\"description\":\"Ana Sayfa\",\"publisher\":{\"@id\":\"https:\\\/\\\/darkamazi.site\\\/#organization\"},\"potentialAction\":[{\"@type\":\"SearchAction\",\"target\":{\"@type\":\"EntryPoint\",\"urlTemplate\":\"https:\\\/\\\/darkamazi.site\\\/?s={search_term_string}\"},\"query-input\":{\"@type\":\"PropertyValueSpecification\",\"valueRequired\":true,\"valueName\":\"search_term_string\"}}],\"inLanguage\":\"en-US\"},{\"@type\":\"Organization\",\"@id\":\"https:\\\/\\\/darkamazi.site\\\/#organization\",\"name\":\"Darka Mazi T\u00fcrk\u00e7e\",\"alternateName\":\"Darka Mazi\",\"url\":\"https:\\\/\\\/darkamazi.site\\\/\",\"logo\":{\"@type\":\"ImageObject\",\"inLanguage\":\"en-US\",\"@id\":\"https:\\\/\\\/darkamazi.site\\\/#\\\/schema\\\/logo\\\/image\\\/\",\"url\":\"https:\\\/\\\/darkamazi.site\\\/darka-content\\\/uploads\\\/2017\\\/12\\\/darka-mazi-logo.png\",\"contentUrl\":\"https:\\\/\\\/darkamazi.site\\\/darka-content\\\/uploads\\\/2017\\\/12\\\/darka-mazi-logo.png\",\"width\":151,\"height\":75,\"caption\":\"Darka Mazi T\u00fcrk\u00e7e\"},\"image\":{\"@id\":\"https:\\\/\\\/darkamazi.site\\\/#\\\/schema\\\/logo\\\/image\\\/\"},\"sameAs\":[\"https:\\\/\\\/www.facebook.com\\\/DarkaMaziturkce\",\"https:\\\/\\\/x.com\\\/DarkaMaziTurkce\"]},{\"@type\":\"Person\",\"@id\":\"https:\\\/\\\/darkamazi.site\\\/#\\\/schema\\\/person\\\/67986a95ac546c16760365877ef4a9d3\",\"name\":\"darka mazi\",\"sameAs\":[\"https:\\\/\\\/darkamazi.site\"],\"url\":\"https:\\\/\\\/darkamazi.site\\\/archives\\\/author\\\/turkish\"}]}<\/script>\n<!-- \/ Yoast SEO plugin. -->","seo_head_json":{"title":"Cengiz \u00c7andar: Ba\u015fkan Barzani'nin mesajlar\u0131 K\u00fcrt Ulusal Birli\u011finin canlanmas\u0131n\u0131n temeli oldu - Darka Mazi","robots":{"index":"index","follow":"follow","max-snippet":"max-snippet:-1","max-image-preview":"max-image-preview:large","max-video-preview":"max-video-preview:-1"},"canonical":"https:\/\/darkamazi.site\/archives\/1035883","og_locale":"en_US","og_type":"article","og_title":"Cengiz \u00c7andar: Ba\u015fkan Barzani'nin mesajlar\u0131 K\u00fcrt Ulusal Birli\u011finin canlanmas\u0131n\u0131n temeli oldu - Darka Mazi","og_description":"Halklar\u0131n E\u015fitlik ve Demokrasi Partisi (DEM Parti) Diyarbak\u0131r Milletvekili Cengiz \u00c7andar, Ba\u015fkan Mesud Barzani&#8217;nin mesajlar\u0131n\u0131n ulusal birlik ruhunu canland\u0131rd\u0131\u011f\u0131n\u0131 ve K\u00fcrtlerin b\u00f6lgede bar\u0131\u015f\u0131n \u00f6nemli bir karakteri oldu\u011funu kan\u0131tlad\u0131\u011f\u0131n\u0131 vurgulad\u0131. Cengiz \u00c7andar, Kurdistan24&#8217;e verdi\u011fi r\u00f6portajda, \u0130stanbul&#8217;da d\u00fczenlenen Uluslararas\u0131 Bar\u0131\u015f ve Demokratik Toplum Konferans\u0131&#8217;n\u0131n \u00f6nemine dikkat \u00e7ekerek, bu konferans\u0131, ge\u00e7ti\u011fimiz ay Duhok&#8217;ta d\u00fczenlenen Orta Do\u011fu Bar\u0131\u015f ve [&hellip;]","og_url":"https:\/\/darkamazi.site\/archives\/1035883","og_site_name":"Darka Mazi","article_publisher":"https:\/\/www.facebook.com\/DarkaMaziturkce","article_published_time":"2025-12-08T09:51:25+00:00","og_image":[{"width":750,"height":430,"url":"https:\/\/darkamazi.site\/file\/2025\/12\/candar.jpg","type":"image\/jpeg"}],"author":"darka mazi","twitter_card":"summary_large_image","twitter_creator":"@DarkaMaziTurkce","twitter_site":"@DarkaMaziTurkce","twitter_misc":{"Written by":"darka mazi","Est. reading time":"2 minutes"},"schema":{"@context":"https:\/\/schema.org","@graph":[{"@type":"NewsArticle","@id":"https:\/\/darkamazi.site\/archives\/1035883#article","isPartOf":{"@id":"https:\/\/darkamazi.site\/archives\/1035883"},"author":{"name":"darka mazi","@id":"https:\/\/darkamazi.site\/#\/schema\/person\/67986a95ac546c16760365877ef4a9d3"},"headline":"Cengiz \u00c7andar: Ba\u015fkan Barzani&#8217;nin mesajlar\u0131 K\u00fcrt Ulusal Birli\u011finin canlanmas\u0131n\u0131n temeli oldu","datePublished":"2025-12-08T09:51:25+00:00","mainEntityOfPage":{"@id":"https:\/\/darkamazi.site\/archives\/1035883"},"wordCount":298,"publisher":{"@id":"https:\/\/darkamazi.site\/#organization"},"image":{"@id":"https:\/\/darkamazi.site\/archives\/1035883#primaryimage"},"thumbnailUrl":"https:\/\/darkamazi.site\/file\/2025\/12\/candar.jpg","keywords":["\u00f6nemli"],"articleSection":["Kurdistan"],"inLanguage":"en-US"},{"@type":"WebPage","@id":"https:\/\/darkamazi.site\/archives\/1035883","url":"https:\/\/darkamazi.site\/archives\/1035883","name":"Cengiz \u00c7andar: Ba\u015fkan Barzani'nin mesajlar\u0131 K\u00fcrt Ulusal Birli\u011finin canlanmas\u0131n\u0131n temeli oldu - Darka Mazi","isPartOf":{"@id":"https:\/\/darkamazi.site\/#website"},"primaryImageOfPage":{"@id":"https:\/\/darkamazi.site\/archives\/1035883#primaryimage"},"image":{"@id":"https:\/\/darkamazi.site\/archives\/1035883#primaryimage"},"thumbnailUrl":"https:\/\/darkamazi.site\/file\/2025\/12\/candar.jpg","datePublished":"2025-12-08T09:51:25+00:00","breadcrumb":{"@id":"https:\/\/darkamazi.site\/archives\/1035883#breadcrumb"},"inLanguage":"en-US","potentialAction":[{"@type":"ReadAction","target":["https:\/\/darkamazi.site\/archives\/1035883"]}]},{"@type":"ImageObject","inLanguage":"en-US","@id":"https:\/\/darkamazi.site\/archives\/1035883#primaryimage","url":"https:\/\/darkamazi.site\/file\/2025\/12\/candar.jpg","contentUrl":"https:\/\/darkamazi.site\/file\/2025\/12\/candar.jpg","width":750,"height":430,"caption":"Cengiz \u00c7andar: Ba\u015fkan Barzani K\u00fcrt ulusal birli\u011fini korudu"},{"@type":"BreadcrumbList","@id":"https:\/\/darkamazi.site\/archives\/1035883#breadcrumb","itemListElement":[{"@type":"ListItem","position":1,"name":"Home","item":"https:\/\/darkamazi.site\/"},{"@type":"ListItem","position":2,"name":"Cengiz \u00c7andar: Ba\u015fkan Barzani&#8217;nin mesajlar\u0131 K\u00fcrt Ulusal Birli\u011finin canlanmas\u0131n\u0131n temeli oldu"}]},{"@type":"WebSite","@id":"https:\/\/darkamazi.site\/#website","url":"https:\/\/darkamazi.site\/","name":"Darka Mazi","description":"Ana Sayfa","publisher":{"@id":"https:\/\/darkamazi.site\/#organization"},"potentialAction":[{"@type":"SearchAction","target":{"@type":"EntryPoint","urlTemplate":"https:\/\/darkamazi.site\/?s={search_term_string}"},"query-input":{"@type":"PropertyValueSpecification","valueRequired":true,"valueName":"search_term_string"}}],"inLanguage":"en-US"},{"@type":"Organization","@id":"https:\/\/darkamazi.site\/#organization","name":"Darka Mazi T\u00fcrk\u00e7e","alternateName":"Darka Mazi","url":"https:\/\/darkamazi.site\/","logo":{"@type":"ImageObject","inLanguage":"en-US","@id":"https:\/\/darkamazi.site\/#\/schema\/logo\/image\/","url":"https:\/\/darkamazi.site\/file\/2017\/12\/darka-mazi-logo.png","contentUrl":"https:\/\/darkamazi.site\/file\/2017\/12\/darka-mazi-logo.png","width":151,"height":75,"caption":"Darka Mazi T\u00fcrk\u00e7e"},"image":{"@id":"https:\/\/darkamazi.site\/#\/schema\/logo\/image\/"},"sameAs":["https:\/\/www.facebook.com\/DarkaMaziturkce","https:\/\/x.com\/DarkaMaziTurkce"]},{"@type":"Person","@id":"https:\/\/darkamazi.site\/#\/schema\/person\/67986a95ac546c16760365877ef4a9d3","name":"darka mazi","sameAs":["https:\/\/darkamazi.site"],"url":"https:\/\/darkamazi.site\/archives\/author\/turkish"}]}},"_links":{"self":[{"href":"https:\/\/darkamazi.site\/funavuv\/wp\/v2\/posts\/1035883","targetHints":{"allow":["GET"]}}],"collection":[{"href":"https:\/\/darkamazi.site\/funavuv\/wp\/v2\/posts"}],"about":[{"href":"https:\/\/darkamazi.site\/funavuv\/wp\/v2\/types\/post"}],"author":[{"embeddable":true,"href":"https:\/\/darkamazi.site\/funavuv\/wp\/v2\/users\/2"}],"replies":[{"embeddable":true,"href":"https:\/\/darkamazi.site\/funavuv\/wp\/v2\/comments?post=1035883"}],"version-history":[{"count":0,"href":"https:\/\/darkamazi.site\/funavuv\/wp\/v2\/posts\/1035883\/revisions"}],"wp:featuredmedia":[{"embeddable":true,"href":"https:\/\/darkamazi.site\/funavuv\/wp\/v2\/media\/1035884"}],"wp:attachment":[{"href":"https:\/\/darkamazi.site\/funavuv\/wp\/v2\/media?parent=1035883"}],"wp:term":[{"taxonomy":"category","embeddable":true,"href":"https:\/\/darkamazi.site\/funavuv\/wp\/v2\/categories?post=1035883"},{"taxonomy":"post_tag","embeddable":true,"href":"https:\/\/darkamazi.site\/funavuv\/wp\/v2\/tags?post=1035883"}],"curies":[{"name":"wp","href":"https:\/\/api.w.org\/{rel}","templated":true}]}}