{"id":1035889,"date":"2025-12-08T15:45:20","date_gmt":"2025-12-08T12:45:20","guid":{"rendered":"https:\/\/darkamazi.site\/?p=1035889"},"modified":"2025-12-08T15:45:20","modified_gmt":"2025-12-08T12:45:20","slug":"dr-faiq-gulpi-bana-barzani-karsiti-calis-seni-kasim-suleymani-ile-tanistiralim-dediler","status":"publish","type":"post","link":"https:\/\/darkamazi.site\/archives\/1035889","title":{"rendered":"Dr. Faiq Gulpi: Bana \u201cBarzani kar\u015f\u0131t\u0131 \u00e7al\u0131\u015f seni Kas\u0131m S\u00fcleymani ile tan\u0131\u015ft\u0131ral\u0131m\u201d \u00a0dediler"},"content":{"rendered":"<p style=\"text-align: justify\">G\u00fcney K\u00fcrdistan\u2019\u0131n tan\u0131nm\u0131\u015f \u015fahsiyetlerinden Dr. Faik Gulpi kat\u0131ld\u0131\u011f\u0131 bir televizyon program\u0131nda dikkat \u00e7eken a\u00e7\u0131klamalar yapt\u0131. Gulpi Barzani kar\u015f\u0131t\u0131 \u00e7al\u0131\u015fma kar\u015f\u0131l\u0131\u011f\u0131nda her t\u00fcrl\u00fc deste\u011fin kendisine verilece\u011fi ve hatta Kas\u0131m S\u00fcleymani ile tan\u0131\u015ft\u0131r\u0131laca\u011f\u0131 vaadi ald\u0131\u011f\u0131n\u0131 s\u00f6yledi.<\/p>\n<p style=\"text-align: justify\">Doktor Faiq Gulpi S\u00fcleymaniye\u2019de ya\u015fayan doktorlu\u011fun yan\u0131 s\u0131ra siyaset ve entelekt\u00fcel aktivitelere kat\u0131lan bir isim. Ge\u00e7ti\u011fimiz g\u00fcnlerde kat\u0131ld\u0131\u011f\u0131 bir TV program 2015-2016 y\u0131llar\u0131 aras\u0131nda ald\u0131\u011f\u0131 baz\u0131 teklifleri a\u00e7\u0131klad\u0131. Kendisinin o tarihlerde \u201cDemokratik Siyaset Akademisi adl\u0131 bir \u00f6rg\u00fct kurdu\u011funu s\u00f6yledi. Kurdu\u011fu \u00f6rg\u00fct i\u00e7in G\u00fcney K\u00fcrdistan\u2019daki t\u00fcm siyasi \u00e7evreleri ziyaret etti\u011fini s\u00f6yleyen Gulpi\u00a0 YNK\u2019yi i\u015farete ederek onlar\u0131 zi ziyaretinde \u201cBarzani kar\u015f\u0131t\u0131 \u00e7al\u0131\u015f\u0131rsa kendisine t\u00fcm kap\u0131lar\u0131 a\u00e7aca\u011f\u0131\u201d teklifi yap\u0131ld\u0131\u011f\u0131n s\u00f6yledi.<\/p>\n<p style=\"text-align: justify\">Gulpi: \u201c2016-17 y\u0131llar\u0131nda bir \u00f6rg\u00fct kurdum bir ayd\u0131nlanma kurulu\u015fuydu. Siyaset ve demokratik d\u00fc\u015f\u00fcnce akademisiydi ad\u0131. O d\u00f6nem bir\u00e7ok partiyi ziyaret edip yard\u0131m talep ettik YNK\u2019den ve taraflardan. Dedik ki bu bir partiye ba\u011fl\u0131 de\u011fil, genel bir \u00f6rg\u00fctt\u00fcr, K\u00fcrdistan\u2019da siyaset d\u00fc\u015f\u00fcncesini geli\u015ftirmek i\u00e7indir. Bunlar\u0131n yan\u0131na gittim bana dediler ki \u201cE\u011fer sen Mesut Barzani\u2019ye kar\u015f\u0131tl\u0131k yaparsan, senin i\u00e7in her \u015feyi yapar\u0131z hatta seni Kas\u0131m S\u00fcleymaniye ile tan\u0131\u015ft\u0131r\u0131r\u0131z\u201d<\/p>\n<p style=\"text-align: justify\">Gulpi konu\u015fmas\u0131n\u0131n devam\u0131nda ise \u201cHala onlara cevap vermi\u015f de\u011filim\u201d diyerek tutumunu ortaya koydu.<\/p>\n<p style=\"text-align: justify\"><strong>Teklifi kim yapt\u0131? <\/strong><\/p>\n<p style=\"text-align: justify\">Gulpi PKK ile yak\u0131n biri ayn\u0131 zamanda YNK ile de ili\u015fkileri olan bir \u015fahsiyet. Yani Gulpi\u2019nin konu\u015fmas\u0131nda KDP\u2019yi bilin\u00e7li olarak aklama gibi bir durumu olmas\u0131 g\u00f6r\u00fcnm\u00fcyor.<\/p>\n<p style=\"text-align: justify\">Gulpi\u2019nin konu\u015fmas\u0131na ve d\u00f6neme bak\u0131l\u0131nca kendisine bu teklifi yapan\u0131n YNK oldu\u011fu g\u00f6r\u00fcl\u00fcyor. \u00c7\u00fcnk\u00fc S\u00fcleymaniye\u2019de bu teklifi yapabilecek g\u00fc\u00e7teki tek \u00f6rg\u00fct YNK idi ve o d\u00f6nem YNK, Kas\u0131m S\u00fcleymani\u2019nin neredeyse g\u00fcnl\u00fck koordine etti\u011fi bir \u00f6rg\u00fctt\u00fc.<\/p>\n<p style=\"text-align: justify\"><strong>2016\u2019da ba\u015flayan \u201cBarzani kar\u015f\u0131t\u0131 hamle\u201d ve arkas\u0131ndaki g\u00fc\u00e7ler<\/strong><\/p>\n<p style=\"text-align: justify\">Gulpi\u2019nin a\u00e7\u0131klamalar\u0131 \u00f6zellikle 2014 sonras\u0131 ba\u015flayan KDP ve Barzani kar\u015f\u0131tl\u0131\u011f\u0131n\u0131n merkezine i\u015faret etti\u011fi i\u00e7in olduk\u00e7a \u00f6nemli.\u00a0 O d\u00f6nemde YNK ve PKK\u2019nin ba\u015flatt\u0131\u011f\u0131 \u201cBarzani kar\u015f\u0131t\u0131 hamlenin\u201d ard\u0131ndaki g\u00fcc\u00fcn kim oldu\u011funu da \u00e7ok net bir \u015fekilde ortaya koyuyor.<\/p>\n<p style=\"text-align: justify\">YNK, lideri Celal Talabani\u2019nin 2012 y\u0131l\u0131nda rahats\u0131zlanmas\u0131 ile beraber \u0130ran\u2019\u0131n bir uzantas\u0131 durumuna gelmi\u015fti.<\/p>\n<p style=\"text-align: justify\">Cemil Bay\u0131k\u2019\u0131n 2013 A\u011fustos\u2019unda KCK E\u015f Ba\u015fkan\u0131 olmas\u0131 \u00a0ile beraber PKK\u2019de \u0130ran\u2019\u0131n b\u00f6lgedeki ajandas\u0131n\u0131n bir di\u015flisi olmay\u0131 kabul etmi\u015fti.<\/p>\n","protected":false},"excerpt":{"rendered":"<p>G\u00fcney K\u00fcrdistan\u2019\u0131n tan\u0131nm\u0131\u015f \u015fahsiyetlerinden Dr. Faik Gulpi kat\u0131ld\u0131\u011f\u0131 bir televizyon program\u0131nda dikkat \u00e7eken a\u00e7\u0131klamalar yapt\u0131. Gulpi Barzani kar\u015f\u0131t\u0131 \u00e7al\u0131\u015fma kar\u015f\u0131l\u0131\u011f\u0131nda her t\u00fcrl\u00fc deste\u011fin kendisine verilece\u011fi ve hatta Kas\u0131m S\u00fcleymani ile tan\u0131\u015ft\u0131r\u0131laca\u011f\u0131 vaadi ald\u0131\u011f\u0131n\u0131 s\u00f6yledi. Doktor Faiq Gulpi S\u00fcleymaniye\u2019de ya\u015fayan doktorlu\u011fun yan\u0131 s\u0131ra siyaset ve entelekt\u00fcel aktivitelere kat\u0131lan bir isim. Ge\u00e7ti\u011fimiz g\u00fcnlerde kat\u0131ld\u0131\u011f\u0131 bir TV program [&hellip;]<\/p>\n","protected":false},"author":2,"featured_media":1035890,"comment_status":"closed","ping_status":"closed","sticky":false,"template":"","format":"standard","meta":{"footnotes":""},"categories":[3],"tags":[31],"class_list":["post-1035889","post","type-post","status-publish","format-standard","has-post-thumbnail","hentry","category-kurdistan","tag-onemli"],"blocksy_meta":[],"seo_head":"<!-- This site is optimized with the Yoast SEO plugin v27.5 - https:\/\/yoast.com\/product\/yoast-seo-wordpress\/ -->\n<title>Dr. Faiq Gulpi: Bana \u201cBarzani kar\u015f\u0131t\u0131 \u00e7al\u0131\u015f seni Kas\u0131m S\u00fcleymani ile tan\u0131\u015ft\u0131ral\u0131m\u201d \u00a0dediler - Darka Mazi<\/title>\n<meta name=\"robots\" content=\"index, follow, max-snippet:-1, max-image-preview:large, max-video-preview:-1\" \/>\n<link rel=\"canonical\" href=\"https:\/\/darkamazi.site\/archives\/1035889\" \/>\n<meta property=\"og:locale\" content=\"en_US\" \/>\n<meta property=\"og:type\" content=\"article\" \/>\n<meta property=\"og:title\" content=\"Dr. Faiq Gulpi: Bana \u201cBarzani kar\u015f\u0131t\u0131 \u00e7al\u0131\u015f seni Kas\u0131m S\u00fcleymani ile tan\u0131\u015ft\u0131ral\u0131m\u201d \u00a0dediler - Darka Mazi\" \/>\n<meta property=\"og:description\" content=\"G\u00fcney K\u00fcrdistan\u2019\u0131n tan\u0131nm\u0131\u015f \u015fahsiyetlerinden Dr. Faik Gulpi kat\u0131ld\u0131\u011f\u0131 bir televizyon program\u0131nda dikkat \u00e7eken a\u00e7\u0131klamalar yapt\u0131. Gulpi Barzani kar\u015f\u0131t\u0131 \u00e7al\u0131\u015fma kar\u015f\u0131l\u0131\u011f\u0131nda her t\u00fcrl\u00fc deste\u011fin kendisine verilece\u011fi ve hatta Kas\u0131m S\u00fcleymani ile tan\u0131\u015ft\u0131r\u0131laca\u011f\u0131 vaadi ald\u0131\u011f\u0131n\u0131 s\u00f6yledi. Doktor Faiq Gulpi S\u00fcleymaniye\u2019de ya\u015fayan doktorlu\u011fun yan\u0131 s\u0131ra siyaset ve entelekt\u00fcel aktivitelere kat\u0131lan bir isim. Ge\u00e7ti\u011fimiz g\u00fcnlerde kat\u0131ld\u0131\u011f\u0131 bir TV program [&hellip;]\" \/>\n<meta property=\"og:url\" content=\"https:\/\/darkamazi.site\/archives\/1035889\" \/>\n<meta property=\"og:site_name\" content=\"Darka Mazi\" \/>\n<meta property=\"article:publisher\" content=\"https:\/\/www.facebook.com\/DarkaMaziturkce\" \/>\n<meta property=\"article:published_time\" content=\"2025-12-08T12:45:20+00:00\" \/>\n<meta property=\"og:image\" content=\"https:\/\/darkamazi.site\/file\/2025\/12\/faik-gulpi.jpg\" \/>\n\t<meta property=\"og:image:width\" content=\"900\" \/>\n\t<meta property=\"og:image:height\" content=\"497\" \/>\n\t<meta property=\"og:image:type\" content=\"image\/jpeg\" \/>\n<meta name=\"author\" content=\"darka mazi\" \/>\n<meta name=\"twitter:card\" content=\"summary_large_image\" \/>\n<meta name=\"twitter:creator\" content=\"@DarkaMaziTurkce\" \/>\n<meta name=\"twitter:site\" content=\"@DarkaMaziTurkce\" \/>\n<meta name=\"twitter:label1\" content=\"Written by\" \/>\n\t<meta name=\"twitter:data1\" content=\"darka mazi\" \/>\n\t<meta name=\"twitter:label2\" content=\"Est. reading time\" \/>\n\t<meta name=\"twitter:data2\" content=\"2 minutes\" \/>\n<script type=\"application\/ld+json\" class=\"seo-schema-graph\">{\"@context\":\"https:\\\/\\\/schema.org\",\"@graph\":[{\"@type\":\"NewsArticle\",\"@id\":\"https:\\\/\\\/darkamazi.site\\\/archives\\\/1035889#article\",\"isPartOf\":{\"@id\":\"https:\\\/\\\/darkamazi.site\\\/archives\\\/1035889\"},\"author\":{\"name\":\"darka mazi\",\"@id\":\"https:\\\/\\\/darkamazi.site\\\/#\\\/schema\\\/person\\\/67986a95ac546c16760365877ef4a9d3\"},\"headline\":\"Dr. Faiq Gulpi: Bana \u201cBarzani kar\u015f\u0131t\u0131 \u00e7al\u0131\u015f seni Kas\u0131m S\u00fcleymani ile tan\u0131\u015ft\u0131ral\u0131m\u201d \u00a0dediler\",\"datePublished\":\"2025-12-08T12:45:20+00:00\",\"mainEntityOfPage\":{\"@id\":\"https:\\\/\\\/darkamazi.site\\\/archives\\\/1035889\"},\"wordCount\":503,\"publisher\":{\"@id\":\"https:\\\/\\\/darkamazi.site\\\/#organization\"},\"image\":{\"@id\":\"https:\\\/\\\/darkamazi.site\\\/archives\\\/1035889#primaryimage\"},\"thumbnailUrl\":\"https:\\\/\\\/darkamazi.site\\\/darka-content\\\/uploads\\\/2025\\\/12\\\/faik-gulpi.jpg\",\"keywords\":[\"\u00f6nemli\"],\"articleSection\":[\"Kurdistan\"],\"inLanguage\":\"en-US\"},{\"@type\":\"WebPage\",\"@id\":\"https:\\\/\\\/darkamazi.site\\\/archives\\\/1035889\",\"url\":\"https:\\\/\\\/darkamazi.site\\\/archives\\\/1035889\",\"name\":\"Dr. Faiq Gulpi: Bana \u201cBarzani kar\u015f\u0131t\u0131 \u00e7al\u0131\u015f seni Kas\u0131m S\u00fcleymani ile tan\u0131\u015ft\u0131ral\u0131m\u201d \u00a0dediler - Darka Mazi\",\"isPartOf\":{\"@id\":\"https:\\\/\\\/darkamazi.site\\\/#website\"},\"primaryImageOfPage\":{\"@id\":\"https:\\\/\\\/darkamazi.site\\\/archives\\\/1035889#primaryimage\"},\"image\":{\"@id\":\"https:\\\/\\\/darkamazi.site\\\/archives\\\/1035889#primaryimage\"},\"thumbnailUrl\":\"https:\\\/\\\/darkamazi.site\\\/darka-content\\\/uploads\\\/2025\\\/12\\\/faik-gulpi.jpg\",\"datePublished\":\"2025-12-08T12:45:20+00:00\",\"breadcrumb\":{\"@id\":\"https:\\\/\\\/darkamazi.site\\\/archives\\\/1035889#breadcrumb\"},\"inLanguage\":\"en-US\",\"potentialAction\":[{\"@type\":\"ReadAction\",\"target\":[\"https:\\\/\\\/darkamazi.site\\\/archives\\\/1035889\"]}]},{\"@type\":\"ImageObject\",\"inLanguage\":\"en-US\",\"@id\":\"https:\\\/\\\/darkamazi.site\\\/archives\\\/1035889#primaryimage\",\"url\":\"https:\\\/\\\/darkamazi.site\\\/darka-content\\\/uploads\\\/2025\\\/12\\\/faik-gulpi.jpg\",\"contentUrl\":\"https:\\\/\\\/darkamazi.site\\\/darka-content\\\/uploads\\\/2025\\\/12\\\/faik-gulpi.jpg\",\"width\":900,\"height\":497,\"caption\":\"Dr. Faiq Gulpi: Bana \u201cBarzani kar\u015f\u0131t\u0131 \u00e7al\u0131\u015f seni Kas\u0131m S\u00fcleymani ile tan\u0131\u015ft\u0131ral\u0131m\u201d \u00a0dediler\"},{\"@type\":\"BreadcrumbList\",\"@id\":\"https:\\\/\\\/darkamazi.site\\\/archives\\\/1035889#breadcrumb\",\"itemListElement\":[{\"@type\":\"ListItem\",\"position\":1,\"name\":\"Home\",\"item\":\"https:\\\/\\\/darkamazi.site\\\/\"},{\"@type\":\"ListItem\",\"position\":2,\"name\":\"Dr. Faiq Gulpi: Bana \u201cBarzani kar\u015f\u0131t\u0131 \u00e7al\u0131\u015f seni Kas\u0131m S\u00fcleymani ile tan\u0131\u015ft\u0131ral\u0131m\u201d \u00a0dediler\"}]},{\"@type\":\"WebSite\",\"@id\":\"https:\\\/\\\/darkamazi.site\\\/#website\",\"url\":\"https:\\\/\\\/darkamazi.site\\\/\",\"name\":\"Darka Mazi\",\"description\":\"Ana Sayfa\",\"publisher\":{\"@id\":\"https:\\\/\\\/darkamazi.site\\\/#organization\"},\"potentialAction\":[{\"@type\":\"SearchAction\",\"target\":{\"@type\":\"EntryPoint\",\"urlTemplate\":\"https:\\\/\\\/darkamazi.site\\\/?s={search_term_string}\"},\"query-input\":{\"@type\":\"PropertyValueSpecification\",\"valueRequired\":true,\"valueName\":\"search_term_string\"}}],\"inLanguage\":\"en-US\"},{\"@type\":\"Organization\",\"@id\":\"https:\\\/\\\/darkamazi.site\\\/#organization\",\"name\":\"Darka Mazi T\u00fcrk\u00e7e\",\"alternateName\":\"Darka Mazi\",\"url\":\"https:\\\/\\\/darkamazi.site\\\/\",\"logo\":{\"@type\":\"ImageObject\",\"inLanguage\":\"en-US\",\"@id\":\"https:\\\/\\\/darkamazi.site\\\/#\\\/schema\\\/logo\\\/image\\\/\",\"url\":\"https:\\\/\\\/darkamazi.site\\\/darka-content\\\/uploads\\\/2017\\\/12\\\/darka-mazi-logo.png\",\"contentUrl\":\"https:\\\/\\\/darkamazi.site\\\/darka-content\\\/uploads\\\/2017\\\/12\\\/darka-mazi-logo.png\",\"width\":151,\"height\":75,\"caption\":\"Darka Mazi T\u00fcrk\u00e7e\"},\"image\":{\"@id\":\"https:\\\/\\\/darkamazi.site\\\/#\\\/schema\\\/logo\\\/image\\\/\"},\"sameAs\":[\"https:\\\/\\\/www.facebook.com\\\/DarkaMaziturkce\",\"https:\\\/\\\/x.com\\\/DarkaMaziTurkce\"]},{\"@type\":\"Person\",\"@id\":\"https:\\\/\\\/darkamazi.site\\\/#\\\/schema\\\/person\\\/67986a95ac546c16760365877ef4a9d3\",\"name\":\"darka mazi\",\"sameAs\":[\"https:\\\/\\\/darkamazi.site\"],\"url\":\"https:\\\/\\\/darkamazi.site\\\/archives\\\/author\\\/turkish\"}]}<\/script>\n<!-- \/ Yoast SEO plugin. -->","seo_head_json":{"title":"Dr. Faiq Gulpi: Bana \u201cBarzani kar\u015f\u0131t\u0131 \u00e7al\u0131\u015f seni Kas\u0131m S\u00fcleymani ile tan\u0131\u015ft\u0131ral\u0131m\u201d \u00a0dediler - Darka Mazi","robots":{"index":"index","follow":"follow","max-snippet":"max-snippet:-1","max-image-preview":"max-image-preview:large","max-video-preview":"max-video-preview:-1"},"canonical":"https:\/\/darkamazi.site\/archives\/1035889","og_locale":"en_US","og_type":"article","og_title":"Dr. Faiq Gulpi: Bana \u201cBarzani kar\u015f\u0131t\u0131 \u00e7al\u0131\u015f seni Kas\u0131m S\u00fcleymani ile tan\u0131\u015ft\u0131ral\u0131m\u201d \u00a0dediler - Darka Mazi","og_description":"G\u00fcney K\u00fcrdistan\u2019\u0131n tan\u0131nm\u0131\u015f \u015fahsiyetlerinden Dr. Faik Gulpi kat\u0131ld\u0131\u011f\u0131 bir televizyon program\u0131nda dikkat \u00e7eken a\u00e7\u0131klamalar yapt\u0131. Gulpi Barzani kar\u015f\u0131t\u0131 \u00e7al\u0131\u015fma kar\u015f\u0131l\u0131\u011f\u0131nda her t\u00fcrl\u00fc deste\u011fin kendisine verilece\u011fi ve hatta Kas\u0131m S\u00fcleymani ile tan\u0131\u015ft\u0131r\u0131laca\u011f\u0131 vaadi ald\u0131\u011f\u0131n\u0131 s\u00f6yledi. Doktor Faiq Gulpi S\u00fcleymaniye\u2019de ya\u015fayan doktorlu\u011fun yan\u0131 s\u0131ra siyaset ve entelekt\u00fcel aktivitelere kat\u0131lan bir isim. Ge\u00e7ti\u011fimiz g\u00fcnlerde kat\u0131ld\u0131\u011f\u0131 bir TV program [&hellip;]","og_url":"https:\/\/darkamazi.site\/archives\/1035889","og_site_name":"Darka Mazi","article_publisher":"https:\/\/www.facebook.com\/DarkaMaziturkce","article_published_time":"2025-12-08T12:45:20+00:00","og_image":[{"width":900,"height":497,"url":"https:\/\/darkamazi.site\/file\/2025\/12\/faik-gulpi.jpg","type":"image\/jpeg"}],"author":"darka mazi","twitter_card":"summary_large_image","twitter_creator":"@DarkaMaziTurkce","twitter_site":"@DarkaMaziTurkce","twitter_misc":{"Written by":"darka mazi","Est. reading time":"2 minutes"},"schema":{"@context":"https:\/\/schema.org","@graph":[{"@type":"NewsArticle","@id":"https:\/\/darkamazi.site\/archives\/1035889#article","isPartOf":{"@id":"https:\/\/darkamazi.site\/archives\/1035889"},"author":{"name":"darka mazi","@id":"https:\/\/darkamazi.site\/#\/schema\/person\/67986a95ac546c16760365877ef4a9d3"},"headline":"Dr. Faiq Gulpi: Bana \u201cBarzani kar\u015f\u0131t\u0131 \u00e7al\u0131\u015f seni Kas\u0131m S\u00fcleymani ile tan\u0131\u015ft\u0131ral\u0131m\u201d \u00a0dediler","datePublished":"2025-12-08T12:45:20+00:00","mainEntityOfPage":{"@id":"https:\/\/darkamazi.site\/archives\/1035889"},"wordCount":503,"publisher":{"@id":"https:\/\/darkamazi.site\/#organization"},"image":{"@id":"https:\/\/darkamazi.site\/archives\/1035889#primaryimage"},"thumbnailUrl":"https:\/\/darkamazi.site\/file\/2025\/12\/faik-gulpi.jpg","keywords":["\u00f6nemli"],"articleSection":["Kurdistan"],"inLanguage":"en-US"},{"@type":"WebPage","@id":"https:\/\/darkamazi.site\/archives\/1035889","url":"https:\/\/darkamazi.site\/archives\/1035889","name":"Dr. Faiq Gulpi: Bana \u201cBarzani kar\u015f\u0131t\u0131 \u00e7al\u0131\u015f seni Kas\u0131m S\u00fcleymani ile tan\u0131\u015ft\u0131ral\u0131m\u201d \u00a0dediler - Darka Mazi","isPartOf":{"@id":"https:\/\/darkamazi.site\/#website"},"primaryImageOfPage":{"@id":"https:\/\/darkamazi.site\/archives\/1035889#primaryimage"},"image":{"@id":"https:\/\/darkamazi.site\/archives\/1035889#primaryimage"},"thumbnailUrl":"https:\/\/darkamazi.site\/file\/2025\/12\/faik-gulpi.jpg","datePublished":"2025-12-08T12:45:20+00:00","breadcrumb":{"@id":"https:\/\/darkamazi.site\/archives\/1035889#breadcrumb"},"inLanguage":"en-US","potentialAction":[{"@type":"ReadAction","target":["https:\/\/darkamazi.site\/archives\/1035889"]}]},{"@type":"ImageObject","inLanguage":"en-US","@id":"https:\/\/darkamazi.site\/archives\/1035889#primaryimage","url":"https:\/\/darkamazi.site\/file\/2025\/12\/faik-gulpi.jpg","contentUrl":"https:\/\/darkamazi.site\/file\/2025\/12\/faik-gulpi.jpg","width":900,"height":497,"caption":"Dr. Faiq Gulpi: Bana \u201cBarzani kar\u015f\u0131t\u0131 \u00e7al\u0131\u015f seni Kas\u0131m S\u00fcleymani ile tan\u0131\u015ft\u0131ral\u0131m\u201d \u00a0dediler"},{"@type":"BreadcrumbList","@id":"https:\/\/darkamazi.site\/archives\/1035889#breadcrumb","itemListElement":[{"@type":"ListItem","position":1,"name":"Home","item":"https:\/\/darkamazi.site\/"},{"@type":"ListItem","position":2,"name":"Dr. Faiq Gulpi: Bana \u201cBarzani kar\u015f\u0131t\u0131 \u00e7al\u0131\u015f seni Kas\u0131m S\u00fcleymani ile tan\u0131\u015ft\u0131ral\u0131m\u201d \u00a0dediler"}]},{"@type":"WebSite","@id":"https:\/\/darkamazi.site\/#website","url":"https:\/\/darkamazi.site\/","name":"Darka Mazi","description":"Ana Sayfa","publisher":{"@id":"https:\/\/darkamazi.site\/#organization"},"potentialAction":[{"@type":"SearchAction","target":{"@type":"EntryPoint","urlTemplate":"https:\/\/darkamazi.site\/?s={search_term_string}"},"query-input":{"@type":"PropertyValueSpecification","valueRequired":true,"valueName":"search_term_string"}}],"inLanguage":"en-US"},{"@type":"Organization","@id":"https:\/\/darkamazi.site\/#organization","name":"Darka Mazi T\u00fcrk\u00e7e","alternateName":"Darka Mazi","url":"https:\/\/darkamazi.site\/","logo":{"@type":"ImageObject","inLanguage":"en-US","@id":"https:\/\/darkamazi.site\/#\/schema\/logo\/image\/","url":"https:\/\/darkamazi.site\/file\/2017\/12\/darka-mazi-logo.png","contentUrl":"https:\/\/darkamazi.site\/file\/2017\/12\/darka-mazi-logo.png","width":151,"height":75,"caption":"Darka Mazi T\u00fcrk\u00e7e"},"image":{"@id":"https:\/\/darkamazi.site\/#\/schema\/logo\/image\/"},"sameAs":["https:\/\/www.facebook.com\/DarkaMaziturkce","https:\/\/x.com\/DarkaMaziTurkce"]},{"@type":"Person","@id":"https:\/\/darkamazi.site\/#\/schema\/person\/67986a95ac546c16760365877ef4a9d3","name":"darka mazi","sameAs":["https:\/\/darkamazi.site"],"url":"https:\/\/darkamazi.site\/archives\/author\/turkish"}]}},"_links":{"self":[{"href":"https:\/\/darkamazi.site\/funavuv\/wp\/v2\/posts\/1035889","targetHints":{"allow":["GET"]}}],"collection":[{"href":"https:\/\/darkamazi.site\/funavuv\/wp\/v2\/posts"}],"about":[{"href":"https:\/\/darkamazi.site\/funavuv\/wp\/v2\/types\/post"}],"author":[{"embeddable":true,"href":"https:\/\/darkamazi.site\/funavuv\/wp\/v2\/users\/2"}],"replies":[{"embeddable":true,"href":"https:\/\/darkamazi.site\/funavuv\/wp\/v2\/comments?post=1035889"}],"version-history":[{"count":0,"href":"https:\/\/darkamazi.site\/funavuv\/wp\/v2\/posts\/1035889\/revisions"}],"wp:featuredmedia":[{"embeddable":true,"href":"https:\/\/darkamazi.site\/funavuv\/wp\/v2\/media\/1035890"}],"wp:attachment":[{"href":"https:\/\/darkamazi.site\/funavuv\/wp\/v2\/media?parent=1035889"}],"wp:term":[{"taxonomy":"category","embeddable":true,"href":"https:\/\/darkamazi.site\/funavuv\/wp\/v2\/categories?post=1035889"},{"taxonomy":"post_tag","embeddable":true,"href":"https:\/\/darkamazi.site\/funavuv\/wp\/v2\/tags?post=1035889"}],"curies":[{"name":"wp","href":"https:\/\/api.w.org\/{rel}","templated":true}]}}