{"id":1035977,"date":"2025-12-19T19:31:55","date_gmt":"2025-12-19T16:31:55","guid":{"rendered":"https:\/\/darkamazi.site\/?p=1035977"},"modified":"2025-12-19T19:31:55","modified_gmt":"2025-12-19T16:31:55","slug":"baskan-barzaniden-ezidilere-tum-bayramlari-baris-ve-mutluluk-icinde-kutlayin","status":"publish","type":"post","link":"https:\/\/darkamazi.site\/archives\/1035977","title":{"rendered":"Ba\u015fkan Barzani&#8217;den Ezidilere:  T\u00fcm bayramlar\u0131 bar\u0131\u015f ve mutluluk i\u00e7inde kutlay\u0131n"},"content":{"rendered":"<p style=\"text-align: justify\">Ba\u015fkan Mesud Barzani, &#8220;K\u00fcrdistan&#8217;\u0131n t\u00fcm dini ve etnik gruplar aras\u0131nda karde\u015flik, birlikte ya\u015fama ve bar\u0131\u015f\u0131n h\u00fck\u00fcm s\u00fcrd\u00fc\u011f\u00fc bir \u00fclke olmas\u0131 gurur verici bir durumdur.&#8221; dedi.<\/p>\n<p style=\"text-align: justify\">Mesud Barzani, bug\u00fcn (18 Aral\u0131k 2025 Per\u015fembe g\u00fcn\u00fc) Ezidi K\u00fcrtlerin Ezi Orucu Bayram\u0131 dolay\u0131s\u0131yla tebrik mesaj\u0131 yay\u0131mlad\u0131.<\/p>\n<p style=\"text-align: justify\">\u201cT\u00fcm Ezidi karde\u015flerimin Ezi Orucu Bayram\u0131\u2019n\u0131 tebrik ediyorum.\u201d diyen Ba\u015fkan Barzani, bayram\u0131n rehaf ve mutlulu\u011fa vesile olmas\u0131 temennisinde bulundu.<\/p>\n<p style=\"text-align: justify\">Mesud Barzani, mesaj\u0131nda \u015fu ifadelere yer verdi:<\/p>\n<p style=\"text-align: justify\">&#8220;T\u00fcm bayramlar\u0131n\u0131z\u0131 ve \u00f6zel g\u00fcnlerinizi bar\u0131\u015f ve mutluluk i\u00e7inde kutlaman\u0131z\u0131 diliyorum. K\u00fcrdistan&#8217;\u0131n t\u00fcm dini ve etnik gruplar aras\u0131nda karde\u015flik, birlikte ya\u015fama ve bar\u0131\u015f\u0131n h\u00fck\u00fcm s\u00fcrd\u00fc\u011f\u00fc bir \u00fclke olmas\u0131 gurur verici bir durumdur. Bu k\u00fclt\u00fcr\u00fcn daha da g\u00fc\u00e7lendirilmesi ve yayg\u0131nla\u015ft\u0131r\u0131lmas\u0131 gerekmektedir.&#8221;<\/p>\n<p style=\"text-align: justify\">Ezidiler \u201cB\u00fcy\u00fck Oru\u00e7 Bayram\u0131\u201d olarak da bilinen Ezi Bayram\u0131\u2019ndan \u00f6nceki 3 g\u00fcn oru\u00e7 tutar.<\/p>\n<p style=\"text-align: justify\">Orucun ard\u0131ndan gelen cuma g\u00fcn\u00fcnde ise Ezi Bayram\u0131 kutlan\u0131r.<\/p>\n","protected":false},"excerpt":{"rendered":"<p>Ba\u015fkan Mesud Barzani, &#8220;K\u00fcrdistan&#8217;\u0131n t\u00fcm dini ve etnik gruplar aras\u0131nda karde\u015flik, birlikte ya\u015fama ve bar\u0131\u015f\u0131n h\u00fck\u00fcm s\u00fcrd\u00fc\u011f\u00fc bir \u00fclke olmas\u0131 gurur verici bir durumdur.&#8221; dedi. Mesud Barzani, bug\u00fcn (18 Aral\u0131k 2025 Per\u015fembe g\u00fcn\u00fc) Ezidi K\u00fcrtlerin Ezi Orucu Bayram\u0131 dolay\u0131s\u0131yla tebrik mesaj\u0131 yay\u0131mlad\u0131. \u201cT\u00fcm Ezidi karde\u015flerimin Ezi Orucu Bayram\u0131\u2019n\u0131 tebrik ediyorum.\u201d diyen Ba\u015fkan Barzani, bayram\u0131n rehaf [&hellip;]<\/p>\n","protected":false},"author":2,"featured_media":1035978,"comment_status":"closed","ping_status":"closed","sticky":false,"template":"","format":"standard","meta":{"footnotes":""},"categories":[3],"tags":[31],"class_list":["post-1035977","post","type-post","status-publish","format-standard","has-post-thumbnail","hentry","category-kurdistan","tag-onemli"],"blocksy_meta":[],"seo_head":"<!-- This site is optimized with the Yoast SEO plugin v27.5 - https:\/\/yoast.com\/product\/yoast-seo-wordpress\/ -->\n<title>Ba\u015fkan Barzani&#039;den Ezidilere: T\u00fcm bayramlar\u0131 bar\u0131\u015f ve mutluluk i\u00e7inde kutlay\u0131n - Darka Mazi<\/title>\n<meta name=\"robots\" content=\"index, follow, max-snippet:-1, max-image-preview:large, max-video-preview:-1\" \/>\n<link rel=\"canonical\" href=\"https:\/\/darkamazi.site\/archives\/1035977\" \/>\n<meta property=\"og:locale\" content=\"en_US\" \/>\n<meta property=\"og:type\" content=\"article\" \/>\n<meta property=\"og:title\" content=\"Ba\u015fkan Barzani&#039;den Ezidilere: T\u00fcm bayramlar\u0131 bar\u0131\u015f ve mutluluk i\u00e7inde kutlay\u0131n - Darka Mazi\" \/>\n<meta property=\"og:description\" content=\"Ba\u015fkan Mesud Barzani, &#8220;K\u00fcrdistan&#8217;\u0131n t\u00fcm dini ve etnik gruplar aras\u0131nda karde\u015flik, birlikte ya\u015fama ve bar\u0131\u015f\u0131n h\u00fck\u00fcm s\u00fcrd\u00fc\u011f\u00fc bir \u00fclke olmas\u0131 gurur verici bir durumdur.&#8221; dedi. Mesud Barzani, bug\u00fcn (18 Aral\u0131k 2025 Per\u015fembe g\u00fcn\u00fc) Ezidi K\u00fcrtlerin Ezi Orucu Bayram\u0131 dolay\u0131s\u0131yla tebrik mesaj\u0131 yay\u0131mlad\u0131. \u201cT\u00fcm Ezidi karde\u015flerimin Ezi Orucu Bayram\u0131\u2019n\u0131 tebrik ediyorum.\u201d diyen Ba\u015fkan Barzani, bayram\u0131n rehaf [&hellip;]\" \/>\n<meta property=\"og:url\" content=\"https:\/\/darkamazi.site\/archives\/1035977\" \/>\n<meta property=\"og:site_name\" content=\"Darka Mazi\" \/>\n<meta property=\"article:publisher\" content=\"https:\/\/www.facebook.com\/DarkaMaziturkce\" \/>\n<meta property=\"article:published_time\" content=\"2025-12-19T16:31:55+00:00\" \/>\n<meta property=\"og:image\" content=\"https:\/\/darkamazi.site\/file\/2025\/12\/Serok-u-lales.jpeg\" \/>\n\t<meta property=\"og:image:width\" content=\"900\" \/>\n\t<meta property=\"og:image:height\" content=\"500\" \/>\n\t<meta property=\"og:image:type\" content=\"image\/jpeg\" \/>\n<meta name=\"author\" content=\"darka mazi\" \/>\n<meta name=\"twitter:card\" content=\"summary_large_image\" \/>\n<meta name=\"twitter:creator\" content=\"@DarkaMaziTurkce\" \/>\n<meta name=\"twitter:site\" content=\"@DarkaMaziTurkce\" \/>\n<meta name=\"twitter:label1\" content=\"Written by\" \/>\n\t<meta name=\"twitter:data1\" content=\"darka mazi\" \/>\n\t<meta name=\"twitter:label2\" content=\"Est. reading time\" \/>\n\t<meta name=\"twitter:data2\" content=\"1 minute\" \/>\n<script type=\"application\/ld+json\" class=\"seo-schema-graph\">{\"@context\":\"https:\\\/\\\/schema.org\",\"@graph\":[{\"@type\":\"NewsArticle\",\"@id\":\"https:\\\/\\\/darkamazi.site\\\/archives\\\/1035977#article\",\"isPartOf\":{\"@id\":\"https:\\\/\\\/darkamazi.site\\\/archives\\\/1035977\"},\"author\":{\"name\":\"darka mazi\",\"@id\":\"https:\\\/\\\/darkamazi.site\\\/#\\\/schema\\\/person\\\/67986a95ac546c16760365877ef4a9d3\"},\"headline\":\"Ba\u015fkan Barzani&#8217;den Ezidilere: T\u00fcm bayramlar\u0131 bar\u0131\u015f ve mutluluk i\u00e7inde kutlay\u0131n\",\"datePublished\":\"2025-12-19T16:31:55+00:00\",\"mainEntityOfPage\":{\"@id\":\"https:\\\/\\\/darkamazi.site\\\/archives\\\/1035977\"},\"wordCount\":201,\"publisher\":{\"@id\":\"https:\\\/\\\/darkamazi.site\\\/#organization\"},\"image\":{\"@id\":\"https:\\\/\\\/darkamazi.site\\\/archives\\\/1035977#primaryimage\"},\"thumbnailUrl\":\"https:\\\/\\\/darkamazi.site\\\/darka-content\\\/uploads\\\/2025\\\/12\\\/Serok-u-lales.jpeg\",\"keywords\":[\"\u00f6nemli\"],\"articleSection\":[\"Kurdistan\"],\"inLanguage\":\"en-US\"},{\"@type\":\"WebPage\",\"@id\":\"https:\\\/\\\/darkamazi.site\\\/archives\\\/1035977\",\"url\":\"https:\\\/\\\/darkamazi.site\\\/archives\\\/1035977\",\"name\":\"Ba\u015fkan Barzani'den Ezidilere: T\u00fcm bayramlar\u0131 bar\u0131\u015f ve mutluluk i\u00e7inde kutlay\u0131n - Darka Mazi\",\"isPartOf\":{\"@id\":\"https:\\\/\\\/darkamazi.site\\\/#website\"},\"primaryImageOfPage\":{\"@id\":\"https:\\\/\\\/darkamazi.site\\\/archives\\\/1035977#primaryimage\"},\"image\":{\"@id\":\"https:\\\/\\\/darkamazi.site\\\/archives\\\/1035977#primaryimage\"},\"thumbnailUrl\":\"https:\\\/\\\/darkamazi.site\\\/darka-content\\\/uploads\\\/2025\\\/12\\\/Serok-u-lales.jpeg\",\"datePublished\":\"2025-12-19T16:31:55+00:00\",\"breadcrumb\":{\"@id\":\"https:\\\/\\\/darkamazi.site\\\/archives\\\/1035977#breadcrumb\"},\"inLanguage\":\"en-US\",\"potentialAction\":[{\"@type\":\"ReadAction\",\"target\":[\"https:\\\/\\\/darkamazi.site\\\/archives\\\/1035977\"]}]},{\"@type\":\"ImageObject\",\"inLanguage\":\"en-US\",\"@id\":\"https:\\\/\\\/darkamazi.site\\\/archives\\\/1035977#primaryimage\",\"url\":\"https:\\\/\\\/darkamazi.site\\\/darka-content\\\/uploads\\\/2025\\\/12\\\/Serok-u-lales.jpeg\",\"contentUrl\":\"https:\\\/\\\/darkamazi.site\\\/darka-content\\\/uploads\\\/2025\\\/12\\\/Serok-u-lales.jpeg\",\"width\":900,\"height\":500,\"caption\":\"Ba\u015fkan Barzani'den Ezidilere: T\u00fcm bayramlar\u0131 bar\u0131\u015f ve mutluluk i\u00e7inde kutlay\u0131n\"},{\"@type\":\"BreadcrumbList\",\"@id\":\"https:\\\/\\\/darkamazi.site\\\/archives\\\/1035977#breadcrumb\",\"itemListElement\":[{\"@type\":\"ListItem\",\"position\":1,\"name\":\"Home\",\"item\":\"https:\\\/\\\/darkamazi.site\\\/\"},{\"@type\":\"ListItem\",\"position\":2,\"name\":\"Ba\u015fkan Barzani&#8217;den Ezidilere: T\u00fcm bayramlar\u0131 bar\u0131\u015f ve mutluluk i\u00e7inde kutlay\u0131n\"}]},{\"@type\":\"WebSite\",\"@id\":\"https:\\\/\\\/darkamazi.site\\\/#website\",\"url\":\"https:\\\/\\\/darkamazi.site\\\/\",\"name\":\"Darka Mazi\",\"description\":\"Ana Sayfa\",\"publisher\":{\"@id\":\"https:\\\/\\\/darkamazi.site\\\/#organization\"},\"potentialAction\":[{\"@type\":\"SearchAction\",\"target\":{\"@type\":\"EntryPoint\",\"urlTemplate\":\"https:\\\/\\\/darkamazi.site\\\/?s={search_term_string}\"},\"query-input\":{\"@type\":\"PropertyValueSpecification\",\"valueRequired\":true,\"valueName\":\"search_term_string\"}}],\"inLanguage\":\"en-US\"},{\"@type\":\"Organization\",\"@id\":\"https:\\\/\\\/darkamazi.site\\\/#organization\",\"name\":\"Darka Mazi T\u00fcrk\u00e7e\",\"alternateName\":\"Darka Mazi\",\"url\":\"https:\\\/\\\/darkamazi.site\\\/\",\"logo\":{\"@type\":\"ImageObject\",\"inLanguage\":\"en-US\",\"@id\":\"https:\\\/\\\/darkamazi.site\\\/#\\\/schema\\\/logo\\\/image\\\/\",\"url\":\"https:\\\/\\\/darkamazi.site\\\/darka-content\\\/uploads\\\/2017\\\/12\\\/darka-mazi-logo.png\",\"contentUrl\":\"https:\\\/\\\/darkamazi.site\\\/darka-content\\\/uploads\\\/2017\\\/12\\\/darka-mazi-logo.png\",\"width\":151,\"height\":75,\"caption\":\"Darka Mazi T\u00fcrk\u00e7e\"},\"image\":{\"@id\":\"https:\\\/\\\/darkamazi.site\\\/#\\\/schema\\\/logo\\\/image\\\/\"},\"sameAs\":[\"https:\\\/\\\/www.facebook.com\\\/DarkaMaziturkce\",\"https:\\\/\\\/x.com\\\/DarkaMaziTurkce\"]},{\"@type\":\"Person\",\"@id\":\"https:\\\/\\\/darkamazi.site\\\/#\\\/schema\\\/person\\\/67986a95ac546c16760365877ef4a9d3\",\"name\":\"darka mazi\",\"sameAs\":[\"https:\\\/\\\/darkamazi.site\"],\"url\":\"https:\\\/\\\/darkamazi.site\\\/archives\\\/author\\\/turkish\"}]}<\/script>\n<!-- \/ Yoast SEO plugin. -->","seo_head_json":{"title":"Ba\u015fkan Barzani'den Ezidilere: T\u00fcm bayramlar\u0131 bar\u0131\u015f ve mutluluk i\u00e7inde kutlay\u0131n - Darka Mazi","robots":{"index":"index","follow":"follow","max-snippet":"max-snippet:-1","max-image-preview":"max-image-preview:large","max-video-preview":"max-video-preview:-1"},"canonical":"https:\/\/darkamazi.site\/archives\/1035977","og_locale":"en_US","og_type":"article","og_title":"Ba\u015fkan Barzani'den Ezidilere: T\u00fcm bayramlar\u0131 bar\u0131\u015f ve mutluluk i\u00e7inde kutlay\u0131n - Darka Mazi","og_description":"Ba\u015fkan Mesud Barzani, &#8220;K\u00fcrdistan&#8217;\u0131n t\u00fcm dini ve etnik gruplar aras\u0131nda karde\u015flik, birlikte ya\u015fama ve bar\u0131\u015f\u0131n h\u00fck\u00fcm s\u00fcrd\u00fc\u011f\u00fc bir \u00fclke olmas\u0131 gurur verici bir durumdur.&#8221; dedi. Mesud Barzani, bug\u00fcn (18 Aral\u0131k 2025 Per\u015fembe g\u00fcn\u00fc) Ezidi K\u00fcrtlerin Ezi Orucu Bayram\u0131 dolay\u0131s\u0131yla tebrik mesaj\u0131 yay\u0131mlad\u0131. \u201cT\u00fcm Ezidi karde\u015flerimin Ezi Orucu Bayram\u0131\u2019n\u0131 tebrik ediyorum.\u201d diyen Ba\u015fkan Barzani, bayram\u0131n rehaf [&hellip;]","og_url":"https:\/\/darkamazi.site\/archives\/1035977","og_site_name":"Darka Mazi","article_publisher":"https:\/\/www.facebook.com\/DarkaMaziturkce","article_published_time":"2025-12-19T16:31:55+00:00","og_image":[{"width":900,"height":500,"url":"https:\/\/darkamazi.site\/file\/2025\/12\/Serok-u-lales.jpeg","type":"image\/jpeg"}],"author":"darka mazi","twitter_card":"summary_large_image","twitter_creator":"@DarkaMaziTurkce","twitter_site":"@DarkaMaziTurkce","twitter_misc":{"Written by":"darka mazi","Est. reading time":"1 minute"},"schema":{"@context":"https:\/\/schema.org","@graph":[{"@type":"NewsArticle","@id":"https:\/\/darkamazi.site\/archives\/1035977#article","isPartOf":{"@id":"https:\/\/darkamazi.site\/archives\/1035977"},"author":{"name":"darka mazi","@id":"https:\/\/darkamazi.site\/#\/schema\/person\/67986a95ac546c16760365877ef4a9d3"},"headline":"Ba\u015fkan Barzani&#8217;den Ezidilere: T\u00fcm bayramlar\u0131 bar\u0131\u015f ve mutluluk i\u00e7inde kutlay\u0131n","datePublished":"2025-12-19T16:31:55+00:00","mainEntityOfPage":{"@id":"https:\/\/darkamazi.site\/archives\/1035977"},"wordCount":201,"publisher":{"@id":"https:\/\/darkamazi.site\/#organization"},"image":{"@id":"https:\/\/darkamazi.site\/archives\/1035977#primaryimage"},"thumbnailUrl":"https:\/\/darkamazi.site\/file\/2025\/12\/Serok-u-lales.jpeg","keywords":["\u00f6nemli"],"articleSection":["Kurdistan"],"inLanguage":"en-US"},{"@type":"WebPage","@id":"https:\/\/darkamazi.site\/archives\/1035977","url":"https:\/\/darkamazi.site\/archives\/1035977","name":"Ba\u015fkan Barzani'den Ezidilere: T\u00fcm bayramlar\u0131 bar\u0131\u015f ve mutluluk i\u00e7inde kutlay\u0131n - Darka Mazi","isPartOf":{"@id":"https:\/\/darkamazi.site\/#website"},"primaryImageOfPage":{"@id":"https:\/\/darkamazi.site\/archives\/1035977#primaryimage"},"image":{"@id":"https:\/\/darkamazi.site\/archives\/1035977#primaryimage"},"thumbnailUrl":"https:\/\/darkamazi.site\/file\/2025\/12\/Serok-u-lales.jpeg","datePublished":"2025-12-19T16:31:55+00:00","breadcrumb":{"@id":"https:\/\/darkamazi.site\/archives\/1035977#breadcrumb"},"inLanguage":"en-US","potentialAction":[{"@type":"ReadAction","target":["https:\/\/darkamazi.site\/archives\/1035977"]}]},{"@type":"ImageObject","inLanguage":"en-US","@id":"https:\/\/darkamazi.site\/archives\/1035977#primaryimage","url":"https:\/\/darkamazi.site\/file\/2025\/12\/Serok-u-lales.jpeg","contentUrl":"https:\/\/darkamazi.site\/file\/2025\/12\/Serok-u-lales.jpeg","width":900,"height":500,"caption":"Ba\u015fkan Barzani'den Ezidilere: T\u00fcm bayramlar\u0131 bar\u0131\u015f ve mutluluk i\u00e7inde kutlay\u0131n"},{"@type":"BreadcrumbList","@id":"https:\/\/darkamazi.site\/archives\/1035977#breadcrumb","itemListElement":[{"@type":"ListItem","position":1,"name":"Home","item":"https:\/\/darkamazi.site\/"},{"@type":"ListItem","position":2,"name":"Ba\u015fkan Barzani&#8217;den Ezidilere: T\u00fcm bayramlar\u0131 bar\u0131\u015f ve mutluluk i\u00e7inde kutlay\u0131n"}]},{"@type":"WebSite","@id":"https:\/\/darkamazi.site\/#website","url":"https:\/\/darkamazi.site\/","name":"Darka Mazi","description":"Ana Sayfa","publisher":{"@id":"https:\/\/darkamazi.site\/#organization"},"potentialAction":[{"@type":"SearchAction","target":{"@type":"EntryPoint","urlTemplate":"https:\/\/darkamazi.site\/?s={search_term_string}"},"query-input":{"@type":"PropertyValueSpecification","valueRequired":true,"valueName":"search_term_string"}}],"inLanguage":"en-US"},{"@type":"Organization","@id":"https:\/\/darkamazi.site\/#organization","name":"Darka Mazi T\u00fcrk\u00e7e","alternateName":"Darka Mazi","url":"https:\/\/darkamazi.site\/","logo":{"@type":"ImageObject","inLanguage":"en-US","@id":"https:\/\/darkamazi.site\/#\/schema\/logo\/image\/","url":"https:\/\/darkamazi.site\/file\/2017\/12\/darka-mazi-logo.png","contentUrl":"https:\/\/darkamazi.site\/file\/2017\/12\/darka-mazi-logo.png","width":151,"height":75,"caption":"Darka Mazi T\u00fcrk\u00e7e"},"image":{"@id":"https:\/\/darkamazi.site\/#\/schema\/logo\/image\/"},"sameAs":["https:\/\/www.facebook.com\/DarkaMaziturkce","https:\/\/x.com\/DarkaMaziTurkce"]},{"@type":"Person","@id":"https:\/\/darkamazi.site\/#\/schema\/person\/67986a95ac546c16760365877ef4a9d3","name":"darka mazi","sameAs":["https:\/\/darkamazi.site"],"url":"https:\/\/darkamazi.site\/archives\/author\/turkish"}]}},"_links":{"self":[{"href":"https:\/\/darkamazi.site\/funavuv\/wp\/v2\/posts\/1035977","targetHints":{"allow":["GET"]}}],"collection":[{"href":"https:\/\/darkamazi.site\/funavuv\/wp\/v2\/posts"}],"about":[{"href":"https:\/\/darkamazi.site\/funavuv\/wp\/v2\/types\/post"}],"author":[{"embeddable":true,"href":"https:\/\/darkamazi.site\/funavuv\/wp\/v2\/users\/2"}],"replies":[{"embeddable":true,"href":"https:\/\/darkamazi.site\/funavuv\/wp\/v2\/comments?post=1035977"}],"version-history":[{"count":0,"href":"https:\/\/darkamazi.site\/funavuv\/wp\/v2\/posts\/1035977\/revisions"}],"wp:featuredmedia":[{"embeddable":true,"href":"https:\/\/darkamazi.site\/funavuv\/wp\/v2\/media\/1035978"}],"wp:attachment":[{"href":"https:\/\/darkamazi.site\/funavuv\/wp\/v2\/media?parent=1035977"}],"wp:term":[{"taxonomy":"category","embeddable":true,"href":"https:\/\/darkamazi.site\/funavuv\/wp\/v2\/categories?post=1035977"},{"taxonomy":"post_tag","embeddable":true,"href":"https:\/\/darkamazi.site\/funavuv\/wp\/v2\/tags?post=1035977"}],"curies":[{"name":"wp","href":"https:\/\/api.w.org\/{rel}","templated":true}]}}