{"id":1035985,"date":"2025-12-19T19:56:13","date_gmt":"2025-12-19T16:56:13","guid":{"rendered":"https:\/\/darkamazi.site\/?p=1035985"},"modified":"2025-12-19T19:56:13","modified_gmt":"2025-12-19T16:56:13","slug":"pwkden-leyla-zana-aciklamasi-kurt-milletine-yapilmistir","status":"publish","type":"post","link":"https:\/\/darkamazi.site\/archives\/1035985","title":{"rendered":"PWK&#8217;den Leyla Zana a\u00e7\u0131klamas\u0131: K\u00fcrt milletine  yap\u0131lm\u0131\u015ft\u0131r"},"content":{"rendered":"<p style=\"text-align: justify\">&#8220;Leya Zana\u2019ya yap\u0131lan k\u00fcf\u00fcr ve hakaretler, K\u00fcrt milletine, K\u00fcrt kad\u0131n\u0131na, insan haklar\u0131na yap\u0131lm\u0131\u015f \u0131rk\u00e7\u0131, K\u00fcrt d\u00fc\u015fman\u0131, ahlak d\u0131\u015f\u0131, insanl\u0131k d\u0131\u015f\u0131 bir sald\u0131r\u0131d\u0131r&#8221;<\/p>\n<p style=\"text-align: justify\"><strong>K\u00fcrdistan Yurtseverler Partisi (PWK), K\u00fcrt ziyaset\u00e7i Leyla Zana\u2019ya yap\u0131lan k\u00fcf\u00fcr ve hakaretleri k\u0131nad\u0131.<\/strong><\/p>\n<p style=\"text-align: justify\">PWK Bas\u0131n B\u00fcrosu taraf\u0131ndan yap\u0131lan a\u00e7\u0131klamada, Somaspor ile Bursaspor aras\u0131nda oynanan futbol m\u00fcsabakas\u0131nda, baz\u0131 taraftarlar K\u00fcrt siyaset\u00e7i Leyla Zana\u2019ya y\u00f6nelik k\u00fcf\u00fcr ve hakaret i\u00e7eren \u201ctezah\u00fcrat\u201dta bulundu\u011fu hat\u0131rlat\u0131ld\u0131.<\/p>\n<p style=\"text-align: justify\">Leyla Zana\u2019ya yap\u0131lan k\u00fcf\u00fcr ve hakaretleri k\u0131nayan\u00a0PWK, Leya Zana\u2019ya yap\u0131lan k\u00fcf\u00fcr ve hakaretleri K\u00fcrt milletine, K\u00fcrt kad\u0131n\u0131na, insan haklar\u0131na yap\u0131lm\u0131\u015f \u0131rk\u00e7\u0131, K\u00fcrt d\u00fc\u015fman\u0131, ahlak d\u0131\u015f\u0131, insanl\u0131k d\u0131\u015f\u0131 bir sald\u0131r\u0131 olarak nitelendirdi.<\/p>\n<p style=\"text-align: justify\">PWK, ayr\u0131ca T\u00fcrkiye Devleti yetkililerini, T\u00fcrkiye Futbol Federasyonunu (TFF) konuya hassasiyetle yakla\u015farak gerekeni derhal yapmas\u0131 \u00e7a\u011fr\u0131s\u0131nda bulundu.<\/p>\n<p style=\"text-align: justify\">Bursaspor ile Somaspor aras\u0131nda 16 Aral\u0131k tarihinde oynanan kar\u015f\u0131la\u015fmada bir Bursasporlu taraftarlar K\u00fcrt siyaset\u00e7i Leyla Zana&#8217;y\u0131 hedef alan tezah\u00fcratlarda bulunmu\u015ftu.<\/p>\n","protected":false},"excerpt":{"rendered":"<p>&#8220;Leya Zana\u2019ya yap\u0131lan k\u00fcf\u00fcr ve hakaretler, K\u00fcrt milletine, K\u00fcrt kad\u0131n\u0131na, insan haklar\u0131na yap\u0131lm\u0131\u015f \u0131rk\u00e7\u0131, K\u00fcrt d\u00fc\u015fman\u0131, ahlak d\u0131\u015f\u0131, insanl\u0131k d\u0131\u015f\u0131 bir sald\u0131r\u0131d\u0131r&#8221; K\u00fcrdistan Yurtseverler Partisi (PWK), K\u00fcrt ziyaset\u00e7i Leyla Zana\u2019ya yap\u0131lan k\u00fcf\u00fcr ve hakaretleri k\u0131nad\u0131. PWK Bas\u0131n B\u00fcrosu taraf\u0131ndan yap\u0131lan a\u00e7\u0131klamada, Somaspor ile Bursaspor aras\u0131nda oynanan futbol m\u00fcsabakas\u0131nda, baz\u0131 taraftarlar K\u00fcrt siyaset\u00e7i Leyla Zana\u2019ya y\u00f6nelik [&hellip;]<\/p>\n","protected":false},"author":2,"featured_media":1035986,"comment_status":"closed","ping_status":"closed","sticky":false,"template":"","format":"standard","meta":{"footnotes":""},"categories":[3],"tags":[31],"class_list":["post-1035985","post","type-post","status-publish","format-standard","has-post-thumbnail","hentry","category-kurdistan","tag-onemli"],"blocksy_meta":[],"seo_head":"<!-- This site is optimized with the Yoast SEO plugin v27.5 - https:\/\/yoast.com\/product\/yoast-seo-wordpress\/ -->\n<title>PWK&#039;den Leyla Zana a\u00e7\u0131klamas\u0131: K\u00fcrt milletine yap\u0131lm\u0131\u015ft\u0131r - Darka Mazi<\/title>\n<meta name=\"robots\" content=\"index, follow, max-snippet:-1, max-image-preview:large, max-video-preview:-1\" \/>\n<link rel=\"canonical\" href=\"https:\/\/darkamazi.site\/archives\/1035985\" \/>\n<meta property=\"og:locale\" content=\"en_US\" \/>\n<meta property=\"og:type\" content=\"article\" \/>\n<meta property=\"og:title\" content=\"PWK&#039;den Leyla Zana a\u00e7\u0131klamas\u0131: K\u00fcrt milletine yap\u0131lm\u0131\u015ft\u0131r - Darka Mazi\" \/>\n<meta property=\"og:description\" content=\"&#8220;Leya Zana\u2019ya yap\u0131lan k\u00fcf\u00fcr ve hakaretler, K\u00fcrt milletine, K\u00fcrt kad\u0131n\u0131na, insan haklar\u0131na yap\u0131lm\u0131\u015f \u0131rk\u00e7\u0131, K\u00fcrt d\u00fc\u015fman\u0131, ahlak d\u0131\u015f\u0131, insanl\u0131k d\u0131\u015f\u0131 bir sald\u0131r\u0131d\u0131r&#8221; K\u00fcrdistan Yurtseverler Partisi (PWK), K\u00fcrt ziyaset\u00e7i Leyla Zana\u2019ya yap\u0131lan k\u00fcf\u00fcr ve hakaretleri k\u0131nad\u0131. PWK Bas\u0131n B\u00fcrosu taraf\u0131ndan yap\u0131lan a\u00e7\u0131klamada, Somaspor ile Bursaspor aras\u0131nda oynanan futbol m\u00fcsabakas\u0131nda, baz\u0131 taraftarlar K\u00fcrt siyaset\u00e7i Leyla Zana\u2019ya y\u00f6nelik [&hellip;]\" \/>\n<meta property=\"og:url\" content=\"https:\/\/darkamazi.site\/archives\/1035985\" \/>\n<meta property=\"og:site_name\" content=\"Darka Mazi\" \/>\n<meta property=\"article:publisher\" content=\"https:\/\/www.facebook.com\/DarkaMaziturkce\" \/>\n<meta property=\"article:published_time\" content=\"2025-12-19T16:56:13+00:00\" \/>\n<meta property=\"og:image\" content=\"https:\/\/darkamazi.site\/file\/2025\/12\/PWK.jpg\" \/>\n\t<meta property=\"og:image:width\" content=\"1920\" \/>\n\t<meta property=\"og:image:height\" content=\"1080\" \/>\n\t<meta property=\"og:image:type\" content=\"image\/jpeg\" \/>\n<meta name=\"author\" content=\"darka mazi\" \/>\n<meta name=\"twitter:card\" content=\"summary_large_image\" \/>\n<meta name=\"twitter:creator\" content=\"@DarkaMaziTurkce\" \/>\n<meta name=\"twitter:site\" content=\"@DarkaMaziTurkce\" \/>\n<meta name=\"twitter:label1\" content=\"Written by\" \/>\n\t<meta name=\"twitter:data1\" content=\"darka mazi\" \/>\n\t<meta name=\"twitter:label2\" content=\"Est. reading time\" \/>\n\t<meta name=\"twitter:data2\" content=\"1 minute\" \/>\n<script type=\"application\/ld+json\" class=\"seo-schema-graph\">{\"@context\":\"https:\\\/\\\/schema.org\",\"@graph\":[{\"@type\":\"NewsArticle\",\"@id\":\"https:\\\/\\\/darkamazi.site\\\/archives\\\/1035985#article\",\"isPartOf\":{\"@id\":\"https:\\\/\\\/darkamazi.site\\\/archives\\\/1035985\"},\"author\":{\"name\":\"darka mazi\",\"@id\":\"https:\\\/\\\/darkamazi.site\\\/#\\\/schema\\\/person\\\/67986a95ac546c16760365877ef4a9d3\"},\"headline\":\"PWK&#8217;den Leyla Zana a\u00e7\u0131klamas\u0131: K\u00fcrt milletine yap\u0131lm\u0131\u015ft\u0131r\",\"datePublished\":\"2025-12-19T16:56:13+00:00\",\"mainEntityOfPage\":{\"@id\":\"https:\\\/\\\/darkamazi.site\\\/archives\\\/1035985\"},\"wordCount\":222,\"publisher\":{\"@id\":\"https:\\\/\\\/darkamazi.site\\\/#organization\"},\"image\":{\"@id\":\"https:\\\/\\\/darkamazi.site\\\/archives\\\/1035985#primaryimage\"},\"thumbnailUrl\":\"https:\\\/\\\/darkamazi.site\\\/darka-content\\\/uploads\\\/2025\\\/12\\\/PWK.jpg\",\"keywords\":[\"\u00f6nemli\"],\"articleSection\":[\"Kurdistan\"],\"inLanguage\":\"en-US\"},{\"@type\":\"WebPage\",\"@id\":\"https:\\\/\\\/darkamazi.site\\\/archives\\\/1035985\",\"url\":\"https:\\\/\\\/darkamazi.site\\\/archives\\\/1035985\",\"name\":\"PWK'den Leyla Zana a\u00e7\u0131klamas\u0131: K\u00fcrt milletine yap\u0131lm\u0131\u015ft\u0131r - Darka Mazi\",\"isPartOf\":{\"@id\":\"https:\\\/\\\/darkamazi.site\\\/#website\"},\"primaryImageOfPage\":{\"@id\":\"https:\\\/\\\/darkamazi.site\\\/archives\\\/1035985#primaryimage\"},\"image\":{\"@id\":\"https:\\\/\\\/darkamazi.site\\\/archives\\\/1035985#primaryimage\"},\"thumbnailUrl\":\"https:\\\/\\\/darkamazi.site\\\/darka-content\\\/uploads\\\/2025\\\/12\\\/PWK.jpg\",\"datePublished\":\"2025-12-19T16:56:13+00:00\",\"breadcrumb\":{\"@id\":\"https:\\\/\\\/darkamazi.site\\\/archives\\\/1035985#breadcrumb\"},\"inLanguage\":\"en-US\",\"potentialAction\":[{\"@type\":\"ReadAction\",\"target\":[\"https:\\\/\\\/darkamazi.site\\\/archives\\\/1035985\"]}]},{\"@type\":\"ImageObject\",\"inLanguage\":\"en-US\",\"@id\":\"https:\\\/\\\/darkamazi.site\\\/archives\\\/1035985#primaryimage\",\"url\":\"https:\\\/\\\/darkamazi.site\\\/darka-content\\\/uploads\\\/2025\\\/12\\\/PWK.jpg\",\"contentUrl\":\"https:\\\/\\\/darkamazi.site\\\/darka-content\\\/uploads\\\/2025\\\/12\\\/PWK.jpg\",\"width\":1920,\"height\":1080,\"caption\":\"PWK'den Leyla Zana a\u00e7\u0131klamas\u0131\"},{\"@type\":\"BreadcrumbList\",\"@id\":\"https:\\\/\\\/darkamazi.site\\\/archives\\\/1035985#breadcrumb\",\"itemListElement\":[{\"@type\":\"ListItem\",\"position\":1,\"name\":\"Home\",\"item\":\"https:\\\/\\\/darkamazi.site\\\/\"},{\"@type\":\"ListItem\",\"position\":2,\"name\":\"PWK&#8217;den Leyla Zana a\u00e7\u0131klamas\u0131: K\u00fcrt milletine yap\u0131lm\u0131\u015ft\u0131r\"}]},{\"@type\":\"WebSite\",\"@id\":\"https:\\\/\\\/darkamazi.site\\\/#website\",\"url\":\"https:\\\/\\\/darkamazi.site\\\/\",\"name\":\"Darka Mazi\",\"description\":\"Ana Sayfa\",\"publisher\":{\"@id\":\"https:\\\/\\\/darkamazi.site\\\/#organization\"},\"potentialAction\":[{\"@type\":\"SearchAction\",\"target\":{\"@type\":\"EntryPoint\",\"urlTemplate\":\"https:\\\/\\\/darkamazi.site\\\/?s={search_term_string}\"},\"query-input\":{\"@type\":\"PropertyValueSpecification\",\"valueRequired\":true,\"valueName\":\"search_term_string\"}}],\"inLanguage\":\"en-US\"},{\"@type\":\"Organization\",\"@id\":\"https:\\\/\\\/darkamazi.site\\\/#organization\",\"name\":\"Darka Mazi T\u00fcrk\u00e7e\",\"alternateName\":\"Darka Mazi\",\"url\":\"https:\\\/\\\/darkamazi.site\\\/\",\"logo\":{\"@type\":\"ImageObject\",\"inLanguage\":\"en-US\",\"@id\":\"https:\\\/\\\/darkamazi.site\\\/#\\\/schema\\\/logo\\\/image\\\/\",\"url\":\"https:\\\/\\\/darkamazi.site\\\/darka-content\\\/uploads\\\/2017\\\/12\\\/darka-mazi-logo.png\",\"contentUrl\":\"https:\\\/\\\/darkamazi.site\\\/darka-content\\\/uploads\\\/2017\\\/12\\\/darka-mazi-logo.png\",\"width\":151,\"height\":75,\"caption\":\"Darka Mazi T\u00fcrk\u00e7e\"},\"image\":{\"@id\":\"https:\\\/\\\/darkamazi.site\\\/#\\\/schema\\\/logo\\\/image\\\/\"},\"sameAs\":[\"https:\\\/\\\/www.facebook.com\\\/DarkaMaziturkce\",\"https:\\\/\\\/x.com\\\/DarkaMaziTurkce\"]},{\"@type\":\"Person\",\"@id\":\"https:\\\/\\\/darkamazi.site\\\/#\\\/schema\\\/person\\\/67986a95ac546c16760365877ef4a9d3\",\"name\":\"darka mazi\",\"sameAs\":[\"https:\\\/\\\/darkamazi.site\"],\"url\":\"https:\\\/\\\/darkamazi.site\\\/archives\\\/author\\\/turkish\"}]}<\/script>\n<!-- \/ Yoast SEO plugin. -->","seo_head_json":{"title":"PWK'den Leyla Zana a\u00e7\u0131klamas\u0131: K\u00fcrt milletine yap\u0131lm\u0131\u015ft\u0131r - Darka Mazi","robots":{"index":"index","follow":"follow","max-snippet":"max-snippet:-1","max-image-preview":"max-image-preview:large","max-video-preview":"max-video-preview:-1"},"canonical":"https:\/\/darkamazi.site\/archives\/1035985","og_locale":"en_US","og_type":"article","og_title":"PWK'den Leyla Zana a\u00e7\u0131klamas\u0131: K\u00fcrt milletine yap\u0131lm\u0131\u015ft\u0131r - Darka Mazi","og_description":"&#8220;Leya Zana\u2019ya yap\u0131lan k\u00fcf\u00fcr ve hakaretler, K\u00fcrt milletine, K\u00fcrt kad\u0131n\u0131na, insan haklar\u0131na yap\u0131lm\u0131\u015f \u0131rk\u00e7\u0131, K\u00fcrt d\u00fc\u015fman\u0131, ahlak d\u0131\u015f\u0131, insanl\u0131k d\u0131\u015f\u0131 bir sald\u0131r\u0131d\u0131r&#8221; K\u00fcrdistan Yurtseverler Partisi (PWK), K\u00fcrt ziyaset\u00e7i Leyla Zana\u2019ya yap\u0131lan k\u00fcf\u00fcr ve hakaretleri k\u0131nad\u0131. PWK Bas\u0131n B\u00fcrosu taraf\u0131ndan yap\u0131lan a\u00e7\u0131klamada, Somaspor ile Bursaspor aras\u0131nda oynanan futbol m\u00fcsabakas\u0131nda, baz\u0131 taraftarlar K\u00fcrt siyaset\u00e7i Leyla Zana\u2019ya y\u00f6nelik [&hellip;]","og_url":"https:\/\/darkamazi.site\/archives\/1035985","og_site_name":"Darka Mazi","article_publisher":"https:\/\/www.facebook.com\/DarkaMaziturkce","article_published_time":"2025-12-19T16:56:13+00:00","og_image":[{"width":1920,"height":1080,"url":"https:\/\/darkamazi.site\/file\/2025\/12\/PWK.jpg","type":"image\/jpeg"}],"author":"darka mazi","twitter_card":"summary_large_image","twitter_creator":"@DarkaMaziTurkce","twitter_site":"@DarkaMaziTurkce","twitter_misc":{"Written by":"darka mazi","Est. reading time":"1 minute"},"schema":{"@context":"https:\/\/schema.org","@graph":[{"@type":"NewsArticle","@id":"https:\/\/darkamazi.site\/archives\/1035985#article","isPartOf":{"@id":"https:\/\/darkamazi.site\/archives\/1035985"},"author":{"name":"darka mazi","@id":"https:\/\/darkamazi.site\/#\/schema\/person\/67986a95ac546c16760365877ef4a9d3"},"headline":"PWK&#8217;den Leyla Zana a\u00e7\u0131klamas\u0131: K\u00fcrt milletine yap\u0131lm\u0131\u015ft\u0131r","datePublished":"2025-12-19T16:56:13+00:00","mainEntityOfPage":{"@id":"https:\/\/darkamazi.site\/archives\/1035985"},"wordCount":222,"publisher":{"@id":"https:\/\/darkamazi.site\/#organization"},"image":{"@id":"https:\/\/darkamazi.site\/archives\/1035985#primaryimage"},"thumbnailUrl":"https:\/\/darkamazi.site\/file\/2025\/12\/PWK.jpg","keywords":["\u00f6nemli"],"articleSection":["Kurdistan"],"inLanguage":"en-US"},{"@type":"WebPage","@id":"https:\/\/darkamazi.site\/archives\/1035985","url":"https:\/\/darkamazi.site\/archives\/1035985","name":"PWK'den Leyla Zana a\u00e7\u0131klamas\u0131: K\u00fcrt milletine yap\u0131lm\u0131\u015ft\u0131r - Darka Mazi","isPartOf":{"@id":"https:\/\/darkamazi.site\/#website"},"primaryImageOfPage":{"@id":"https:\/\/darkamazi.site\/archives\/1035985#primaryimage"},"image":{"@id":"https:\/\/darkamazi.site\/archives\/1035985#primaryimage"},"thumbnailUrl":"https:\/\/darkamazi.site\/file\/2025\/12\/PWK.jpg","datePublished":"2025-12-19T16:56:13+00:00","breadcrumb":{"@id":"https:\/\/darkamazi.site\/archives\/1035985#breadcrumb"},"inLanguage":"en-US","potentialAction":[{"@type":"ReadAction","target":["https:\/\/darkamazi.site\/archives\/1035985"]}]},{"@type":"ImageObject","inLanguage":"en-US","@id":"https:\/\/darkamazi.site\/archives\/1035985#primaryimage","url":"https:\/\/darkamazi.site\/file\/2025\/12\/PWK.jpg","contentUrl":"https:\/\/darkamazi.site\/file\/2025\/12\/PWK.jpg","width":1920,"height":1080,"caption":"PWK'den Leyla Zana a\u00e7\u0131klamas\u0131"},{"@type":"BreadcrumbList","@id":"https:\/\/darkamazi.site\/archives\/1035985#breadcrumb","itemListElement":[{"@type":"ListItem","position":1,"name":"Home","item":"https:\/\/darkamazi.site\/"},{"@type":"ListItem","position":2,"name":"PWK&#8217;den Leyla Zana a\u00e7\u0131klamas\u0131: K\u00fcrt milletine yap\u0131lm\u0131\u015ft\u0131r"}]},{"@type":"WebSite","@id":"https:\/\/darkamazi.site\/#website","url":"https:\/\/darkamazi.site\/","name":"Darka Mazi","description":"Ana Sayfa","publisher":{"@id":"https:\/\/darkamazi.site\/#organization"},"potentialAction":[{"@type":"SearchAction","target":{"@type":"EntryPoint","urlTemplate":"https:\/\/darkamazi.site\/?s={search_term_string}"},"query-input":{"@type":"PropertyValueSpecification","valueRequired":true,"valueName":"search_term_string"}}],"inLanguage":"en-US"},{"@type":"Organization","@id":"https:\/\/darkamazi.site\/#organization","name":"Darka Mazi T\u00fcrk\u00e7e","alternateName":"Darka Mazi","url":"https:\/\/darkamazi.site\/","logo":{"@type":"ImageObject","inLanguage":"en-US","@id":"https:\/\/darkamazi.site\/#\/schema\/logo\/image\/","url":"https:\/\/darkamazi.site\/file\/2017\/12\/darka-mazi-logo.png","contentUrl":"https:\/\/darkamazi.site\/file\/2017\/12\/darka-mazi-logo.png","width":151,"height":75,"caption":"Darka Mazi T\u00fcrk\u00e7e"},"image":{"@id":"https:\/\/darkamazi.site\/#\/schema\/logo\/image\/"},"sameAs":["https:\/\/www.facebook.com\/DarkaMaziturkce","https:\/\/x.com\/DarkaMaziTurkce"]},{"@type":"Person","@id":"https:\/\/darkamazi.site\/#\/schema\/person\/67986a95ac546c16760365877ef4a9d3","name":"darka mazi","sameAs":["https:\/\/darkamazi.site"],"url":"https:\/\/darkamazi.site\/archives\/author\/turkish"}]}},"_links":{"self":[{"href":"https:\/\/darkamazi.site\/funavuv\/wp\/v2\/posts\/1035985","targetHints":{"allow":["GET"]}}],"collection":[{"href":"https:\/\/darkamazi.site\/funavuv\/wp\/v2\/posts"}],"about":[{"href":"https:\/\/darkamazi.site\/funavuv\/wp\/v2\/types\/post"}],"author":[{"embeddable":true,"href":"https:\/\/darkamazi.site\/funavuv\/wp\/v2\/users\/2"}],"replies":[{"embeddable":true,"href":"https:\/\/darkamazi.site\/funavuv\/wp\/v2\/comments?post=1035985"}],"version-history":[{"count":0,"href":"https:\/\/darkamazi.site\/funavuv\/wp\/v2\/posts\/1035985\/revisions"}],"wp:featuredmedia":[{"embeddable":true,"href":"https:\/\/darkamazi.site\/funavuv\/wp\/v2\/media\/1035986"}],"wp:attachment":[{"href":"https:\/\/darkamazi.site\/funavuv\/wp\/v2\/media?parent=1035985"}],"wp:term":[{"taxonomy":"category","embeddable":true,"href":"https:\/\/darkamazi.site\/funavuv\/wp\/v2\/categories?post=1035985"},{"taxonomy":"post_tag","embeddable":true,"href":"https:\/\/darkamazi.site\/funavuv\/wp\/v2\/tags?post=1035985"}],"curies":[{"name":"wp","href":"https:\/\/api.w.org\/{rel}","templated":true}]}}