{"id":1035989,"date":"2025-12-20T14:30:46","date_gmt":"2025-12-20T11:30:46","guid":{"rendered":"https:\/\/darkamazi.site\/?p=1035989"},"modified":"2025-12-20T14:30:46","modified_gmt":"2025-12-20T11:30:46","slug":"leyla-zana-ve-kurt-kimligine-karsi-surdurulen-irkci-baskilar","status":"publish","type":"post","link":"https:\/\/darkamazi.site\/archives\/1035989","title":{"rendered":"Leyla Zana ve K\u00fcrt Kimli\u011fine Kar\u015f\u0131 S\u00fcrd\u00fcr\u00fclen Irk\u00e7\u0131 Bask\u0131lar"},"content":{"rendered":"<p style=\"text-align: justify\">Futbol m\u00fcsabakalar\u0131, modern toplumlarda yaln\u0131zca sportif rekabet alanlar\u0131 de\u011fil; ayn\u0131 zamanda kimliklerin, kolektif haf\u0131zan\u0131n ve siyasal gerilimlerin g\u00f6r\u00fcn\u00fcrl\u00fck kazand\u0131\u011f\u0131 kamusal mek\u00e2nlard\u0131r. Trib\u00fcnler, \u00e7o\u011fu zaman devletlerin resmi ideolojilerinin, milliyet\u00e7i reflekslerin ve toplumsal \u00f6nyarg\u0131lar\u0131n en \u00e7\u0131plak h\u00e2liyle d\u0131\u015favurum alan\u0131 h\u00e2line gelmektedir. T\u00fcrkiye&#8217;de futbol sahalar\u0131nda K\u00fcrtlere, Alevilere ve farkl\u0131 kimlik gruplar\u0131na y\u00f6nelik sinkafl\u0131 k\u00fcf\u00fcrler ve \u0131rk\u00e7\u0131 s\u00f6ylemler bu ba\u011flamda m\u00fcnferit de\u011fil, yap\u0131sal bir soruna i\u015faret etmektedir.<\/p>\n<p style=\"text-align: justify\">Bursaspor taraftarlar\u0131n\u0131n bir futbol m\u00fcsabakas\u0131nda Leyla Zana&#8217;ya y\u00f6nelik kulland\u0131\u011f\u0131 a\u011f\u0131r, cinsiyet\u00e7i ve etnik kimlik hedefli k\u00fcf\u00fcrler, yaln\u0131zca bir siyaset\u00e7iye de\u011fil; do\u011frudan K\u00fcrt kimli\u011fine ve K\u00fcrt kad\u0131nl\u0131\u011f\u0131na y\u00f6nelmi\u015f sembolik bir sald\u0131r\u0131 niteli\u011fi ta\u015f\u0131maktad\u0131r. Burada hedef al\u0131nan fig\u00fcr, belirli bir politik hatt\u0131n temsilcisi olmaktan ziyade, tarihsel olarak ink\u00e2r ve bask\u0131 politikalar\u0131na maruz b\u0131rak\u0131lm\u0131\u015f bir kolektif kimli\u011fin simgesidir. Bu nedenle olay, bireysel bir hakaret vakas\u0131 olarak de\u011fil; etnik temelli ayr\u0131mc\u0131l\u0131\u011f\u0131n ve toplumsal nefreti yeniden \u00fcreten bir k\u00fclt\u00fcr\u00fcn tezah\u00fcr\u00fc olarak ele al\u0131nmal\u0131d\u0131r.<\/p>\n<p style=\"text-align: justify\">Leyla Zana&#8217;n\u0131n siyasal ge\u00e7mi\u015fi, T\u00fcrkiye&#8217;de K\u00fcrt siyasal m\u00fccadelesinin ini\u015fli \u00e7\u0131k\u0131\u015fl\u0131 seyrinin bir par\u00e7as\u0131d\u0131r. 1990&#8217;l\u0131 y\u0131llar\u0131n ba\u015f\u0131nda HEP ile ba\u015flayan siyasal yolculu\u011fu, sonraki d\u00f6nemlerde K\u00fcrt siyasal hareketinin yasal partileri i\u00e7erisinde devam etmi\u015ftir. Ancak bug\u00fcn tart\u0131\u015f\u0131lmas\u0131 gereken mesele, Zana&#8217;n\u0131n ge\u00e7mi\u015fte hangi politik tutumlar\u0131 ald\u0131\u011f\u0131 ya da hangi a\u00e7\u0131klamalar\u0131 yapt\u0131\u011f\u0131 de\u011fildir. K\u00fcrt siyasal \u00e7evreleri aras\u0131ndaki tarihsel ve ideolojik ayr\u0131\u015fmalar\u0131n, b\u00f6ylesi a\u00e7\u0131k bir \u0131rk\u00e7\u0131 sald\u0131r\u0131 kar\u015f\u0131s\u0131nda yeniden g\u00fcndeme ta\u015f\u0131nmas\u0131, esas sorunu g\u00f6r\u00fcnmez k\u0131lmakta ve ma\u011fduriyetin failini perdelemektedir.<\/p>\n<p style=\"text-align: justify\">Ayr\u0131ca Leyla Zana&#8217;n\u0131n da, t\u0131pk\u0131 bir\u00e7ok K\u00fcrt siyaset\u00e7i gibi, devletin g\u00fcvenlik\u00e7i ve bask\u0131c\u0131 politikalar\u0131 \u00e7er\u00e7evesinde g\u00f6zalt\u0131lar, tutuklamalar, tehditler ve fiili siyaset d\u0131\u015f\u0131 b\u0131rakma y\u00f6ntemleriyle cezaland\u0131r\u0131ld\u0131\u011f\u0131 bilinmektedir. Uzun s\u00fcre ev hapsine benzer ko\u015fullarda siyasal alandan izole edilmesi, T\u00fcrkiye&#8217;de K\u00fcrt siyasetinin hangi s\u0131n\u0131rlar i\u00e7inde tutulmak istendi\u011finin a\u00e7\u0131k g\u00f6stergesidir. Bu ko\u015fullar alt\u0131nda, &#8220;hangi K\u00fcrt siyaset\u00e7i K\u00fcrtleri b\u00fct\u00fcn\u00fcyle sevindirecek bir icraat ortaya koyabilmi\u015ftir?&#8221; sorusu, bireyleri de\u011fil, yap\u0131sal engelleri tart\u0131\u015fmaya a\u00e7may\u0131 gerektirmektedir.<\/p>\n<p style=\"text-align: justify\">Dolay\u0131s\u0131yla bug\u00fcn yap\u0131lmas\u0131 gereken, Leyla Zana&#8217;y\u0131 bir politik fig\u00fcr olarak tart\u0131\u015fmak de\u011fil; K\u00fcrt kimli\u011fine y\u00f6nelmi\u015f a\u00e7\u0131k bir nefret s\u00f6ylemi kar\u015f\u0131s\u0131nda kolektif bir duru\u015f sergilemektir. &#8220;Leyla Zana yaln\u0131z de\u011fildir&#8221; ifadesi, bu ba\u011flamda bir slogan de\u011fil; etnik onura, kad\u0131n kimli\u011fine ve kolektif haklara sahip \u00e7\u0131kma \u00e7a\u011fr\u0131s\u0131d\u0131r.<\/p>\n<p style=\"text-align: justify\">Bu noktada mesele yaln\u0131zca T\u00fcrkiye&#8217;deki yarg\u0131 mercilerine ta\u015f\u0131nacak bir &#8220;hakaret davas\u0131&#8221; meselesi olmaktan \u00e7\u0131kmaktad\u0131r. Zira T\u00fcrkiye&#8217;de spor alan\u0131ndaki \u0131rk\u00e7\u0131 s\u00f6ylemlerin \u00e7o\u011fu zaman cezas\u0131z kalmas\u0131 ya da sembolik yapt\u0131r\u0131mlarla ge\u00e7i\u015ftirilmesi, i\u00e7 hukuk yollar\u0131n\u0131n s\u0131n\u0131rl\u0131l\u0131klar\u0131n\u0131 a\u00e7\u0131k\u00e7a ortaya koymu\u015ftur. Bu nedenle uluslararas\u0131 spor hukuku mekanizmalar\u0131, \u00f6zellikle de FIFA, stratejik bir ba\u015fvuru alan\u0131 olarak de\u011ferlendirilmelidir.<\/p>\n<p style=\"text-align: justify\">FIFA, kurulu\u015f t\u00fcz\u00fc\u011f\u00fc ve disiplin talimatlar\u0131 \u00e7er\u00e7evesinde, \u0131rk\u00e7\u0131l\u0131k, etnik nefret, cinsiyet\u00e7ilik ve ayr\u0131mc\u0131 s\u00f6ylemleri &#8220;spora kar\u015f\u0131 su\u00e7&#8221; olarak tan\u0131mlamaktad\u0131r. FIFA Disiplin Talimat\u0131&#8217;n\u0131n ilgili maddeleri, taraftarlar\u0131n ger\u00e7ekle\u015ftirdi\u011fi \u0131rk\u00e7\u0131 eylemlerden kul\u00fcplerin sorumlu tutulmas\u0131n\u0131 a\u00e7\u0131k bi\u00e7imde d\u00fczenler. Bu ba\u011flamda trib\u00fcnlerde kullan\u0131lan k\u00fcf\u00fcrler, pankartlar, sloganlar ve kolektif tezah\u00fcratlar, kul\u00fcbe do\u011frudan yapt\u0131r\u0131m uygulanmas\u0131na gerek\u00e7e olu\u015fturmaktad\u0131r. Bu yapt\u0131r\u0131mlar; para cezalar\u0131ndan seyircisiz oynama kararlar\u0131na, puan silmeden uluslararas\u0131 turnuvalardan men edilmeye kadar uzanabilmektedir.<\/p>\n<p style=\"text-align: justify\">K\u00fcrtlerin ve K\u00fcrt kurumlar\u0131n\u0131n FIFA&#8217;y\u0131 harekete ge\u00e7irebilmesi i\u00e7in \u00f6ncelikle olay\u0131n sistematik bi\u00e7imde belgelenmesi gerekmektedir. M\u00fcsabaka s\u0131ras\u0131nda at\u0131lan k\u00fcf\u00fcrlerin video kay\u0131tlar\u0131, sosyal medya payla\u015f\u0131mlar\u0131, ma\u00e7 raporlar\u0131 ve tan\u0131k beyanlar\u0131 bir araya getirilerek somut bir dosya olu\u015fturulmal\u0131d\u0131r. Bu belgeler yaln\u0131zca bireysel ba\u015fvurularla de\u011fil; insan haklar\u0131 \u00f6rg\u00fctleri, barolar, kad\u0131n \u00f6rg\u00fctleri ve spor hukuku alan\u0131nda \u00e7al\u0131\u015fan sivil toplum kurulu\u015flar\u0131 arac\u0131l\u0131\u011f\u0131yla kurumsal nitelik kazanmal\u0131d\u0131r.<\/p>\n<p style=\"text-align: justify\">\u0130kinci a\u015famada, T\u00fcrkiye Futbol Federasyonu&#8217;na (TFF) yap\u0131lan ba\u015fvurular\u0131n sonu\u00e7suz kald\u0131\u011f\u0131 veya etkisiz b\u0131rak\u0131ld\u0131\u011f\u0131 a\u00e7\u0131k bi\u00e7imde ortaya konmal\u0131d\u0131r. FIFA, genellikle ulusal federasyonlar\u0131n pasif kald\u0131\u011f\u0131 ya da ihlali g\u00f6rmezden geldi\u011fi durumlarda devreye girmektedir. Bu nedenle TFF&#8217;nin tutumu, FIFA&#8217;ya yap\u0131lacak ba\u015fvurunun temel dayanaklar\u0131ndan biri h\u00e2line getirilmelidir.<\/p>\n<p style=\"text-align: justify\">\u00dc\u00e7\u00fcnc\u00fc olarak, ba\u015fvurunun yaln\u0131zca &#8220;Leyla Zana&#8217;ya hakaret&#8221; ba\u015fl\u0131\u011f\u0131 alt\u0131nda de\u011fil; &#8220;etnik kimli\u011fe ve kad\u0131n kimli\u011fine y\u00f6nelik \u0131rk\u00e7\u0131 ve cinsiyet\u00e7i nefret s\u00f6ylemi&#8221; \u00e7er\u00e7evesinde sunulmas\u0131 kritik \u00f6nemdedir. FIFA&#8217;n\u0131n son y\u0131llarda \u00f6zellikle ayr\u0131mc\u0131l\u0131k kar\u015f\u0131t\u0131 politikalar\u0131 g\u00fc\u00e7lendirdi\u011fi ve bu t\u00fcr vakalarda kul\u00fcpleri kolektif sorumluluk alt\u0131nda de\u011ferlendirdi\u011fi bilinmektedir. Bu ba\u011flam, ba\u015fvurunun kabul edilebilirli\u011fini ve yapt\u0131r\u0131m ihtimalini ciddi bi\u00e7imde art\u0131racakt\u0131r.<\/p>\n<p style=\"text-align: justify\">Son olarak, uluslararas\u0131 kamuoyunun bilgilendirilmesi, ba\u015fvurunun etkisini art\u0131ran \u00f6nemli bir unsurdur. Avrupa&#8217;daki K\u00fcrt diasporas\u0131, uluslararas\u0131 spor bas\u0131n\u0131, insan haklar\u0131 raporlar\u0131 ve akademik de\u011ferlendirmelerle desteklenen bir kampanya, FIFA&#8217;n\u0131n meseleye duyars\u0131z kalmas\u0131n\u0131 zorla\u015ft\u0131racakt\u0131r. K\u00fcrt meselesinin yaln\u0131zca siyasal de\u011fil, ayn\u0131 zamanda k\u00fclt\u00fcrel ve sportif alanlarda da sistematik ayr\u0131mc\u0131l\u0131\u011fa maruz kald\u0131\u011f\u0131 bu yolla g\u00f6r\u00fcn\u00fcr k\u0131l\u0131nabilir.<\/p>\n<p style=\"text-align: justify\">Bursaspor taraftarlar\u0131n\u0131n Leyla Zana&#8217;ya y\u00f6nelik k\u00fcf\u00fcrleri, tekil bir ta\u015fk\u0131nl\u0131k de\u011fil; T\u00fcrkiye&#8217;de K\u00fcrt kimli\u011finin kamusal alanda maruz b\u0131rak\u0131ld\u0131\u011f\u0131 yap\u0131sal d\u0131\u015flanman\u0131n bir yans\u0131mas\u0131d\u0131r. Bu sald\u0131r\u0131ya verilecek yan\u0131t, bireysel savunmalarla s\u0131n\u0131rl\u0131 kalmamal\u0131; uluslararas\u0131 hukuk ve spor kurumlar\u0131 nezdinde kolektif bir hak m\u00fccadelesine d\u00f6n\u00fc\u015ft\u00fcr\u00fclmelidir. Leyla Zana&#8217;n\u0131n \u015fahs\u0131nda hedef al\u0131nan \u015fey, K\u00fcrt milletinin onurudur ve bu onur, ulusal ve uluslararas\u0131 her alanda savunulmay\u0131 gerektirmektedir.<\/p>\n","protected":false},"excerpt":{"rendered":"<p>Futbol m\u00fcsabakalar\u0131, modern toplumlarda yaln\u0131zca sportif rekabet alanlar\u0131 de\u011fil; ayn\u0131 zamanda kimliklerin, kolektif haf\u0131zan\u0131n ve siyasal gerilimlerin g\u00f6r\u00fcn\u00fcrl\u00fck kazand\u0131\u011f\u0131 kamusal mek\u00e2nlard\u0131r. Trib\u00fcnler, \u00e7o\u011fu zaman devletlerin resmi ideolojilerinin, milliyet\u00e7i reflekslerin ve toplumsal \u00f6nyarg\u0131lar\u0131n en \u00e7\u0131plak h\u00e2liyle d\u0131\u015favurum alan\u0131 h\u00e2line gelmektedir. T\u00fcrkiye&#8217;de futbol sahalar\u0131nda K\u00fcrtlere, Alevilere ve farkl\u0131 kimlik gruplar\u0131na y\u00f6nelik sinkafl\u0131 k\u00fcf\u00fcrler ve \u0131rk\u00e7\u0131 s\u00f6ylemler bu [&hellip;]<\/p>\n","protected":false},"author":2,"featured_media":1035990,"comment_status":"closed","ping_status":"closed","sticky":false,"template":"","format":"standard","meta":{"footnotes":""},"categories":[3],"tags":[31],"class_list":["post-1035989","post","type-post","status-publish","format-standard","has-post-thumbnail","hentry","category-kurdistan","tag-onemli"],"blocksy_meta":[],"seo_head":"<!-- This site is optimized with the Yoast SEO plugin v27.5 - https:\/\/yoast.com\/product\/yoast-seo-wordpress\/ -->\n<title>Leyla Zana ve K\u00fcrt Kimli\u011fine Kar\u015f\u0131 S\u00fcrd\u00fcr\u00fclen Irk\u00e7\u0131 Bask\u0131lar - Darka Mazi<\/title>\n<meta name=\"robots\" content=\"index, follow, max-snippet:-1, max-image-preview:large, max-video-preview:-1\" \/>\n<link rel=\"canonical\" href=\"https:\/\/darkamazi.site\/archives\/1035989\" \/>\n<meta property=\"og:locale\" content=\"en_US\" \/>\n<meta property=\"og:type\" content=\"article\" \/>\n<meta property=\"og:title\" content=\"Leyla Zana ve K\u00fcrt Kimli\u011fine Kar\u015f\u0131 S\u00fcrd\u00fcr\u00fclen Irk\u00e7\u0131 Bask\u0131lar - Darka Mazi\" \/>\n<meta property=\"og:description\" content=\"Futbol m\u00fcsabakalar\u0131, modern toplumlarda yaln\u0131zca sportif rekabet alanlar\u0131 de\u011fil; ayn\u0131 zamanda kimliklerin, kolektif haf\u0131zan\u0131n ve siyasal gerilimlerin g\u00f6r\u00fcn\u00fcrl\u00fck kazand\u0131\u011f\u0131 kamusal mek\u00e2nlard\u0131r. Trib\u00fcnler, \u00e7o\u011fu zaman devletlerin resmi ideolojilerinin, milliyet\u00e7i reflekslerin ve toplumsal \u00f6nyarg\u0131lar\u0131n en \u00e7\u0131plak h\u00e2liyle d\u0131\u015favurum alan\u0131 h\u00e2line gelmektedir. T\u00fcrkiye&#8217;de futbol sahalar\u0131nda K\u00fcrtlere, Alevilere ve farkl\u0131 kimlik gruplar\u0131na y\u00f6nelik sinkafl\u0131 k\u00fcf\u00fcrler ve \u0131rk\u00e7\u0131 s\u00f6ylemler bu [&hellip;]\" \/>\n<meta property=\"og:url\" content=\"https:\/\/darkamazi.site\/archives\/1035989\" \/>\n<meta property=\"og:site_name\" content=\"Darka Mazi\" \/>\n<meta property=\"article:publisher\" content=\"https:\/\/www.facebook.com\/DarkaMaziturkce\" \/>\n<meta property=\"article:published_time\" content=\"2025-12-20T11:30:46+00:00\" \/>\n<meta property=\"og:image\" content=\"https:\/\/darkamazi.site\/file\/2025\/12\/Husamettinpsd-1.jpg\" \/>\n\t<meta property=\"og:image:width\" content=\"900\" \/>\n\t<meta property=\"og:image:height\" content=\"497\" \/>\n\t<meta property=\"og:image:type\" content=\"image\/jpeg\" \/>\n<meta name=\"author\" content=\"darka mazi\" \/>\n<meta name=\"twitter:card\" content=\"summary_large_image\" \/>\n<meta name=\"twitter:creator\" content=\"@DarkaMaziTurkce\" \/>\n<meta name=\"twitter:site\" content=\"@DarkaMaziTurkce\" \/>\n<meta name=\"twitter:label1\" content=\"Written by\" \/>\n\t<meta name=\"twitter:data1\" content=\"darka mazi\" \/>\n\t<meta name=\"twitter:label2\" content=\"Est. reading time\" \/>\n\t<meta name=\"twitter:data2\" content=\"4 minutes\" \/>\n<script type=\"application\/ld+json\" class=\"seo-schema-graph\">{\"@context\":\"https:\\\/\\\/schema.org\",\"@graph\":[{\"@type\":\"NewsArticle\",\"@id\":\"https:\\\/\\\/darkamazi.site\\\/archives\\\/1035989#article\",\"isPartOf\":{\"@id\":\"https:\\\/\\\/darkamazi.site\\\/archives\\\/1035989\"},\"author\":{\"name\":\"darka mazi\",\"@id\":\"https:\\\/\\\/darkamazi.site\\\/#\\\/schema\\\/person\\\/67986a95ac546c16760365877ef4a9d3\"},\"headline\":\"Leyla Zana ve K\u00fcrt Kimli\u011fine Kar\u015f\u0131 S\u00fcrd\u00fcr\u00fclen Irk\u00e7\u0131 Bask\u0131lar\",\"datePublished\":\"2025-12-20T11:30:46+00:00\",\"mainEntityOfPage\":{\"@id\":\"https:\\\/\\\/darkamazi.site\\\/archives\\\/1035989\"},\"wordCount\":1128,\"publisher\":{\"@id\":\"https:\\\/\\\/darkamazi.site\\\/#organization\"},\"image\":{\"@id\":\"https:\\\/\\\/darkamazi.site\\\/archives\\\/1035989#primaryimage\"},\"thumbnailUrl\":\"https:\\\/\\\/darkamazi.site\\\/darka-content\\\/uploads\\\/2025\\\/12\\\/Husamettinpsd-1.jpg\",\"keywords\":[\"\u00f6nemli\"],\"articleSection\":[\"Kurdistan\"],\"inLanguage\":\"en-US\"},{\"@type\":\"WebPage\",\"@id\":\"https:\\\/\\\/darkamazi.site\\\/archives\\\/1035989\",\"url\":\"https:\\\/\\\/darkamazi.site\\\/archives\\\/1035989\",\"name\":\"Leyla Zana ve K\u00fcrt Kimli\u011fine Kar\u015f\u0131 S\u00fcrd\u00fcr\u00fclen Irk\u00e7\u0131 Bask\u0131lar - Darka Mazi\",\"isPartOf\":{\"@id\":\"https:\\\/\\\/darkamazi.site\\\/#website\"},\"primaryImageOfPage\":{\"@id\":\"https:\\\/\\\/darkamazi.site\\\/archives\\\/1035989#primaryimage\"},\"image\":{\"@id\":\"https:\\\/\\\/darkamazi.site\\\/archives\\\/1035989#primaryimage\"},\"thumbnailUrl\":\"https:\\\/\\\/darkamazi.site\\\/darka-content\\\/uploads\\\/2025\\\/12\\\/Husamettinpsd-1.jpg\",\"datePublished\":\"2025-12-20T11:30:46+00:00\",\"breadcrumb\":{\"@id\":\"https:\\\/\\\/darkamazi.site\\\/archives\\\/1035989#breadcrumb\"},\"inLanguage\":\"en-US\",\"potentialAction\":[{\"@type\":\"ReadAction\",\"target\":[\"https:\\\/\\\/darkamazi.site\\\/archives\\\/1035989\"]}]},{\"@type\":\"ImageObject\",\"inLanguage\":\"en-US\",\"@id\":\"https:\\\/\\\/darkamazi.site\\\/archives\\\/1035989#primaryimage\",\"url\":\"https:\\\/\\\/darkamazi.site\\\/darka-content\\\/uploads\\\/2025\\\/12\\\/Husamettinpsd-1.jpg\",\"contentUrl\":\"https:\\\/\\\/darkamazi.site\\\/darka-content\\\/uploads\\\/2025\\\/12\\\/Husamettinpsd-1.jpg\",\"width\":900,\"height\":497,\"caption\":\"Leyla Zana ve K\u00fcrt Kimli\u011fine Kar\u015f\u0131 S\u00fcrd\u00fcr\u00fclen Irk\u00e7\u0131 Bask\u0131lar\"},{\"@type\":\"BreadcrumbList\",\"@id\":\"https:\\\/\\\/darkamazi.site\\\/archives\\\/1035989#breadcrumb\",\"itemListElement\":[{\"@type\":\"ListItem\",\"position\":1,\"name\":\"Home\",\"item\":\"https:\\\/\\\/darkamazi.site\\\/\"},{\"@type\":\"ListItem\",\"position\":2,\"name\":\"Leyla Zana ve K\u00fcrt Kimli\u011fine Kar\u015f\u0131 S\u00fcrd\u00fcr\u00fclen Irk\u00e7\u0131 Bask\u0131lar\"}]},{\"@type\":\"WebSite\",\"@id\":\"https:\\\/\\\/darkamazi.site\\\/#website\",\"url\":\"https:\\\/\\\/darkamazi.site\\\/\",\"name\":\"Darka Mazi\",\"description\":\"Ana Sayfa\",\"publisher\":{\"@id\":\"https:\\\/\\\/darkamazi.site\\\/#organization\"},\"potentialAction\":[{\"@type\":\"SearchAction\",\"target\":{\"@type\":\"EntryPoint\",\"urlTemplate\":\"https:\\\/\\\/darkamazi.site\\\/?s={search_term_string}\"},\"query-input\":{\"@type\":\"PropertyValueSpecification\",\"valueRequired\":true,\"valueName\":\"search_term_string\"}}],\"inLanguage\":\"en-US\"},{\"@type\":\"Organization\",\"@id\":\"https:\\\/\\\/darkamazi.site\\\/#organization\",\"name\":\"Darka Mazi T\u00fcrk\u00e7e\",\"alternateName\":\"Darka Mazi\",\"url\":\"https:\\\/\\\/darkamazi.site\\\/\",\"logo\":{\"@type\":\"ImageObject\",\"inLanguage\":\"en-US\",\"@id\":\"https:\\\/\\\/darkamazi.site\\\/#\\\/schema\\\/logo\\\/image\\\/\",\"url\":\"https:\\\/\\\/darkamazi.site\\\/darka-content\\\/uploads\\\/2017\\\/12\\\/darka-mazi-logo.png\",\"contentUrl\":\"https:\\\/\\\/darkamazi.site\\\/darka-content\\\/uploads\\\/2017\\\/12\\\/darka-mazi-logo.png\",\"width\":151,\"height\":75,\"caption\":\"Darka Mazi T\u00fcrk\u00e7e\"},\"image\":{\"@id\":\"https:\\\/\\\/darkamazi.site\\\/#\\\/schema\\\/logo\\\/image\\\/\"},\"sameAs\":[\"https:\\\/\\\/www.facebook.com\\\/DarkaMaziturkce\",\"https:\\\/\\\/x.com\\\/DarkaMaziTurkce\"]},{\"@type\":\"Person\",\"@id\":\"https:\\\/\\\/darkamazi.site\\\/#\\\/schema\\\/person\\\/67986a95ac546c16760365877ef4a9d3\",\"name\":\"darka mazi\",\"sameAs\":[\"https:\\\/\\\/darkamazi.site\"],\"url\":\"https:\\\/\\\/darkamazi.site\\\/archives\\\/author\\\/turkish\"}]}<\/script>\n<!-- \/ Yoast SEO plugin. -->","seo_head_json":{"title":"Leyla Zana ve K\u00fcrt Kimli\u011fine Kar\u015f\u0131 S\u00fcrd\u00fcr\u00fclen Irk\u00e7\u0131 Bask\u0131lar - Darka Mazi","robots":{"index":"index","follow":"follow","max-snippet":"max-snippet:-1","max-image-preview":"max-image-preview:large","max-video-preview":"max-video-preview:-1"},"canonical":"https:\/\/darkamazi.site\/archives\/1035989","og_locale":"en_US","og_type":"article","og_title":"Leyla Zana ve K\u00fcrt Kimli\u011fine Kar\u015f\u0131 S\u00fcrd\u00fcr\u00fclen Irk\u00e7\u0131 Bask\u0131lar - Darka Mazi","og_description":"Futbol m\u00fcsabakalar\u0131, modern toplumlarda yaln\u0131zca sportif rekabet alanlar\u0131 de\u011fil; ayn\u0131 zamanda kimliklerin, kolektif haf\u0131zan\u0131n ve siyasal gerilimlerin g\u00f6r\u00fcn\u00fcrl\u00fck kazand\u0131\u011f\u0131 kamusal mek\u00e2nlard\u0131r. Trib\u00fcnler, \u00e7o\u011fu zaman devletlerin resmi ideolojilerinin, milliyet\u00e7i reflekslerin ve toplumsal \u00f6nyarg\u0131lar\u0131n en \u00e7\u0131plak h\u00e2liyle d\u0131\u015favurum alan\u0131 h\u00e2line gelmektedir. T\u00fcrkiye&#8217;de futbol sahalar\u0131nda K\u00fcrtlere, Alevilere ve farkl\u0131 kimlik gruplar\u0131na y\u00f6nelik sinkafl\u0131 k\u00fcf\u00fcrler ve \u0131rk\u00e7\u0131 s\u00f6ylemler bu [&hellip;]","og_url":"https:\/\/darkamazi.site\/archives\/1035989","og_site_name":"Darka Mazi","article_publisher":"https:\/\/www.facebook.com\/DarkaMaziturkce","article_published_time":"2025-12-20T11:30:46+00:00","og_image":[{"width":900,"height":497,"url":"https:\/\/darkamazi.site\/file\/2025\/12\/Husamettinpsd-1.jpg","type":"image\/jpeg"}],"author":"darka mazi","twitter_card":"summary_large_image","twitter_creator":"@DarkaMaziTurkce","twitter_site":"@DarkaMaziTurkce","twitter_misc":{"Written by":"darka mazi","Est. reading time":"4 minutes"},"schema":{"@context":"https:\/\/schema.org","@graph":[{"@type":"NewsArticle","@id":"https:\/\/darkamazi.site\/archives\/1035989#article","isPartOf":{"@id":"https:\/\/darkamazi.site\/archives\/1035989"},"author":{"name":"darka mazi","@id":"https:\/\/darkamazi.site\/#\/schema\/person\/67986a95ac546c16760365877ef4a9d3"},"headline":"Leyla Zana ve K\u00fcrt Kimli\u011fine Kar\u015f\u0131 S\u00fcrd\u00fcr\u00fclen Irk\u00e7\u0131 Bask\u0131lar","datePublished":"2025-12-20T11:30:46+00:00","mainEntityOfPage":{"@id":"https:\/\/darkamazi.site\/archives\/1035989"},"wordCount":1128,"publisher":{"@id":"https:\/\/darkamazi.site\/#organization"},"image":{"@id":"https:\/\/darkamazi.site\/archives\/1035989#primaryimage"},"thumbnailUrl":"https:\/\/darkamazi.site\/file\/2025\/12\/Husamettinpsd-1.jpg","keywords":["\u00f6nemli"],"articleSection":["Kurdistan"],"inLanguage":"en-US"},{"@type":"WebPage","@id":"https:\/\/darkamazi.site\/archives\/1035989","url":"https:\/\/darkamazi.site\/archives\/1035989","name":"Leyla Zana ve K\u00fcrt Kimli\u011fine Kar\u015f\u0131 S\u00fcrd\u00fcr\u00fclen Irk\u00e7\u0131 Bask\u0131lar - Darka Mazi","isPartOf":{"@id":"https:\/\/darkamazi.site\/#website"},"primaryImageOfPage":{"@id":"https:\/\/darkamazi.site\/archives\/1035989#primaryimage"},"image":{"@id":"https:\/\/darkamazi.site\/archives\/1035989#primaryimage"},"thumbnailUrl":"https:\/\/darkamazi.site\/file\/2025\/12\/Husamettinpsd-1.jpg","datePublished":"2025-12-20T11:30:46+00:00","breadcrumb":{"@id":"https:\/\/darkamazi.site\/archives\/1035989#breadcrumb"},"inLanguage":"en-US","potentialAction":[{"@type":"ReadAction","target":["https:\/\/darkamazi.site\/archives\/1035989"]}]},{"@type":"ImageObject","inLanguage":"en-US","@id":"https:\/\/darkamazi.site\/archives\/1035989#primaryimage","url":"https:\/\/darkamazi.site\/file\/2025\/12\/Husamettinpsd-1.jpg","contentUrl":"https:\/\/darkamazi.site\/file\/2025\/12\/Husamettinpsd-1.jpg","width":900,"height":497,"caption":"Leyla Zana ve K\u00fcrt Kimli\u011fine Kar\u015f\u0131 S\u00fcrd\u00fcr\u00fclen Irk\u00e7\u0131 Bask\u0131lar"},{"@type":"BreadcrumbList","@id":"https:\/\/darkamazi.site\/archives\/1035989#breadcrumb","itemListElement":[{"@type":"ListItem","position":1,"name":"Home","item":"https:\/\/darkamazi.site\/"},{"@type":"ListItem","position":2,"name":"Leyla Zana ve K\u00fcrt Kimli\u011fine Kar\u015f\u0131 S\u00fcrd\u00fcr\u00fclen Irk\u00e7\u0131 Bask\u0131lar"}]},{"@type":"WebSite","@id":"https:\/\/darkamazi.site\/#website","url":"https:\/\/darkamazi.site\/","name":"Darka Mazi","description":"Ana Sayfa","publisher":{"@id":"https:\/\/darkamazi.site\/#organization"},"potentialAction":[{"@type":"SearchAction","target":{"@type":"EntryPoint","urlTemplate":"https:\/\/darkamazi.site\/?s={search_term_string}"},"query-input":{"@type":"PropertyValueSpecification","valueRequired":true,"valueName":"search_term_string"}}],"inLanguage":"en-US"},{"@type":"Organization","@id":"https:\/\/darkamazi.site\/#organization","name":"Darka Mazi T\u00fcrk\u00e7e","alternateName":"Darka Mazi","url":"https:\/\/darkamazi.site\/","logo":{"@type":"ImageObject","inLanguage":"en-US","@id":"https:\/\/darkamazi.site\/#\/schema\/logo\/image\/","url":"https:\/\/darkamazi.site\/file\/2017\/12\/darka-mazi-logo.png","contentUrl":"https:\/\/darkamazi.site\/file\/2017\/12\/darka-mazi-logo.png","width":151,"height":75,"caption":"Darka Mazi T\u00fcrk\u00e7e"},"image":{"@id":"https:\/\/darkamazi.site\/#\/schema\/logo\/image\/"},"sameAs":["https:\/\/www.facebook.com\/DarkaMaziturkce","https:\/\/x.com\/DarkaMaziTurkce"]},{"@type":"Person","@id":"https:\/\/darkamazi.site\/#\/schema\/person\/67986a95ac546c16760365877ef4a9d3","name":"darka mazi","sameAs":["https:\/\/darkamazi.site"],"url":"https:\/\/darkamazi.site\/archives\/author\/turkish"}]}},"_links":{"self":[{"href":"https:\/\/darkamazi.site\/funavuv\/wp\/v2\/posts\/1035989","targetHints":{"allow":["GET"]}}],"collection":[{"href":"https:\/\/darkamazi.site\/funavuv\/wp\/v2\/posts"}],"about":[{"href":"https:\/\/darkamazi.site\/funavuv\/wp\/v2\/types\/post"}],"author":[{"embeddable":true,"href":"https:\/\/darkamazi.site\/funavuv\/wp\/v2\/users\/2"}],"replies":[{"embeddable":true,"href":"https:\/\/darkamazi.site\/funavuv\/wp\/v2\/comments?post=1035989"}],"version-history":[{"count":0,"href":"https:\/\/darkamazi.site\/funavuv\/wp\/v2\/posts\/1035989\/revisions"}],"wp:featuredmedia":[{"embeddable":true,"href":"https:\/\/darkamazi.site\/funavuv\/wp\/v2\/media\/1035990"}],"wp:attachment":[{"href":"https:\/\/darkamazi.site\/funavuv\/wp\/v2\/media?parent=1035989"}],"wp:term":[{"taxonomy":"category","embeddable":true,"href":"https:\/\/darkamazi.site\/funavuv\/wp\/v2\/categories?post=1035989"},{"taxonomy":"post_tag","embeddable":true,"href":"https:\/\/darkamazi.site\/funavuv\/wp\/v2\/tags?post=1035989"}],"curies":[{"name":"wp","href":"https:\/\/api.w.org\/{rel}","templated":true}]}}