{"id":1035992,"date":"2025-12-20T14:47:22","date_gmt":"2025-12-20T11:47:22","guid":{"rendered":"https:\/\/darkamazi.site\/?p=1035992"},"modified":"2025-12-20T14:49:19","modified_gmt":"2025-12-20T11:49:19","slug":"berzaninin-cizre-ziyareti-ve-yansimalari-uzerine","status":"publish","type":"post","link":"https:\/\/darkamazi.site\/archives\/1035992","title":{"rendered":"Berzani\u2019nin Cizre Ziyareti Ve Yans\u0131malar\u0131 \u00dczerine"},"content":{"rendered":"<p style=\"text-align: justify\">K\u00fcrd politik \u00e7evrelerinin en b\u00fcy\u00fck sorunlar\u0131ndan biri de, do\u011fru d\u00fc\u015f\u00fcnmenin yollar\u0131na yabanc\u0131 olu\u015flar\u0131d\u0131r. Do\u011fru d\u00fc\u015f\u00fcnemeyen insanlar\u0131n sa\u011fl\u0131kl\u0131 d\u00fc\u015f\u00fcnmesi ve do\u011fru tahliller yapmas\u0131 olanakl\u0131 de\u011fildir. K\u00fcrd politik ve okur-yazar \u00e7evrelerindeki bu hayati bo\u015flu\u011fu da her zaman tetikte bekleyen devlet\u00e7iler dolduruyor ne yaz\u0131k ki.<\/p>\n<p style=\"text-align: justify\">Devlet\/devlet\u00e7iler, klasik mant\u0131\u011f\u0131n bilinen k\u0131s\u0131r y\u00f6nteminin kendilerine sa\u011flad\u0131\u011f\u0131 yarar\u0131 bildikleri i\u00e7in her olayda devreye sokuyor ve kimlerin nas\u0131l bir tutum almas\u0131 gerekti\u011fini neredeyse bire bir belirleyebiliyor.<\/p>\n<p style=\"text-align: justify\">D\u00fc\u015f\u00fcnme y\u00f6ntemi yanl\u0131\u015f olduktan sonra, s\u00f6ylenen do\u011frular yerini bulmuyor ve anlams\u0131z kal\u0131yor.<\/p>\n<p style=\"text-align: justify\">Her hangi bir konuda bir tart\u0131\u015fma ya\u015fand\u0131\u011f\u0131nda, iki kar\u015f\u0131t d\u00fc\u015f\u00fcncenin kabaca kar\u015f\u0131 kar\u015f\u0131ya gelmesi sa\u011flan\u0131yor bilin\u00e7li olarak. Kar\u015f\u0131t olarak sunulan d\u00fc\u015f\u00fcncelerden birini olumlayan, zorunlu olarak di\u011ferini olumsuzluyor. B\u00f6ylece farkl\u0131 d\u00fc\u015f\u00fcnen, iki kar\u015f\u0131t d\u00fc\u015f\u00fcnceyi de olumlayan veya ikisini de olumsuzlayan \u00fc\u00e7\u00fcnc\u00fc bir se\u00e7ene\u011fin kendisini ifade etmesine izin verilmiyor. Farkl\u0131, \u00f6zg\u00fcn d\u00fc\u015f\u00fcnenlerin sesi, kar\u015f\u0131t cephelerin a\u011f\u0131z dala\u015f\u0131nda kayboluyor ve etkisiz kal\u0131yor.<\/p>\n<p style=\"text-align: justify\">Ba\u015fkan Berzani\u2019nin Cizre ziyaretinde de ayn\u0131 k\u0131s\u0131r tart\u0131\u015fmalar ya\u015fand\u0131 ve hi\u00e7 ortak yanlar\u0131 olmad\u0131klar\u0131 halde farkl\u0131 kesimler iki kar\u015f\u0131t cepheden birinin par\u00e7as\u0131 yap\u0131lmaya \u00e7al\u0131\u015f\u0131ld\u0131. Oysa kar\u015f\u0131t konumlanan ve kaba tart\u0131\u015fmalar\u0131 a\u015famayan taraftar kavgalar\u0131nda sa\u011fl\u0131kl\u0131 bir tart\u0131\u015fma olmaz; sadece taraftarlar\u0131n saflar\u0131 daha da s\u0131kla\u015f\u0131r ve daha kat\u0131 bir \u015fekilde kendi do\u011frular\u0131na sar\u0131l\u0131rlar. Bu da ister istemez tutucula\u015ft\u0131r\u0131r her iki taraf\u0131 da. Bu g\u00fcn Berzani\u2019yi olumlayan veya ele\u015ftiren \u00e7ok farkl\u0131 kesimlerin \u00e7ok farkl\u0131 nedenleri olsa da, hepsinin ayn\u0131 nedenle olumlad\u0131\u011f\u0131 veya ele\u015ftirdi\u011fi g\u00f6r\u00fcnt\u00fcs\u00fc ortaya \u00e7\u0131k\u0131yor&#8230;<\/p>\n<p style=\"text-align: justify\">Bu kar\u015f\u0131t iki cephe zorunlu olarak, \u2018Erdo\u011fan \u00fclkeyi K\u00fcrdlere sat\u0131yor\u2019 yaygaras\u0131 koparan fa\u015fistler ile Erdo\u011fan \u2018tek\u00e7i anlay\u0131\u015f\u0131n\u0131 \u201ckarde\u015flik\u201d s\u00f6ylemiyle gizlemeye \u00e7al\u0131\u015f\u0131yor\u2019 diyen ba\u011f\u0131ms\u0131zl\u0131k\u00e7\u0131lar\u0131n farkl\u0131 hatta kar\u015f\u0131t duru\u015flar\u0131n\u0131 ayn\u0131la\u015ft\u0131rabiliyor.<\/p>\n<p style=\"text-align: justify\">Benzer \u015fekilde, Berzani\u2019nin \u201cbar\u0131\u015f\u201d s\u00fcrecine\/PKK-Devlet anla\u015fmas\u0131na verdi\u011fi deste\u011fi ele\u015ftiren Ba\u011f\u0131ms\u0131zl\u0131k\u00e7\u0131lar ile Berzani PKK\u2019yi harcad\u0131\/harc\u0131yor diye sald\u0131ran Ergenekoncu\/Kemalistleri de ayn\u0131la\u015ft\u0131rabiliyor.<\/p>\n<p style=\"text-align: justify\">Devam eden k\u0131s\u0131r tart\u0131\u015fmalarda Berzani-PKK kar\u015f\u0131t olarak kabul edilip saflar belirlenmi\u015f oluyor.<\/p>\n<p style=\"text-align: justify\">Hem konunun sa\u011fl\u0131kl\u0131 anla\u015f\u0131lmas\u0131 hem de kimin neye ni\u00e7in sald\u0131rd\u0131\u011f\u0131n\u0131n\/savundu\u011funun do\u011fru kavranmas\u0131 i\u00e7in, \u00f6ncelikle sorunlar\u0131 a\u00e7\u0131k bir \u015fekilde ortaya koymak; g\u00f6rece iyi ve mutlak iyi aras\u0131ndaki fark\u0131 dikkate almak; taraflar\u0131n konum ve isteklerini bilmek gerekiyor.<\/p>\n<p style=\"text-align: justify\">PKK ve G\u00fcney K\u00fcrdistan\/Berzani<\/p>\n<p style=\"text-align: justify\">PKK; k\u0131rk (40) y\u0131ldan beri silahl\u0131 m\u00fccadele veren ama g\u00fcn\u00fcm\u00fczde ulusal hi\u00e7bir talebi olmayan bir harekettir. Bu hareketin devlet ile \u201cbar\u0131\u015f\u201d ad\u0131 alt\u0131nda y\u00fcr\u00fctt\u00fc\u011f\u00fc bir s\u00fcre\u00e7 vard\u0131r. \u0130\u015fgal alt\u0131ndaki s\u00f6m\u00fcrge bir ulus ad\u0131na hareket edip ulusal talepte bulunmayan PKK\u2019ye \u201cK\u00fcrd Hareketi\u201d demek ba\u015fl\u0131ca yan\u0131lg\u0131d\u0131r. Bu nedenle \u201cbar\u0131\u015f\u201d s\u00fcrecini \u201cK\u00fcrd\/K\u00fcrdistan Sorunu\u2019nun \u00e7\u00f6z\u00fcm\u00fc gibi g\u00f6stermek te ba\u015fka bir yan\u0131lg\u0131ya neden oluyor.<\/p>\n<p style=\"text-align: justify\">Bir ba\u015fka yan\u0131lg\u0131 ise, silahlar\u0131n susmas\u0131n\u0131n, \u00e7at\u0131\u015fmalar\u0131n bitmesinin \u201cbar\u0131\u015f\u201d olarak nitelenmesidir.<\/p>\n<p style=\"text-align: justify\">Bar\u0131\u015f, sava\u015fa neden olan ko\u015fullar\u0131n ortadan kald\u0131r\u0131lmas\u0131d\u0131r k\u0131saca.<\/p>\n<p style=\"text-align: justify\">K\u00fcrdistan i\u015fgal alt\u0131nda oldu\u011fu i\u00e7in bir as\u0131rdan fazlad\u0131r devem eden ve d\u00f6nem d\u00f6nem alevlenen \u00e7at\u0131\u015fmalar vard\u0131r. Bu \u00e7at\u0131\u015fman\u0131n bu g\u00fcnk\u00fc taraflar\u0131ndan biri olan PKK, Devlet ile giri\u015fti\u011fi \u00e7at\u0131\u015fmaya son verirse buna bar\u0131\u015f denilmez\/denilemez. Olsa olsa silahlar\u0131n susmas\u0131, \u00e7at\u0131\u015fmalar\u0131n son bulmas\u0131 denilebilir&#8230;<\/p>\n<p style=\"text-align: justify\">PKK-Devlet anla\u015fmas\u0131na nas\u0131l yakla\u015fmal\u0131y\u0131z?<\/p>\n<p style=\"text-align: justify\">Kukusuz ki i\u015fgal alt\u0131nda bir ulus ad\u0131na m\u00fccadele eden hareketler, i\u015fgale kar\u015f\u0131 m\u00fccadele etmek i\u00e7in silahl\u0131 m\u00fccadele etme hakk\u0131na sahiptirler ve genellikle de bu silahl\u0131 m\u00fccadele bir zorunluluk olarak kendisini dayat\u0131r. Hi\u00e7 kimsenin i\u015fgale kar\u015f\u0131 verilen silahl\u0131 bir m\u00fccadeleyi ele\u015ftirme hakk\u0131 da yoktur. \u0130\u015fgale kar\u015f\u0131 ba\u011f\u0131ms\u0131zl\u0131k m\u00fccadelesi vermeyen PKK\u2019yi bu kategori i\u00e7inde de\u011ferlendirmek m\u00fcmk\u00fcn de\u011fildir.<\/p>\n<p style=\"text-align: justify\">Ulusal hi\u00e7bir talebi olmayan PKK\u2019nin, \u201cDemokratik \u00d6zerklik\u201d veya \u201cT\u00fcrkiye\u2019nin Demokratikle\u015fmesi\u201d i\u00e7in K\u00fcrd gen\u00e7lerini sava\u015fa s\u00fcr\u00fcklemesi a\u00e7\u0131k\u00e7a cinayetti(r) ve insani\/K\u00fcrdistani hi\u00e7bir taraf\u0131 da yoktu(r).<\/p>\n<p style=\"text-align: justify\">Bu nedenle, mevut taleplerine ra\u011fmen \u201cPKK sava\u015fmal\u0131\u201d demek i\u00e7in anlams\u0131z bir sava\u015ftan nemalanmay\u0131 gerektiriyor. G\u00f6r\u00fcld\u00fc\u011f\u00fc kadar\u0131yla, siyasi ve ekonomik nemalanmada birinci s\u0131ray\u0131 alan Kemalist\/militarist elitler ile yerel ayaklar\u0131 bu anlams\u0131z ve ama\u00e7s\u0131z sava\u015fa tam destek veriyorlar; dahas\u0131 sava\u015f\u0131n devam\u0131 i\u00e7in her t\u00fcrl\u00fc ahlaks\u0131zl\u0131\u011fa ba\u015fvuruyorlar.<\/p>\n<p style=\"text-align: justify\">Burada dikkat edilmesi gereken nokta, PKK\u2019nin silahlara veda etmesini, PKK a\u00e7\u0131s\u0131ndan sava\u015f\u0131n bitmesini gerek\u00e7e g\u00f6sterip, \u201cK\u00fcrdler i\u00e7in silah ve sava\u015f d\u00f6nemi bitti\u201d alg\u0131s\u0131n\u0131 yaratmaya \u00e7al\u0131\u015fanlara prim vermemektir.<\/p>\n<p style=\"text-align: justify\">\u00c7\u00fcnk\u00fc K\u00fcrdler devletle\u015finceye kadar, ko\u015fullar gere\u011fi her t\u00fcrl\u00fc m\u00fccadele bi\u00e7imini se\u00e7me ve m\u00fccadele arac\u0131n\u0131 kullanma hakk\u0131na sahiptirler; bu i\u015fgal alt\u0131ndaki bir \u00fclkede me\u015fru savunma hakk\u0131 olarak kalacakt\u0131r&#8230;<\/p>\n<p style=\"text-align: justify\">Duyarl\u0131 her insan, bu anlams\u0131z sava\u015f\u0131n bitmesini ister ku\u015fkusuz. Zaten bu sava\u015f sadece ve sadece K\u00fcrdlere zarar vermektedir. PKK Sorunu\u2019nun \u00e7\u00f6z\u00fcm\u00fc ile K\u00fcrd\/K\u00fcrdistan Sorunu\u2019nun \u00e7\u00f6z\u00fcm\u00fcn\u00fc ay\u0131rt etti\u011fimizde, PKK-Devlet aras\u0131ndaki anla\u015fmaya kar\u015f\u0131 \u00e7\u0131kmak i\u00e7in hi\u00e7bir neden yoktur.<\/p>\n<p style=\"text-align: justify\">Kar\u015f\u0131 \u00e7\u0131k\u0131lacak nokta PKK-Devlet aras\u0131ndaki sava\u015f\u0131n son bulmas\u0131 olmamal\u0131d\u0131r.<\/p>\n<p style=\"text-align: justify\">Kar\u015f\u0131 \u00e7\u0131k\u0131lacak olan, bu anla\u015fman\u0131n \u201cbar\u0131\u015f\u201d ve \u201cK\u00fcrd\/K\u00fcrdistan Sorunu\u2019nun \u00c7\u00f6z\u00fcm\u00fc\u201d olarak yutturulmas\u0131 olmal\u0131d\u0131r.<\/p>\n<p style=\"text-align: justify\">T\u00fcm ulusal talepleri ret eden ama sava\u015f\u0131n devam etmesi noktas\u0131nda son derece radikal tak\u0131lan Kemalist Sol, a\u00e7\u0131k\u00e7a K\u00fcrd gen\u00e7lerinin kan\u0131 \u00fczerinden siyasi ve ekonomik rant elde etti\u011fi i\u00e7in bu tutuma sahiptir. \u0130nsani temel \u00f6zellikleri ta\u015f\u0131yan hi\u00e7 kimse bu anlams\u0131z sava\u015f\u0131n devam etmesini isteyemez.<\/p>\n<p style=\"text-align: justify\">Bu gayri insani tutum, \u201cba\u011f\u0131ms\u0131z K\u00fcrdistan istiyoruz\u201d diyen baz\u0131 kesimlerce de tak\u0131n\u0131labilmektedir.<\/p>\n<p style=\"text-align: justify\">Bunlar\u0131n handikab\u0131, PKK\u2019nin ulusal hi\u00e7bir talebi olmad\u0131\u011f\u0131 ger\u00e7e\u011fini g\u00f6rmemeleri\/g\u00f6rmek istememeleridir. Bu k\u00f6rl\u00fck, onlar\u0131 Kemalist\/Fa\u015fist kesimle ayn\u0131 saflara s\u00fcr\u00fcklemekte ve K\u00fcrd gen\u00e7lerinin \u201ckurban\u201d edilmesi \u00e7\u0131\u011f\u0131rtkanl\u0131\u011f\u0131 yapmalar\u0131n\u0131 sa\u011flamaktad\u0131r.<\/p>\n<p style=\"text-align: justify\">Berzani\u2019nin Tutumu<\/p>\n<p style=\"text-align: justify\">Her duyarl\u0131 insan gibi anlams\u0131z bir sava\u015f\u0131n bitmesini istiyor ve bu ama\u00e7la \u00e7aba sarf ediyor diye Berzani\u2019yi ele\u015ftirmek insani de\u011fildir.<\/p>\n<p style=\"text-align: justify\">Politik ge\u00e7mi\u015fi\/konumu gere\u011fi herkesten \u00e7ok daha fazla bu \u00e7abay\u0131 sarf etmesi gereken Berzani\u2019dir ku\u015fkusuz. Bu anlams\u0131z sava\u015f\u0131 bitirmek istedi diye Berzani\u2019yi teslimiyet\u00e7i, Kemalist \u00d6calan ile ayn\u0131 kefeye koyup mahk\u00fbm etmeye kalk\u0131\u015fmak ise, f\u0131rsat\u00e7\u0131l\u0131k yan\u0131nda ahlaks\u0131zl\u0131kt\u0131r da. Bu ahlaks\u0131zl\u0131\u011f\u0131n ba\u015f mimar\u0131 olan Kemalistlerin oyunca\u011f\u0131 olan baz\u0131 K\u00fcrdler cahilce, bilin\u00e7sizce ve tam da K\u00fcrd\/K\u00fcrdistan d\u00fc\u015fmanlar\u0131n\u0131n istemlerine uygun \u015fekilde Berzani\u2019ye sald\u0131rabilmektedirler.<\/p>\n<p style=\"text-align: justify\">G\u00fcney\u2019deki ulusal kazan\u0131m\u0131n ba\u015f mimarlar\u0131ndan olan ve K\u00fcrdlerin devletle\u015fme hakk\u0131n\u0131 her platformda savunan Berzani\u2019yi, devletle\u015fme talebini \u201cilkellik\u201d olarak g\u00f6ren devlet\u00e7i \u00d6calan\u2019\u0131 ayn\u0131la\u015ft\u0131rmak, ulusal talebi, kayg\u0131s\u0131 ve de\u011feri olan K\u00fcrdlerin\/insanlar\u0131n yapabilece\u011fi bir \u015fey de\u011fildir.<\/p>\n<p style=\"text-align: justify\">Eski devlet heveslisi Kemalistlerin \u2018ama\u00e7s\u0131z bir sava\u015fta \u0131srar\u2019 projesine kar\u015f\u0131 \u00e7\u0131kan ve bunun sadece K\u00fcrdlerin hakl\u0131 taleplerine zarar veren bir anlay\u0131\u015f oldu\u011funun bilincinde olan Berzani, hem HDP i\u00e7indeki iyi niyetli insanlar\u0131n hem de anlams\u0131z sava\u015ftan b\u0131kan yurtsever K\u00fcrdlerin deste\u011fine sahiptir.<\/p>\n<p style=\"text-align: justify\">Dikkat edilirse, Berzani\u2019ye HDP\u2019nin Kemalist kanad\u0131 \u00e7irkince sald\u0131r\u0131rken, yurtsever ve anlams\u0131z sava\u015ftan rahats\u0131z olan iyi niyetli kanad\u0131 Berzani\u2019ye yak\u0131nl\u0131k duymaktad\u0131rlar ve samimi, sayg\u0131l\u0131 yakla\u015fmaktad\u0131rlar. Bu ikili tutum, HDP\u2019nin gelece\u011fi konusunda da olumu geli\u015fmelerin ya\u015fanabilece\u011fine i\u015farettir.<\/p>\n<p style=\"text-align: justify\">Berzani bu anlams\u0131z sava\u015f\u0131 bitirmeye \u00e7al\u0131\u015f\u0131yor diye ele\u015ftirilemez, ele\u015ftirilirse Kemalist \u00c7eteler\u2019in kan ve rant politikalar\u0131na hizmet edilmi\u015f olur.<\/p>\n<p style=\"text-align: justify\">Berzani, anlams\u0131z sava\u015f\u0131n bitirilmesini \u201cbar\u0131\u015f\u201d olarak nitelendiriyor diye hakl\u0131 olarak ele\u015ftirilebilir ve ele\u015ftirilmelidir de.<\/p>\n<p style=\"text-align: justify\">Ayr\u0131ca, PKK\u2019nin ama\u00e7s\u0131z silahl\u0131 m\u00fccadelesinin bitmesinden\/bitirilmesinden yana olmak ne kadar do\u011fru bir tutum ise, bu \u00f6zel duruma dayanarak \u201cK\u00fcrdler i\u00e7in silahl\u0131 m\u00fccadele d\u00f6nemi bitmi\u015ftir\u201d genellemesi yapmak ta o kadar yanl\u0131\u015ft\u0131r.<\/p>\n<p style=\"text-align: justify\">Bu yanl\u0131\u015f yakla\u015f\u0131m\u0131ndan dolay\u0131 Berzani hakl\u0131 olarak ele\u015ftirilir ve ele\u015ftirilmelidir de. Ve Berzani\u2019ye y\u00f6nelik bu hakl\u0131 iki ele\u015ftiriyi yapanlar\u0131n hakl\u0131l\u0131\u011f\u0131, ba\u011f\u0131ms\u0131z bir K\u00fcrdistan\u2019\u0131 savunmalar\u0131na ba\u011fl\u0131d\u0131r sadece. Bunun d\u0131\u015f\u0131nda, yani Ba\u011f\u0131ms\u0131z K\u00fcrdistan talebi olmayanlar\u0131n bu iki noktada Berzani\u2019yi ele\u015ftirmesi samimi de\u011fildir; farkl\u0131 kayg\u0131lar\u0131n\u0131n sonucudur.<\/p>\n<p style=\"text-align: justify\">Rojava\u2019y\u0131 Satmak!<\/p>\n<p style=\"text-align: justify\">Berzani\u2019ye sald\u0131ran insanlar\u0131n gerek\u00e7elerinden biri de, G\u00fcneybat\u0131 K\u00fcrdistan\u2019d\u0131r. G\u00fcneybat\u0131 K\u00fcrdistan\u2019da K\u00fcrdlerin birli\u011fi ve ulusal haklar noktas\u0131nda m\u00fccadelesi i\u00e7in en fazla \u00e7aba sarf eden insan Berzani\u2019dir ku\u015fkusuz.<\/p>\n<p style=\"text-align: justify\">\u00d6zellikle Salih M\u00fcslim ve PYD\u2019nin \u00e7irkinliklerine, Baas ile girdikleri kirli ili\u015fkiye ra\u011fmen, onlara a\u015f\u0131r\u0131 ho\u015fg\u00f6r\u00fc g\u00f6stererek kazanmaya \u00e7al\u0131\u015fan Berzani, bu ihtiyats\u0131z iyimserli\u011finin kar\u015f\u0131l\u0131\u011f\u0131 olarak haks\u0131z ve \u00e7irkin sald\u0131r\u0131lara u\u011frad\u0131.<\/p>\n<p style=\"text-align: justify\">Kuzey\u2019de iflas eden ve \u201cRojava Devrimi\u201d yalan\u0131yla kitlesini tatmin eden PKK\/PYD, Esad ile anla\u015fmal\u0131 olarak konumland\u0131\u011f\u0131 Rojava\u2019y\u0131 (G\u00fcneybat\u0131 K\u00fcrdistan) sanki \u00f6zg\u00fcrle\u015ftirmi\u015f gibi bir alg\u0131 yaratt\u0131. Ne yaz\u0131k ki bir\u00e7ok \u00e7evre bu yanl\u0131\u015f alg\u0131yla hayali zafer naralar\u0131 atarak PKK\u2019nin Kuzey\u2019de iflas eden politikalar\u0131n\u0131 dolayl\u0131 yollardan aklad\u0131. K\u00fcrd politik \u00e7evreleri ve okur-yazarlar\u0131 zahmet edip \u00fc\u00e7 ad\u0131m \u00f6tedeki K\u00fcrdistan par\u00e7as\u0131na gitseydiler, PYD\u2019nin K\u00fcrdleri \u00f6zg\u00fcrle\u015ftirmedi\u011fini, aksine El Muhaberat denetiminde K\u00fcrdlere her t\u00fcrl\u00fc bask\u0131y\u0131 yapt\u0131\u011f\u0131n\u0131 \u00e7\u0131plak g\u00f6zleriyle g\u00f6rebileceklerdi.<\/p>\n<p style=\"text-align: justify\">Daha \u00f6nce defalarca dile getirildi\u011fi gibi, PYD, Esad ile anla\u015fmas\u0131 gere\u011fi ve rejimin yar\u0131 resmi milisleri s\u0131fat\u0131yla G\u00fcneybat\u0131 K\u00fcrdistan\u2019\u0131 denetledi.<\/p>\n<p style=\"text-align: justify\">Bu g\u00fcn \u0130mral\u0131\u2019da devam eden pazarl\u0131klardan biri de, G\u00fcneybat\u0131 K\u00fcrdistan\u2019\u0131n gelece\u011fidir. G\u00fcneybat\u0131 K\u00fcrdistan\u2019\u0131 Esad ad\u0131na kontrol eden PYD, Esad\u2019\u0131n d\u00fc\u015fmesinden sonra buray\u0131 \u015eam veya Ankara\u2019ya pazarlaman\u0131n g\u00f6r\u00fc\u015fmelerini yap\u0131yor.<\/p>\n<p style=\"text-align: justify\">\u00c7ok net olan \u015fey, PYD\u2019nin G\u00fcneybat\u0131\u2019y\u0131 \u201c\u00f6zg\u00fcle\u015ftirdi\u011finin\u201d yalan oldu\u011fu ve rejim ad\u0131na K\u00fcrdleri kontrol etti\u011fi ve ayn\u0131 g\u00f6revi s\u00fcrd\u00fcrmeye aday oldu\u011fu ger\u00e7e\u011fidir&#8230;<\/p>\n<p style=\"text-align: justify\">Dolay\u0131s\u0131yla PKK\/PYD taraf\u0131ndan sat\u0131lan Rojava\u2019y\u0131, Berzani veya bir ba\u015fkas\u0131n\u0131n \u201csatmas\u0131\u201d olanakl\u0131 de\u011fildir; olsa olsa PYD taraf\u0131ndan sat\u0131lmas\u0131na engel olma \u00e7abas\u0131ndan s\u00f6z edilebilir sadece&#8230;<\/p>\n<p style=\"text-align: justify\">PYD ve G\u00fcneybat\u0131 K\u00fcrdistan konusunda Berzani ele\u015ftirilecekse, bu ele\u015ftiri \u2018neden zaman\u0131nda m\u00fcdahale etmedi ve neden PYD\u2019yi me\u015frula\u015ft\u0131rarak K\u00fcrdlerin ba\u015f\u0131na bela etti\u2019 noktas\u0131nda olmal\u0131d\u0131r. Bunun d\u0131\u015f\u0131ndaki her ele\u015ftiri ya G\u00fcneybat\u0131 K\u00fcrdistan ger\u00e7ekli\u011fi konusundaki bilgisizlikten ya da ger\u00e7ekli\u011fi bilin\u00e7li sapt\u0131rmaktan kaynakl\u0131d\u0131r.<\/p>\n<p style=\"text-align: justify\">Berzani\u2019nin Cizre ziyaretinde ya\u015fanan baz\u0131 eksiklikleri, yanl\u0131\u015flar\u0131 bahane edip mutlak i\u015fbirlik\u00e7i konumda olan Abdullah \u00d6calan\u2019\u0131 aklamaya \u00e7al\u0131\u015fmak ne kadar haks\u0131zl\u0131ksa, Rojava konusunda da Berzani\u2019ye sald\u0131r\u0131p \u00d6calan ve avanesini aklamaya \u00e7al\u0131\u015fmak o kadar haks\u0131zcad\u0131r. Utanga\u00e7 Apocular bu t\u00fcr haks\u0131zl\u0131klar\u0131 bilin\u00e7li olarak yap\u0131p yaymakta ve pisliklerine herkesi ortak edip kendilerini k\u0131smen de olsa aklamak derdindedirler.<\/p>\n<p style=\"text-align: justify\">Konumlar\u0131, kazan\u0131mlar\u0131 ve d\u00fc\u015f\u00fcnceleri dikkate al\u0131nd\u0131\u011f\u0131nda, hi\u00e7bir ko\u015fulda Berzani\u2019nin \u00d6calan ve avanasi ile k\u0131yaslanamayaca\u011f\u0131 ortadad\u0131r.<\/p>\n<p style=\"text-align: justify\">Federal K\u00fcrdistan (fiili olarak devlet) Kurucu Ba\u015fkan\u0131 olan ve K\u00fcrdlerin devletle\u015fme hakk\u0131n\u0131 her platformda dile getiren Berzani, devletle\u015fmeyi \u201cilkellik\u201d olarak g\u00f6ren ve s\u00f6m\u00fcrgeci devletleri \u201cdemokratikle\u015ftirmekten\u201d s\u00f6z eden \u00d6calan ve avaneleri ile k\u0131yasland\u0131\u011f\u0131nda, K\u00fcrdlerin en \u00f6nemli kazan\u0131m\u0131 olan G\u00fcney K\u00fcrdistan g\u00f6zden \u00e7\u0131kar\u0131lm\u0131\u015f olur&#8230;<\/p>\n<p style=\"text-align: justify\">Berzani\u2019nin T\u00fcrkiye ile ili\u015fkisi\/g\u00f6r\u00fc\u015fmesi de \u00e7ok farkl\u0131 ve \u00e7ok anlams\u0131z sald\u0131r\u0131lara hedef oldu. Bir K\u00fcrd lider olman\u0131n gere\u011fi gibi davranan Berzani, K\u00fcrdl\u00fc\u011f\u00fcnden ve ki\u015fili\u011finden taviz vermedi. Bu onurlu duru\u015fuyla Berzani\u2019yi, \u201cannem T\u00fcrk\u2019t\u00fcr, devlet olanak verirse hizmete haz\u0131r\u0131m\u201d diyen korkaklarla ayn\u0131 kefeye koymak, K\u00fcrdlere ve K\u00fcrdistan\u2019a hakarettir.<\/p>\n<p style=\"text-align: justify\">Bu g\u00f6r\u00fc\u015fmede bir\u00e7ok art\u0131 yan\u0131nda baz\u0131 eksiler de vard\u0131 ku\u015fkusuz.<\/p>\n<p style=\"text-align: justify\">Berzani\u2019nin \u201cT\u00fcrk-K\u00fcrd karde\u015fli\u011fine\u201d vurgu yaparken ve bar\u0131\u015ftan s\u00f6z ederken, \u2018e\u015fit ko\u015fullarda bar\u0131\u015f ve ulusal talepleri kar\u015f\u0131lanm\u0131\u015f bir karde\u015flikten\u2019 s\u00f6z etmemi\u015f olmas\u0131 b\u00fcy\u00fck bir eksikliktir ve ele\u015ftiriyi hak ediyor. Ama bunun d\u0131\u015f\u0131nda yap\u0131lan ele\u015ftiriler art niyetlidir ve ger\u00e7eklikle de \u00f6rt\u00fc\u015fm\u00fcyor.<\/p>\n<p style=\"text-align: justify\">Berzani\u2019nin Cizre ziyaretinin bir\u00e7ok art\u0131s\u0131 yan\u0131nda en \u00f6nemli etkisi ve kazan\u0131m\u0131 ise, K\u00fcrdlerin ulusal bilincinin uyanmas\u0131, harekete ge\u00e7mesi ve Apocular\u0131n K\u00fcrdler \u00fczerindeki d\u00fc\u015f\u00fcnce zincirlerini k\u0131rmas\u0131d\u0131r. Bu uyan\u0131\u015fa \u00f6nc\u00fcl\u00fck edenler, ba\u011f\u0131ms\u0131zl\u0131k m\u00fccadelesinin de ger\u00e7ek akt\u00f6rleri olacaklar\u0131n\u0131 kan\u0131tlam\u0131\u015f oldular.<\/p>\n<p style=\"text-align: justify\">Sonu\u00e7 Olarak;<\/p>\n<p style=\"text-align: justify\">PKK-Devlet aras\u0131nda \u00e7at\u0131\u015fmalar\u0131n bitmesi olumludur ve desteklenmelidir. Bu destek sadece sava\u015f\u0131n bitmesine y\u00f6nelik olmal\u0131d\u0131r; y\u00fcklenen anlama de\u011fil. \u00c7\u00fcnk\u00fc PKK\u2019nin sava\u015f\u0131 gerektiren hi\u00e7bir ulusal talebi yoktur. Bu kirli sava\u015f sadece sistem i\u00e7i kavgada Kemalistlere yar\u0131yor ve kan-rant kayg\u0131s\u0131 ta\u015f\u0131yanlar\u0131 besliyor; Kemalist Sol ve HDP i\u00e7indeki Kemalist g\u00f6revliler sinsice bu sava\u015f\u0131n k\u0131\u015fk\u0131rt\u0131c\u0131l\u0131\u011f\u0131n\u0131 yap\u0131yorlar.<\/p>\n<p style=\"text-align: justify\">PKK-Devlet anla\u015fmas\u0131, K\u00fcrd \/K\u00fcrdistan Sorunu\u2019nu \u00e7\u00f6zmez; sadece bu yolda verilecek m\u00fccadelede daha sa\u011fl\u0131kl\u0131 bir zemin haz\u0131rlar. Ayn\u0131 \u015fekilde silahlar\u0131n susmas\u0131 \u201cbar\u0131\u015f\u201d de\u011fildir. Bar\u0131\u015f, sava\u015fa neden olan i\u015fgal ko\u015fullar\u0131n\u0131n sona ermesiyle olanakl\u0131 olur&#8230;<\/p>\n<p style=\"text-align: justify\">Tayyip Erdo\u011fan\u2019\u0131 ele\u015ftirirken nas\u0131l ki alternatifi Kemalizm\/Militarizm de\u011filse; Berzani\u2019yi ele\u015ftirirken de alternatifi \u00d6calan ve avanesi de\u011fildir\/olamaz.<\/p>\n<p style=\"text-align: justify\">K\u00fcrdistan d\u00fcnyadan soyut bir \u00fclke de\u011fildir ve d\u00fcnya ger\u00e7ekli\u011fiyle hareket etmek zorundad\u0131r. \u00c7\u00fcnk\u00fc d\u00fcnya devletlerini yok sayan hi\u00e7bir halk-millet hi\u00e7bir hak elde etmemi\u015f; edemez de. \u00d6calan ve avanesi b\u00fcy\u00fck devletlerin \u201cter\u00f6r listesinden\u201d \u00e7\u0131kmak i\u00e7in \u00e7abalarken, yalvar\u0131rken; Berzani d\u00fcnya devletleri nezdinde b\u00fcy\u00fck bir sayg\u0131nl\u0131\u011fa ve s\u00f6z hakk\u0131na sahiptir&#8230;<\/p>\n<p style=\"text-align: justify\">\u201c\u00d6zg\u00fcrle\u015fen Rojava\u201d bir uydurmad\u0131r; PYD eski rejimde oldu\u011fu gibi yeni rejimde de K\u00fcrdleri kontrol etmeyi ama\u00e7lamaktad\u0131r. (daha geni\u015f bilgi i\u00e7in t\u0131klay\u0131n:<a href=\"https:\/\/darkamazi.site\/archives\/1034796\">https:\/\/darkamazi.site\/archives\/1034796<\/a>\u00a0 \u00a0)<\/p>\n<p style=\"text-align: justify\">Bu basit ama hayati ger\u00e7ekleri dikkate almayanlar sa\u011fl\u0131kl\u0131 de\u011ferlendirme yapamazlar. Devletin akl\u0131yla ve g\u00f6sterdi\u011fi y\u00f6ntemle d\u00fc\u015f\u00fcnenler, ele\u015ftiri yapanlar, bilerek veya bilmeyerek K\u00fcrdlerin ulusal haklar\u0131na ve bu haklar\u0131n ta\u015f\u0131y\u0131c\u0131lar\u0131na sald\u0131r\u0131rken, ayn\u0131 zamanda devletin kirli oyunlar\u0131n\u0131 ve kirli oyuncular\u0131n\u0131 da aklamaktad\u0131rlar&#8230;<\/p>\n<p style=\"text-align: justify\">S\u00fcleyman Akkoyun<\/p>\n","protected":false},"excerpt":{"rendered":"<p>K\u00fcrd politik \u00e7evrelerinin en b\u00fcy\u00fck sorunlar\u0131ndan biri de, do\u011fru d\u00fc\u015f\u00fcnmenin yollar\u0131na yabanc\u0131 olu\u015flar\u0131d\u0131r. Do\u011fru d\u00fc\u015f\u00fcnemeyen insanlar\u0131n sa\u011fl\u0131kl\u0131 d\u00fc\u015f\u00fcnmesi ve do\u011fru tahliller yapmas\u0131 olanakl\u0131 de\u011fildir. K\u00fcrd politik ve okur-yazar \u00e7evrelerindeki bu hayati bo\u015flu\u011fu da her zaman tetikte bekleyen devlet\u00e7iler dolduruyor ne yaz\u0131k ki. Devlet\/devlet\u00e7iler, klasik mant\u0131\u011f\u0131n bilinen k\u0131s\u0131r y\u00f6nteminin kendilerine sa\u011flad\u0131\u011f\u0131 yarar\u0131 bildikleri i\u00e7in her olayda [&hellip;]<\/p>\n","protected":false},"author":2,"featured_media":1035993,"comment_status":"closed","ping_status":"closed","sticky":false,"template":"","format":"standard","meta":{"footnotes":""},"categories":[1],"tags":[31],"class_list":["post-1035992","post","type-post","status-publish","format-standard","has-post-thumbnail","hentry","category-uncategory","tag-onemli"],"blocksy_meta":[],"seo_head":"<!-- This site is optimized with the Yoast SEO plugin v27.5 - https:\/\/yoast.com\/product\/yoast-seo-wordpress\/ -->\n<title>Berzani\u2019nin Cizre Ziyareti Ve Yans\u0131malar\u0131 \u00dczerine - Darka Mazi<\/title>\n<meta name=\"robots\" content=\"index, follow, max-snippet:-1, max-image-preview:large, max-video-preview:-1\" \/>\n<link rel=\"canonical\" href=\"https:\/\/darkamazi.site\/archives\/1035992\" \/>\n<meta property=\"og:locale\" content=\"en_US\" \/>\n<meta property=\"og:type\" content=\"article\" \/>\n<meta property=\"og:title\" content=\"Berzani\u2019nin Cizre Ziyareti Ve Yans\u0131malar\u0131 \u00dczerine - Darka Mazi\" \/>\n<meta property=\"og:description\" content=\"K\u00fcrd politik \u00e7evrelerinin en b\u00fcy\u00fck sorunlar\u0131ndan biri de, do\u011fru d\u00fc\u015f\u00fcnmenin yollar\u0131na yabanc\u0131 olu\u015flar\u0131d\u0131r. Do\u011fru d\u00fc\u015f\u00fcnemeyen insanlar\u0131n sa\u011fl\u0131kl\u0131 d\u00fc\u015f\u00fcnmesi ve do\u011fru tahliller yapmas\u0131 olanakl\u0131 de\u011fildir. K\u00fcrd politik ve okur-yazar \u00e7evrelerindeki bu hayati bo\u015flu\u011fu da her zaman tetikte bekleyen devlet\u00e7iler dolduruyor ne yaz\u0131k ki. Devlet\/devlet\u00e7iler, klasik mant\u0131\u011f\u0131n bilinen k\u0131s\u0131r y\u00f6nteminin kendilerine sa\u011flad\u0131\u011f\u0131 yarar\u0131 bildikleri i\u00e7in her olayda [&hellip;]\" \/>\n<meta property=\"og:url\" content=\"https:\/\/darkamazi.site\/archives\/1035992\" \/>\n<meta property=\"og:site_name\" content=\"Darka Mazi\" \/>\n<meta property=\"article:publisher\" content=\"https:\/\/www.facebook.com\/DarkaMaziturkce\" \/>\n<meta property=\"article:published_time\" content=\"2025-12-20T11:47:22+00:00\" \/>\n<meta property=\"article:modified_time\" content=\"2025-12-20T11:49:19+00:00\" \/>\n<meta property=\"og:image\" content=\"https:\/\/darkamazi.site\/file\/2025\/12\/Suleyman-Akkoyun-1.jpg\" \/>\n\t<meta property=\"og:image:width\" content=\"900\" \/>\n\t<meta property=\"og:image:height\" content=\"497\" \/>\n\t<meta property=\"og:image:type\" content=\"image\/jpeg\" \/>\n<meta name=\"author\" content=\"darka mazi\" \/>\n<meta name=\"twitter:card\" content=\"summary_large_image\" \/>\n<meta name=\"twitter:creator\" content=\"@DarkaMaziTurkce\" \/>\n<meta name=\"twitter:site\" content=\"@DarkaMaziTurkce\" \/>\n<meta name=\"twitter:label1\" content=\"Written by\" \/>\n\t<meta name=\"twitter:data1\" content=\"darka mazi\" \/>\n\t<meta name=\"twitter:label2\" content=\"Est. reading time\" \/>\n\t<meta name=\"twitter:data2\" content=\"8 minutes\" \/>\n<script type=\"application\/ld+json\" class=\"seo-schema-graph\">{\"@context\":\"https:\\\/\\\/schema.org\",\"@graph\":[{\"@type\":\"NewsArticle\",\"@id\":\"https:\\\/\\\/darkamazi.site\\\/archives\\\/1035992#article\",\"isPartOf\":{\"@id\":\"https:\\\/\\\/darkamazi.site\\\/archives\\\/1035992\"},\"author\":{\"name\":\"darka mazi\",\"@id\":\"https:\\\/\\\/darkamazi.site\\\/#\\\/schema\\\/person\\\/67986a95ac546c16760365877ef4a9d3\"},\"headline\":\"Berzani\u2019nin Cizre Ziyareti Ve Yans\u0131malar\u0131 \u00dczerine\",\"datePublished\":\"2025-12-20T11:47:22+00:00\",\"dateModified\":\"2025-12-20T11:49:19+00:00\",\"mainEntityOfPage\":{\"@id\":\"https:\\\/\\\/darkamazi.site\\\/archives\\\/1035992\"},\"wordCount\":2691,\"publisher\":{\"@id\":\"https:\\\/\\\/darkamazi.site\\\/#organization\"},\"image\":{\"@id\":\"https:\\\/\\\/darkamazi.site\\\/archives\\\/1035992#primaryimage\"},\"thumbnailUrl\":\"https:\\\/\\\/darkamazi.site\\\/darka-content\\\/uploads\\\/2025\\\/12\\\/Suleyman-Akkoyun-1.jpg\",\"keywords\":[\"\u00f6nemli\"],\"articleSection\":[\"uncategory\"],\"inLanguage\":\"en-US\"},{\"@type\":\"WebPage\",\"@id\":\"https:\\\/\\\/darkamazi.site\\\/archives\\\/1035992\",\"url\":\"https:\\\/\\\/darkamazi.site\\\/archives\\\/1035992\",\"name\":\"Berzani\u2019nin Cizre Ziyareti Ve Yans\u0131malar\u0131 \u00dczerine - Darka Mazi\",\"isPartOf\":{\"@id\":\"https:\\\/\\\/darkamazi.site\\\/#website\"},\"primaryImageOfPage\":{\"@id\":\"https:\\\/\\\/darkamazi.site\\\/archives\\\/1035992#primaryimage\"},\"image\":{\"@id\":\"https:\\\/\\\/darkamazi.site\\\/archives\\\/1035992#primaryimage\"},\"thumbnailUrl\":\"https:\\\/\\\/darkamazi.site\\\/darka-content\\\/uploads\\\/2025\\\/12\\\/Suleyman-Akkoyun-1.jpg\",\"datePublished\":\"2025-12-20T11:47:22+00:00\",\"dateModified\":\"2025-12-20T11:49:19+00:00\",\"breadcrumb\":{\"@id\":\"https:\\\/\\\/darkamazi.site\\\/archives\\\/1035992#breadcrumb\"},\"inLanguage\":\"en-US\",\"potentialAction\":[{\"@type\":\"ReadAction\",\"target\":[\"https:\\\/\\\/darkamazi.site\\\/archives\\\/1035992\"]}]},{\"@type\":\"ImageObject\",\"inLanguage\":\"en-US\",\"@id\":\"https:\\\/\\\/darkamazi.site\\\/archives\\\/1035992#primaryimage\",\"url\":\"https:\\\/\\\/darkamazi.site\\\/darka-content\\\/uploads\\\/2025\\\/12\\\/Suleyman-Akkoyun-1.jpg\",\"contentUrl\":\"https:\\\/\\\/darkamazi.site\\\/darka-content\\\/uploads\\\/2025\\\/12\\\/Suleyman-Akkoyun-1.jpg\",\"width\":900,\"height\":497,\"caption\":\"Berzani\u2019nin Cizre Ziyareti Ve Yans\u0131malar\u0131 \u00dczerine\"},{\"@type\":\"BreadcrumbList\",\"@id\":\"https:\\\/\\\/darkamazi.site\\\/archives\\\/1035992#breadcrumb\",\"itemListElement\":[{\"@type\":\"ListItem\",\"position\":1,\"name\":\"Home\",\"item\":\"https:\\\/\\\/darkamazi.site\\\/\"},{\"@type\":\"ListItem\",\"position\":2,\"name\":\"Berzani\u2019nin Cizre Ziyareti Ve Yans\u0131malar\u0131 \u00dczerine\"}]},{\"@type\":\"WebSite\",\"@id\":\"https:\\\/\\\/darkamazi.site\\\/#website\",\"url\":\"https:\\\/\\\/darkamazi.site\\\/\",\"name\":\"Darka Mazi\",\"description\":\"Ana Sayfa\",\"publisher\":{\"@id\":\"https:\\\/\\\/darkamazi.site\\\/#organization\"},\"potentialAction\":[{\"@type\":\"SearchAction\",\"target\":{\"@type\":\"EntryPoint\",\"urlTemplate\":\"https:\\\/\\\/darkamazi.site\\\/?s={search_term_string}\"},\"query-input\":{\"@type\":\"PropertyValueSpecification\",\"valueRequired\":true,\"valueName\":\"search_term_string\"}}],\"inLanguage\":\"en-US\"},{\"@type\":\"Organization\",\"@id\":\"https:\\\/\\\/darkamazi.site\\\/#organization\",\"name\":\"Darka Mazi T\u00fcrk\u00e7e\",\"alternateName\":\"Darka Mazi\",\"url\":\"https:\\\/\\\/darkamazi.site\\\/\",\"logo\":{\"@type\":\"ImageObject\",\"inLanguage\":\"en-US\",\"@id\":\"https:\\\/\\\/darkamazi.site\\\/#\\\/schema\\\/logo\\\/image\\\/\",\"url\":\"https:\\\/\\\/darkamazi.site\\\/darka-content\\\/uploads\\\/2017\\\/12\\\/darka-mazi-logo.png\",\"contentUrl\":\"https:\\\/\\\/darkamazi.site\\\/darka-content\\\/uploads\\\/2017\\\/12\\\/darka-mazi-logo.png\",\"width\":151,\"height\":75,\"caption\":\"Darka Mazi T\u00fcrk\u00e7e\"},\"image\":{\"@id\":\"https:\\\/\\\/darkamazi.site\\\/#\\\/schema\\\/logo\\\/image\\\/\"},\"sameAs\":[\"https:\\\/\\\/www.facebook.com\\\/DarkaMaziturkce\",\"https:\\\/\\\/x.com\\\/DarkaMaziTurkce\"]},{\"@type\":\"Person\",\"@id\":\"https:\\\/\\\/darkamazi.site\\\/#\\\/schema\\\/person\\\/67986a95ac546c16760365877ef4a9d3\",\"name\":\"darka mazi\",\"sameAs\":[\"https:\\\/\\\/darkamazi.site\"],\"url\":\"https:\\\/\\\/darkamazi.site\\\/archives\\\/author\\\/turkish\"}]}<\/script>\n<!-- \/ Yoast SEO plugin. -->","seo_head_json":{"title":"Berzani\u2019nin Cizre Ziyareti Ve Yans\u0131malar\u0131 \u00dczerine - Darka Mazi","robots":{"index":"index","follow":"follow","max-snippet":"max-snippet:-1","max-image-preview":"max-image-preview:large","max-video-preview":"max-video-preview:-1"},"canonical":"https:\/\/darkamazi.site\/archives\/1035992","og_locale":"en_US","og_type":"article","og_title":"Berzani\u2019nin Cizre Ziyareti Ve Yans\u0131malar\u0131 \u00dczerine - Darka Mazi","og_description":"K\u00fcrd politik \u00e7evrelerinin en b\u00fcy\u00fck sorunlar\u0131ndan biri de, do\u011fru d\u00fc\u015f\u00fcnmenin yollar\u0131na yabanc\u0131 olu\u015flar\u0131d\u0131r. Do\u011fru d\u00fc\u015f\u00fcnemeyen insanlar\u0131n sa\u011fl\u0131kl\u0131 d\u00fc\u015f\u00fcnmesi ve do\u011fru tahliller yapmas\u0131 olanakl\u0131 de\u011fildir. K\u00fcrd politik ve okur-yazar \u00e7evrelerindeki bu hayati bo\u015flu\u011fu da her zaman tetikte bekleyen devlet\u00e7iler dolduruyor ne yaz\u0131k ki. Devlet\/devlet\u00e7iler, klasik mant\u0131\u011f\u0131n bilinen k\u0131s\u0131r y\u00f6nteminin kendilerine sa\u011flad\u0131\u011f\u0131 yarar\u0131 bildikleri i\u00e7in her olayda [&hellip;]","og_url":"https:\/\/darkamazi.site\/archives\/1035992","og_site_name":"Darka Mazi","article_publisher":"https:\/\/www.facebook.com\/DarkaMaziturkce","article_published_time":"2025-12-20T11:47:22+00:00","article_modified_time":"2025-12-20T11:49:19+00:00","og_image":[{"width":900,"height":497,"url":"https:\/\/darkamazi.site\/file\/2025\/12\/Suleyman-Akkoyun-1.jpg","type":"image\/jpeg"}],"author":"darka mazi","twitter_card":"summary_large_image","twitter_creator":"@DarkaMaziTurkce","twitter_site":"@DarkaMaziTurkce","twitter_misc":{"Written by":"darka mazi","Est. reading time":"8 minutes"},"schema":{"@context":"https:\/\/schema.org","@graph":[{"@type":"NewsArticle","@id":"https:\/\/darkamazi.site\/archives\/1035992#article","isPartOf":{"@id":"https:\/\/darkamazi.site\/archives\/1035992"},"author":{"name":"darka mazi","@id":"https:\/\/darkamazi.site\/#\/schema\/person\/67986a95ac546c16760365877ef4a9d3"},"headline":"Berzani\u2019nin Cizre Ziyareti Ve Yans\u0131malar\u0131 \u00dczerine","datePublished":"2025-12-20T11:47:22+00:00","dateModified":"2025-12-20T11:49:19+00:00","mainEntityOfPage":{"@id":"https:\/\/darkamazi.site\/archives\/1035992"},"wordCount":2691,"publisher":{"@id":"https:\/\/darkamazi.site\/#organization"},"image":{"@id":"https:\/\/darkamazi.site\/archives\/1035992#primaryimage"},"thumbnailUrl":"https:\/\/darkamazi.site\/file\/2025\/12\/Suleyman-Akkoyun-1.jpg","keywords":["\u00f6nemli"],"articleSection":["uncategory"],"inLanguage":"en-US"},{"@type":"WebPage","@id":"https:\/\/darkamazi.site\/archives\/1035992","url":"https:\/\/darkamazi.site\/archives\/1035992","name":"Berzani\u2019nin Cizre Ziyareti Ve Yans\u0131malar\u0131 \u00dczerine - Darka Mazi","isPartOf":{"@id":"https:\/\/darkamazi.site\/#website"},"primaryImageOfPage":{"@id":"https:\/\/darkamazi.site\/archives\/1035992#primaryimage"},"image":{"@id":"https:\/\/darkamazi.site\/archives\/1035992#primaryimage"},"thumbnailUrl":"https:\/\/darkamazi.site\/file\/2025\/12\/Suleyman-Akkoyun-1.jpg","datePublished":"2025-12-20T11:47:22+00:00","dateModified":"2025-12-20T11:49:19+00:00","breadcrumb":{"@id":"https:\/\/darkamazi.site\/archives\/1035992#breadcrumb"},"inLanguage":"en-US","potentialAction":[{"@type":"ReadAction","target":["https:\/\/darkamazi.site\/archives\/1035992"]}]},{"@type":"ImageObject","inLanguage":"en-US","@id":"https:\/\/darkamazi.site\/archives\/1035992#primaryimage","url":"https:\/\/darkamazi.site\/file\/2025\/12\/Suleyman-Akkoyun-1.jpg","contentUrl":"https:\/\/darkamazi.site\/file\/2025\/12\/Suleyman-Akkoyun-1.jpg","width":900,"height":497,"caption":"Berzani\u2019nin Cizre Ziyareti Ve Yans\u0131malar\u0131 \u00dczerine"},{"@type":"BreadcrumbList","@id":"https:\/\/darkamazi.site\/archives\/1035992#breadcrumb","itemListElement":[{"@type":"ListItem","position":1,"name":"Home","item":"https:\/\/darkamazi.site\/"},{"@type":"ListItem","position":2,"name":"Berzani\u2019nin Cizre Ziyareti Ve Yans\u0131malar\u0131 \u00dczerine"}]},{"@type":"WebSite","@id":"https:\/\/darkamazi.site\/#website","url":"https:\/\/darkamazi.site\/","name":"Darka Mazi","description":"Ana Sayfa","publisher":{"@id":"https:\/\/darkamazi.site\/#organization"},"potentialAction":[{"@type":"SearchAction","target":{"@type":"EntryPoint","urlTemplate":"https:\/\/darkamazi.site\/?s={search_term_string}"},"query-input":{"@type":"PropertyValueSpecification","valueRequired":true,"valueName":"search_term_string"}}],"inLanguage":"en-US"},{"@type":"Organization","@id":"https:\/\/darkamazi.site\/#organization","name":"Darka Mazi T\u00fcrk\u00e7e","alternateName":"Darka Mazi","url":"https:\/\/darkamazi.site\/","logo":{"@type":"ImageObject","inLanguage":"en-US","@id":"https:\/\/darkamazi.site\/#\/schema\/logo\/image\/","url":"https:\/\/darkamazi.site\/file\/2017\/12\/darka-mazi-logo.png","contentUrl":"https:\/\/darkamazi.site\/file\/2017\/12\/darka-mazi-logo.png","width":151,"height":75,"caption":"Darka Mazi T\u00fcrk\u00e7e"},"image":{"@id":"https:\/\/darkamazi.site\/#\/schema\/logo\/image\/"},"sameAs":["https:\/\/www.facebook.com\/DarkaMaziturkce","https:\/\/x.com\/DarkaMaziTurkce"]},{"@type":"Person","@id":"https:\/\/darkamazi.site\/#\/schema\/person\/67986a95ac546c16760365877ef4a9d3","name":"darka mazi","sameAs":["https:\/\/darkamazi.site"],"url":"https:\/\/darkamazi.site\/archives\/author\/turkish"}]}},"_links":{"self":[{"href":"https:\/\/darkamazi.site\/funavuv\/wp\/v2\/posts\/1035992","targetHints":{"allow":["GET"]}}],"collection":[{"href":"https:\/\/darkamazi.site\/funavuv\/wp\/v2\/posts"}],"about":[{"href":"https:\/\/darkamazi.site\/funavuv\/wp\/v2\/types\/post"}],"author":[{"embeddable":true,"href":"https:\/\/darkamazi.site\/funavuv\/wp\/v2\/users\/2"}],"replies":[{"embeddable":true,"href":"https:\/\/darkamazi.site\/funavuv\/wp\/v2\/comments?post=1035992"}],"version-history":[{"count":0,"href":"https:\/\/darkamazi.site\/funavuv\/wp\/v2\/posts\/1035992\/revisions"}],"wp:featuredmedia":[{"embeddable":true,"href":"https:\/\/darkamazi.site\/funavuv\/wp\/v2\/media\/1035993"}],"wp:attachment":[{"href":"https:\/\/darkamazi.site\/funavuv\/wp\/v2\/media?parent=1035992"}],"wp:term":[{"taxonomy":"category","embeddable":true,"href":"https:\/\/darkamazi.site\/funavuv\/wp\/v2\/categories?post=1035992"},{"taxonomy":"post_tag","embeddable":true,"href":"https:\/\/darkamazi.site\/funavuv\/wp\/v2\/tags?post=1035992"}],"curies":[{"name":"wp","href":"https:\/\/api.w.org\/{rel}","templated":true}]}}