{"id":1035997,"date":"2025-12-20T17:45:48","date_gmt":"2025-12-20T14:45:48","guid":{"rendered":"https:\/\/darkamazi.site\/?p=1035997"},"modified":"2025-12-20T17:45:48","modified_gmt":"2025-12-20T14:45:48","slug":"ne-leyla-zana-bir-sahistir-ne-hakaret-edenler-taraftardir-mesele-kurt-dusmanligidir","status":"publish","type":"post","link":"https:\/\/darkamazi.site\/archives\/1035997","title":{"rendered":"Ne Leyla Zana bir \u015fah\u0131st\u0131r ne hakaret edenler taraftard\u0131r;\u00a0 mesele K\u00fcrt d\u00fc\u015fmanl\u0131\u011f\u0131d\u0131r\u2026"},"content":{"rendered":"<p>Bir anl\u0131k \u00f6fke de\u011fil\u2026<\/p>\n<p>Bir gurubun ta\u015fk\u0131nl\u0131\u011f\u0131 hi\u00e7 de\u011fil\u2026<\/p>\n<p>Bursaspor- Somaspor ma\u00e7\u0131nda t\u00fcrbinlerde Leyla Zana\u2019ya al\u00e7ak\u00e7a k\u00fcf\u00fcrler ve hakaretlerle tezah\u00fcratta bulundu. Olaydan sonra AKP i\u00e7indeki K\u00fcrt milletvekillerinden tutun MHP\u2019li vekillere kadar herkes olay\u0131 k\u0131nad\u0131. Hatta T\u00fcrk siyasetinin Milliyet\u00e7i isimlerinden Meral Ak\u015fener Leyla Zana\u2019y\u0131 aray\u0131p \u201conu destekledi\u011fini\u201d s\u00f6yledi\u2026<\/p>\n<p>Oysa bu dil yeni de\u011fildi\u2026<\/p>\n<p>Bu zihniyette yeni de\u011fildi\u2026<\/p>\n<p>Ve bu olay Leyla Zana meselesi hi\u00e7 de\u011fildi\u2026<\/p>\n<p>O k\u00fcf\u00fcrler K\u00fcrtlerin \u00f6z kimli\u011fine yap\u0131lm\u0131\u015ft\u0131\u2026<\/p>\n<p>Leyla Zana ismi burada bir sembold\u00fcr. O T\u00fcrkiye meclisinde K\u00fcrt\u00e7e yemin eden Leyla Zana\u2019d\u0131r K\u00fcrt olman\u0131n, K\u00fcrt\u00e7e konu\u015fman\u0131n, K\u00fcrt kimli\u011fiyle siyaset yapman\u0131n sembol\u00fcd\u00fcr.\u00a0 \u00a0K\u00fcrtlerin Bunun i\u00e7in onun \u015fahs\u0131nda K\u00fcrtlere mesaj verilmi\u015ftir.<\/p>\n<p>Ve bu zihniyet bir gurup taraftar\u0131n zihniyeti veya \u00e7\u00f6z\u00fcm s\u00fcrecine kar\u015f\u0131 olan bir partinin siyasal gurubun zihniyeti tek de\u011fildir. T\u00fcrkiye Cumhuriyeti\u2019nin K\u00fcrtlere kar\u015f\u0131 uygulad\u0131\u011f\u0131 100 y\u0131ll\u0131k siyasetin zihniyetidir.<\/p>\n<p>\u015eimdi Leyla Zana\u2019ya yap\u0131lan k\u00fcf\u00fcrleri k\u0131nayan T\u00fcrk siyaset\u00e7iler e\u011fer \u00e7\u00f6z\u00fcm s\u00fcreci denen s\u00fcre\u00e7 olmasa belki hi\u00e7 seslerini de etmeyeceklerdi. \u00c7\u00fcnk\u00fc hi\u00e7bir zaman K\u00fcrtlerin \u00f6l\u00fcm\u00fcne kar\u015f\u0131 \u00e7\u0131kmad\u0131lar. \u00a0Dersim\u2019i soy k\u0131r\u0131m olarak g\u00f6rmeyen, T\u00fcrkiye\u2019de ki milyonlarca K\u00fcrd\u00fcn varl\u0131\u011f\u0131n\u0131n anayasaya ge\u00e7mesini kabul etmeyen, K\u00fcrt\u00e7e Ana dil hakk\u0131n\u0131 resmi olarak tan\u0131mayan her siyaset\u00e7i ve siyasi hareket Bursa Spor taraftarlar\u0131 ile ayn\u0131 kulvardad\u0131r.<\/p>\n<p>O taraftarlar de\u011fil K\u00fcrtleri yok sayan zihniyet sorumludur.<\/p>\n<p>Maalesef ki baz\u0131 K\u00fcrtler olay\u0131 \u00e7\u00f6z\u00fcm s\u00fcreci i\u00e7in yumu\u015fatmaya \u00e7al\u0131\u015f\u0131p t\u0131pk\u0131 T\u00fcrk siyaset\u00e7iler gibi olay\u0131n ger\u00e7e\u011fini ortaya koymad\u0131lar.<\/p>\n<p>\u00d6rne\u011fin, Kuzey K\u00fcrdistan\u2019da K\u00fcrtlerin temsilcisi oldu\u011funu s\u00f6yleyen DEM Parti a\u00e7\u0131klama yapt\u0131 ama \u201cBu K\u00fcrtlere yap\u0131lm\u0131\u015f bir sald\u0131r\u0131d\u0131r\u201d diyemedi. K\u00fcrt kelimesini kullanmad\u0131 bile.<\/p>\n<p>Yine, PKK\u2019nin kad\u0131n hareketi KJB bir a\u00e7\u0131klama yaparak o hakareti i \u201ckad\u0131nlara yap\u0131lm\u0131\u015f, cinsiyet\u00e7i\u201d s\u00f6ylem olarak de\u011ferlendirdi. Yine onlara ba\u011fl\u0131 kad\u0131n hareketleri de benzer a\u00e7\u0131klamalar yapt\u0131lar. \u00a0Meseleyi, Feminizme getirmeye \u00e7al\u0131\u015ft\u0131lar.<\/p>\n<p>Hay\u0131r olay ne kad\u0131n meselesidir ne de spor meselesidir: Olay tamamen K\u00fcrt meselesidir\u2026<\/p>\n<p>23 Ekim\u2019de K\u00fcrt futbolcum Deniz Undav\u2019a da Fenerbah\u00e7e taraftarlar\u0131 hakaretler etti. Sadece K\u00fcrt oldu\u011fu i\u00e7in. O zaman da DEM Parti sessiz kald\u0131. E\u011fer o zaman bu K\u00fcrtlere yap\u0131lm\u0131\u015f bir hakarettir diyerek sesini y\u00fckseltse ve hak arasa T\u00fcrk devleti korkacakt\u0131. Leyla Zana\u2019ya hakaret olmayacakt\u0131.<\/p>\n<p>E\u011fer Leyla Zana\u2019ya yap\u0131lan hakarete K\u00fcrt meselesidir diyerek kar\u015f\u0131 koymaz ve siyasilerden hesap aramazsa DEM Parti yar\u0131n ba\u015fka K\u00fcrtler i\u00e7in de hesap arayamaz. S\u00fcre\u00e7 bozulmas\u0131n diye yumu\u015fak tutum al\u0131namaz. Bunun i\u00e7in a\u00e7\u0131ktan K\u00fcrtlere yap\u0131lan ayr\u0131mc\u0131l\u0131k ortaya konmal\u0131d\u0131r.<\/p>\n<p>Ve elbette ki hukuku yollar da kullan\u0131lmal\u0131d\u0131r. K\u00fcrtler F\u0130FA\u2019ya ba\u015fvurup bu \u201c\u0131rk\u00e7\u0131 ve K\u00fcrt kar\u015f\u0131t\u0131\u201d s\u00f6ylemlerin cezaland\u0131r\u0131lmas\u0131n\u0131 istemelidir. Bursa Spor\u2019un sponsoru olan Uluda\u011f \u015firketinin \u00fcr\u00fcnleri boykot edilmelidir. Fakat bunlar i\u015fin esas aya\u011f\u0131 de\u011fildir. Size K\u00fcrt olarak sald\u0131r\u0131lm\u0131\u015fsa sizde kendinizi K\u00fcrt olarak savunmal\u0131s\u0131n\u0131z.<\/p>\n<p>Bunun i\u00e7in Leyla Zana\u2019ya ( t\u00fcm ele\u015ftirilerimizin yan\u0131nda) elbette sahip \u00e7\u0131kaca\u011f\u0131z, \u00fcstelik K\u00fcrt olarak sahip \u00e7\u0131kaca\u011f\u0131z.<\/p>\n","protected":false},"excerpt":{"rendered":"<p>Bir anl\u0131k \u00f6fke de\u011fil\u2026 Bir gurubun ta\u015fk\u0131nl\u0131\u011f\u0131 hi\u00e7 de\u011fil\u2026 Bursaspor- Somaspor ma\u00e7\u0131nda t\u00fcrbinlerde Leyla Zana\u2019ya al\u00e7ak\u00e7a k\u00fcf\u00fcrler ve hakaretlerle tezah\u00fcratta bulundu. Olaydan sonra AKP i\u00e7indeki K\u00fcrt milletvekillerinden tutun MHP\u2019li vekillere kadar herkes olay\u0131 k\u0131nad\u0131. Hatta T\u00fcrk siyasetinin Milliyet\u00e7i isimlerinden Meral Ak\u015fener Leyla Zana\u2019y\u0131 aray\u0131p \u201conu destekledi\u011fini\u201d s\u00f6yledi\u2026 Oysa bu dil yeni de\u011fildi\u2026 Bu zihniyette yeni [&hellip;]<\/p>\n","protected":false},"author":2,"featured_media":1035998,"comment_status":"closed","ping_status":"closed","sticky":false,"template":"","format":"standard","meta":{"footnotes":""},"categories":[7],"tags":[31],"class_list":["post-1035997","post","type-post","status-publish","format-standard","has-post-thumbnail","hentry","category-editorden","tag-onemli"],"blocksy_meta":[],"seo_head":"<!-- This site is optimized with the Yoast SEO plugin v27.5 - https:\/\/yoast.com\/product\/yoast-seo-wordpress\/ -->\n<title>Ne Leyla Zana bir \u015fah\u0131st\u0131r ne hakaret edenler taraftard\u0131r;\u00a0 mesele K\u00fcrt d\u00fc\u015fmanl\u0131\u011f\u0131d\u0131r\u2026 - Darka Mazi<\/title>\n<meta name=\"robots\" content=\"index, follow, max-snippet:-1, max-image-preview:large, max-video-preview:-1\" \/>\n<link rel=\"canonical\" href=\"https:\/\/darkamazi.site\/archives\/1035997\" \/>\n<meta property=\"og:locale\" content=\"en_US\" \/>\n<meta property=\"og:type\" content=\"article\" \/>\n<meta property=\"og:title\" content=\"Ne Leyla Zana bir \u015fah\u0131st\u0131r ne hakaret edenler taraftard\u0131r;\u00a0 mesele K\u00fcrt d\u00fc\u015fmanl\u0131\u011f\u0131d\u0131r\u2026 - Darka Mazi\" \/>\n<meta property=\"og:description\" content=\"Bir anl\u0131k \u00f6fke de\u011fil\u2026 Bir gurubun ta\u015fk\u0131nl\u0131\u011f\u0131 hi\u00e7 de\u011fil\u2026 Bursaspor- Somaspor ma\u00e7\u0131nda t\u00fcrbinlerde Leyla Zana\u2019ya al\u00e7ak\u00e7a k\u00fcf\u00fcrler ve hakaretlerle tezah\u00fcratta bulundu. Olaydan sonra AKP i\u00e7indeki K\u00fcrt milletvekillerinden tutun MHP\u2019li vekillere kadar herkes olay\u0131 k\u0131nad\u0131. Hatta T\u00fcrk siyasetinin Milliyet\u00e7i isimlerinden Meral Ak\u015fener Leyla Zana\u2019y\u0131 aray\u0131p \u201conu destekledi\u011fini\u201d s\u00f6yledi\u2026 Oysa bu dil yeni de\u011fildi\u2026 Bu zihniyette yeni [&hellip;]\" \/>\n<meta property=\"og:url\" content=\"https:\/\/darkamazi.site\/archives\/1035997\" \/>\n<meta property=\"og:site_name\" content=\"Darka Mazi\" \/>\n<meta property=\"article:publisher\" content=\"https:\/\/www.facebook.com\/DarkaMaziturkce\" \/>\n<meta property=\"article:published_time\" content=\"2025-12-20T14:45:48+00:00\" \/>\n<meta property=\"og:image\" content=\"https:\/\/darkamazi.site\/file\/2025\/12\/Leyla-Zana-site.jpg\" \/>\n\t<meta property=\"og:image:width\" content=\"900\" \/>\n\t<meta property=\"og:image:height\" content=\"475\" \/>\n\t<meta property=\"og:image:type\" content=\"image\/jpeg\" \/>\n<meta name=\"author\" content=\"darka mazi\" \/>\n<meta name=\"twitter:card\" content=\"summary_large_image\" \/>\n<meta name=\"twitter:creator\" content=\"@DarkaMaziTurkce\" \/>\n<meta name=\"twitter:site\" content=\"@DarkaMaziTurkce\" \/>\n<meta name=\"twitter:label1\" content=\"Written by\" \/>\n\t<meta name=\"twitter:data1\" content=\"darka mazi\" \/>\n\t<meta name=\"twitter:label2\" content=\"Est. reading time\" \/>\n\t<meta name=\"twitter:data2\" content=\"3 minutes\" \/>\n<script type=\"application\/ld+json\" class=\"seo-schema-graph\">{\"@context\":\"https:\\\/\\\/schema.org\",\"@graph\":[{\"@type\":\"NewsArticle\",\"@id\":\"https:\\\/\\\/darkamazi.site\\\/archives\\\/1035997#article\",\"isPartOf\":{\"@id\":\"https:\\\/\\\/darkamazi.site\\\/archives\\\/1035997\"},\"author\":{\"name\":\"darka mazi\",\"@id\":\"https:\\\/\\\/darkamazi.site\\\/#\\\/schema\\\/person\\\/67986a95ac546c16760365877ef4a9d3\"},\"headline\":\"Ne Leyla Zana bir \u015fah\u0131st\u0131r ne hakaret edenler taraftard\u0131r;\u00a0 mesele K\u00fcrt d\u00fc\u015fmanl\u0131\u011f\u0131d\u0131r\u2026\",\"datePublished\":\"2025-12-20T14:45:48+00:00\",\"mainEntityOfPage\":{\"@id\":\"https:\\\/\\\/darkamazi.site\\\/archives\\\/1035997\"},\"wordCount\":641,\"publisher\":{\"@id\":\"https:\\\/\\\/darkamazi.site\\\/#organization\"},\"image\":{\"@id\":\"https:\\\/\\\/darkamazi.site\\\/archives\\\/1035997#primaryimage\"},\"thumbnailUrl\":\"https:\\\/\\\/darkamazi.site\\\/darka-content\\\/uploads\\\/2025\\\/12\\\/Leyla-Zana-site.jpg\",\"keywords\":[\"\u00f6nemli\"],\"articleSection\":[\"Edit\u00f6rden\"],\"inLanguage\":\"en-US\"},{\"@type\":\"WebPage\",\"@id\":\"https:\\\/\\\/darkamazi.site\\\/archives\\\/1035997\",\"url\":\"https:\\\/\\\/darkamazi.site\\\/archives\\\/1035997\",\"name\":\"Ne Leyla Zana bir \u015fah\u0131st\u0131r ne hakaret edenler taraftard\u0131r;\u00a0 mesele K\u00fcrt d\u00fc\u015fmanl\u0131\u011f\u0131d\u0131r\u2026 - Darka Mazi\",\"isPartOf\":{\"@id\":\"https:\\\/\\\/darkamazi.site\\\/#website\"},\"primaryImageOfPage\":{\"@id\":\"https:\\\/\\\/darkamazi.site\\\/archives\\\/1035997#primaryimage\"},\"image\":{\"@id\":\"https:\\\/\\\/darkamazi.site\\\/archives\\\/1035997#primaryimage\"},\"thumbnailUrl\":\"https:\\\/\\\/darkamazi.site\\\/darka-content\\\/uploads\\\/2025\\\/12\\\/Leyla-Zana-site.jpg\",\"datePublished\":\"2025-12-20T14:45:48+00:00\",\"breadcrumb\":{\"@id\":\"https:\\\/\\\/darkamazi.site\\\/archives\\\/1035997#breadcrumb\"},\"inLanguage\":\"en-US\",\"potentialAction\":[{\"@type\":\"ReadAction\",\"target\":[\"https:\\\/\\\/darkamazi.site\\\/archives\\\/1035997\"]}]},{\"@type\":\"ImageObject\",\"inLanguage\":\"en-US\",\"@id\":\"https:\\\/\\\/darkamazi.site\\\/archives\\\/1035997#primaryimage\",\"url\":\"https:\\\/\\\/darkamazi.site\\\/darka-content\\\/uploads\\\/2025\\\/12\\\/Leyla-Zana-site.jpg\",\"contentUrl\":\"https:\\\/\\\/darkamazi.site\\\/darka-content\\\/uploads\\\/2025\\\/12\\\/Leyla-Zana-site.jpg\",\"width\":900,\"height\":475,\"caption\":\"Ne Leyla Zana bir \u015fah\u0131st\u0131r ne hakaret edenler taraftard\u0131r;\u00a0 mesele K\u00fcrt d\u00fc\u015fmanl\u0131\u011f\u0131d\u0131r\u2026\"},{\"@type\":\"BreadcrumbList\",\"@id\":\"https:\\\/\\\/darkamazi.site\\\/archives\\\/1035997#breadcrumb\",\"itemListElement\":[{\"@type\":\"ListItem\",\"position\":1,\"name\":\"Home\",\"item\":\"https:\\\/\\\/darkamazi.site\\\/\"},{\"@type\":\"ListItem\",\"position\":2,\"name\":\"Ne Leyla Zana bir \u015fah\u0131st\u0131r ne hakaret edenler taraftard\u0131r;\u00a0 mesele K\u00fcrt d\u00fc\u015fmanl\u0131\u011f\u0131d\u0131r\u2026\"}]},{\"@type\":\"WebSite\",\"@id\":\"https:\\\/\\\/darkamazi.site\\\/#website\",\"url\":\"https:\\\/\\\/darkamazi.site\\\/\",\"name\":\"Darka Mazi\",\"description\":\"Ana Sayfa\",\"publisher\":{\"@id\":\"https:\\\/\\\/darkamazi.site\\\/#organization\"},\"potentialAction\":[{\"@type\":\"SearchAction\",\"target\":{\"@type\":\"EntryPoint\",\"urlTemplate\":\"https:\\\/\\\/darkamazi.site\\\/?s={search_term_string}\"},\"query-input\":{\"@type\":\"PropertyValueSpecification\",\"valueRequired\":true,\"valueName\":\"search_term_string\"}}],\"inLanguage\":\"en-US\"},{\"@type\":\"Organization\",\"@id\":\"https:\\\/\\\/darkamazi.site\\\/#organization\",\"name\":\"Darka Mazi T\u00fcrk\u00e7e\",\"alternateName\":\"Darka Mazi\",\"url\":\"https:\\\/\\\/darkamazi.site\\\/\",\"logo\":{\"@type\":\"ImageObject\",\"inLanguage\":\"en-US\",\"@id\":\"https:\\\/\\\/darkamazi.site\\\/#\\\/schema\\\/logo\\\/image\\\/\",\"url\":\"https:\\\/\\\/darkamazi.site\\\/darka-content\\\/uploads\\\/2017\\\/12\\\/darka-mazi-logo.png\",\"contentUrl\":\"https:\\\/\\\/darkamazi.site\\\/darka-content\\\/uploads\\\/2017\\\/12\\\/darka-mazi-logo.png\",\"width\":151,\"height\":75,\"caption\":\"Darka Mazi T\u00fcrk\u00e7e\"},\"image\":{\"@id\":\"https:\\\/\\\/darkamazi.site\\\/#\\\/schema\\\/logo\\\/image\\\/\"},\"sameAs\":[\"https:\\\/\\\/www.facebook.com\\\/DarkaMaziturkce\",\"https:\\\/\\\/x.com\\\/DarkaMaziTurkce\"]},{\"@type\":\"Person\",\"@id\":\"https:\\\/\\\/darkamazi.site\\\/#\\\/schema\\\/person\\\/67986a95ac546c16760365877ef4a9d3\",\"name\":\"darka mazi\",\"sameAs\":[\"https:\\\/\\\/darkamazi.site\"],\"url\":\"https:\\\/\\\/darkamazi.site\\\/archives\\\/author\\\/turkish\"}]}<\/script>\n<!-- \/ Yoast SEO plugin. -->","seo_head_json":{"title":"Ne Leyla Zana bir \u015fah\u0131st\u0131r ne hakaret edenler taraftard\u0131r;\u00a0 mesele K\u00fcrt d\u00fc\u015fmanl\u0131\u011f\u0131d\u0131r\u2026 - Darka Mazi","robots":{"index":"index","follow":"follow","max-snippet":"max-snippet:-1","max-image-preview":"max-image-preview:large","max-video-preview":"max-video-preview:-1"},"canonical":"https:\/\/darkamazi.site\/archives\/1035997","og_locale":"en_US","og_type":"article","og_title":"Ne Leyla Zana bir \u015fah\u0131st\u0131r ne hakaret edenler taraftard\u0131r;\u00a0 mesele K\u00fcrt d\u00fc\u015fmanl\u0131\u011f\u0131d\u0131r\u2026 - Darka Mazi","og_description":"Bir anl\u0131k \u00f6fke de\u011fil\u2026 Bir gurubun ta\u015fk\u0131nl\u0131\u011f\u0131 hi\u00e7 de\u011fil\u2026 Bursaspor- Somaspor ma\u00e7\u0131nda t\u00fcrbinlerde Leyla Zana\u2019ya al\u00e7ak\u00e7a k\u00fcf\u00fcrler ve hakaretlerle tezah\u00fcratta bulundu. Olaydan sonra AKP i\u00e7indeki K\u00fcrt milletvekillerinden tutun MHP\u2019li vekillere kadar herkes olay\u0131 k\u0131nad\u0131. Hatta T\u00fcrk siyasetinin Milliyet\u00e7i isimlerinden Meral Ak\u015fener Leyla Zana\u2019y\u0131 aray\u0131p \u201conu destekledi\u011fini\u201d s\u00f6yledi\u2026 Oysa bu dil yeni de\u011fildi\u2026 Bu zihniyette yeni [&hellip;]","og_url":"https:\/\/darkamazi.site\/archives\/1035997","og_site_name":"Darka Mazi","article_publisher":"https:\/\/www.facebook.com\/DarkaMaziturkce","article_published_time":"2025-12-20T14:45:48+00:00","og_image":[{"width":900,"height":475,"url":"https:\/\/darkamazi.site\/file\/2025\/12\/Leyla-Zana-site.jpg","type":"image\/jpeg"}],"author":"darka mazi","twitter_card":"summary_large_image","twitter_creator":"@DarkaMaziTurkce","twitter_site":"@DarkaMaziTurkce","twitter_misc":{"Written by":"darka mazi","Est. reading time":"3 minutes"},"schema":{"@context":"https:\/\/schema.org","@graph":[{"@type":"NewsArticle","@id":"https:\/\/darkamazi.site\/archives\/1035997#article","isPartOf":{"@id":"https:\/\/darkamazi.site\/archives\/1035997"},"author":{"name":"darka mazi","@id":"https:\/\/darkamazi.site\/#\/schema\/person\/67986a95ac546c16760365877ef4a9d3"},"headline":"Ne Leyla Zana bir \u015fah\u0131st\u0131r ne hakaret edenler taraftard\u0131r;\u00a0 mesele K\u00fcrt d\u00fc\u015fmanl\u0131\u011f\u0131d\u0131r\u2026","datePublished":"2025-12-20T14:45:48+00:00","mainEntityOfPage":{"@id":"https:\/\/darkamazi.site\/archives\/1035997"},"wordCount":641,"publisher":{"@id":"https:\/\/darkamazi.site\/#organization"},"image":{"@id":"https:\/\/darkamazi.site\/archives\/1035997#primaryimage"},"thumbnailUrl":"https:\/\/darkamazi.site\/file\/2025\/12\/Leyla-Zana-site.jpg","keywords":["\u00f6nemli"],"articleSection":["Edit\u00f6rden"],"inLanguage":"en-US"},{"@type":"WebPage","@id":"https:\/\/darkamazi.site\/archives\/1035997","url":"https:\/\/darkamazi.site\/archives\/1035997","name":"Ne Leyla Zana bir \u015fah\u0131st\u0131r ne hakaret edenler taraftard\u0131r;\u00a0 mesele K\u00fcrt d\u00fc\u015fmanl\u0131\u011f\u0131d\u0131r\u2026 - Darka Mazi","isPartOf":{"@id":"https:\/\/darkamazi.site\/#website"},"primaryImageOfPage":{"@id":"https:\/\/darkamazi.site\/archives\/1035997#primaryimage"},"image":{"@id":"https:\/\/darkamazi.site\/archives\/1035997#primaryimage"},"thumbnailUrl":"https:\/\/darkamazi.site\/file\/2025\/12\/Leyla-Zana-site.jpg","datePublished":"2025-12-20T14:45:48+00:00","breadcrumb":{"@id":"https:\/\/darkamazi.site\/archives\/1035997#breadcrumb"},"inLanguage":"en-US","potentialAction":[{"@type":"ReadAction","target":["https:\/\/darkamazi.site\/archives\/1035997"]}]},{"@type":"ImageObject","inLanguage":"en-US","@id":"https:\/\/darkamazi.site\/archives\/1035997#primaryimage","url":"https:\/\/darkamazi.site\/file\/2025\/12\/Leyla-Zana-site.jpg","contentUrl":"https:\/\/darkamazi.site\/file\/2025\/12\/Leyla-Zana-site.jpg","width":900,"height":475,"caption":"Ne Leyla Zana bir \u015fah\u0131st\u0131r ne hakaret edenler taraftard\u0131r;\u00a0 mesele K\u00fcrt d\u00fc\u015fmanl\u0131\u011f\u0131d\u0131r\u2026"},{"@type":"BreadcrumbList","@id":"https:\/\/darkamazi.site\/archives\/1035997#breadcrumb","itemListElement":[{"@type":"ListItem","position":1,"name":"Home","item":"https:\/\/darkamazi.site\/"},{"@type":"ListItem","position":2,"name":"Ne Leyla Zana bir \u015fah\u0131st\u0131r ne hakaret edenler taraftard\u0131r;\u00a0 mesele K\u00fcrt d\u00fc\u015fmanl\u0131\u011f\u0131d\u0131r\u2026"}]},{"@type":"WebSite","@id":"https:\/\/darkamazi.site\/#website","url":"https:\/\/darkamazi.site\/","name":"Darka Mazi","description":"Ana Sayfa","publisher":{"@id":"https:\/\/darkamazi.site\/#organization"},"potentialAction":[{"@type":"SearchAction","target":{"@type":"EntryPoint","urlTemplate":"https:\/\/darkamazi.site\/?s={search_term_string}"},"query-input":{"@type":"PropertyValueSpecification","valueRequired":true,"valueName":"search_term_string"}}],"inLanguage":"en-US"},{"@type":"Organization","@id":"https:\/\/darkamazi.site\/#organization","name":"Darka Mazi T\u00fcrk\u00e7e","alternateName":"Darka Mazi","url":"https:\/\/darkamazi.site\/","logo":{"@type":"ImageObject","inLanguage":"en-US","@id":"https:\/\/darkamazi.site\/#\/schema\/logo\/image\/","url":"https:\/\/darkamazi.site\/file\/2017\/12\/darka-mazi-logo.png","contentUrl":"https:\/\/darkamazi.site\/file\/2017\/12\/darka-mazi-logo.png","width":151,"height":75,"caption":"Darka Mazi T\u00fcrk\u00e7e"},"image":{"@id":"https:\/\/darkamazi.site\/#\/schema\/logo\/image\/"},"sameAs":["https:\/\/www.facebook.com\/DarkaMaziturkce","https:\/\/x.com\/DarkaMaziTurkce"]},{"@type":"Person","@id":"https:\/\/darkamazi.site\/#\/schema\/person\/67986a95ac546c16760365877ef4a9d3","name":"darka mazi","sameAs":["https:\/\/darkamazi.site"],"url":"https:\/\/darkamazi.site\/archives\/author\/turkish"}]}},"_links":{"self":[{"href":"https:\/\/darkamazi.site\/funavuv\/wp\/v2\/posts\/1035997","targetHints":{"allow":["GET"]}}],"collection":[{"href":"https:\/\/darkamazi.site\/funavuv\/wp\/v2\/posts"}],"about":[{"href":"https:\/\/darkamazi.site\/funavuv\/wp\/v2\/types\/post"}],"author":[{"embeddable":true,"href":"https:\/\/darkamazi.site\/funavuv\/wp\/v2\/users\/2"}],"replies":[{"embeddable":true,"href":"https:\/\/darkamazi.site\/funavuv\/wp\/v2\/comments?post=1035997"}],"version-history":[{"count":0,"href":"https:\/\/darkamazi.site\/funavuv\/wp\/v2\/posts\/1035997\/revisions"}],"wp:featuredmedia":[{"embeddable":true,"href":"https:\/\/darkamazi.site\/funavuv\/wp\/v2\/media\/1035998"}],"wp:attachment":[{"href":"https:\/\/darkamazi.site\/funavuv\/wp\/v2\/media?parent=1035997"}],"wp:term":[{"taxonomy":"category","embeddable":true,"href":"https:\/\/darkamazi.site\/funavuv\/wp\/v2\/categories?post=1035997"},{"taxonomy":"post_tag","embeddable":true,"href":"https:\/\/darkamazi.site\/funavuv\/wp\/v2\/tags?post=1035997"}],"curies":[{"name":"wp","href":"https:\/\/api.w.org\/{rel}","templated":true}]}}