{"id":1036000,"date":"2025-12-21T08:56:48","date_gmt":"2025-12-21T05:56:48","guid":{"rendered":"https:\/\/darkamazi.site\/?p=1036000"},"modified":"2025-12-21T08:56:48","modified_gmt":"2025-12-21T05:56:48","slug":"iddia-israil-irana-yeni-bir-saldiri-plani-hazirladi","status":"publish","type":"post","link":"https:\/\/darkamazi.site\/archives\/1036000","title":{"rendered":"\u0130ddia: \u0130srail, \u0130ran&#8217;a yeni bir sald\u0131r\u0131 plan\u0131 haz\u0131rlad\u0131"},"content":{"rendered":"<p style=\"text-align: justify\">\u0130srail Ba\u015fbakan\u0131 Binyamin Netanyahu&#8217;nun ABD Ba\u015fkan\u0131 Donald Trump ile yapmas\u0131 beklenen g\u00f6r\u00fc\u015fmede \u0130ran&#8217;a y\u00f6nelik yeni bir sald\u0131r\u0131 i\u00e7in planlar sunaca\u011f\u0131 iddia edildi.<\/p>\n<p style=\"text-align: justify\">NBC News&#8217;in konu hakk\u0131nda bilgi sahibi kaynaklara dayand\u0131rd\u0131\u011f\u0131 haberinde, Tel Aviv y\u00f6netiminin, \u0130ran&#8217;\u0131n f\u00fcze program\u0131n\u0131 geni\u015fletmesi ve haziranda sald\u0131r\u0131ya u\u011frayan n\u00fckleer tesislerini yeniden in\u015fa etmesinden kayg\u0131land\u0131\u011f\u0131 aktar\u0131ld\u0131.<\/p>\n<p style=\"text-align: justify\">\u0130ran&#8217;\u0131n balistik f\u00fcze \u00fcretim tesislerini yeniden in\u015fa etme ve hasar g\u00f6rm\u00fc\u015f hava savunma sistemlerini onarma \u00e7abas\u0131n\u0131n \u0130srail i\u00e7in \u00f6ncelikli tehdit olarak g\u00f6r\u00fcld\u00fc\u011f\u00fc belirtildi.<\/p>\n<p style=\"text-align: justify\">Tel Aviv y\u00f6netiminin Tahran&#8217;\u0131n balistik f\u00fcze program\u0131n\u0131 geni\u015fletmesinden duyulan endi\u015fe nedeniyle Trump&#8217;a \u0130ran&#8217;a yeniden sald\u0131r\u0131 d\u00fczenlemek i\u00e7in planlar sunma haz\u0131rl\u0131\u011f\u0131nda oldu\u011fu ileri s\u00fcr\u00fcld\u00fc.<\/p>\n<p style=\"text-align: justify\">Kaynaklar, bu planlar\u0131n \u0130srail Ba\u015fbakan\u0131 Netanyahu&#8217;nun Florida&#8217;da ay sonunda yapmas\u0131 beklenen g\u00f6r\u00fc\u015fmede, ABD Ba\u015fkan\u0131 Trump&#8217;a \u0130ran&#8217;\u0131n balistik f\u00fcze program\u0131n\u0131n h\u0131zl\u0131 m\u00fcdahaleyi gerektiren bir tehdit oldu\u011funu ve bu tehdidin sadece \u0130srail de\u011fil, ABD&#8217;nin de \u00e7\u0131karlar\u0131n\u0131n bulundu\u011fu t\u00fcm b\u00f6lgeyi tehlikeye att\u0131\u011f\u0131n\u0131 anlataca\u011f\u0131n\u0131 aktard\u0131.<\/p>\n<p style=\"text-align: justify\">Bu kapsamda, Netanyahu&#8217;nun Trump&#8217;a \u0130ran&#8217;a yeni bir sald\u0131r\u0131 i\u00e7in ABD&#8217;nin do\u011frudan kat\u0131laca\u011f\u0131 ya da destek sa\u011flayaca\u011f\u0131 se\u00e7eneklerle gidece\u011fi ve ikna etmeye \u00e7al\u0131\u015faca\u011f\u0131 ifade edildi.<\/p>\n<p style=\"text-align: justify\">Buna kar\u015f\u0131n, Tel Aviv y\u00f6netiminin, Tahran&#8217;\u0131n m\u00fczakerelere yeniden ba\u015flama arzusunu a\u00e7\u0131klam\u0131\u015f olmas\u0131n\u0131n Trump&#8217;\u0131 yeniden sald\u0131r\u0131lara ikna etmek konusunda engel te\u015fkil edece\u011fi endi\u015fesinde oldu\u011funa i\u015faret edildi.<\/p>\n<p style=\"text-align: justify\">Habere g\u00f6re, \u0130srail&#8217;in haziranda \u0130ran&#8217;a y\u00f6nelik sald\u0131r\u0131lar \u00f6ncesinde ABD&#8217;ye d\u00f6rt sald\u0131r\u0131 plan\u0131 sundu\u011funu iddia eden bir kaynak, Oval Ofis&#8217;te sunulan planlar\u0131n \u0130srail&#8217;in tek ba\u015f\u0131na sald\u0131r\u0131s\u0131, \u0130srail sald\u0131r\u0131s\u0131na ABD&#8217;nin s\u0131n\u0131rl\u0131 deste\u011fi, ABD-\u0130srail ortak sald\u0131r\u0131s\u0131 ve ABD&#8217;nin tek ba\u015f\u0131na sald\u0131r\u0131 d\u00fczenlemesi se\u00e7eneklerini i\u00e7erdi\u011fini ve Trump&#8217;\u0131n &#8220;ortak operasyona&#8221; karar verdi\u011fini ileri s\u00fcrd\u00fc.<\/p>\n<p style=\"text-align: justify\">Netanyahu&#8217;nun Trump&#8217;a yine benzer se\u00e7enekler sunabilece\u011fi iddia edildi.<\/p>\n<p style=\"text-align: justify\"><strong>Ne olmu\u015ftu?\u00a0<\/strong><\/p>\n<p style=\"text-align: justify\">Nisan ve Ekim 2024&#8217;te \u0130ran&#8217;a sald\u0131r\u0131lar d\u00fczenleyen \u0130srail, \u00fclkenin hava savunma sistemlerini hedef alm\u0131\u015ft\u0131.<\/p>\n<p style=\"text-align: justify\">\u0130srail, 13 Haziran&#8217;da ise \u0130ran&#8217;\u0131n \u00e7e\u015fitli kentlerindeki n\u00fckleer tesisler ba\u015fta olmak \u00fczere ordunun \u00fcst komuta kademesini de hedef alan geni\u015f \u00e7apl\u0131 sald\u0131r\u0131lara ba\u015flam\u0131\u015ft\u0131.<\/p>\n<p style=\"text-align: justify\">\u0130ran&#8217;da Genelkurmay Ba\u015fkan\u0131, Devrim Muhaf\u0131zlar\u0131 Genel Komutan\u0131 ve baz\u0131 \u00fcst d\u00fczey komutanlar ile 9 n\u00fckleer bilim insan\u0131 sald\u0131r\u0131larda \u00f6lm\u00fc\u015ft\u00fc.<\/p>\n<p style=\"text-align: justify\">\u0130srail&#8217;e destek veren ABD, 22 Haziran&#8217;da \u0130ran&#8217;\u0131n Natanz, Fordo ve \u0130sfahan&#8217;daki 3 n\u00fckleer tesisine sald\u0131r\u0131 d\u00fczenlemi\u015fti.<\/p>\n<p style=\"text-align: justify\"><strong>\u0130ran misilleme yapm\u0131\u015ft\u0131<\/strong><\/p>\n<p style=\"text-align: justify\">\u0130ran, ABD&#8217;nin sald\u0131r\u0131s\u0131na misilleme olarak 23 Haziran&#8217;da, ABD&#8217;nin Katar&#8217;daki El-Udeyd Hava \u00dcss\u00fc&#8217;n\u00fc hedef alm\u0131\u015ft\u0131.<\/p>\n<p style=\"text-align: justify\">\u0130ran Sa\u011fl\u0131k Bakanl\u0131\u011f\u0131, \u0130srail&#8217;in sald\u0131r\u0131lar\u0131nda toplam sivil can kayb\u0131n\u0131n en az 627, yaral\u0131 say\u0131s\u0131n\u0131n da 4 binden fazla oldu\u011funu bildirmi\u015fti.<\/p>\n<p style=\"text-align: justify\">\u0130ran&#8217;\u0131n misilleme olarak d\u00fczenledi\u011fi f\u00fcze sald\u0131r\u0131lar\u0131nda \u0130srail&#8217;in yapt\u0131\u011f\u0131 a\u00e7\u0131klamaya g\u00f6re, 28 ki\u015fi \u00f6lm\u00fc\u015f, 1272 ki\u015fi yaralanm\u0131\u015ft\u0131.<\/p>\n","protected":false},"excerpt":{"rendered":"<p>\u0130srail Ba\u015fbakan\u0131 Binyamin Netanyahu&#8217;nun ABD Ba\u015fkan\u0131 Donald Trump ile yapmas\u0131 beklenen g\u00f6r\u00fc\u015fmede \u0130ran&#8217;a y\u00f6nelik yeni bir sald\u0131r\u0131 i\u00e7in planlar sunaca\u011f\u0131 iddia edildi. NBC News&#8217;in konu hakk\u0131nda bilgi sahibi kaynaklara dayand\u0131rd\u0131\u011f\u0131 haberinde, Tel Aviv y\u00f6netiminin, \u0130ran&#8217;\u0131n f\u00fcze program\u0131n\u0131 geni\u015fletmesi ve haziranda sald\u0131r\u0131ya u\u011frayan n\u00fckleer tesislerini yeniden in\u015fa etmesinden kayg\u0131land\u0131\u011f\u0131 aktar\u0131ld\u0131. \u0130ran&#8217;\u0131n balistik f\u00fcze \u00fcretim tesislerini yeniden [&hellip;]<\/p>\n","protected":false},"author":2,"featured_media":1036001,"comment_status":"closed","ping_status":"closed","sticky":false,"template":"","format":"standard","meta":{"footnotes":""},"categories":[3],"tags":[],"class_list":["post-1036000","post","type-post","status-publish","format-standard","has-post-thumbnail","hentry","category-kurdistan"],"blocksy_meta":[],"seo_head":"<!-- This site is optimized with the Yoast SEO plugin v27.5 - https:\/\/yoast.com\/product\/yoast-seo-wordpress\/ -->\n<title>\u0130ddia: \u0130srail, \u0130ran&#039;a yeni bir sald\u0131r\u0131 plan\u0131 haz\u0131rlad\u0131 - Darka Mazi<\/title>\n<meta name=\"robots\" content=\"index, follow, max-snippet:-1, max-image-preview:large, max-video-preview:-1\" \/>\n<link rel=\"canonical\" href=\"https:\/\/darkamazi.site\/archives\/1036000\" \/>\n<meta property=\"og:locale\" content=\"en_US\" \/>\n<meta property=\"og:type\" content=\"article\" \/>\n<meta property=\"og:title\" content=\"\u0130ddia: \u0130srail, \u0130ran&#039;a yeni bir sald\u0131r\u0131 plan\u0131 haz\u0131rlad\u0131 - Darka Mazi\" \/>\n<meta property=\"og:description\" content=\"\u0130srail Ba\u015fbakan\u0131 Binyamin Netanyahu&#8217;nun ABD Ba\u015fkan\u0131 Donald Trump ile yapmas\u0131 beklenen g\u00f6r\u00fc\u015fmede \u0130ran&#8217;a y\u00f6nelik yeni bir sald\u0131r\u0131 i\u00e7in planlar sunaca\u011f\u0131 iddia edildi. NBC News&#8217;in konu hakk\u0131nda bilgi sahibi kaynaklara dayand\u0131rd\u0131\u011f\u0131 haberinde, Tel Aviv y\u00f6netiminin, \u0130ran&#8217;\u0131n f\u00fcze program\u0131n\u0131 geni\u015fletmesi ve haziranda sald\u0131r\u0131ya u\u011frayan n\u00fckleer tesislerini yeniden in\u015fa etmesinden kayg\u0131land\u0131\u011f\u0131 aktar\u0131ld\u0131. \u0130ran&#8217;\u0131n balistik f\u00fcze \u00fcretim tesislerini yeniden [&hellip;]\" \/>\n<meta property=\"og:url\" content=\"https:\/\/darkamazi.site\/archives\/1036000\" \/>\n<meta property=\"og:site_name\" content=\"Darka Mazi\" \/>\n<meta property=\"article:publisher\" content=\"https:\/\/www.facebook.com\/DarkaMaziturkce\" \/>\n<meta property=\"article:published_time\" content=\"2025-12-21T05:56:48+00:00\" \/>\n<meta property=\"og:image\" content=\"https:\/\/darkamazi.site\/file\/2025\/12\/iran-ve-israil-savas-1.jpg\" \/>\n\t<meta property=\"og:image:width\" content=\"1280\" \/>\n\t<meta property=\"og:image:height\" content=\"720\" \/>\n\t<meta property=\"og:image:type\" content=\"image\/jpeg\" \/>\n<meta name=\"author\" content=\"darka mazi\" \/>\n<meta name=\"twitter:card\" content=\"summary_large_image\" \/>\n<meta name=\"twitter:creator\" content=\"@DarkaMaziTurkce\" \/>\n<meta name=\"twitter:site\" content=\"@DarkaMaziTurkce\" \/>\n<meta name=\"twitter:label1\" content=\"Written by\" \/>\n\t<meta name=\"twitter:data1\" content=\"darka mazi\" \/>\n\t<meta name=\"twitter:label2\" content=\"Est. reading time\" \/>\n\t<meta name=\"twitter:data2\" content=\"2 minutes\" \/>\n<script type=\"application\/ld+json\" class=\"seo-schema-graph\">{\"@context\":\"https:\\\/\\\/schema.org\",\"@graph\":[{\"@type\":\"NewsArticle\",\"@id\":\"https:\\\/\\\/darkamazi.site\\\/archives\\\/1036000#article\",\"isPartOf\":{\"@id\":\"https:\\\/\\\/darkamazi.site\\\/archives\\\/1036000\"},\"author\":{\"name\":\"darka mazi\",\"@id\":\"https:\\\/\\\/darkamazi.site\\\/#\\\/schema\\\/person\\\/67986a95ac546c16760365877ef4a9d3\"},\"headline\":\"\u0130ddia: \u0130srail, \u0130ran&#8217;a yeni bir sald\u0131r\u0131 plan\u0131 haz\u0131rlad\u0131\",\"datePublished\":\"2025-12-21T05:56:48+00:00\",\"mainEntityOfPage\":{\"@id\":\"https:\\\/\\\/darkamazi.site\\\/archives\\\/1036000\"},\"wordCount\":578,\"publisher\":{\"@id\":\"https:\\\/\\\/darkamazi.site\\\/#organization\"},\"image\":{\"@id\":\"https:\\\/\\\/darkamazi.site\\\/archives\\\/1036000#primaryimage\"},\"thumbnailUrl\":\"https:\\\/\\\/darkamazi.site\\\/darka-content\\\/uploads\\\/2025\\\/12\\\/iran-ve-israil-savas-1.jpg\",\"articleSection\":[\"Kurdistan\"],\"inLanguage\":\"en-US\"},{\"@type\":\"WebPage\",\"@id\":\"https:\\\/\\\/darkamazi.site\\\/archives\\\/1036000\",\"url\":\"https:\\\/\\\/darkamazi.site\\\/archives\\\/1036000\",\"name\":\"\u0130ddia: \u0130srail, \u0130ran'a yeni bir sald\u0131r\u0131 plan\u0131 haz\u0131rlad\u0131 - Darka Mazi\",\"isPartOf\":{\"@id\":\"https:\\\/\\\/darkamazi.site\\\/#website\"},\"primaryImageOfPage\":{\"@id\":\"https:\\\/\\\/darkamazi.site\\\/archives\\\/1036000#primaryimage\"},\"image\":{\"@id\":\"https:\\\/\\\/darkamazi.site\\\/archives\\\/1036000#primaryimage\"},\"thumbnailUrl\":\"https:\\\/\\\/darkamazi.site\\\/darka-content\\\/uploads\\\/2025\\\/12\\\/iran-ve-israil-savas-1.jpg\",\"datePublished\":\"2025-12-21T05:56:48+00:00\",\"breadcrumb\":{\"@id\":\"https:\\\/\\\/darkamazi.site\\\/archives\\\/1036000#breadcrumb\"},\"inLanguage\":\"en-US\",\"potentialAction\":[{\"@type\":\"ReadAction\",\"target\":[\"https:\\\/\\\/darkamazi.site\\\/archives\\\/1036000\"]}]},{\"@type\":\"ImageObject\",\"inLanguage\":\"en-US\",\"@id\":\"https:\\\/\\\/darkamazi.site\\\/archives\\\/1036000#primaryimage\",\"url\":\"https:\\\/\\\/darkamazi.site\\\/darka-content\\\/uploads\\\/2025\\\/12\\\/iran-ve-israil-savas-1.jpg\",\"contentUrl\":\"https:\\\/\\\/darkamazi.site\\\/darka-content\\\/uploads\\\/2025\\\/12\\\/iran-ve-israil-savas-1.jpg\",\"width\":1280,\"height\":720,\"caption\":\"\u0130ddia: \u0130srail, \u0130ran'a yeni bir sald\u0131r\u0131 plan\u0131 haz\u0131rlad\u0131\"},{\"@type\":\"BreadcrumbList\",\"@id\":\"https:\\\/\\\/darkamazi.site\\\/archives\\\/1036000#breadcrumb\",\"itemListElement\":[{\"@type\":\"ListItem\",\"position\":1,\"name\":\"Home\",\"item\":\"https:\\\/\\\/darkamazi.site\\\/\"},{\"@type\":\"ListItem\",\"position\":2,\"name\":\"\u0130ddia: \u0130srail, \u0130ran&#8217;a yeni bir sald\u0131r\u0131 plan\u0131 haz\u0131rlad\u0131\"}]},{\"@type\":\"WebSite\",\"@id\":\"https:\\\/\\\/darkamazi.site\\\/#website\",\"url\":\"https:\\\/\\\/darkamazi.site\\\/\",\"name\":\"Darka Mazi\",\"description\":\"Ana Sayfa\",\"publisher\":{\"@id\":\"https:\\\/\\\/darkamazi.site\\\/#organization\"},\"potentialAction\":[{\"@type\":\"SearchAction\",\"target\":{\"@type\":\"EntryPoint\",\"urlTemplate\":\"https:\\\/\\\/darkamazi.site\\\/?s={search_term_string}\"},\"query-input\":{\"@type\":\"PropertyValueSpecification\",\"valueRequired\":true,\"valueName\":\"search_term_string\"}}],\"inLanguage\":\"en-US\"},{\"@type\":\"Organization\",\"@id\":\"https:\\\/\\\/darkamazi.site\\\/#organization\",\"name\":\"Darka Mazi T\u00fcrk\u00e7e\",\"alternateName\":\"Darka Mazi\",\"url\":\"https:\\\/\\\/darkamazi.site\\\/\",\"logo\":{\"@type\":\"ImageObject\",\"inLanguage\":\"en-US\",\"@id\":\"https:\\\/\\\/darkamazi.site\\\/#\\\/schema\\\/logo\\\/image\\\/\",\"url\":\"https:\\\/\\\/darkamazi.site\\\/darka-content\\\/uploads\\\/2017\\\/12\\\/darka-mazi-logo.png\",\"contentUrl\":\"https:\\\/\\\/darkamazi.site\\\/darka-content\\\/uploads\\\/2017\\\/12\\\/darka-mazi-logo.png\",\"width\":151,\"height\":75,\"caption\":\"Darka Mazi T\u00fcrk\u00e7e\"},\"image\":{\"@id\":\"https:\\\/\\\/darkamazi.site\\\/#\\\/schema\\\/logo\\\/image\\\/\"},\"sameAs\":[\"https:\\\/\\\/www.facebook.com\\\/DarkaMaziturkce\",\"https:\\\/\\\/x.com\\\/DarkaMaziTurkce\"]},{\"@type\":\"Person\",\"@id\":\"https:\\\/\\\/darkamazi.site\\\/#\\\/schema\\\/person\\\/67986a95ac546c16760365877ef4a9d3\",\"name\":\"darka mazi\",\"sameAs\":[\"https:\\\/\\\/darkamazi.site\"],\"url\":\"https:\\\/\\\/darkamazi.site\\\/archives\\\/author\\\/turkish\"}]}<\/script>\n<!-- \/ Yoast SEO plugin. -->","seo_head_json":{"title":"\u0130ddia: \u0130srail, \u0130ran'a yeni bir sald\u0131r\u0131 plan\u0131 haz\u0131rlad\u0131 - Darka Mazi","robots":{"index":"index","follow":"follow","max-snippet":"max-snippet:-1","max-image-preview":"max-image-preview:large","max-video-preview":"max-video-preview:-1"},"canonical":"https:\/\/darkamazi.site\/archives\/1036000","og_locale":"en_US","og_type":"article","og_title":"\u0130ddia: \u0130srail, \u0130ran'a yeni bir sald\u0131r\u0131 plan\u0131 haz\u0131rlad\u0131 - Darka Mazi","og_description":"\u0130srail Ba\u015fbakan\u0131 Binyamin Netanyahu&#8217;nun ABD Ba\u015fkan\u0131 Donald Trump ile yapmas\u0131 beklenen g\u00f6r\u00fc\u015fmede \u0130ran&#8217;a y\u00f6nelik yeni bir sald\u0131r\u0131 i\u00e7in planlar sunaca\u011f\u0131 iddia edildi. NBC News&#8217;in konu hakk\u0131nda bilgi sahibi kaynaklara dayand\u0131rd\u0131\u011f\u0131 haberinde, Tel Aviv y\u00f6netiminin, \u0130ran&#8217;\u0131n f\u00fcze program\u0131n\u0131 geni\u015fletmesi ve haziranda sald\u0131r\u0131ya u\u011frayan n\u00fckleer tesislerini yeniden in\u015fa etmesinden kayg\u0131land\u0131\u011f\u0131 aktar\u0131ld\u0131. \u0130ran&#8217;\u0131n balistik f\u00fcze \u00fcretim tesislerini yeniden [&hellip;]","og_url":"https:\/\/darkamazi.site\/archives\/1036000","og_site_name":"Darka Mazi","article_publisher":"https:\/\/www.facebook.com\/DarkaMaziturkce","article_published_time":"2025-12-21T05:56:48+00:00","og_image":[{"width":1280,"height":720,"url":"https:\/\/darkamazi.site\/file\/2025\/12\/iran-ve-israil-savas-1.jpg","type":"image\/jpeg"}],"author":"darka mazi","twitter_card":"summary_large_image","twitter_creator":"@DarkaMaziTurkce","twitter_site":"@DarkaMaziTurkce","twitter_misc":{"Written by":"darka mazi","Est. reading time":"2 minutes"},"schema":{"@context":"https:\/\/schema.org","@graph":[{"@type":"NewsArticle","@id":"https:\/\/darkamazi.site\/archives\/1036000#article","isPartOf":{"@id":"https:\/\/darkamazi.site\/archives\/1036000"},"author":{"name":"darka mazi","@id":"https:\/\/darkamazi.site\/#\/schema\/person\/67986a95ac546c16760365877ef4a9d3"},"headline":"\u0130ddia: \u0130srail, \u0130ran&#8217;a yeni bir sald\u0131r\u0131 plan\u0131 haz\u0131rlad\u0131","datePublished":"2025-12-21T05:56:48+00:00","mainEntityOfPage":{"@id":"https:\/\/darkamazi.site\/archives\/1036000"},"wordCount":578,"publisher":{"@id":"https:\/\/darkamazi.site\/#organization"},"image":{"@id":"https:\/\/darkamazi.site\/archives\/1036000#primaryimage"},"thumbnailUrl":"https:\/\/darkamazi.site\/file\/2025\/12\/iran-ve-israil-savas-1.jpg","articleSection":["Kurdistan"],"inLanguage":"en-US"},{"@type":"WebPage","@id":"https:\/\/darkamazi.site\/archives\/1036000","url":"https:\/\/darkamazi.site\/archives\/1036000","name":"\u0130ddia: \u0130srail, \u0130ran'a yeni bir sald\u0131r\u0131 plan\u0131 haz\u0131rlad\u0131 - Darka Mazi","isPartOf":{"@id":"https:\/\/darkamazi.site\/#website"},"primaryImageOfPage":{"@id":"https:\/\/darkamazi.site\/archives\/1036000#primaryimage"},"image":{"@id":"https:\/\/darkamazi.site\/archives\/1036000#primaryimage"},"thumbnailUrl":"https:\/\/darkamazi.site\/file\/2025\/12\/iran-ve-israil-savas-1.jpg","datePublished":"2025-12-21T05:56:48+00:00","breadcrumb":{"@id":"https:\/\/darkamazi.site\/archives\/1036000#breadcrumb"},"inLanguage":"en-US","potentialAction":[{"@type":"ReadAction","target":["https:\/\/darkamazi.site\/archives\/1036000"]}]},{"@type":"ImageObject","inLanguage":"en-US","@id":"https:\/\/darkamazi.site\/archives\/1036000#primaryimage","url":"https:\/\/darkamazi.site\/file\/2025\/12\/iran-ve-israil-savas-1.jpg","contentUrl":"https:\/\/darkamazi.site\/file\/2025\/12\/iran-ve-israil-savas-1.jpg","width":1280,"height":720,"caption":"\u0130ddia: \u0130srail, \u0130ran'a yeni bir sald\u0131r\u0131 plan\u0131 haz\u0131rlad\u0131"},{"@type":"BreadcrumbList","@id":"https:\/\/darkamazi.site\/archives\/1036000#breadcrumb","itemListElement":[{"@type":"ListItem","position":1,"name":"Home","item":"https:\/\/darkamazi.site\/"},{"@type":"ListItem","position":2,"name":"\u0130ddia: \u0130srail, \u0130ran&#8217;a yeni bir sald\u0131r\u0131 plan\u0131 haz\u0131rlad\u0131"}]},{"@type":"WebSite","@id":"https:\/\/darkamazi.site\/#website","url":"https:\/\/darkamazi.site\/","name":"Darka Mazi","description":"Ana Sayfa","publisher":{"@id":"https:\/\/darkamazi.site\/#organization"},"potentialAction":[{"@type":"SearchAction","target":{"@type":"EntryPoint","urlTemplate":"https:\/\/darkamazi.site\/?s={search_term_string}"},"query-input":{"@type":"PropertyValueSpecification","valueRequired":true,"valueName":"search_term_string"}}],"inLanguage":"en-US"},{"@type":"Organization","@id":"https:\/\/darkamazi.site\/#organization","name":"Darka Mazi T\u00fcrk\u00e7e","alternateName":"Darka Mazi","url":"https:\/\/darkamazi.site\/","logo":{"@type":"ImageObject","inLanguage":"en-US","@id":"https:\/\/darkamazi.site\/#\/schema\/logo\/image\/","url":"https:\/\/darkamazi.site\/file\/2017\/12\/darka-mazi-logo.png","contentUrl":"https:\/\/darkamazi.site\/file\/2017\/12\/darka-mazi-logo.png","width":151,"height":75,"caption":"Darka Mazi T\u00fcrk\u00e7e"},"image":{"@id":"https:\/\/darkamazi.site\/#\/schema\/logo\/image\/"},"sameAs":["https:\/\/www.facebook.com\/DarkaMaziturkce","https:\/\/x.com\/DarkaMaziTurkce"]},{"@type":"Person","@id":"https:\/\/darkamazi.site\/#\/schema\/person\/67986a95ac546c16760365877ef4a9d3","name":"darka mazi","sameAs":["https:\/\/darkamazi.site"],"url":"https:\/\/darkamazi.site\/archives\/author\/turkish"}]}},"_links":{"self":[{"href":"https:\/\/darkamazi.site\/funavuv\/wp\/v2\/posts\/1036000","targetHints":{"allow":["GET"]}}],"collection":[{"href":"https:\/\/darkamazi.site\/funavuv\/wp\/v2\/posts"}],"about":[{"href":"https:\/\/darkamazi.site\/funavuv\/wp\/v2\/types\/post"}],"author":[{"embeddable":true,"href":"https:\/\/darkamazi.site\/funavuv\/wp\/v2\/users\/2"}],"replies":[{"embeddable":true,"href":"https:\/\/darkamazi.site\/funavuv\/wp\/v2\/comments?post=1036000"}],"version-history":[{"count":0,"href":"https:\/\/darkamazi.site\/funavuv\/wp\/v2\/posts\/1036000\/revisions"}],"wp:featuredmedia":[{"embeddable":true,"href":"https:\/\/darkamazi.site\/funavuv\/wp\/v2\/media\/1036001"}],"wp:attachment":[{"href":"https:\/\/darkamazi.site\/funavuv\/wp\/v2\/media?parent=1036000"}],"wp:term":[{"taxonomy":"category","embeddable":true,"href":"https:\/\/darkamazi.site\/funavuv\/wp\/v2\/categories?post=1036000"},{"taxonomy":"post_tag","embeddable":true,"href":"https:\/\/darkamazi.site\/funavuv\/wp\/v2\/tags?post=1036000"}],"curies":[{"name":"wp","href":"https:\/\/api.w.org\/{rel}","templated":true}]}}