{"id":1036003,"date":"2025-12-21T22:21:42","date_gmt":"2025-12-21T19:21:42","guid":{"rendered":"https:\/\/darkamazi.site\/?p=1036003"},"modified":"2025-12-21T22:21:42","modified_gmt":"2025-12-21T19:21:42","slug":"basbakan-barzani-misir-cumhurbaskani-sisi-ile-bir-araya-geldi","status":"publish","type":"post","link":"https:\/\/darkamazi.site\/archives\/1036003","title":{"rendered":"Ba\u015fbakan Barzani, M\u0131s\u0131r Cumhurba\u015fkan\u0131 Sisi ile bir araya geldi"},"content":{"rendered":"<p style=\"text-align: justify\">K\u00fcrdistan B\u00f6lgesi Ba\u015fbakan\u0131 Mesrur \u200b\u200bBarzani, M\u0131s\u0131r\u2019da Cumhurba\u015fkan\u0131 Abdulfettah Sisi ile bir araya geldi.<\/p>\n<p style=\"text-align: justify\">K\u00fcrdistan B\u00f6lgesi H\u00fck\u00fcmeti taraf\u0131ndan yap\u0131lan a\u00e7\u0131klamaya g\u00f6re M\u0131s\u0131r Cumhurba\u015fkan\u0131 Abdulfettah Sisi, bug\u00fcn (21 Aral\u0131k 2025 Pazar g\u00fcn\u00fc) Ba\u015fbakan Mesrur Barzani&#8217;yi ba\u015fkent Kahire&#8217;de Cumhurba\u015fkanl\u0131\u011f\u0131 Saray\u0131nda kar\u015f\u0131lad\u0131.<\/p>\n<p style=\"text-align: justify\">G\u00f6r\u00fc\u015fmede, M\u0131s\u0131r Cumhurba\u015fkan\u0131, K\u00fcrdistan B\u00f6lgesi Ba\u015fbakan\u0131 Mesrur Barzani&#8217;nin ziyaretinden duydu\u011fu memnuniyeti dile getirerek, \u00fclkesinin K\u00fcrdistan B\u00f6lgesi ile ili\u015fkileri geli\u015ftirmeye haz\u0131r oldu\u011funu yineledi.<\/p>\n<p style=\"text-align: justify\">Ba\u015fbakan Barzani ise M\u0131s\u0131r&#8217;\u0131n ve Cumhurba\u015fkan\u0131 Sisi&#8217;nin b\u00f6lgede bar\u0131\u015f ve istikrar\u0131n peki\u015ftirilmesindeki rol\u00fcn\u00fc \u00f6vd\u00fc.<\/p>\n<p style=\"text-align: justify\">K\u00fcrdistan B\u00f6lgesi-M\u0131s\u0131r ili\u015fkilerinin \u00e7e\u015fitli alanlarda, \u00f6zellikle yat\u0131r\u0131m ve ticaret al\u0131\u015fveri\u015fi konusunda g\u00fc\u00e7lendirilmesinin \u00f6neminin vurguland\u0131\u011f\u0131 g\u00f6r\u00fc\u015fmede,\u00a0K\u00fcrdistan B\u00f6lgesi, Irak ve b\u00f6lgede g\u00fcvenlik ve istikrar\u0131n sa\u011flanmas\u0131 i\u00e7in koordinasyon ve i\u015f birli\u011finin geli\u015ftirilmesi gerekti\u011finin alt\u0131 \u00e7izildi.<\/p>\n","protected":false},"excerpt":{"rendered":"<p>K\u00fcrdistan B\u00f6lgesi Ba\u015fbakan\u0131 Mesrur \u200b\u200bBarzani, M\u0131s\u0131r\u2019da Cumhurba\u015fkan\u0131 Abdulfettah Sisi ile bir araya geldi. K\u00fcrdistan B\u00f6lgesi H\u00fck\u00fcmeti taraf\u0131ndan yap\u0131lan a\u00e7\u0131klamaya g\u00f6re M\u0131s\u0131r Cumhurba\u015fkan\u0131 Abdulfettah Sisi, bug\u00fcn (21 Aral\u0131k 2025 Pazar g\u00fcn\u00fc) Ba\u015fbakan Mesrur Barzani&#8217;yi ba\u015fkent Kahire&#8217;de Cumhurba\u015fkanl\u0131\u011f\u0131 Saray\u0131nda kar\u015f\u0131lad\u0131. G\u00f6r\u00fc\u015fmede, M\u0131s\u0131r Cumhurba\u015fkan\u0131, K\u00fcrdistan B\u00f6lgesi Ba\u015fbakan\u0131 Mesrur Barzani&#8217;nin ziyaretinden duydu\u011fu memnuniyeti dile getirerek, \u00fclkesinin K\u00fcrdistan B\u00f6lgesi ile [&hellip;]<\/p>\n","protected":false},"author":2,"featured_media":1036004,"comment_status":"closed","ping_status":"closed","sticky":false,"template":"","format":"standard","meta":{"footnotes":""},"categories":[3],"tags":[31],"class_list":["post-1036003","post","type-post","status-publish","format-standard","has-post-thumbnail","hentry","category-kurdistan","tag-onemli"],"blocksy_meta":[],"seo_head":"<!-- This site is optimized with the Yoast SEO plugin v27.5 - https:\/\/yoast.com\/product\/yoast-seo-wordpress\/ -->\n<title>Ba\u015fbakan Barzani, M\u0131s\u0131r Cumhurba\u015fkan\u0131 Sisi ile bir araya geldi - Darka Mazi<\/title>\n<meta name=\"robots\" content=\"index, follow, max-snippet:-1, max-image-preview:large, max-video-preview:-1\" \/>\n<link rel=\"canonical\" href=\"https:\/\/darkamazi.site\/archives\/1036003\" \/>\n<meta property=\"og:locale\" content=\"en_US\" \/>\n<meta property=\"og:type\" content=\"article\" \/>\n<meta property=\"og:title\" content=\"Ba\u015fbakan Barzani, M\u0131s\u0131r Cumhurba\u015fkan\u0131 Sisi ile bir araya geldi - Darka Mazi\" \/>\n<meta property=\"og:description\" content=\"K\u00fcrdistan B\u00f6lgesi Ba\u015fbakan\u0131 Mesrur \u200b\u200bBarzani, M\u0131s\u0131r\u2019da Cumhurba\u015fkan\u0131 Abdulfettah Sisi ile bir araya geldi. K\u00fcrdistan B\u00f6lgesi H\u00fck\u00fcmeti taraf\u0131ndan yap\u0131lan a\u00e7\u0131klamaya g\u00f6re M\u0131s\u0131r Cumhurba\u015fkan\u0131 Abdulfettah Sisi, bug\u00fcn (21 Aral\u0131k 2025 Pazar g\u00fcn\u00fc) Ba\u015fbakan Mesrur Barzani&#8217;yi ba\u015fkent Kahire&#8217;de Cumhurba\u015fkanl\u0131\u011f\u0131 Saray\u0131nda kar\u015f\u0131lad\u0131. G\u00f6r\u00fc\u015fmede, M\u0131s\u0131r Cumhurba\u015fkan\u0131, K\u00fcrdistan B\u00f6lgesi Ba\u015fbakan\u0131 Mesrur Barzani&#8217;nin ziyaretinden duydu\u011fu memnuniyeti dile getirerek, \u00fclkesinin K\u00fcrdistan B\u00f6lgesi ile [&hellip;]\" \/>\n<meta property=\"og:url\" content=\"https:\/\/darkamazi.site\/archives\/1036003\" \/>\n<meta property=\"og:site_name\" content=\"Darka Mazi\" \/>\n<meta property=\"article:publisher\" content=\"https:\/\/www.facebook.com\/DarkaMaziturkce\" \/>\n<meta property=\"article:published_time\" content=\"2025-12-21T19:21:42+00:00\" \/>\n<meta property=\"og:image\" content=\"https:\/\/darkamazi.site\/file\/2025\/12\/masrur-barzani-ebdulfetah-sisi.jpg\" \/>\n\t<meta property=\"og:image:width\" content=\"900\" \/>\n\t<meta property=\"og:image:height\" content=\"497\" \/>\n\t<meta property=\"og:image:type\" content=\"image\/jpeg\" \/>\n<meta name=\"author\" content=\"darka mazi\" \/>\n<meta name=\"twitter:card\" content=\"summary_large_image\" \/>\n<meta name=\"twitter:creator\" content=\"@DarkaMaziTurkce\" \/>\n<meta name=\"twitter:site\" content=\"@DarkaMaziTurkce\" \/>\n<meta name=\"twitter:label1\" content=\"Written by\" \/>\n\t<meta name=\"twitter:data1\" content=\"darka mazi\" \/>\n\t<meta name=\"twitter:label2\" content=\"Est. reading time\" \/>\n\t<meta name=\"twitter:data2\" content=\"1 minute\" \/>\n<script type=\"application\/ld+json\" class=\"seo-schema-graph\">{\"@context\":\"https:\\\/\\\/schema.org\",\"@graph\":[{\"@type\":\"NewsArticle\",\"@id\":\"https:\\\/\\\/darkamazi.site\\\/archives\\\/1036003#article\",\"isPartOf\":{\"@id\":\"https:\\\/\\\/darkamazi.site\\\/archives\\\/1036003\"},\"author\":{\"name\":\"darka mazi\",\"@id\":\"https:\\\/\\\/darkamazi.site\\\/#\\\/schema\\\/person\\\/67986a95ac546c16760365877ef4a9d3\"},\"headline\":\"Ba\u015fbakan Barzani, M\u0131s\u0131r Cumhurba\u015fkan\u0131 Sisi ile bir araya geldi\",\"datePublished\":\"2025-12-21T19:21:42+00:00\",\"mainEntityOfPage\":{\"@id\":\"https:\\\/\\\/darkamazi.site\\\/archives\\\/1036003\"},\"wordCount\":195,\"publisher\":{\"@id\":\"https:\\\/\\\/darkamazi.site\\\/#organization\"},\"image\":{\"@id\":\"https:\\\/\\\/darkamazi.site\\\/archives\\\/1036003#primaryimage\"},\"thumbnailUrl\":\"https:\\\/\\\/darkamazi.site\\\/darka-content\\\/uploads\\\/2025\\\/12\\\/masrur-barzani-ebdulfetah-sisi.jpg\",\"keywords\":[\"\u00f6nemli\"],\"articleSection\":[\"Kurdistan\"],\"inLanguage\":\"en-US\"},{\"@type\":\"WebPage\",\"@id\":\"https:\\\/\\\/darkamazi.site\\\/archives\\\/1036003\",\"url\":\"https:\\\/\\\/darkamazi.site\\\/archives\\\/1036003\",\"name\":\"Ba\u015fbakan Barzani, M\u0131s\u0131r Cumhurba\u015fkan\u0131 Sisi ile bir araya geldi - Darka Mazi\",\"isPartOf\":{\"@id\":\"https:\\\/\\\/darkamazi.site\\\/#website\"},\"primaryImageOfPage\":{\"@id\":\"https:\\\/\\\/darkamazi.site\\\/archives\\\/1036003#primaryimage\"},\"image\":{\"@id\":\"https:\\\/\\\/darkamazi.site\\\/archives\\\/1036003#primaryimage\"},\"thumbnailUrl\":\"https:\\\/\\\/darkamazi.site\\\/darka-content\\\/uploads\\\/2025\\\/12\\\/masrur-barzani-ebdulfetah-sisi.jpg\",\"datePublished\":\"2025-12-21T19:21:42+00:00\",\"breadcrumb\":{\"@id\":\"https:\\\/\\\/darkamazi.site\\\/archives\\\/1036003#breadcrumb\"},\"inLanguage\":\"en-US\",\"potentialAction\":[{\"@type\":\"ReadAction\",\"target\":[\"https:\\\/\\\/darkamazi.site\\\/archives\\\/1036003\"]}]},{\"@type\":\"ImageObject\",\"inLanguage\":\"en-US\",\"@id\":\"https:\\\/\\\/darkamazi.site\\\/archives\\\/1036003#primaryimage\",\"url\":\"https:\\\/\\\/darkamazi.site\\\/darka-content\\\/uploads\\\/2025\\\/12\\\/masrur-barzani-ebdulfetah-sisi.jpg\",\"contentUrl\":\"https:\\\/\\\/darkamazi.site\\\/darka-content\\\/uploads\\\/2025\\\/12\\\/masrur-barzani-ebdulfetah-sisi.jpg\",\"width\":900,\"height\":497,\"caption\":\"Ba\u015fbakan Barzani, M\u0131s\u0131r Cumhurba\u015fkan\u0131 Sisi ile bir araya geldi\"},{\"@type\":\"BreadcrumbList\",\"@id\":\"https:\\\/\\\/darkamazi.site\\\/archives\\\/1036003#breadcrumb\",\"itemListElement\":[{\"@type\":\"ListItem\",\"position\":1,\"name\":\"Home\",\"item\":\"https:\\\/\\\/darkamazi.site\\\/\"},{\"@type\":\"ListItem\",\"position\":2,\"name\":\"Ba\u015fbakan Barzani, M\u0131s\u0131r Cumhurba\u015fkan\u0131 Sisi ile bir araya geldi\"}]},{\"@type\":\"WebSite\",\"@id\":\"https:\\\/\\\/darkamazi.site\\\/#website\",\"url\":\"https:\\\/\\\/darkamazi.site\\\/\",\"name\":\"Darka Mazi\",\"description\":\"Ana Sayfa\",\"publisher\":{\"@id\":\"https:\\\/\\\/darkamazi.site\\\/#organization\"},\"potentialAction\":[{\"@type\":\"SearchAction\",\"target\":{\"@type\":\"EntryPoint\",\"urlTemplate\":\"https:\\\/\\\/darkamazi.site\\\/?s={search_term_string}\"},\"query-input\":{\"@type\":\"PropertyValueSpecification\",\"valueRequired\":true,\"valueName\":\"search_term_string\"}}],\"inLanguage\":\"en-US\"},{\"@type\":\"Organization\",\"@id\":\"https:\\\/\\\/darkamazi.site\\\/#organization\",\"name\":\"Darka Mazi T\u00fcrk\u00e7e\",\"alternateName\":\"Darka Mazi\",\"url\":\"https:\\\/\\\/darkamazi.site\\\/\",\"logo\":{\"@type\":\"ImageObject\",\"inLanguage\":\"en-US\",\"@id\":\"https:\\\/\\\/darkamazi.site\\\/#\\\/schema\\\/logo\\\/image\\\/\",\"url\":\"https:\\\/\\\/darkamazi.site\\\/darka-content\\\/uploads\\\/2017\\\/12\\\/darka-mazi-logo.png\",\"contentUrl\":\"https:\\\/\\\/darkamazi.site\\\/darka-content\\\/uploads\\\/2017\\\/12\\\/darka-mazi-logo.png\",\"width\":151,\"height\":75,\"caption\":\"Darka Mazi T\u00fcrk\u00e7e\"},\"image\":{\"@id\":\"https:\\\/\\\/darkamazi.site\\\/#\\\/schema\\\/logo\\\/image\\\/\"},\"sameAs\":[\"https:\\\/\\\/www.facebook.com\\\/DarkaMaziturkce\",\"https:\\\/\\\/x.com\\\/DarkaMaziTurkce\"]},{\"@type\":\"Person\",\"@id\":\"https:\\\/\\\/darkamazi.site\\\/#\\\/schema\\\/person\\\/67986a95ac546c16760365877ef4a9d3\",\"name\":\"darka mazi\",\"sameAs\":[\"https:\\\/\\\/darkamazi.site\"],\"url\":\"https:\\\/\\\/darkamazi.site\\\/archives\\\/author\\\/turkish\"}]}<\/script>\n<!-- \/ Yoast SEO plugin. -->","seo_head_json":{"title":"Ba\u015fbakan Barzani, M\u0131s\u0131r Cumhurba\u015fkan\u0131 Sisi ile bir araya geldi - Darka Mazi","robots":{"index":"index","follow":"follow","max-snippet":"max-snippet:-1","max-image-preview":"max-image-preview:large","max-video-preview":"max-video-preview:-1"},"canonical":"https:\/\/darkamazi.site\/archives\/1036003","og_locale":"en_US","og_type":"article","og_title":"Ba\u015fbakan Barzani, M\u0131s\u0131r Cumhurba\u015fkan\u0131 Sisi ile bir araya geldi - Darka Mazi","og_description":"K\u00fcrdistan B\u00f6lgesi Ba\u015fbakan\u0131 Mesrur \u200b\u200bBarzani, M\u0131s\u0131r\u2019da Cumhurba\u015fkan\u0131 Abdulfettah Sisi ile bir araya geldi. K\u00fcrdistan B\u00f6lgesi H\u00fck\u00fcmeti taraf\u0131ndan yap\u0131lan a\u00e7\u0131klamaya g\u00f6re M\u0131s\u0131r Cumhurba\u015fkan\u0131 Abdulfettah Sisi, bug\u00fcn (21 Aral\u0131k 2025 Pazar g\u00fcn\u00fc) Ba\u015fbakan Mesrur Barzani&#8217;yi ba\u015fkent Kahire&#8217;de Cumhurba\u015fkanl\u0131\u011f\u0131 Saray\u0131nda kar\u015f\u0131lad\u0131. G\u00f6r\u00fc\u015fmede, M\u0131s\u0131r Cumhurba\u015fkan\u0131, K\u00fcrdistan B\u00f6lgesi Ba\u015fbakan\u0131 Mesrur Barzani&#8217;nin ziyaretinden duydu\u011fu memnuniyeti dile getirerek, \u00fclkesinin K\u00fcrdistan B\u00f6lgesi ile [&hellip;]","og_url":"https:\/\/darkamazi.site\/archives\/1036003","og_site_name":"Darka Mazi","article_publisher":"https:\/\/www.facebook.com\/DarkaMaziturkce","article_published_time":"2025-12-21T19:21:42+00:00","og_image":[{"width":900,"height":497,"url":"https:\/\/darkamazi.site\/file\/2025\/12\/masrur-barzani-ebdulfetah-sisi.jpg","type":"image\/jpeg"}],"author":"darka mazi","twitter_card":"summary_large_image","twitter_creator":"@DarkaMaziTurkce","twitter_site":"@DarkaMaziTurkce","twitter_misc":{"Written by":"darka mazi","Est. reading time":"1 minute"},"schema":{"@context":"https:\/\/schema.org","@graph":[{"@type":"NewsArticle","@id":"https:\/\/darkamazi.site\/archives\/1036003#article","isPartOf":{"@id":"https:\/\/darkamazi.site\/archives\/1036003"},"author":{"name":"darka mazi","@id":"https:\/\/darkamazi.site\/#\/schema\/person\/67986a95ac546c16760365877ef4a9d3"},"headline":"Ba\u015fbakan Barzani, M\u0131s\u0131r Cumhurba\u015fkan\u0131 Sisi ile bir araya geldi","datePublished":"2025-12-21T19:21:42+00:00","mainEntityOfPage":{"@id":"https:\/\/darkamazi.site\/archives\/1036003"},"wordCount":195,"publisher":{"@id":"https:\/\/darkamazi.site\/#organization"},"image":{"@id":"https:\/\/darkamazi.site\/archives\/1036003#primaryimage"},"thumbnailUrl":"https:\/\/darkamazi.site\/file\/2025\/12\/masrur-barzani-ebdulfetah-sisi.jpg","keywords":["\u00f6nemli"],"articleSection":["Kurdistan"],"inLanguage":"en-US"},{"@type":"WebPage","@id":"https:\/\/darkamazi.site\/archives\/1036003","url":"https:\/\/darkamazi.site\/archives\/1036003","name":"Ba\u015fbakan Barzani, M\u0131s\u0131r Cumhurba\u015fkan\u0131 Sisi ile bir araya geldi - Darka Mazi","isPartOf":{"@id":"https:\/\/darkamazi.site\/#website"},"primaryImageOfPage":{"@id":"https:\/\/darkamazi.site\/archives\/1036003#primaryimage"},"image":{"@id":"https:\/\/darkamazi.site\/archives\/1036003#primaryimage"},"thumbnailUrl":"https:\/\/darkamazi.site\/file\/2025\/12\/masrur-barzani-ebdulfetah-sisi.jpg","datePublished":"2025-12-21T19:21:42+00:00","breadcrumb":{"@id":"https:\/\/darkamazi.site\/archives\/1036003#breadcrumb"},"inLanguage":"en-US","potentialAction":[{"@type":"ReadAction","target":["https:\/\/darkamazi.site\/archives\/1036003"]}]},{"@type":"ImageObject","inLanguage":"en-US","@id":"https:\/\/darkamazi.site\/archives\/1036003#primaryimage","url":"https:\/\/darkamazi.site\/file\/2025\/12\/masrur-barzani-ebdulfetah-sisi.jpg","contentUrl":"https:\/\/darkamazi.site\/file\/2025\/12\/masrur-barzani-ebdulfetah-sisi.jpg","width":900,"height":497,"caption":"Ba\u015fbakan Barzani, M\u0131s\u0131r Cumhurba\u015fkan\u0131 Sisi ile bir araya geldi"},{"@type":"BreadcrumbList","@id":"https:\/\/darkamazi.site\/archives\/1036003#breadcrumb","itemListElement":[{"@type":"ListItem","position":1,"name":"Home","item":"https:\/\/darkamazi.site\/"},{"@type":"ListItem","position":2,"name":"Ba\u015fbakan Barzani, M\u0131s\u0131r Cumhurba\u015fkan\u0131 Sisi ile bir araya geldi"}]},{"@type":"WebSite","@id":"https:\/\/darkamazi.site\/#website","url":"https:\/\/darkamazi.site\/","name":"Darka Mazi","description":"Ana Sayfa","publisher":{"@id":"https:\/\/darkamazi.site\/#organization"},"potentialAction":[{"@type":"SearchAction","target":{"@type":"EntryPoint","urlTemplate":"https:\/\/darkamazi.site\/?s={search_term_string}"},"query-input":{"@type":"PropertyValueSpecification","valueRequired":true,"valueName":"search_term_string"}}],"inLanguage":"en-US"},{"@type":"Organization","@id":"https:\/\/darkamazi.site\/#organization","name":"Darka Mazi T\u00fcrk\u00e7e","alternateName":"Darka Mazi","url":"https:\/\/darkamazi.site\/","logo":{"@type":"ImageObject","inLanguage":"en-US","@id":"https:\/\/darkamazi.site\/#\/schema\/logo\/image\/","url":"https:\/\/darkamazi.site\/file\/2017\/12\/darka-mazi-logo.png","contentUrl":"https:\/\/darkamazi.site\/file\/2017\/12\/darka-mazi-logo.png","width":151,"height":75,"caption":"Darka Mazi T\u00fcrk\u00e7e"},"image":{"@id":"https:\/\/darkamazi.site\/#\/schema\/logo\/image\/"},"sameAs":["https:\/\/www.facebook.com\/DarkaMaziturkce","https:\/\/x.com\/DarkaMaziTurkce"]},{"@type":"Person","@id":"https:\/\/darkamazi.site\/#\/schema\/person\/67986a95ac546c16760365877ef4a9d3","name":"darka mazi","sameAs":["https:\/\/darkamazi.site"],"url":"https:\/\/darkamazi.site\/archives\/author\/turkish"}]}},"_links":{"self":[{"href":"https:\/\/darkamazi.site\/funavuv\/wp\/v2\/posts\/1036003","targetHints":{"allow":["GET"]}}],"collection":[{"href":"https:\/\/darkamazi.site\/funavuv\/wp\/v2\/posts"}],"about":[{"href":"https:\/\/darkamazi.site\/funavuv\/wp\/v2\/types\/post"}],"author":[{"embeddable":true,"href":"https:\/\/darkamazi.site\/funavuv\/wp\/v2\/users\/2"}],"replies":[{"embeddable":true,"href":"https:\/\/darkamazi.site\/funavuv\/wp\/v2\/comments?post=1036003"}],"version-history":[{"count":0,"href":"https:\/\/darkamazi.site\/funavuv\/wp\/v2\/posts\/1036003\/revisions"}],"wp:featuredmedia":[{"embeddable":true,"href":"https:\/\/darkamazi.site\/funavuv\/wp\/v2\/media\/1036004"}],"wp:attachment":[{"href":"https:\/\/darkamazi.site\/funavuv\/wp\/v2\/media?parent=1036003"}],"wp:term":[{"taxonomy":"category","embeddable":true,"href":"https:\/\/darkamazi.site\/funavuv\/wp\/v2\/categories?post=1036003"},{"taxonomy":"post_tag","embeddable":true,"href":"https:\/\/darkamazi.site\/funavuv\/wp\/v2\/tags?post=1036003"}],"curies":[{"name":"wp","href":"https:\/\/api.w.org\/{rel}","templated":true}]}}