{"id":1036010,"date":"2025-12-22T12:45:11","date_gmt":"2025-12-22T09:45:11","guid":{"rendered":"https:\/\/darkamazi.site\/?p=1036010"},"modified":"2025-12-22T12:45:11","modified_gmt":"2025-12-22T09:45:11","slug":"panorama-2025","status":"publish","type":"post","link":"https:\/\/darkamazi.site\/archives\/1036010","title":{"rendered":"PANORAMA-2025!"},"content":{"rendered":"<p style=\"text-align: justify\">13 y\u0131l s\u00fcren bir i\u00e7 sava\u015ftan sonra Suriye\u2019de eski rejim y\u0131k\u0131ld\u0131. Yerine selef\u00ee ter\u00f6rist bir \u00f6rg\u00fct (HT\u015e) geldi. Daha \u00f6nce ABD taraf\u0131ndan 10 milyon dolar \u00f6d\u00fclle aranan Ahmed el-\u015earaa (Colan\u00ee) iktidara yerle\u015fti. B\u00f6lge ve d\u00fcnyadaki baz\u0131 siyasi akt\u00f6rler bu ter\u00f6risti <strong><em>\u201cme\u015frula\u015ft\u0131rma\u201d<\/em><\/strong> hamleleri yap\u0131yor!<\/p>\n<p style=\"text-align: justify\">Esad rejiminin \u00e7\u00f6k\u00fc\u015f\u00fc, HT\u015e\u2019nin h\u0131zl\u0131 ilerleyi\u015fiyle ger\u00e7ekle\u015fti. Grup, \u015eam\u2019\u0131 ele ge\u00e7irdikten sonra Ahmed el-\u015earaa\u2019y\u0131 de facto lider ilan etti. Ba\u015flang\u0131\u00e7ta <strong><em>\u201c\u0131l\u0131ml\u0131\u201d <\/em><\/strong>bir g\u00f6r\u00fcnt\u00fc \u00e7izen y\u00f6netim, di\u011fer ter\u00f6r \u00f6rg\u00fctleriyle ittifak kurarak bir kabine olu\u015fturdu. Ancak bu <strong><em>\u201ctaze gelin\u201d<\/em><\/strong> gibi ba\u015flayan s\u00fcre\u00e7, M\u00fcseyrilere ve D\u00fcrz\u00eelere y\u00f6nelik katliamlarla, h\u0131zla kanl\u0131 bir y\u00fcze b\u00fcr\u00fcnd\u00fc. Nakit s\u0131k\u0131nt\u0131s\u0131 ve uluslararas\u0131 deste\u011fin s\u0131n\u0131rl\u0131 olmas\u0131 y\u00f6netimi zorlarken, Suudi Arabistan gibi K\u00f6rfez \u00fclkeleri devreye girdi: \u00dc\u00e7 ayl\u0131k memur maa\u015flar\u0131n\u0131 kar\u015f\u0131layacaklar\u0131n\u0131 taahh\u00fct ettiler ve baz\u0131 ekonomik ambargolar\u0131n kald\u0131r\u0131lmas\u0131 i\u00e7in \u00e7aba g\u00f6sterdiler.<\/p>\n<p style=\"text-align: justify\">Ortado\u011fu\u2019da hem <strong><em>\u201csava\u015f\u201d <\/em><\/strong>hem de <strong><em>\u201cbar\u0131\u015f\u201d<\/em><\/strong> naralar\u0131 bir arada at\u0131l\u0131yor. Bu heng\u00e2me i\u00e7inde ko\u015fullar ve nas\u0131llar belirlenmeye \u00e7al\u0131\u015f\u0131l\u0131yor. \u00d6yle g\u00f6r\u00fcn\u00fcyor ki, kurdler hem sava\u015f\u0131n hem de bar\u0131\u015f\u0131n g\u00f6z ard\u0131 edilemeyecek akt\u00f6rleridir. ABD, bir taraftan <strong><em>\u201cKurdler \u00f6lmesin\u201d <\/em><\/strong>diye onlara savunma zemini haz\u0131rl\u0131yor, \u00f6b\u00fcr taraftan Kurdlerin kendi topraklar\u0131 \u00fczerinde kendi kendilerini y\u00f6netmesi projesinden yoksun b\u0131rakarak,kendi \u00e7\u0131kar\u0131 i\u00e7in pazarl\u0131klar\u0131n arac\u0131 haline getiriyor.<\/p>\n<p style=\"text-align: justify\">Bu da bizim <strong><em>\u201cnas\u0131l bir siyasi stat\u00fc\u201d<\/em><\/strong> konusunda ciddi belirsizliklere ve zaman a\u015f\u0131m\u0131na neden oluyor. \u00c7\u00fcnk\u00fc zaman ve gidi\u015fat, sahada olup bitenler her yoruma a\u00e7\u0131k durumda. \u0130\u015fte b\u00f6yle bir ortamda <strong><em>2025<\/em><\/strong>\u2019e girdik.<\/p>\n<p style=\"text-align: justify\">Akt\u00f6rler aras\u0131nda diplomatik ili\u015fkiler, gelgitlerle dolu bir y\u0131l ge\u00e7irdik.<\/p>\n<p style=\"text-align: justify\">Ortado\u011fu\u2019da \u00f6nce ahtapot gibi yay\u0131lm\u0131\u015f \u0130ran\u2019\u0131n \u00f6nemli derecede kollar\u0131 kesildi. \u00d6nce <strong><em>\u201c12 g\u00fcn sava\u015f\u0131\u201d<\/em><\/strong> ad\u0131 verilen \u0130srail sald\u0131r\u0131lar\u0131, daha sonra da ABD\u2019nin hava sald\u0131r\u0131lar\u0131yla \u0130ran ciddi bir darbe yedi; ama h\u00e2l\u00e2 Kurdler i\u00e7in bir tehlike olarak duruyor. Ha\u015fdi \u015eabi \u00f6rg\u00fctleri kanal\u0131yla Irak\u2019ta ciddi bir g\u00fc\u00e7 olarak hem Irak \u00fczerinden G\u00fcney Kurdistan Federasyonu\u2019nu dizayn etmeye \u00e7al\u0131\u015f\u0131yor hem de genel olarak Irak\u2019ta siyasetin gidi\u015fat\u0131na y\u00f6n veren pozisyonunu koruyor.<\/p>\n<p style=\"text-align: justify\"><strong><em>10 <\/em><\/strong>Mart\u2019ta<strong><em> Mazlum Abdi <\/em><\/strong>ve<strong><em> Colani <\/em><\/strong>aras\u0131nda bir anla\u015fma imzaland\u0131. Bu anla\u015fma tamamen T\u00fcrkiye\u2019nin haz\u0131rlay\u0131p \u00f6nlerine koydu\u011fu bir anla\u015fmayd\u0131. M\u00fcseyri katliam\u0131n\u0131n y\u00fcr\u00fct\u00fcld\u00fc\u011f\u00fc anda, cesetler daha yerdeyken alel acele imzaland\u0131. Ben o d\u00f6nemde Kurd\u00e7e yaz\u0131lm\u0131\u015f bir makalemde <strong><em>\u201cBu Anla\u015fma K\u00fcrtlerin Elini-Kolunu Ba\u011flayan Bir Anla\u015fmad\u0131r\u201d<\/em><\/strong> diye bir ba\u015fl\u0131kla, maddeleri incelemi\u015ftim ve okuyucuyla payla\u015fm\u0131\u015ft\u0131m. O anla\u015fmadan bu yana 10 ayd\u0131r T\u00fcrkiye, Mazlum Abdi\u2019ye o anla\u015fmay\u0131 hayata ge\u00e7irmesi i\u00e7in bask\u0131 uyguluyor. Mazlum Abdi ve y\u00f6netimi hem anla\u015fmay\u0131 reddetmiyor hem de uygulam\u0131yor. \u00c7\u00fcnk\u00fc o anla\u015fman\u0131n i\u00e7eri\u011fi tamamen teslim olma, olu\u015fan de facto yap\u0131y\u0131 da\u011f\u0131tma ve Suriye devletine entegre olmay\u0131 hedeflemektedir. Bu anla\u015fma konusunda devam eden sessizlik, ayn\u0131 zamanda Kurd talepleri ve stat\u00fcs\u00fc konusunda bir belirsizlik, karars\u0131zl\u0131k olarak, kurdlerin eli kolu ba\u011fl\u0131, bir zaman kayb\u0131 demektir. Bu da yenilginin tehlikeli durumlar\u0131ndan birinin ba\u015flang\u0131c\u0131d\u0131r.<\/p>\n<p style=\"text-align: justify\">G\u00fcneybat\u0131 Kurdistan par\u00e7as\u0131nda, bu d\u00f6nemde riskler ve f\u0131rsatlar birlikte de\u011ferlendirildi\u011finde, alanda <strong><em>\u201cKurd siyaseti<\/em><\/strong>\u201dni temsil eden g\u00fc\u00e7 Kurd milleti a\u00e7\u0131s\u0131ndan b\u00fcy\u00fck bir zaaft\u0131r. Harcanan emek kar\u015f\u0131l\u0131\u011f\u0131 elde tutulmas\u0131 gereken kazan\u0131mlar ciddi risk alt\u0131ndad\u0131r. Bu risklerin, ikircikli siyasetin fark\u0131nda olmak ve buna uygun \u015fekilde Kurd ve Kurdistan\u00ee bir siyaset \u00fcretmek ertelenemez bir g\u00f6revdir. Aksi takdirde, G\u00fcneybat\u0131 Kurdistan\u2019da bunca emek ve kayba kar\u015f\u0131n, Kurdler tarihi bir k\u0131r\u0131lmay\u0131 ya\u015far.<\/p>\n<p style=\"text-align: justify\">G\u00fcney Kurdistan\u2019da 20 Ekim 2025\u2019te Kurdistan Parlamentosu se\u00e7imleri oldu. Bir y\u0131ldan fazlad\u0131r parlamento i\u015flevsizle\u015ftirildi ve yeni h\u00fck\u00fcmet kurulamad\u0131. Bu da siyasi irade olarak Kurdler a\u00e7\u0131s\u0131ndan ciddi bir bo\u015flu\u011fu ve belirsizli\u011fi beraberinde getiriyor.<\/p>\n<p style=\"text-align: justify\">T\u00fcrkiye\u2019de ve Kuzey Kurdistan\u2019da, MHP Genel Ba\u015fkan\u0131 Devlet Bah\u00e7eli\u2019nin \u00e7a\u011fr\u0131s\u0131 ile olup bitenler, \u00d6calan-DEM Parti ve PKK cephesinde bir \u00e7\u00f6k\u00fc\u015f, bir teslimiyet ve \u201c<strong><em>T\u00fcrkle\u015fmeyi\u201d<\/em><\/strong> se\u00e7en bir hik\u00e2yedir.<\/p>\n<p style=\"text-align: justify\">Oysa Kurd ve Kurdistan meselesi, tarihsel derinli\u011fi ve uluslararas\u0131 boyutlar\u0131yla modern d\u00fcnyan\u0131n en karma\u015f\u0131k ulusal m\u00fccadelelerinden birini temsil etmektedir. Kurd ve Kurdistan\u2019a \u00f6zg\u00fc \u00e7\u00f6z\u00fcm do\u011frultusunda, bu mesele \u00f6ncelikle bir ba\u011f\u0131ms\u0131zl\u0131k kavgas\u0131 olarak ele al\u0131nmas\u0131 ve ilerlemesi gerekiyor. Kurdistan\u2019da yakla\u015f\u0131k 220 y\u0131ld\u0131r s\u00fcren Kurd direni\u015fi, Kurd milletinin kendi kaderini tayin etme hakk\u0131 i\u00e7in verdi\u011fi bir m\u00fccadele olarak tarihte yerini almak zorundad\u0131r. Bu direni\u015f, antik d\u00f6nemlerden Osmanl\u0131 \u0130mparatorlu\u011fu\u2019na, oradan modern ulus-devlet yap\u0131lar\u0131na uzanan bir s\u00fcre\u00e7te, Kurdistan topraklar\u0131n\u0131n s\u00fcrekli i\u015fgale u\u011framas\u0131 ve Kurd kimli\u011finin bast\u0131r\u0131lmas\u0131na kar\u015f\u0131, kendi topraklar\u0131n\u0131n efendisi olma talebi olarak \u015fekillenmi\u015ftir. Ba\u011f\u0131ms\u0131zl\u0131k talebi, sadece toprak par\u00e7as\u0131 de\u011fil, k\u00fclt\u00fcrel, dilsel ve siyasi \u00f6zerklik anlam\u0131na gelmekte olup Kurd milletinin nesne olmaktan \u00e7\u0131k\u0131p \u00f6zne haline gelme \u00e7abas\u0131n\u0131 simgelemektedir.<\/p>\n<p style=\"text-align: justify\">\u00d6calan-Devlet Bah\u00e7eli ve PKK-DEM Parti belkemiksizlerinin y\u00fcr\u00fctt\u00fc\u011f\u00fc <strong><em>\u201cyeni paradigma\u201d <\/em><\/strong>tamamen Kurdleri millet olmaktan kaynakl\u0131 b\u00fct\u00fcn haklar\u0131ndan vazge\u00e7erek, T\u00fcrkle\u015fmeyi kabul edilir pozisyona getirmeyi ama\u00e7lamaktad\u0131r. 2025 boyunca yo\u011fun bir \u015fekilde bu sorunlar tart\u0131\u015f\u0131ld\u0131. Benim de bu noktada iki ara\u015ft\u0131rma ve analiz i\u00e7erikli makalem <strong><em>\u201cDarka Maz\u00ee\u201d<\/em><\/strong> ve G\u00fcneybat\u0131 K\u00fcrdistanl\u0131lar\u0131n \u00e7\u0131kard\u0131\u011f\u0131 <strong><em>\u201cYekiti Media\u201d<\/em><\/strong>da Kurd\u00e7e ve T\u00fcrk\u00e7e olarak \u00e7\u0131kt\u0131. Bu makalelerim \u015fu ba\u015fl\u0131klar\u0131 ta\u015f\u0131yordu:<strong><em>\u201cManip\u00fclasyonun K\u00fcrt Milletini Yoksayma Boyutu<\/em><\/strong>!\u201d ve<br \/>\n<strong><em>\u201cK\u00fcrt ve K\u00fcrdistan Meselesi: Ba\u011f\u0131ms\u0131zl\u0131k, Ayd\u0131nlanma ve \u00d6zg\u00fcrl\u00fck Ba\u011flam\u0131nda Bir Siyasi Analiz!\u201d<\/em><\/strong><\/p>\n<p style=\"text-align: justify\">Bu makalelerde \u00f6zetle:<br \/>\n<em>\u201cAbdullah \u00d6calan\u2019\u0131n \u0130mral\u0131\u2019dan servis edilen son mesajlar\u0131nda \u00f6ne \u00e7\u0131kar\u0131lan <strong>\u2018demokratik ulus\u2019<\/strong>, \u2018<strong>demokratik konfederalizm\u2019<\/strong>, <strong>\u2018objektif demokrasi\u2019, \u2018objektif entegrasyon\u2019 <\/strong>gibi kavramlar, sosyolojik ger\u00e7ekli\u011fi olmayan, tamamen semantik manip\u00fclasyon ara\u00e7lar\u0131d\u0131r. Bu kavramlar, Kurdleri politik bir \u00f6zne olmaktan \u00e7\u0131kar\u0131p, T\u00fcrkiye Cumhuriyeti\u2019nin \u00fcniter yap\u0131s\u0131 i\u00e7inde \u2018<strong>k\u00fclt\u00fcrel farkl\u0131l\u0131k\u2019<\/strong> d\u00fczeyine indirgeyerek eritmeyi hedefleyen yeni bir asimilasyon projesidir.\u201d<\/em> dedim ve di\u011fer analizde ise;<br \/>\n<em>\u201cKurd ve Kurdistan meselesi dini bir \u00e7er\u00e7evede ele al\u0131namayaca\u011f\u0131d\u0131r. Kurd ve Kurdistan sorunu bir <strong>\u2018\u00fcmmet\u2019 <\/strong>meselesi de\u011fildir; t\u0131pk\u0131 Katalanlar\u0131n \u0130spanya\u2019dan ba\u011f\u0131ms\u0131zl\u0131k talebinin Hristiyan karde\u015fli\u011fiyle \u00e7\u00f6z\u00fclemeyece\u011fi gibi, Kurd ve Kurdistan meselesi de \u0130slam karde\u015fli\u011fi i\u00e7inde ele al\u0131namaz. Kurd milletine inkar, zul\u00fcm ve jenosit uygulayan d\u00f6rt devlet de M\u00fcsl\u00fcmand\u0131r. Kurd milleti M\u00fcsl\u00fcman \u00e7o\u011funluklu olsa da mesele etnik ve ulusal kimlik \u00fczerine kuruludur. Basklar, \u0130sko\u00e7lar veya Katalanlar gibi, bu m\u00fccadele sek\u00fcler bir ulusal bilin\u00e7le ilerler. Karde\u015flik ve dini karde\u015flik s\u00f6ylemleri, genellikle egemen devletler taraf\u0131ndan ulusal talepleri bast\u0131rmak i\u00e7in kullan\u0131lan retorik ara\u00e7lard\u0131r ve ger\u00e7ek \u00e7\u00f6z\u00fcm\u00fc engeller. Kurd ve Kurdistan meselesi, evrensel insan haklar\u0131 ve ulusal haklar ba\u011flam\u0131nda de\u011ferlendirilmelidir.\u201d<\/em> diyerek <strong><em>\u201cs\u00fcre\u00e7\u201d<\/em><\/strong> ve manip\u00fclasyonlara cevap vermi\u015ftim.<\/p>\n<p style=\"text-align: justify\">Ahmed el-\u015earaa (Colani) 8 Kas\u0131m 2025\u2019te ABD\u2019ye gitmek \u00fczere randevula\u015ft\u0131. ABD\u2019nin alelacele \u015eam\u2019a g\u00f6nderdi\u011fi ilk \u00fcst d\u00fczey heyetin lideri <strong><em>Barbara Leaf<\/em><\/strong>; HT\u015e lideri Colani ile yap\u0131lan g\u00f6r\u00fc\u015fmenin detaylar\u0131n\u0131 payla\u015ft\u0131. \u201c<strong><em>Colani i\u00e7in konulan 10 milyon dolarl\u0131k \u00f6d\u00fcl\u00fcn kald\u0131r\u0131ld\u0131\u011f\u0131n\u0131\u201d<\/em><\/strong> duyuran Leaf, hemen a\u00e7\u0131klaman\u0131n ard\u0131ndan, T\u00fcrkiye\u2019nin Suriye\u2019deki rol\u00fcne de dikkat \u00e7ekti ve \u0130ran\u2019\u0131n da Suriye\u2019nin gelece\u011finde yer almamas\u0131 gerekti\u011fini ifade etti. Selef\u00ee ter\u00f6r \u00f6rg\u00fctleriyle <strong><em>\u201cyeni Sur\u00eeye\u201d<\/em><\/strong>yi in\u015fa etmek \u00e7ok kolay g\u00f6r\u00fcnm\u00fcyor. Anla\u015f\u0131lan ABD, b\u00f6lgedeki iki akt\u00f6r\u00fcn yan\u0131nda, T\u00fcrkiye\u2019ye de g\u00f6rev vererek sonuca gitmek istiyor. Bu da c\u00eeddi bir anti-Kurd kart\u0131n g\u00fc\u00e7lenmesi anlam\u0131na geliyor.<\/p>\n<p style=\"text-align: justify\">Daha \u00f6nce ter\u00f6rist diye ba\u015f\u0131na 10 milyon dolar \u00f6d\u00fcl konulan Colani, Beyaz Saray\u2019da ABD Ba\u015fkan\u0131 <strong><em>Trump<\/em><\/strong> taraf\u0131ndan parf\u00fcml\u00fc merasimle kar\u015f\u0131land\u0131. Hat\u0131rlanaca\u011f\u0131 gibi, daha \u00f6nce <strong>ABD<\/strong>\u2019nin \u015eam eski B\u00fcy\u00fckel\u00e7isi<strong> Robert Ford<em>:<\/em><\/strong> <strong><em>\u201cColani\u2019yi biz e\u011fitip y\u00f6nlendirdik\u201d(!)<\/em><\/strong> diye a\u00e7\u0131klama yapm\u0131\u015ft\u0131.<\/p>\n<p style=\"text-align: justify\">ABD d\u00f6n\u00fc\u015f\u00fc Ahmed el-\u015earaa denilen Colani\u2019nin hem Kurd b\u00f6lgesine y\u00f6nelik T\u00fcrkiye ile birlikte bask\u0131y\u0131 yo\u011funla\u015ft\u0131rmas\u0131 ard\u0131ndan, <strong><em>Palmira<\/em><\/strong> b\u00f6lgesinde <strong><em>ABD <\/em><\/strong>askerlerine ate\u015f a\u00e7\u0131ld\u0131. Bu sald\u0131r\u0131da iki ABD askeri ve bir sivil g\u00f6revli hayat\u0131n\u0131 kaybetti, \u00fc\u00e7 ki\u015fi de yaraland\u0131. Sald\u0131r\u0131, Colani\u2019ye ba\u011fl\u0131 ordu askeri taraf\u0131ndan yap\u0131ld\u0131\u011f\u0131 resmen belirlendi. Bu da g\u00f6steriyor ki ABD yetkilisi, her ne kadar <strong><em>\u201cColani\u2019yi biz e\u011fitip y\u00f6nlendirdik\u201d<\/em><\/strong> dese de, Colani\u2019ye ba\u011fl\u0131 g\u00fc\u00e7lerin I\u015e\u0130D, El Kaide ve El Nusra\u2019ya ba\u011fl\u0131 selef\u00ee ter\u00f6rist \u00f6rg\u00fctlerle i\u00e7 i\u00e7e oldu\u011fu, yeni bir Suriye in\u015fas\u0131n\u0131n Suriye\u2019deki etnik ve ulusal g\u00fc\u00e7ler i\u00e7in ciddi riskler ta\u015f\u0131d\u0131\u011f\u0131n\u0131 g\u00f6stermektedir. Colani\u2019nin bu g\u00fc\u00e7leri kontr\u00f6l etmesi ve ehlile\u015ftirmesi kolay g\u00f6r\u00fcnm\u00fcyor.<\/p>\n<p style=\"text-align: justify\"><strong>2025<\/strong>\u2019te b\u00fct\u00fcn kurdleri ilgilendiren iki \u00f6nemli olay daha oldu. Bunlardan biri \u00fcz\u00fcc\u00fc bir olayd\u0131: Mamoste <strong>\u0130smail Be\u015fik\u00e7i, <\/strong>hayat\u0131n\u0131 konu alan belgesel filmin <strong>(Bizim \u0130smail)<\/strong> izlenmesi s\u0131ras\u0131nda, beyin kanamas\u0131 ge\u00e7irdi ve tedaw\u00ee alt\u0131na al\u0131nd\u0131. Bu olay B\u00fct\u00fcn kurdleri \u00fczd\u00fc.<\/p>\n<p style=\"text-align: justify\">Di\u011fer olay ise; Ba\u015fkan <strong>Mesud barzan\u00ee<\/strong>\u2019nin \u00f6zel kurumalariyle silahl\u0131 olarak, Cizre\u2019de d\u00fczenlenen <strong>Melay\u00ea Ciz\u00eer\u00ee<\/strong> anma etkinli\u011fine kat\u0131lmas\u0131 idi. B\u00fct\u00fcn kurdleri sevindiren bu etkinlikte; Ba\u015fkan <strong>Mesud Barzan\u00ee, <\/strong>Kurdistan bayraklar\u0131 ile, b\u00fcy\u00fck bir ilgi ve <strong><em>\u201cBij\u00ea Kurdistan, bij\u00ee p\u00ea\u015fmerge\u201d <\/em><\/strong>\u015f\u00eearlar\u0131 ile kar\u015f\u0131land\u0131. Bu milliyet\u00e7i Kurd dalgas\u0131 barbar t\u00fcrkleri rahats\u0131z etti.<\/p>\n<p style=\"text-align: justify\">2026 y\u0131l\u0131n\u0131n Kurd mileti ve kurdistanl\u0131lar i\u00e7in kazan\u0131mlar\u0131n bol, iyi diplomatik ili\u015fkilerin elde edilmesi, kurumsal ad\u0131mlar\u0131n h\u0131zla at\u0131lmas\u0131 y\u0131l\u0131 olmas\u0131 dile\u011fiyle, hepinizin yeni y\u0131l\u0131n\u0131 kutluyorum.<\/p>\n","protected":false},"excerpt":{"rendered":"<p>13 y\u0131l s\u00fcren bir i\u00e7 sava\u015ftan sonra Suriye\u2019de eski rejim y\u0131k\u0131ld\u0131. Yerine selef\u00ee ter\u00f6rist bir \u00f6rg\u00fct (HT\u015e) geldi. Daha \u00f6nce ABD taraf\u0131ndan 10 milyon dolar \u00f6d\u00fclle aranan Ahmed el-\u015earaa (Colan\u00ee) iktidara yerle\u015fti. B\u00f6lge ve d\u00fcnyadaki baz\u0131 siyasi akt\u00f6rler bu ter\u00f6risti \u201cme\u015frula\u015ft\u0131rma\u201d hamleleri yap\u0131yor! Esad rejiminin \u00e7\u00f6k\u00fc\u015f\u00fc, HT\u015e\u2019nin h\u0131zl\u0131 ilerleyi\u015fiyle ger\u00e7ekle\u015fti. Grup, \u015eam\u2019\u0131 ele ge\u00e7irdikten sonra [&hellip;]<\/p>\n","protected":false},"author":2,"featured_media":1036011,"comment_status":"closed","ping_status":"closed","sticky":false,"template":"","format":"standard","meta":{"footnotes":""},"categories":[26],"tags":[31],"class_list":["post-1036010","post","type-post","status-publish","format-standard","has-post-thumbnail","hentry","category-forum","tag-onemli"],"blocksy_meta":[],"seo_head":"<!-- This site is optimized with the Yoast SEO plugin v27.5 - https:\/\/yoast.com\/product\/yoast-seo-wordpress\/ -->\n<title>PANORAMA-2025! - Darka Mazi<\/title>\n<meta name=\"robots\" content=\"index, follow, max-snippet:-1, max-image-preview:large, max-video-preview:-1\" \/>\n<link rel=\"canonical\" href=\"https:\/\/darkamazi.site\/archives\/1036010\" \/>\n<meta property=\"og:locale\" content=\"en_US\" \/>\n<meta property=\"og:type\" content=\"article\" \/>\n<meta property=\"og:title\" content=\"PANORAMA-2025! - Darka Mazi\" \/>\n<meta property=\"og:description\" content=\"13 y\u0131l s\u00fcren bir i\u00e7 sava\u015ftan sonra Suriye\u2019de eski rejim y\u0131k\u0131ld\u0131. Yerine selef\u00ee ter\u00f6rist bir \u00f6rg\u00fct (HT\u015e) geldi. Daha \u00f6nce ABD taraf\u0131ndan 10 milyon dolar \u00f6d\u00fclle aranan Ahmed el-\u015earaa (Colan\u00ee) iktidara yerle\u015fti. B\u00f6lge ve d\u00fcnyadaki baz\u0131 siyasi akt\u00f6rler bu ter\u00f6risti \u201cme\u015frula\u015ft\u0131rma\u201d hamleleri yap\u0131yor! Esad rejiminin \u00e7\u00f6k\u00fc\u015f\u00fc, HT\u015e\u2019nin h\u0131zl\u0131 ilerleyi\u015fiyle ger\u00e7ekle\u015fti. Grup, \u015eam\u2019\u0131 ele ge\u00e7irdikten sonra [&hellip;]\" \/>\n<meta property=\"og:url\" content=\"https:\/\/darkamazi.site\/archives\/1036010\" \/>\n<meta property=\"og:site_name\" content=\"Darka Mazi\" \/>\n<meta property=\"article:publisher\" content=\"https:\/\/www.facebook.com\/DarkaMaziturkce\" \/>\n<meta property=\"article:published_time\" content=\"2025-12-22T09:45:11+00:00\" \/>\n<meta property=\"og:image\" content=\"https:\/\/darkamazi.site\/file\/2025\/12\/sheyhmus-2.jpg\" \/>\n\t<meta property=\"og:image:width\" content=\"900\" \/>\n\t<meta property=\"og:image:height\" content=\"475\" \/>\n\t<meta property=\"og:image:type\" content=\"image\/jpeg\" \/>\n<meta name=\"author\" content=\"darka mazi\" \/>\n<meta name=\"twitter:card\" content=\"summary_large_image\" \/>\n<meta name=\"twitter:creator\" content=\"@DarkaMaziTurkce\" \/>\n<meta name=\"twitter:site\" content=\"@DarkaMaziTurkce\" \/>\n<meta name=\"twitter:label1\" content=\"Written by\" \/>\n\t<meta name=\"twitter:data1\" content=\"darka mazi\" \/>\n\t<meta name=\"twitter:label2\" content=\"Est. reading time\" \/>\n\t<meta name=\"twitter:data2\" content=\"6 minutes\" \/>\n<script type=\"application\/ld+json\" class=\"seo-schema-graph\">{\"@context\":\"https:\\\/\\\/schema.org\",\"@graph\":[{\"@type\":\"NewsArticle\",\"@id\":\"https:\\\/\\\/darkamazi.site\\\/archives\\\/1036010#article\",\"isPartOf\":{\"@id\":\"https:\\\/\\\/darkamazi.site\\\/archives\\\/1036010\"},\"author\":{\"name\":\"darka mazi\",\"@id\":\"https:\\\/\\\/darkamazi.site\\\/#\\\/schema\\\/person\\\/67986a95ac546c16760365877ef4a9d3\"},\"headline\":\"PANORAMA-2025!\",\"datePublished\":\"2025-12-22T09:45:11+00:00\",\"mainEntityOfPage\":{\"@id\":\"https:\\\/\\\/darkamazi.site\\\/archives\\\/1036010\"},\"wordCount\":1790,\"publisher\":{\"@id\":\"https:\\\/\\\/darkamazi.site\\\/#organization\"},\"image\":{\"@id\":\"https:\\\/\\\/darkamazi.site\\\/archives\\\/1036010#primaryimage\"},\"thumbnailUrl\":\"https:\\\/\\\/darkamazi.site\\\/darka-content\\\/uploads\\\/2025\\\/12\\\/sheyhmus-2.jpg\",\"keywords\":[\"\u00f6nemli\"],\"articleSection\":[\"Forum\"],\"inLanguage\":\"en-US\"},{\"@type\":\"WebPage\",\"@id\":\"https:\\\/\\\/darkamazi.site\\\/archives\\\/1036010\",\"url\":\"https:\\\/\\\/darkamazi.site\\\/archives\\\/1036010\",\"name\":\"PANORAMA-2025! - Darka Mazi\",\"isPartOf\":{\"@id\":\"https:\\\/\\\/darkamazi.site\\\/#website\"},\"primaryImageOfPage\":{\"@id\":\"https:\\\/\\\/darkamazi.site\\\/archives\\\/1036010#primaryimage\"},\"image\":{\"@id\":\"https:\\\/\\\/darkamazi.site\\\/archives\\\/1036010#primaryimage\"},\"thumbnailUrl\":\"https:\\\/\\\/darkamazi.site\\\/darka-content\\\/uploads\\\/2025\\\/12\\\/sheyhmus-2.jpg\",\"datePublished\":\"2025-12-22T09:45:11+00:00\",\"breadcrumb\":{\"@id\":\"https:\\\/\\\/darkamazi.site\\\/archives\\\/1036010#breadcrumb\"},\"inLanguage\":\"en-US\",\"potentialAction\":[{\"@type\":\"ReadAction\",\"target\":[\"https:\\\/\\\/darkamazi.site\\\/archives\\\/1036010\"]}]},{\"@type\":\"ImageObject\",\"inLanguage\":\"en-US\",\"@id\":\"https:\\\/\\\/darkamazi.site\\\/archives\\\/1036010#primaryimage\",\"url\":\"https:\\\/\\\/darkamazi.site\\\/darka-content\\\/uploads\\\/2025\\\/12\\\/sheyhmus-2.jpg\",\"contentUrl\":\"https:\\\/\\\/darkamazi.site\\\/darka-content\\\/uploads\\\/2025\\\/12\\\/sheyhmus-2.jpg\",\"width\":900,\"height\":475,\"caption\":\"PANORAMA-2025!\"},{\"@type\":\"BreadcrumbList\",\"@id\":\"https:\\\/\\\/darkamazi.site\\\/archives\\\/1036010#breadcrumb\",\"itemListElement\":[{\"@type\":\"ListItem\",\"position\":1,\"name\":\"Home\",\"item\":\"https:\\\/\\\/darkamazi.site\\\/\"},{\"@type\":\"ListItem\",\"position\":2,\"name\":\"PANORAMA-2025!\"}]},{\"@type\":\"WebSite\",\"@id\":\"https:\\\/\\\/darkamazi.site\\\/#website\",\"url\":\"https:\\\/\\\/darkamazi.site\\\/\",\"name\":\"Darka Mazi\",\"description\":\"Ana Sayfa\",\"publisher\":{\"@id\":\"https:\\\/\\\/darkamazi.site\\\/#organization\"},\"potentialAction\":[{\"@type\":\"SearchAction\",\"target\":{\"@type\":\"EntryPoint\",\"urlTemplate\":\"https:\\\/\\\/darkamazi.site\\\/?s={search_term_string}\"},\"query-input\":{\"@type\":\"PropertyValueSpecification\",\"valueRequired\":true,\"valueName\":\"search_term_string\"}}],\"inLanguage\":\"en-US\"},{\"@type\":\"Organization\",\"@id\":\"https:\\\/\\\/darkamazi.site\\\/#organization\",\"name\":\"Darka Mazi T\u00fcrk\u00e7e\",\"alternateName\":\"Darka Mazi\",\"url\":\"https:\\\/\\\/darkamazi.site\\\/\",\"logo\":{\"@type\":\"ImageObject\",\"inLanguage\":\"en-US\",\"@id\":\"https:\\\/\\\/darkamazi.site\\\/#\\\/schema\\\/logo\\\/image\\\/\",\"url\":\"https:\\\/\\\/darkamazi.site\\\/darka-content\\\/uploads\\\/2017\\\/12\\\/darka-mazi-logo.png\",\"contentUrl\":\"https:\\\/\\\/darkamazi.site\\\/darka-content\\\/uploads\\\/2017\\\/12\\\/darka-mazi-logo.png\",\"width\":151,\"height\":75,\"caption\":\"Darka Mazi T\u00fcrk\u00e7e\"},\"image\":{\"@id\":\"https:\\\/\\\/darkamazi.site\\\/#\\\/schema\\\/logo\\\/image\\\/\"},\"sameAs\":[\"https:\\\/\\\/www.facebook.com\\\/DarkaMaziturkce\",\"https:\\\/\\\/x.com\\\/DarkaMaziTurkce\"]},{\"@type\":\"Person\",\"@id\":\"https:\\\/\\\/darkamazi.site\\\/#\\\/schema\\\/person\\\/67986a95ac546c16760365877ef4a9d3\",\"name\":\"darka mazi\",\"sameAs\":[\"https:\\\/\\\/darkamazi.site\"],\"url\":\"https:\\\/\\\/darkamazi.site\\\/archives\\\/author\\\/turkish\"}]}<\/script>\n<!-- \/ Yoast SEO plugin. -->","seo_head_json":{"title":"PANORAMA-2025! - Darka Mazi","robots":{"index":"index","follow":"follow","max-snippet":"max-snippet:-1","max-image-preview":"max-image-preview:large","max-video-preview":"max-video-preview:-1"},"canonical":"https:\/\/darkamazi.site\/archives\/1036010","og_locale":"en_US","og_type":"article","og_title":"PANORAMA-2025! - Darka Mazi","og_description":"13 y\u0131l s\u00fcren bir i\u00e7 sava\u015ftan sonra Suriye\u2019de eski rejim y\u0131k\u0131ld\u0131. Yerine selef\u00ee ter\u00f6rist bir \u00f6rg\u00fct (HT\u015e) geldi. Daha \u00f6nce ABD taraf\u0131ndan 10 milyon dolar \u00f6d\u00fclle aranan Ahmed el-\u015earaa (Colan\u00ee) iktidara yerle\u015fti. B\u00f6lge ve d\u00fcnyadaki baz\u0131 siyasi akt\u00f6rler bu ter\u00f6risti \u201cme\u015frula\u015ft\u0131rma\u201d hamleleri yap\u0131yor! Esad rejiminin \u00e7\u00f6k\u00fc\u015f\u00fc, HT\u015e\u2019nin h\u0131zl\u0131 ilerleyi\u015fiyle ger\u00e7ekle\u015fti. Grup, \u015eam\u2019\u0131 ele ge\u00e7irdikten sonra [&hellip;]","og_url":"https:\/\/darkamazi.site\/archives\/1036010","og_site_name":"Darka Mazi","article_publisher":"https:\/\/www.facebook.com\/DarkaMaziturkce","article_published_time":"2025-12-22T09:45:11+00:00","og_image":[{"width":900,"height":475,"url":"https:\/\/darkamazi.site\/file\/2025\/12\/sheyhmus-2.jpg","type":"image\/jpeg"}],"author":"darka mazi","twitter_card":"summary_large_image","twitter_creator":"@DarkaMaziTurkce","twitter_site":"@DarkaMaziTurkce","twitter_misc":{"Written by":"darka mazi","Est. reading time":"6 minutes"},"schema":{"@context":"https:\/\/schema.org","@graph":[{"@type":"NewsArticle","@id":"https:\/\/darkamazi.site\/archives\/1036010#article","isPartOf":{"@id":"https:\/\/darkamazi.site\/archives\/1036010"},"author":{"name":"darka mazi","@id":"https:\/\/darkamazi.site\/#\/schema\/person\/67986a95ac546c16760365877ef4a9d3"},"headline":"PANORAMA-2025!","datePublished":"2025-12-22T09:45:11+00:00","mainEntityOfPage":{"@id":"https:\/\/darkamazi.site\/archives\/1036010"},"wordCount":1790,"publisher":{"@id":"https:\/\/darkamazi.site\/#organization"},"image":{"@id":"https:\/\/darkamazi.site\/archives\/1036010#primaryimage"},"thumbnailUrl":"https:\/\/darkamazi.site\/file\/2025\/12\/sheyhmus-2.jpg","keywords":["\u00f6nemli"],"articleSection":["Forum"],"inLanguage":"en-US"},{"@type":"WebPage","@id":"https:\/\/darkamazi.site\/archives\/1036010","url":"https:\/\/darkamazi.site\/archives\/1036010","name":"PANORAMA-2025! - Darka Mazi","isPartOf":{"@id":"https:\/\/darkamazi.site\/#website"},"primaryImageOfPage":{"@id":"https:\/\/darkamazi.site\/archives\/1036010#primaryimage"},"image":{"@id":"https:\/\/darkamazi.site\/archives\/1036010#primaryimage"},"thumbnailUrl":"https:\/\/darkamazi.site\/file\/2025\/12\/sheyhmus-2.jpg","datePublished":"2025-12-22T09:45:11+00:00","breadcrumb":{"@id":"https:\/\/darkamazi.site\/archives\/1036010#breadcrumb"},"inLanguage":"en-US","potentialAction":[{"@type":"ReadAction","target":["https:\/\/darkamazi.site\/archives\/1036010"]}]},{"@type":"ImageObject","inLanguage":"en-US","@id":"https:\/\/darkamazi.site\/archives\/1036010#primaryimage","url":"https:\/\/darkamazi.site\/file\/2025\/12\/sheyhmus-2.jpg","contentUrl":"https:\/\/darkamazi.site\/file\/2025\/12\/sheyhmus-2.jpg","width":900,"height":475,"caption":"PANORAMA-2025!"},{"@type":"BreadcrumbList","@id":"https:\/\/darkamazi.site\/archives\/1036010#breadcrumb","itemListElement":[{"@type":"ListItem","position":1,"name":"Home","item":"https:\/\/darkamazi.site\/"},{"@type":"ListItem","position":2,"name":"PANORAMA-2025!"}]},{"@type":"WebSite","@id":"https:\/\/darkamazi.site\/#website","url":"https:\/\/darkamazi.site\/","name":"Darka Mazi","description":"Ana Sayfa","publisher":{"@id":"https:\/\/darkamazi.site\/#organization"},"potentialAction":[{"@type":"SearchAction","target":{"@type":"EntryPoint","urlTemplate":"https:\/\/darkamazi.site\/?s={search_term_string}"},"query-input":{"@type":"PropertyValueSpecification","valueRequired":true,"valueName":"search_term_string"}}],"inLanguage":"en-US"},{"@type":"Organization","@id":"https:\/\/darkamazi.site\/#organization","name":"Darka Mazi T\u00fcrk\u00e7e","alternateName":"Darka Mazi","url":"https:\/\/darkamazi.site\/","logo":{"@type":"ImageObject","inLanguage":"en-US","@id":"https:\/\/darkamazi.site\/#\/schema\/logo\/image\/","url":"https:\/\/darkamazi.site\/file\/2017\/12\/darka-mazi-logo.png","contentUrl":"https:\/\/darkamazi.site\/file\/2017\/12\/darka-mazi-logo.png","width":151,"height":75,"caption":"Darka Mazi T\u00fcrk\u00e7e"},"image":{"@id":"https:\/\/darkamazi.site\/#\/schema\/logo\/image\/"},"sameAs":["https:\/\/www.facebook.com\/DarkaMaziturkce","https:\/\/x.com\/DarkaMaziTurkce"]},{"@type":"Person","@id":"https:\/\/darkamazi.site\/#\/schema\/person\/67986a95ac546c16760365877ef4a9d3","name":"darka mazi","sameAs":["https:\/\/darkamazi.site"],"url":"https:\/\/darkamazi.site\/archives\/author\/turkish"}]}},"_links":{"self":[{"href":"https:\/\/darkamazi.site\/funavuv\/wp\/v2\/posts\/1036010","targetHints":{"allow":["GET"]}}],"collection":[{"href":"https:\/\/darkamazi.site\/funavuv\/wp\/v2\/posts"}],"about":[{"href":"https:\/\/darkamazi.site\/funavuv\/wp\/v2\/types\/post"}],"author":[{"embeddable":true,"href":"https:\/\/darkamazi.site\/funavuv\/wp\/v2\/users\/2"}],"replies":[{"embeddable":true,"href":"https:\/\/darkamazi.site\/funavuv\/wp\/v2\/comments?post=1036010"}],"version-history":[{"count":0,"href":"https:\/\/darkamazi.site\/funavuv\/wp\/v2\/posts\/1036010\/revisions"}],"wp:featuredmedia":[{"embeddable":true,"href":"https:\/\/darkamazi.site\/funavuv\/wp\/v2\/media\/1036011"}],"wp:attachment":[{"href":"https:\/\/darkamazi.site\/funavuv\/wp\/v2\/media?parent=1036010"}],"wp:term":[{"taxonomy":"category","embeddable":true,"href":"https:\/\/darkamazi.site\/funavuv\/wp\/v2\/categories?post=1036010"},{"taxonomy":"post_tag","embeddable":true,"href":"https:\/\/darkamazi.site\/funavuv\/wp\/v2\/tags?post=1036010"}],"curies":[{"name":"wp","href":"https:\/\/api.w.org\/{rel}","templated":true}]}}