{"id":1036013,"date":"2025-12-22T15:31:55","date_gmt":"2025-12-22T12:31:55","guid":{"rendered":"https:\/\/darkamazi.site\/?p=1036013"},"modified":"2025-12-22T15:31:55","modified_gmt":"2025-12-22T12:31:55","slug":"ynkde-urkuten-olay-kadin-milletvekili-istedi-ynk-burosu-kendi-gazetecilerini-kacirip-olduresiye-dovdu","status":"publish","type":"post","link":"https:\/\/darkamazi.site\/archives\/1036013","title":{"rendered":"YNK\u2019de \u00fcrk\u00fcten olay: Kad\u0131n milletvekili istedi YNK b\u00fcrosu \u00a0kendi gazetecilerini ka\u00e7\u0131r\u0131p \u00f6ld\u00fcresiye d\u00f6vd\u00fc"},"content":{"rendered":"<p style=\"text-align: justify\">Ge\u00e7ti\u011fimiz Pazar g\u00fcn\u00fc YNK\u2019nin Hewler b\u00fcrosu kendi \u00fcyeleri ve gazetecileri olan Miran Bak\u0131r\u2019\u0131 ka\u00e7\u0131r\u0131p \u00f6ld\u00fcresiye d\u00f6vd\u00fc. Gazeteci Bak\u0131r YNK \u00fcyesi ayr\u0131ca K\u00fcrdistan B\u00f6lgesi h\u00fck\u00fcmetinde YNK\u2019den do\u011fru h\u00fck\u00fcmete kat\u0131lan Pe\u015fmerge Bakan\u0131n de s\u00f6zc\u00fcs\u00fc. \u00a0YNK milletvekili \u015einyar Enver\u2019i ele\u015ftirdi\u011fi i\u00e7in g\u00f6z da\u011f\u0131 vermek i\u00e7in ka\u00e7\u0131r\u0131ld\u0131\u011f\u0131 belirtiliyor.<\/p>\n<p style=\"text-align: justify\">19 Aral\u0131k gecesi Hewler\u2019in bir mahallesinde Pe\u015fmerge Bakan\u0131n\u0131n Bas\u0131n sekreteri olan Miran\u00a0 Bak\u0131r ka\u00e7\u0131r\u0131ld\u0131. Saatlerce kendisinden haber al\u0131namayan Bak\u0131r birka\u00e7 saat sonra yol \u00fcst\u00fcne at\u0131lm\u0131\u015f halde bulundu. Bir kulak zar\u0131 patlayan, v\u00fccudunda derin yaralar bulunan Bak\u0131r\u2019\u0131n YNK\u2019nin Hewlerdeki b\u00fcrosu taraf\u0131ndan ka\u00e7\u0131r\u0131ld\u0131\u011f\u0131n\u0131 a\u00e7\u0131kland\u0131.<\/p>\n<p style=\"text-align: justify\"><strong>\u00d6ld\u00fcresiye d\u00f6v\u00fcp, yanl\u0131\u015fl\u0131k oldu dediler<\/strong><\/p>\n<p style=\"text-align: justify\">Olay Hewler\u2019de ya\u015fand\u0131. Hewler\u2019de YNK \u00a0Polit b\u00fcro binas\u0131n\u0131n oldu\u011fu \u015eehidan mahallesinde \u00e7o\u011funlu\u011fu YNK \u00fcyesi ki\u015filer ya\u015f\u0131yor. Miran Bak\u0131r\u2019da ayn\u0131 mahallede ikamet ediyor. Yolda giderken YNK Politb\u00fcrosunun kap\u0131s\u0131na yak\u0131n bir yerde YNK\u2019ye ba\u011fl\u0131 g\u00fcvenlik g\u00fc\u00e7leri \u00f6n\u00fcn\u00fc kesiyor. Miran kendini tan\u0131tt\u0131\u011f\u0131 halde ba\u015f\u0131na \u00e7uval ge\u00e7irip binaya g\u00f6t\u00fcr\u00fcyorlar ve \u00f6ld\u00fcresiye d\u00f6v\u00fcl\u00fcyor. \u00a0Daha sonra da \u201cyanl\u0131\u015fl\u0131k\u201d oldu diyerek bir \u00e7\u00f6p kutusunun yan\u0131na at\u0131l\u0131yor. Kulak zar\u0131 patlayan ve \u00f6zellikle de s\u0131rt\u0131nda a\u011f\u0131r hasar olan Bak\u0131r \u00e7evredeki vatanda\u015flar taraf\u0131ndan hastaneye g\u00f6t\u00fcr\u00fcl\u00fcyor.<\/p>\n<p>Pe\u015fmerge bakanl\u0131\u011f\u0131 da olaya d\u00f6n\u00fck bir a\u00e7\u0131klama yaparak sald\u0131rganlar\u0131 k\u0131nad\u0131 ve olay\u0131 yarg\u0131ya ta\u015f\u0131d\u0131. D\u00fcn Hewler Polis m\u00fcd\u00fcr\u00fc olay\u0131 yapan ki\u015fileri tutuklad\u0131\u011f\u0131n\u0131 belirtti. \u00a0YNK ise \u015fu ana de\u011fin ne olaya d\u00f6n\u00fck bir a\u00e7\u0131klama ne de k\u0131nama yapmad\u0131.<\/p>\n<p style=\"text-align: justify\"><strong>\u015einyar Enwer\u2019i ele\u015ftirdi\u011fi i\u00e7in d\u00f6v\u00fcld\u00fc<\/strong><\/p>\n<p style=\"text-align: justify\">Miran Bak\u0131r ve ailesi y\u0131llard\u0131r YNK \u00fcyesiler. Bak\u0131r ge\u00e7mi\u015fte YNK medyas\u0131nda \u00e7al\u0131\u015fm\u0131\u015f bir isim ve son olarak iki y\u0131l \u00f6nce ise Pe\u015fmerge Bakanl\u0131\u011f\u0131 Bas\u0131n s\u00f6zc\u00fcs\u00fcyd\u00fc. Bu kurum feshedildikten sonra da Bas\u0131n sekreteri olarak \u00e7al\u0131\u015f\u0131yor. Bu kuruma da YNK\u2019li bakanla beraber atanm\u0131\u015f biri.<\/p>\n<p style=\"text-align: justify\">Kendisi de YNK\u2019li olan Bak\u0131r\u2019\u0131n direk Politb\u00fcro g\u00fcvenli\u011fi taraf\u0131ndan d\u00f6v\u00fclmesinin tesad\u00fcf olmad\u0131\u011f\u0131 s\u00f6yleniyor. Miran Bak\u0131r konu\u015fmas\u0131nda \u015einyar Enver adl\u0131 YNK\u2019li kad\u0131n vekile d\u00f6n\u00fck bir ele\u015ftirisi nedeni ile hedef al\u0131nm\u0131\u015f ihtimalini ima ediyor.<br \/>\nGazeteciler ve siyasi g\u00f6zlemciler de Bak\u0131r\u2019\u0131n iki hafta \u00f6nce sosyal medyada YNK\u2019li vekil \u015einyar Enwer\u2019i ele\u015ftirdi\u011fini ve bu nedenle ka\u00e7\u0131r\u0131ld\u0131\u011f\u0131 konusunda netler.<\/p>\n<p style=\"text-align: justify\"><strong>YNK i\u00e7inde \u015einyar Enwer\u2019den b\u00fcy\u00fck rahats\u0131zl\u0131k var<\/strong><\/p>\n<p style=\"text-align: justify\">\n\u015einyar Enwer ge\u00e7ti\u011fimiz y\u0131l Ekim ay\u0131nda yap\u0131lan K\u00fcrdistan Parlamentosu se\u00e7imlerinde YNK\u2019den milletvekili se\u00e7ildi. Amerika\u2019da ya\u015fanan Enwer ve e\u015fi eski Irak Parlamenteri Serkewt \u015eemseddin \u00a0K\u00fcrdistan B\u00f6lgesi\u2019nde \u00e7ok ele\u015ftirilen ve tart\u0131\u015f\u0131lan iki isim. Her ikisi de \u201cparal\u0131 kalem\u015f\u00f6rler\u201d olarak tan\u0131n\u0131yor. S\u00fcrekli K\u00fcrdistan B\u00f6lgesini hedef alan \u00e7al\u0131\u015fmalar yap\u0131yorlar. Baz\u0131 lobilerle beraber \u00e7al\u0131\u015ft\u0131klar\u0131 ve bu bi\u00e7imde de b\u00fcy\u00fck mali kazan\u00e7lar sa\u011flad\u0131klar\u0131 d\u00fc\u015f\u00fcn\u00fcl\u00fcyor.<br \/>\n\u015einyar Enwer iki y\u0131l \u00f6nceye de\u011fin YNK kar\u015f\u0131t\u0131 yapt\u0131\u011f\u0131 haberlerle biliniyordu. Son parlamento se\u00e7imlerinde b\u00fcy\u00fck bir para kar\u015f\u0131l\u0131\u011f\u0131 aday oldu\u011fu ve art\u0131k YNK kar\u015f\u0131tl\u0131\u011f\u0131n\u0131 b\u0131rakt\u0131\u011f\u0131 belirtiliyor. Fakat YNK\u2019liler bu ismin YNK\u2019de transfer olmas\u0131ndan olduk\u00e7a rahats\u0131z. Yapt\u0131\u011f\u0131 estetik i\u015flemler ve hayat\u0131 ile olduk\u00e7a tart\u0131\u015fmal\u0131 olan \u015einyar Enwer\u2019in siyasi kaypakl\u0131\u011f\u0131 da bu ele\u015ftirilerin nedeni.<\/p>\n<p style=\"text-align: justify\">Fakat Kubat ve Bafil Talabani bu konuda YNK kadrolar\u0131n\u0131n hi\u00e7bir ele\u015ftirisini kabul etmiyor ve \u015einyar Enwer\u2019i koruyor. Miran Bakir\u2019\u0131n da yapt\u0131\u011f\u0131 ele\u015ftiri sonras\u0131 d\u00f6v\u00fclmesinin de \u015einyar Enwer\u2019i ele\u015ftirenlere g\u00f6z da\u011f\u0131 vermek i\u00e7in yap\u0131ld\u0131\u011f\u0131 konusunda siyasi g\u00f6zlemcilerin ortakla\u015ft\u0131\u011f\u0131 nokta.<\/p>\n<p style=\"text-align: justify\">YNK\u2019de Bafel Talabani\u2019nin ba\u015fkanl\u0131\u011f\u0131 ile beraber ele\u015ftiri yapan \u00e7evrelerin \u00f6ld\u00fcr\u00fcld\u00fc\u011f\u00fc veya bir bi\u00e7imde tasfiye edildi\u011fi bir s\u00fcreci de beraber getirdi. YNK y\u00f6neticisi olan bu isimler suikast veya kaza s\u00fcs\u00fc verilerek \u00f6ld\u00fcr\u00fcld\u00fc. Ayr\u0131ca bir\u00e7ok orta d\u00fczey parti \u00fcyesi de\u011fi\u015fik y\u00f6netmlerle tasfiye edildi.<\/p>\n","protected":false},"excerpt":{"rendered":"<p>Ge\u00e7ti\u011fimiz Pazar g\u00fcn\u00fc YNK\u2019nin Hewler b\u00fcrosu kendi \u00fcyeleri ve gazetecileri olan Miran Bak\u0131r\u2019\u0131 ka\u00e7\u0131r\u0131p \u00f6ld\u00fcresiye d\u00f6vd\u00fc. Gazeteci Bak\u0131r YNK \u00fcyesi ayr\u0131ca K\u00fcrdistan B\u00f6lgesi h\u00fck\u00fcmetinde YNK\u2019den do\u011fru h\u00fck\u00fcmete kat\u0131lan Pe\u015fmerge Bakan\u0131n de s\u00f6zc\u00fcs\u00fc. \u00a0YNK milletvekili \u015einyar Enver\u2019i ele\u015ftirdi\u011fi i\u00e7in g\u00f6z da\u011f\u0131 vermek i\u00e7in ka\u00e7\u0131r\u0131ld\u0131\u011f\u0131 belirtiliyor. 19 Aral\u0131k gecesi Hewler\u2019in bir mahallesinde Pe\u015fmerge Bakan\u0131n\u0131n Bas\u0131n sekreteri olan [&hellip;]<\/p>\n","protected":false},"author":2,"featured_media":1036014,"comment_status":"closed","ping_status":"closed","sticky":false,"template":"","format":"standard","meta":{"footnotes":""},"categories":[3],"tags":[31],"class_list":["post-1036013","post","type-post","status-publish","format-standard","has-post-thumbnail","hentry","category-kurdistan","tag-onemli"],"blocksy_meta":[],"seo_head":"<!-- This site is optimized with the Yoast SEO plugin v27.5 - https:\/\/yoast.com\/product\/yoast-seo-wordpress\/ -->\n<title>YNK\u2019de \u00fcrk\u00fcten olay: Kad\u0131n milletvekili istedi YNK b\u00fcrosu \u00a0kendi gazetecilerini ka\u00e7\u0131r\u0131p \u00f6ld\u00fcresiye d\u00f6vd\u00fc - Darka Mazi<\/title>\n<meta name=\"robots\" content=\"index, follow, max-snippet:-1, max-image-preview:large, max-video-preview:-1\" \/>\n<link rel=\"canonical\" href=\"https:\/\/darkamazi.site\/archives\/1036013\" \/>\n<meta property=\"og:locale\" content=\"en_US\" \/>\n<meta property=\"og:type\" content=\"article\" \/>\n<meta property=\"og:title\" content=\"YNK\u2019de \u00fcrk\u00fcten olay: Kad\u0131n milletvekili istedi YNK b\u00fcrosu \u00a0kendi gazetecilerini ka\u00e7\u0131r\u0131p \u00f6ld\u00fcresiye d\u00f6vd\u00fc - Darka Mazi\" \/>\n<meta property=\"og:description\" content=\"Ge\u00e7ti\u011fimiz Pazar g\u00fcn\u00fc YNK\u2019nin Hewler b\u00fcrosu kendi \u00fcyeleri ve gazetecileri olan Miran Bak\u0131r\u2019\u0131 ka\u00e7\u0131r\u0131p \u00f6ld\u00fcresiye d\u00f6vd\u00fc. Gazeteci Bak\u0131r YNK \u00fcyesi ayr\u0131ca K\u00fcrdistan B\u00f6lgesi h\u00fck\u00fcmetinde YNK\u2019den do\u011fru h\u00fck\u00fcmete kat\u0131lan Pe\u015fmerge Bakan\u0131n de s\u00f6zc\u00fcs\u00fc. \u00a0YNK milletvekili \u015einyar Enver\u2019i ele\u015ftirdi\u011fi i\u00e7in g\u00f6z da\u011f\u0131 vermek i\u00e7in ka\u00e7\u0131r\u0131ld\u0131\u011f\u0131 belirtiliyor. 19 Aral\u0131k gecesi Hewler\u2019in bir mahallesinde Pe\u015fmerge Bakan\u0131n\u0131n Bas\u0131n sekreteri olan [&hellip;]\" \/>\n<meta property=\"og:url\" content=\"https:\/\/darkamazi.site\/archives\/1036013\" \/>\n<meta property=\"og:site_name\" content=\"Darka Mazi\" \/>\n<meta property=\"article:publisher\" content=\"https:\/\/www.facebook.com\/DarkaMaziturkce\" \/>\n<meta property=\"article:published_time\" content=\"2025-12-22T12:31:55+00:00\" \/>\n<meta property=\"og:image\" content=\"https:\/\/darkamazi.site\/file\/2025\/12\/shnyar.jpg\" \/>\n\t<meta property=\"og:image:width\" content=\"900\" \/>\n\t<meta property=\"og:image:height\" content=\"475\" \/>\n\t<meta property=\"og:image:type\" content=\"image\/jpeg\" \/>\n<meta name=\"author\" content=\"darka mazi\" \/>\n<meta name=\"twitter:card\" content=\"summary_large_image\" \/>\n<meta name=\"twitter:creator\" content=\"@DarkaMaziTurkce\" \/>\n<meta name=\"twitter:site\" content=\"@DarkaMaziTurkce\" \/>\n<meta name=\"twitter:label1\" content=\"Written by\" \/>\n\t<meta name=\"twitter:data1\" content=\"darka mazi\" \/>\n\t<meta name=\"twitter:label2\" content=\"Est. reading time\" \/>\n\t<meta name=\"twitter:data2\" content=\"3 minutes\" \/>\n<script type=\"application\/ld+json\" class=\"seo-schema-graph\">{\"@context\":\"https:\\\/\\\/schema.org\",\"@graph\":[{\"@type\":\"NewsArticle\",\"@id\":\"https:\\\/\\\/darkamazi.site\\\/archives\\\/1036013#article\",\"isPartOf\":{\"@id\":\"https:\\\/\\\/darkamazi.site\\\/archives\\\/1036013\"},\"author\":{\"name\":\"darka mazi\",\"@id\":\"https:\\\/\\\/darkamazi.site\\\/#\\\/schema\\\/person\\\/67986a95ac546c16760365877ef4a9d3\"},\"headline\":\"YNK\u2019de \u00fcrk\u00fcten olay: Kad\u0131n milletvekili istedi YNK b\u00fcrosu \u00a0kendi gazetecilerini ka\u00e7\u0131r\u0131p \u00f6ld\u00fcresiye d\u00f6vd\u00fc\",\"datePublished\":\"2025-12-22T12:31:55+00:00\",\"mainEntityOfPage\":{\"@id\":\"https:\\\/\\\/darkamazi.site\\\/archives\\\/1036013\"},\"wordCount\":797,\"publisher\":{\"@id\":\"https:\\\/\\\/darkamazi.site\\\/#organization\"},\"image\":{\"@id\":\"https:\\\/\\\/darkamazi.site\\\/archives\\\/1036013#primaryimage\"},\"thumbnailUrl\":\"https:\\\/\\\/darkamazi.site\\\/darka-content\\\/uploads\\\/2025\\\/12\\\/shnyar.jpg\",\"keywords\":[\"\u00f6nemli\"],\"articleSection\":[\"Kurdistan\"],\"inLanguage\":\"en-US\"},{\"@type\":\"WebPage\",\"@id\":\"https:\\\/\\\/darkamazi.site\\\/archives\\\/1036013\",\"url\":\"https:\\\/\\\/darkamazi.site\\\/archives\\\/1036013\",\"name\":\"YNK\u2019de \u00fcrk\u00fcten olay: Kad\u0131n milletvekili istedi YNK b\u00fcrosu \u00a0kendi gazetecilerini ka\u00e7\u0131r\u0131p \u00f6ld\u00fcresiye d\u00f6vd\u00fc - Darka Mazi\",\"isPartOf\":{\"@id\":\"https:\\\/\\\/darkamazi.site\\\/#website\"},\"primaryImageOfPage\":{\"@id\":\"https:\\\/\\\/darkamazi.site\\\/archives\\\/1036013#primaryimage\"},\"image\":{\"@id\":\"https:\\\/\\\/darkamazi.site\\\/archives\\\/1036013#primaryimage\"},\"thumbnailUrl\":\"https:\\\/\\\/darkamazi.site\\\/darka-content\\\/uploads\\\/2025\\\/12\\\/shnyar.jpg\",\"datePublished\":\"2025-12-22T12:31:55+00:00\",\"breadcrumb\":{\"@id\":\"https:\\\/\\\/darkamazi.site\\\/archives\\\/1036013#breadcrumb\"},\"inLanguage\":\"en-US\",\"potentialAction\":[{\"@type\":\"ReadAction\",\"target\":[\"https:\\\/\\\/darkamazi.site\\\/archives\\\/1036013\"]}]},{\"@type\":\"ImageObject\",\"inLanguage\":\"en-US\",\"@id\":\"https:\\\/\\\/darkamazi.site\\\/archives\\\/1036013#primaryimage\",\"url\":\"https:\\\/\\\/darkamazi.site\\\/darka-content\\\/uploads\\\/2025\\\/12\\\/shnyar.jpg\",\"contentUrl\":\"https:\\\/\\\/darkamazi.site\\\/darka-content\\\/uploads\\\/2025\\\/12\\\/shnyar.jpg\",\"width\":900,\"height\":475,\"caption\":\"YNK\u2019de \u00fcrk\u00fcten olay: Kad\u0131n milletvekili istedi YNK b\u00fcrosu \u00a0kendi gazetecilerini ka\u00e7\u0131r\u0131p \u00f6ld\u00fcresiye d\u00f6vd\u00fc\"},{\"@type\":\"BreadcrumbList\",\"@id\":\"https:\\\/\\\/darkamazi.site\\\/archives\\\/1036013#breadcrumb\",\"itemListElement\":[{\"@type\":\"ListItem\",\"position\":1,\"name\":\"Home\",\"item\":\"https:\\\/\\\/darkamazi.site\\\/\"},{\"@type\":\"ListItem\",\"position\":2,\"name\":\"YNK\u2019de \u00fcrk\u00fcten olay: Kad\u0131n milletvekili istedi YNK b\u00fcrosu \u00a0kendi gazetecilerini ka\u00e7\u0131r\u0131p \u00f6ld\u00fcresiye d\u00f6vd\u00fc\"}]},{\"@type\":\"WebSite\",\"@id\":\"https:\\\/\\\/darkamazi.site\\\/#website\",\"url\":\"https:\\\/\\\/darkamazi.site\\\/\",\"name\":\"Darka Mazi\",\"description\":\"Ana Sayfa\",\"publisher\":{\"@id\":\"https:\\\/\\\/darkamazi.site\\\/#organization\"},\"potentialAction\":[{\"@type\":\"SearchAction\",\"target\":{\"@type\":\"EntryPoint\",\"urlTemplate\":\"https:\\\/\\\/darkamazi.site\\\/?s={search_term_string}\"},\"query-input\":{\"@type\":\"PropertyValueSpecification\",\"valueRequired\":true,\"valueName\":\"search_term_string\"}}],\"inLanguage\":\"en-US\"},{\"@type\":\"Organization\",\"@id\":\"https:\\\/\\\/darkamazi.site\\\/#organization\",\"name\":\"Darka Mazi T\u00fcrk\u00e7e\",\"alternateName\":\"Darka Mazi\",\"url\":\"https:\\\/\\\/darkamazi.site\\\/\",\"logo\":{\"@type\":\"ImageObject\",\"inLanguage\":\"en-US\",\"@id\":\"https:\\\/\\\/darkamazi.site\\\/#\\\/schema\\\/logo\\\/image\\\/\",\"url\":\"https:\\\/\\\/darkamazi.site\\\/darka-content\\\/uploads\\\/2017\\\/12\\\/darka-mazi-logo.png\",\"contentUrl\":\"https:\\\/\\\/darkamazi.site\\\/darka-content\\\/uploads\\\/2017\\\/12\\\/darka-mazi-logo.png\",\"width\":151,\"height\":75,\"caption\":\"Darka Mazi T\u00fcrk\u00e7e\"},\"image\":{\"@id\":\"https:\\\/\\\/darkamazi.site\\\/#\\\/schema\\\/logo\\\/image\\\/\"},\"sameAs\":[\"https:\\\/\\\/www.facebook.com\\\/DarkaMaziturkce\",\"https:\\\/\\\/x.com\\\/DarkaMaziTurkce\"]},{\"@type\":\"Person\",\"@id\":\"https:\\\/\\\/darkamazi.site\\\/#\\\/schema\\\/person\\\/67986a95ac546c16760365877ef4a9d3\",\"name\":\"darka mazi\",\"sameAs\":[\"https:\\\/\\\/darkamazi.site\"],\"url\":\"https:\\\/\\\/darkamazi.site\\\/archives\\\/author\\\/turkish\"}]}<\/script>\n<!-- \/ Yoast SEO plugin. -->","seo_head_json":{"title":"YNK\u2019de \u00fcrk\u00fcten olay: Kad\u0131n milletvekili istedi YNK b\u00fcrosu \u00a0kendi gazetecilerini ka\u00e7\u0131r\u0131p \u00f6ld\u00fcresiye d\u00f6vd\u00fc - Darka Mazi","robots":{"index":"index","follow":"follow","max-snippet":"max-snippet:-1","max-image-preview":"max-image-preview:large","max-video-preview":"max-video-preview:-1"},"canonical":"https:\/\/darkamazi.site\/archives\/1036013","og_locale":"en_US","og_type":"article","og_title":"YNK\u2019de \u00fcrk\u00fcten olay: Kad\u0131n milletvekili istedi YNK b\u00fcrosu \u00a0kendi gazetecilerini ka\u00e7\u0131r\u0131p \u00f6ld\u00fcresiye d\u00f6vd\u00fc - Darka Mazi","og_description":"Ge\u00e7ti\u011fimiz Pazar g\u00fcn\u00fc YNK\u2019nin Hewler b\u00fcrosu kendi \u00fcyeleri ve gazetecileri olan Miran Bak\u0131r\u2019\u0131 ka\u00e7\u0131r\u0131p \u00f6ld\u00fcresiye d\u00f6vd\u00fc. Gazeteci Bak\u0131r YNK \u00fcyesi ayr\u0131ca K\u00fcrdistan B\u00f6lgesi h\u00fck\u00fcmetinde YNK\u2019den do\u011fru h\u00fck\u00fcmete kat\u0131lan Pe\u015fmerge Bakan\u0131n de s\u00f6zc\u00fcs\u00fc. \u00a0YNK milletvekili \u015einyar Enver\u2019i ele\u015ftirdi\u011fi i\u00e7in g\u00f6z da\u011f\u0131 vermek i\u00e7in ka\u00e7\u0131r\u0131ld\u0131\u011f\u0131 belirtiliyor. 19 Aral\u0131k gecesi Hewler\u2019in bir mahallesinde Pe\u015fmerge Bakan\u0131n\u0131n Bas\u0131n sekreteri olan [&hellip;]","og_url":"https:\/\/darkamazi.site\/archives\/1036013","og_site_name":"Darka Mazi","article_publisher":"https:\/\/www.facebook.com\/DarkaMaziturkce","article_published_time":"2025-12-22T12:31:55+00:00","og_image":[{"width":900,"height":475,"url":"https:\/\/darkamazi.site\/file\/2025\/12\/shnyar.jpg","type":"image\/jpeg"}],"author":"darka mazi","twitter_card":"summary_large_image","twitter_creator":"@DarkaMaziTurkce","twitter_site":"@DarkaMaziTurkce","twitter_misc":{"Written by":"darka mazi","Est. reading time":"3 minutes"},"schema":{"@context":"https:\/\/schema.org","@graph":[{"@type":"NewsArticle","@id":"https:\/\/darkamazi.site\/archives\/1036013#article","isPartOf":{"@id":"https:\/\/darkamazi.site\/archives\/1036013"},"author":{"name":"darka mazi","@id":"https:\/\/darkamazi.site\/#\/schema\/person\/67986a95ac546c16760365877ef4a9d3"},"headline":"YNK\u2019de \u00fcrk\u00fcten olay: Kad\u0131n milletvekili istedi YNK b\u00fcrosu \u00a0kendi gazetecilerini ka\u00e7\u0131r\u0131p \u00f6ld\u00fcresiye d\u00f6vd\u00fc","datePublished":"2025-12-22T12:31:55+00:00","mainEntityOfPage":{"@id":"https:\/\/darkamazi.site\/archives\/1036013"},"wordCount":797,"publisher":{"@id":"https:\/\/darkamazi.site\/#organization"},"image":{"@id":"https:\/\/darkamazi.site\/archives\/1036013#primaryimage"},"thumbnailUrl":"https:\/\/darkamazi.site\/file\/2025\/12\/shnyar.jpg","keywords":["\u00f6nemli"],"articleSection":["Kurdistan"],"inLanguage":"en-US"},{"@type":"WebPage","@id":"https:\/\/darkamazi.site\/archives\/1036013","url":"https:\/\/darkamazi.site\/archives\/1036013","name":"YNK\u2019de \u00fcrk\u00fcten olay: Kad\u0131n milletvekili istedi YNK b\u00fcrosu \u00a0kendi gazetecilerini ka\u00e7\u0131r\u0131p \u00f6ld\u00fcresiye d\u00f6vd\u00fc - Darka Mazi","isPartOf":{"@id":"https:\/\/darkamazi.site\/#website"},"primaryImageOfPage":{"@id":"https:\/\/darkamazi.site\/archives\/1036013#primaryimage"},"image":{"@id":"https:\/\/darkamazi.site\/archives\/1036013#primaryimage"},"thumbnailUrl":"https:\/\/darkamazi.site\/file\/2025\/12\/shnyar.jpg","datePublished":"2025-12-22T12:31:55+00:00","breadcrumb":{"@id":"https:\/\/darkamazi.site\/archives\/1036013#breadcrumb"},"inLanguage":"en-US","potentialAction":[{"@type":"ReadAction","target":["https:\/\/darkamazi.site\/archives\/1036013"]}]},{"@type":"ImageObject","inLanguage":"en-US","@id":"https:\/\/darkamazi.site\/archives\/1036013#primaryimage","url":"https:\/\/darkamazi.site\/file\/2025\/12\/shnyar.jpg","contentUrl":"https:\/\/darkamazi.site\/file\/2025\/12\/shnyar.jpg","width":900,"height":475,"caption":"YNK\u2019de \u00fcrk\u00fcten olay: Kad\u0131n milletvekili istedi YNK b\u00fcrosu \u00a0kendi gazetecilerini ka\u00e7\u0131r\u0131p \u00f6ld\u00fcresiye d\u00f6vd\u00fc"},{"@type":"BreadcrumbList","@id":"https:\/\/darkamazi.site\/archives\/1036013#breadcrumb","itemListElement":[{"@type":"ListItem","position":1,"name":"Home","item":"https:\/\/darkamazi.site\/"},{"@type":"ListItem","position":2,"name":"YNK\u2019de \u00fcrk\u00fcten olay: Kad\u0131n milletvekili istedi YNK b\u00fcrosu \u00a0kendi gazetecilerini ka\u00e7\u0131r\u0131p \u00f6ld\u00fcresiye d\u00f6vd\u00fc"}]},{"@type":"WebSite","@id":"https:\/\/darkamazi.site\/#website","url":"https:\/\/darkamazi.site\/","name":"Darka Mazi","description":"Ana Sayfa","publisher":{"@id":"https:\/\/darkamazi.site\/#organization"},"potentialAction":[{"@type":"SearchAction","target":{"@type":"EntryPoint","urlTemplate":"https:\/\/darkamazi.site\/?s={search_term_string}"},"query-input":{"@type":"PropertyValueSpecification","valueRequired":true,"valueName":"search_term_string"}}],"inLanguage":"en-US"},{"@type":"Organization","@id":"https:\/\/darkamazi.site\/#organization","name":"Darka Mazi T\u00fcrk\u00e7e","alternateName":"Darka Mazi","url":"https:\/\/darkamazi.site\/","logo":{"@type":"ImageObject","inLanguage":"en-US","@id":"https:\/\/darkamazi.site\/#\/schema\/logo\/image\/","url":"https:\/\/darkamazi.site\/file\/2017\/12\/darka-mazi-logo.png","contentUrl":"https:\/\/darkamazi.site\/file\/2017\/12\/darka-mazi-logo.png","width":151,"height":75,"caption":"Darka Mazi T\u00fcrk\u00e7e"},"image":{"@id":"https:\/\/darkamazi.site\/#\/schema\/logo\/image\/"},"sameAs":["https:\/\/www.facebook.com\/DarkaMaziturkce","https:\/\/x.com\/DarkaMaziTurkce"]},{"@type":"Person","@id":"https:\/\/darkamazi.site\/#\/schema\/person\/67986a95ac546c16760365877ef4a9d3","name":"darka mazi","sameAs":["https:\/\/darkamazi.site"],"url":"https:\/\/darkamazi.site\/archives\/author\/turkish"}]}},"_links":{"self":[{"href":"https:\/\/darkamazi.site\/funavuv\/wp\/v2\/posts\/1036013","targetHints":{"allow":["GET"]}}],"collection":[{"href":"https:\/\/darkamazi.site\/funavuv\/wp\/v2\/posts"}],"about":[{"href":"https:\/\/darkamazi.site\/funavuv\/wp\/v2\/types\/post"}],"author":[{"embeddable":true,"href":"https:\/\/darkamazi.site\/funavuv\/wp\/v2\/users\/2"}],"replies":[{"embeddable":true,"href":"https:\/\/darkamazi.site\/funavuv\/wp\/v2\/comments?post=1036013"}],"version-history":[{"count":0,"href":"https:\/\/darkamazi.site\/funavuv\/wp\/v2\/posts\/1036013\/revisions"}],"wp:featuredmedia":[{"embeddable":true,"href":"https:\/\/darkamazi.site\/funavuv\/wp\/v2\/media\/1036014"}],"wp:attachment":[{"href":"https:\/\/darkamazi.site\/funavuv\/wp\/v2\/media?parent=1036013"}],"wp:term":[{"taxonomy":"category","embeddable":true,"href":"https:\/\/darkamazi.site\/funavuv\/wp\/v2\/categories?post=1036013"},{"taxonomy":"post_tag","embeddable":true,"href":"https:\/\/darkamazi.site\/funavuv\/wp\/v2\/tags?post=1036013"}],"curies":[{"name":"wp","href":"https:\/\/api.w.org\/{rel}","templated":true}]}}