{"id":1036037,"date":"2025-12-24T12:22:56","date_gmt":"2025-12-24T09:22:56","guid":{"rendered":"https:\/\/darkamazi.site\/?p=1036037"},"modified":"2025-12-24T12:22:56","modified_gmt":"2025-12-24T09:22:56","slug":"urfadaki-gire-kecel-karahantepe-dunyanin-ilk-10-kesfi-arasinda-yerini-aldi","status":"publish","type":"post","link":"https:\/\/darkamazi.site\/archives\/1036037","title":{"rendered":"Urfa&#8217;daki Gire Ke\u00e7el (Karahantepe) d\u00fcnyan\u0131n ilk 10 ke\u015ffi aras\u0131nda yerini ald\u0131"},"content":{"rendered":"<p style=\"text-align: justify\">Urfa&#8217;daki Gire Ke\u00e7el yani\u00a0 Karahantepe, uluslararas\u0131 sayg\u0131nl\u0131k kazanm\u0131\u015f Archaeology Magazine&#8217;in 2025 y\u0131l\u0131n\u0131n en \u00f6nemli arkeolojik ke\u015fifleri listesine girerek d\u00fcnya sahnesine \u00e7\u0131kt\u0131 ve derginin kapa\u011f\u0131nda yer ald\u0131.<\/p>\n<p style=\"text-align: justify\">Urfa&#8217;daki Ta\u015f Tepeler Projesi kapsam\u0131nda yap\u0131lan kaz\u0131larla ortaya \u00e7\u0131kar\u0131lan Karahantepe, Neolitik \u00e7a\u011f\u0131n merkezi konumunda bulunuyor.<\/p>\n<p style=\"text-align: justify\">B\u00f6lgeden \u00e7\u0131kan sembolik buluntular ve \u00e7al\u0131\u015fmalar, yerle\u015fik ya\u015fam\u0131n k\u00f6kenleri ve erken d\u00f6nem insan topluluklar\u0131 hakk\u0131nda yeni bilgiler sunarak mevcut tarih anlat\u0131lar\u0131n\u0131 yeniden de\u011ferlendirmeye a\u00e7\u0131yor.<\/p>\n<p style=\"text-align: justify\">Karahantepe, 12 bin y\u0131ll\u0131k ge\u00e7mi\u015fe sahip olan\u00a0\u015eanl\u0131urfa&#8217;da\u00a0yer al\u0131yor.\u00a0\u0130nsanl\u0131k tarihine \u0131\u015f\u0131k tutan\u00a0ve \u015fu ana kadar ke\u015ffedilmi\u015f en eski rit\u00fcelistik alan oldu\u011fu d\u00fc\u015f\u00fcn\u00fclen Karahantepe; neolitik d\u00f6nemin en \u00f6nemli yerle\u015fimlerinden biri. Sadece 45 km yak\u0131n\u0131ndaki\u00a0G\u00f6beklitepe\u2019den\u00a0bile eski oldu\u011fu d\u00fc\u015f\u00fcn\u00fclen Karahantepe hakk\u0131nda merak edilenleri derledik. Gelin, yap\u0131n\u0131n fiziksel \u00f6zelliklerinden tarih\u00ee arka plan\u0131na ve G\u00f6beklitepe&#8217;yle olan benzerliklerine kadar t\u00fcm detaylar\u0131 ayr\u0131nt\u0131l\u0131 \u015fekilde inceleyelim.<\/p>\n<h2 style=\"text-align: justify\"><strong>Karahantepe D\u00f6rt Ayr\u0131 Yap\u0131dan Olu\u015fuyor<\/strong><\/h2>\n<p style=\"text-align: justify\">Kaz\u0131 alan\u0131; ana kaya i\u00e7ine oyulmu\u015f \u201cAA Yap\u0131s\u0131, AB Yap\u0131s\u0131, AC Yap\u0131s\u0131 ve AD Yap\u0131s\u0131\u201d olmak \u00fczere d\u00f6rt ayr\u0131 yap\u0131dan olu\u015fuyor. Sonraki d\u00f6nemlerde t\u00fcm yap\u0131n\u0131n tahrip edildi\u011fi ve \u00e7evreden getirilen topraklarla doldurulup kas\u0131tl\u0131 olarak g\u00f6m\u00fcld\u00fc\u011f\u00fc d\u00fc\u015f\u00fcn\u00fcl\u00fcyor.<\/p>\n<ul style=\"text-align: justify\">\n<li><strong>AB Yap\u0131s\u0131:<\/strong>\u00a0Ana kaya i\u00e7ine oyulmu\u015f yap\u0131n\u0131n uzun duvar\u0131n\u0131n tam ortas\u0131nda \u00fc\u00e7 boyutlu bir insan fig\u00fcr\u00fc tasvir edilmi\u015f. Erkek olarak betimlenmi\u015f ve tam kar\u015f\u0131s\u0131na d\u00f6rt, arka s\u0131raya ise alt\u0131 adet fallus bi\u00e7imli dikilita\u015f yerle\u015ftirilmi\u015f. Bir yan\u0131ndan merdivenle inilip di\u011fer yan\u0131ndan ba\u015fka bir merdivenle \u00e7\u0131k\u0131lan alan\u0131n, inisiyasyon (kabul t\u00f6reni) t\u00f6renleri i\u00e7in kullan\u0131ld\u0131\u011f\u0131 tahmin ediliyor. Ayn\u0131 zamanda y\u0131lan bi\u00e7imli bir su yoluna da ba\u011fl\u0131 olan odan\u0131n i\u00e7inin su ile dolduruldu\u011funa dair izlere de rastlanm\u0131\u015f. Yap\u0131 ayn\u0131 zamanda &#8220;rit\u00fcel odas\u0131&#8221; olarak da adland\u0131r\u0131l\u0131yor.<\/li>\n<li><strong>AD Yap\u0131s\u0131:<\/strong>\u00a0AB Yap\u0131s\u0131 gibi ana kayaya oyularak in\u015fa edilmi\u015f. Pek \u00e7ok dikilita\u015f\u0131n yerle\u015ftirildi\u011fi bu yap\u0131dan AB Yap\u0131s\u0131\u2019na da ge\u00e7i\u015f sa\u011flan\u0131yor. \u0130ki yap\u0131n\u0131n birlikte in\u015fa edildi\u011fi, yine daha sonraki y\u0131llarda toprakla doldurularak sakland\u0131\u011f\u0131 d\u00fc\u015f\u00fcn\u00fcl\u00fcyor.<\/li>\n<li><strong>AC Yap\u0131s\u0131:<\/strong>\u00a0Yine ana karaya oyularak yap\u0131lan bu alan da kas\u0131tl\u0131 olarak \u00e7evreden getirilen topraklarla doldurup g\u00f6m\u00fclm\u00fc\u015f. Son a\u015famada ise yass\u0131 ta\u015flarla \u00f6rt\u00fclm\u00fc\u015f.<\/li>\n<li><strong>AA Yap\u0131s\u0131:<\/strong>\u00a0Burada duvara paralel bir oturma sekisi bulunuyor. Y\u0131lan ve tilki tasvirleriyle s\u00fcslenmi\u015f ve ana kayaya oyulmu\u015f bu yap\u0131n\u0131n derinlik fark\u0131ndan dolay\u0131 yap\u0131m\u0131n\u0131n tamamlanmad\u0131\u011f\u0131 tahmin ediliyor.<\/li>\n<\/ul>\n<h2 style=\"text-align: justify\"><strong>Karahantepe Heykelleri<\/strong><\/h2>\n<p style=\"text-align: justify\">1997 y\u0131l\u0131nda Harran \u00dcniversitesi&#8217;nin y\u00fczey ara\u015ft\u0131rmas\u0131 s\u0131ras\u0131nda ke\u015ffedilen ve 2019 y\u0131l\u0131nda kaz\u0131s\u0131na ba\u015flayan Karahantepe&#8217;de pek \u00e7ok yap\u0131 ve sembol yer al\u0131yor. G\u00f6beklitepe\u2019de daha \u00e7ok hayvan tasvirleri g\u00f6r\u00fcl\u00fcrken Karahantepe\u2019de a\u011f\u0131rl\u0131kl\u0131 olarak insan tasvirleri \u00f6ne \u00e7\u0131k\u0131yor. \u0130ki kaz\u0131 alan\u0131 aras\u0131ndaki en \u00f6nemli farklardan biri budur. G\u00f6beklitepe\u2019de daha \u00e7ok hayvan tasvirleri g\u00f6r\u00fcl\u00fcrken Karahantepe\u2019de a\u011f\u0131rl\u0131kl\u0131 olarak insan tasvirleri \u00f6ne \u00e7\u0131k\u0131yor. \u0130ki kaz\u0131 alan\u0131 aras\u0131ndaki en \u00f6nemli farklardan biri budur.<\/p>\n<p style=\"text-align: justify\">Alandaki kaz\u0131larda bug\u00fcne kadar \u00f6zel ve kamusal kullan\u0131m i\u00e7in in\u015fa edildi\u011fi d\u00fc\u015f\u00fcn\u00fclen yap\u0131lar, yine g\u00fcnl\u00fck kullan\u0131m i\u00e7in oldu\u011fu tahmin edilen kul\u00fcbeler, y\u00fczeyleri hayvan tasvirleriyle s\u00fcslenmi\u015f \u201cT\u201d bi\u00e7imli dikili ta\u015flar, hayvan ve insan heykelleri bulundu. \u201cS\u0131rt\u0131nda leopar ta\u015f\u0131yan insan heykeli,\u201d \u201c\u00e7ifte tilkili dikilita\u015f\u201d ve \u201coturan insan heykeli\u201d gibi dikkat \u00e7eken eserler ise \u015eanl\u0131urfa Arkeoloji M\u00fczesi\u2019nde sergileniyor.<\/p>\n<h2 style=\"text-align: justify\"><strong>Karahantepe&#8217;de Yerle\u015fim ve Tar\u0131m\u0131n \u0130lk Ad\u0131mlar\u0131\u00a0<\/strong><\/h2>\n<p style=\"text-align: justify\">Arpa, bu\u011fday ve baklagillerin yabani tohumlar\u0131na rastlanan Karahantepe\u2019de, tar\u0131m\u0131n ve evcille\u015fmenin ilk ad\u0131mlar\u0131na \u0131\u015f\u0131k tutacak yeni ke\u015fifler yap\u0131ld\u0131. Hen\u00fcz \u00e7ok k\u00fc\u00e7\u00fck bir b\u00f6l\u00fcm\u00fc kaz\u0131lan Karahantepe; insanl\u0131\u011f\u0131n, avc\u0131 toplay\u0131c\u0131l\u0131ktan g\u00fcn\u00fcm\u00fcze olan yolculu\u011funun ba\u015flang\u0131\u00e7 noktas\u0131n\u0131 daha net g\u00f6rebilmemize yard\u0131mc\u0131 olacak.<\/p>\n<p style=\"text-align: justify\">Karahantepe&#8217;de bulunan yap\u0131lar\u0131n i\u00e7inde g\u00fcnl\u00fck kullan\u0131m i\u00e7in gere\u00e7ler, \u00f6\u011f\u00fctme kaplar\u0131, ta\u015f kaplar, b\u00fcy\u00fck boyutta tabaklar da bulundu. T\u00fcm bu ke\u015fifler Karahantepe\u2019nin sadece rit\u00fcelistik bir alan olmad\u0131\u011f\u0131n\u0131, ayn\u0131 zamanda yak\u0131n bir mesafede, eski insanlar\u0131n yerle\u015fti\u011fi ve belki uzun y\u0131llar ya\u015fad\u0131\u011f\u0131 bir yerle\u015fim alan\u0131na da sahiplik etti\u011fini i\u015faret ediyor.<\/p>\n<h2 style=\"text-align: justify\"><strong>Ta\u015f Tepeler Projesi\u00a0<\/strong><\/h2>\n<p style=\"text-align: justify\">\u015eanl\u0131urfa, &#8220;medeniyetler \u015fehri&#8221; olarak g\u00f6r\u00fclmesinin yan\u0131 s\u0131ra T\u00fcrkiye\u2019nin \u015fu ana kadarki en b\u00fcy\u00fck ve kapsaml\u0131 arkeoloji projesine de ev sahipli\u011fi yap\u0131yor. K\u00fclt\u00fcr ve Turizm Bakanl\u0131\u011f\u0131 taraf\u0131ndan 2021 y\u0131l\u0131nda ba\u015flat\u0131lan Ta\u015f Tepeler Projesi kapsam\u0131nda devam eden kaz\u0131lar t\u00fcm d\u00fcnya taraf\u0131ndan ilgiyle takip ediliyor.<\/p>\n<p style=\"text-align: justify\">Ta\u015f Tepeler Projesi, \u015eanl\u0131urfa&#8217;daki neolitik d\u00f6neme ait ilk yerle\u015fik ya\u015fama \u0131\u015f\u0131k tutuyor ve 100 kilometrelik bir alan\u0131 kaps\u0131yor. G\u00f6beklitepe, Karahantepe, Ayanlar, Harbetsuvan, Ta\u015fl\u0131tepe, G\u00fcrc\u00fctepe, Kurttepesi, Saybur\u00e7, Sefertepe, Yenimahalle, Yo\u011funbur\u00e7 ve \u00c7akmaktepe olmak \u00fczere 12 b\u00f6lgeyi kapsayan proje; Kuzey Mezopotamya ve Anadolu\u2019nun yerle\u015fik hayata ge\u00e7en ilk topluluklar\u0131na ev sahipli\u011fi yap\u0131yor.<\/p>\n","protected":false},"excerpt":{"rendered":"<p>Urfa&#8217;daki Gire Ke\u00e7el yani\u00a0 Karahantepe, uluslararas\u0131 sayg\u0131nl\u0131k kazanm\u0131\u015f Archaeology Magazine&#8217;in 2025 y\u0131l\u0131n\u0131n en \u00f6nemli arkeolojik ke\u015fifleri listesine girerek d\u00fcnya sahnesine \u00e7\u0131kt\u0131 ve derginin kapa\u011f\u0131nda yer ald\u0131. Urfa&#8217;daki Ta\u015f Tepeler Projesi kapsam\u0131nda yap\u0131lan kaz\u0131larla ortaya \u00e7\u0131kar\u0131lan Karahantepe, Neolitik \u00e7a\u011f\u0131n merkezi konumunda bulunuyor. B\u00f6lgeden \u00e7\u0131kan sembolik buluntular ve \u00e7al\u0131\u015fmalar, yerle\u015fik ya\u015fam\u0131n k\u00f6kenleri ve erken d\u00f6nem insan topluluklar\u0131 [&hellip;]<\/p>\n","protected":false},"author":2,"featured_media":1036038,"comment_status":"closed","ping_status":"closed","sticky":false,"template":"","format":"standard","meta":{"footnotes":""},"categories":[3],"tags":[31],"class_list":["post-1036037","post","type-post","status-publish","format-standard","has-post-thumbnail","hentry","category-kurdistan","tag-onemli"],"blocksy_meta":[],"seo_head":"<!-- This site is optimized with the Yoast SEO plugin v27.5 - https:\/\/yoast.com\/product\/yoast-seo-wordpress\/ -->\n<title>Urfa&#039;daki Gire Ke\u00e7el (Karahantepe) d\u00fcnyan\u0131n ilk 10 ke\u015ffi aras\u0131nda yerini ald\u0131 - Darka Mazi<\/title>\n<meta name=\"robots\" content=\"index, follow, max-snippet:-1, max-image-preview:large, max-video-preview:-1\" \/>\n<link rel=\"canonical\" href=\"https:\/\/darkamazi.site\/archives\/1036037\" \/>\n<meta property=\"og:locale\" content=\"en_US\" \/>\n<meta property=\"og:type\" content=\"article\" \/>\n<meta property=\"og:title\" content=\"Urfa&#039;daki Gire Ke\u00e7el (Karahantepe) d\u00fcnyan\u0131n ilk 10 ke\u015ffi aras\u0131nda yerini ald\u0131 - Darka Mazi\" \/>\n<meta property=\"og:description\" content=\"Urfa&#8217;daki Gire Ke\u00e7el yani\u00a0 Karahantepe, uluslararas\u0131 sayg\u0131nl\u0131k kazanm\u0131\u015f Archaeology Magazine&#8217;in 2025 y\u0131l\u0131n\u0131n en \u00f6nemli arkeolojik ke\u015fifleri listesine girerek d\u00fcnya sahnesine \u00e7\u0131kt\u0131 ve derginin kapa\u011f\u0131nda yer ald\u0131. Urfa&#8217;daki Ta\u015f Tepeler Projesi kapsam\u0131nda yap\u0131lan kaz\u0131larla ortaya \u00e7\u0131kar\u0131lan Karahantepe, Neolitik \u00e7a\u011f\u0131n merkezi konumunda bulunuyor. B\u00f6lgeden \u00e7\u0131kan sembolik buluntular ve \u00e7al\u0131\u015fmalar, yerle\u015fik ya\u015fam\u0131n k\u00f6kenleri ve erken d\u00f6nem insan topluluklar\u0131 [&hellip;]\" \/>\n<meta property=\"og:url\" content=\"https:\/\/darkamazi.site\/archives\/1036037\" \/>\n<meta property=\"og:site_name\" content=\"Darka Mazi\" \/>\n<meta property=\"article:publisher\" content=\"https:\/\/www.facebook.com\/DarkaMaziturkce\" \/>\n<meta property=\"article:published_time\" content=\"2025-12-24T09:22:56+00:00\" \/>\n<meta property=\"og:image\" content=\"https:\/\/darkamazi.site\/file\/2025\/12\/Karan-tepe.jpg\" \/>\n\t<meta property=\"og:image:width\" content=\"752\" \/>\n\t<meta property=\"og:image:height\" content=\"472\" \/>\n\t<meta property=\"og:image:type\" content=\"image\/jpeg\" \/>\n<meta name=\"author\" content=\"darka mazi\" \/>\n<meta name=\"twitter:card\" content=\"summary_large_image\" \/>\n<meta name=\"twitter:creator\" content=\"@DarkaMaziTurkce\" \/>\n<meta name=\"twitter:site\" content=\"@DarkaMaziTurkce\" \/>\n<meta name=\"twitter:label1\" content=\"Written by\" \/>\n\t<meta name=\"twitter:data1\" content=\"darka mazi\" \/>\n\t<meta name=\"twitter:label2\" content=\"Est. reading time\" \/>\n\t<meta name=\"twitter:data2\" content=\"4 minutes\" \/>\n<script type=\"application\/ld+json\" class=\"seo-schema-graph\">{\"@context\":\"https:\\\/\\\/schema.org\",\"@graph\":[{\"@type\":\"NewsArticle\",\"@id\":\"https:\\\/\\\/darkamazi.site\\\/archives\\\/1036037#article\",\"isPartOf\":{\"@id\":\"https:\\\/\\\/darkamazi.site\\\/archives\\\/1036037\"},\"author\":{\"name\":\"darka mazi\",\"@id\":\"https:\\\/\\\/darkamazi.site\\\/#\\\/schema\\\/person\\\/67986a95ac546c16760365877ef4a9d3\"},\"headline\":\"Urfa&#8217;daki Gire Ke\u00e7el (Karahantepe) d\u00fcnyan\u0131n ilk 10 ke\u015ffi aras\u0131nda yerini ald\u0131\",\"datePublished\":\"2025-12-24T09:22:56+00:00\",\"mainEntityOfPage\":{\"@id\":\"https:\\\/\\\/darkamazi.site\\\/archives\\\/1036037\"},\"wordCount\":960,\"publisher\":{\"@id\":\"https:\\\/\\\/darkamazi.site\\\/#organization\"},\"image\":{\"@id\":\"https:\\\/\\\/darkamazi.site\\\/archives\\\/1036037#primaryimage\"},\"thumbnailUrl\":\"https:\\\/\\\/darkamazi.site\\\/darka-content\\\/uploads\\\/2025\\\/12\\\/Karan-tepe.jpg\",\"keywords\":[\"\u00f6nemli\"],\"articleSection\":[\"Kurdistan\"],\"inLanguage\":\"en-US\"},{\"@type\":\"WebPage\",\"@id\":\"https:\\\/\\\/darkamazi.site\\\/archives\\\/1036037\",\"url\":\"https:\\\/\\\/darkamazi.site\\\/archives\\\/1036037\",\"name\":\"Urfa'daki Gire Ke\u00e7el (Karahantepe) d\u00fcnyan\u0131n ilk 10 ke\u015ffi aras\u0131nda yerini ald\u0131 - Darka Mazi\",\"isPartOf\":{\"@id\":\"https:\\\/\\\/darkamazi.site\\\/#website\"},\"primaryImageOfPage\":{\"@id\":\"https:\\\/\\\/darkamazi.site\\\/archives\\\/1036037#primaryimage\"},\"image\":{\"@id\":\"https:\\\/\\\/darkamazi.site\\\/archives\\\/1036037#primaryimage\"},\"thumbnailUrl\":\"https:\\\/\\\/darkamazi.site\\\/darka-content\\\/uploads\\\/2025\\\/12\\\/Karan-tepe.jpg\",\"datePublished\":\"2025-12-24T09:22:56+00:00\",\"breadcrumb\":{\"@id\":\"https:\\\/\\\/darkamazi.site\\\/archives\\\/1036037#breadcrumb\"},\"inLanguage\":\"en-US\",\"potentialAction\":[{\"@type\":\"ReadAction\",\"target\":[\"https:\\\/\\\/darkamazi.site\\\/archives\\\/1036037\"]}]},{\"@type\":\"ImageObject\",\"inLanguage\":\"en-US\",\"@id\":\"https:\\\/\\\/darkamazi.site\\\/archives\\\/1036037#primaryimage\",\"url\":\"https:\\\/\\\/darkamazi.site\\\/darka-content\\\/uploads\\\/2025\\\/12\\\/Karan-tepe.jpg\",\"contentUrl\":\"https:\\\/\\\/darkamazi.site\\\/darka-content\\\/uploads\\\/2025\\\/12\\\/Karan-tepe.jpg\",\"width\":752,\"height\":472,\"caption\":\"Urfa'daki Gire Ke\u00e7el (Karahantepe) d\u00fcnyan\u0131n ilk 10 ke\u015ffi aras\u0131nda yerini ald\u0131\"},{\"@type\":\"BreadcrumbList\",\"@id\":\"https:\\\/\\\/darkamazi.site\\\/archives\\\/1036037#breadcrumb\",\"itemListElement\":[{\"@type\":\"ListItem\",\"position\":1,\"name\":\"Home\",\"item\":\"https:\\\/\\\/darkamazi.site\\\/\"},{\"@type\":\"ListItem\",\"position\":2,\"name\":\"Urfa&#8217;daki Gire Ke\u00e7el (Karahantepe) d\u00fcnyan\u0131n ilk 10 ke\u015ffi aras\u0131nda yerini ald\u0131\"}]},{\"@type\":\"WebSite\",\"@id\":\"https:\\\/\\\/darkamazi.site\\\/#website\",\"url\":\"https:\\\/\\\/darkamazi.site\\\/\",\"name\":\"Darka Mazi\",\"description\":\"Ana Sayfa\",\"publisher\":{\"@id\":\"https:\\\/\\\/darkamazi.site\\\/#organization\"},\"potentialAction\":[{\"@type\":\"SearchAction\",\"target\":{\"@type\":\"EntryPoint\",\"urlTemplate\":\"https:\\\/\\\/darkamazi.site\\\/?s={search_term_string}\"},\"query-input\":{\"@type\":\"PropertyValueSpecification\",\"valueRequired\":true,\"valueName\":\"search_term_string\"}}],\"inLanguage\":\"en-US\"},{\"@type\":\"Organization\",\"@id\":\"https:\\\/\\\/darkamazi.site\\\/#organization\",\"name\":\"Darka Mazi T\u00fcrk\u00e7e\",\"alternateName\":\"Darka Mazi\",\"url\":\"https:\\\/\\\/darkamazi.site\\\/\",\"logo\":{\"@type\":\"ImageObject\",\"inLanguage\":\"en-US\",\"@id\":\"https:\\\/\\\/darkamazi.site\\\/#\\\/schema\\\/logo\\\/image\\\/\",\"url\":\"https:\\\/\\\/darkamazi.site\\\/darka-content\\\/uploads\\\/2017\\\/12\\\/darka-mazi-logo.png\",\"contentUrl\":\"https:\\\/\\\/darkamazi.site\\\/darka-content\\\/uploads\\\/2017\\\/12\\\/darka-mazi-logo.png\",\"width\":151,\"height\":75,\"caption\":\"Darka Mazi T\u00fcrk\u00e7e\"},\"image\":{\"@id\":\"https:\\\/\\\/darkamazi.site\\\/#\\\/schema\\\/logo\\\/image\\\/\"},\"sameAs\":[\"https:\\\/\\\/www.facebook.com\\\/DarkaMaziturkce\",\"https:\\\/\\\/x.com\\\/DarkaMaziTurkce\"]},{\"@type\":\"Person\",\"@id\":\"https:\\\/\\\/darkamazi.site\\\/#\\\/schema\\\/person\\\/67986a95ac546c16760365877ef4a9d3\",\"name\":\"darka mazi\",\"sameAs\":[\"https:\\\/\\\/darkamazi.site\"],\"url\":\"https:\\\/\\\/darkamazi.site\\\/archives\\\/author\\\/turkish\"}]}<\/script>\n<!-- \/ Yoast SEO plugin. -->","seo_head_json":{"title":"Urfa'daki Gire Ke\u00e7el (Karahantepe) d\u00fcnyan\u0131n ilk 10 ke\u015ffi aras\u0131nda yerini ald\u0131 - Darka Mazi","robots":{"index":"index","follow":"follow","max-snippet":"max-snippet:-1","max-image-preview":"max-image-preview:large","max-video-preview":"max-video-preview:-1"},"canonical":"https:\/\/darkamazi.site\/archives\/1036037","og_locale":"en_US","og_type":"article","og_title":"Urfa'daki Gire Ke\u00e7el (Karahantepe) d\u00fcnyan\u0131n ilk 10 ke\u015ffi aras\u0131nda yerini ald\u0131 - Darka Mazi","og_description":"Urfa&#8217;daki Gire Ke\u00e7el yani\u00a0 Karahantepe, uluslararas\u0131 sayg\u0131nl\u0131k kazanm\u0131\u015f Archaeology Magazine&#8217;in 2025 y\u0131l\u0131n\u0131n en \u00f6nemli arkeolojik ke\u015fifleri listesine girerek d\u00fcnya sahnesine \u00e7\u0131kt\u0131 ve derginin kapa\u011f\u0131nda yer ald\u0131. Urfa&#8217;daki Ta\u015f Tepeler Projesi kapsam\u0131nda yap\u0131lan kaz\u0131larla ortaya \u00e7\u0131kar\u0131lan Karahantepe, Neolitik \u00e7a\u011f\u0131n merkezi konumunda bulunuyor. B\u00f6lgeden \u00e7\u0131kan sembolik buluntular ve \u00e7al\u0131\u015fmalar, yerle\u015fik ya\u015fam\u0131n k\u00f6kenleri ve erken d\u00f6nem insan topluluklar\u0131 [&hellip;]","og_url":"https:\/\/darkamazi.site\/archives\/1036037","og_site_name":"Darka Mazi","article_publisher":"https:\/\/www.facebook.com\/DarkaMaziturkce","article_published_time":"2025-12-24T09:22:56+00:00","og_image":[{"width":752,"height":472,"url":"https:\/\/darkamazi.site\/file\/2025\/12\/Karan-tepe.jpg","type":"image\/jpeg"}],"author":"darka mazi","twitter_card":"summary_large_image","twitter_creator":"@DarkaMaziTurkce","twitter_site":"@DarkaMaziTurkce","twitter_misc":{"Written by":"darka mazi","Est. reading time":"4 minutes"},"schema":{"@context":"https:\/\/schema.org","@graph":[{"@type":"NewsArticle","@id":"https:\/\/darkamazi.site\/archives\/1036037#article","isPartOf":{"@id":"https:\/\/darkamazi.site\/archives\/1036037"},"author":{"name":"darka mazi","@id":"https:\/\/darkamazi.site\/#\/schema\/person\/67986a95ac546c16760365877ef4a9d3"},"headline":"Urfa&#8217;daki Gire Ke\u00e7el (Karahantepe) d\u00fcnyan\u0131n ilk 10 ke\u015ffi aras\u0131nda yerini ald\u0131","datePublished":"2025-12-24T09:22:56+00:00","mainEntityOfPage":{"@id":"https:\/\/darkamazi.site\/archives\/1036037"},"wordCount":960,"publisher":{"@id":"https:\/\/darkamazi.site\/#organization"},"image":{"@id":"https:\/\/darkamazi.site\/archives\/1036037#primaryimage"},"thumbnailUrl":"https:\/\/darkamazi.site\/file\/2025\/12\/Karan-tepe.jpg","keywords":["\u00f6nemli"],"articleSection":["Kurdistan"],"inLanguage":"en-US"},{"@type":"WebPage","@id":"https:\/\/darkamazi.site\/archives\/1036037","url":"https:\/\/darkamazi.site\/archives\/1036037","name":"Urfa'daki Gire Ke\u00e7el (Karahantepe) d\u00fcnyan\u0131n ilk 10 ke\u015ffi aras\u0131nda yerini ald\u0131 - Darka Mazi","isPartOf":{"@id":"https:\/\/darkamazi.site\/#website"},"primaryImageOfPage":{"@id":"https:\/\/darkamazi.site\/archives\/1036037#primaryimage"},"image":{"@id":"https:\/\/darkamazi.site\/archives\/1036037#primaryimage"},"thumbnailUrl":"https:\/\/darkamazi.site\/file\/2025\/12\/Karan-tepe.jpg","datePublished":"2025-12-24T09:22:56+00:00","breadcrumb":{"@id":"https:\/\/darkamazi.site\/archives\/1036037#breadcrumb"},"inLanguage":"en-US","potentialAction":[{"@type":"ReadAction","target":["https:\/\/darkamazi.site\/archives\/1036037"]}]},{"@type":"ImageObject","inLanguage":"en-US","@id":"https:\/\/darkamazi.site\/archives\/1036037#primaryimage","url":"https:\/\/darkamazi.site\/file\/2025\/12\/Karan-tepe.jpg","contentUrl":"https:\/\/darkamazi.site\/file\/2025\/12\/Karan-tepe.jpg","width":752,"height":472,"caption":"Urfa'daki Gire Ke\u00e7el (Karahantepe) d\u00fcnyan\u0131n ilk 10 ke\u015ffi aras\u0131nda yerini ald\u0131"},{"@type":"BreadcrumbList","@id":"https:\/\/darkamazi.site\/archives\/1036037#breadcrumb","itemListElement":[{"@type":"ListItem","position":1,"name":"Home","item":"https:\/\/darkamazi.site\/"},{"@type":"ListItem","position":2,"name":"Urfa&#8217;daki Gire Ke\u00e7el (Karahantepe) d\u00fcnyan\u0131n ilk 10 ke\u015ffi aras\u0131nda yerini ald\u0131"}]},{"@type":"WebSite","@id":"https:\/\/darkamazi.site\/#website","url":"https:\/\/darkamazi.site\/","name":"Darka Mazi","description":"Ana Sayfa","publisher":{"@id":"https:\/\/darkamazi.site\/#organization"},"potentialAction":[{"@type":"SearchAction","target":{"@type":"EntryPoint","urlTemplate":"https:\/\/darkamazi.site\/?s={search_term_string}"},"query-input":{"@type":"PropertyValueSpecification","valueRequired":true,"valueName":"search_term_string"}}],"inLanguage":"en-US"},{"@type":"Organization","@id":"https:\/\/darkamazi.site\/#organization","name":"Darka Mazi T\u00fcrk\u00e7e","alternateName":"Darka Mazi","url":"https:\/\/darkamazi.site\/","logo":{"@type":"ImageObject","inLanguage":"en-US","@id":"https:\/\/darkamazi.site\/#\/schema\/logo\/image\/","url":"https:\/\/darkamazi.site\/file\/2017\/12\/darka-mazi-logo.png","contentUrl":"https:\/\/darkamazi.site\/file\/2017\/12\/darka-mazi-logo.png","width":151,"height":75,"caption":"Darka Mazi T\u00fcrk\u00e7e"},"image":{"@id":"https:\/\/darkamazi.site\/#\/schema\/logo\/image\/"},"sameAs":["https:\/\/www.facebook.com\/DarkaMaziturkce","https:\/\/x.com\/DarkaMaziTurkce"]},{"@type":"Person","@id":"https:\/\/darkamazi.site\/#\/schema\/person\/67986a95ac546c16760365877ef4a9d3","name":"darka mazi","sameAs":["https:\/\/darkamazi.site"],"url":"https:\/\/darkamazi.site\/archives\/author\/turkish"}]}},"_links":{"self":[{"href":"https:\/\/darkamazi.site\/funavuv\/wp\/v2\/posts\/1036037","targetHints":{"allow":["GET"]}}],"collection":[{"href":"https:\/\/darkamazi.site\/funavuv\/wp\/v2\/posts"}],"about":[{"href":"https:\/\/darkamazi.site\/funavuv\/wp\/v2\/types\/post"}],"author":[{"embeddable":true,"href":"https:\/\/darkamazi.site\/funavuv\/wp\/v2\/users\/2"}],"replies":[{"embeddable":true,"href":"https:\/\/darkamazi.site\/funavuv\/wp\/v2\/comments?post=1036037"}],"version-history":[{"count":0,"href":"https:\/\/darkamazi.site\/funavuv\/wp\/v2\/posts\/1036037\/revisions"}],"wp:featuredmedia":[{"embeddable":true,"href":"https:\/\/darkamazi.site\/funavuv\/wp\/v2\/media\/1036038"}],"wp:attachment":[{"href":"https:\/\/darkamazi.site\/funavuv\/wp\/v2\/media?parent=1036037"}],"wp:term":[{"taxonomy":"category","embeddable":true,"href":"https:\/\/darkamazi.site\/funavuv\/wp\/v2\/categories?post=1036037"},{"taxonomy":"post_tag","embeddable":true,"href":"https:\/\/darkamazi.site\/funavuv\/wp\/v2\/tags?post=1036037"}],"curies":[{"name":"wp","href":"https:\/\/api.w.org\/{rel}","templated":true}]}}