{"id":1036041,"date":"2025-12-25T19:44:09","date_gmt":"2025-12-25T16:44:09","guid":{"rendered":"https:\/\/darkamazi.site\/?p=1036041"},"modified":"2025-12-25T19:44:09","modified_gmt":"2025-12-25T16:44:09","slug":"mazlum-abdi-entegrasyon-konusunda-ortak-anlayisa-varilmistir","status":"publish","type":"post","link":"https:\/\/darkamazi.site\/archives\/1036041","title":{"rendered":"Mazlum Abdi: Entegrasyon konusunda ortak anlay\u0131\u015fa var\u0131lm\u0131\u015ft\u0131r"},"content":{"rendered":"<p style=\"text-align: justify\">\u00a0Demokratik Suriye G\u00fc\u00e7leri (DSG) Genel Komutan\u0131 Mazlum Abdi, Suriye h\u00fck\u00fcmeti ile askeri g\u00fc\u00e7lerin entegrasyonu, s\u0131n\u0131r kap\u0131lar\u0131 ve yeralt\u0131 kaynaklar\u0131n\u0131n y\u00f6netimi gibi temel konularda ortak bir anlay\u0131\u015fa ula\u015f\u0131ld\u0131\u011f\u0131n\u0131 a\u00e7\u0131klad\u0131.<\/p>\n<p style=\"text-align: justify\">Bug\u00fcn Rojava\u2019n\u0131n Tabka \u015fehrinde d\u00fczenlenen &#8220;\u00d6zerk Y\u00f6netim M\u00fczakere Komitesi \u0130sti\u015fare Heyeti&#8221; toplant\u0131s\u0131na hitaben konu\u015fan Mazlum Abdi, \u015eam y\u00f6netimi ile y\u00fcr\u00fct\u00fclen m\u00fczakerelerde kritik e\u015fiklerin a\u015f\u0131ld\u0131\u011f\u0131n\u0131 belirtti.<\/p>\n<p style=\"text-align: justify\"><strong>Askeri g\u00fc\u00e7lerin entegrasyonunda ortak vizyon<\/strong><\/p>\n<p style=\"text-align: justify\">Ajans North Press\u2019in haberine g\u00f6re, toplant\u0131ya g\u00f6r\u00fcnt\u00fcl\u00fc bir mesajla kat\u0131lan Mazlum Abdi, askeri kanatta gelinen noktay\u0131 \u015fu s\u00f6zlerle \u00f6zetledi:<\/p>\n<p style=\"text-align: justify\">&#8220;Askeri g\u00fc\u00e7lerin genel \u00e7\u0131karlar do\u011frultusunda birle\u015ftirilmesi (entegrasyonu) konusunda \u015eam ile ortak bir anlay\u0131\u015fa ula\u015ft\u0131k.&#8221;<\/p>\n<p style=\"text-align: justify\">Abdi ayr\u0131ca; s\u0131n\u0131r kap\u0131lar\u0131, \u00fclke s\u0131n\u0131rlar\u0131n\u0131n korunmas\u0131 ve yer alt\u0131 zenginliklerinin (petrol ve do\u011fal kaynaklar) t\u00fcm Suriyelilere ait olmas\u0131 temelinde y\u00f6netilmesi konular\u0131nda da \u015eam ile ortak bir vizyon geli\u015ftirme noktas\u0131nda ilerleme kaydedildi\u011fini vurgulad\u0131.<\/p>\n<p style=\"text-align: justify\"><strong>&#8220;\u00c7\u00f6z\u00fcm adem-i merkeziyet\u00e7i bir Suriye&#8221;<\/strong><\/p>\n<p style=\"text-align: justify\">Suriye\u2019nin gelece\u011fine dair siyasi model \u00f6nerisini yineleyen Abdi, &#8220;Suriye\u2019deki \u00e7\u00f6z\u00fcm\u00fcn adem-i merkeziyet\u00e7i (merkezi olmayan) bir yap\u0131da olmas\u0131 gerekti\u011fine inan\u0131yoruz. Kuzey ve Do\u011fu Suriye halk\u0131n\u0131n kendi b\u00f6lgelerini anayasal bir \u00e7er\u00e7eve i\u00e7inde y\u00f6netmesini istiyoruz&#8221; ifadelerini kulland\u0131.<\/p>\n<p style=\"text-align: justify\">Anayasal konular\u0131n t\u00fcm Suriye\u2019yi kapsayacak kapsaml\u0131 bir \u00e7\u00f6z\u00fcme ula\u015fmas\u0131 i\u00e7in zamana ihtiya\u00e7 duyuldu\u011funu belirten Abdi, t\u00fcm bile\u015fenlerin beklentilerini yans\u0131tan bir anayasa i\u00e7in daha derin diyaloglara ihtiya\u00e7 oldu\u011funu ifade etti.<\/p>\n<p style=\"text-align: justify\"><strong>\u00d6zerk Y\u00f6netim \u00e7al\u0131\u015fanlar\u0131na m\u00fcjde: &#8220;Devlet memuru olacaklar&#8221;<\/strong><\/p>\n<p style=\"text-align: justify\">M\u00fczakerelerin en hassas noktalar\u0131ndan biri olan kamu \u00e7al\u0131\u015fanlar\u0131n\u0131n durumu hakk\u0131nda da konu\u015fan Mazlum Abdi, \u00d6zerk Y\u00f6netim b\u00fcnyesinde g\u00f6rev yapan personelin haklar\u0131n\u0131n korunaca\u011f\u0131n\u0131 s\u00f6yledi:<\/p>\n<p style=\"text-align: justify\">&#8220;\u00d6zerk Y\u00f6netim\u2019in t\u00fcm \u00e7al\u0131\u015fanlar\u0131 gelecekte Suriye devletinin resmi memurlar\u0131 stat\u00fcs\u00fcne kavu\u015facak. Bu konu, 10 Mart Anla\u015fmas\u0131\u2019n\u0131n temel bir par\u00e7as\u0131d\u0131r.&#8221;<\/p>\n<p style=\"text-align: justify\"><strong>&#8220;Gelecek d\u00f6nem i\u00e7in umutluyuz&#8221;<\/strong><\/p>\n<p style=\"text-align: justify\">Temel konularda g\u00f6r\u00fc\u015flerin birbirine yakla\u015ft\u0131\u011f\u0131n\u0131 belirten Mazlum Abdi, \u201c\u00d6n\u00fcm\u00fczdeki d\u00f6nemde t\u00fcm maddeler \u00fczerinde tam bir anla\u015fmaya varmay\u0131 umuyoruz\u201d dedi.<\/p>\n","protected":false},"excerpt":{"rendered":"<p>\u00a0Demokratik Suriye G\u00fc\u00e7leri (DSG) Genel Komutan\u0131 Mazlum Abdi, Suriye h\u00fck\u00fcmeti ile askeri g\u00fc\u00e7lerin entegrasyonu, s\u0131n\u0131r kap\u0131lar\u0131 ve yeralt\u0131 kaynaklar\u0131n\u0131n y\u00f6netimi gibi temel konularda ortak bir anlay\u0131\u015fa ula\u015f\u0131ld\u0131\u011f\u0131n\u0131 a\u00e7\u0131klad\u0131. Bug\u00fcn Rojava\u2019n\u0131n Tabka \u015fehrinde d\u00fczenlenen &#8220;\u00d6zerk Y\u00f6netim M\u00fczakere Komitesi \u0130sti\u015fare Heyeti&#8221; toplant\u0131s\u0131na hitaben konu\u015fan Mazlum Abdi, \u015eam y\u00f6netimi ile y\u00fcr\u00fct\u00fclen m\u00fczakerelerde kritik e\u015fiklerin a\u015f\u0131ld\u0131\u011f\u0131n\u0131 belirtti. Askeri g\u00fc\u00e7lerin [&hellip;]<\/p>\n","protected":false},"author":2,"featured_media":1036042,"comment_status":"closed","ping_status":"closed","sticky":false,"template":"","format":"standard","meta":{"footnotes":""},"categories":[3],"tags":[31],"class_list":["post-1036041","post","type-post","status-publish","format-standard","has-post-thumbnail","hentry","category-kurdistan","tag-onemli"],"blocksy_meta":[],"seo_head":"<!-- This site is optimized with the Yoast SEO plugin v27.5 - https:\/\/yoast.com\/product\/yoast-seo-wordpress\/ -->\n<title>Mazlum Abdi: Entegrasyon konusunda ortak anlay\u0131\u015fa var\u0131lm\u0131\u015ft\u0131r - Darka Mazi<\/title>\n<meta name=\"robots\" content=\"index, follow, max-snippet:-1, max-image-preview:large, max-video-preview:-1\" \/>\n<link rel=\"canonical\" href=\"https:\/\/darkamazi.site\/archives\/1036041\" \/>\n<meta property=\"og:locale\" content=\"en_US\" \/>\n<meta property=\"og:type\" content=\"article\" \/>\n<meta property=\"og:title\" content=\"Mazlum Abdi: Entegrasyon konusunda ortak anlay\u0131\u015fa var\u0131lm\u0131\u015ft\u0131r - Darka Mazi\" \/>\n<meta property=\"og:description\" content=\"\u00a0Demokratik Suriye G\u00fc\u00e7leri (DSG) Genel Komutan\u0131 Mazlum Abdi, Suriye h\u00fck\u00fcmeti ile askeri g\u00fc\u00e7lerin entegrasyonu, s\u0131n\u0131r kap\u0131lar\u0131 ve yeralt\u0131 kaynaklar\u0131n\u0131n y\u00f6netimi gibi temel konularda ortak bir anlay\u0131\u015fa ula\u015f\u0131ld\u0131\u011f\u0131n\u0131 a\u00e7\u0131klad\u0131. Bug\u00fcn Rojava\u2019n\u0131n Tabka \u015fehrinde d\u00fczenlenen &#8220;\u00d6zerk Y\u00f6netim M\u00fczakere Komitesi \u0130sti\u015fare Heyeti&#8221; toplant\u0131s\u0131na hitaben konu\u015fan Mazlum Abdi, \u015eam y\u00f6netimi ile y\u00fcr\u00fct\u00fclen m\u00fczakerelerde kritik e\u015fiklerin a\u015f\u0131ld\u0131\u011f\u0131n\u0131 belirtti. Askeri g\u00fc\u00e7lerin [&hellip;]\" \/>\n<meta property=\"og:url\" content=\"https:\/\/darkamazi.site\/archives\/1036041\" \/>\n<meta property=\"og:site_name\" content=\"Darka Mazi\" \/>\n<meta property=\"article:publisher\" content=\"https:\/\/www.facebook.com\/DarkaMaziturkce\" \/>\n<meta property=\"article:published_time\" content=\"2025-12-25T16:44:09+00:00\" \/>\n<meta property=\"og:image\" content=\"https:\/\/darkamazi.site\/file\/2025\/12\/10-Mart.jpg\" \/>\n\t<meta property=\"og:image:width\" content=\"768\" \/>\n\t<meta property=\"og:image:height\" content=\"424\" \/>\n\t<meta property=\"og:image:type\" content=\"image\/jpeg\" \/>\n<meta name=\"author\" content=\"darka mazi\" \/>\n<meta name=\"twitter:card\" content=\"summary_large_image\" \/>\n<meta name=\"twitter:creator\" content=\"@DarkaMaziTurkce\" \/>\n<meta name=\"twitter:site\" content=\"@DarkaMaziTurkce\" \/>\n<meta name=\"twitter:label1\" content=\"Written by\" \/>\n\t<meta name=\"twitter:data1\" content=\"darka mazi\" \/>\n\t<meta name=\"twitter:label2\" content=\"Est. reading time\" \/>\n\t<meta name=\"twitter:data2\" content=\"2 minutes\" \/>\n<script type=\"application\/ld+json\" class=\"seo-schema-graph\">{\"@context\":\"https:\\\/\\\/schema.org\",\"@graph\":[{\"@type\":\"NewsArticle\",\"@id\":\"https:\\\/\\\/darkamazi.site\\\/archives\\\/1036041#article\",\"isPartOf\":{\"@id\":\"https:\\\/\\\/darkamazi.site\\\/archives\\\/1036041\"},\"author\":{\"name\":\"darka mazi\",\"@id\":\"https:\\\/\\\/darkamazi.site\\\/#\\\/schema\\\/person\\\/67986a95ac546c16760365877ef4a9d3\"},\"headline\":\"Mazlum Abdi: Entegrasyon konusunda ortak anlay\u0131\u015fa var\u0131lm\u0131\u015ft\u0131r\",\"datePublished\":\"2025-12-25T16:44:09+00:00\",\"mainEntityOfPage\":{\"@id\":\"https:\\\/\\\/darkamazi.site\\\/archives\\\/1036041\"},\"wordCount\":408,\"publisher\":{\"@id\":\"https:\\\/\\\/darkamazi.site\\\/#organization\"},\"image\":{\"@id\":\"https:\\\/\\\/darkamazi.site\\\/archives\\\/1036041#primaryimage\"},\"thumbnailUrl\":\"https:\\\/\\\/darkamazi.site\\\/darka-content\\\/uploads\\\/2025\\\/12\\\/10-Mart.jpg\",\"keywords\":[\"\u00f6nemli\"],\"articleSection\":[\"Kurdistan\"],\"inLanguage\":\"en-US\"},{\"@type\":\"WebPage\",\"@id\":\"https:\\\/\\\/darkamazi.site\\\/archives\\\/1036041\",\"url\":\"https:\\\/\\\/darkamazi.site\\\/archives\\\/1036041\",\"name\":\"Mazlum Abdi: Entegrasyon konusunda ortak anlay\u0131\u015fa var\u0131lm\u0131\u015ft\u0131r - Darka Mazi\",\"isPartOf\":{\"@id\":\"https:\\\/\\\/darkamazi.site\\\/#website\"},\"primaryImageOfPage\":{\"@id\":\"https:\\\/\\\/darkamazi.site\\\/archives\\\/1036041#primaryimage\"},\"image\":{\"@id\":\"https:\\\/\\\/darkamazi.site\\\/archives\\\/1036041#primaryimage\"},\"thumbnailUrl\":\"https:\\\/\\\/darkamazi.site\\\/darka-content\\\/uploads\\\/2025\\\/12\\\/10-Mart.jpg\",\"datePublished\":\"2025-12-25T16:44:09+00:00\",\"breadcrumb\":{\"@id\":\"https:\\\/\\\/darkamazi.site\\\/archives\\\/1036041#breadcrumb\"},\"inLanguage\":\"en-US\",\"potentialAction\":[{\"@type\":\"ReadAction\",\"target\":[\"https:\\\/\\\/darkamazi.site\\\/archives\\\/1036041\"]}]},{\"@type\":\"ImageObject\",\"inLanguage\":\"en-US\",\"@id\":\"https:\\\/\\\/darkamazi.site\\\/archives\\\/1036041#primaryimage\",\"url\":\"https:\\\/\\\/darkamazi.site\\\/darka-content\\\/uploads\\\/2025\\\/12\\\/10-Mart.jpg\",\"contentUrl\":\"https:\\\/\\\/darkamazi.site\\\/darka-content\\\/uploads\\\/2025\\\/12\\\/10-Mart.jpg\",\"width\":768,\"height\":424,\"caption\":\"Mazlum Abdi: Entegrasyon konusunda ortak anlay\u0131\u015fa var\u0131lm\u0131\u015ft\u0131r\"},{\"@type\":\"BreadcrumbList\",\"@id\":\"https:\\\/\\\/darkamazi.site\\\/archives\\\/1036041#breadcrumb\",\"itemListElement\":[{\"@type\":\"ListItem\",\"position\":1,\"name\":\"Home\",\"item\":\"https:\\\/\\\/darkamazi.site\\\/\"},{\"@type\":\"ListItem\",\"position\":2,\"name\":\"Mazlum Abdi: Entegrasyon konusunda ortak anlay\u0131\u015fa var\u0131lm\u0131\u015ft\u0131r\"}]},{\"@type\":\"WebSite\",\"@id\":\"https:\\\/\\\/darkamazi.site\\\/#website\",\"url\":\"https:\\\/\\\/darkamazi.site\\\/\",\"name\":\"Darka Mazi\",\"description\":\"Ana Sayfa\",\"publisher\":{\"@id\":\"https:\\\/\\\/darkamazi.site\\\/#organization\"},\"potentialAction\":[{\"@type\":\"SearchAction\",\"target\":{\"@type\":\"EntryPoint\",\"urlTemplate\":\"https:\\\/\\\/darkamazi.site\\\/?s={search_term_string}\"},\"query-input\":{\"@type\":\"PropertyValueSpecification\",\"valueRequired\":true,\"valueName\":\"search_term_string\"}}],\"inLanguage\":\"en-US\"},{\"@type\":\"Organization\",\"@id\":\"https:\\\/\\\/darkamazi.site\\\/#organization\",\"name\":\"Darka Mazi T\u00fcrk\u00e7e\",\"alternateName\":\"Darka Mazi\",\"url\":\"https:\\\/\\\/darkamazi.site\\\/\",\"logo\":{\"@type\":\"ImageObject\",\"inLanguage\":\"en-US\",\"@id\":\"https:\\\/\\\/darkamazi.site\\\/#\\\/schema\\\/logo\\\/image\\\/\",\"url\":\"https:\\\/\\\/darkamazi.site\\\/darka-content\\\/uploads\\\/2017\\\/12\\\/darka-mazi-logo.png\",\"contentUrl\":\"https:\\\/\\\/darkamazi.site\\\/darka-content\\\/uploads\\\/2017\\\/12\\\/darka-mazi-logo.png\",\"width\":151,\"height\":75,\"caption\":\"Darka Mazi T\u00fcrk\u00e7e\"},\"image\":{\"@id\":\"https:\\\/\\\/darkamazi.site\\\/#\\\/schema\\\/logo\\\/image\\\/\"},\"sameAs\":[\"https:\\\/\\\/www.facebook.com\\\/DarkaMaziturkce\",\"https:\\\/\\\/x.com\\\/DarkaMaziTurkce\"]},{\"@type\":\"Person\",\"@id\":\"https:\\\/\\\/darkamazi.site\\\/#\\\/schema\\\/person\\\/67986a95ac546c16760365877ef4a9d3\",\"name\":\"darka mazi\",\"sameAs\":[\"https:\\\/\\\/darkamazi.site\"],\"url\":\"https:\\\/\\\/darkamazi.site\\\/archives\\\/author\\\/turkish\"}]}<\/script>\n<!-- \/ Yoast SEO plugin. -->","seo_head_json":{"title":"Mazlum Abdi: Entegrasyon konusunda ortak anlay\u0131\u015fa var\u0131lm\u0131\u015ft\u0131r - Darka Mazi","robots":{"index":"index","follow":"follow","max-snippet":"max-snippet:-1","max-image-preview":"max-image-preview:large","max-video-preview":"max-video-preview:-1"},"canonical":"https:\/\/darkamazi.site\/archives\/1036041","og_locale":"en_US","og_type":"article","og_title":"Mazlum Abdi: Entegrasyon konusunda ortak anlay\u0131\u015fa var\u0131lm\u0131\u015ft\u0131r - Darka Mazi","og_description":"\u00a0Demokratik Suriye G\u00fc\u00e7leri (DSG) Genel Komutan\u0131 Mazlum Abdi, Suriye h\u00fck\u00fcmeti ile askeri g\u00fc\u00e7lerin entegrasyonu, s\u0131n\u0131r kap\u0131lar\u0131 ve yeralt\u0131 kaynaklar\u0131n\u0131n y\u00f6netimi gibi temel konularda ortak bir anlay\u0131\u015fa ula\u015f\u0131ld\u0131\u011f\u0131n\u0131 a\u00e7\u0131klad\u0131. Bug\u00fcn Rojava\u2019n\u0131n Tabka \u015fehrinde d\u00fczenlenen &#8220;\u00d6zerk Y\u00f6netim M\u00fczakere Komitesi \u0130sti\u015fare Heyeti&#8221; toplant\u0131s\u0131na hitaben konu\u015fan Mazlum Abdi, \u015eam y\u00f6netimi ile y\u00fcr\u00fct\u00fclen m\u00fczakerelerde kritik e\u015fiklerin a\u015f\u0131ld\u0131\u011f\u0131n\u0131 belirtti. Askeri g\u00fc\u00e7lerin [&hellip;]","og_url":"https:\/\/darkamazi.site\/archives\/1036041","og_site_name":"Darka Mazi","article_publisher":"https:\/\/www.facebook.com\/DarkaMaziturkce","article_published_time":"2025-12-25T16:44:09+00:00","og_image":[{"width":768,"height":424,"url":"https:\/\/darkamazi.site\/file\/2025\/12\/10-Mart.jpg","type":"image\/jpeg"}],"author":"darka mazi","twitter_card":"summary_large_image","twitter_creator":"@DarkaMaziTurkce","twitter_site":"@DarkaMaziTurkce","twitter_misc":{"Written by":"darka mazi","Est. reading time":"2 minutes"},"schema":{"@context":"https:\/\/schema.org","@graph":[{"@type":"NewsArticle","@id":"https:\/\/darkamazi.site\/archives\/1036041#article","isPartOf":{"@id":"https:\/\/darkamazi.site\/archives\/1036041"},"author":{"name":"darka mazi","@id":"https:\/\/darkamazi.site\/#\/schema\/person\/67986a95ac546c16760365877ef4a9d3"},"headline":"Mazlum Abdi: Entegrasyon konusunda ortak anlay\u0131\u015fa var\u0131lm\u0131\u015ft\u0131r","datePublished":"2025-12-25T16:44:09+00:00","mainEntityOfPage":{"@id":"https:\/\/darkamazi.site\/archives\/1036041"},"wordCount":408,"publisher":{"@id":"https:\/\/darkamazi.site\/#organization"},"image":{"@id":"https:\/\/darkamazi.site\/archives\/1036041#primaryimage"},"thumbnailUrl":"https:\/\/darkamazi.site\/file\/2025\/12\/10-Mart.jpg","keywords":["\u00f6nemli"],"articleSection":["Kurdistan"],"inLanguage":"en-US"},{"@type":"WebPage","@id":"https:\/\/darkamazi.site\/archives\/1036041","url":"https:\/\/darkamazi.site\/archives\/1036041","name":"Mazlum Abdi: Entegrasyon konusunda ortak anlay\u0131\u015fa var\u0131lm\u0131\u015ft\u0131r - Darka Mazi","isPartOf":{"@id":"https:\/\/darkamazi.site\/#website"},"primaryImageOfPage":{"@id":"https:\/\/darkamazi.site\/archives\/1036041#primaryimage"},"image":{"@id":"https:\/\/darkamazi.site\/archives\/1036041#primaryimage"},"thumbnailUrl":"https:\/\/darkamazi.site\/file\/2025\/12\/10-Mart.jpg","datePublished":"2025-12-25T16:44:09+00:00","breadcrumb":{"@id":"https:\/\/darkamazi.site\/archives\/1036041#breadcrumb"},"inLanguage":"en-US","potentialAction":[{"@type":"ReadAction","target":["https:\/\/darkamazi.site\/archives\/1036041"]}]},{"@type":"ImageObject","inLanguage":"en-US","@id":"https:\/\/darkamazi.site\/archives\/1036041#primaryimage","url":"https:\/\/darkamazi.site\/file\/2025\/12\/10-Mart.jpg","contentUrl":"https:\/\/darkamazi.site\/file\/2025\/12\/10-Mart.jpg","width":768,"height":424,"caption":"Mazlum Abdi: Entegrasyon konusunda ortak anlay\u0131\u015fa var\u0131lm\u0131\u015ft\u0131r"},{"@type":"BreadcrumbList","@id":"https:\/\/darkamazi.site\/archives\/1036041#breadcrumb","itemListElement":[{"@type":"ListItem","position":1,"name":"Home","item":"https:\/\/darkamazi.site\/"},{"@type":"ListItem","position":2,"name":"Mazlum Abdi: Entegrasyon konusunda ortak anlay\u0131\u015fa var\u0131lm\u0131\u015ft\u0131r"}]},{"@type":"WebSite","@id":"https:\/\/darkamazi.site\/#website","url":"https:\/\/darkamazi.site\/","name":"Darka Mazi","description":"Ana Sayfa","publisher":{"@id":"https:\/\/darkamazi.site\/#organization"},"potentialAction":[{"@type":"SearchAction","target":{"@type":"EntryPoint","urlTemplate":"https:\/\/darkamazi.site\/?s={search_term_string}"},"query-input":{"@type":"PropertyValueSpecification","valueRequired":true,"valueName":"search_term_string"}}],"inLanguage":"en-US"},{"@type":"Organization","@id":"https:\/\/darkamazi.site\/#organization","name":"Darka Mazi T\u00fcrk\u00e7e","alternateName":"Darka Mazi","url":"https:\/\/darkamazi.site\/","logo":{"@type":"ImageObject","inLanguage":"en-US","@id":"https:\/\/darkamazi.site\/#\/schema\/logo\/image\/","url":"https:\/\/darkamazi.site\/file\/2017\/12\/darka-mazi-logo.png","contentUrl":"https:\/\/darkamazi.site\/file\/2017\/12\/darka-mazi-logo.png","width":151,"height":75,"caption":"Darka Mazi T\u00fcrk\u00e7e"},"image":{"@id":"https:\/\/darkamazi.site\/#\/schema\/logo\/image\/"},"sameAs":["https:\/\/www.facebook.com\/DarkaMaziturkce","https:\/\/x.com\/DarkaMaziTurkce"]},{"@type":"Person","@id":"https:\/\/darkamazi.site\/#\/schema\/person\/67986a95ac546c16760365877ef4a9d3","name":"darka mazi","sameAs":["https:\/\/darkamazi.site"],"url":"https:\/\/darkamazi.site\/archives\/author\/turkish"}]}},"_links":{"self":[{"href":"https:\/\/darkamazi.site\/funavuv\/wp\/v2\/posts\/1036041","targetHints":{"allow":["GET"]}}],"collection":[{"href":"https:\/\/darkamazi.site\/funavuv\/wp\/v2\/posts"}],"about":[{"href":"https:\/\/darkamazi.site\/funavuv\/wp\/v2\/types\/post"}],"author":[{"embeddable":true,"href":"https:\/\/darkamazi.site\/funavuv\/wp\/v2\/users\/2"}],"replies":[{"embeddable":true,"href":"https:\/\/darkamazi.site\/funavuv\/wp\/v2\/comments?post=1036041"}],"version-history":[{"count":0,"href":"https:\/\/darkamazi.site\/funavuv\/wp\/v2\/posts\/1036041\/revisions"}],"wp:featuredmedia":[{"embeddable":true,"href":"https:\/\/darkamazi.site\/funavuv\/wp\/v2\/media\/1036042"}],"wp:attachment":[{"href":"https:\/\/darkamazi.site\/funavuv\/wp\/v2\/media?parent=1036041"}],"wp:term":[{"taxonomy":"category","embeddable":true,"href":"https:\/\/darkamazi.site\/funavuv\/wp\/v2\/categories?post=1036041"},{"taxonomy":"post_tag","embeddable":true,"href":"https:\/\/darkamazi.site\/funavuv\/wp\/v2\/tags?post=1036041"}],"curies":[{"name":"wp","href":"https:\/\/api.w.org\/{rel}","templated":true}]}}