{"id":1036044,"date":"2025-12-25T19:50:31","date_gmt":"2025-12-25T16:50:31","guid":{"rendered":"https:\/\/darkamazi.site\/?p=1036044"},"modified":"2025-12-25T19:50:31","modified_gmt":"2025-12-25T16:50:31","slug":"israil-iranli-ust-duzey-komutan-lubnanda-olduruldu","status":"publish","type":"post","link":"https:\/\/darkamazi.site\/archives\/1036044","title":{"rendered":"\u0130srail: \u0130ranl\u0131 \u00fcst d\u00fczey komutan L\u00fcbnan\u2019da \u00f6ld\u00fcr\u00fcld\u00fc"},"content":{"rendered":"<p style=\"font-weight: 400;text-align: justify\">\u0130srail ordusu, bug\u00fcn yapt\u0131\u011f\u0131 a\u00e7\u0131klamada, \u0130ran Devrim Muhaf\u0131zlar\u0131\u2019na ba\u011fl\u0131 Kud\u00fcs G\u00fcc\u00fc\u2019n\u00fcn operasyon biriminde g\u00f6revli \u00f6nemli isimlerden H\u00fcseyin el-Cevheri\u2019nin L\u00fcbnan\u2019da d\u00fczenlenen bir sald\u0131r\u0131da \u00f6ld\u00fcr\u00fcld\u00fc\u011f\u00fcn\u00fc do\u011frulad\u0131.<\/p>\n<p style=\"font-weight: 400;text-align: justify\"><b><strong>Farkl\u0131 B\u00f6lgelerde Art Arda Sald\u0131r\u0131lar<\/strong><\/b><\/p>\n<p style=\"font-weight: 400;text-align: justify\">Ayn\u0131 g\u00fcn i\u00e7inde, L\u00fcbnan\u2019\u0131n kuzeydo\u011fusunda d\u00fczenlenen ba\u015fka bir \u0130srail hava sald\u0131r\u0131s\u0131nda iki ki\u015finin daha hayat\u0131n\u0131 kaybetti\u011fi bildirildi. L\u00fcbnan Ulusal Haber Ajans\u0131 (NNA), \u0130srail\u2019e ait bir insans\u0131z hava arac\u0131n\u0131n Hermel il\u00e7esine ba\u011fl\u0131 Ho\u015f es-Seyyid Ali yolu \u00fczerinde bir arac\u0131 hedef ald\u0131\u011f\u0131n\u0131, sald\u0131r\u0131 sonucu iki ki\u015finin \u00f6ld\u00fc\u011f\u00fcn\u00fc ve cenazelerin Hermel\u2019deki Petrol Hastanesi\u2019ne kald\u0131r\u0131ld\u0131\u011f\u0131n\u0131 aktard\u0131.<\/p>\n<p style=\"font-weight: 400;text-align: justify\">Ajans ayr\u0131ca, \u00c7ar\u015famba ak\u015fam\u0131 Sur il\u00e7esine ba\u011fl\u0131 Cenata beldesinde de bir arac\u0131n \u0130srail \u0130HA\u2019s\u0131 taraf\u0131ndan vuruldu\u011funu, sald\u0131r\u0131 s\u0131ras\u0131nda olay yerinden ge\u00e7en bir sivilin yaraland\u0131\u011f\u0131n\u0131 ve hastaneye kald\u0131r\u0131ld\u0131\u011f\u0131n\u0131 duyurdu.<\/p>\n<p style=\"font-weight: 400;text-align: justify\"><b><strong>L\u00fcbnan Cumhurba\u015fkan\u0131: \u201cSava\u015f Tehlikesi Uzakla\u015ft\u0131r\u0131ld\u0131\u201d<\/strong><\/b><\/p>\n<p style=\"font-weight: 400;text-align: justify\">\u00d6te yandan L\u00fcbnan Cumhurba\u015fkan\u0131 Joseph Avn, \u00fclkede sava\u015f ihtimalinin geri p\u00fcsk\u00fcrt\u00fcld\u00fc\u011f\u00fcn\u00fc ve s\u00fcrecin olumlu y\u00f6nde ilerledi\u011fini s\u00f6yledi. L\u00fcbnan Ulusal Haber Ajans\u0131\u2019n\u0131n aktard\u0131\u011f\u0131na g\u00f6re Avn, Maruni Patri\u011fi Kardinal Mar Be\u015fara Butros Rai ile yapt\u0131\u011f\u0131 g\u00f6r\u00fc\u015fmenin ard\u0131ndan a\u00e7\u0131klamalarda bulundu.<\/p>\n<p style=\"font-weight: 400;text-align: justify\">\u201c\u00d6n\u00fcm\u00fczdeki y\u0131l yeni L\u00fcbnan\u2019\u0131n do\u011fu\u015funa tan\u0131kl\u0131k edece\u011fiz; hesap verebilirli\u011fin, kurumlar\u0131n h\u00e2kim oldu\u011fu bir devlet in\u015fa edece\u011fiz, parti ve mezhep devletini de\u011fil,\u201d diyen Avn, G\u00fcney L\u00fcbnan\u2019daki yaralar\u0131n ancak kal\u0131c\u0131 bar\u0131\u015fla sar\u0131labilece\u011fini vurgulad\u0131.<\/p>\n<p style=\"font-weight: 400;text-align: justify\">Cumhurba\u015fkan\u0131 Avn ayr\u0131ca diplomatik temaslar\u0131n kesintisiz s\u00fcrd\u00fc\u011f\u00fcn\u00fc belirterek, \u201cSava\u015f\u0131n hayaleti \u00fclkeden uzakla\u015ft\u0131r\u0131ld\u0131\u201d dedi ve anayasal bir zorunluluk olan se\u00e7imlerin zaman\u0131nda yap\u0131laca\u011f\u0131n\u0131 kaydetti.<\/p>\n","protected":false},"excerpt":{"rendered":"<p>\u0130srail ordusu, bug\u00fcn yapt\u0131\u011f\u0131 a\u00e7\u0131klamada, \u0130ran Devrim Muhaf\u0131zlar\u0131\u2019na ba\u011fl\u0131 Kud\u00fcs G\u00fcc\u00fc\u2019n\u00fcn operasyon biriminde g\u00f6revli \u00f6nemli isimlerden H\u00fcseyin el-Cevheri\u2019nin L\u00fcbnan\u2019da d\u00fczenlenen bir sald\u0131r\u0131da \u00f6ld\u00fcr\u00fcld\u00fc\u011f\u00fcn\u00fc do\u011frulad\u0131. Farkl\u0131 B\u00f6lgelerde Art Arda Sald\u0131r\u0131lar Ayn\u0131 g\u00fcn i\u00e7inde, L\u00fcbnan\u2019\u0131n kuzeydo\u011fusunda d\u00fczenlenen ba\u015fka bir \u0130srail hava sald\u0131r\u0131s\u0131nda iki ki\u015finin daha hayat\u0131n\u0131 kaybetti\u011fi bildirildi. L\u00fcbnan Ulusal Haber Ajans\u0131 (NNA), \u0130srail\u2019e ait bir insans\u0131z [&hellip;]<\/p>\n","protected":false},"author":2,"featured_media":1036045,"comment_status":"closed","ping_status":"closed","sticky":false,"template":"","format":"standard","meta":{"footnotes":""},"categories":[29],"tags":[],"class_list":["post-1036044","post","type-post","status-publish","format-standard","has-post-thumbnail","hentry","category-ortadogu"],"blocksy_meta":[],"seo_head":"<!-- This site is optimized with the Yoast SEO plugin v27.5 - https:\/\/yoast.com\/product\/yoast-seo-wordpress\/ -->\n<title>\u0130srail: \u0130ranl\u0131 \u00fcst d\u00fczey komutan L\u00fcbnan\u2019da \u00f6ld\u00fcr\u00fcld\u00fc - Darka Mazi<\/title>\n<meta name=\"robots\" content=\"index, follow, max-snippet:-1, max-image-preview:large, max-video-preview:-1\" \/>\n<link rel=\"canonical\" href=\"https:\/\/darkamazi.site\/archives\/1036044\" \/>\n<meta property=\"og:locale\" content=\"en_US\" \/>\n<meta property=\"og:type\" content=\"article\" \/>\n<meta property=\"og:title\" content=\"\u0130srail: \u0130ranl\u0131 \u00fcst d\u00fczey komutan L\u00fcbnan\u2019da \u00f6ld\u00fcr\u00fcld\u00fc - Darka Mazi\" \/>\n<meta property=\"og:description\" content=\"\u0130srail ordusu, bug\u00fcn yapt\u0131\u011f\u0131 a\u00e7\u0131klamada, \u0130ran Devrim Muhaf\u0131zlar\u0131\u2019na ba\u011fl\u0131 Kud\u00fcs G\u00fcc\u00fc\u2019n\u00fcn operasyon biriminde g\u00f6revli \u00f6nemli isimlerden H\u00fcseyin el-Cevheri\u2019nin L\u00fcbnan\u2019da d\u00fczenlenen bir sald\u0131r\u0131da \u00f6ld\u00fcr\u00fcld\u00fc\u011f\u00fcn\u00fc do\u011frulad\u0131. Farkl\u0131 B\u00f6lgelerde Art Arda Sald\u0131r\u0131lar Ayn\u0131 g\u00fcn i\u00e7inde, L\u00fcbnan\u2019\u0131n kuzeydo\u011fusunda d\u00fczenlenen ba\u015fka bir \u0130srail hava sald\u0131r\u0131s\u0131nda iki ki\u015finin daha hayat\u0131n\u0131 kaybetti\u011fi bildirildi. L\u00fcbnan Ulusal Haber Ajans\u0131 (NNA), \u0130srail\u2019e ait bir insans\u0131z [&hellip;]\" \/>\n<meta property=\"og:url\" content=\"https:\/\/darkamazi.site\/archives\/1036044\" \/>\n<meta property=\"og:site_name\" content=\"Darka Mazi\" \/>\n<meta property=\"article:publisher\" content=\"https:\/\/www.facebook.com\/DarkaMaziturkce\" \/>\n<meta property=\"article:published_time\" content=\"2025-12-25T16:50:31+00:00\" \/>\n<meta property=\"og:image\" content=\"https:\/\/darkamazi.site\/file\/2025\/12\/Devrim-Muhifizlari.jpeg\" \/>\n\t<meta property=\"og:image:width\" content=\"1200\" \/>\n\t<meta property=\"og:image:height\" content=\"750\" \/>\n\t<meta property=\"og:image:type\" content=\"image\/jpeg\" \/>\n<meta name=\"author\" content=\"darka mazi\" \/>\n<meta name=\"twitter:card\" content=\"summary_large_image\" \/>\n<meta name=\"twitter:creator\" content=\"@DarkaMaziTurkce\" \/>\n<meta name=\"twitter:site\" content=\"@DarkaMaziTurkce\" \/>\n<meta name=\"twitter:label1\" content=\"Written by\" \/>\n\t<meta name=\"twitter:data1\" content=\"darka mazi\" \/>\n\t<meta name=\"twitter:label2\" content=\"Est. reading time\" \/>\n\t<meta name=\"twitter:data2\" content=\"2 minutes\" \/>\n<script type=\"application\/ld+json\" class=\"seo-schema-graph\">{\"@context\":\"https:\\\/\\\/schema.org\",\"@graph\":[{\"@type\":\"NewsArticle\",\"@id\":\"https:\\\/\\\/darkamazi.site\\\/archives\\\/1036044#article\",\"isPartOf\":{\"@id\":\"https:\\\/\\\/darkamazi.site\\\/archives\\\/1036044\"},\"author\":{\"name\":\"darka mazi\",\"@id\":\"https:\\\/\\\/darkamazi.site\\\/#\\\/schema\\\/person\\\/67986a95ac546c16760365877ef4a9d3\"},\"headline\":\"\u0130srail: \u0130ranl\u0131 \u00fcst d\u00fczey komutan L\u00fcbnan\u2019da \u00f6ld\u00fcr\u00fcld\u00fc\",\"datePublished\":\"2025-12-25T16:50:31+00:00\",\"mainEntityOfPage\":{\"@id\":\"https:\\\/\\\/darkamazi.site\\\/archives\\\/1036044\"},\"wordCount\":350,\"publisher\":{\"@id\":\"https:\\\/\\\/darkamazi.site\\\/#organization\"},\"image\":{\"@id\":\"https:\\\/\\\/darkamazi.site\\\/archives\\\/1036044#primaryimage\"},\"thumbnailUrl\":\"https:\\\/\\\/darkamazi.site\\\/darka-content\\\/uploads\\\/2025\\\/12\\\/Devrim-Muhifizlari.jpeg\",\"articleSection\":[\"Ortado\u011fu\"],\"inLanguage\":\"en-US\"},{\"@type\":\"WebPage\",\"@id\":\"https:\\\/\\\/darkamazi.site\\\/archives\\\/1036044\",\"url\":\"https:\\\/\\\/darkamazi.site\\\/archives\\\/1036044\",\"name\":\"\u0130srail: \u0130ranl\u0131 \u00fcst d\u00fczey komutan L\u00fcbnan\u2019da \u00f6ld\u00fcr\u00fcld\u00fc - Darka Mazi\",\"isPartOf\":{\"@id\":\"https:\\\/\\\/darkamazi.site\\\/#website\"},\"primaryImageOfPage\":{\"@id\":\"https:\\\/\\\/darkamazi.site\\\/archives\\\/1036044#primaryimage\"},\"image\":{\"@id\":\"https:\\\/\\\/darkamazi.site\\\/archives\\\/1036044#primaryimage\"},\"thumbnailUrl\":\"https:\\\/\\\/darkamazi.site\\\/darka-content\\\/uploads\\\/2025\\\/12\\\/Devrim-Muhifizlari.jpeg\",\"datePublished\":\"2025-12-25T16:50:31+00:00\",\"breadcrumb\":{\"@id\":\"https:\\\/\\\/darkamazi.site\\\/archives\\\/1036044#breadcrumb\"},\"inLanguage\":\"en-US\",\"potentialAction\":[{\"@type\":\"ReadAction\",\"target\":[\"https:\\\/\\\/darkamazi.site\\\/archives\\\/1036044\"]}]},{\"@type\":\"ImageObject\",\"inLanguage\":\"en-US\",\"@id\":\"https:\\\/\\\/darkamazi.site\\\/archives\\\/1036044#primaryimage\",\"url\":\"https:\\\/\\\/darkamazi.site\\\/darka-content\\\/uploads\\\/2025\\\/12\\\/Devrim-Muhifizlari.jpeg\",\"contentUrl\":\"https:\\\/\\\/darkamazi.site\\\/darka-content\\\/uploads\\\/2025\\\/12\\\/Devrim-Muhifizlari.jpeg\",\"width\":1200,\"height\":750,\"caption\":\"\u0130srail: \u0130ranl\u0131 \u00fcst d\u00fczey komutan L\u00fcbnan\u2019da \u00f6ld\u00fcr\u00fcld\u00fc\"},{\"@type\":\"BreadcrumbList\",\"@id\":\"https:\\\/\\\/darkamazi.site\\\/archives\\\/1036044#breadcrumb\",\"itemListElement\":[{\"@type\":\"ListItem\",\"position\":1,\"name\":\"Home\",\"item\":\"https:\\\/\\\/darkamazi.site\\\/\"},{\"@type\":\"ListItem\",\"position\":2,\"name\":\"\u0130srail: \u0130ranl\u0131 \u00fcst d\u00fczey komutan L\u00fcbnan\u2019da \u00f6ld\u00fcr\u00fcld\u00fc\"}]},{\"@type\":\"WebSite\",\"@id\":\"https:\\\/\\\/darkamazi.site\\\/#website\",\"url\":\"https:\\\/\\\/darkamazi.site\\\/\",\"name\":\"Darka Mazi\",\"description\":\"Ana Sayfa\",\"publisher\":{\"@id\":\"https:\\\/\\\/darkamazi.site\\\/#organization\"},\"potentialAction\":[{\"@type\":\"SearchAction\",\"target\":{\"@type\":\"EntryPoint\",\"urlTemplate\":\"https:\\\/\\\/darkamazi.site\\\/?s={search_term_string}\"},\"query-input\":{\"@type\":\"PropertyValueSpecification\",\"valueRequired\":true,\"valueName\":\"search_term_string\"}}],\"inLanguage\":\"en-US\"},{\"@type\":\"Organization\",\"@id\":\"https:\\\/\\\/darkamazi.site\\\/#organization\",\"name\":\"Darka Mazi T\u00fcrk\u00e7e\",\"alternateName\":\"Darka Mazi\",\"url\":\"https:\\\/\\\/darkamazi.site\\\/\",\"logo\":{\"@type\":\"ImageObject\",\"inLanguage\":\"en-US\",\"@id\":\"https:\\\/\\\/darkamazi.site\\\/#\\\/schema\\\/logo\\\/image\\\/\",\"url\":\"https:\\\/\\\/darkamazi.site\\\/darka-content\\\/uploads\\\/2017\\\/12\\\/darka-mazi-logo.png\",\"contentUrl\":\"https:\\\/\\\/darkamazi.site\\\/darka-content\\\/uploads\\\/2017\\\/12\\\/darka-mazi-logo.png\",\"width\":151,\"height\":75,\"caption\":\"Darka Mazi T\u00fcrk\u00e7e\"},\"image\":{\"@id\":\"https:\\\/\\\/darkamazi.site\\\/#\\\/schema\\\/logo\\\/image\\\/\"},\"sameAs\":[\"https:\\\/\\\/www.facebook.com\\\/DarkaMaziturkce\",\"https:\\\/\\\/x.com\\\/DarkaMaziTurkce\"]},{\"@type\":\"Person\",\"@id\":\"https:\\\/\\\/darkamazi.site\\\/#\\\/schema\\\/person\\\/67986a95ac546c16760365877ef4a9d3\",\"name\":\"darka mazi\",\"sameAs\":[\"https:\\\/\\\/darkamazi.site\"],\"url\":\"https:\\\/\\\/darkamazi.site\\\/archives\\\/author\\\/turkish\"}]}<\/script>\n<!-- \/ Yoast SEO plugin. -->","seo_head_json":{"title":"\u0130srail: \u0130ranl\u0131 \u00fcst d\u00fczey komutan L\u00fcbnan\u2019da \u00f6ld\u00fcr\u00fcld\u00fc - Darka Mazi","robots":{"index":"index","follow":"follow","max-snippet":"max-snippet:-1","max-image-preview":"max-image-preview:large","max-video-preview":"max-video-preview:-1"},"canonical":"https:\/\/darkamazi.site\/archives\/1036044","og_locale":"en_US","og_type":"article","og_title":"\u0130srail: \u0130ranl\u0131 \u00fcst d\u00fczey komutan L\u00fcbnan\u2019da \u00f6ld\u00fcr\u00fcld\u00fc - Darka Mazi","og_description":"\u0130srail ordusu, bug\u00fcn yapt\u0131\u011f\u0131 a\u00e7\u0131klamada, \u0130ran Devrim Muhaf\u0131zlar\u0131\u2019na ba\u011fl\u0131 Kud\u00fcs G\u00fcc\u00fc\u2019n\u00fcn operasyon biriminde g\u00f6revli \u00f6nemli isimlerden H\u00fcseyin el-Cevheri\u2019nin L\u00fcbnan\u2019da d\u00fczenlenen bir sald\u0131r\u0131da \u00f6ld\u00fcr\u00fcld\u00fc\u011f\u00fcn\u00fc do\u011frulad\u0131. Farkl\u0131 B\u00f6lgelerde Art Arda Sald\u0131r\u0131lar Ayn\u0131 g\u00fcn i\u00e7inde, L\u00fcbnan\u2019\u0131n kuzeydo\u011fusunda d\u00fczenlenen ba\u015fka bir \u0130srail hava sald\u0131r\u0131s\u0131nda iki ki\u015finin daha hayat\u0131n\u0131 kaybetti\u011fi bildirildi. L\u00fcbnan Ulusal Haber Ajans\u0131 (NNA), \u0130srail\u2019e ait bir insans\u0131z [&hellip;]","og_url":"https:\/\/darkamazi.site\/archives\/1036044","og_site_name":"Darka Mazi","article_publisher":"https:\/\/www.facebook.com\/DarkaMaziturkce","article_published_time":"2025-12-25T16:50:31+00:00","og_image":[{"width":1200,"height":750,"url":"https:\/\/darkamazi.site\/file\/2025\/12\/Devrim-Muhifizlari.jpeg","type":"image\/jpeg"}],"author":"darka mazi","twitter_card":"summary_large_image","twitter_creator":"@DarkaMaziTurkce","twitter_site":"@DarkaMaziTurkce","twitter_misc":{"Written by":"darka mazi","Est. reading time":"2 minutes"},"schema":{"@context":"https:\/\/schema.org","@graph":[{"@type":"NewsArticle","@id":"https:\/\/darkamazi.site\/archives\/1036044#article","isPartOf":{"@id":"https:\/\/darkamazi.site\/archives\/1036044"},"author":{"name":"darka mazi","@id":"https:\/\/darkamazi.site\/#\/schema\/person\/67986a95ac546c16760365877ef4a9d3"},"headline":"\u0130srail: \u0130ranl\u0131 \u00fcst d\u00fczey komutan L\u00fcbnan\u2019da \u00f6ld\u00fcr\u00fcld\u00fc","datePublished":"2025-12-25T16:50:31+00:00","mainEntityOfPage":{"@id":"https:\/\/darkamazi.site\/archives\/1036044"},"wordCount":350,"publisher":{"@id":"https:\/\/darkamazi.site\/#organization"},"image":{"@id":"https:\/\/darkamazi.site\/archives\/1036044#primaryimage"},"thumbnailUrl":"https:\/\/darkamazi.site\/file\/2025\/12\/Devrim-Muhifizlari.jpeg","articleSection":["Ortado\u011fu"],"inLanguage":"en-US"},{"@type":"WebPage","@id":"https:\/\/darkamazi.site\/archives\/1036044","url":"https:\/\/darkamazi.site\/archives\/1036044","name":"\u0130srail: \u0130ranl\u0131 \u00fcst d\u00fczey komutan L\u00fcbnan\u2019da \u00f6ld\u00fcr\u00fcld\u00fc - Darka Mazi","isPartOf":{"@id":"https:\/\/darkamazi.site\/#website"},"primaryImageOfPage":{"@id":"https:\/\/darkamazi.site\/archives\/1036044#primaryimage"},"image":{"@id":"https:\/\/darkamazi.site\/archives\/1036044#primaryimage"},"thumbnailUrl":"https:\/\/darkamazi.site\/file\/2025\/12\/Devrim-Muhifizlari.jpeg","datePublished":"2025-12-25T16:50:31+00:00","breadcrumb":{"@id":"https:\/\/darkamazi.site\/archives\/1036044#breadcrumb"},"inLanguage":"en-US","potentialAction":[{"@type":"ReadAction","target":["https:\/\/darkamazi.site\/archives\/1036044"]}]},{"@type":"ImageObject","inLanguage":"en-US","@id":"https:\/\/darkamazi.site\/archives\/1036044#primaryimage","url":"https:\/\/darkamazi.site\/file\/2025\/12\/Devrim-Muhifizlari.jpeg","contentUrl":"https:\/\/darkamazi.site\/file\/2025\/12\/Devrim-Muhifizlari.jpeg","width":1200,"height":750,"caption":"\u0130srail: \u0130ranl\u0131 \u00fcst d\u00fczey komutan L\u00fcbnan\u2019da \u00f6ld\u00fcr\u00fcld\u00fc"},{"@type":"BreadcrumbList","@id":"https:\/\/darkamazi.site\/archives\/1036044#breadcrumb","itemListElement":[{"@type":"ListItem","position":1,"name":"Home","item":"https:\/\/darkamazi.site\/"},{"@type":"ListItem","position":2,"name":"\u0130srail: \u0130ranl\u0131 \u00fcst d\u00fczey komutan L\u00fcbnan\u2019da \u00f6ld\u00fcr\u00fcld\u00fc"}]},{"@type":"WebSite","@id":"https:\/\/darkamazi.site\/#website","url":"https:\/\/darkamazi.site\/","name":"Darka Mazi","description":"Ana Sayfa","publisher":{"@id":"https:\/\/darkamazi.site\/#organization"},"potentialAction":[{"@type":"SearchAction","target":{"@type":"EntryPoint","urlTemplate":"https:\/\/darkamazi.site\/?s={search_term_string}"},"query-input":{"@type":"PropertyValueSpecification","valueRequired":true,"valueName":"search_term_string"}}],"inLanguage":"en-US"},{"@type":"Organization","@id":"https:\/\/darkamazi.site\/#organization","name":"Darka Mazi T\u00fcrk\u00e7e","alternateName":"Darka Mazi","url":"https:\/\/darkamazi.site\/","logo":{"@type":"ImageObject","inLanguage":"en-US","@id":"https:\/\/darkamazi.site\/#\/schema\/logo\/image\/","url":"https:\/\/darkamazi.site\/file\/2017\/12\/darka-mazi-logo.png","contentUrl":"https:\/\/darkamazi.site\/file\/2017\/12\/darka-mazi-logo.png","width":151,"height":75,"caption":"Darka Mazi T\u00fcrk\u00e7e"},"image":{"@id":"https:\/\/darkamazi.site\/#\/schema\/logo\/image\/"},"sameAs":["https:\/\/www.facebook.com\/DarkaMaziturkce","https:\/\/x.com\/DarkaMaziTurkce"]},{"@type":"Person","@id":"https:\/\/darkamazi.site\/#\/schema\/person\/67986a95ac546c16760365877ef4a9d3","name":"darka mazi","sameAs":["https:\/\/darkamazi.site"],"url":"https:\/\/darkamazi.site\/archives\/author\/turkish"}]}},"_links":{"self":[{"href":"https:\/\/darkamazi.site\/funavuv\/wp\/v2\/posts\/1036044","targetHints":{"allow":["GET"]}}],"collection":[{"href":"https:\/\/darkamazi.site\/funavuv\/wp\/v2\/posts"}],"about":[{"href":"https:\/\/darkamazi.site\/funavuv\/wp\/v2\/types\/post"}],"author":[{"embeddable":true,"href":"https:\/\/darkamazi.site\/funavuv\/wp\/v2\/users\/2"}],"replies":[{"embeddable":true,"href":"https:\/\/darkamazi.site\/funavuv\/wp\/v2\/comments?post=1036044"}],"version-history":[{"count":0,"href":"https:\/\/darkamazi.site\/funavuv\/wp\/v2\/posts\/1036044\/revisions"}],"wp:featuredmedia":[{"embeddable":true,"href":"https:\/\/darkamazi.site\/funavuv\/wp\/v2\/media\/1036045"}],"wp:attachment":[{"href":"https:\/\/darkamazi.site\/funavuv\/wp\/v2\/media?parent=1036044"}],"wp:term":[{"taxonomy":"category","embeddable":true,"href":"https:\/\/darkamazi.site\/funavuv\/wp\/v2\/categories?post=1036044"},{"taxonomy":"post_tag","embeddable":true,"href":"https:\/\/darkamazi.site\/funavuv\/wp\/v2\/tags?post=1036044"}],"curies":[{"name":"wp","href":"https:\/\/api.w.org\/{rel}","templated":true}]}}