{"id":1036063,"date":"2025-12-27T17:36:50","date_gmt":"2025-12-27T14:36:50","guid":{"rendered":"https:\/\/darkamazi.site\/?p=1036063"},"modified":"2025-12-27T17:36:50","modified_gmt":"2025-12-27T14:36:50","slug":"dsg-genel-komutani-mazlum-abdi-samda","status":"publish","type":"post","link":"https:\/\/darkamazi.site\/archives\/1036063","title":{"rendered":"DSG Genel Komutan\u0131 Mazlum Abdi \u015eam\u2019da"},"content":{"rendered":"<p style=\"text-align: justify\">Suriye Demokratik G\u00fc\u00e7leri (DSG) Genel Komutan\u0131 Mazlum Abdi\u2019nin, Suriye Ge\u00e7ici Cumhurba\u015fkan\u0131 Ahmed \u015eara ile g\u00f6r\u00fc\u015fmek \u00fczere \u015eam\u2019a ula\u015ft\u0131\u011f\u0131 bildirildi.<\/p>\n<p style=\"text-align: justify\">Rojava \u00d6zerk Y\u00f6netimi\u2019nden bir kaynak, R\u00fbdaw\u2019a yapt\u0131\u011f\u0131 a\u00e7\u0131klamada, ziyaretin temel amac\u0131n\u0131n Ahmed \u015eara ile \u00fcst d\u00fczey bir g\u00f6r\u00fc\u015fme ger\u00e7ekle\u015ftirmek oldu\u011funu ifade etti.<\/p>\n<p style=\"text-align: justify\">\u00d6zerk Y\u00f6netim temsilcileri, Kam\u0131\u015flo ile \u015eam aras\u0131ndaki m\u00fczakerelerin art\u0131k \u201cteorik tart\u0131\u015fmalar\u201d a\u015famas\u0131n\u0131 geride b\u0131rakt\u0131\u011f\u0131n\u0131 ve somut uygulama s\u00fcrecine girildi\u011fini vurguluyor.<\/p>\n<p style=\"text-align: justify\"><strong>M\u00fczakerelerin d\u00f6rt ana ba\u015fl\u0131\u011f\u0131<\/strong><\/p>\n<p style=\"text-align: justify\">Taraflar aras\u0131nda y\u00fcr\u00fct\u00fclen g\u00f6r\u00fc\u015fmelerin, Suriye\u2019nin askeri, ekonomik ve idari yap\u0131s\u0131nda k\u00f6kl\u00fc de\u011fi\u015fiklikler \u00f6ng\u00f6ren d\u00f6rt temel ba\u015fl\u0131k etraf\u0131nda \u015fekillendi\u011fi belirtiliyor:<\/p>\n<p style=\"text-align: justify\"><strong>Askeri birlik<\/strong><\/p>\n<p style=\"text-align: justify\">\u201cBir \u00fclkede iki ordu olmaz\u201d ilkesi do\u011frultusunda, DSG\u2019nin Suriye Ulusal Ordusu\u2019na entegre edilmesi planlan\u0131yor. Farkl\u0131 silahl\u0131 yap\u0131lar\u0131n tek \u00e7at\u0131 alt\u0131nda nas\u0131l birle\u015fece\u011fine, olu\u015fturulacak ortak bir askeri komite karar verecek.<\/p>\n<p style=\"text-align: justify\"><strong>Do\u011fal kaynaklar ve s\u0131n\u0131r kap\u0131lar\u0131<\/strong><\/p>\n<p style=\"text-align: justify\">Petrol ba\u015fta olmak \u00fczere do\u011fal kaynak gelirlerinin t\u00fcm Suriyelilere ait olmas\u0131 hedeflenirken, Irak ve T\u00fcrkiye s\u0131n\u0131r kap\u0131lar\u0131n\u0131n mevcut personelin haklar\u0131 korunarak \u015eam y\u00f6netimiyle ortak \u015fekilde i\u015fletilmesi \u00f6ng\u00f6r\u00fcl\u00fcyor.<\/p>\n<p style=\"text-align: justify\"><strong>Ademi merkeziyet\u00e7i y\u00f6netim<\/strong><\/p>\n<p style=\"text-align: justify\">107 say\u0131l\u0131 yasan\u0131n revize edilmesiyle, illerin kendi valilerini ve yerel y\u00f6neticilerini se\u00e7ebilece\u011fi merkezi olmayan bir y\u00f6netim modelinin hayata ge\u00e7irilmesi g\u00fcndemde.<\/p>\n<p style=\"text-align: justify\"><strong>Resmi kurumlar\u0131n d\u00f6n\u00fc\u015f\u00fc<\/strong><\/p>\n<p style=\"text-align: justify\">Tapu, n\u00fcfus ve sivil sicil kay\u0131tlar\u0131n\u0131n, \u00d6zerk Y\u00f6netim b\u00f6lgelerinde devlet nezdinde yeniden aktif hale getirilmesi planlan\u0131yor.<\/p>\n<p style=\"text-align: justify\"><strong>Halep\u2019teki gerilim s\u00fcreci zorluyor<\/strong><\/p>\n<p style=\"text-align: justify\">Diplomatik temaslar h\u0131z kazan\u0131rken, sahadaki askeri ve g\u00fcvenlik gerilimlerinin s\u00fcreci k\u0131r\u0131lganla\u015ft\u0131rd\u0131\u011f\u0131 belirtiliyor. Halep\u2019in K\u00fcrt n\u00fcfusun yo\u011fun oldu\u011fu \u015eeyh Maksut ve E\u015frefiye mahallelerinde, \u015eam h\u00fck\u00fcmetine ba\u011fl\u0131 g\u00fc\u00e7lerle \u00d6zerk Y\u00f6netim\u2019e ba\u011fl\u0131 asayi\u015f birimleri aras\u0131nda \u00e7at\u0131\u015fmalar ve kar\u015f\u0131l\u0131kl\u0131 su\u00e7lamalar ya\u015fan\u0131yor.<\/p>\n<p style=\"text-align: justify\">DSG cephesi tankl\u0131 ve a\u011f\u0131r silahl\u0131 sald\u0131r\u0131lardan s\u00f6z ederken, h\u00fck\u00fcmet yetkilileri ise DSG\u2019ye ba\u011fl\u0131 keskin ni\u015fanc\u0131lar\u0131n bir polisi yaralad\u0131\u011f\u0131n\u0131 \u00f6ne s\u00fcr\u00fcyor.<\/p>\n<p style=\"text-align: justify\">Uzmanlar, Mazlum Abdi\u2019nin \u015eam ziyaretini, Mart 2025\u2019te imzalanan \u00e7er\u00e7eve anla\u015fmas\u0131n\u0131n tam anlam\u0131yla hayata ge\u00e7irilmesine y\u00f6nelik kritik bir ad\u0131m olarak de\u011ferlendiriyor.<\/p>\n<p style=\"text-align: justify\">G\u00f6r\u00fc\u015fmenin i\u00e7eri\u011fine ili\u015fkin hen\u00fcz resmi bir a\u00e7\u0131klama yap\u0131lmazken, temaslarda Suriye\u2019nin siyasi gelece\u011fi, idari yap\u0131lanma ve g\u00fcvenlik ba\u015fl\u0131klar\u0131n\u0131n ele al\u0131nmas\u0131n\u0131n beklendi\u011fi ifade ediliyor.<\/p>\n","protected":false},"excerpt":{"rendered":"<p>Suriye Demokratik G\u00fc\u00e7leri (DSG) Genel Komutan\u0131 Mazlum Abdi\u2019nin, Suriye Ge\u00e7ici Cumhurba\u015fkan\u0131 Ahmed \u015eara ile g\u00f6r\u00fc\u015fmek \u00fczere \u015eam\u2019a ula\u015ft\u0131\u011f\u0131 bildirildi. Rojava \u00d6zerk Y\u00f6netimi\u2019nden bir kaynak, R\u00fbdaw\u2019a yapt\u0131\u011f\u0131 a\u00e7\u0131klamada, ziyaretin temel amac\u0131n\u0131n Ahmed \u015eara ile \u00fcst d\u00fczey bir g\u00f6r\u00fc\u015fme ger\u00e7ekle\u015ftirmek oldu\u011funu ifade etti. \u00d6zerk Y\u00f6netim temsilcileri, Kam\u0131\u015flo ile \u015eam aras\u0131ndaki m\u00fczakerelerin art\u0131k \u201cteorik tart\u0131\u015fmalar\u201d a\u015famas\u0131n\u0131 geride b\u0131rakt\u0131\u011f\u0131n\u0131 [&hellip;]<\/p>\n","protected":false},"author":2,"featured_media":1036064,"comment_status":"closed","ping_status":"closed","sticky":false,"template":"","format":"standard","meta":{"footnotes":""},"categories":[3],"tags":[31],"class_list":["post-1036063","post","type-post","status-publish","format-standard","has-post-thumbnail","hentry","category-kurdistan","tag-onemli"],"blocksy_meta":[],"seo_head":"<!-- This site is optimized with the Yoast SEO plugin v27.5 - https:\/\/yoast.com\/product\/yoast-seo-wordpress\/ -->\n<title>DSG Genel Komutan\u0131 Mazlum Abdi \u015eam\u2019da - Darka Mazi<\/title>\n<meta name=\"robots\" content=\"index, follow, max-snippet:-1, max-image-preview:large, max-video-preview:-1\" \/>\n<link rel=\"canonical\" href=\"https:\/\/darkamazi.site\/archives\/1036063\" \/>\n<meta property=\"og:locale\" content=\"en_US\" \/>\n<meta property=\"og:type\" content=\"article\" \/>\n<meta property=\"og:title\" content=\"DSG Genel Komutan\u0131 Mazlum Abdi \u015eam\u2019da - Darka Mazi\" \/>\n<meta property=\"og:description\" content=\"Suriye Demokratik G\u00fc\u00e7leri (DSG) Genel Komutan\u0131 Mazlum Abdi\u2019nin, Suriye Ge\u00e7ici Cumhurba\u015fkan\u0131 Ahmed \u015eara ile g\u00f6r\u00fc\u015fmek \u00fczere \u015eam\u2019a ula\u015ft\u0131\u011f\u0131 bildirildi. Rojava \u00d6zerk Y\u00f6netimi\u2019nden bir kaynak, R\u00fbdaw\u2019a yapt\u0131\u011f\u0131 a\u00e7\u0131klamada, ziyaretin temel amac\u0131n\u0131n Ahmed \u015eara ile \u00fcst d\u00fczey bir g\u00f6r\u00fc\u015fme ger\u00e7ekle\u015ftirmek oldu\u011funu ifade etti. \u00d6zerk Y\u00f6netim temsilcileri, Kam\u0131\u015flo ile \u015eam aras\u0131ndaki m\u00fczakerelerin art\u0131k \u201cteorik tart\u0131\u015fmalar\u201d a\u015famas\u0131n\u0131 geride b\u0131rakt\u0131\u011f\u0131n\u0131 [&hellip;]\" \/>\n<meta property=\"og:url\" content=\"https:\/\/darkamazi.site\/archives\/1036063\" \/>\n<meta property=\"og:site_name\" content=\"Darka Mazi\" \/>\n<meta property=\"article:publisher\" content=\"https:\/\/www.facebook.com\/DarkaMaziturkce\" \/>\n<meta property=\"article:published_time\" content=\"2025-12-27T14:36:50+00:00\" \/>\n<meta property=\"og:image\" content=\"https:\/\/darkamazi.site\/file\/2025\/12\/mazloum-abde-syria-info.jpg\" \/>\n\t<meta property=\"og:image:width\" content=\"900\" \/>\n\t<meta property=\"og:image:height\" content=\"500\" \/>\n\t<meta property=\"og:image:type\" content=\"image\/jpeg\" \/>\n<meta name=\"author\" content=\"darka mazi\" \/>\n<meta name=\"twitter:card\" content=\"summary_large_image\" \/>\n<meta name=\"twitter:creator\" content=\"@DarkaMaziTurkce\" \/>\n<meta name=\"twitter:site\" content=\"@DarkaMaziTurkce\" \/>\n<meta name=\"twitter:label1\" content=\"Written by\" \/>\n\t<meta name=\"twitter:data1\" content=\"darka mazi\" \/>\n\t<meta name=\"twitter:label2\" content=\"Est. reading time\" \/>\n\t<meta name=\"twitter:data2\" content=\"2 minutes\" \/>\n<script type=\"application\/ld+json\" class=\"seo-schema-graph\">{\"@context\":\"https:\\\/\\\/schema.org\",\"@graph\":[{\"@type\":\"NewsArticle\",\"@id\":\"https:\\\/\\\/darkamazi.site\\\/archives\\\/1036063#article\",\"isPartOf\":{\"@id\":\"https:\\\/\\\/darkamazi.site\\\/archives\\\/1036063\"},\"author\":{\"name\":\"darka mazi\",\"@id\":\"https:\\\/\\\/darkamazi.site\\\/#\\\/schema\\\/person\\\/67986a95ac546c16760365877ef4a9d3\"},\"headline\":\"DSG Genel Komutan\u0131 Mazlum Abdi \u015eam\u2019da\",\"datePublished\":\"2025-12-27T14:36:50+00:00\",\"mainEntityOfPage\":{\"@id\":\"https:\\\/\\\/darkamazi.site\\\/archives\\\/1036063\"},\"wordCount\":475,\"publisher\":{\"@id\":\"https:\\\/\\\/darkamazi.site\\\/#organization\"},\"image\":{\"@id\":\"https:\\\/\\\/darkamazi.site\\\/archives\\\/1036063#primaryimage\"},\"thumbnailUrl\":\"https:\\\/\\\/darkamazi.site\\\/darka-content\\\/uploads\\\/2025\\\/12\\\/mazloum-abde-syria-info.jpg\",\"keywords\":[\"\u00f6nemli\"],\"articleSection\":[\"Kurdistan\"],\"inLanguage\":\"en-US\"},{\"@type\":\"WebPage\",\"@id\":\"https:\\\/\\\/darkamazi.site\\\/archives\\\/1036063\",\"url\":\"https:\\\/\\\/darkamazi.site\\\/archives\\\/1036063\",\"name\":\"DSG Genel Komutan\u0131 Mazlum Abdi \u015eam\u2019da - Darka Mazi\",\"isPartOf\":{\"@id\":\"https:\\\/\\\/darkamazi.site\\\/#website\"},\"primaryImageOfPage\":{\"@id\":\"https:\\\/\\\/darkamazi.site\\\/archives\\\/1036063#primaryimage\"},\"image\":{\"@id\":\"https:\\\/\\\/darkamazi.site\\\/archives\\\/1036063#primaryimage\"},\"thumbnailUrl\":\"https:\\\/\\\/darkamazi.site\\\/darka-content\\\/uploads\\\/2025\\\/12\\\/mazloum-abde-syria-info.jpg\",\"datePublished\":\"2025-12-27T14:36:50+00:00\",\"breadcrumb\":{\"@id\":\"https:\\\/\\\/darkamazi.site\\\/archives\\\/1036063#breadcrumb\"},\"inLanguage\":\"en-US\",\"potentialAction\":[{\"@type\":\"ReadAction\",\"target\":[\"https:\\\/\\\/darkamazi.site\\\/archives\\\/1036063\"]}]},{\"@type\":\"ImageObject\",\"inLanguage\":\"en-US\",\"@id\":\"https:\\\/\\\/darkamazi.site\\\/archives\\\/1036063#primaryimage\",\"url\":\"https:\\\/\\\/darkamazi.site\\\/darka-content\\\/uploads\\\/2025\\\/12\\\/mazloum-abde-syria-info.jpg\",\"contentUrl\":\"https:\\\/\\\/darkamazi.site\\\/darka-content\\\/uploads\\\/2025\\\/12\\\/mazloum-abde-syria-info.jpg\",\"width\":900,\"height\":500,\"caption\":\"DSG Genel Komutan\u0131 Mazlum Abdi \u015eam\u2019da\"},{\"@type\":\"BreadcrumbList\",\"@id\":\"https:\\\/\\\/darkamazi.site\\\/archives\\\/1036063#breadcrumb\",\"itemListElement\":[{\"@type\":\"ListItem\",\"position\":1,\"name\":\"Home\",\"item\":\"https:\\\/\\\/darkamazi.site\\\/\"},{\"@type\":\"ListItem\",\"position\":2,\"name\":\"DSG Genel Komutan\u0131 Mazlum Abdi \u015eam\u2019da\"}]},{\"@type\":\"WebSite\",\"@id\":\"https:\\\/\\\/darkamazi.site\\\/#website\",\"url\":\"https:\\\/\\\/darkamazi.site\\\/\",\"name\":\"Darka Mazi\",\"description\":\"Ana Sayfa\",\"publisher\":{\"@id\":\"https:\\\/\\\/darkamazi.site\\\/#organization\"},\"potentialAction\":[{\"@type\":\"SearchAction\",\"target\":{\"@type\":\"EntryPoint\",\"urlTemplate\":\"https:\\\/\\\/darkamazi.site\\\/?s={search_term_string}\"},\"query-input\":{\"@type\":\"PropertyValueSpecification\",\"valueRequired\":true,\"valueName\":\"search_term_string\"}}],\"inLanguage\":\"en-US\"},{\"@type\":\"Organization\",\"@id\":\"https:\\\/\\\/darkamazi.site\\\/#organization\",\"name\":\"Darka Mazi T\u00fcrk\u00e7e\",\"alternateName\":\"Darka Mazi\",\"url\":\"https:\\\/\\\/darkamazi.site\\\/\",\"logo\":{\"@type\":\"ImageObject\",\"inLanguage\":\"en-US\",\"@id\":\"https:\\\/\\\/darkamazi.site\\\/#\\\/schema\\\/logo\\\/image\\\/\",\"url\":\"https:\\\/\\\/darkamazi.site\\\/darka-content\\\/uploads\\\/2017\\\/12\\\/darka-mazi-logo.png\",\"contentUrl\":\"https:\\\/\\\/darkamazi.site\\\/darka-content\\\/uploads\\\/2017\\\/12\\\/darka-mazi-logo.png\",\"width\":151,\"height\":75,\"caption\":\"Darka Mazi T\u00fcrk\u00e7e\"},\"image\":{\"@id\":\"https:\\\/\\\/darkamazi.site\\\/#\\\/schema\\\/logo\\\/image\\\/\"},\"sameAs\":[\"https:\\\/\\\/www.facebook.com\\\/DarkaMaziturkce\",\"https:\\\/\\\/x.com\\\/DarkaMaziTurkce\"]},{\"@type\":\"Person\",\"@id\":\"https:\\\/\\\/darkamazi.site\\\/#\\\/schema\\\/person\\\/67986a95ac546c16760365877ef4a9d3\",\"name\":\"darka mazi\",\"sameAs\":[\"https:\\\/\\\/darkamazi.site\"],\"url\":\"https:\\\/\\\/darkamazi.site\\\/archives\\\/author\\\/turkish\"}]}<\/script>\n<!-- \/ Yoast SEO plugin. -->","seo_head_json":{"title":"DSG Genel Komutan\u0131 Mazlum Abdi \u015eam\u2019da - Darka Mazi","robots":{"index":"index","follow":"follow","max-snippet":"max-snippet:-1","max-image-preview":"max-image-preview:large","max-video-preview":"max-video-preview:-1"},"canonical":"https:\/\/darkamazi.site\/archives\/1036063","og_locale":"en_US","og_type":"article","og_title":"DSG Genel Komutan\u0131 Mazlum Abdi \u015eam\u2019da - Darka Mazi","og_description":"Suriye Demokratik G\u00fc\u00e7leri (DSG) Genel Komutan\u0131 Mazlum Abdi\u2019nin, Suriye Ge\u00e7ici Cumhurba\u015fkan\u0131 Ahmed \u015eara ile g\u00f6r\u00fc\u015fmek \u00fczere \u015eam\u2019a ula\u015ft\u0131\u011f\u0131 bildirildi. Rojava \u00d6zerk Y\u00f6netimi\u2019nden bir kaynak, R\u00fbdaw\u2019a yapt\u0131\u011f\u0131 a\u00e7\u0131klamada, ziyaretin temel amac\u0131n\u0131n Ahmed \u015eara ile \u00fcst d\u00fczey bir g\u00f6r\u00fc\u015fme ger\u00e7ekle\u015ftirmek oldu\u011funu ifade etti. \u00d6zerk Y\u00f6netim temsilcileri, Kam\u0131\u015flo ile \u015eam aras\u0131ndaki m\u00fczakerelerin art\u0131k \u201cteorik tart\u0131\u015fmalar\u201d a\u015famas\u0131n\u0131 geride b\u0131rakt\u0131\u011f\u0131n\u0131 [&hellip;]","og_url":"https:\/\/darkamazi.site\/archives\/1036063","og_site_name":"Darka Mazi","article_publisher":"https:\/\/www.facebook.com\/DarkaMaziturkce","article_published_time":"2025-12-27T14:36:50+00:00","og_image":[{"width":900,"height":500,"url":"https:\/\/darkamazi.site\/file\/2025\/12\/mazloum-abde-syria-info.jpg","type":"image\/jpeg"}],"author":"darka mazi","twitter_card":"summary_large_image","twitter_creator":"@DarkaMaziTurkce","twitter_site":"@DarkaMaziTurkce","twitter_misc":{"Written by":"darka mazi","Est. reading time":"2 minutes"},"schema":{"@context":"https:\/\/schema.org","@graph":[{"@type":"NewsArticle","@id":"https:\/\/darkamazi.site\/archives\/1036063#article","isPartOf":{"@id":"https:\/\/darkamazi.site\/archives\/1036063"},"author":{"name":"darka mazi","@id":"https:\/\/darkamazi.site\/#\/schema\/person\/67986a95ac546c16760365877ef4a9d3"},"headline":"DSG Genel Komutan\u0131 Mazlum Abdi \u015eam\u2019da","datePublished":"2025-12-27T14:36:50+00:00","mainEntityOfPage":{"@id":"https:\/\/darkamazi.site\/archives\/1036063"},"wordCount":475,"publisher":{"@id":"https:\/\/darkamazi.site\/#organization"},"image":{"@id":"https:\/\/darkamazi.site\/archives\/1036063#primaryimage"},"thumbnailUrl":"https:\/\/darkamazi.site\/file\/2025\/12\/mazloum-abde-syria-info.jpg","keywords":["\u00f6nemli"],"articleSection":["Kurdistan"],"inLanguage":"en-US"},{"@type":"WebPage","@id":"https:\/\/darkamazi.site\/archives\/1036063","url":"https:\/\/darkamazi.site\/archives\/1036063","name":"DSG Genel Komutan\u0131 Mazlum Abdi \u015eam\u2019da - Darka Mazi","isPartOf":{"@id":"https:\/\/darkamazi.site\/#website"},"primaryImageOfPage":{"@id":"https:\/\/darkamazi.site\/archives\/1036063#primaryimage"},"image":{"@id":"https:\/\/darkamazi.site\/archives\/1036063#primaryimage"},"thumbnailUrl":"https:\/\/darkamazi.site\/file\/2025\/12\/mazloum-abde-syria-info.jpg","datePublished":"2025-12-27T14:36:50+00:00","breadcrumb":{"@id":"https:\/\/darkamazi.site\/archives\/1036063#breadcrumb"},"inLanguage":"en-US","potentialAction":[{"@type":"ReadAction","target":["https:\/\/darkamazi.site\/archives\/1036063"]}]},{"@type":"ImageObject","inLanguage":"en-US","@id":"https:\/\/darkamazi.site\/archives\/1036063#primaryimage","url":"https:\/\/darkamazi.site\/file\/2025\/12\/mazloum-abde-syria-info.jpg","contentUrl":"https:\/\/darkamazi.site\/file\/2025\/12\/mazloum-abde-syria-info.jpg","width":900,"height":500,"caption":"DSG Genel Komutan\u0131 Mazlum Abdi \u015eam\u2019da"},{"@type":"BreadcrumbList","@id":"https:\/\/darkamazi.site\/archives\/1036063#breadcrumb","itemListElement":[{"@type":"ListItem","position":1,"name":"Home","item":"https:\/\/darkamazi.site\/"},{"@type":"ListItem","position":2,"name":"DSG Genel Komutan\u0131 Mazlum Abdi \u015eam\u2019da"}]},{"@type":"WebSite","@id":"https:\/\/darkamazi.site\/#website","url":"https:\/\/darkamazi.site\/","name":"Darka Mazi","description":"Ana Sayfa","publisher":{"@id":"https:\/\/darkamazi.site\/#organization"},"potentialAction":[{"@type":"SearchAction","target":{"@type":"EntryPoint","urlTemplate":"https:\/\/darkamazi.site\/?s={search_term_string}"},"query-input":{"@type":"PropertyValueSpecification","valueRequired":true,"valueName":"search_term_string"}}],"inLanguage":"en-US"},{"@type":"Organization","@id":"https:\/\/darkamazi.site\/#organization","name":"Darka Mazi T\u00fcrk\u00e7e","alternateName":"Darka Mazi","url":"https:\/\/darkamazi.site\/","logo":{"@type":"ImageObject","inLanguage":"en-US","@id":"https:\/\/darkamazi.site\/#\/schema\/logo\/image\/","url":"https:\/\/darkamazi.site\/file\/2017\/12\/darka-mazi-logo.png","contentUrl":"https:\/\/darkamazi.site\/file\/2017\/12\/darka-mazi-logo.png","width":151,"height":75,"caption":"Darka Mazi T\u00fcrk\u00e7e"},"image":{"@id":"https:\/\/darkamazi.site\/#\/schema\/logo\/image\/"},"sameAs":["https:\/\/www.facebook.com\/DarkaMaziturkce","https:\/\/x.com\/DarkaMaziTurkce"]},{"@type":"Person","@id":"https:\/\/darkamazi.site\/#\/schema\/person\/67986a95ac546c16760365877ef4a9d3","name":"darka mazi","sameAs":["https:\/\/darkamazi.site"],"url":"https:\/\/darkamazi.site\/archives\/author\/turkish"}]}},"_links":{"self":[{"href":"https:\/\/darkamazi.site\/funavuv\/wp\/v2\/posts\/1036063","targetHints":{"allow":["GET"]}}],"collection":[{"href":"https:\/\/darkamazi.site\/funavuv\/wp\/v2\/posts"}],"about":[{"href":"https:\/\/darkamazi.site\/funavuv\/wp\/v2\/types\/post"}],"author":[{"embeddable":true,"href":"https:\/\/darkamazi.site\/funavuv\/wp\/v2\/users\/2"}],"replies":[{"embeddable":true,"href":"https:\/\/darkamazi.site\/funavuv\/wp\/v2\/comments?post=1036063"}],"version-history":[{"count":0,"href":"https:\/\/darkamazi.site\/funavuv\/wp\/v2\/posts\/1036063\/revisions"}],"wp:featuredmedia":[{"embeddable":true,"href":"https:\/\/darkamazi.site\/funavuv\/wp\/v2\/media\/1036064"}],"wp:attachment":[{"href":"https:\/\/darkamazi.site\/funavuv\/wp\/v2\/media?parent=1036063"}],"wp:term":[{"taxonomy":"category","embeddable":true,"href":"https:\/\/darkamazi.site\/funavuv\/wp\/v2\/categories?post=1036063"},{"taxonomy":"post_tag","embeddable":true,"href":"https:\/\/darkamazi.site\/funavuv\/wp\/v2\/tags?post=1036063"}],"curies":[{"name":"wp","href":"https:\/\/api.w.org\/{rel}","templated":true}]}}