{"id":1036072,"date":"2025-12-28T15:02:23","date_gmt":"2025-12-28T12:02:23","guid":{"rendered":"https:\/\/darkamazi.site\/?p=1036072"},"modified":"2025-12-28T15:02:23","modified_gmt":"2025-12-28T12:02:23","slug":"bafil-talabaniden-tehlikeli-adim-kurtlere-karsi-siilerle-ayni-masada","status":"publish","type":"post","link":"https:\/\/darkamazi.site\/archives\/1036072","title":{"rendered":"Baf\u0131l Talabani\u2019den tehlikeli ad\u0131m: K\u00fcrtlere kar\u015f\u0131 \u015eiilerle ayn\u0131 masada"},"content":{"rendered":"<p style=\"text-align: justify\">Irak\u2019ta h\u00fck\u00fcmet kurma \u00e7al\u0131\u015fmalar\u0131 kapsam\u0131nda \u015eii Koordinasyon \u00c7er\u00e7evesi d\u00fcn gece ola\u011fan\u00fcst\u00fc bir toplant\u0131 ger\u00e7ekle\u015ftirdi. Kritik kararlar\u0131n al\u0131nmas\u0131 beklenen toplant\u0131 uzla\u015fma sa\u011flanamadan sona ererken, g\u00f6r\u00fc\u015fmeye Baf\u0131l Talabani\u2019nin de kat\u0131ld\u0131\u011f\u0131 \u00f6\u011frenildi. Bafil Talabani\u2019nin Irak Cumhurba\u015fkan\u0131 olmak i\u00e7in Irakl\u0131 \u015eiilerden destek istedi\u011fi ve bunun kar\u015f\u0131l\u0131\u011f\u0131nda \u015eiilerle ortak hareket etme s\u00f6z\u00fc veridi\u011fi biliniyor. Bu nedenle Talabani\u2019nin \u015eiilerle ayn\u0131 masada ba\u015fka K\u00fcrtler olmadan yer almas\u0131 tehlikeli bir ad\u0131m olarak g\u00f6r\u00fcl\u00fcyor.<\/p>\n<p style=\"text-align: justify\">Koordinasyon \u00c7er\u00e7evesi, d\u00fcn gece ba\u015fbakan aday\u0131n\u0131 belirlemek ve siyasi s\u00fcreci netle\u015ftirmek amac\u0131yla bir araya geldi ancak toplant\u0131dan beklenen sonu\u00e7 \u00e7\u0131kmad\u0131. Herhangi bir resmi a\u00e7\u0131klaman\u0131n yap\u0131lmad\u0131\u011f\u0131 toplant\u0131da taraflar\u0131n ortak bir isim \u00fczerinde uzla\u015famad\u0131\u011f\u0131 bildirildi.<\/p>\n<p style=\"text-align: justify\"><strong>Talabani\u2019nin \u00fcrk\u00fcten gizli ajandas\u0131<\/strong><\/p>\n<p style=\"text-align: justify\">Irak \u00c7al\u0131\u015fma ve Sosyal \u0130\u015fler Bakan\u0131 ve Koordinasyon \u00c7er\u00e7evesi \u00fcyesi Ahmed Esedi<strong>, <\/strong>d\u00fcn geceki toplant\u0131ya Baf\u0131l Talabani\u2019nin de kat\u0131ld\u0131\u011f\u0131n\u0131 do\u011frulad\u0131.<\/p>\n<p style=\"text-align: justify\">Medyaya s\u0131zan bilgilere g\u00f6re \u00a0g\u00f6re toplant\u0131da ba\u015fbakanl\u0131k konusunun yan\u0131 s\u0131ra Parlamento Ba\u015fkan Yard\u0131mc\u0131l\u0131\u011f\u0131, Cumhurba\u015fkanl\u0131\u011f\u0131 makam\u0131 ve Irak Parlamentosu\u2019nun yar\u0131n (pazartesi) yapaca\u011f\u0131 oturumun detaylar\u0131 da masaya yat\u0131r\u0131ld\u0131. \u00a0T\u00fcm bu s\u00fcre\u00e7lerde K\u00fcrtlerin birlik olmas\u0131 gerekirken Talabani\u2019nin tek ba\u015f\u0131na masaya oturmas\u0131 ise K\u00fcrt siyasi \u00e7evrelerince tepki ile kar\u015f\u0131land\u0131.<\/p>\n<p style=\"text-align: justify\">K\u00fcrt kar\u015f\u0131t\u0131 cephede tek ba\u015f\u0131na pazarl\u0131k masas\u0131na oturna Talabani\u2019nin Kerk\u00fck ihaneti vb s\u00fcre\u00e7lerdeki rol\u00fc g\u00f6z\u00f6n\u00fcne al\u0131nd\u0131\u011f\u0131nda son katd\u0131\u011f\u0131 toplant\u0131n nas\u0131l bir sonu\u00e7 \u00e7\u0131kaca\u011f\u0131 meselesi de halkta tedirginlik yarat\u0131yor.<\/p>\n","protected":false},"excerpt":{"rendered":"<p>Irak\u2019ta h\u00fck\u00fcmet kurma \u00e7al\u0131\u015fmalar\u0131 kapsam\u0131nda \u015eii Koordinasyon \u00c7er\u00e7evesi d\u00fcn gece ola\u011fan\u00fcst\u00fc bir toplant\u0131 ger\u00e7ekle\u015ftirdi. Kritik kararlar\u0131n al\u0131nmas\u0131 beklenen toplant\u0131 uzla\u015fma sa\u011flanamadan sona ererken, g\u00f6r\u00fc\u015fmeye Baf\u0131l Talabani\u2019nin de kat\u0131ld\u0131\u011f\u0131 \u00f6\u011frenildi. Bafil Talabani\u2019nin Irak Cumhurba\u015fkan\u0131 olmak i\u00e7in Irakl\u0131 \u015eiilerden destek istedi\u011fi ve bunun kar\u015f\u0131l\u0131\u011f\u0131nda \u015eiilerle ortak hareket etme s\u00f6z\u00fc veridi\u011fi biliniyor. Bu nedenle Talabani\u2019nin \u015eiilerle ayn\u0131 masada [&hellip;]<\/p>\n","protected":false},"author":2,"featured_media":1036073,"comment_status":"closed","ping_status":"closed","sticky":false,"template":"","format":"standard","meta":{"footnotes":""},"categories":[3],"tags":[31],"class_list":["post-1036072","post","type-post","status-publish","format-standard","has-post-thumbnail","hentry","category-kurdistan","tag-onemli"],"blocksy_meta":[],"seo_head":"<!-- This site is optimized with the Yoast SEO plugin v27.5 - https:\/\/yoast.com\/product\/yoast-seo-wordpress\/ -->\n<title>Baf\u0131l Talabani\u2019den tehlikeli ad\u0131m: K\u00fcrtlere kar\u015f\u0131 \u015eiilerle ayn\u0131 masada - Darka Mazi<\/title>\n<meta name=\"robots\" content=\"index, follow, max-snippet:-1, max-image-preview:large, max-video-preview:-1\" \/>\n<link rel=\"canonical\" href=\"https:\/\/darkamazi.site\/archives\/1036072\" \/>\n<meta property=\"og:locale\" content=\"en_US\" \/>\n<meta property=\"og:type\" content=\"article\" \/>\n<meta property=\"og:title\" content=\"Baf\u0131l Talabani\u2019den tehlikeli ad\u0131m: K\u00fcrtlere kar\u015f\u0131 \u015eiilerle ayn\u0131 masada - Darka Mazi\" \/>\n<meta property=\"og:description\" content=\"Irak\u2019ta h\u00fck\u00fcmet kurma \u00e7al\u0131\u015fmalar\u0131 kapsam\u0131nda \u015eii Koordinasyon \u00c7er\u00e7evesi d\u00fcn gece ola\u011fan\u00fcst\u00fc bir toplant\u0131 ger\u00e7ekle\u015ftirdi. Kritik kararlar\u0131n al\u0131nmas\u0131 beklenen toplant\u0131 uzla\u015fma sa\u011flanamadan sona ererken, g\u00f6r\u00fc\u015fmeye Baf\u0131l Talabani\u2019nin de kat\u0131ld\u0131\u011f\u0131 \u00f6\u011frenildi. Bafil Talabani\u2019nin Irak Cumhurba\u015fkan\u0131 olmak i\u00e7in Irakl\u0131 \u015eiilerden destek istedi\u011fi ve bunun kar\u015f\u0131l\u0131\u011f\u0131nda \u015eiilerle ortak hareket etme s\u00f6z\u00fc veridi\u011fi biliniyor. Bu nedenle Talabani\u2019nin \u015eiilerle ayn\u0131 masada [&hellip;]\" \/>\n<meta property=\"og:url\" content=\"https:\/\/darkamazi.site\/archives\/1036072\" \/>\n<meta property=\"og:site_name\" content=\"Darka Mazi\" \/>\n<meta property=\"article:publisher\" content=\"https:\/\/www.facebook.com\/DarkaMaziturkce\" \/>\n<meta property=\"article:published_time\" content=\"2025-12-28T12:02:23+00:00\" \/>\n<meta property=\"og:image\" content=\"https:\/\/darkamazi.site\/file\/2025\/12\/pavil.jpg\" \/>\n\t<meta property=\"og:image:width\" content=\"900\" \/>\n\t<meta property=\"og:image:height\" content=\"500\" \/>\n\t<meta property=\"og:image:type\" content=\"image\/jpeg\" \/>\n<meta name=\"author\" content=\"darka mazi\" \/>\n<meta name=\"twitter:card\" content=\"summary_large_image\" \/>\n<meta name=\"twitter:creator\" content=\"@DarkaMaziTurkce\" \/>\n<meta name=\"twitter:site\" content=\"@DarkaMaziTurkce\" \/>\n<meta name=\"twitter:label1\" content=\"Written by\" \/>\n\t<meta name=\"twitter:data1\" content=\"darka mazi\" \/>\n\t<meta name=\"twitter:label2\" content=\"Est. reading time\" \/>\n\t<meta name=\"twitter:data2\" content=\"2 minutes\" \/>\n<script type=\"application\/ld+json\" class=\"seo-schema-graph\">{\"@context\":\"https:\\\/\\\/schema.org\",\"@graph\":[{\"@type\":\"NewsArticle\",\"@id\":\"https:\\\/\\\/darkamazi.site\\\/archives\\\/1036072#article\",\"isPartOf\":{\"@id\":\"https:\\\/\\\/darkamazi.site\\\/archives\\\/1036072\"},\"author\":{\"name\":\"darka mazi\",\"@id\":\"https:\\\/\\\/darkamazi.site\\\/#\\\/schema\\\/person\\\/67986a95ac546c16760365877ef4a9d3\"},\"headline\":\"Baf\u0131l Talabani\u2019den tehlikeli ad\u0131m: K\u00fcrtlere kar\u015f\u0131 \u015eiilerle ayn\u0131 masada\",\"datePublished\":\"2025-12-28T12:02:23+00:00\",\"mainEntityOfPage\":{\"@id\":\"https:\\\/\\\/darkamazi.site\\\/archives\\\/1036072\"},\"wordCount\":308,\"publisher\":{\"@id\":\"https:\\\/\\\/darkamazi.site\\\/#organization\"},\"image\":{\"@id\":\"https:\\\/\\\/darkamazi.site\\\/archives\\\/1036072#primaryimage\"},\"thumbnailUrl\":\"https:\\\/\\\/darkamazi.site\\\/darka-content\\\/uploads\\\/2025\\\/12\\\/pavil.jpg\",\"keywords\":[\"\u00f6nemli\"],\"articleSection\":[\"Kurdistan\"],\"inLanguage\":\"en-US\"},{\"@type\":\"WebPage\",\"@id\":\"https:\\\/\\\/darkamazi.site\\\/archives\\\/1036072\",\"url\":\"https:\\\/\\\/darkamazi.site\\\/archives\\\/1036072\",\"name\":\"Baf\u0131l Talabani\u2019den tehlikeli ad\u0131m: K\u00fcrtlere kar\u015f\u0131 \u015eiilerle ayn\u0131 masada - Darka Mazi\",\"isPartOf\":{\"@id\":\"https:\\\/\\\/darkamazi.site\\\/#website\"},\"primaryImageOfPage\":{\"@id\":\"https:\\\/\\\/darkamazi.site\\\/archives\\\/1036072#primaryimage\"},\"image\":{\"@id\":\"https:\\\/\\\/darkamazi.site\\\/archives\\\/1036072#primaryimage\"},\"thumbnailUrl\":\"https:\\\/\\\/darkamazi.site\\\/darka-content\\\/uploads\\\/2025\\\/12\\\/pavil.jpg\",\"datePublished\":\"2025-12-28T12:02:23+00:00\",\"breadcrumb\":{\"@id\":\"https:\\\/\\\/darkamazi.site\\\/archives\\\/1036072#breadcrumb\"},\"inLanguage\":\"en-US\",\"potentialAction\":[{\"@type\":\"ReadAction\",\"target\":[\"https:\\\/\\\/darkamazi.site\\\/archives\\\/1036072\"]}]},{\"@type\":\"ImageObject\",\"inLanguage\":\"en-US\",\"@id\":\"https:\\\/\\\/darkamazi.site\\\/archives\\\/1036072#primaryimage\",\"url\":\"https:\\\/\\\/darkamazi.site\\\/darka-content\\\/uploads\\\/2025\\\/12\\\/pavil.jpg\",\"contentUrl\":\"https:\\\/\\\/darkamazi.site\\\/darka-content\\\/uploads\\\/2025\\\/12\\\/pavil.jpg\",\"width\":900,\"height\":500,\"caption\":\"Baf\u0131l Talabani\u2019den tehlikeli ad\u0131m: K\u00fcrtlere kar\u015f\u0131 \u015eiilerle ayn\u0131 masada\"},{\"@type\":\"BreadcrumbList\",\"@id\":\"https:\\\/\\\/darkamazi.site\\\/archives\\\/1036072#breadcrumb\",\"itemListElement\":[{\"@type\":\"ListItem\",\"position\":1,\"name\":\"Home\",\"item\":\"https:\\\/\\\/darkamazi.site\\\/\"},{\"@type\":\"ListItem\",\"position\":2,\"name\":\"Baf\u0131l Talabani\u2019den tehlikeli ad\u0131m: K\u00fcrtlere kar\u015f\u0131 \u015eiilerle ayn\u0131 masada\"}]},{\"@type\":\"WebSite\",\"@id\":\"https:\\\/\\\/darkamazi.site\\\/#website\",\"url\":\"https:\\\/\\\/darkamazi.site\\\/\",\"name\":\"Darka Mazi\",\"description\":\"Ana Sayfa\",\"publisher\":{\"@id\":\"https:\\\/\\\/darkamazi.site\\\/#organization\"},\"potentialAction\":[{\"@type\":\"SearchAction\",\"target\":{\"@type\":\"EntryPoint\",\"urlTemplate\":\"https:\\\/\\\/darkamazi.site\\\/?s={search_term_string}\"},\"query-input\":{\"@type\":\"PropertyValueSpecification\",\"valueRequired\":true,\"valueName\":\"search_term_string\"}}],\"inLanguage\":\"en-US\"},{\"@type\":\"Organization\",\"@id\":\"https:\\\/\\\/darkamazi.site\\\/#organization\",\"name\":\"Darka Mazi T\u00fcrk\u00e7e\",\"alternateName\":\"Darka Mazi\",\"url\":\"https:\\\/\\\/darkamazi.site\\\/\",\"logo\":{\"@type\":\"ImageObject\",\"inLanguage\":\"en-US\",\"@id\":\"https:\\\/\\\/darkamazi.site\\\/#\\\/schema\\\/logo\\\/image\\\/\",\"url\":\"https:\\\/\\\/darkamazi.site\\\/darka-content\\\/uploads\\\/2017\\\/12\\\/darka-mazi-logo.png\",\"contentUrl\":\"https:\\\/\\\/darkamazi.site\\\/darka-content\\\/uploads\\\/2017\\\/12\\\/darka-mazi-logo.png\",\"width\":151,\"height\":75,\"caption\":\"Darka Mazi T\u00fcrk\u00e7e\"},\"image\":{\"@id\":\"https:\\\/\\\/darkamazi.site\\\/#\\\/schema\\\/logo\\\/image\\\/\"},\"sameAs\":[\"https:\\\/\\\/www.facebook.com\\\/DarkaMaziturkce\",\"https:\\\/\\\/x.com\\\/DarkaMaziTurkce\"]},{\"@type\":\"Person\",\"@id\":\"https:\\\/\\\/darkamazi.site\\\/#\\\/schema\\\/person\\\/67986a95ac546c16760365877ef4a9d3\",\"name\":\"darka mazi\",\"sameAs\":[\"https:\\\/\\\/darkamazi.site\"],\"url\":\"https:\\\/\\\/darkamazi.site\\\/archives\\\/author\\\/turkish\"}]}<\/script>\n<!-- \/ Yoast SEO plugin. -->","seo_head_json":{"title":"Baf\u0131l Talabani\u2019den tehlikeli ad\u0131m: K\u00fcrtlere kar\u015f\u0131 \u015eiilerle ayn\u0131 masada - Darka Mazi","robots":{"index":"index","follow":"follow","max-snippet":"max-snippet:-1","max-image-preview":"max-image-preview:large","max-video-preview":"max-video-preview:-1"},"canonical":"https:\/\/darkamazi.site\/archives\/1036072","og_locale":"en_US","og_type":"article","og_title":"Baf\u0131l Talabani\u2019den tehlikeli ad\u0131m: K\u00fcrtlere kar\u015f\u0131 \u015eiilerle ayn\u0131 masada - Darka Mazi","og_description":"Irak\u2019ta h\u00fck\u00fcmet kurma \u00e7al\u0131\u015fmalar\u0131 kapsam\u0131nda \u015eii Koordinasyon \u00c7er\u00e7evesi d\u00fcn gece ola\u011fan\u00fcst\u00fc bir toplant\u0131 ger\u00e7ekle\u015ftirdi. Kritik kararlar\u0131n al\u0131nmas\u0131 beklenen toplant\u0131 uzla\u015fma sa\u011flanamadan sona ererken, g\u00f6r\u00fc\u015fmeye Baf\u0131l Talabani\u2019nin de kat\u0131ld\u0131\u011f\u0131 \u00f6\u011frenildi. Bafil Talabani\u2019nin Irak Cumhurba\u015fkan\u0131 olmak i\u00e7in Irakl\u0131 \u015eiilerden destek istedi\u011fi ve bunun kar\u015f\u0131l\u0131\u011f\u0131nda \u015eiilerle ortak hareket etme s\u00f6z\u00fc veridi\u011fi biliniyor. Bu nedenle Talabani\u2019nin \u015eiilerle ayn\u0131 masada [&hellip;]","og_url":"https:\/\/darkamazi.site\/archives\/1036072","og_site_name":"Darka Mazi","article_publisher":"https:\/\/www.facebook.com\/DarkaMaziturkce","article_published_time":"2025-12-28T12:02:23+00:00","og_image":[{"width":900,"height":500,"url":"https:\/\/darkamazi.site\/file\/2025\/12\/pavil.jpg","type":"image\/jpeg"}],"author":"darka mazi","twitter_card":"summary_large_image","twitter_creator":"@DarkaMaziTurkce","twitter_site":"@DarkaMaziTurkce","twitter_misc":{"Written by":"darka mazi","Est. reading time":"2 minutes"},"schema":{"@context":"https:\/\/schema.org","@graph":[{"@type":"NewsArticle","@id":"https:\/\/darkamazi.site\/archives\/1036072#article","isPartOf":{"@id":"https:\/\/darkamazi.site\/archives\/1036072"},"author":{"name":"darka mazi","@id":"https:\/\/darkamazi.site\/#\/schema\/person\/67986a95ac546c16760365877ef4a9d3"},"headline":"Baf\u0131l Talabani\u2019den tehlikeli ad\u0131m: K\u00fcrtlere kar\u015f\u0131 \u015eiilerle ayn\u0131 masada","datePublished":"2025-12-28T12:02:23+00:00","mainEntityOfPage":{"@id":"https:\/\/darkamazi.site\/archives\/1036072"},"wordCount":308,"publisher":{"@id":"https:\/\/darkamazi.site\/#organization"},"image":{"@id":"https:\/\/darkamazi.site\/archives\/1036072#primaryimage"},"thumbnailUrl":"https:\/\/darkamazi.site\/file\/2025\/12\/pavil.jpg","keywords":["\u00f6nemli"],"articleSection":["Kurdistan"],"inLanguage":"en-US"},{"@type":"WebPage","@id":"https:\/\/darkamazi.site\/archives\/1036072","url":"https:\/\/darkamazi.site\/archives\/1036072","name":"Baf\u0131l Talabani\u2019den tehlikeli ad\u0131m: K\u00fcrtlere kar\u015f\u0131 \u015eiilerle ayn\u0131 masada - Darka Mazi","isPartOf":{"@id":"https:\/\/darkamazi.site\/#website"},"primaryImageOfPage":{"@id":"https:\/\/darkamazi.site\/archives\/1036072#primaryimage"},"image":{"@id":"https:\/\/darkamazi.site\/archives\/1036072#primaryimage"},"thumbnailUrl":"https:\/\/darkamazi.site\/file\/2025\/12\/pavil.jpg","datePublished":"2025-12-28T12:02:23+00:00","breadcrumb":{"@id":"https:\/\/darkamazi.site\/archives\/1036072#breadcrumb"},"inLanguage":"en-US","potentialAction":[{"@type":"ReadAction","target":["https:\/\/darkamazi.site\/archives\/1036072"]}]},{"@type":"ImageObject","inLanguage":"en-US","@id":"https:\/\/darkamazi.site\/archives\/1036072#primaryimage","url":"https:\/\/darkamazi.site\/file\/2025\/12\/pavil.jpg","contentUrl":"https:\/\/darkamazi.site\/file\/2025\/12\/pavil.jpg","width":900,"height":500,"caption":"Baf\u0131l Talabani\u2019den tehlikeli ad\u0131m: K\u00fcrtlere kar\u015f\u0131 \u015eiilerle ayn\u0131 masada"},{"@type":"BreadcrumbList","@id":"https:\/\/darkamazi.site\/archives\/1036072#breadcrumb","itemListElement":[{"@type":"ListItem","position":1,"name":"Home","item":"https:\/\/darkamazi.site\/"},{"@type":"ListItem","position":2,"name":"Baf\u0131l Talabani\u2019den tehlikeli ad\u0131m: K\u00fcrtlere kar\u015f\u0131 \u015eiilerle ayn\u0131 masada"}]},{"@type":"WebSite","@id":"https:\/\/darkamazi.site\/#website","url":"https:\/\/darkamazi.site\/","name":"Darka Mazi","description":"Ana Sayfa","publisher":{"@id":"https:\/\/darkamazi.site\/#organization"},"potentialAction":[{"@type":"SearchAction","target":{"@type":"EntryPoint","urlTemplate":"https:\/\/darkamazi.site\/?s={search_term_string}"},"query-input":{"@type":"PropertyValueSpecification","valueRequired":true,"valueName":"search_term_string"}}],"inLanguage":"en-US"},{"@type":"Organization","@id":"https:\/\/darkamazi.site\/#organization","name":"Darka Mazi T\u00fcrk\u00e7e","alternateName":"Darka Mazi","url":"https:\/\/darkamazi.site\/","logo":{"@type":"ImageObject","inLanguage":"en-US","@id":"https:\/\/darkamazi.site\/#\/schema\/logo\/image\/","url":"https:\/\/darkamazi.site\/file\/2017\/12\/darka-mazi-logo.png","contentUrl":"https:\/\/darkamazi.site\/file\/2017\/12\/darka-mazi-logo.png","width":151,"height":75,"caption":"Darka Mazi T\u00fcrk\u00e7e"},"image":{"@id":"https:\/\/darkamazi.site\/#\/schema\/logo\/image\/"},"sameAs":["https:\/\/www.facebook.com\/DarkaMaziturkce","https:\/\/x.com\/DarkaMaziTurkce"]},{"@type":"Person","@id":"https:\/\/darkamazi.site\/#\/schema\/person\/67986a95ac546c16760365877ef4a9d3","name":"darka mazi","sameAs":["https:\/\/darkamazi.site"],"url":"https:\/\/darkamazi.site\/archives\/author\/turkish"}]}},"_links":{"self":[{"href":"https:\/\/darkamazi.site\/funavuv\/wp\/v2\/posts\/1036072","targetHints":{"allow":["GET"]}}],"collection":[{"href":"https:\/\/darkamazi.site\/funavuv\/wp\/v2\/posts"}],"about":[{"href":"https:\/\/darkamazi.site\/funavuv\/wp\/v2\/types\/post"}],"author":[{"embeddable":true,"href":"https:\/\/darkamazi.site\/funavuv\/wp\/v2\/users\/2"}],"replies":[{"embeddable":true,"href":"https:\/\/darkamazi.site\/funavuv\/wp\/v2\/comments?post=1036072"}],"version-history":[{"count":0,"href":"https:\/\/darkamazi.site\/funavuv\/wp\/v2\/posts\/1036072\/revisions"}],"wp:featuredmedia":[{"embeddable":true,"href":"https:\/\/darkamazi.site\/funavuv\/wp\/v2\/media\/1036073"}],"wp:attachment":[{"href":"https:\/\/darkamazi.site\/funavuv\/wp\/v2\/media?parent=1036072"}],"wp:term":[{"taxonomy":"category","embeddable":true,"href":"https:\/\/darkamazi.site\/funavuv\/wp\/v2\/categories?post=1036072"},{"taxonomy":"post_tag","embeddable":true,"href":"https:\/\/darkamazi.site\/funavuv\/wp\/v2\/tags?post=1036072"}],"curies":[{"name":"wp","href":"https:\/\/api.w.org\/{rel}","templated":true}]}}