{"id":1036076,"date":"2025-12-30T20:46:24","date_gmt":"2025-12-30T17:46:24","guid":{"rendered":"https:\/\/darkamazi.site\/?p=1036076"},"modified":"2025-12-30T20:49:42","modified_gmt":"2025-12-30T17:49:42","slug":"1036076","status":"publish","type":"post","link":"https:\/\/darkamazi.site\/archives\/1036076","title":{"rendered":"Ferhad Etru\u015fi Irak Parlamentosu \u0130kinci Ba\u015fkan Yard\u0131mc\u0131s\u0131 se\u00e7ildi"},"content":{"rendered":"<p style=\"text-align: justify\">Irak Parlamentosu\u2019nun 6. yasama d\u00f6nemi ilk oturumunda, Parlamento \u0130kinci Ba\u015fkan Yard\u0131mc\u0131l\u0131\u011f\u0131 koltu\u011fu i\u00e7in yap\u0131lan se\u00e7imlerin galibi KDP aday\u0131 Ferhad Etru\u015fi oldu. \u00dc\u00e7 tur s\u00fcren oylama maratonunun sonunda Etru\u015fi, salt \u00e7o\u011funlu\u011fu elde ederek g\u00f6reve getirildi.<\/p>\n<p style=\"text-align: justify\">Irak Parlamentosu\u2019nda bug\u00fcn Parlamento Ba\u015fkan\u0131 ve yard\u0131mc\u0131lar\u0131n\u0131n se\u00e7ilmesi i\u00e7in yo\u011fun bir mesai harcand\u0131.<\/p>\n<p style=\"text-align: justify\">S\u00fcnni ve \u015eii kanattaki se\u00e7imlerin ard\u0131ndan, K\u00fcrt partilerine ayr\u0131lan \u0130kinci Ba\u015fkan Yard\u0131mc\u0131l\u0131\u011f\u0131 koltu\u011fu i\u00e7in yap\u0131lan oylama \u00fc\u00e7 tura yay\u0131ld\u0131.<\/p>\n<p style=\"text-align: justify\"><strong>\u00dc\u00e7\u00fcnc\u00fc turda gelen zafer<\/strong><\/p>\n<p style=\"text-align: justify\">\u0130lk iki turda K\u00fcrdistan Demokrat Partisi\u2019nin (KDP) aday\u0131 \u015eaxewan Abdullah ile ba\u011f\u0131ms\u0131z aday Rebwar Kerim aras\u0131nda ge\u00e7en yar\u0131\u015fta hi\u00e7bir aday salt \u00e7o\u011funlu\u011fa (165 oy) ula\u015famad\u0131. YNK bu se\u00e7imde de K\u00fcrtlerin birlik olarak girmesini engellemeki i\u00e7in iki aday aras\u0131nda sorun \u00e7\u0131karmak istedi. Ve Helwest hareketinden Kerim&#8217;i destekleyerek K\u00fcrt oylar\u0131n\u0131 b\u00f6ld\u00fc. YNK&#8217;nin aday oyunana kar\u0131\u015f KDP yeni bir tedbir geli\u015ftirdi ve\u00dc\u00e7\u00fcnc\u00fc turda KDP, aday de\u011fi\u015fikli\u011fine giderek Ferhad Etru\u015fi\u2019yi aday g\u00f6sterdi.<\/p>\n<p style=\"text-align: justify\">294 milletvekilinin kat\u0131ld\u0131\u011f\u0131 \u00fc\u00e7\u00fcnc\u00fc tur oylama sonucunda Ferhad Etru\u015fi 178 oy, Rebwar Kerim ise 104 oy ald\u0131. 12 oy da ge\u00e7ersiz say\u0131ld\u0131.<\/p>\n<p style=\"text-align: justify\">Bu sonu\u00e7la 178 milletvekilinin deste\u011fini alan Ferhad Etru\u015fi, Irak Parlamentosu\u2019nun yeni \u0130kinci Ba\u015fkan Yard\u0131mc\u0131s\u0131 oldu.<\/p>\n<p style=\"text-align: justify\"><strong>Akademisyenlikten siyasete: Ferhad Etru\u015fi kimdir?<\/strong><\/p>\n<p style=\"text-align: justify\">Irak Parlamentosu\u2019nun yeni \u0130kinci Ba\u015fkan Yard\u0131mc\u0131s\u0131 se\u00e7ilen Ferhad Etru\u015fi, hem akademik hem de siyasi kariyeriyle dikkat \u00e7eken bir isim.<\/p>\n<p style=\"text-align: justify\">Etru\u015fi 1976 y\u0131l\u0131nda Duhok\u2019ta d\u00fcnyaya geldi.<\/p>\n<p style=\"text-align: justify\">Uluslararas\u0131 Hukuk alan\u0131nda Doktora (PhD) derecesine sahip.<\/p>\n<p style=\"text-align: justify\">Siyasete girmeden \u00f6nce Duhok \u00dcniversitesi\u2019nde \u00f6\u011fretim \u00fcyesi olarak g\u00f6rev yapt\u0131.<\/p>\n<p style=\"text-align: justify\">K\u00fcrdistan Demokrat Partisi (KDP) \u00fcyesi olan Etru\u015fi, 2010-2014 y\u0131llar\u0131 aras\u0131nda Irak Parlamentosu\u2019nda milletvekilli\u011fi ve Hukuk Komisyonu \u00fcyeli\u011fi yapt\u0131.<\/p>\n<p style=\"text-align: justify\">Etru\u015fi 2014-2020 y\u0131llar\u0131 aras\u0131nda Duhok Valisi olarak g\u00f6rev yapt\u0131.<\/p>\n<p style=\"text-align: justify\">Ferhad Etru\u015fi\u2019nin se\u00e7ilmesiyle birlikte, Irak Parlamentosu\u2019nun yeni d\u00f6nem ba\u015fkanl\u0131k divan\u0131 \u015fekillenmi\u015f oldu.<\/p>\n","protected":false},"excerpt":{"rendered":"<p>Irak Parlamentosu\u2019nun 6. yasama d\u00f6nemi ilk oturumunda, Parlamento \u0130kinci Ba\u015fkan Yard\u0131mc\u0131l\u0131\u011f\u0131 koltu\u011fu i\u00e7in yap\u0131lan se\u00e7imlerin galibi KDP aday\u0131 Ferhad Etru\u015fi oldu. \u00dc\u00e7 tur s\u00fcren oylama maratonunun sonunda Etru\u015fi, salt \u00e7o\u011funlu\u011fu elde ederek g\u00f6reve getirildi. Irak Parlamentosu\u2019nda bug\u00fcn Parlamento Ba\u015fkan\u0131 ve yard\u0131mc\u0131lar\u0131n\u0131n se\u00e7ilmesi i\u00e7in yo\u011fun bir mesai harcand\u0131. S\u00fcnni ve \u015eii kanattaki se\u00e7imlerin ard\u0131ndan, K\u00fcrt partilerine [&hellip;]<\/p>\n","protected":false},"author":2,"featured_media":1036077,"comment_status":"closed","ping_status":"closed","sticky":false,"template":"","format":"standard","meta":{"footnotes":""},"categories":[3],"tags":[31],"class_list":["post-1036076","post","type-post","status-publish","format-standard","has-post-thumbnail","hentry","category-kurdistan","tag-onemli"],"blocksy_meta":[],"seo_head":"<!-- This site is optimized with the Yoast SEO plugin v27.5 - https:\/\/yoast.com\/product\/yoast-seo-wordpress\/ -->\n<title>Ferhad Etru\u015fi Irak Parlamentosu \u0130kinci Ba\u015fkan Yard\u0131mc\u0131s\u0131 se\u00e7ildi - Darka Mazi<\/title>\n<meta name=\"robots\" content=\"index, follow, max-snippet:-1, max-image-preview:large, max-video-preview:-1\" \/>\n<link rel=\"canonical\" href=\"https:\/\/darkamazi.site\/archives\/1036076\" \/>\n<meta property=\"og:locale\" content=\"en_US\" \/>\n<meta property=\"og:type\" content=\"article\" \/>\n<meta property=\"og:title\" content=\"Ferhad Etru\u015fi Irak Parlamentosu \u0130kinci Ba\u015fkan Yard\u0131mc\u0131s\u0131 se\u00e7ildi - Darka Mazi\" \/>\n<meta property=\"og:description\" content=\"Irak Parlamentosu\u2019nun 6. yasama d\u00f6nemi ilk oturumunda, Parlamento \u0130kinci Ba\u015fkan Yard\u0131mc\u0131l\u0131\u011f\u0131 koltu\u011fu i\u00e7in yap\u0131lan se\u00e7imlerin galibi KDP aday\u0131 Ferhad Etru\u015fi oldu. \u00dc\u00e7 tur s\u00fcren oylama maratonunun sonunda Etru\u015fi, salt \u00e7o\u011funlu\u011fu elde ederek g\u00f6reve getirildi. Irak Parlamentosu\u2019nda bug\u00fcn Parlamento Ba\u015fkan\u0131 ve yard\u0131mc\u0131lar\u0131n\u0131n se\u00e7ilmesi i\u00e7in yo\u011fun bir mesai harcand\u0131. S\u00fcnni ve \u015eii kanattaki se\u00e7imlerin ard\u0131ndan, K\u00fcrt partilerine [&hellip;]\" \/>\n<meta property=\"og:url\" content=\"https:\/\/darkamazi.site\/archives\/1036076\" \/>\n<meta property=\"og:site_name\" content=\"Darka Mazi\" \/>\n<meta property=\"article:publisher\" content=\"https:\/\/www.facebook.com\/DarkaMaziturkce\" \/>\n<meta property=\"article:published_time\" content=\"2025-12-30T17:46:24+00:00\" \/>\n<meta property=\"article:modified_time\" content=\"2025-12-30T17:49:42+00:00\" \/>\n<meta property=\"og:image\" content=\"https:\/\/darkamazi.site\/file\/2025\/12\/Etrusi.jpg\" \/>\n\t<meta property=\"og:image:width\" content=\"900\" \/>\n\t<meta property=\"og:image:height\" content=\"497\" \/>\n\t<meta property=\"og:image:type\" content=\"image\/jpeg\" \/>\n<meta name=\"author\" content=\"darka mazi\" \/>\n<meta name=\"twitter:card\" content=\"summary_large_image\" \/>\n<meta name=\"twitter:creator\" content=\"@DarkaMaziTurkce\" \/>\n<meta name=\"twitter:site\" content=\"@DarkaMaziTurkce\" \/>\n<meta name=\"twitter:label1\" content=\"Written by\" \/>\n\t<meta name=\"twitter:data1\" content=\"darka mazi\" \/>\n\t<meta name=\"twitter:label2\" content=\"Est. reading time\" \/>\n\t<meta name=\"twitter:data2\" content=\"2 minutes\" \/>\n<script type=\"application\/ld+json\" class=\"seo-schema-graph\">{\"@context\":\"https:\\\/\\\/schema.org\",\"@graph\":[{\"@type\":\"NewsArticle\",\"@id\":\"https:\\\/\\\/darkamazi.site\\\/archives\\\/1036076#article\",\"isPartOf\":{\"@id\":\"https:\\\/\\\/darkamazi.site\\\/archives\\\/1036076\"},\"author\":{\"name\":\"darka mazi\",\"@id\":\"https:\\\/\\\/darkamazi.site\\\/#\\\/schema\\\/person\\\/67986a95ac546c16760365877ef4a9d3\"},\"headline\":\"Ferhad Etru\u015fi Irak Parlamentosu \u0130kinci Ba\u015fkan Yard\u0131mc\u0131s\u0131 se\u00e7ildi\",\"datePublished\":\"2025-12-30T17:46:24+00:00\",\"dateModified\":\"2025-12-30T17:49:42+00:00\",\"mainEntityOfPage\":{\"@id\":\"https:\\\/\\\/darkamazi.site\\\/archives\\\/1036076\"},\"wordCount\":373,\"publisher\":{\"@id\":\"https:\\\/\\\/darkamazi.site\\\/#organization\"},\"image\":{\"@id\":\"https:\\\/\\\/darkamazi.site\\\/archives\\\/1036076#primaryimage\"},\"thumbnailUrl\":\"https:\\\/\\\/darkamazi.site\\\/darka-content\\\/uploads\\\/2025\\\/12\\\/Etrusi.jpg\",\"keywords\":[\"\u00f6nemli\"],\"articleSection\":[\"Kurdistan\"],\"inLanguage\":\"en-US\"},{\"@type\":\"WebPage\",\"@id\":\"https:\\\/\\\/darkamazi.site\\\/archives\\\/1036076\",\"url\":\"https:\\\/\\\/darkamazi.site\\\/archives\\\/1036076\",\"name\":\"Ferhad Etru\u015fi Irak Parlamentosu \u0130kinci Ba\u015fkan Yard\u0131mc\u0131s\u0131 se\u00e7ildi - Darka Mazi\",\"isPartOf\":{\"@id\":\"https:\\\/\\\/darkamazi.site\\\/#website\"},\"primaryImageOfPage\":{\"@id\":\"https:\\\/\\\/darkamazi.site\\\/archives\\\/1036076#primaryimage\"},\"image\":{\"@id\":\"https:\\\/\\\/darkamazi.site\\\/archives\\\/1036076#primaryimage\"},\"thumbnailUrl\":\"https:\\\/\\\/darkamazi.site\\\/darka-content\\\/uploads\\\/2025\\\/12\\\/Etrusi.jpg\",\"datePublished\":\"2025-12-30T17:46:24+00:00\",\"dateModified\":\"2025-12-30T17:49:42+00:00\",\"breadcrumb\":{\"@id\":\"https:\\\/\\\/darkamazi.site\\\/archives\\\/1036076#breadcrumb\"},\"inLanguage\":\"en-US\",\"potentialAction\":[{\"@type\":\"ReadAction\",\"target\":[\"https:\\\/\\\/darkamazi.site\\\/archives\\\/1036076\"]}]},{\"@type\":\"ImageObject\",\"inLanguage\":\"en-US\",\"@id\":\"https:\\\/\\\/darkamazi.site\\\/archives\\\/1036076#primaryimage\",\"url\":\"https:\\\/\\\/darkamazi.site\\\/darka-content\\\/uploads\\\/2025\\\/12\\\/Etrusi.jpg\",\"contentUrl\":\"https:\\\/\\\/darkamazi.site\\\/darka-content\\\/uploads\\\/2025\\\/12\\\/Etrusi.jpg\",\"width\":900,\"height\":497,\"caption\":\"Irak Parlamentosu\u2019nun 6. yasama d\u00f6nemi ilk oturumunda, Parlamento \u0130kinci Ba\u015fkan Yard\u0131mc\u0131l\u0131\u011f\u0131 koltu\u011fu i\u00e7in yap\u0131lan se\u00e7imlerin galibi KDP aday\u0131 Ferhad Etru\u015fi oldu. \u00dc\u00e7 tur s\u00fcren oylama maratonunun sonunda Etru\u015fi, salt \u00e7o\u011funlu\u011fu elde ederek g\u00f6reve getirildi. Irak Parlamentosu\u2019nda bug\u00fcn Parlamento Ba\u015fkan\u0131 ve yard\u0131mc\u0131lar\u0131n\u0131n se\u00e7ilmesi i\u00e7in yo\u011fun bir mesai harcand\u0131. S\u00fcnni ve \u015eii kanattaki se\u00e7imlerin ard\u0131ndan, K\u00fcrt partilerine ayr\u0131lan \u0130kinci Ba\u015fkan Yard\u0131mc\u0131l\u0131\u011f\u0131 koltu\u011fu i\u00e7in yap\u0131lan oylama \u00fc\u00e7 tura yay\u0131ld\u0131. \u00dc\u00e7\u00fcnc\u00fc turda gelen zafer \u0130lk iki turda K\u00fcrdistan Demokrat Partisi\u2019nin (KDP) aday\u0131 \u015eaxewan Abdullah ile ba\u011f\u0131ms\u0131z aday Rebwar Kerim aras\u0131nda ge\u00e7en yar\u0131\u015fta hi\u00e7bir aday salt \u00e7o\u011funlu\u011fa (165 oy) ula\u015famad\u0131. \u00dc\u00e7\u00fcnc\u00fc turda KDP, aday de\u011fi\u015fikli\u011fine giderek Ferhad Etru\u015fi\u2019yi aday g\u00f6sterdi. 294 milletvekilinin kat\u0131ld\u0131\u011f\u0131 \u00fc\u00e7\u00fcnc\u00fc tur oylama sonucunda Ferhad Etru\u015fi 178 oy, Rebwar Kerim ise 104 oy ald\u0131. 12 oy da ge\u00e7ersiz say\u0131ld\u0131. Bu sonu\u00e7la 178 milletvekilinin deste\u011fini alan Ferhad Etru\u015fi, Irak Parlamentosu\u2019nun yeni \u0130kinci Ba\u015fkan Yard\u0131mc\u0131s\u0131 oldu. Akademisyenlikten siyasete: Ferhad Etru\u015fi kimdir? Irak Parlamentosu\u2019nun yeni \u0130kinci Ba\u015fkan Yard\u0131mc\u0131s\u0131 se\u00e7ilen Ferhad Etru\u015fi, hem akademik hem de siyasi kariyeriyle dikkat \u00e7eken bir isim. Etru\u015fi 1976 y\u0131l\u0131nda Duhok\u2019ta d\u00fcnyaya geldi. Uluslararas\u0131 Hukuk alan\u0131nda Doktora (PhD) derecesine sahip. Siyasete girmeden \u00f6nce Duhok \u00dcniversitesi\u2019nde \u00f6\u011fretim \u00fcyesi olarak g\u00f6rev yapt\u0131. K\u00fcrdistan Demokrat Partisi (KDP) \u00fcyesi olan Etru\u015fi, 2010-2014 y\u0131llar\u0131 aras\u0131nda Irak Parlamentosu\u2019nda milletvekilli\u011fi ve Hukuk Komisyonu \u00fcyeli\u011fi yapt\u0131. Etru\u015fi 2014-2020 y\u0131llar\u0131 aras\u0131nda Duhok Valisi olarak g\u00f6rev yapt\u0131. Ferhad Etru\u015fi\u2019nin se\u00e7ilmesiyle birlikte, Irak Parlamentosu\u2019nun yeni d\u00f6nem ba\u015fkanl\u0131k divan\u0131 \u015fekillenmi\u015f oldu.\"},{\"@type\":\"BreadcrumbList\",\"@id\":\"https:\\\/\\\/darkamazi.site\\\/archives\\\/1036076#breadcrumb\",\"itemListElement\":[{\"@type\":\"ListItem\",\"position\":1,\"name\":\"Home\",\"item\":\"https:\\\/\\\/darkamazi.site\\\/\"},{\"@type\":\"ListItem\",\"position\":2,\"name\":\"Ferhad Etru\u015fi Irak Parlamentosu \u0130kinci Ba\u015fkan Yard\u0131mc\u0131s\u0131 se\u00e7ildi\"}]},{\"@type\":\"WebSite\",\"@id\":\"https:\\\/\\\/darkamazi.site\\\/#website\",\"url\":\"https:\\\/\\\/darkamazi.site\\\/\",\"name\":\"Darka Mazi\",\"description\":\"Ana Sayfa\",\"publisher\":{\"@id\":\"https:\\\/\\\/darkamazi.site\\\/#organization\"},\"potentialAction\":[{\"@type\":\"SearchAction\",\"target\":{\"@type\":\"EntryPoint\",\"urlTemplate\":\"https:\\\/\\\/darkamazi.site\\\/?s={search_term_string}\"},\"query-input\":{\"@type\":\"PropertyValueSpecification\",\"valueRequired\":true,\"valueName\":\"search_term_string\"}}],\"inLanguage\":\"en-US\"},{\"@type\":\"Organization\",\"@id\":\"https:\\\/\\\/darkamazi.site\\\/#organization\",\"name\":\"Darka Mazi T\u00fcrk\u00e7e\",\"alternateName\":\"Darka Mazi\",\"url\":\"https:\\\/\\\/darkamazi.site\\\/\",\"logo\":{\"@type\":\"ImageObject\",\"inLanguage\":\"en-US\",\"@id\":\"https:\\\/\\\/darkamazi.site\\\/#\\\/schema\\\/logo\\\/image\\\/\",\"url\":\"https:\\\/\\\/darkamazi.site\\\/darka-content\\\/uploads\\\/2017\\\/12\\\/darka-mazi-logo.png\",\"contentUrl\":\"https:\\\/\\\/darkamazi.site\\\/darka-content\\\/uploads\\\/2017\\\/12\\\/darka-mazi-logo.png\",\"width\":151,\"height\":75,\"caption\":\"Darka Mazi T\u00fcrk\u00e7e\"},\"image\":{\"@id\":\"https:\\\/\\\/darkamazi.site\\\/#\\\/schema\\\/logo\\\/image\\\/\"},\"sameAs\":[\"https:\\\/\\\/www.facebook.com\\\/DarkaMaziturkce\",\"https:\\\/\\\/x.com\\\/DarkaMaziTurkce\"]},{\"@type\":\"Person\",\"@id\":\"https:\\\/\\\/darkamazi.site\\\/#\\\/schema\\\/person\\\/67986a95ac546c16760365877ef4a9d3\",\"name\":\"darka mazi\",\"sameAs\":[\"https:\\\/\\\/darkamazi.site\"],\"url\":\"https:\\\/\\\/darkamazi.site\\\/archives\\\/author\\\/turkish\"}]}<\/script>\n<!-- \/ Yoast SEO plugin. -->","seo_head_json":{"title":"Ferhad Etru\u015fi Irak Parlamentosu \u0130kinci Ba\u015fkan Yard\u0131mc\u0131s\u0131 se\u00e7ildi - Darka Mazi","robots":{"index":"index","follow":"follow","max-snippet":"max-snippet:-1","max-image-preview":"max-image-preview:large","max-video-preview":"max-video-preview:-1"},"canonical":"https:\/\/darkamazi.site\/archives\/1036076","og_locale":"en_US","og_type":"article","og_title":"Ferhad Etru\u015fi Irak Parlamentosu \u0130kinci Ba\u015fkan Yard\u0131mc\u0131s\u0131 se\u00e7ildi - Darka Mazi","og_description":"Irak Parlamentosu\u2019nun 6. yasama d\u00f6nemi ilk oturumunda, Parlamento \u0130kinci Ba\u015fkan Yard\u0131mc\u0131l\u0131\u011f\u0131 koltu\u011fu i\u00e7in yap\u0131lan se\u00e7imlerin galibi KDP aday\u0131 Ferhad Etru\u015fi oldu. \u00dc\u00e7 tur s\u00fcren oylama maratonunun sonunda Etru\u015fi, salt \u00e7o\u011funlu\u011fu elde ederek g\u00f6reve getirildi. Irak Parlamentosu\u2019nda bug\u00fcn Parlamento Ba\u015fkan\u0131 ve yard\u0131mc\u0131lar\u0131n\u0131n se\u00e7ilmesi i\u00e7in yo\u011fun bir mesai harcand\u0131. S\u00fcnni ve \u015eii kanattaki se\u00e7imlerin ard\u0131ndan, K\u00fcrt partilerine [&hellip;]","og_url":"https:\/\/darkamazi.site\/archives\/1036076","og_site_name":"Darka Mazi","article_publisher":"https:\/\/www.facebook.com\/DarkaMaziturkce","article_published_time":"2025-12-30T17:46:24+00:00","article_modified_time":"2025-12-30T17:49:42+00:00","og_image":[{"width":900,"height":497,"url":"https:\/\/darkamazi.site\/file\/2025\/12\/Etrusi.jpg","type":"image\/jpeg"}],"author":"darka mazi","twitter_card":"summary_large_image","twitter_creator":"@DarkaMaziTurkce","twitter_site":"@DarkaMaziTurkce","twitter_misc":{"Written by":"darka mazi","Est. reading time":"2 minutes"},"schema":{"@context":"https:\/\/schema.org","@graph":[{"@type":"NewsArticle","@id":"https:\/\/darkamazi.site\/archives\/1036076#article","isPartOf":{"@id":"https:\/\/darkamazi.site\/archives\/1036076"},"author":{"name":"darka mazi","@id":"https:\/\/darkamazi.site\/#\/schema\/person\/67986a95ac546c16760365877ef4a9d3"},"headline":"Ferhad Etru\u015fi Irak Parlamentosu \u0130kinci Ba\u015fkan Yard\u0131mc\u0131s\u0131 se\u00e7ildi","datePublished":"2025-12-30T17:46:24+00:00","dateModified":"2025-12-30T17:49:42+00:00","mainEntityOfPage":{"@id":"https:\/\/darkamazi.site\/archives\/1036076"},"wordCount":373,"publisher":{"@id":"https:\/\/darkamazi.site\/#organization"},"image":{"@id":"https:\/\/darkamazi.site\/archives\/1036076#primaryimage"},"thumbnailUrl":"https:\/\/darkamazi.site\/file\/2025\/12\/Etrusi.jpg","keywords":["\u00f6nemli"],"articleSection":["Kurdistan"],"inLanguage":"en-US"},{"@type":"WebPage","@id":"https:\/\/darkamazi.site\/archives\/1036076","url":"https:\/\/darkamazi.site\/archives\/1036076","name":"Ferhad Etru\u015fi Irak Parlamentosu \u0130kinci Ba\u015fkan Yard\u0131mc\u0131s\u0131 se\u00e7ildi - Darka Mazi","isPartOf":{"@id":"https:\/\/darkamazi.site\/#website"},"primaryImageOfPage":{"@id":"https:\/\/darkamazi.site\/archives\/1036076#primaryimage"},"image":{"@id":"https:\/\/darkamazi.site\/archives\/1036076#primaryimage"},"thumbnailUrl":"https:\/\/darkamazi.site\/file\/2025\/12\/Etrusi.jpg","datePublished":"2025-12-30T17:46:24+00:00","dateModified":"2025-12-30T17:49:42+00:00","breadcrumb":{"@id":"https:\/\/darkamazi.site\/archives\/1036076#breadcrumb"},"inLanguage":"en-US","potentialAction":[{"@type":"ReadAction","target":["https:\/\/darkamazi.site\/archives\/1036076"]}]},{"@type":"ImageObject","inLanguage":"en-US","@id":"https:\/\/darkamazi.site\/archives\/1036076#primaryimage","url":"https:\/\/darkamazi.site\/file\/2025\/12\/Etrusi.jpg","contentUrl":"https:\/\/darkamazi.site\/file\/2025\/12\/Etrusi.jpg","width":900,"height":497,"caption":"Irak Parlamentosu\u2019nun 6. yasama d\u00f6nemi ilk oturumunda, Parlamento \u0130kinci Ba\u015fkan Yard\u0131mc\u0131l\u0131\u011f\u0131 koltu\u011fu i\u00e7in yap\u0131lan se\u00e7imlerin galibi KDP aday\u0131 Ferhad Etru\u015fi oldu. \u00dc\u00e7 tur s\u00fcren oylama maratonunun sonunda Etru\u015fi, salt \u00e7o\u011funlu\u011fu elde ederek g\u00f6reve getirildi. Irak Parlamentosu\u2019nda bug\u00fcn Parlamento Ba\u015fkan\u0131 ve yard\u0131mc\u0131lar\u0131n\u0131n se\u00e7ilmesi i\u00e7in yo\u011fun bir mesai harcand\u0131. S\u00fcnni ve \u015eii kanattaki se\u00e7imlerin ard\u0131ndan, K\u00fcrt partilerine ayr\u0131lan \u0130kinci Ba\u015fkan Yard\u0131mc\u0131l\u0131\u011f\u0131 koltu\u011fu i\u00e7in yap\u0131lan oylama \u00fc\u00e7 tura yay\u0131ld\u0131. \u00dc\u00e7\u00fcnc\u00fc turda gelen zafer \u0130lk iki turda K\u00fcrdistan Demokrat Partisi\u2019nin (KDP) aday\u0131 \u015eaxewan Abdullah ile ba\u011f\u0131ms\u0131z aday Rebwar Kerim aras\u0131nda ge\u00e7en yar\u0131\u015fta hi\u00e7bir aday salt \u00e7o\u011funlu\u011fa (165 oy) ula\u015famad\u0131. \u00dc\u00e7\u00fcnc\u00fc turda KDP, aday de\u011fi\u015fikli\u011fine giderek Ferhad Etru\u015fi\u2019yi aday g\u00f6sterdi. 294 milletvekilinin kat\u0131ld\u0131\u011f\u0131 \u00fc\u00e7\u00fcnc\u00fc tur oylama sonucunda Ferhad Etru\u015fi 178 oy, Rebwar Kerim ise 104 oy ald\u0131. 12 oy da ge\u00e7ersiz say\u0131ld\u0131. Bu sonu\u00e7la 178 milletvekilinin deste\u011fini alan Ferhad Etru\u015fi, Irak Parlamentosu\u2019nun yeni \u0130kinci Ba\u015fkan Yard\u0131mc\u0131s\u0131 oldu. Akademisyenlikten siyasete: Ferhad Etru\u015fi kimdir? Irak Parlamentosu\u2019nun yeni \u0130kinci Ba\u015fkan Yard\u0131mc\u0131s\u0131 se\u00e7ilen Ferhad Etru\u015fi, hem akademik hem de siyasi kariyeriyle dikkat \u00e7eken bir isim. Etru\u015fi 1976 y\u0131l\u0131nda Duhok\u2019ta d\u00fcnyaya geldi. Uluslararas\u0131 Hukuk alan\u0131nda Doktora (PhD) derecesine sahip. Siyasete girmeden \u00f6nce Duhok \u00dcniversitesi\u2019nde \u00f6\u011fretim \u00fcyesi olarak g\u00f6rev yapt\u0131. K\u00fcrdistan Demokrat Partisi (KDP) \u00fcyesi olan Etru\u015fi, 2010-2014 y\u0131llar\u0131 aras\u0131nda Irak Parlamentosu\u2019nda milletvekilli\u011fi ve Hukuk Komisyonu \u00fcyeli\u011fi yapt\u0131. Etru\u015fi 2014-2020 y\u0131llar\u0131 aras\u0131nda Duhok Valisi olarak g\u00f6rev yapt\u0131. Ferhad Etru\u015fi\u2019nin se\u00e7ilmesiyle birlikte, Irak Parlamentosu\u2019nun yeni d\u00f6nem ba\u015fkanl\u0131k divan\u0131 \u015fekillenmi\u015f oldu."},{"@type":"BreadcrumbList","@id":"https:\/\/darkamazi.site\/archives\/1036076#breadcrumb","itemListElement":[{"@type":"ListItem","position":1,"name":"Home","item":"https:\/\/darkamazi.site\/"},{"@type":"ListItem","position":2,"name":"Ferhad Etru\u015fi Irak Parlamentosu \u0130kinci Ba\u015fkan Yard\u0131mc\u0131s\u0131 se\u00e7ildi"}]},{"@type":"WebSite","@id":"https:\/\/darkamazi.site\/#website","url":"https:\/\/darkamazi.site\/","name":"Darka Mazi","description":"Ana Sayfa","publisher":{"@id":"https:\/\/darkamazi.site\/#organization"},"potentialAction":[{"@type":"SearchAction","target":{"@type":"EntryPoint","urlTemplate":"https:\/\/darkamazi.site\/?s={search_term_string}"},"query-input":{"@type":"PropertyValueSpecification","valueRequired":true,"valueName":"search_term_string"}}],"inLanguage":"en-US"},{"@type":"Organization","@id":"https:\/\/darkamazi.site\/#organization","name":"Darka Mazi T\u00fcrk\u00e7e","alternateName":"Darka Mazi","url":"https:\/\/darkamazi.site\/","logo":{"@type":"ImageObject","inLanguage":"en-US","@id":"https:\/\/darkamazi.site\/#\/schema\/logo\/image\/","url":"https:\/\/darkamazi.site\/file\/2017\/12\/darka-mazi-logo.png","contentUrl":"https:\/\/darkamazi.site\/file\/2017\/12\/darka-mazi-logo.png","width":151,"height":75,"caption":"Darka Mazi T\u00fcrk\u00e7e"},"image":{"@id":"https:\/\/darkamazi.site\/#\/schema\/logo\/image\/"},"sameAs":["https:\/\/www.facebook.com\/DarkaMaziturkce","https:\/\/x.com\/DarkaMaziTurkce"]},{"@type":"Person","@id":"https:\/\/darkamazi.site\/#\/schema\/person\/67986a95ac546c16760365877ef4a9d3","name":"darka mazi","sameAs":["https:\/\/darkamazi.site"],"url":"https:\/\/darkamazi.site\/archives\/author\/turkish"}]}},"_links":{"self":[{"href":"https:\/\/darkamazi.site\/funavuv\/wp\/v2\/posts\/1036076","targetHints":{"allow":["GET"]}}],"collection":[{"href":"https:\/\/darkamazi.site\/funavuv\/wp\/v2\/posts"}],"about":[{"href":"https:\/\/darkamazi.site\/funavuv\/wp\/v2\/types\/post"}],"author":[{"embeddable":true,"href":"https:\/\/darkamazi.site\/funavuv\/wp\/v2\/users\/2"}],"replies":[{"embeddable":true,"href":"https:\/\/darkamazi.site\/funavuv\/wp\/v2\/comments?post=1036076"}],"version-history":[{"count":0,"href":"https:\/\/darkamazi.site\/funavuv\/wp\/v2\/posts\/1036076\/revisions"}],"wp:featuredmedia":[{"embeddable":true,"href":"https:\/\/darkamazi.site\/funavuv\/wp\/v2\/media\/1036077"}],"wp:attachment":[{"href":"https:\/\/darkamazi.site\/funavuv\/wp\/v2\/media?parent=1036076"}],"wp:term":[{"taxonomy":"category","embeddable":true,"href":"https:\/\/darkamazi.site\/funavuv\/wp\/v2\/categories?post=1036076"},{"taxonomy":"post_tag","embeddable":true,"href":"https:\/\/darkamazi.site\/funavuv\/wp\/v2\/tags?post=1036076"}],"curies":[{"name":"wp","href":"https:\/\/api.w.org\/{rel}","templated":true}]}}